{"id":55389,"date":"2026-03-08T22:10:45","date_gmt":"2026-03-08T21:10:45","guid":{"rendered":"https:\/\/www.aquimicasa.net\/blog\/?p=55389"},"modified":"2026-03-08T22:10:45","modified_gmt":"2026-03-08T21:10:45","slug":"el-gobierno-vasco-construira-vivienda-con-la-tecnica-levante","status":"publish","type":"post","link":"https:\/\/www.aquimicasa.net\/blog\/vivienda\/alquileres\/el-gobierno-vasco-construira-vivienda-con-la-tecnica-levante\/","title":{"rendered":"El Gobierno Vasco construir\u00e1 vivienda con la t\u00e9cnica levante"},"content":{"rendered":"<div class=\"fusion-fullwidth fullwidth-box fusion-builder-row-1 fusion-flex-container nonhundred-percent-fullwidth non-hundred-percent-height-scrolling\" style=\"background-color: rgba(255,255,255,0);background-position: center center;background-repeat: no-repeat;border-width: 0px 0px 0px 0px;border-color:#eae9e9;border-style:solid;\" ><div class=\"fusion-builder-row fusion-row fusion-flex-align-items-flex-start\" style=\"max-width:1144px;margin-left: calc(-4% \/ 2 );margin-right: calc(-4% \/ 2 );\"><div class=\"fusion-layout-column fusion_builder_column fusion-builder-column-0 fusion_builder_column_1_1 1_1 fusion-flex-column\"><div class=\"fusion-column-wrapper fusion-flex-justify-content-flex-start fusion-content-layout-column\" style=\"background-position:left top;background-repeat:no-repeat;-webkit-background-size:cover;-moz-background-size:cover;-o-background-size:cover;background-size:cover;padding: 0px 0px 0px 0px;\"><div class=\"fusion-text fusion-text-1\"><div data-sfc-cp=\"\" data-sfc-cb=\"\" data-hveid=\"CAEQAA\" data-processed=\"true\">\n<p data-start=\"78\" data-end=\"771\">La escasez de vivienda se ha convertido en uno de los principales problemas estructurales del mercado inmobiliario espa\u00f1ol. La falta de suelo disponible en muchas ciudades, los largos procesos urban\u00edsticos y el descenso de la producci\u00f3n residencial durante los \u00faltimos a\u00f1os han generado un d\u00e9ficit que se acumula ejercicio tras ejercicio. Ante este escenario, las administraciones empiezan a explorar soluciones alternativas para aumentar el parque residencial sin necesidad de consumir nuevo suelo. Una de ellas es la conocida <strong data-start=\"606\" data-end=\"629\">t\u00e9cnica del levante<\/strong>, que consiste en <strong data-start=\"647\" data-end=\"706\">edificar nuevas viviendas sobre edificios ya existentes<\/strong>, aprovechando cubiertas y estructuras previamente construidas.<\/p>\n<p data-start=\"773\" data-end=\"1224\">En esta l\u00ednea se sit\u00faa la estrategia presentada por el Gobierno Vasco, que ha anunciado una serie de proyectos piloto para crear nuevos apartamentos dotacionales sobre edificios p\u00fablicos ya construidos. Se trata de una iniciativa que busca <strong data-start=\"1013\" data-end=\"1157\">aumentar el parque p\u00fablico de alquiler, densificar de forma inteligente la ciudad ya construida y responder al creciente d\u00e9ficit de vivienda<\/strong>, especialmente para colectivos con mayores dificultades de acceso.<\/p>\n<h2 data-section-id=\"atsu4u\" data-start=\"1226\" data-end=\"1333\"><strong>El Gobierno Vasco ha presentado seis anteproyectos para la construcci\u00f3n de 189 apartamentos dotacionales<\/strong><\/h2>\n<p data-start=\"1335\" data-end=\"1748\">El Ejecutivo auton\u00f3mico ha dado a conocer <strong data-start=\"1377\" data-end=\"1471\">seis anteproyectos para la construcci\u00f3n de 189 apartamentos dotacionales mediante levantes<\/strong> sobre edificios de titularidad p\u00fablica situados en distintos municipios vascos. Las intervenciones se localizan en <strong data-start=\"1587\" data-end=\"1641\">Bilbao, Leioa, Vitoria-Gasteiz, Arrasate y Mutriku<\/strong>, donde se a\u00f1adir\u00e1n nuevas plantas sobre promociones existentes del parque p\u00fablico de vivienda protegida.<\/p>\n<p data-start=\"1750\" data-end=\"2073\">La iniciativa fue presentada por el consejero de Vivienda y Agenda Urbana, <strong data-start=\"1825\" data-end=\"1841\">Denis Itxaso<\/strong>, durante la jornada titulada <em data-start=\"1871\" data-end=\"1946\">La joven arquitectura vasca ante el reto de recrecer la ciudad construida<\/em>, celebrada en Bilbao y centrada en analizar nuevas f\u00f3rmulas para ampliar el parque residencial sin consumir suelo adicional.<\/p>\n<p data-start=\"2075\" data-end=\"2488\">Los proyectos han sido dise\u00f1ados por varios estudios de arquitectura galardonados en el <strong data-start=\"2163\" data-end=\"2218\">Premio Pe\u00f1a Ganchegui a la Joven Arquitectura Vasca<\/strong>, lo que refuerza la dimensi\u00f3n experimental e innovadora de la iniciativa. El objetivo no es \u00fanicamente construir nuevas viviendas, sino <strong data-start=\"2355\" data-end=\"2487\">explorar soluciones arquitect\u00f3nicas y constructivas replicables que permitan aumentar la oferta residencial p\u00fablica en el futuro<\/strong>.<\/p>\n<p data-start=\"2490\" data-end=\"2828\">En la mayor\u00eda de los casos, los levantes se proyectan mediante <strong data-start=\"2553\" data-end=\"2586\">estructuras ligeras de madera<\/strong>, una soluci\u00f3n t\u00e9cnica que reduce el peso a\u00f1adido sobre los edificios existentes y facilita la ejecuci\u00f3n de las obras. Este tipo de sistemas constructivos industrializados tambi\u00e9n permite acortar plazos de obra y reducir el impacto ambiental.<\/p>\n<h2 data-section-id=\"1k3kzcl\" data-start=\"2830\" data-end=\"2884\"><strong>El papel de la arquitectura como herramienta social<\/strong><\/h2>\n<p data-start=\"2886\" data-end=\"3084\">Durante la presentaci\u00f3n de los proyectos, Denis Itxaso insisti\u00f3 en que el problema de la vivienda exige soluciones innovadoras que vayan m\u00e1s all\u00e1 de los modelos tradicionales de desarrollo urbano.<\/p>\n<p data-start=\"3086\" data-end=\"3412\"><strong data-start=\"3086\" data-end=\"3388\">\u201cAfrontar este desaf\u00edo exige una mirada innovadora. Debemos mirar m\u00e1s all\u00e1 de lo convencional, explorar nuevas v\u00edas, innovar en los procesos edificatorios y en los marcos normativos. No basta con construir m\u00e1s; es necesario construir mejor, gestionar mejor y aprovechar mejor lo que ya tenemos\u201d<\/strong>, afirm\u00f3 el consejero.<\/p>\n<p data-start=\"3414\" data-end=\"3629\">Sus palabras ponen de relieve una idea cada vez m\u00e1s presente en el debate urban\u00edstico europeo: <strong data-start=\"3509\" data-end=\"3626\">la ciudad construida todav\u00eda tiene margen para crecer si se utilizan de forma inteligente los recursos existentes<\/strong>.<\/p>\n<p data-start=\"3631\" data-end=\"3893\">En este contexto, el levante de edificios se presenta como una alternativa que <strong data-start=\"3710\" data-end=\"3777\">permite aumentar la densidad residencial sin ocupar nuevo suelo<\/strong>, evitando al mismo tiempo procesos urban\u00edsticos complejos o la expansi\u00f3n de las ciudades hacia \u00e1reas perif\u00e9ricas.<\/p>\n<p data-start=\"3895\" data-end=\"4255\">Para Itxaso, la arquitectura debe desempe\u00f1ar un papel activo en la resoluci\u00f3n de los problemas sociales, entre ellos el acceso a la vivienda. En este sentido, defendi\u00f3 que <strong data-start=\"4067\" data-end=\"4254\">la arquitectura puede reorganizar el espacio urbano, optimizar recursos existentes y generar nuevas tipolog\u00edas residenciales all\u00ed donde las f\u00f3rmulas tradicionales muestran sus l\u00edmites<\/strong>.<\/p>\n<h2 data-section-id=\"rwydyz\" data-start=\"4257\" data-end=\"4300\"><strong>Entregas de vivienda para el 2029 o 2030<\/strong><\/h2>\n<p data-start=\"4302\" data-end=\"4469\">Aunque los proyectos ya cuentan con anteproyectos definidos, el calendario administrativo todav\u00eda deber\u00e1 superar varias fases antes de que las obras puedan comenzar.<\/p>\n<p data-start=\"4471\" data-end=\"4743\">El Departamento de Vivienda prev\u00e9 que durante 2026 se tramiten los <strong data-start=\"4538\" data-end=\"4579\">estudios de detalle en cada municipio<\/strong>, un paso necesario para adaptar las intervenciones a la normativa urban\u00edstica local. Posteriormente, en 2027 se licitar\u00e1n los proyectos de ejecuci\u00f3n y las obras.<\/p>\n<p data-start=\"4745\" data-end=\"5008\">Si los plazos administrativos se desarrollan seg\u00fan lo previsto, <strong data-start=\"4809\" data-end=\"4857\">las primeras obras podr\u00edan iniciarse en 2028<\/strong>. Teniendo en cuenta que el plazo estimado de construcci\u00f3n ronda los 18 meses, <strong data-start=\"4936\" data-end=\"5005\">las primeras entregas de viviendas se situar\u00edan entre 2029 y 2030<\/strong>.<\/p>\n<p data-start=\"5010\" data-end=\"5253\"><strong data-start=\"5010\" data-end=\"5097\">\u201cNuestro horizonte realista sit\u00faa las primeras entregas en torno a 2029 o 2030\u201d<\/strong>, reconoci\u00f3 el consejero vasco, subrayando la necesidad de coordinar la actuaci\u00f3n entre administraciones y garantizar el rigor t\u00e9cnico de cada intervenci\u00f3n.<\/p>\n<h2 data-section-id=\"5ct7i7\" data-start=\"5255\" data-end=\"5287\"><strong>Los seis proyectos al detalle<\/strong><\/h2>\n<p data-start=\"5289\" data-end=\"5524\">Los seis anteproyectos presentados suman <strong data-start=\"5330\" data-end=\"5363\">189 alojamientos dotacionales<\/strong>, distribuidos entre los distintos municipios en funci\u00f3n de la capacidad estructural de los edificios seleccionados y de los estudios de viabilidad realizados.<\/p>\n<p data-start=\"5526\" data-end=\"5788\">En <strong data-start=\"5529\" data-end=\"5548\">Vitoria-Gasteiz<\/strong> se desarrollar\u00e1n dos de las actuaciones m\u00e1s importantes, ambas situadas en el barrio de Zabalgana. Entre los dos edificios seleccionados se prev\u00e9 habilitar <strong data-start=\"5705\" data-end=\"5731\">82 nuevos apartamentos<\/strong>, con una superficie media de unos 44 metros cuadrados.<\/p>\n<p data-start=\"5790\" data-end=\"6021\">En <strong data-start=\"5793\" data-end=\"5803\">Bilbao<\/strong>, concretamente en el barrio de Miribilla, se proyecta la incorporaci\u00f3n de nuevas plantas sobre dos edificios construidos en 2008, lo que permitir\u00e1 crear <strong data-start=\"5957\" data-end=\"5988\">28 alojamientos adicionales<\/strong> destinados a unas 40 personas.<\/p>\n<p data-start=\"6023\" data-end=\"6153\">El municipio de <strong data-start=\"6039\" data-end=\"6048\">Leioa<\/strong> contar\u00e1 con <strong data-start=\"6061\" data-end=\"6100\">34 nuevos apartamentos dotacionales<\/strong>, dise\u00f1ados sobre una promoci\u00f3n construida en 2019.<\/p>\n<p data-start=\"6155\" data-end=\"6452\">Por su parte, en <strong data-start=\"6172\" data-end=\"6184\">Arrasate<\/strong> se a\u00f1adir\u00e1n <strong data-start=\"6197\" data-end=\"6225\">22 viviendas adicionales<\/strong> sobre un edificio p\u00fablico reciente, mientras que en <strong data-start=\"6278\" data-end=\"6289\">Mutriku<\/strong>, en una promoci\u00f3n situada en las calles Hirigibel y Lehendakari Aguirre, se ejecutar\u00e1 un levante de una sola planta que permitir\u00e1 crear <strong data-start=\"6426\" data-end=\"6449\">23 alojamientos m\u00e1s<\/strong>.<\/p>\n<p data-start=\"6454\" data-end=\"6589\">En conjunto, estas actuaciones permitir\u00e1n dar alojamiento a <strong data-start=\"6514\" data-end=\"6537\">m\u00e1s de 400 personas<\/strong>, principalmente j\u00f3venes en proceso de emancipaci\u00f3n.<\/p>\n<h2 data-section-id=\"1brn19l\" data-start=\"6591\" data-end=\"6645\"><strong>El primer paso para una estrategia de mayor alcance<\/strong><\/h2>\n<p data-start=\"6647\" data-end=\"6950\">M\u00e1s all\u00e1 de los seis proyectos piloto, el Gobierno Vasco considera esta iniciativa como <strong data-start=\"6735\" data-end=\"6788\">el primer paso de una estrategia mucho m\u00e1s amplia<\/strong>. El objetivo del Departamento de Vivienda es <strong data-start=\"6834\" data-end=\"6947\">triplicar el actual parque de apartamentos dotacionales mediante levantes sobre edificios p\u00fablicos existentes<\/strong>.<\/p>\n<p data-start=\"6952\" data-end=\"7217\">Seg\u00fan los c\u00e1lculos del Ejecutivo auton\u00f3mico, esta pol\u00edtica permitir\u00eda actuar sobre <strong data-start=\"7035\" data-end=\"7066\">hasta 65 edificios p\u00fablicos<\/strong>, generando aproximadamente <strong data-start=\"7094\" data-end=\"7123\">2.000 nuevos alojamientos<\/strong> que se sumar\u00edan a los <strong data-start=\"7146\" data-end=\"7214\">992 ya en funcionamiento y a los 255 actualmente en construcci\u00f3n<\/strong>.<\/p>\n<p data-start=\"7219\" data-end=\"7450\"><strong data-start=\"7219\" data-end=\"7401\">\u201cNo estamos ante ejercicios te\u00f3ricos, sino ante propuestas viables, cuantificables y replicables que pueden suponer un punto de inflexi\u00f3n en la ampliaci\u00f3n del parque p\u00fablico\u201d<\/strong>, destac\u00f3 Denis Itxaso durante la presentaci\u00f3n.<\/p>\n<p data-start=\"7452\" data-end=\"7731\">La estrategia se enmarca dentro de una pol\u00edtica m\u00e1s amplia para reforzar la oferta de vivienda asequible en Euskadi, que incluye tambi\u00e9n la movilizaci\u00f3n de vivienda vac\u00eda, la conversi\u00f3n de locales en viviendas y la colaboraci\u00f3n p\u00fablico-privada para promover nuevas promociones.<\/p>\n<p data-start=\"7733\" data-end=\"8066\">En un mercado inmobiliario marcado por el d\u00e9ficit de oferta y la presi\u00f3n sobre los precios, <strong data-start=\"7825\" data-end=\"7974\">la t\u00e9cnica del levante podr\u00eda convertirse en una herramienta interesante para ampliar el parque residencial sin necesidad de consumir nuevo suelo<\/strong>, una cuesti\u00f3n cada vez m\u00e1s relevante en ciudades donde el espacio disponible es limitado.<\/p>\n<p data-start=\"8068\" data-end=\"8408\" data-is-last-node=\"\" data-is-only-node=\"\">Si los proyectos piloto cumplen las expectativas, Euskadi podr\u00eda convertirse en <strong data-start=\"8148\" data-end=\"8252\">uno de los primeros territorios en aplicar de forma sistem\u00e1tica este tipo de soluciones urban\u00edsticas<\/strong>, abriendo una v\u00eda que otras comunidades aut\u00f3nomas podr\u00edan seguir en los pr\u00f3ximos a\u00f1os para aliviar la crisis de vivienda que afecta a buena parte del pa\u00eds.<\/p>\n<\/div>\n<\/div><\/div><style type=\"text\/css\">.fusion-body .fusion-builder-column-0{width:100% !important;margin-top : 0px;margin-bottom : 0px;}.fusion-builder-column-0 > .fusion-column-wrapper {padding-top : 0px !important;padding-right : 0px !important;margin-right : 1.92%;padding-bottom : 0px !important;padding-left : 0px !important;margin-left : 1.92%;}@media only screen and (max-width:1024px) {.fusion-body .fusion-builder-column-0{width:100% !important;}.fusion-builder-column-0 > .fusion-column-wrapper {margin-right : 1.92%;margin-left : 1.92%;}}@media only screen and (max-width:640px) {.fusion-body .fusion-builder-column-0{width:100% !important;}.fusion-builder-column-0 > .fusion-column-wrapper {margin-right : 1.92%;margin-left : 1.92%;}}<\/style><\/div><\/div><style type=\"text\/css\">.fusion-body .fusion-flex-container.fusion-builder-row-1{ padding-top : 0px;margin-top : 0px;padding-right : 0px;padding-bottom : 0px;margin-bottom : 0px;padding-left : 0px;}<\/style><\/div>\n","protected":false},"excerpt":{"rendered":"<p>Si los plazos administrativos se desarrollan seg\u00fan lo previsto, las primeras obras podr\u00edan iniciarse en 2028. Teniendo en cuenta que el plazo estimado de construcci\u00f3n ronda los 18 meses, las primeras entregas de viviendas se situar\u00edan entre 2029 y 2030.<\/p>\n","protected":false},"author":3,"featured_media":55391,"comment_status":"closed","ping_status":"closed","sticky":false,"template":"","format":"standard","meta":{"_jetpack_memberships_contains_paid_content":false,"footnotes":"","jetpack_publicize_message":"","jetpack_publicize_feature_enabled":true,"jetpack_social_post_already_shared":true,"jetpack_social_options":{"image_generator_settings":{"template":"highway","default_image_id":0,"font":"","enabled":false},"version":2}},"categories":[120],"tags":[8285],"class_list":["post-55389","post","type-post","status-publish","format-standard","has-post-thumbnail","hentry","category-alquileres","tag-newsletter-556"],"yoast_head":"<!-- This site is optimized with the Yoast SEO plugin v27.5 - https:\/\/yoast.com\/product\/yoast-seo-wordpress\/ -->\n<title>El Gobierno Vasco construir\u00e1 vivienda con la t\u00e9cnica levante<\/title>\n<meta name=\"description\" content=\"El levante de edificios se presenta como una alternativa que permite aumentar la densidad residencial sin ocupar nuevo suelo\" \/>\n<meta name=\"robots\" content=\"index, follow, max-snippet:-1, max-image-preview:large, max-video-preview:-1\" \/>\n<link rel=\"canonical\" href=\"https:\/\/www.aquimicasa.net\/blog\/vivienda\/alquileres\/el-gobierno-vasco-construira-vivienda-con-la-tecnica-levante\/\" \/>\n<meta property=\"og:locale\" content=\"es_ES\" \/>\n<meta property=\"og:type\" content=\"article\" \/>\n<meta property=\"og:title\" content=\"El Gobierno Vasco construir\u00e1 vivienda con la t\u00e9cnica levante\" \/>\n<meta property=\"og:description\" content=\"El levante de edificios se presenta como una alternativa que permite aumentar la densidad residencial sin ocupar nuevo suelo\" \/>\n<meta property=\"og:url\" content=\"https:\/\/www.aquimicasa.net\/blog\/vivienda\/alquileres\/el-gobierno-vasco-construira-vivienda-con-la-tecnica-levante\/\" \/>\n<meta property=\"og:site_name\" content=\"Blog de aquimicasa.net\" \/>\n<meta property=\"article:publisher\" content=\"https:\/\/www.facebook.com\/aquimicasa.net\" \/>\n<meta property=\"article:published_time\" content=\"2026-03-08T21:10:45+00:00\" \/>\n<meta property=\"og:image\" content=\"https:\/\/www.aquimicasa.net\/blog\/wp-content\/uploads\/denis-itxaso2-e1773004050603.jpg\" \/>\n\t<meta property=\"og:image:width\" content=\"600\" \/>\n\t<meta property=\"og:image:height\" content=\"338\" \/>\n\t<meta property=\"og:image:type\" content=\"image\/jpeg\" \/>\n<meta name=\"author\" content=\"Eduardo Lizarraga\" \/>\n<meta name=\"twitter:label1\" content=\"Escrito por\" \/>\n\t<meta name=\"twitter:data1\" content=\"Eduardo Lizarraga\" \/>\n\t<meta name=\"twitter:label2\" content=\"Tiempo de lectura\" \/>\n\t<meta name=\"twitter:data2\" content=\"13 minutos\" \/>\n<script type=\"application\/ld+json\" class=\"yoast-schema-graph\">{\"@context\":\"https:\\\/\\\/schema.org\",\"@graph\":[{\"@type\":\"Article\",\"@id\":\"https:\\\/\\\/www.aquimicasa.net\\\/blog\\\/vivienda\\\/alquileres\\\/el-gobierno-vasco-construira-vivienda-con-la-tecnica-levante\\\/#article\",\"isPartOf\":{\"@id\":\"https:\\\/\\\/www.aquimicasa.net\\\/blog\\\/vivienda\\\/alquileres\\\/el-gobierno-vasco-construira-vivienda-con-la-tecnica-levante\\\/\"},\"author\":{\"name\":\"Eduardo Lizarraga\",\"@id\":\"https:\\\/\\\/www.aquimicasa.net\\\/blog\\\/#\\\/schema\\\/person\\\/2cdfa2605534583395c8d7ce1d6cac14\"},\"headline\":\"El Gobierno Vasco construir\u00e1 vivienda con la t\u00e9cnica levante\",\"datePublished\":\"2026-03-08T21:10:45+00:00\",\"mainEntityOfPage\":{\"@id\":\"https:\\\/\\\/www.aquimicasa.net\\\/blog\\\/vivienda\\\/alquileres\\\/el-gobierno-vasco-construira-vivienda-con-la-tecnica-levante\\\/\"},\"wordCount\":1522,\"publisher\":{\"@id\":\"https:\\\/\\\/www.aquimicasa.net\\\/blog\\\/#organization\"},\"image\":{\"@id\":\"https:\\\/\\\/www.aquimicasa.net\\\/blog\\\/vivienda\\\/alquileres\\\/el-gobierno-vasco-construira-vivienda-con-la-tecnica-levante\\\/#primaryimage\"},\"thumbnailUrl\":\"https:\\\/\\\/www.aquimicasa.net\\\/blog\\\/wp-content\\\/uploads\\\/denis-itxaso2-e1773004050603.jpg\",\"keywords\":[\"newsletter 556\"],\"articleSection\":[\"Alquiler\"],\"inLanguage\":\"es\"},{\"@type\":\"WebPage\",\"@id\":\"https:\\\/\\\/www.aquimicasa.net\\\/blog\\\/vivienda\\\/alquileres\\\/el-gobierno-vasco-construira-vivienda-con-la-tecnica-levante\\\/\",\"url\":\"https:\\\/\\\/www.aquimicasa.net\\\/blog\\\/vivienda\\\/alquileres\\\/el-gobierno-vasco-construira-vivienda-con-la-tecnica-levante\\\/\",\"name\":\"El Gobierno Vasco construir\u00e1 vivienda con la t\u00e9cnica levante\",\"isPartOf\":{\"@id\":\"https:\\\/\\\/www.aquimicasa.net\\\/blog\\\/#website\"},\"primaryImageOfPage\":{\"@id\":\"https:\\\/\\\/www.aquimicasa.net\\\/blog\\\/vivienda\\\/alquileres\\\/el-gobierno-vasco-construira-vivienda-con-la-tecnica-levante\\\/#primaryimage\"},\"image\":{\"@id\":\"https:\\\/\\\/www.aquimicasa.net\\\/blog\\\/vivienda\\\/alquileres\\\/el-gobierno-vasco-construira-vivienda-con-la-tecnica-levante\\\/#primaryimage\"},\"thumbnailUrl\":\"https:\\\/\\\/www.aquimicasa.net\\\/blog\\\/wp-content\\\/uploads\\\/denis-itxaso2-e1773004050603.jpg\",\"datePublished\":\"2026-03-08T21:10:45+00:00\",\"description\":\"El levante de edificios se presenta como una alternativa que permite aumentar la densidad residencial sin ocupar nuevo suelo\",\"breadcrumb\":{\"@id\":\"https:\\\/\\\/www.aquimicasa.net\\\/blog\\\/vivienda\\\/alquileres\\\/el-gobierno-vasco-construira-vivienda-con-la-tecnica-levante\\\/#breadcrumb\"},\"inLanguage\":\"es\",\"potentialAction\":[{\"@type\":\"ReadAction\",\"target\":[\"https:\\\/\\\/www.aquimicasa.net\\\/blog\\\/vivienda\\\/alquileres\\\/el-gobierno-vasco-construira-vivienda-con-la-tecnica-levante\\\/\"]}]},{\"@type\":\"ImageObject\",\"inLanguage\":\"es\",\"@id\":\"https:\\\/\\\/www.aquimicasa.net\\\/blog\\\/vivienda\\\/alquileres\\\/el-gobierno-vasco-construira-vivienda-con-la-tecnica-levante\\\/#primaryimage\",\"url\":\"https:\\\/\\\/www.aquimicasa.net\\\/blog\\\/wp-content\\\/uploads\\\/denis-itxaso2-e1773004050603.jpg\",\"contentUrl\":\"https:\\\/\\\/www.aquimicasa.net\\\/blog\\\/wp-content\\\/uploads\\\/denis-itxaso2-e1773004050603.jpg\",\"width\":600,\"height\":338,\"caption\":\"El Gobierno Vasco pondr\u00e1 viviendas asequibles en el mercado con la t\u00e9cnica del levante\"},{\"@type\":\"BreadcrumbList\",\"@id\":\"https:\\\/\\\/www.aquimicasa.net\\\/blog\\\/vivienda\\\/alquileres\\\/el-gobierno-vasco-construira-vivienda-con-la-tecnica-levante\\\/#breadcrumb\",\"itemListElement\":[{\"@type\":\"ListItem\",\"position\":1,\"name\":\"Portada\",\"item\":\"https:\\\/\\\/www.aquimicasa.net\\\/blog\\\/\"},{\"@type\":\"ListItem\",\"position\":2,\"name\":\"El Gobierno Vasco construir\u00e1 vivienda con la t\u00e9cnica levante\"}]},{\"@type\":\"WebSite\",\"@id\":\"https:\\\/\\\/www.aquimicasa.net\\\/blog\\\/#website\",\"url\":\"https:\\\/\\\/www.aquimicasa.net\\\/blog\\\/\",\"name\":\"Blog de aquimicasa.net\",\"description\":\"Noticias del Mundo Inmobiliario\",\"publisher\":{\"@id\":\"https:\\\/\\\/www.aquimicasa.net\\\/blog\\\/#organization\"},\"potentialAction\":[{\"@type\":\"SearchAction\",\"target\":{\"@type\":\"EntryPoint\",\"urlTemplate\":\"https:\\\/\\\/www.aquimicasa.net\\\/blog\\\/?s={search_term_string}\"},\"query-input\":{\"@type\":\"PropertyValueSpecification\",\"valueRequired\":true,\"valueName\":\"search_term_string\"}}],\"inLanguage\":\"es\"},{\"@type\":\"Organization\",\"@id\":\"https:\\\/\\\/www.aquimicasa.net\\\/blog\\\/#organization\",\"name\":\"Blog de aquimicasa.net\",\"url\":\"https:\\\/\\\/www.aquimicasa.net\\\/blog\\\/\",\"logo\":{\"@type\":\"ImageObject\",\"inLanguage\":\"es\",\"@id\":\"https:\\\/\\\/www.aquimicasa.net\\\/blog\\\/#\\\/schema\\\/logo\\\/image\\\/\",\"url\":\"https:\\\/\\\/www.aquimicasa.net\\\/blog\\\/wp-content\\\/uploads\\\/Logo-aquimicasa-1-e1528048213782.png\",\"contentUrl\":\"https:\\\/\\\/www.aquimicasa.net\\\/blog\\\/wp-content\\\/uploads\\\/Logo-aquimicasa-1-e1528048213782.png\",\"width\":225,\"height\":225,\"caption\":\"Blog de aquimicasa.net\"},\"image\":{\"@id\":\"https:\\\/\\\/www.aquimicasa.net\\\/blog\\\/#\\\/schema\\\/logo\\\/image\\\/\"},\"sameAs\":[\"https:\\\/\\\/www.facebook.com\\\/aquimicasa.net\",\"https:\\\/\\\/www.instagram.com\\\/\",\"https:\\\/\\\/x.com\\\/EduLizarragaD\",\"https:\\\/\\\/www.linkedin.com\\\/feed\\\/\"]},{\"@type\":\"Person\",\"@id\":\"https:\\\/\\\/www.aquimicasa.net\\\/blog\\\/#\\\/schema\\\/person\\\/2cdfa2605534583395c8d7ce1d6cac14\",\"name\":\"Eduardo Lizarraga\",\"image\":{\"@type\":\"ImageObject\",\"inLanguage\":\"es\",\"@id\":\"https:\\\/\\\/secure.gravatar.com\\\/avatar\\\/bdabe1eeeed97b65a9cb7de2edd624b07995f7e13abc5fead15961f745f908cc?s=96&d=mm&r=g\",\"url\":\"https:\\\/\\\/secure.gravatar.com\\\/avatar\\\/bdabe1eeeed97b65a9cb7de2edd624b07995f7e13abc5fead15961f745f908cc?s=96&d=mm&r=g\",\"contentUrl\":\"https:\\\/\\\/secure.gravatar.com\\\/avatar\\\/bdabe1eeeed97b65a9cb7de2edd624b07995f7e13abc5fead15961f745f908cc?s=96&d=mm&r=g\",\"caption\":\"Eduardo Lizarraga\"},\"description\":\"Periodista Econ\u00f3mico. Ha trabajado en diversos campos de la informaci\u00f3n. Corresponsal en conflictos, analista pol\u00edtico en Congreso y Senado, periodista del medio ambiente, editor, director editorial, director de comunicaci\u00f3n.... En estos momentos se ha especializado en el sector inmobiliario. Pero tambi\u00e9n es navegante y viajero, preocupado por la pobreza, el medio ambiente y por las actuaciones descontroladas del neoliberalismo empresarial y pol\u00edtico en todo el mundo. Los desahucios, la pobreza infantil y la falta de acceso a los suministros b\u00e1sicos son algunos de los grandes dramas de nuestra sociedad y que es preciso solucionar para hacerla m\u00e1s justa. CEO en www.aquimicasa.net\",\"sameAs\":[\"https:\\\/\\\/www.aquimicasa.net\\\/\"],\"url\":\"https:\\\/\\\/www.aquimicasa.net\\\/blog\\\/author\\\/eduardo\\\/\"}]}<\/script>\n<!-- \/ Yoast SEO plugin. -->","yoast_head_json":{"title":"El Gobierno Vasco construir\u00e1 vivienda con la t\u00e9cnica levante","description":"El levante de edificios se presenta como una alternativa que permite aumentar la densidad residencial sin ocupar nuevo suelo","robots":{"index":"index","follow":"follow","max-snippet":"max-snippet:-1","max-image-preview":"max-image-preview:large","max-video-preview":"max-video-preview:-1"},"canonical":"https:\/\/www.aquimicasa.net\/blog\/vivienda\/alquileres\/el-gobierno-vasco-construira-vivienda-con-la-tecnica-levante\/","og_locale":"es_ES","og_type":"article","og_title":"El Gobierno Vasco construir\u00e1 vivienda con la t\u00e9cnica levante","og_description":"El levante de edificios se presenta como una alternativa que permite aumentar la densidad residencial sin ocupar nuevo suelo","og_url":"https:\/\/www.aquimicasa.net\/blog\/vivienda\/alquileres\/el-gobierno-vasco-construira-vivienda-con-la-tecnica-levante\/","og_site_name":"Blog de aquimicasa.net","article_publisher":"https:\/\/www.facebook.com\/aquimicasa.net","article_published_time":"2026-03-08T21:10:45+00:00","og_image":[{"width":600,"height":338,"url":"https:\/\/www.aquimicasa.net\/blog\/wp-content\/uploads\/denis-itxaso2-e1773004050603.jpg","type":"image\/jpeg"}],"author":"Eduardo Lizarraga","twitter_misc":{"Escrito por":"Eduardo Lizarraga","Tiempo de lectura":"13 minutos"},"schema":{"@context":"https:\/\/schema.org","@graph":[{"@type":"Article","@id":"https:\/\/www.aquimicasa.net\/blog\/vivienda\/alquileres\/el-gobierno-vasco-construira-vivienda-con-la-tecnica-levante\/#article","isPartOf":{"@id":"https:\/\/www.aquimicasa.net\/blog\/vivienda\/alquileres\/el-gobierno-vasco-construira-vivienda-con-la-tecnica-levante\/"},"author":{"name":"Eduardo Lizarraga","@id":"https:\/\/www.aquimicasa.net\/blog\/#\/schema\/person\/2cdfa2605534583395c8d7ce1d6cac14"},"headline":"El Gobierno Vasco construir\u00e1 vivienda con la t\u00e9cnica levante","datePublished":"2026-03-08T21:10:45+00:00","mainEntityOfPage":{"@id":"https:\/\/www.aquimicasa.net\/blog\/vivienda\/alquileres\/el-gobierno-vasco-construira-vivienda-con-la-tecnica-levante\/"},"wordCount":1522,"publisher":{"@id":"https:\/\/www.aquimicasa.net\/blog\/#organization"},"image":{"@id":"https:\/\/www.aquimicasa.net\/blog\/vivienda\/alquileres\/el-gobierno-vasco-construira-vivienda-con-la-tecnica-levante\/#primaryimage"},"thumbnailUrl":"https:\/\/www.aquimicasa.net\/blog\/wp-content\/uploads\/denis-itxaso2-e1773004050603.jpg","keywords":["newsletter 556"],"articleSection":["Alquiler"],"inLanguage":"es"},{"@type":"WebPage","@id":"https:\/\/www.aquimicasa.net\/blog\/vivienda\/alquileres\/el-gobierno-vasco-construira-vivienda-con-la-tecnica-levante\/","url":"https:\/\/www.aquimicasa.net\/blog\/vivienda\/alquileres\/el-gobierno-vasco-construira-vivienda-con-la-tecnica-levante\/","name":"El Gobierno Vasco construir\u00e1 vivienda con la t\u00e9cnica levante","isPartOf":{"@id":"https:\/\/www.aquimicasa.net\/blog\/#website"},"primaryImageOfPage":{"@id":"https:\/\/www.aquimicasa.net\/blog\/vivienda\/alquileres\/el-gobierno-vasco-construira-vivienda-con-la-tecnica-levante\/#primaryimage"},"image":{"@id":"https:\/\/www.aquimicasa.net\/blog\/vivienda\/alquileres\/el-gobierno-vasco-construira-vivienda-con-la-tecnica-levante\/#primaryimage"},"thumbnailUrl":"https:\/\/www.aquimicasa.net\/blog\/wp-content\/uploads\/denis-itxaso2-e1773004050603.jpg","datePublished":"2026-03-08T21:10:45+00:00","description":"El levante de edificios se presenta como una alternativa que permite aumentar la densidad residencial sin ocupar nuevo suelo","breadcrumb":{"@id":"https:\/\/www.aquimicasa.net\/blog\/vivienda\/alquileres\/el-gobierno-vasco-construira-vivienda-con-la-tecnica-levante\/#breadcrumb"},"inLanguage":"es","potentialAction":[{"@type":"ReadAction","target":["https:\/\/www.aquimicasa.net\/blog\/vivienda\/alquileres\/el-gobierno-vasco-construira-vivienda-con-la-tecnica-levante\/"]}]},{"@type":"ImageObject","inLanguage":"es","@id":"https:\/\/www.aquimicasa.net\/blog\/vivienda\/alquileres\/el-gobierno-vasco-construira-vivienda-con-la-tecnica-levante\/#primaryimage","url":"https:\/\/www.aquimicasa.net\/blog\/wp-content\/uploads\/denis-itxaso2-e1773004050603.jpg","contentUrl":"https:\/\/www.aquimicasa.net\/blog\/wp-content\/uploads\/denis-itxaso2-e1773004050603.jpg","width":600,"height":338,"caption":"El Gobierno Vasco pondr\u00e1 viviendas asequibles en el mercado con la t\u00e9cnica del levante"},{"@type":"BreadcrumbList","@id":"https:\/\/www.aquimicasa.net\/blog\/vivienda\/alquileres\/el-gobierno-vasco-construira-vivienda-con-la-tecnica-levante\/#breadcrumb","itemListElement":[{"@type":"ListItem","position":1,"name":"Portada","item":"https:\/\/www.aquimicasa.net\/blog\/"},{"@type":"ListItem","position":2,"name":"El Gobierno Vasco construir\u00e1 vivienda con la t\u00e9cnica levante"}]},{"@type":"WebSite","@id":"https:\/\/www.aquimicasa.net\/blog\/#website","url":"https:\/\/www.aquimicasa.net\/blog\/","name":"Blog de aquimicasa.net","description":"Noticias del Mundo Inmobiliario","publisher":{"@id":"https:\/\/www.aquimicasa.net\/blog\/#organization"},"potentialAction":[{"@type":"SearchAction","target":{"@type":"EntryPoint","urlTemplate":"https:\/\/www.aquimicasa.net\/blog\/?s={search_term_string}"},"query-input":{"@type":"PropertyValueSpecification","valueRequired":true,"valueName":"search_term_string"}}],"inLanguage":"es"},{"@type":"Organization","@id":"https:\/\/www.aquimicasa.net\/blog\/#organization","name":"Blog de aquimicasa.net","url":"https:\/\/www.aquimicasa.net\/blog\/","logo":{"@type":"ImageObject","inLanguage":"es","@id":"https:\/\/www.aquimicasa.net\/blog\/#\/schema\/logo\/image\/","url":"https:\/\/www.aquimicasa.net\/blog\/wp-content\/uploads\/Logo-aquimicasa-1-e1528048213782.png","contentUrl":"https:\/\/www.aquimicasa.net\/blog\/wp-content\/uploads\/Logo-aquimicasa-1-e1528048213782.png","width":225,"height":225,"caption":"Blog de aquimicasa.net"},"image":{"@id":"https:\/\/www.aquimicasa.net\/blog\/#\/schema\/logo\/image\/"},"sameAs":["https:\/\/www.facebook.com\/aquimicasa.net","https:\/\/www.instagram.com\/","https:\/\/x.com\/EduLizarragaD","https:\/\/www.linkedin.com\/feed\/"]},{"@type":"Person","@id":"https:\/\/www.aquimicasa.net\/blog\/#\/schema\/person\/2cdfa2605534583395c8d7ce1d6cac14","name":"Eduardo Lizarraga","image":{"@type":"ImageObject","inLanguage":"es","@id":"https:\/\/secure.gravatar.com\/avatar\/bdabe1eeeed97b65a9cb7de2edd624b07995f7e13abc5fead15961f745f908cc?s=96&d=mm&r=g","url":"https:\/\/secure.gravatar.com\/avatar\/bdabe1eeeed97b65a9cb7de2edd624b07995f7e13abc5fead15961f745f908cc?s=96&d=mm&r=g","contentUrl":"https:\/\/secure.gravatar.com\/avatar\/bdabe1eeeed97b65a9cb7de2edd624b07995f7e13abc5fead15961f745f908cc?s=96&d=mm&r=g","caption":"Eduardo Lizarraga"},"description":"Periodista Econ\u00f3mico. Ha trabajado en diversos campos de la informaci\u00f3n. Corresponsal en conflictos, analista pol\u00edtico en Congreso y Senado, periodista del medio ambiente, editor, director editorial, director de comunicaci\u00f3n.... En estos momentos se ha especializado en el sector inmobiliario. Pero tambi\u00e9n es navegante y viajero, preocupado por la pobreza, el medio ambiente y por las actuaciones descontroladas del neoliberalismo empresarial y pol\u00edtico en todo el mundo. Los desahucios, la pobreza infantil y la falta de acceso a los suministros b\u00e1sicos son algunos de los grandes dramas de nuestra sociedad y que es preciso solucionar para hacerla m\u00e1s justa. CEO en www.aquimicasa.net","sameAs":["https:\/\/www.aquimicasa.net\/"],"url":"https:\/\/www.aquimicasa.net\/blog\/author\/eduardo\/"}]}},"jetpack_publicize_connections":[],"jetpack_featured_media_url":"https:\/\/www.aquimicasa.net\/blog\/wp-content\/uploads\/denis-itxaso2-e1773004050603.jpg","jetpack_sharing_enabled":true,"jetpack_likes_enabled":true,"_links":{"self":[{"href":"https:\/\/www.aquimicasa.net\/blog\/wp-json\/wp\/v2\/posts\/55389","targetHints":{"allow":["GET"]}}],"collection":[{"href":"https:\/\/www.aquimicasa.net\/blog\/wp-json\/wp\/v2\/posts"}],"about":[{"href":"https:\/\/www.aquimicasa.net\/blog\/wp-json\/wp\/v2\/types\/post"}],"author":[{"embeddable":true,"href":"https:\/\/www.aquimicasa.net\/blog\/wp-json\/wp\/v2\/users\/3"}],"replies":[{"embeddable":true,"href":"https:\/\/www.aquimicasa.net\/blog\/wp-json\/wp\/v2\/comments?post=55389"}],"version-history":[{"count":2,"href":"https:\/\/www.aquimicasa.net\/blog\/wp-json\/wp\/v2\/posts\/55389\/revisions"}],"predecessor-version":[{"id":55392,"href":"https:\/\/www.aquimicasa.net\/blog\/wp-json\/wp\/v2\/posts\/55389\/revisions\/55392"}],"wp:featuredmedia":[{"embeddable":true,"href":"https:\/\/www.aquimicasa.net\/blog\/wp-json\/wp\/v2\/media\/55391"}],"wp:attachment":[{"href":"https:\/\/www.aquimicasa.net\/blog\/wp-json\/wp\/v2\/media?parent=55389"}],"wp:term":[{"taxonomy":"category","embeddable":true,"href":"https:\/\/www.aquimicasa.net\/blog\/wp-json\/wp\/v2\/categories?post=55389"},{"taxonomy":"post_tag","embeddable":true,"href":"https:\/\/www.aquimicasa.net\/blog\/wp-json\/wp\/v2\/tags?post=55389"}],"curies":[{"name":"wp","href":"https:\/\/api.w.org\/{rel}","templated":true}]}}