{"id":55403,"date":"2026-03-09T22:08:07","date_gmt":"2026-03-09T21:08:07","guid":{"rendered":"https:\/\/www.aquimicasa.net\/blog\/?p=55403"},"modified":"2026-03-09T22:09:24","modified_gmt":"2026-03-09T21:09:24","slug":"presentado-el-nuevo-observatorio-de-la-vivienda-de-navarra","status":"publish","type":"post","link":"https:\/\/www.aquimicasa.net\/blog\/vivienda\/noticias-mercado-inmobiliario\/presentado-el-nuevo-observatorio-de-la-vivienda-de-navarra\/","title":{"rendered":"Presentado el nuevo Observatorio de la Vivienda de Navarra"},"content":{"rendered":"<div class=\"fusion-fullwidth fullwidth-box fusion-builder-row-1 fusion-flex-container nonhundred-percent-fullwidth non-hundred-percent-height-scrolling\" style=\"background-color: rgba(255,255,255,0);background-position: center center;background-repeat: no-repeat;border-width: 0px 0px 0px 0px;border-color:#eae9e9;border-style:solid;\" ><div class=\"fusion-builder-row fusion-row fusion-flex-align-items-flex-start\" style=\"max-width:1144px;margin-left: calc(-4% \/ 2 );margin-right: calc(-4% \/ 2 );\"><div class=\"fusion-layout-column fusion_builder_column fusion-builder-column-0 fusion_builder_column_1_1 1_1 fusion-flex-column\"><div class=\"fusion-column-wrapper fusion-flex-justify-content-flex-start fusion-content-layout-column\" style=\"background-position:left top;background-repeat:no-repeat;-webkit-background-size:cover;-moz-background-size:cover;-o-background-size:cover;background-size:cover;padding: 0px 0px 0px 0px;\"><div class=\"fusion-text fusion-text-1\"><div class=\"new-detail-content free-text-regular-18 evo\">\n<div class=\"flex flex-col text-sm pb-25\">\n<article class=\"text-token-text-primary w-full focus:outline-none &#091;--shadow-height:45px&#093; has-data-writing-block:pointer-events-none has-data-writing-block:-mt-(--shadow-height) has-data-writing-block:pt-(--shadow-height) &#091;&amp;:has(&#091;data-writing-block&#093;)&gt;*&#093;:pointer-events-auto scroll-mt-&#091;calc(var(--header-height)+min(200px,max(70px,20svh)))&#093;\" dir=\"auto\" tabindex=\"-1\" data-turn-id=\"request-699cd26c-8f3c-8397-b08d-866e816dc045-0\" data-testid=\"conversation-turn-204\" data-scroll-anchor=\"true\" data-turn=\"assistant\">\n<div class=\"text-base my-auto mx-auto pb-10 &#091;--thread-content-margin:var(--thread-content-margin-xs,calc(var(--spacing)*4))&#093; @w-sm\/main:&#091;--thread-content-margin:var(--thread-content-margin-sm,calc(var(--spacing)*6))&#093; @w-lg\/main:&#091;--thread-content-margin:var(--thread-content-margin-lg,calc(var(--spacing)*16))&#093; px-(--thread-content-margin)\">\n<div class=\"&#091;--thread-content-max-width:40rem&#093; @w-lg\/main:&#091;--thread-content-max-width:48rem&#093; mx-auto max-w-(--thread-content-max-width) flex-1 group\/turn-messages focus-visible:outline-hidden relative flex w-full min-w-0 flex-col agent-turn\" tabindex=\"-1\">\n<div class=\"flex max-w-full flex-col gap-4 grow\">\n<div class=\"min-h-8 text-message relative flex w-full flex-col items-end gap-2 text-start break-words whitespace-normal &#091;.text-message+&amp;&#093;:mt-1\" dir=\"auto\" data-message-author-role=\"assistant\" data-message-id=\"5adde1a1-3076-4143-9693-916756530274\" data-message-model-slug=\"gpt-5-3\">\n<div class=\"flex w-full flex-col gap-1 empty:hidden\">\n<div class=\"markdown prose dark:prose-invert w-full wrap-break-word light markdown-new-styling\">\n<p data-start=\"62\" data-end=\"547\">El Departamento de Vivienda, Juventud y Pol\u00edticas Migratorias ha presentado el <strong data-start=\"141\" data-end=\"189\">nuevo Observatorio de la Vivienda de Navarra<\/strong>, una herramienta creada para analizar la situaci\u00f3n del sector inmobiliario a partir de <strong data-start=\"277\" data-end=\"328\">datos oficiales, estudios e informes peri\u00f3dicos<\/strong>. Con esta iniciativa, el Gobierno de Navarra pretende mejorar el conocimiento real del mercado residencial en la Comunidad Foral y reforzar la gesti\u00f3n de las pol\u00edticas p\u00fablicas relacionadas con el acceso a la vivienda.<\/p>\n<p data-start=\"549\" data-end=\"1177\">La nueva plataforma se ha dado a conocer en un acto oficial en el que han participado la <strong data-start=\"638\" data-end=\"737\">vicepresidenta tercera y consejera de Vivienda, Juventud y Pol\u00edticas Migratorias, Bego\u00f1a Alfaro<\/strong>, la <strong data-start=\"742\" data-end=\"788\">directora general de Vivienda, Elga Molina<\/strong>, y el <strong data-start=\"795\" data-end=\"861\">jefe de la Secci\u00f3n de Innovaci\u00f3n e Inspecci\u00f3n, Mattias Bergman<\/strong>. Durante la presentaci\u00f3n se ha destacado que el Observatorio nace con la vocaci\u00f3n de convertirse en <strong data-start=\"962\" data-end=\"1035\">una referencia informativa sobre el mercado de la vivienda en Navarra<\/strong>, facilitando informaci\u00f3n fiable tanto a la ciudadan\u00eda como a profesionales del sector inmobiliario y a las propias administraciones p\u00fablicas.<\/p>\n<p data-start=\"1179\" data-end=\"1667\">El Observatorio de la Vivienda de Navarra es un servicio impulsado por la Direcci\u00f3n General de Vivienda que pone a disposici\u00f3n de la sociedad una herramienta destinada a <strong data-start=\"1349\" data-end=\"1465\">seguir la evoluci\u00f3n del mercado inmobiliario y analizar la actividad de la administraci\u00f3n en materia de vivienda<\/strong>. El objetivo principal es ofrecer <strong data-start=\"1500\" data-end=\"1549\">informaci\u00f3n actualizada, rigurosa y accesible<\/strong>, capaz de ayudar a comprender mejor la realidad del sector y contribuir al dise\u00f1o de pol\u00edticas p\u00fablicas m\u00e1s eficaces.<\/p>\n<h2 data-section-id=\"y7q174\" data-start=\"1669\" data-end=\"1718\"><strong>\u00bfCu\u00e1les son las funciones de esta herramienta?<\/strong><\/h2>\n<p data-start=\"1720\" data-end=\"2154\">El nuevo Observatorio ha sido concebido como <strong data-start=\"1765\" data-end=\"1836\">un espacio de referencia sobre el mercado de la vivienda en Navarra<\/strong>, capaz de reunir y ordenar informaci\u00f3n que hasta ahora se encontraba dispersa o proced\u00eda de fuentes privadas. La intenci\u00f3n del Gobierno foral es que esta plataforma permita <strong data-start=\"2010\" data-end=\"2077\">analizar de forma continua la evoluci\u00f3n del sector inmobiliario<\/strong> y ofrecer una base s\u00f3lida para la toma de decisiones en materia de vivienda.<\/p>\n<p data-start=\"2156\" data-end=\"2509\">Durante la presentaci\u00f3n, la vicepresidenta Bego\u00f1a Alfaro subray\u00f3 la importancia de contar con <strong data-start=\"2250\" data-end=\"2284\">datos oficiales y verificables<\/strong> en un \u00e1mbito tan sensible como el acceso a la vivienda. Seg\u00fan explic\u00f3, hist\u00f3ricamente gran parte de la informaci\u00f3n sobre el mercado inmobiliario proced\u00eda de operadores privados con intereses econ\u00f3micos directos en el sector.<\/p>\n<p data-start=\"2511\" data-end=\"2820\">En este sentido, Alfaro destac\u00f3 que <strong data-start=\"2547\" data-end=\"2644\">disponer de estad\u00edsticas basadas en registros p\u00fablicos es clave para mejorar la transparencia<\/strong> y para poder contrastar los datos que circulan en el debate p\u00fablico. Tal y como se\u00f1al\u00f3, \u201ccontar con datos oficiales y fiables no es una cuesti\u00f3n menor en materia de vivienda\u201d.<\/p>\n<h2 data-section-id=\"6fju8y\" data-start=\"2822\" data-end=\"2866\"><strong>Datos oficiales e informaci\u00f3n actualizada<\/strong><\/h2>\n<p data-start=\"2868\" data-end=\"3235\">Uno de los principales objetivos del Observatorio es <strong data-start=\"2921\" data-end=\"3030\">garantizar el acceso a datos oficiales e informaci\u00f3n actualizada sobre el mercado inmobiliario de Navarra<\/strong>. La web ofrece informaci\u00f3n detallada sobre los principales indicadores del sector, lo que permitir\u00e1 a ciudadanos, profesionales y administraciones analizar con mayor precisi\u00f3n la evoluci\u00f3n de la vivienda.<\/p>\n<p data-start=\"3237\" data-end=\"3665\">Entre los datos disponibles se encuentran indicadores como <strong data-start=\"3296\" data-end=\"3429\">viviendas iniciadas y terminadas, censo de solicitantes de vivienda protegida, lanzamientos judiciales y ejecuciones hipotecarias<\/strong>. Asimismo, el portal recoge informaci\u00f3n relacionada con el mercado del alquiler, incluyendo estad\u00edsticas sobre <strong data-start=\"3541\" data-end=\"3664\">zonas de mercado tensionado, alquiler de vivienda protegida y libre, y ayudas p\u00fablicas concedidas por la administraci\u00f3n<\/strong>.<\/p>\n<p data-start=\"3667\" data-end=\"3943\">Tambi\u00e9n se incorporan datos vinculados a la <strong data-start=\"3711\" data-end=\"3784\">compraventa de viviendas y a la rehabilitaci\u00f3n del parque residencial<\/strong>, como el \u00cdndice de Precios de Vivienda, el esfuerzo hipotecario necesario para acceder a una vivienda o el n\u00famero de visados de vivienda protegida concedidos.<\/p>\n<h2 data-section-id=\"pkx95b\" data-start=\"3945\" data-end=\"3982\"><strong>Ganar la batalla de la informaci\u00f3n<\/strong><\/h2>\n<p data-start=\"3984\" data-end=\"4343\">La creaci\u00f3n del Observatorio responde tambi\u00e9n a la necesidad de <strong data-start=\"4048\" data-end=\"4155\">equilibrar el debate p\u00fablico sobre el mercado de la vivienda mediante informaci\u00f3n fiable y transparente<\/strong>. Durante la presentaci\u00f3n, Alfaro explic\u00f3 que el Gobierno de Navarra lleva tiempo intentando reforzar la presencia de <strong data-start=\"4273\" data-end=\"4342\">datos oficiales frente a cifras procedentes de intereses privados<\/strong>.<\/p>\n<p data-start=\"4345\" data-end=\"4705\">Seg\u00fan la vicepresidenta, el acceso a informaci\u00f3n rigurosa permite <strong data-start=\"4411\" data-end=\"4479\">contrastar interpretaciones interesadas del mercado inmobiliario<\/strong> y ofrecer una visi\u00f3n m\u00e1s completa de la situaci\u00f3n real del sector. Con el Observatorio, la administraci\u00f3n pretende <strong data-start=\"4595\" data-end=\"4633\">ganar la batalla de la informaci\u00f3n<\/strong> y facilitar que el debate sobre la vivienda se base en datos objetivos.<\/p>\n<h2 data-section-id=\"10i6fhk\" data-start=\"4707\" data-end=\"4780\"><strong>Informaci\u00f3n para la ciudadan\u00eda: los principales indicadores del sector<\/strong><\/h2>\n<p data-start=\"4782\" data-end=\"5098\">El Observatorio no solo ofrecer\u00e1 estad\u00edsticas, sino tambi\u00e9n <strong data-start=\"4842\" data-end=\"4948\">estudios, informes y an\u00e1lisis elaborados por el Gobierno de Navarra y por instituciones especializadas<\/strong>. El portal prev\u00e9 la publicaci\u00f3n peri\u00f3dica de documentos que permitir\u00e1n analizar tendencias y evaluar la evoluci\u00f3n de distintos programas de vivienda.<\/p>\n<p data-start=\"5100\" data-end=\"5447\">Entre los contenidos previstos se encuentran <strong data-start=\"5145\" data-end=\"5324\">informes trimestrales sobre la evoluci\u00f3n de las zonas de mercado tensionado, las viviendas iniciadas y terminadas, la rehabilitaci\u00f3n protegida o la venta de vivienda protegida<\/strong>. Tambi\u00e9n se incluir\u00e1n an\u00e1lisis sobre el <strong data-start=\"5365\" data-end=\"5446\">derecho subjetivo a la vivienda y programas espec\u00edficos como David o Emanzipa<\/strong>.<\/p>\n<p data-start=\"5449\" data-end=\"5906\" data-is-last-node=\"\" data-is-only-node=\"\">Con esta iniciativa, la Direcci\u00f3n General de Vivienda refuerza su compromiso con <strong data-start=\"5530\" data-end=\"5625\">la transparencia, el acceso a la informaci\u00f3n p\u00fablica y la gesti\u00f3n basada en datos objetivos<\/strong>. El Observatorio de la Vivienda de Navarra aspira as\u00ed a convertirse en <strong data-start=\"5697\" data-end=\"5831\">una herramienta \u00fatil para comprender la realidad del mercado inmobiliario y facilitar el dise\u00f1o de pol\u00edticas p\u00fablicas m\u00e1s eficaces<\/strong> destinadas a garantizar el acceso a una vivienda digna para la ciudadan\u00eda.<\/p>\n<\/div>\n<\/div>\n<\/div>\n<\/div>\n<div class=\"z-0 flex min-h-&#091;46px&#093; justify-start\"><\/div>\n<\/div>\n<\/div>\n<\/article>\n<\/div>\n<\/div>\n<\/div><\/div><style type=\"text\/css\">.fusion-body .fusion-builder-column-0{width:100% !important;margin-top : 0px;margin-bottom : 0px;}.fusion-builder-column-0 > .fusion-column-wrapper {padding-top : 0px !important;padding-right : 0px !important;margin-right : 1.92%;padding-bottom : 0px !important;padding-left : 0px !important;margin-left : 1.92%;}@media only screen and (max-width:1024px) {.fusion-body .fusion-builder-column-0{width:100% !important;}.fusion-builder-column-0 > .fusion-column-wrapper {margin-right : 1.92%;margin-left : 1.92%;}}@media only screen and (max-width:640px) {.fusion-body .fusion-builder-column-0{width:100% !important;}.fusion-builder-column-0 > .fusion-column-wrapper {margin-right : 1.92%;margin-left : 1.92%;}}<\/style><\/div><\/div><style type=\"text\/css\">.fusion-body .fusion-flex-container.fusion-builder-row-1{ padding-top : 0px;margin-top : 0px;padding-right : 0px;padding-bottom : 0px;margin-bottom : 0px;padding-left : 0px;}<\/style><\/div>\n","protected":false},"excerpt":{"rendered":"<p>El Observatorio de la Vivienda de Navarra es un servicio impulsado por la Direcci\u00f3n General de Vivienda que pone a disposici\u00f3n de la sociedad una herramienta destinada a seguir la evoluci\u00f3n del mercado inmobiliario y analizar la actividad de la administraci\u00f3n en materia de vivienda. El objetivo principal es ofrecer informaci\u00f3n actualizada, rigurosa y accesible, capaz de ayudar a comprender mejor la realidad del sector y contribuir al dise\u00f1o de pol\u00edticas p\u00fablicas m\u00e1s eficaces.<\/p>\n","protected":false},"author":3,"featured_media":55405,"comment_status":"closed","ping_status":"closed","sticky":false,"template":"","format":"standard","meta":{"_jetpack_memberships_contains_paid_content":false,"footnotes":"","jetpack_publicize_message":"","jetpack_publicize_feature_enabled":true,"jetpack_social_post_already_shared":true,"jetpack_social_options":{"image_generator_settings":{"template":"highway","default_image_id":0,"font":"","enabled":false},"version":2}},"categories":[7565],"tags":[8285],"class_list":["post-55403","post","type-post","status-publish","format-standard","has-post-thumbnail","hentry","category-noticias-mercado-inmobiliario","tag-newsletter-556"],"yoast_head":"<!-- This site is optimized with the Yoast SEO plugin v27.5 - https:\/\/yoast.com\/product\/yoast-seo-wordpress\/ -->\n<title>Presentado el nuevo Observatorio de la Vivienda de Navarra<\/title>\n<meta name=\"description\" content=\"Responde tambi\u00e9n a la necesidad de equilibrar el debate p\u00fablico sobre el mercado de la vivienda mediante informaci\u00f3n fiable y transparente\" \/>\n<meta name=\"robots\" content=\"index, follow, max-snippet:-1, max-image-preview:large, max-video-preview:-1\" \/>\n<link rel=\"canonical\" href=\"https:\/\/www.aquimicasa.net\/blog\/vivienda\/noticias-mercado-inmobiliario\/presentado-el-nuevo-observatorio-de-la-vivienda-de-navarra\/\" \/>\n<meta property=\"og:locale\" content=\"es_ES\" \/>\n<meta property=\"og:type\" content=\"article\" \/>\n<meta property=\"og:title\" content=\"Presentado el nuevo Observatorio de la Vivienda de Navarra\" \/>\n<meta property=\"og:description\" content=\"Responde tambi\u00e9n a la necesidad de equilibrar el debate p\u00fablico sobre el mercado de la vivienda mediante informaci\u00f3n fiable y transparente\" \/>\n<meta property=\"og:url\" content=\"https:\/\/www.aquimicasa.net\/blog\/vivienda\/noticias-mercado-inmobiliario\/presentado-el-nuevo-observatorio-de-la-vivienda-de-navarra\/\" \/>\n<meta property=\"og:site_name\" content=\"Blog de aquimicasa.net\" \/>\n<meta property=\"article:publisher\" content=\"https:\/\/www.facebook.com\/aquimicasa.net\" \/>\n<meta property=\"article:published_time\" content=\"2026-03-09T21:08:07+00:00\" \/>\n<meta property=\"article:modified_time\" content=\"2026-03-09T21:09:24+00:00\" \/>\n<meta property=\"og:image\" content=\"https:\/\/www.aquimicasa.net\/blog\/wp-content\/uploads\/Begona-Alfaro-e1773090368400.jpg\" \/>\n\t<meta property=\"og:image:width\" content=\"600\" \/>\n\t<meta property=\"og:image:height\" content=\"338\" \/>\n\t<meta property=\"og:image:type\" content=\"image\/jpeg\" \/>\n<meta name=\"author\" content=\"Eduardo Lizarraga\" \/>\n<meta name=\"twitter:label1\" content=\"Escrito por\" \/>\n\t<meta name=\"twitter:data1\" content=\"Eduardo Lizarraga\" \/>\n\t<meta name=\"twitter:label2\" content=\"Tiempo de lectura\" \/>\n\t<meta name=\"twitter:data2\" content=\"5 minutos\" \/>\n<script type=\"application\/ld+json\" class=\"yoast-schema-graph\">{\"@context\":\"https:\\\/\\\/schema.org\",\"@graph\":[{\"@type\":\"Article\",\"@id\":\"https:\\\/\\\/www.aquimicasa.net\\\/blog\\\/vivienda\\\/noticias-mercado-inmobiliario\\\/presentado-el-nuevo-observatorio-de-la-vivienda-de-navarra\\\/#article\",\"isPartOf\":{\"@id\":\"https:\\\/\\\/www.aquimicasa.net\\\/blog\\\/vivienda\\\/noticias-mercado-inmobiliario\\\/presentado-el-nuevo-observatorio-de-la-vivienda-de-navarra\\\/\"},\"author\":{\"name\":\"Eduardo Lizarraga\",\"@id\":\"https:\\\/\\\/www.aquimicasa.net\\\/blog\\\/#\\\/schema\\\/person\\\/2cdfa2605534583395c8d7ce1d6cac14\"},\"headline\":\"Presentado el nuevo Observatorio de la Vivienda de Navarra\",\"datePublished\":\"2026-03-09T21:08:07+00:00\",\"dateModified\":\"2026-03-09T21:09:24+00:00\",\"mainEntityOfPage\":{\"@id\":\"https:\\\/\\\/www.aquimicasa.net\\\/blog\\\/vivienda\\\/noticias-mercado-inmobiliario\\\/presentado-el-nuevo-observatorio-de-la-vivienda-de-navarra\\\/\"},\"wordCount\":1189,\"publisher\":{\"@id\":\"https:\\\/\\\/www.aquimicasa.net\\\/blog\\\/#organization\"},\"image\":{\"@id\":\"https:\\\/\\\/www.aquimicasa.net\\\/blog\\\/vivienda\\\/noticias-mercado-inmobiliario\\\/presentado-el-nuevo-observatorio-de-la-vivienda-de-navarra\\\/#primaryimage\"},\"thumbnailUrl\":\"https:\\\/\\\/www.aquimicasa.net\\\/blog\\\/wp-content\\\/uploads\\\/Begona-Alfaro-e1773090368400.jpg\",\"keywords\":[\"newsletter 556\"],\"articleSection\":[\"Noticias Mercado Inmobiliario\"],\"inLanguage\":\"es\"},{\"@type\":\"WebPage\",\"@id\":\"https:\\\/\\\/www.aquimicasa.net\\\/blog\\\/vivienda\\\/noticias-mercado-inmobiliario\\\/presentado-el-nuevo-observatorio-de-la-vivienda-de-navarra\\\/\",\"url\":\"https:\\\/\\\/www.aquimicasa.net\\\/blog\\\/vivienda\\\/noticias-mercado-inmobiliario\\\/presentado-el-nuevo-observatorio-de-la-vivienda-de-navarra\\\/\",\"name\":\"Presentado el nuevo Observatorio de la Vivienda de Navarra\",\"isPartOf\":{\"@id\":\"https:\\\/\\\/www.aquimicasa.net\\\/blog\\\/#website\"},\"primaryImageOfPage\":{\"@id\":\"https:\\\/\\\/www.aquimicasa.net\\\/blog\\\/vivienda\\\/noticias-mercado-inmobiliario\\\/presentado-el-nuevo-observatorio-de-la-vivienda-de-navarra\\\/#primaryimage\"},\"image\":{\"@id\":\"https:\\\/\\\/www.aquimicasa.net\\\/blog\\\/vivienda\\\/noticias-mercado-inmobiliario\\\/presentado-el-nuevo-observatorio-de-la-vivienda-de-navarra\\\/#primaryimage\"},\"thumbnailUrl\":\"https:\\\/\\\/www.aquimicasa.net\\\/blog\\\/wp-content\\\/uploads\\\/Begona-Alfaro-e1773090368400.jpg\",\"datePublished\":\"2026-03-09T21:08:07+00:00\",\"dateModified\":\"2026-03-09T21:09:24+00:00\",\"description\":\"Responde tambi\u00e9n a la necesidad de equilibrar el debate p\u00fablico sobre el mercado de la vivienda mediante informaci\u00f3n fiable y transparente\",\"breadcrumb\":{\"@id\":\"https:\\\/\\\/www.aquimicasa.net\\\/blog\\\/vivienda\\\/noticias-mercado-inmobiliario\\\/presentado-el-nuevo-observatorio-de-la-vivienda-de-navarra\\\/#breadcrumb\"},\"inLanguage\":\"es\",\"potentialAction\":[{\"@type\":\"ReadAction\",\"target\":[\"https:\\\/\\\/www.aquimicasa.net\\\/blog\\\/vivienda\\\/noticias-mercado-inmobiliario\\\/presentado-el-nuevo-observatorio-de-la-vivienda-de-navarra\\\/\"]}]},{\"@type\":\"ImageObject\",\"inLanguage\":\"es\",\"@id\":\"https:\\\/\\\/www.aquimicasa.net\\\/blog\\\/vivienda\\\/noticias-mercado-inmobiliario\\\/presentado-el-nuevo-observatorio-de-la-vivienda-de-navarra\\\/#primaryimage\",\"url\":\"https:\\\/\\\/www.aquimicasa.net\\\/blog\\\/wp-content\\\/uploads\\\/Begona-Alfaro-e1773090368400.jpg\",\"contentUrl\":\"https:\\\/\\\/www.aquimicasa.net\\\/blog\\\/wp-content\\\/uploads\\\/Begona-Alfaro-e1773090368400.jpg\",\"width\":600,\"height\":338,\"caption\":\"Bego\u00f1a Alfaro\"},{\"@type\":\"BreadcrumbList\",\"@id\":\"https:\\\/\\\/www.aquimicasa.net\\\/blog\\\/vivienda\\\/noticias-mercado-inmobiliario\\\/presentado-el-nuevo-observatorio-de-la-vivienda-de-navarra\\\/#breadcrumb\",\"itemListElement\":[{\"@type\":\"ListItem\",\"position\":1,\"name\":\"Portada\",\"item\":\"https:\\\/\\\/www.aquimicasa.net\\\/blog\\\/\"},{\"@type\":\"ListItem\",\"position\":2,\"name\":\"Presentado el nuevo Observatorio de la Vivienda de Navarra\"}]},{\"@type\":\"WebSite\",\"@id\":\"https:\\\/\\\/www.aquimicasa.net\\\/blog\\\/#website\",\"url\":\"https:\\\/\\\/www.aquimicasa.net\\\/blog\\\/\",\"name\":\"Blog de aquimicasa.net\",\"description\":\"Noticias del Mundo Inmobiliario\",\"publisher\":{\"@id\":\"https:\\\/\\\/www.aquimicasa.net\\\/blog\\\/#organization\"},\"potentialAction\":[{\"@type\":\"SearchAction\",\"target\":{\"@type\":\"EntryPoint\",\"urlTemplate\":\"https:\\\/\\\/www.aquimicasa.net\\\/blog\\\/?s={search_term_string}\"},\"query-input\":{\"@type\":\"PropertyValueSpecification\",\"valueRequired\":true,\"valueName\":\"search_term_string\"}}],\"inLanguage\":\"es\"},{\"@type\":\"Organization\",\"@id\":\"https:\\\/\\\/www.aquimicasa.net\\\/blog\\\/#organization\",\"name\":\"Blog de aquimicasa.net\",\"url\":\"https:\\\/\\\/www.aquimicasa.net\\\/blog\\\/\",\"logo\":{\"@type\":\"ImageObject\",\"inLanguage\":\"es\",\"@id\":\"https:\\\/\\\/www.aquimicasa.net\\\/blog\\\/#\\\/schema\\\/logo\\\/image\\\/\",\"url\":\"https:\\\/\\\/www.aquimicasa.net\\\/blog\\\/wp-content\\\/uploads\\\/Logo-aquimicasa-1-e1528048213782.png\",\"contentUrl\":\"https:\\\/\\\/www.aquimicasa.net\\\/blog\\\/wp-content\\\/uploads\\\/Logo-aquimicasa-1-e1528048213782.png\",\"width\":225,\"height\":225,\"caption\":\"Blog de aquimicasa.net\"},\"image\":{\"@id\":\"https:\\\/\\\/www.aquimicasa.net\\\/blog\\\/#\\\/schema\\\/logo\\\/image\\\/\"},\"sameAs\":[\"https:\\\/\\\/www.facebook.com\\\/aquimicasa.net\",\"https:\\\/\\\/www.instagram.com\\\/\",\"https:\\\/\\\/x.com\\\/EduLizarragaD\",\"https:\\\/\\\/www.linkedin.com\\\/feed\\\/\"]},{\"@type\":\"Person\",\"@id\":\"https:\\\/\\\/www.aquimicasa.net\\\/blog\\\/#\\\/schema\\\/person\\\/2cdfa2605534583395c8d7ce1d6cac14\",\"name\":\"Eduardo Lizarraga\",\"image\":{\"@type\":\"ImageObject\",\"inLanguage\":\"es\",\"@id\":\"https:\\\/\\\/secure.gravatar.com\\\/avatar\\\/bdabe1eeeed97b65a9cb7de2edd624b07995f7e13abc5fead15961f745f908cc?s=96&d=mm&r=g\",\"url\":\"https:\\\/\\\/secure.gravatar.com\\\/avatar\\\/bdabe1eeeed97b65a9cb7de2edd624b07995f7e13abc5fead15961f745f908cc?s=96&d=mm&r=g\",\"contentUrl\":\"https:\\\/\\\/secure.gravatar.com\\\/avatar\\\/bdabe1eeeed97b65a9cb7de2edd624b07995f7e13abc5fead15961f745f908cc?s=96&d=mm&r=g\",\"caption\":\"Eduardo Lizarraga\"},\"description\":\"Periodista Econ\u00f3mico. Ha trabajado en diversos campos de la informaci\u00f3n. Corresponsal en conflictos, analista pol\u00edtico en Congreso y Senado, periodista del medio ambiente, editor, director editorial, director de comunicaci\u00f3n.... En estos momentos se ha especializado en el sector inmobiliario. Pero tambi\u00e9n es navegante y viajero, preocupado por la pobreza, el medio ambiente y por las actuaciones descontroladas del neoliberalismo empresarial y pol\u00edtico en todo el mundo. Los desahucios, la pobreza infantil y la falta de acceso a los suministros b\u00e1sicos son algunos de los grandes dramas de nuestra sociedad y que es preciso solucionar para hacerla m\u00e1s justa. CEO en www.aquimicasa.net\",\"sameAs\":[\"https:\\\/\\\/www.aquimicasa.net\\\/\"],\"url\":\"https:\\\/\\\/www.aquimicasa.net\\\/blog\\\/author\\\/eduardo\\\/\"}]}<\/script>\n<!-- \/ Yoast SEO plugin. -->","yoast_head_json":{"title":"Presentado el nuevo Observatorio de la Vivienda de Navarra","description":"Responde tambi\u00e9n a la necesidad de equilibrar el debate p\u00fablico sobre el mercado de la vivienda mediante informaci\u00f3n fiable y transparente","robots":{"index":"index","follow":"follow","max-snippet":"max-snippet:-1","max-image-preview":"max-image-preview:large","max-video-preview":"max-video-preview:-1"},"canonical":"https:\/\/www.aquimicasa.net\/blog\/vivienda\/noticias-mercado-inmobiliario\/presentado-el-nuevo-observatorio-de-la-vivienda-de-navarra\/","og_locale":"es_ES","og_type":"article","og_title":"Presentado el nuevo Observatorio de la Vivienda de Navarra","og_description":"Responde tambi\u00e9n a la necesidad de equilibrar el debate p\u00fablico sobre el mercado de la vivienda mediante informaci\u00f3n fiable y transparente","og_url":"https:\/\/www.aquimicasa.net\/blog\/vivienda\/noticias-mercado-inmobiliario\/presentado-el-nuevo-observatorio-de-la-vivienda-de-navarra\/","og_site_name":"Blog de aquimicasa.net","article_publisher":"https:\/\/www.facebook.com\/aquimicasa.net","article_published_time":"2026-03-09T21:08:07+00:00","article_modified_time":"2026-03-09T21:09:24+00:00","og_image":[{"width":600,"height":338,"url":"https:\/\/www.aquimicasa.net\/blog\/wp-content\/uploads\/Begona-Alfaro-e1773090368400.jpg","type":"image\/jpeg"}],"author":"Eduardo Lizarraga","twitter_misc":{"Escrito por":"Eduardo Lizarraga","Tiempo de lectura":"5 minutos"},"schema":{"@context":"https:\/\/schema.org","@graph":[{"@type":"Article","@id":"https:\/\/www.aquimicasa.net\/blog\/vivienda\/noticias-mercado-inmobiliario\/presentado-el-nuevo-observatorio-de-la-vivienda-de-navarra\/#article","isPartOf":{"@id":"https:\/\/www.aquimicasa.net\/blog\/vivienda\/noticias-mercado-inmobiliario\/presentado-el-nuevo-observatorio-de-la-vivienda-de-navarra\/"},"author":{"name":"Eduardo Lizarraga","@id":"https:\/\/www.aquimicasa.net\/blog\/#\/schema\/person\/2cdfa2605534583395c8d7ce1d6cac14"},"headline":"Presentado el nuevo Observatorio de la Vivienda de Navarra","datePublished":"2026-03-09T21:08:07+00:00","dateModified":"2026-03-09T21:09:24+00:00","mainEntityOfPage":{"@id":"https:\/\/www.aquimicasa.net\/blog\/vivienda\/noticias-mercado-inmobiliario\/presentado-el-nuevo-observatorio-de-la-vivienda-de-navarra\/"},"wordCount":1189,"publisher":{"@id":"https:\/\/www.aquimicasa.net\/blog\/#organization"},"image":{"@id":"https:\/\/www.aquimicasa.net\/blog\/vivienda\/noticias-mercado-inmobiliario\/presentado-el-nuevo-observatorio-de-la-vivienda-de-navarra\/#primaryimage"},"thumbnailUrl":"https:\/\/www.aquimicasa.net\/blog\/wp-content\/uploads\/Begona-Alfaro-e1773090368400.jpg","keywords":["newsletter 556"],"articleSection":["Noticias Mercado Inmobiliario"],"inLanguage":"es"},{"@type":"WebPage","@id":"https:\/\/www.aquimicasa.net\/blog\/vivienda\/noticias-mercado-inmobiliario\/presentado-el-nuevo-observatorio-de-la-vivienda-de-navarra\/","url":"https:\/\/www.aquimicasa.net\/blog\/vivienda\/noticias-mercado-inmobiliario\/presentado-el-nuevo-observatorio-de-la-vivienda-de-navarra\/","name":"Presentado el nuevo Observatorio de la Vivienda de Navarra","isPartOf":{"@id":"https:\/\/www.aquimicasa.net\/blog\/#website"},"primaryImageOfPage":{"@id":"https:\/\/www.aquimicasa.net\/blog\/vivienda\/noticias-mercado-inmobiliario\/presentado-el-nuevo-observatorio-de-la-vivienda-de-navarra\/#primaryimage"},"image":{"@id":"https:\/\/www.aquimicasa.net\/blog\/vivienda\/noticias-mercado-inmobiliario\/presentado-el-nuevo-observatorio-de-la-vivienda-de-navarra\/#primaryimage"},"thumbnailUrl":"https:\/\/www.aquimicasa.net\/blog\/wp-content\/uploads\/Begona-Alfaro-e1773090368400.jpg","datePublished":"2026-03-09T21:08:07+00:00","dateModified":"2026-03-09T21:09:24+00:00","description":"Responde tambi\u00e9n a la necesidad de equilibrar el debate p\u00fablico sobre el mercado de la vivienda mediante informaci\u00f3n fiable y transparente","breadcrumb":{"@id":"https:\/\/www.aquimicasa.net\/blog\/vivienda\/noticias-mercado-inmobiliario\/presentado-el-nuevo-observatorio-de-la-vivienda-de-navarra\/#breadcrumb"},"inLanguage":"es","potentialAction":[{"@type":"ReadAction","target":["https:\/\/www.aquimicasa.net\/blog\/vivienda\/noticias-mercado-inmobiliario\/presentado-el-nuevo-observatorio-de-la-vivienda-de-navarra\/"]}]},{"@type":"ImageObject","inLanguage":"es","@id":"https:\/\/www.aquimicasa.net\/blog\/vivienda\/noticias-mercado-inmobiliario\/presentado-el-nuevo-observatorio-de-la-vivienda-de-navarra\/#primaryimage","url":"https:\/\/www.aquimicasa.net\/blog\/wp-content\/uploads\/Begona-Alfaro-e1773090368400.jpg","contentUrl":"https:\/\/www.aquimicasa.net\/blog\/wp-content\/uploads\/Begona-Alfaro-e1773090368400.jpg","width":600,"height":338,"caption":"Bego\u00f1a Alfaro"},{"@type":"BreadcrumbList","@id":"https:\/\/www.aquimicasa.net\/blog\/vivienda\/noticias-mercado-inmobiliario\/presentado-el-nuevo-observatorio-de-la-vivienda-de-navarra\/#breadcrumb","itemListElement":[{"@type":"ListItem","position":1,"name":"Portada","item":"https:\/\/www.aquimicasa.net\/blog\/"},{"@type":"ListItem","position":2,"name":"Presentado el nuevo Observatorio de la Vivienda de Navarra"}]},{"@type":"WebSite","@id":"https:\/\/www.aquimicasa.net\/blog\/#website","url":"https:\/\/www.aquimicasa.net\/blog\/","name":"Blog de aquimicasa.net","description":"Noticias del Mundo Inmobiliario","publisher":{"@id":"https:\/\/www.aquimicasa.net\/blog\/#organization"},"potentialAction":[{"@type":"SearchAction","target":{"@type":"EntryPoint","urlTemplate":"https:\/\/www.aquimicasa.net\/blog\/?s={search_term_string}"},"query-input":{"@type":"PropertyValueSpecification","valueRequired":true,"valueName":"search_term_string"}}],"inLanguage":"es"},{"@type":"Organization","@id":"https:\/\/www.aquimicasa.net\/blog\/#organization","name":"Blog de aquimicasa.net","url":"https:\/\/www.aquimicasa.net\/blog\/","logo":{"@type":"ImageObject","inLanguage":"es","@id":"https:\/\/www.aquimicasa.net\/blog\/#\/schema\/logo\/image\/","url":"https:\/\/www.aquimicasa.net\/blog\/wp-content\/uploads\/Logo-aquimicasa-1-e1528048213782.png","contentUrl":"https:\/\/www.aquimicasa.net\/blog\/wp-content\/uploads\/Logo-aquimicasa-1-e1528048213782.png","width":225,"height":225,"caption":"Blog de aquimicasa.net"},"image":{"@id":"https:\/\/www.aquimicasa.net\/blog\/#\/schema\/logo\/image\/"},"sameAs":["https:\/\/www.facebook.com\/aquimicasa.net","https:\/\/www.instagram.com\/","https:\/\/x.com\/EduLizarragaD","https:\/\/www.linkedin.com\/feed\/"]},{"@type":"Person","@id":"https:\/\/www.aquimicasa.net\/blog\/#\/schema\/person\/2cdfa2605534583395c8d7ce1d6cac14","name":"Eduardo Lizarraga","image":{"@type":"ImageObject","inLanguage":"es","@id":"https:\/\/secure.gravatar.com\/avatar\/bdabe1eeeed97b65a9cb7de2edd624b07995f7e13abc5fead15961f745f908cc?s=96&d=mm&r=g","url":"https:\/\/secure.gravatar.com\/avatar\/bdabe1eeeed97b65a9cb7de2edd624b07995f7e13abc5fead15961f745f908cc?s=96&d=mm&r=g","contentUrl":"https:\/\/secure.gravatar.com\/avatar\/bdabe1eeeed97b65a9cb7de2edd624b07995f7e13abc5fead15961f745f908cc?s=96&d=mm&r=g","caption":"Eduardo Lizarraga"},"description":"Periodista Econ\u00f3mico. Ha trabajado en diversos campos de la informaci\u00f3n. Corresponsal en conflictos, analista pol\u00edtico en Congreso y Senado, periodista del medio ambiente, editor, director editorial, director de comunicaci\u00f3n.... En estos momentos se ha especializado en el sector inmobiliario. Pero tambi\u00e9n es navegante y viajero, preocupado por la pobreza, el medio ambiente y por las actuaciones descontroladas del neoliberalismo empresarial y pol\u00edtico en todo el mundo. Los desahucios, la pobreza infantil y la falta de acceso a los suministros b\u00e1sicos son algunos de los grandes dramas de nuestra sociedad y que es preciso solucionar para hacerla m\u00e1s justa. CEO en www.aquimicasa.net","sameAs":["https:\/\/www.aquimicasa.net\/"],"url":"https:\/\/www.aquimicasa.net\/blog\/author\/eduardo\/"}]}},"jetpack_publicize_connections":[],"jetpack_featured_media_url":"https:\/\/www.aquimicasa.net\/blog\/wp-content\/uploads\/Begona-Alfaro-e1773090368400.jpg","jetpack_sharing_enabled":true,"jetpack_likes_enabled":true,"_links":{"self":[{"href":"https:\/\/www.aquimicasa.net\/blog\/wp-json\/wp\/v2\/posts\/55403","targetHints":{"allow":["GET"]}}],"collection":[{"href":"https:\/\/www.aquimicasa.net\/blog\/wp-json\/wp\/v2\/posts"}],"about":[{"href":"https:\/\/www.aquimicasa.net\/blog\/wp-json\/wp\/v2\/types\/post"}],"author":[{"embeddable":true,"href":"https:\/\/www.aquimicasa.net\/blog\/wp-json\/wp\/v2\/users\/3"}],"replies":[{"embeddable":true,"href":"https:\/\/www.aquimicasa.net\/blog\/wp-json\/wp\/v2\/comments?post=55403"}],"version-history":[{"count":2,"href":"https:\/\/www.aquimicasa.net\/blog\/wp-json\/wp\/v2\/posts\/55403\/revisions"}],"predecessor-version":[{"id":55406,"href":"https:\/\/www.aquimicasa.net\/blog\/wp-json\/wp\/v2\/posts\/55403\/revisions\/55406"}],"wp:featuredmedia":[{"embeddable":true,"href":"https:\/\/www.aquimicasa.net\/blog\/wp-json\/wp\/v2\/media\/55405"}],"wp:attachment":[{"href":"https:\/\/www.aquimicasa.net\/blog\/wp-json\/wp\/v2\/media?parent=55403"}],"wp:term":[{"taxonomy":"category","embeddable":true,"href":"https:\/\/www.aquimicasa.net\/blog\/wp-json\/wp\/v2\/categories?post=55403"},{"taxonomy":"post_tag","embeddable":true,"href":"https:\/\/www.aquimicasa.net\/blog\/wp-json\/wp\/v2\/tags?post=55403"}],"curies":[{"name":"wp","href":"https:\/\/api.w.org\/{rel}","templated":true}]}}