{"id":55413,"date":"2026-03-10T22:01:06","date_gmt":"2026-03-10T21:01:06","guid":{"rendered":"https:\/\/www.aquimicasa.net\/blog\/?p=55413"},"modified":"2026-03-10T22:05:39","modified_gmt":"2026-03-10T21:05:39","slug":"la-guerra-de-trump-ya-afecta-al-inmobiliario","status":"publish","type":"post","link":"https:\/\/www.aquimicasa.net\/blog\/economia\/credito-hipotecario\/la-guerra-de-trump-ya-afecta-al-inmobiliario\/","title":{"rendered":"La guerra de Trump ya afecta al inmobiliario"},"content":{"rendered":"<div class=\"fusion-fullwidth fullwidth-box fusion-builder-row-1 fusion-flex-container nonhundred-percent-fullwidth non-hundred-percent-height-scrolling\" style=\"background-color: rgba(255,255,255,0);background-position: center center;background-repeat: no-repeat;border-width: 0px 0px 0px 0px;border-color:#eae9e9;border-style:solid;\" ><div class=\"fusion-builder-row fusion-row fusion-flex-align-items-flex-start\" style=\"max-width:1144px;margin-left: calc(-4% \/ 2 );margin-right: calc(-4% \/ 2 );\"><div class=\"fusion-layout-column fusion_builder_column fusion-builder-column-0 fusion_builder_column_1_1 1_1 fusion-flex-column\"><div class=\"fusion-column-wrapper fusion-flex-justify-content-flex-start fusion-content-layout-column\" style=\"background-position:left top;background-repeat:no-repeat;-webkit-background-size:cover;-moz-background-size:cover;-o-background-size:cover;background-size:cover;padding: 0px 0px 0px 0px;\"><div class=\"fusion-text fusion-text-1\"><p>El mercado hipotecario espa\u00f1ol vuelve a mirar con preocupaci\u00f3n al eur\u00edbor. El \u00edndice de referencia m\u00e1s utilizado en las hipotecas variables ha registrado un <strong data-start=\"207\" data-end=\"239\">salto brusco hasta el 2,552%<\/strong>, una subida diaria de <strong data-start=\"262\" data-end=\"279\">185 mil\u00e9simas<\/strong> que no se ve\u00eda desde hace a\u00f1os y que ha encendido las alarmas en el sector financiero y en el inmobiliario. El movimiento se produce en un contexto internacional de elevada incertidumbre, marcado por el conflicto en Oriente Medio y por el impacto que puede tener sobre los precios de la energ\u00eda y la inflaci\u00f3n.<\/p>\n<div class=\"relative basis-auto flex-col -mb-(--composer-overlap-px) &#091;--composer-overlap-px:28px&#093; grow flex\">\n<div class=\"flex flex-col text-sm pb-25\">\n<article class=\"text-token-text-primary w-full focus:outline-none &#091;--shadow-height:45px&#093; has-data-writing-block:pointer-events-none has-data-writing-block:-mt-(--shadow-height) has-data-writing-block:pt-(--shadow-height) &#091;&amp;:has(&#091;data-writing-block&#093;)&gt;*&#093;:pointer-events-auto scroll-mt-&#091;calc(var(--header-height)+min(200px,max(70px,20svh)))&#093;\" dir=\"auto\" tabindex=\"-1\" data-turn-id=\"request-699cd26c-8f3c-8397-b08d-866e816dc045-2\" data-testid=\"conversation-turn-212\" data-scroll-anchor=\"true\" data-turn=\"assistant\">\n<div class=\"text-base my-auto mx-auto pb-10 &#091;--thread-content-margin:var(--thread-content-margin-xs,calc(var(--spacing)*4))&#093; @w-sm\/main:&#091;--thread-content-margin:var(--thread-content-margin-sm,calc(var(--spacing)*6))&#093; @w-lg\/main:&#091;--thread-content-margin:var(--thread-content-margin-lg,calc(var(--spacing)*16))&#093; px-(--thread-content-margin)\">\n<div class=\"&#091;--thread-content-max-width:40rem&#093; @w-lg\/main:&#091;--thread-content-max-width:48rem&#093; mx-auto max-w-(--thread-content-max-width) flex-1 group\/turn-messages focus-visible:outline-hidden relative flex w-full min-w-0 flex-col agent-turn\" tabindex=\"-1\">\n<div class=\"flex max-w-full flex-col gap-4 grow\">\n<div class=\"min-h-8 text-message relative flex w-full flex-col items-end gap-2 text-start break-words whitespace-normal &#091;.text-message+&amp;&#093;:mt-1\" dir=\"auto\" data-message-author-role=\"assistant\" data-message-id=\"22013937-6bd2-4f52-ad27-5f42a64959ca\" data-message-model-slug=\"gpt-5-3\">\n<div class=\"flex w-full flex-col gap-1 empty:hidden\">\n<div class=\"markdown prose dark:prose-invert w-full wrap-break-word light markdown-new-styling\">\n<p data-start=\"592\" data-end=\"1060\">La segunda semana de marzo arranca as\u00ed con una subida que incluso algunos analistas consideran excesiva y susceptible de correcci\u00f3n en los pr\u00f3ximos d\u00edas. Sin embargo, el mensaje que env\u00eda el mercado es claro: <strong data-start=\"801\" data-end=\"900\">la estabilidad que parec\u00eda haberse instalado en los \u00faltimos meses podr\u00eda estar resquebraj\u00e1ndose<\/strong>. Si esta tendencia se consolida, el impacto se trasladar\u00e1 r\u00e1pidamente a las hipotecas variables y, por extensi\u00f3n, al comportamiento de la demanda inmobiliaria.<\/p>\n<p data-start=\"1062\" data-end=\"1530\">Mientras tanto, <strong data-start=\"1078\" data-end=\"1153\">la media provisional del eur\u00edbor en marzo de 2026 se sit\u00faa en el 2,332%<\/strong>, lo que supone una ligera subida respecto al mes anterior. Aun as\u00ed, para quienes revisen su hipoteca de forma anual la referencia sigue siendo algo inferior a la de marzo de 2025, cuando el indicador se situaba en el 2,398%. Esa diferencia todav\u00eda permite peque\u00f1as rebajas en algunas revisiones, aunque el panorama podr\u00eda cambiar si las tensiones internacionales se prolongan.<\/p>\n<h2 data-section-id=\"1ptzjhq\" data-start=\"1532\" data-end=\"1579\"><strong>La autoridad monetaria endurecer\u00e1 su pol\u00edtica monetaria<\/strong><\/h2>\n<p data-start=\"1581\" data-end=\"1944\">La escalada del eur\u00edbor no se entiende sin el contexto geopol\u00edtico actual. Desde finales de febrero, cuando Estados Unidos e Israel iniciaron los ataques contra Ir\u00e1n, <strong data-start=\"1748\" data-end=\"1819\">los mercados financieros han reaccionado con una fuerte volatilidad<\/strong>. El resultado ha sido una subida acelerada del indicador hipotecario, que ha alcanzado m\u00e1ximos de los \u00faltimos catorce meses.<\/p>\n<p data-start=\"1946\" data-end=\"2331\">La raz\u00f3n es sencilla: el conflicto ha provocado temores sobre el suministro energ\u00e9tico mundial. El bloqueo del Estrecho de Ormuz, por donde circula cerca de una quinta parte del petr\u00f3leo y gas que se transporta por mar, <strong data-start=\"2166\" data-end=\"2246\">ha disparado las alertas sobre una posible subida de los precios energ\u00e9ticos<\/strong>. Y cuando sube la energ\u00eda, el siguiente efecto suele ser el aumento de la inflaci\u00f3n.<\/p>\n<p data-start=\"2333\" data-end=\"2726\">Ese escenario preocupa especialmente al Banco Central Europeo, cuyo objetivo es mantener la inflaci\u00f3n en torno al 2%. Si el encarecimiento del petr\u00f3leo y del gas empuja los precios al alza, la autoridad monetaria podr\u00eda verse obligada a endurecer su pol\u00edtica monetaria. <strong data-start=\"2603\" data-end=\"2691\">La sola posibilidad de que suban los tipos ya est\u00e1 moviendo el mercado interbancario<\/strong>, que es donde se forma el eur\u00edbor.<\/p>\n<h2 data-section-id=\"1dd06oe\" data-start=\"2728\" data-end=\"2783\"><strong>\u00bfQu\u00e9 har\u00e1n las hipotecas variables en marzo de 2026?<\/strong><\/h2>\n<p data-start=\"2785\" data-end=\"3112\">Con la media provisional del eur\u00edbor en el <strong data-start=\"2828\" data-end=\"2838\">2,332%<\/strong>, el impacto en las hipotecas ya empieza a notarse. En una hipoteca tipo de <strong data-start=\"2914\" data-end=\"2988\">150.000 euros a 25 a\u00f1os con un diferencial del 1% y revisi\u00f3n semestral<\/strong>, la cuota mensual pasar\u00eda de pagar <strong data-start=\"3024\" data-end=\"3055\">849,81 euros a 862,49 euros<\/strong>, lo que supone un aumento de unos <strong data-start=\"3090\" data-end=\"3111\">12,7 euros al mes<\/strong>.<\/p>\n<p data-start=\"3114\" data-end=\"3471\">En cambio, quienes revisen su pr\u00e9stamo de forma anual todav\u00eda podr\u00edan experimentar un peque\u00f1o alivio. En ese caso, la cuota pasar\u00eda de <strong data-start=\"3249\" data-end=\"3280\">867,75 euros a 862,49 euros<\/strong>, lo que implicar\u00eda una reducci\u00f3n de unos <strong data-start=\"3322\" data-end=\"3345\">5,3 euros mensuales<\/strong>. Sin embargo, este escenario podr\u00eda cambiar r\u00e1pidamente si el eur\u00edbor mantiene la tendencia alcista durante el resto del mes.<\/p>\n<p data-start=\"3473\" data-end=\"3744\">Conviene recordar que <strong data-start=\"3495\" data-end=\"3573\">las revisiones hipotecarias se calculan con la media mensual del indicador<\/strong>, no con el dato diario. Por eso, aunque el repunte actual es significativo, todav\u00eda quedan muchas sesiones de mercado antes de que se cierre la media definitiva de marzo.<\/p>\n<h2 data-section-id=\"1qeha41\" data-start=\"3746\" data-end=\"3863\"><strong>Este repunte diario de casi dos d\u00e9cimas es el cuarto m\u00e1s alto que ha registrado el indicador desde finales de 1998<\/strong><\/h2>\n<p data-start=\"3865\" data-end=\"4117\">El dato registrado el 10 de marzo tiene adem\u00e1s un valor hist\u00f3rico. Seg\u00fan las estad\u00edsticas del Banco de Espa\u00f1a, <strong data-start=\"3976\" data-end=\"4057\">la subida diaria de casi dos d\u00e9cimas es la cuarta mayor registrada desde 1998<\/strong>, una se\u00f1al clara de la tensi\u00f3n que atraviesan los mercados.<\/p>\n<p data-start=\"4119\" data-end=\"4477\">En toda la serie hist\u00f3rica solo tres jornadas han registrado incrementos superiores: el <strong data-start=\"4207\" data-end=\"4229\">6 de junio de 2008<\/strong>, con un salto de 29,3 puntos b\u00e1sicos; el <strong data-start=\"4271\" data-end=\"4294\">12 de abril de 2001<\/strong>, con 19,9 puntos; y el <strong data-start=\"4318\" data-end=\"4340\">9 de junio de 2000<\/strong>, con 19,4 puntos b\u00e1sicos. El episodio actual se sit\u00faa inmediatamente despu\u00e9s de esos picos, lo que refleja la intensidad del movimiento.<\/p>\n<p data-start=\"4479\" data-end=\"4818\">Hasta hace pocas semanas el eur\u00edbor parec\u00eda haberse estabilizado. Durante gran parte del a\u00f1o pasado el indicador se movi\u00f3 <strong data-start=\"4601\" data-end=\"4627\">entre el 2% y el 2,25%<\/strong>, y justo antes de que estallara el conflicto en Oriente Medio se situaba en torno al <strong data-start=\"4713\" data-end=\"4722\">2,22%<\/strong>. Esa estabilidad alimentaba la expectativa de que el ciclo de subidas de tipos hab\u00eda terminado.<\/p>\n<p data-start=\"4820\" data-end=\"4884\">El repunte actual, sin embargo, ha cambiado el tono del mercado.<\/p>\n<h2 data-section-id=\"54xuxg\" data-start=\"4886\" data-end=\"4949\"><strong>\u00bfQu\u00e9 se prev\u00e9 que haga el BCE en la reuni\u00f3n del 19 de marzo?<\/strong><\/h2>\n<p data-start=\"4951\" data-end=\"5321\">La pr\u00f3xima cita clave ser\u00e1 la reuni\u00f3n del <strong data-start=\"4993\" data-end=\"5034\">Banco Central Europeo del 19 de marzo<\/strong>, en la que el Consejo de Gobierno volver\u00e1 a evaluar la evoluci\u00f3n de la inflaci\u00f3n y del crecimiento econ\u00f3mico. Las reuniones de pol\u00edtica monetaria se celebran aproximadamente cada seis semanas y suelen ir acompa\u00f1adas de una rueda de prensa en la que se explican las decisiones adoptadas.<\/p>\n<p data-start=\"5323\" data-end=\"5540\">Hasta hace poco el mercado descontaba que <strong data-start=\"5365\" data-end=\"5453\">los tipos se mantendr\u00edan estables o incluso podr\u00edan bajar ligeramente durante el a\u00f1o<\/strong>. De hecho, algunos analistas preve\u00edan hasta dos recortes de 25 puntos b\u00e1sicos en 2026.<\/p>\n<p data-start=\"5542\" data-end=\"5880\">Sin embargo, el nuevo escenario energ\u00e9tico ha reabierto el debate. Si los precios del petr\u00f3leo y del gas siguen subiendo, la inflaci\u00f3n podr\u00eda repuntar de nuevo en Europa. En ese caso, <strong data-start=\"5726\" data-end=\"5813\">el BCE podr\u00eda verse obligado a subir los tipos para contener la escalada de precios<\/strong>, lo que tendr\u00eda un impacto inmediato en el coste de las hipotecas.<\/p>\n<h2 data-section-id=\"khzvz6\" data-start=\"5882\" data-end=\"5933\"><strong>Aumento de precios energ\u00e9ticos y de la inflaci\u00f3n<\/strong><\/h2>\n<p data-start=\"5935\" data-end=\"6271\">El encarecimiento del petr\u00f3leo ya empieza a reflejarse en los mercados internacionales. El barril de Brent, referencia en Europa, ha superado los <strong data-start=\"6081\" data-end=\"6096\">107 d\u00f3lares<\/strong>, impulsado por la incertidumbre sobre el suministro global. Este aumento tiene consecuencias directas en el precio de la energ\u00eda, el transporte y numerosos bienes de consumo.<\/p>\n<p data-start=\"6273\" data-end=\"6578\">Cuando la energ\u00eda se encarece, <strong data-start=\"6304\" data-end=\"6338\">la inflaci\u00f3n tiende a repuntar<\/strong>, lo que complica la estrategia de los bancos centrales. En ese contexto, la posibilidad de un escenario de <strong data-start=\"6446\" data-end=\"6462\">estanflaci\u00f3n<\/strong> \u2014crecimiento econ\u00f3mico d\u00e9bil combinado con precios altos\u2014 vuelve a aparecer en los an\u00e1lisis de algunos economistas.<\/p>\n<p data-start=\"6580\" data-end=\"6734\">Para el mercado inmobiliario, la ecuaci\u00f3n es clara: <strong data-start=\"6632\" data-end=\"6733\">si suben los tipos, suben las hipotecas; si suben las hipotecas, se enfr\u00eda la demanda de vivienda<\/strong>.<\/p>\n<h2 data-section-id=\"1au6pm\" data-start=\"6736\" data-end=\"6832\"><strong>Las previsiones para el resto del a\u00f1o y la salud del inmobiliario dependen del humor de Trump<\/strong><\/h2>\n<p data-start=\"6834\" data-end=\"7141\">El futuro inmediato del eur\u00edbor y del mercado inmobiliario europeo depender\u00e1 en gran medida de la evoluci\u00f3n del conflicto internacional. Muchos analistas siguen apostando por una <strong data-start=\"7013\" data-end=\"7029\">guerra corta<\/strong>, lo que permitir\u00eda que los precios energ\u00e9ticos se estabilizaran y que el BCE mantuviera su hoja de ruta actual.<\/p>\n<p data-start=\"7143\" data-end=\"7412\">Sin embargo, si la tensi\u00f3n se prolonga, el escenario podr\u00eda cambiar radicalmente. El mercado ya empieza a descontar <strong data-start=\"7259\" data-end=\"7308\">posibles subidas de tipos en lugar de bajadas<\/strong>, lo que supondr\u00eda un giro importante respecto a las previsiones que dominaban hace apenas unas semanas.<\/p>\n<p data-start=\"7414\" data-end=\"7777\">En ese contexto, el sector inmobiliario observa con inquietud la evoluci\u00f3n de los acontecimientos. <strong data-start=\"7513\" data-end=\"7624\">Las previsiones de crecimiento para 2026 se apoyaban en unas condiciones financieras relativamente estables<\/strong>, con tipos moderados y un eur\u00edbor controlado. Si ese equilibrio se rompe, la demanda podr\u00eda ajustarse y las expectativas del mercado sufrir\u00edan un golpe.<\/p>\n<p data-start=\"7779\" data-end=\"8026\" data-is-last-node=\"\" data-is-only-node=\"\">Por ahora, la \u00fanica certeza es la incertidumbre. Y en un escenario donde <strong data-start=\"7852\" data-end=\"7929\">la pol\u00edtica internacional puede alterar los mercados en cuesti\u00f3n de horas<\/strong>, el eur\u00edbor vuelve a convertirse en uno de los term\u00f3metros m\u00e1s sensibles de la econom\u00eda europea.<\/p>\n<\/div>\n<\/div>\n<\/div>\n<\/div>\n<\/div>\n<\/div>\n<\/article>\n<\/div>\n<\/div>\n<\/div><\/div><style type=\"text\/css\">.fusion-body .fusion-builder-column-0{width:100% !important;margin-top : 0px;margin-bottom : 0px;}.fusion-builder-column-0 > .fusion-column-wrapper {padding-top : 0px !important;padding-right : 0px !important;margin-right : 1.92%;padding-bottom : 0px !important;padding-left : 0px !important;margin-left : 1.92%;}@media only screen and (max-width:1024px) {.fusion-body .fusion-builder-column-0{width:100% !important;}.fusion-builder-column-0 > .fusion-column-wrapper {margin-right : 1.92%;margin-left : 1.92%;}}@media only screen and (max-width:640px) {.fusion-body .fusion-builder-column-0{width:100% !important;}.fusion-builder-column-0 > .fusion-column-wrapper {margin-right : 1.92%;margin-left : 1.92%;}}<\/style><\/div><\/div><style type=\"text\/css\">.fusion-body .fusion-flex-container.fusion-builder-row-1{ padding-top : 0px;margin-top : 0px;padding-right : 0px;padding-bottom : 0px;margin-bottom : 0px;padding-left : 0px;}<\/style><\/div>\n","protected":false},"excerpt":{"rendered":"<p>Seg\u00fan las estad\u00edsticas del Banco de Espa\u00f1a, la subida diaria de casi dos d\u00e9cimas es la cuarta mayor registrada desde 1998, una se\u00f1al clara de la tensi\u00f3n que atraviesan los mercados.<\/p>\n","protected":false},"author":3,"featured_media":51135,"comment_status":"closed","ping_status":"closed","sticky":false,"template":"","format":"standard","meta":{"_jetpack_memberships_contains_paid_content":false,"footnotes":"","jetpack_publicize_message":"","jetpack_publicize_feature_enabled":true,"jetpack_social_post_already_shared":true,"jetpack_social_options":{"image_generator_settings":{"template":"highway","default_image_id":0,"font":"","enabled":false},"version":2}},"categories":[43],"tags":[8285],"class_list":["post-55413","post","type-post","status-publish","format-standard","has-post-thumbnail","hentry","category-credito-hipotecario","tag-newsletter-556"],"yoast_head":"<!-- This site is optimized with the Yoast SEO plugin v27.5 - https:\/\/yoast.com\/product\/yoast-seo-wordpress\/ -->\n<title>La guerra de Trump ya afecta al inmobiliario<\/title>\n<meta name=\"description\" content=\"Si el encarecimiento de los combustibles empuja los precios al alza, el BCE podr\u00eda verse obligada a endurecer su pol\u00edtica monetaria.\" \/>\n<meta name=\"robots\" content=\"index, follow, max-snippet:-1, max-image-preview:large, max-video-preview:-1\" \/>\n<link rel=\"canonical\" href=\"https:\/\/www.aquimicasa.net\/blog\/economia\/credito-hipotecario\/la-guerra-de-trump-ya-afecta-al-inmobiliario\/\" \/>\n<meta property=\"og:locale\" content=\"es_ES\" \/>\n<meta property=\"og:type\" content=\"article\" \/>\n<meta property=\"og:title\" content=\"La guerra de Trump ya afecta al inmobiliario\" \/>\n<meta property=\"og:description\" content=\"Si el encarecimiento de los combustibles empuja los precios al alza, el BCE podr\u00eda verse obligada a endurecer su pol\u00edtica monetaria.\" \/>\n<meta property=\"og:url\" content=\"https:\/\/www.aquimicasa.net\/blog\/economia\/credito-hipotecario\/la-guerra-de-trump-ya-afecta-al-inmobiliario\/\" \/>\n<meta property=\"og:site_name\" content=\"Blog de aquimicasa.net\" \/>\n<meta property=\"article:publisher\" content=\"https:\/\/www.facebook.com\/aquimicasa.net\" \/>\n<meta property=\"article:published_time\" content=\"2026-03-10T21:01:06+00:00\" \/>\n<meta property=\"article:modified_time\" content=\"2026-03-10T21:05:39+00:00\" \/>\n<meta property=\"og:image\" content=\"https:\/\/www.aquimicasa.net\/blog\/wp-content\/uploads\/Euribor5-1-e1744738278855.jpg\" \/>\n\t<meta property=\"og:image:width\" content=\"600\" \/>\n\t<meta property=\"og:image:height\" content=\"338\" \/>\n\t<meta property=\"og:image:type\" content=\"image\/jpeg\" \/>\n<meta name=\"author\" content=\"Eduardo Lizarraga\" \/>\n<meta name=\"twitter:label1\" content=\"Escrito por\" \/>\n\t<meta name=\"twitter:data1\" content=\"Eduardo Lizarraga\" \/>\n\t<meta name=\"twitter:label2\" content=\"Tiempo de lectura\" \/>\n\t<meta name=\"twitter:data2\" content=\"7 minutos\" \/>\n<script type=\"application\/ld+json\" class=\"yoast-schema-graph\">{\"@context\":\"https:\\\/\\\/schema.org\",\"@graph\":[{\"@type\":\"Article\",\"@id\":\"https:\\\/\\\/www.aquimicasa.net\\\/blog\\\/economia\\\/credito-hipotecario\\\/la-guerra-de-trump-ya-afecta-al-inmobiliario\\\/#article\",\"isPartOf\":{\"@id\":\"https:\\\/\\\/www.aquimicasa.net\\\/blog\\\/economia\\\/credito-hipotecario\\\/la-guerra-de-trump-ya-afecta-al-inmobiliario\\\/\"},\"author\":{\"name\":\"Eduardo Lizarraga\",\"@id\":\"https:\\\/\\\/www.aquimicasa.net\\\/blog\\\/#\\\/schema\\\/person\\\/2cdfa2605534583395c8d7ce1d6cac14\"},\"headline\":\"La guerra de Trump ya afecta al inmobiliario\",\"datePublished\":\"2026-03-10T21:01:06+00:00\",\"dateModified\":\"2026-03-10T21:05:39+00:00\",\"mainEntityOfPage\":{\"@id\":\"https:\\\/\\\/www.aquimicasa.net\\\/blog\\\/economia\\\/credito-hipotecario\\\/la-guerra-de-trump-ya-afecta-al-inmobiliario\\\/\"},\"wordCount\":1610,\"publisher\":{\"@id\":\"https:\\\/\\\/www.aquimicasa.net\\\/blog\\\/#organization\"},\"image\":{\"@id\":\"https:\\\/\\\/www.aquimicasa.net\\\/blog\\\/economia\\\/credito-hipotecario\\\/la-guerra-de-trump-ya-afecta-al-inmobiliario\\\/#primaryimage\"},\"thumbnailUrl\":\"https:\\\/\\\/www.aquimicasa.net\\\/blog\\\/wp-content\\\/uploads\\\/Euribor5-1-e1744738278855.jpg\",\"keywords\":[\"newsletter 556\"],\"articleSection\":[\"Cr\u00e9dito hipotecario\"],\"inLanguage\":\"es\"},{\"@type\":\"WebPage\",\"@id\":\"https:\\\/\\\/www.aquimicasa.net\\\/blog\\\/economia\\\/credito-hipotecario\\\/la-guerra-de-trump-ya-afecta-al-inmobiliario\\\/\",\"url\":\"https:\\\/\\\/www.aquimicasa.net\\\/blog\\\/economia\\\/credito-hipotecario\\\/la-guerra-de-trump-ya-afecta-al-inmobiliario\\\/\",\"name\":\"La guerra de Trump ya afecta al inmobiliario\",\"isPartOf\":{\"@id\":\"https:\\\/\\\/www.aquimicasa.net\\\/blog\\\/#website\"},\"primaryImageOfPage\":{\"@id\":\"https:\\\/\\\/www.aquimicasa.net\\\/blog\\\/economia\\\/credito-hipotecario\\\/la-guerra-de-trump-ya-afecta-al-inmobiliario\\\/#primaryimage\"},\"image\":{\"@id\":\"https:\\\/\\\/www.aquimicasa.net\\\/blog\\\/economia\\\/credito-hipotecario\\\/la-guerra-de-trump-ya-afecta-al-inmobiliario\\\/#primaryimage\"},\"thumbnailUrl\":\"https:\\\/\\\/www.aquimicasa.net\\\/blog\\\/wp-content\\\/uploads\\\/Euribor5-1-e1744738278855.jpg\",\"datePublished\":\"2026-03-10T21:01:06+00:00\",\"dateModified\":\"2026-03-10T21:05:39+00:00\",\"description\":\"Si el encarecimiento de los combustibles empuja los precios al alza, el BCE podr\u00eda verse obligada a endurecer su pol\u00edtica monetaria.\",\"breadcrumb\":{\"@id\":\"https:\\\/\\\/www.aquimicasa.net\\\/blog\\\/economia\\\/credito-hipotecario\\\/la-guerra-de-trump-ya-afecta-al-inmobiliario\\\/#breadcrumb\"},\"inLanguage\":\"es\",\"potentialAction\":[{\"@type\":\"ReadAction\",\"target\":[\"https:\\\/\\\/www.aquimicasa.net\\\/blog\\\/economia\\\/credito-hipotecario\\\/la-guerra-de-trump-ya-afecta-al-inmobiliario\\\/\"]}]},{\"@type\":\"ImageObject\",\"inLanguage\":\"es\",\"@id\":\"https:\\\/\\\/www.aquimicasa.net\\\/blog\\\/economia\\\/credito-hipotecario\\\/la-guerra-de-trump-ya-afecta-al-inmobiliario\\\/#primaryimage\",\"url\":\"https:\\\/\\\/www.aquimicasa.net\\\/blog\\\/wp-content\\\/uploads\\\/Euribor5-1-e1744738278855.jpg\",\"contentUrl\":\"https:\\\/\\\/www.aquimicasa.net\\\/blog\\\/wp-content\\\/uploads\\\/Euribor5-1-e1744738278855.jpg\",\"width\":600,\"height\":338,\"caption\":\"El Eur\u00edbor da un salto pocas veces visto\"},{\"@type\":\"BreadcrumbList\",\"@id\":\"https:\\\/\\\/www.aquimicasa.net\\\/blog\\\/economia\\\/credito-hipotecario\\\/la-guerra-de-trump-ya-afecta-al-inmobiliario\\\/#breadcrumb\",\"itemListElement\":[{\"@type\":\"ListItem\",\"position\":1,\"name\":\"Portada\",\"item\":\"https:\\\/\\\/www.aquimicasa.net\\\/blog\\\/\"},{\"@type\":\"ListItem\",\"position\":2,\"name\":\"La guerra de Trump ya afecta al inmobiliario\"}]},{\"@type\":\"WebSite\",\"@id\":\"https:\\\/\\\/www.aquimicasa.net\\\/blog\\\/#website\",\"url\":\"https:\\\/\\\/www.aquimicasa.net\\\/blog\\\/\",\"name\":\"Blog de aquimicasa.net\",\"description\":\"Noticias del Mundo Inmobiliario\",\"publisher\":{\"@id\":\"https:\\\/\\\/www.aquimicasa.net\\\/blog\\\/#organization\"},\"potentialAction\":[{\"@type\":\"SearchAction\",\"target\":{\"@type\":\"EntryPoint\",\"urlTemplate\":\"https:\\\/\\\/www.aquimicasa.net\\\/blog\\\/?s={search_term_string}\"},\"query-input\":{\"@type\":\"PropertyValueSpecification\",\"valueRequired\":true,\"valueName\":\"search_term_string\"}}],\"inLanguage\":\"es\"},{\"@type\":\"Organization\",\"@id\":\"https:\\\/\\\/www.aquimicasa.net\\\/blog\\\/#organization\",\"name\":\"Blog de aquimicasa.net\",\"url\":\"https:\\\/\\\/www.aquimicasa.net\\\/blog\\\/\",\"logo\":{\"@type\":\"ImageObject\",\"inLanguage\":\"es\",\"@id\":\"https:\\\/\\\/www.aquimicasa.net\\\/blog\\\/#\\\/schema\\\/logo\\\/image\\\/\",\"url\":\"https:\\\/\\\/www.aquimicasa.net\\\/blog\\\/wp-content\\\/uploads\\\/Logo-aquimicasa-1-e1528048213782.png\",\"contentUrl\":\"https:\\\/\\\/www.aquimicasa.net\\\/blog\\\/wp-content\\\/uploads\\\/Logo-aquimicasa-1-e1528048213782.png\",\"width\":225,\"height\":225,\"caption\":\"Blog de aquimicasa.net\"},\"image\":{\"@id\":\"https:\\\/\\\/www.aquimicasa.net\\\/blog\\\/#\\\/schema\\\/logo\\\/image\\\/\"},\"sameAs\":[\"https:\\\/\\\/www.facebook.com\\\/aquimicasa.net\",\"https:\\\/\\\/www.instagram.com\\\/\",\"https:\\\/\\\/x.com\\\/EduLizarragaD\",\"https:\\\/\\\/www.linkedin.com\\\/feed\\\/\"]},{\"@type\":\"Person\",\"@id\":\"https:\\\/\\\/www.aquimicasa.net\\\/blog\\\/#\\\/schema\\\/person\\\/2cdfa2605534583395c8d7ce1d6cac14\",\"name\":\"Eduardo Lizarraga\",\"image\":{\"@type\":\"ImageObject\",\"inLanguage\":\"es\",\"@id\":\"https:\\\/\\\/secure.gravatar.com\\\/avatar\\\/bdabe1eeeed97b65a9cb7de2edd624b07995f7e13abc5fead15961f745f908cc?s=96&d=mm&r=g\",\"url\":\"https:\\\/\\\/secure.gravatar.com\\\/avatar\\\/bdabe1eeeed97b65a9cb7de2edd624b07995f7e13abc5fead15961f745f908cc?s=96&d=mm&r=g\",\"contentUrl\":\"https:\\\/\\\/secure.gravatar.com\\\/avatar\\\/bdabe1eeeed97b65a9cb7de2edd624b07995f7e13abc5fead15961f745f908cc?s=96&d=mm&r=g\",\"caption\":\"Eduardo Lizarraga\"},\"description\":\"Periodista Econ\u00f3mico. Ha trabajado en diversos campos de la informaci\u00f3n. Corresponsal en conflictos, analista pol\u00edtico en Congreso y Senado, periodista del medio ambiente, editor, director editorial, director de comunicaci\u00f3n.... En estos momentos se ha especializado en el sector inmobiliario. Pero tambi\u00e9n es navegante y viajero, preocupado por la pobreza, el medio ambiente y por las actuaciones descontroladas del neoliberalismo empresarial y pol\u00edtico en todo el mundo. Los desahucios, la pobreza infantil y la falta de acceso a los suministros b\u00e1sicos son algunos de los grandes dramas de nuestra sociedad y que es preciso solucionar para hacerla m\u00e1s justa. CEO en www.aquimicasa.net\",\"sameAs\":[\"https:\\\/\\\/www.aquimicasa.net\\\/\"],\"url\":\"https:\\\/\\\/www.aquimicasa.net\\\/blog\\\/author\\\/eduardo\\\/\"}]}<\/script>\n<!-- \/ Yoast SEO plugin. -->","yoast_head_json":{"title":"La guerra de Trump ya afecta al inmobiliario","description":"Si el encarecimiento de los combustibles empuja los precios al alza, el BCE podr\u00eda verse obligada a endurecer su pol\u00edtica monetaria.","robots":{"index":"index","follow":"follow","max-snippet":"max-snippet:-1","max-image-preview":"max-image-preview:large","max-video-preview":"max-video-preview:-1"},"canonical":"https:\/\/www.aquimicasa.net\/blog\/economia\/credito-hipotecario\/la-guerra-de-trump-ya-afecta-al-inmobiliario\/","og_locale":"es_ES","og_type":"article","og_title":"La guerra de Trump ya afecta al inmobiliario","og_description":"Si el encarecimiento de los combustibles empuja los precios al alza, el BCE podr\u00eda verse obligada a endurecer su pol\u00edtica monetaria.","og_url":"https:\/\/www.aquimicasa.net\/blog\/economia\/credito-hipotecario\/la-guerra-de-trump-ya-afecta-al-inmobiliario\/","og_site_name":"Blog de aquimicasa.net","article_publisher":"https:\/\/www.facebook.com\/aquimicasa.net","article_published_time":"2026-03-10T21:01:06+00:00","article_modified_time":"2026-03-10T21:05:39+00:00","og_image":[{"width":600,"height":338,"url":"https:\/\/www.aquimicasa.net\/blog\/wp-content\/uploads\/Euribor5-1-e1744738278855.jpg","type":"image\/jpeg"}],"author":"Eduardo Lizarraga","twitter_misc":{"Escrito por":"Eduardo Lizarraga","Tiempo de lectura":"7 minutos"},"schema":{"@context":"https:\/\/schema.org","@graph":[{"@type":"Article","@id":"https:\/\/www.aquimicasa.net\/blog\/economia\/credito-hipotecario\/la-guerra-de-trump-ya-afecta-al-inmobiliario\/#article","isPartOf":{"@id":"https:\/\/www.aquimicasa.net\/blog\/economia\/credito-hipotecario\/la-guerra-de-trump-ya-afecta-al-inmobiliario\/"},"author":{"name":"Eduardo Lizarraga","@id":"https:\/\/www.aquimicasa.net\/blog\/#\/schema\/person\/2cdfa2605534583395c8d7ce1d6cac14"},"headline":"La guerra de Trump ya afecta al inmobiliario","datePublished":"2026-03-10T21:01:06+00:00","dateModified":"2026-03-10T21:05:39+00:00","mainEntityOfPage":{"@id":"https:\/\/www.aquimicasa.net\/blog\/economia\/credito-hipotecario\/la-guerra-de-trump-ya-afecta-al-inmobiliario\/"},"wordCount":1610,"publisher":{"@id":"https:\/\/www.aquimicasa.net\/blog\/#organization"},"image":{"@id":"https:\/\/www.aquimicasa.net\/blog\/economia\/credito-hipotecario\/la-guerra-de-trump-ya-afecta-al-inmobiliario\/#primaryimage"},"thumbnailUrl":"https:\/\/www.aquimicasa.net\/blog\/wp-content\/uploads\/Euribor5-1-e1744738278855.jpg","keywords":["newsletter 556"],"articleSection":["Cr\u00e9dito hipotecario"],"inLanguage":"es"},{"@type":"WebPage","@id":"https:\/\/www.aquimicasa.net\/blog\/economia\/credito-hipotecario\/la-guerra-de-trump-ya-afecta-al-inmobiliario\/","url":"https:\/\/www.aquimicasa.net\/blog\/economia\/credito-hipotecario\/la-guerra-de-trump-ya-afecta-al-inmobiliario\/","name":"La guerra de Trump ya afecta al inmobiliario","isPartOf":{"@id":"https:\/\/www.aquimicasa.net\/blog\/#website"},"primaryImageOfPage":{"@id":"https:\/\/www.aquimicasa.net\/blog\/economia\/credito-hipotecario\/la-guerra-de-trump-ya-afecta-al-inmobiliario\/#primaryimage"},"image":{"@id":"https:\/\/www.aquimicasa.net\/blog\/economia\/credito-hipotecario\/la-guerra-de-trump-ya-afecta-al-inmobiliario\/#primaryimage"},"thumbnailUrl":"https:\/\/www.aquimicasa.net\/blog\/wp-content\/uploads\/Euribor5-1-e1744738278855.jpg","datePublished":"2026-03-10T21:01:06+00:00","dateModified":"2026-03-10T21:05:39+00:00","description":"Si el encarecimiento de los combustibles empuja los precios al alza, el BCE podr\u00eda verse obligada a endurecer su pol\u00edtica monetaria.","breadcrumb":{"@id":"https:\/\/www.aquimicasa.net\/blog\/economia\/credito-hipotecario\/la-guerra-de-trump-ya-afecta-al-inmobiliario\/#breadcrumb"},"inLanguage":"es","potentialAction":[{"@type":"ReadAction","target":["https:\/\/www.aquimicasa.net\/blog\/economia\/credito-hipotecario\/la-guerra-de-trump-ya-afecta-al-inmobiliario\/"]}]},{"@type":"ImageObject","inLanguage":"es","@id":"https:\/\/www.aquimicasa.net\/blog\/economia\/credito-hipotecario\/la-guerra-de-trump-ya-afecta-al-inmobiliario\/#primaryimage","url":"https:\/\/www.aquimicasa.net\/blog\/wp-content\/uploads\/Euribor5-1-e1744738278855.jpg","contentUrl":"https:\/\/www.aquimicasa.net\/blog\/wp-content\/uploads\/Euribor5-1-e1744738278855.jpg","width":600,"height":338,"caption":"El Eur\u00edbor da un salto pocas veces visto"},{"@type":"BreadcrumbList","@id":"https:\/\/www.aquimicasa.net\/blog\/economia\/credito-hipotecario\/la-guerra-de-trump-ya-afecta-al-inmobiliario\/#breadcrumb","itemListElement":[{"@type":"ListItem","position":1,"name":"Portada","item":"https:\/\/www.aquimicasa.net\/blog\/"},{"@type":"ListItem","position":2,"name":"La guerra de Trump ya afecta al inmobiliario"}]},{"@type":"WebSite","@id":"https:\/\/www.aquimicasa.net\/blog\/#website","url":"https:\/\/www.aquimicasa.net\/blog\/","name":"Blog de aquimicasa.net","description":"Noticias del Mundo Inmobiliario","publisher":{"@id":"https:\/\/www.aquimicasa.net\/blog\/#organization"},"potentialAction":[{"@type":"SearchAction","target":{"@type":"EntryPoint","urlTemplate":"https:\/\/www.aquimicasa.net\/blog\/?s={search_term_string}"},"query-input":{"@type":"PropertyValueSpecification","valueRequired":true,"valueName":"search_term_string"}}],"inLanguage":"es"},{"@type":"Organization","@id":"https:\/\/www.aquimicasa.net\/blog\/#organization","name":"Blog de aquimicasa.net","url":"https:\/\/www.aquimicasa.net\/blog\/","logo":{"@type":"ImageObject","inLanguage":"es","@id":"https:\/\/www.aquimicasa.net\/blog\/#\/schema\/logo\/image\/","url":"https:\/\/www.aquimicasa.net\/blog\/wp-content\/uploads\/Logo-aquimicasa-1-e1528048213782.png","contentUrl":"https:\/\/www.aquimicasa.net\/blog\/wp-content\/uploads\/Logo-aquimicasa-1-e1528048213782.png","width":225,"height":225,"caption":"Blog de aquimicasa.net"},"image":{"@id":"https:\/\/www.aquimicasa.net\/blog\/#\/schema\/logo\/image\/"},"sameAs":["https:\/\/www.facebook.com\/aquimicasa.net","https:\/\/www.instagram.com\/","https:\/\/x.com\/EduLizarragaD","https:\/\/www.linkedin.com\/feed\/"]},{"@type":"Person","@id":"https:\/\/www.aquimicasa.net\/blog\/#\/schema\/person\/2cdfa2605534583395c8d7ce1d6cac14","name":"Eduardo Lizarraga","image":{"@type":"ImageObject","inLanguage":"es","@id":"https:\/\/secure.gravatar.com\/avatar\/bdabe1eeeed97b65a9cb7de2edd624b07995f7e13abc5fead15961f745f908cc?s=96&d=mm&r=g","url":"https:\/\/secure.gravatar.com\/avatar\/bdabe1eeeed97b65a9cb7de2edd624b07995f7e13abc5fead15961f745f908cc?s=96&d=mm&r=g","contentUrl":"https:\/\/secure.gravatar.com\/avatar\/bdabe1eeeed97b65a9cb7de2edd624b07995f7e13abc5fead15961f745f908cc?s=96&d=mm&r=g","caption":"Eduardo Lizarraga"},"description":"Periodista Econ\u00f3mico. Ha trabajado en diversos campos de la informaci\u00f3n. Corresponsal en conflictos, analista pol\u00edtico en Congreso y Senado, periodista del medio ambiente, editor, director editorial, director de comunicaci\u00f3n.... En estos momentos se ha especializado en el sector inmobiliario. Pero tambi\u00e9n es navegante y viajero, preocupado por la pobreza, el medio ambiente y por las actuaciones descontroladas del neoliberalismo empresarial y pol\u00edtico en todo el mundo. Los desahucios, la pobreza infantil y la falta de acceso a los suministros b\u00e1sicos son algunos de los grandes dramas de nuestra sociedad y que es preciso solucionar para hacerla m\u00e1s justa. CEO en www.aquimicasa.net","sameAs":["https:\/\/www.aquimicasa.net\/"],"url":"https:\/\/www.aquimicasa.net\/blog\/author\/eduardo\/"}]}},"jetpack_publicize_connections":[],"jetpack_featured_media_url":"https:\/\/www.aquimicasa.net\/blog\/wp-content\/uploads\/Euribor5-1-e1744738278855.jpg","jetpack_sharing_enabled":true,"jetpack_likes_enabled":true,"_links":{"self":[{"href":"https:\/\/www.aquimicasa.net\/blog\/wp-json\/wp\/v2\/posts\/55413","targetHints":{"allow":["GET"]}}],"collection":[{"href":"https:\/\/www.aquimicasa.net\/blog\/wp-json\/wp\/v2\/posts"}],"about":[{"href":"https:\/\/www.aquimicasa.net\/blog\/wp-json\/wp\/v2\/types\/post"}],"author":[{"embeddable":true,"href":"https:\/\/www.aquimicasa.net\/blog\/wp-json\/wp\/v2\/users\/3"}],"replies":[{"embeddable":true,"href":"https:\/\/www.aquimicasa.net\/blog\/wp-json\/wp\/v2\/comments?post=55413"}],"version-history":[{"count":4,"href":"https:\/\/www.aquimicasa.net\/blog\/wp-json\/wp\/v2\/posts\/55413\/revisions"}],"predecessor-version":[{"id":55426,"href":"https:\/\/www.aquimicasa.net\/blog\/wp-json\/wp\/v2\/posts\/55413\/revisions\/55426"}],"wp:featuredmedia":[{"embeddable":true,"href":"https:\/\/www.aquimicasa.net\/blog\/wp-json\/wp\/v2\/media\/51135"}],"wp:attachment":[{"href":"https:\/\/www.aquimicasa.net\/blog\/wp-json\/wp\/v2\/media?parent=55413"}],"wp:term":[{"taxonomy":"category","embeddable":true,"href":"https:\/\/www.aquimicasa.net\/blog\/wp-json\/wp\/v2\/categories?post=55413"},{"taxonomy":"post_tag","embeddable":true,"href":"https:\/\/www.aquimicasa.net\/blog\/wp-json\/wp\/v2\/tags?post=55413"}],"curies":[{"name":"wp","href":"https:\/\/api.w.org\/{rel}","templated":true}]}}