{"id":55415,"date":"2026-03-10T22:34:45","date_gmt":"2026-03-10T21:34:45","guid":{"rendered":"https:\/\/www.aquimicasa.net\/blog\/?p=55415"},"modified":"2026-03-10T22:36:44","modified_gmt":"2026-03-10T21:36:44","slug":"vivienda-lleva-a-bruselas-la-limitacion-de-la-compra-especulativa","status":"publish","type":"post","link":"https:\/\/www.aquimicasa.net\/blog\/vivienda\/compraventa-de-viviendas\/vivienda-lleva-a-bruselas-la-limitacion-de-la-compra-especulativa\/","title":{"rendered":"Vivienda lleva a Bruselas la limitaci\u00f3n de la compra especulativa"},"content":{"rendered":"<div class=\"fusion-fullwidth fullwidth-box fusion-builder-row-1 fusion-flex-container nonhundred-percent-fullwidth non-hundred-percent-height-scrolling\" style=\"background-color: rgba(255,255,255,0);background-position: center center;background-repeat: no-repeat;border-width: 0px 0px 0px 0px;border-color:#eae9e9;border-style:solid;\" ><div class=\"fusion-builder-row fusion-row fusion-flex-align-items-flex-start\" style=\"max-width:1144px;margin-left: calc(-4% \/ 2 );margin-right: calc(-4% \/ 2 );\"><div class=\"fusion-layout-column fusion_builder_column fusion-builder-column-0 fusion_builder_column_1_1 1_1 fusion-flex-column\"><div class=\"fusion-column-wrapper fusion-flex-justify-content-flex-start fusion-content-layout-column\" style=\"background-position:left top;background-repeat:no-repeat;-webkit-background-size:cover;-moz-background-size:cover;-o-background-size:cover;background-size:cover;padding: 0px 0px 0px 0px;\"><div class=\"fusion-text fusion-text-1\"><p>La crisis de acceso a la vivienda en Espa\u00f1a ha llegado al coraz\u00f3n de las instituciones europeas. El Gobierno ha decidido trasladar a Bruselas su preocupaci\u00f3n por el impacto de la inversi\u00f3n especulativa en el mercado inmobiliario y ha planteado la necesidad de <strong data-start=\"329\" data-end=\"376\">limitar la compra especulativa de viviendas<\/strong> como una de las v\u00edas para frenar la escalada de precios y los procesos de gentrificaci\u00f3n que est\u00e1n transformando numerosos barrios de las grandes ciudades.<\/p>\n<div class=\"flex flex-col text-sm pb-25\">\n<article class=\"text-token-text-primary w-full focus:outline-none &#091;--shadow-height:45px&#093; has-data-writing-block:pointer-events-none has-data-writing-block:-mt-(--shadow-height) has-data-writing-block:pt-(--shadow-height) &#091;&amp;:has(&#091;data-writing-block&#093;)&gt;*&#093;:pointer-events-auto scroll-mt-&#091;calc(var(--header-height)+min(200px,max(70px,20svh)))&#093;\" dir=\"auto\" tabindex=\"-1\" data-turn-id=\"request-699cd26c-8f3c-8397-b08d-866e816dc045-3\" data-testid=\"conversation-turn-214\" data-scroll-anchor=\"true\" data-turn=\"assistant\">\n<div class=\"text-base my-auto mx-auto pb-10 &#091;--thread-content-margin:var(--thread-content-margin-xs,calc(var(--spacing)*4))&#093; @w-sm\/main:&#091;--thread-content-margin:var(--thread-content-margin-sm,calc(var(--spacing)*6))&#093; @w-lg\/main:&#091;--thread-content-margin:var(--thread-content-margin-lg,calc(var(--spacing)*16))&#093; px-(--thread-content-margin)\">\n<div class=\"&#091;--thread-content-max-width:40rem&#093; @w-lg\/main:&#091;--thread-content-max-width:48rem&#093; mx-auto max-w-(--thread-content-max-width) flex-1 group\/turn-messages focus-visible:outline-hidden relative flex w-full min-w-0 flex-col agent-turn\" tabindex=\"-1\">\n<div class=\"flex max-w-full flex-col gap-4 grow\">\n<div class=\"min-h-8 text-message relative flex w-full flex-col items-end gap-2 text-start break-words whitespace-normal &#091;.text-message+&amp;&#093;:mt-1\" dir=\"auto\" data-message-author-role=\"assistant\" data-message-id=\"b402b672-26f1-40de-a106-65a1e45ad229\" data-message-model-slug=\"gpt-5-3\">\n<div class=\"flex w-full flex-col gap-1 empty:hidden\">\n<div class=\"markdown prose dark:prose-invert w-full wrap-break-word light markdown-new-styling\">\n<p data-start=\"534\" data-end=\"941\">La iniciativa fue defendida por el secretario de Estado de Vivienda y Agenda Urbana, <strong data-start=\"619\" data-end=\"634\">David Lucas<\/strong>, durante una reuni\u00f3n informal de responsables de vivienda celebrada en la capital comunitaria. All\u00ed expuso la gravedad de la situaci\u00f3n que atraviesa el mercado residencial espa\u00f1ol y pidi\u00f3 una mayor implicaci\u00f3n de la Uni\u00f3n Europea para afrontar un problema que ya afecta a la mayor\u00eda de los pa\u00edses miembros.<\/p>\n<p data-start=\"943\" data-end=\"1249\">La tesis del Gobierno espa\u00f1ol es clara: <strong data-start=\"983\" data-end=\"1066\">la vivienda debe entenderse como un derecho y no como un mero activo financiero<\/strong>. En ese contexto, el Ejecutivo considera necesario adoptar medidas regulatorias que limiten los movimientos especulativos y faciliten el acceso a una vivienda digna a los ciudadanos.<\/p>\n<h2 data-section-id=\"maamid\" data-start=\"1251\" data-end=\"1314\"><strong>Las viviendas son para vivir, no para la actividad econ\u00f3mica<\/strong><\/h2>\n<p data-start=\"1316\" data-end=\"1576\">Durante su intervenci\u00f3n en Bruselas, Lucas defendi\u00f3 con claridad el enfoque del Gobierno espa\u00f1ol sobre el mercado inmobiliario. <strong data-start=\"1444\" data-end=\"1510\">\u201cLas viviendas son para vivir, no para la actividad econ\u00f3mica\u201d<\/strong>, subray\u00f3 tras el encuentro con responsables europeos de vivienda.<\/p>\n<p data-start=\"1578\" data-end=\"2033\">El mensaje refleja una l\u00ednea pol\u00edtica que el Ejecutivo viene desarrollando desde hace meses. Primero se actu\u00f3 sobre el fen\u00f3meno de los <strong data-start=\"1713\" data-end=\"1733\">pisos tur\u00edsticos<\/strong>, considerados por parte del Gobierno como uno de los factores que presionan al alza los precios en determinadas zonas urbanas. Ahora el foco se sit\u00faa en la <strong data-start=\"1890\" data-end=\"1925\">compra especulativa de vivienda<\/strong>, una pr\u00e1ctica que, seg\u00fan el Ministerio, contribuye a reducir la oferta disponible para residencia habitual.<\/p>\n<p data-start=\"2035\" data-end=\"2503\">Para el Gobierno, el problema no es \u00fanicamente econ\u00f3mico, sino tambi\u00e9n social. La escalada de precios ha dificultado el acceso a la vivienda a j\u00f3venes y familias, especialmente en grandes ciudades y zonas con fuerte presi\u00f3n tur\u00edstica o inversora. En ese contexto, <strong data-start=\"2299\" data-end=\"2385\">la intervenci\u00f3n p\u00fablica se plantea como una herramienta para equilibrar el mercado<\/strong> frente a quienes defienden que la libre actuaci\u00f3n de la oferta y la demanda deber\u00eda resolver el problema por s\u00ed sola.<\/p>\n<h2 data-section-id=\"g2psbj\" data-start=\"2505\" data-end=\"2574\"><strong>Pedir ayuda y complicidad en Europa ante una situaci\u00f3n que empeora<\/strong><\/h2>\n<p data-start=\"2576\" data-end=\"2932\">La intervenci\u00f3n del secretario de Estado en Bruselas tambi\u00e9n tuvo un objetivo claro: <strong data-start=\"2661\" data-end=\"2736\">reclamar m\u00e1s implicaci\u00f3n de la Uni\u00f3n Europea en la pol\u00edtica de vivienda<\/strong>. Lucas solicit\u00f3 a la Comisi\u00f3n Europea la creaci\u00f3n de <strong data-start=\"2790\" data-end=\"2872\">fondos espec\u00edficos que permitan adoptar medidas \u201cr\u00e1pidas, urgentes y eficaces\u201d<\/strong> frente a la crisis residencial que atraviesa el continente.<\/p>\n<p data-start=\"2934\" data-end=\"3190\">Seg\u00fan explic\u00f3, la situaci\u00f3n no es exclusiva de Espa\u00f1a. El encarecimiento del acceso a la vivienda se ha convertido en un problema estructural en numerosas capitales europeas, donde los precios han crecido muy por encima de los salarios en los \u00faltimos a\u00f1os.<\/p>\n<p data-start=\"3192\" data-end=\"3548\">\u201c<strong data-start=\"3193\" data-end=\"3267\">Todo el mundo tiene derecho a una vivienda digna, adecuada y asequible<\/strong>. Para eso es imprescindible nuestro esfuerzo, pero tambi\u00e9n que la Uni\u00f3n Europea se implique porque tiene mecanismos, financiaci\u00f3n e instrumentos\u201d, defendi\u00f3 Lucas. En su opini\u00f3n, <strong data-start=\"3446\" data-end=\"3547\">la cooperaci\u00f3n entre administraciones p\u00fablicas es la mejor v\u00eda para alcanzar soluciones efectivas<\/strong>.<\/p>\n<p data-start=\"3550\" data-end=\"3796\">La petici\u00f3n de Espa\u00f1a se enmarca en un debate cada vez m\u00e1s presente en la agenda europea, donde varias instituciones empiezan a reconocer que el acceso a la vivienda se est\u00e1 convirtiendo en uno de los principales desaf\u00edos sociales del continente.<\/p>\n<h2 data-section-id=\"1ecb3n1\" data-start=\"3798\" data-end=\"3853\"><strong>Un movimiento iniciado en Catalu\u00f1a con medidas pol\u00e9micas<\/strong><\/h2>\n<p data-start=\"3855\" data-end=\"4252\">El debate sobre la limitaci\u00f3n de la compra de viviendas no es nuevo en Espa\u00f1a. De hecho, algunas de las propuestas m\u00e1s concretas han surgido en el \u00e1mbito auton\u00f3mico. En Catalu\u00f1a, el Govern y los Comunes han alcanzado un acuerdo para <strong data-start=\"4088\" data-end=\"4159\">limitar las transacciones inmobiliarias a dos finalidades concretas<\/strong>: destinar la vivienda a residencia habitual o ponerla en alquiler bajo controles de precios.<\/p>\n<p data-start=\"4254\" data-end=\"4511\">La medida se plantea a trav\u00e9s de <strong data-start=\"4287\" data-end=\"4330\">una modificaci\u00f3n de la Ley de Urbanismo<\/strong>, que deber\u00e1 ser aprobada por el Parlament y que obligar\u00eda adem\u00e1s a los ayuntamientos de los municipios declarados como zonas tensionadas a elaborar planes urban\u00edsticos espec\u00edficos.<\/p>\n<p data-start=\"4513\" data-end=\"4723\">El objetivo de esta iniciativa es frenar el fen\u00f3meno de la especulaci\u00f3n inmobiliaria en \u00e1reas con fuerte presi\u00f3n de precios, especialmente en ciudades como Barcelona o en determinadas zonas del litoral catal\u00e1n.<\/p>\n<h2 data-section-id=\"1cm3n9r\" data-start=\"4725\" data-end=\"4818\"><strong>La iniciativa afectar\u00eda a los grandes tenedores de viviendas y a los peque\u00f1os propietarios<\/strong><\/h2>\n<p data-start=\"4820\" data-end=\"5116\">Las propuestas de limitar la compra de vivienda han generado un intenso debate social y jur\u00eddico. Aunque el discurso pol\u00edtico suele centrarse en <strong data-start=\"4965\" data-end=\"5014\">los grandes inversores o fondos inmobiliarios<\/strong>, la realidad es que algunas de las iniciativas planteadas tambi\u00e9n afectar\u00edan a peque\u00f1os propietarios.<\/p>\n<p data-start=\"5118\" data-end=\"5438\">El texto registrado por los Comunes en el Parlament, por ejemplo, contempla <strong data-start=\"5194\" data-end=\"5298\">impedir a los particulares adquirir una tercera residencia en municipios declarados como tensionados<\/strong>. Adem\u00e1s, plantea que las viviendas heredadas que no se utilicen como residencia habitual deban destinarse al alquiler o ponerse a la venta.<\/p>\n<p data-start=\"5440\" data-end=\"5682\">Estas medidas han generado una fuerte pol\u00e9mica entre <strong data-start=\"5493\" data-end=\"5558\">juristas, economistas y profesionales del sector inmobiliario<\/strong>, que advierten de los riesgos de limitar de forma excesiva el derecho de propiedad o de intervenir demasiado en el mercado.<\/p>\n<p data-start=\"5684\" data-end=\"6132\">Desde el Gobierno, sin embargo, se insiste en que la situaci\u00f3n actual requiere medidas contundentes. El ministro de Derechos Sociales, Consumo y Agenda 2030, <strong data-start=\"5842\" data-end=\"5861\">Pablo Bustinduy<\/strong>, ha defendido en varias ocasiones la necesidad de actuar frente a la especulaci\u00f3n. Seg\u00fan sus c\u00e1lculos, <strong data-start=\"5965\" data-end=\"6053\">alrededor del 60% de las compraventas de vivienda en Espa\u00f1a se realizan sin hipoteca<\/strong>, un dato que, a su juicio, indicar\u00eda la presencia de inversores en el mercado.<\/p>\n<p data-start=\"6134\" data-end=\"6253\">\u201c<strong data-start=\"6135\" data-end=\"6229\">Eso no son familias, eso no son j\u00f3venes que se independizan, eso son agentes especuladores<\/strong>\u201d, afirm\u00f3 recientemente.<\/p>\n<h2 data-section-id=\"4su56n\" data-start=\"6255\" data-end=\"6329\"><strong>Un futuro incierto entre la libertad de mercado y la regulaci\u00f3n extrema<\/strong><\/h2>\n<p data-start=\"6331\" data-end=\"6567\">La discusi\u00f3n sobre la compra especulativa de vivienda refleja uno de los debates m\u00e1s intensos del mercado inmobiliario actual: <strong data-start=\"6458\" data-end=\"6566\">hasta qu\u00e9 punto debe intervenir el Estado en un sector tradicionalmente regido por la l\u00f3gica del mercado<\/strong>.<\/p>\n<p data-start=\"6569\" data-end=\"6838\">Por un lado, est\u00e1n quienes defienden que <strong data-start=\"6610\" data-end=\"6662\">la libertad de mercado y el aumento de la oferta<\/strong> acabar\u00e1n equilibrando los precios. Por otro, quienes consideran que la vivienda tiene una dimensi\u00f3n social que justifica una regulaci\u00f3n m\u00e1s estricta para garantizar su acceso.<\/p>\n<p data-start=\"6840\" data-end=\"7133\">La iniciativa que Espa\u00f1a ha llevado a Bruselas sit\u00faa esta discusi\u00f3n en el \u00e1mbito europeo. Y aunque todav\u00eda no existe una propuesta concreta a nivel comunitario, lo cierto es que <strong data-start=\"7018\" data-end=\"7132\">la crisis de acceso a la vivienda est\u00e1 empujando a muchos gobiernos a explorar nuevas f\u00f3rmulas de intervenci\u00f3n<\/strong>.<\/p>\n<p data-start=\"7135\" data-end=\"7468\" data-is-last-node=\"\" data-is-only-node=\"\">En ese escenario, el futuro del mercado inmobiliario europeo podr\u00eda moverse entre dos polos: <strong data-start=\"7228\" data-end=\"7297\">la defensa del mercado libre y la creciente tentaci\u00f3n regulatoria<\/strong> que empieza a imponerse en muchas capitales del continente. El equilibrio entre ambos modelos ser\u00e1 uno de los grandes debates pol\u00edticos y econ\u00f3micos de los pr\u00f3ximos a\u00f1os.<\/p>\n<\/div>\n<\/div>\n<\/div>\n<\/div>\n<div class=\"z-0 flex min-h-&#091;46px&#093; justify-start\"><\/div>\n<div class=\"mt-3 w-full empty:hidden\">\n<div class=\"text-center\"><\/div>\n<\/div>\n<\/div>\n<\/div>\n<\/article>\n<\/div>\n<div class=\"pointer-events-none h-px w-px absolute bottom-0\" aria-hidden=\"true\" data-edge=\"true\"><\/div>\n<\/div><\/div><style type=\"text\/css\">.fusion-body .fusion-builder-column-0{width:100% !important;margin-top : 0px;margin-bottom : 0px;}.fusion-builder-column-0 > .fusion-column-wrapper {padding-top : 0px !important;padding-right : 0px !important;margin-right : 1.92%;padding-bottom : 0px !important;padding-left : 0px !important;margin-left : 1.92%;}@media only screen and (max-width:1024px) {.fusion-body .fusion-builder-column-0{width:100% !important;}.fusion-builder-column-0 > .fusion-column-wrapper {margin-right : 1.92%;margin-left : 1.92%;}}@media only screen and (max-width:640px) {.fusion-body .fusion-builder-column-0{width:100% !important;}.fusion-builder-column-0 > .fusion-column-wrapper {margin-right : 1.92%;margin-left : 1.92%;}}<\/style><\/div><\/div><style type=\"text\/css\">.fusion-body .fusion-flex-container.fusion-builder-row-1{ padding-top : 0px;margin-top : 0px;padding-right : 0px;padding-bottom : 0px;margin-bottom : 0px;padding-left : 0px;}<\/style><\/div>\n","protected":false},"excerpt":{"rendered":"<p>La tesis del Gobierno espa\u00f1ol es clara: la vivienda debe entenderse como un derecho y no como un mero activo financiero. En ese contexto, el Ejecutivo considera necesario adoptar medidas regulatorias que limiten los movimientos especulativos y faciliten el acceso a una vivienda digna a los ciudadanos.<\/p>\n","protected":false},"author":3,"featured_media":55427,"comment_status":"closed","ping_status":"closed","sticky":false,"template":"","format":"standard","meta":{"_jetpack_memberships_contains_paid_content":false,"footnotes":"","jetpack_publicize_message":"","jetpack_publicize_feature_enabled":true,"jetpack_social_post_already_shared":true,"jetpack_social_options":{"image_generator_settings":{"template":"highway","default_image_id":0,"font":"","enabled":false},"version":2}},"categories":[100],"tags":[8285],"class_list":["post-55415","post","type-post","status-publish","format-standard","has-post-thumbnail","hentry","category-compraventa-de-viviendas","tag-newsletter-556"],"yoast_head":"<!-- This site is optimized with the Yoast SEO plugin v27.5 - https:\/\/yoast.com\/product\/yoast-seo-wordpress\/ -->\n<title>Vivienda lleva a Bruselas la limitaci\u00f3n de la compra especulativa<\/title>\n<meta name=\"description\" content=\"La crisis de acceso a la vivienda est\u00e1 empujando a muchos gobiernos a explorar nuevas f\u00f3rmulas de intervenci\u00f3n.\" \/>\n<meta name=\"robots\" content=\"index, follow, max-snippet:-1, max-image-preview:large, max-video-preview:-1\" \/>\n<link rel=\"canonical\" href=\"https:\/\/www.aquimicasa.net\/blog\/vivienda\/compraventa-de-viviendas\/vivienda-lleva-a-bruselas-la-limitacion-de-la-compra-especulativa\/\" \/>\n<meta property=\"og:locale\" content=\"es_ES\" \/>\n<meta property=\"og:type\" content=\"article\" \/>\n<meta property=\"og:title\" content=\"Vivienda lleva a Bruselas la limitaci\u00f3n de la compra especulativa\" \/>\n<meta property=\"og:description\" content=\"La crisis de acceso a la vivienda est\u00e1 empujando a muchos gobiernos a explorar nuevas f\u00f3rmulas de intervenci\u00f3n.\" \/>\n<meta property=\"og:url\" content=\"https:\/\/www.aquimicasa.net\/blog\/vivienda\/compraventa-de-viviendas\/vivienda-lleva-a-bruselas-la-limitacion-de-la-compra-especulativa\/\" \/>\n<meta property=\"og:site_name\" content=\"Blog de aquimicasa.net\" \/>\n<meta property=\"article:publisher\" content=\"https:\/\/www.facebook.com\/aquimicasa.net\" \/>\n<meta property=\"article:published_time\" content=\"2026-03-10T21:34:45+00:00\" \/>\n<meta property=\"article:modified_time\" content=\"2026-03-10T21:36:44+00:00\" \/>\n<meta property=\"og:image\" content=\"https:\/\/www.aquimicasa.net\/blog\/wp-content\/uploads\/David-Lucas-1-e1773178306307.jpg\" \/>\n\t<meta property=\"og:image:width\" content=\"550\" \/>\n\t<meta property=\"og:image:height\" content=\"310\" \/>\n\t<meta property=\"og:image:type\" content=\"image\/jpeg\" \/>\n<meta name=\"author\" content=\"Eduardo Lizarraga\" \/>\n<meta name=\"twitter:label1\" content=\"Escrito por\" \/>\n\t<meta name=\"twitter:data1\" content=\"Eduardo Lizarraga\" \/>\n\t<meta name=\"twitter:label2\" content=\"Tiempo de lectura\" \/>\n\t<meta name=\"twitter:data2\" content=\"6 minutos\" \/>\n<script type=\"application\/ld+json\" class=\"yoast-schema-graph\">{\"@context\":\"https:\\\/\\\/schema.org\",\"@graph\":[{\"@type\":\"Article\",\"@id\":\"https:\\\/\\\/www.aquimicasa.net\\\/blog\\\/vivienda\\\/compraventa-de-viviendas\\\/vivienda-lleva-a-bruselas-la-limitacion-de-la-compra-especulativa\\\/#article\",\"isPartOf\":{\"@id\":\"https:\\\/\\\/www.aquimicasa.net\\\/blog\\\/vivienda\\\/compraventa-de-viviendas\\\/vivienda-lleva-a-bruselas-la-limitacion-de-la-compra-especulativa\\\/\"},\"author\":{\"name\":\"Eduardo Lizarraga\",\"@id\":\"https:\\\/\\\/www.aquimicasa.net\\\/blog\\\/#\\\/schema\\\/person\\\/2cdfa2605534583395c8d7ce1d6cac14\"},\"headline\":\"Vivienda lleva a Bruselas la limitaci\u00f3n de la compra especulativa\",\"datePublished\":\"2026-03-10T21:34:45+00:00\",\"dateModified\":\"2026-03-10T21:36:44+00:00\",\"mainEntityOfPage\":{\"@id\":\"https:\\\/\\\/www.aquimicasa.net\\\/blog\\\/vivienda\\\/compraventa-de-viviendas\\\/vivienda-lleva-a-bruselas-la-limitacion-de-la-compra-especulativa\\\/\"},\"wordCount\":1497,\"publisher\":{\"@id\":\"https:\\\/\\\/www.aquimicasa.net\\\/blog\\\/#organization\"},\"image\":{\"@id\":\"https:\\\/\\\/www.aquimicasa.net\\\/blog\\\/vivienda\\\/compraventa-de-viviendas\\\/vivienda-lleva-a-bruselas-la-limitacion-de-la-compra-especulativa\\\/#primaryimage\"},\"thumbnailUrl\":\"https:\\\/\\\/www.aquimicasa.net\\\/blog\\\/wp-content\\\/uploads\\\/David-Lucas-1-e1773178306307.jpg\",\"keywords\":[\"newsletter 556\"],\"articleSection\":[\"Compra Venta\"],\"inLanguage\":\"es\"},{\"@type\":\"WebPage\",\"@id\":\"https:\\\/\\\/www.aquimicasa.net\\\/blog\\\/vivienda\\\/compraventa-de-viviendas\\\/vivienda-lleva-a-bruselas-la-limitacion-de-la-compra-especulativa\\\/\",\"url\":\"https:\\\/\\\/www.aquimicasa.net\\\/blog\\\/vivienda\\\/compraventa-de-viviendas\\\/vivienda-lleva-a-bruselas-la-limitacion-de-la-compra-especulativa\\\/\",\"name\":\"Vivienda lleva a Bruselas la limitaci\u00f3n de la compra especulativa\",\"isPartOf\":{\"@id\":\"https:\\\/\\\/www.aquimicasa.net\\\/blog\\\/#website\"},\"primaryImageOfPage\":{\"@id\":\"https:\\\/\\\/www.aquimicasa.net\\\/blog\\\/vivienda\\\/compraventa-de-viviendas\\\/vivienda-lleva-a-bruselas-la-limitacion-de-la-compra-especulativa\\\/#primaryimage\"},\"image\":{\"@id\":\"https:\\\/\\\/www.aquimicasa.net\\\/blog\\\/vivienda\\\/compraventa-de-viviendas\\\/vivienda-lleva-a-bruselas-la-limitacion-de-la-compra-especulativa\\\/#primaryimage\"},\"thumbnailUrl\":\"https:\\\/\\\/www.aquimicasa.net\\\/blog\\\/wp-content\\\/uploads\\\/David-Lucas-1-e1773178306307.jpg\",\"datePublished\":\"2026-03-10T21:34:45+00:00\",\"dateModified\":\"2026-03-10T21:36:44+00:00\",\"description\":\"La crisis de acceso a la vivienda est\u00e1 empujando a muchos gobiernos a explorar nuevas f\u00f3rmulas de intervenci\u00f3n.\",\"breadcrumb\":{\"@id\":\"https:\\\/\\\/www.aquimicasa.net\\\/blog\\\/vivienda\\\/compraventa-de-viviendas\\\/vivienda-lleva-a-bruselas-la-limitacion-de-la-compra-especulativa\\\/#breadcrumb\"},\"inLanguage\":\"es\",\"potentialAction\":[{\"@type\":\"ReadAction\",\"target\":[\"https:\\\/\\\/www.aquimicasa.net\\\/blog\\\/vivienda\\\/compraventa-de-viviendas\\\/vivienda-lleva-a-bruselas-la-limitacion-de-la-compra-especulativa\\\/\"]}]},{\"@type\":\"ImageObject\",\"inLanguage\":\"es\",\"@id\":\"https:\\\/\\\/www.aquimicasa.net\\\/blog\\\/vivienda\\\/compraventa-de-viviendas\\\/vivienda-lleva-a-bruselas-la-limitacion-de-la-compra-especulativa\\\/#primaryimage\",\"url\":\"https:\\\/\\\/www.aquimicasa.net\\\/blog\\\/wp-content\\\/uploads\\\/David-Lucas-1-e1773178306307.jpg\",\"contentUrl\":\"https:\\\/\\\/www.aquimicasa.net\\\/blog\\\/wp-content\\\/uploads\\\/David-Lucas-1-e1773178306307.jpg\",\"width\":550,\"height\":310,\"caption\":\"Vivienda lleva a Bruselas la limitaci\u00f3n de la compra especulativa de vivienda\"},{\"@type\":\"BreadcrumbList\",\"@id\":\"https:\\\/\\\/www.aquimicasa.net\\\/blog\\\/vivienda\\\/compraventa-de-viviendas\\\/vivienda-lleva-a-bruselas-la-limitacion-de-la-compra-especulativa\\\/#breadcrumb\",\"itemListElement\":[{\"@type\":\"ListItem\",\"position\":1,\"name\":\"Portada\",\"item\":\"https:\\\/\\\/www.aquimicasa.net\\\/blog\\\/\"},{\"@type\":\"ListItem\",\"position\":2,\"name\":\"Vivienda lleva a Bruselas la limitaci\u00f3n de la compra especulativa\"}]},{\"@type\":\"WebSite\",\"@id\":\"https:\\\/\\\/www.aquimicasa.net\\\/blog\\\/#website\",\"url\":\"https:\\\/\\\/www.aquimicasa.net\\\/blog\\\/\",\"name\":\"Blog de aquimicasa.net\",\"description\":\"Noticias del Mundo Inmobiliario\",\"publisher\":{\"@id\":\"https:\\\/\\\/www.aquimicasa.net\\\/blog\\\/#organization\"},\"potentialAction\":[{\"@type\":\"SearchAction\",\"target\":{\"@type\":\"EntryPoint\",\"urlTemplate\":\"https:\\\/\\\/www.aquimicasa.net\\\/blog\\\/?s={search_term_string}\"},\"query-input\":{\"@type\":\"PropertyValueSpecification\",\"valueRequired\":true,\"valueName\":\"search_term_string\"}}],\"inLanguage\":\"es\"},{\"@type\":\"Organization\",\"@id\":\"https:\\\/\\\/www.aquimicasa.net\\\/blog\\\/#organization\",\"name\":\"Blog de aquimicasa.net\",\"url\":\"https:\\\/\\\/www.aquimicasa.net\\\/blog\\\/\",\"logo\":{\"@type\":\"ImageObject\",\"inLanguage\":\"es\",\"@id\":\"https:\\\/\\\/www.aquimicasa.net\\\/blog\\\/#\\\/schema\\\/logo\\\/image\\\/\",\"url\":\"https:\\\/\\\/www.aquimicasa.net\\\/blog\\\/wp-content\\\/uploads\\\/Logo-aquimicasa-1-e1528048213782.png\",\"contentUrl\":\"https:\\\/\\\/www.aquimicasa.net\\\/blog\\\/wp-content\\\/uploads\\\/Logo-aquimicasa-1-e1528048213782.png\",\"width\":225,\"height\":225,\"caption\":\"Blog de aquimicasa.net\"},\"image\":{\"@id\":\"https:\\\/\\\/www.aquimicasa.net\\\/blog\\\/#\\\/schema\\\/logo\\\/image\\\/\"},\"sameAs\":[\"https:\\\/\\\/www.facebook.com\\\/aquimicasa.net\",\"https:\\\/\\\/www.instagram.com\\\/\",\"https:\\\/\\\/x.com\\\/EduLizarragaD\",\"https:\\\/\\\/www.linkedin.com\\\/feed\\\/\"]},{\"@type\":\"Person\",\"@id\":\"https:\\\/\\\/www.aquimicasa.net\\\/blog\\\/#\\\/schema\\\/person\\\/2cdfa2605534583395c8d7ce1d6cac14\",\"name\":\"Eduardo Lizarraga\",\"image\":{\"@type\":\"ImageObject\",\"inLanguage\":\"es\",\"@id\":\"https:\\\/\\\/secure.gravatar.com\\\/avatar\\\/bdabe1eeeed97b65a9cb7de2edd624b07995f7e13abc5fead15961f745f908cc?s=96&d=mm&r=g\",\"url\":\"https:\\\/\\\/secure.gravatar.com\\\/avatar\\\/bdabe1eeeed97b65a9cb7de2edd624b07995f7e13abc5fead15961f745f908cc?s=96&d=mm&r=g\",\"contentUrl\":\"https:\\\/\\\/secure.gravatar.com\\\/avatar\\\/bdabe1eeeed97b65a9cb7de2edd624b07995f7e13abc5fead15961f745f908cc?s=96&d=mm&r=g\",\"caption\":\"Eduardo Lizarraga\"},\"description\":\"Periodista Econ\u00f3mico. Ha trabajado en diversos campos de la informaci\u00f3n. Corresponsal en conflictos, analista pol\u00edtico en Congreso y Senado, periodista del medio ambiente, editor, director editorial, director de comunicaci\u00f3n.... En estos momentos se ha especializado en el sector inmobiliario. Pero tambi\u00e9n es navegante y viajero, preocupado por la pobreza, el medio ambiente y por las actuaciones descontroladas del neoliberalismo empresarial y pol\u00edtico en todo el mundo. Los desahucios, la pobreza infantil y la falta de acceso a los suministros b\u00e1sicos son algunos de los grandes dramas de nuestra sociedad y que es preciso solucionar para hacerla m\u00e1s justa. CEO en www.aquimicasa.net\",\"sameAs\":[\"https:\\\/\\\/www.aquimicasa.net\\\/\"],\"url\":\"https:\\\/\\\/www.aquimicasa.net\\\/blog\\\/author\\\/eduardo\\\/\"}]}<\/script>\n<!-- \/ Yoast SEO plugin. -->","yoast_head_json":{"title":"Vivienda lleva a Bruselas la limitaci\u00f3n de la compra especulativa","description":"La crisis de acceso a la vivienda est\u00e1 empujando a muchos gobiernos a explorar nuevas f\u00f3rmulas de intervenci\u00f3n.","robots":{"index":"index","follow":"follow","max-snippet":"max-snippet:-1","max-image-preview":"max-image-preview:large","max-video-preview":"max-video-preview:-1"},"canonical":"https:\/\/www.aquimicasa.net\/blog\/vivienda\/compraventa-de-viviendas\/vivienda-lleva-a-bruselas-la-limitacion-de-la-compra-especulativa\/","og_locale":"es_ES","og_type":"article","og_title":"Vivienda lleva a Bruselas la limitaci\u00f3n de la compra especulativa","og_description":"La crisis de acceso a la vivienda est\u00e1 empujando a muchos gobiernos a explorar nuevas f\u00f3rmulas de intervenci\u00f3n.","og_url":"https:\/\/www.aquimicasa.net\/blog\/vivienda\/compraventa-de-viviendas\/vivienda-lleva-a-bruselas-la-limitacion-de-la-compra-especulativa\/","og_site_name":"Blog de aquimicasa.net","article_publisher":"https:\/\/www.facebook.com\/aquimicasa.net","article_published_time":"2026-03-10T21:34:45+00:00","article_modified_time":"2026-03-10T21:36:44+00:00","og_image":[{"width":550,"height":310,"url":"https:\/\/www.aquimicasa.net\/blog\/wp-content\/uploads\/David-Lucas-1-e1773178306307.jpg","type":"image\/jpeg"}],"author":"Eduardo Lizarraga","twitter_misc":{"Escrito por":"Eduardo Lizarraga","Tiempo de lectura":"6 minutos"},"schema":{"@context":"https:\/\/schema.org","@graph":[{"@type":"Article","@id":"https:\/\/www.aquimicasa.net\/blog\/vivienda\/compraventa-de-viviendas\/vivienda-lleva-a-bruselas-la-limitacion-de-la-compra-especulativa\/#article","isPartOf":{"@id":"https:\/\/www.aquimicasa.net\/blog\/vivienda\/compraventa-de-viviendas\/vivienda-lleva-a-bruselas-la-limitacion-de-la-compra-especulativa\/"},"author":{"name":"Eduardo Lizarraga","@id":"https:\/\/www.aquimicasa.net\/blog\/#\/schema\/person\/2cdfa2605534583395c8d7ce1d6cac14"},"headline":"Vivienda lleva a Bruselas la limitaci\u00f3n de la compra especulativa","datePublished":"2026-03-10T21:34:45+00:00","dateModified":"2026-03-10T21:36:44+00:00","mainEntityOfPage":{"@id":"https:\/\/www.aquimicasa.net\/blog\/vivienda\/compraventa-de-viviendas\/vivienda-lleva-a-bruselas-la-limitacion-de-la-compra-especulativa\/"},"wordCount":1497,"publisher":{"@id":"https:\/\/www.aquimicasa.net\/blog\/#organization"},"image":{"@id":"https:\/\/www.aquimicasa.net\/blog\/vivienda\/compraventa-de-viviendas\/vivienda-lleva-a-bruselas-la-limitacion-de-la-compra-especulativa\/#primaryimage"},"thumbnailUrl":"https:\/\/www.aquimicasa.net\/blog\/wp-content\/uploads\/David-Lucas-1-e1773178306307.jpg","keywords":["newsletter 556"],"articleSection":["Compra Venta"],"inLanguage":"es"},{"@type":"WebPage","@id":"https:\/\/www.aquimicasa.net\/blog\/vivienda\/compraventa-de-viviendas\/vivienda-lleva-a-bruselas-la-limitacion-de-la-compra-especulativa\/","url":"https:\/\/www.aquimicasa.net\/blog\/vivienda\/compraventa-de-viviendas\/vivienda-lleva-a-bruselas-la-limitacion-de-la-compra-especulativa\/","name":"Vivienda lleva a Bruselas la limitaci\u00f3n de la compra especulativa","isPartOf":{"@id":"https:\/\/www.aquimicasa.net\/blog\/#website"},"primaryImageOfPage":{"@id":"https:\/\/www.aquimicasa.net\/blog\/vivienda\/compraventa-de-viviendas\/vivienda-lleva-a-bruselas-la-limitacion-de-la-compra-especulativa\/#primaryimage"},"image":{"@id":"https:\/\/www.aquimicasa.net\/blog\/vivienda\/compraventa-de-viviendas\/vivienda-lleva-a-bruselas-la-limitacion-de-la-compra-especulativa\/#primaryimage"},"thumbnailUrl":"https:\/\/www.aquimicasa.net\/blog\/wp-content\/uploads\/David-Lucas-1-e1773178306307.jpg","datePublished":"2026-03-10T21:34:45+00:00","dateModified":"2026-03-10T21:36:44+00:00","description":"La crisis de acceso a la vivienda est\u00e1 empujando a muchos gobiernos a explorar nuevas f\u00f3rmulas de intervenci\u00f3n.","breadcrumb":{"@id":"https:\/\/www.aquimicasa.net\/blog\/vivienda\/compraventa-de-viviendas\/vivienda-lleva-a-bruselas-la-limitacion-de-la-compra-especulativa\/#breadcrumb"},"inLanguage":"es","potentialAction":[{"@type":"ReadAction","target":["https:\/\/www.aquimicasa.net\/blog\/vivienda\/compraventa-de-viviendas\/vivienda-lleva-a-bruselas-la-limitacion-de-la-compra-especulativa\/"]}]},{"@type":"ImageObject","inLanguage":"es","@id":"https:\/\/www.aquimicasa.net\/blog\/vivienda\/compraventa-de-viviendas\/vivienda-lleva-a-bruselas-la-limitacion-de-la-compra-especulativa\/#primaryimage","url":"https:\/\/www.aquimicasa.net\/blog\/wp-content\/uploads\/David-Lucas-1-e1773178306307.jpg","contentUrl":"https:\/\/www.aquimicasa.net\/blog\/wp-content\/uploads\/David-Lucas-1-e1773178306307.jpg","width":550,"height":310,"caption":"Vivienda lleva a Bruselas la limitaci\u00f3n de la compra especulativa de vivienda"},{"@type":"BreadcrumbList","@id":"https:\/\/www.aquimicasa.net\/blog\/vivienda\/compraventa-de-viviendas\/vivienda-lleva-a-bruselas-la-limitacion-de-la-compra-especulativa\/#breadcrumb","itemListElement":[{"@type":"ListItem","position":1,"name":"Portada","item":"https:\/\/www.aquimicasa.net\/blog\/"},{"@type":"ListItem","position":2,"name":"Vivienda lleva a Bruselas la limitaci\u00f3n de la compra especulativa"}]},{"@type":"WebSite","@id":"https:\/\/www.aquimicasa.net\/blog\/#website","url":"https:\/\/www.aquimicasa.net\/blog\/","name":"Blog de aquimicasa.net","description":"Noticias del Mundo Inmobiliario","publisher":{"@id":"https:\/\/www.aquimicasa.net\/blog\/#organization"},"potentialAction":[{"@type":"SearchAction","target":{"@type":"EntryPoint","urlTemplate":"https:\/\/www.aquimicasa.net\/blog\/?s={search_term_string}"},"query-input":{"@type":"PropertyValueSpecification","valueRequired":true,"valueName":"search_term_string"}}],"inLanguage":"es"},{"@type":"Organization","@id":"https:\/\/www.aquimicasa.net\/blog\/#organization","name":"Blog de aquimicasa.net","url":"https:\/\/www.aquimicasa.net\/blog\/","logo":{"@type":"ImageObject","inLanguage":"es","@id":"https:\/\/www.aquimicasa.net\/blog\/#\/schema\/logo\/image\/","url":"https:\/\/www.aquimicasa.net\/blog\/wp-content\/uploads\/Logo-aquimicasa-1-e1528048213782.png","contentUrl":"https:\/\/www.aquimicasa.net\/blog\/wp-content\/uploads\/Logo-aquimicasa-1-e1528048213782.png","width":225,"height":225,"caption":"Blog de aquimicasa.net"},"image":{"@id":"https:\/\/www.aquimicasa.net\/blog\/#\/schema\/logo\/image\/"},"sameAs":["https:\/\/www.facebook.com\/aquimicasa.net","https:\/\/www.instagram.com\/","https:\/\/x.com\/EduLizarragaD","https:\/\/www.linkedin.com\/feed\/"]},{"@type":"Person","@id":"https:\/\/www.aquimicasa.net\/blog\/#\/schema\/person\/2cdfa2605534583395c8d7ce1d6cac14","name":"Eduardo Lizarraga","image":{"@type":"ImageObject","inLanguage":"es","@id":"https:\/\/secure.gravatar.com\/avatar\/bdabe1eeeed97b65a9cb7de2edd624b07995f7e13abc5fead15961f745f908cc?s=96&d=mm&r=g","url":"https:\/\/secure.gravatar.com\/avatar\/bdabe1eeeed97b65a9cb7de2edd624b07995f7e13abc5fead15961f745f908cc?s=96&d=mm&r=g","contentUrl":"https:\/\/secure.gravatar.com\/avatar\/bdabe1eeeed97b65a9cb7de2edd624b07995f7e13abc5fead15961f745f908cc?s=96&d=mm&r=g","caption":"Eduardo Lizarraga"},"description":"Periodista Econ\u00f3mico. Ha trabajado en diversos campos de la informaci\u00f3n. Corresponsal en conflictos, analista pol\u00edtico en Congreso y Senado, periodista del medio ambiente, editor, director editorial, director de comunicaci\u00f3n.... En estos momentos se ha especializado en el sector inmobiliario. Pero tambi\u00e9n es navegante y viajero, preocupado por la pobreza, el medio ambiente y por las actuaciones descontroladas del neoliberalismo empresarial y pol\u00edtico en todo el mundo. Los desahucios, la pobreza infantil y la falta de acceso a los suministros b\u00e1sicos son algunos de los grandes dramas de nuestra sociedad y que es preciso solucionar para hacerla m\u00e1s justa. CEO en www.aquimicasa.net","sameAs":["https:\/\/www.aquimicasa.net\/"],"url":"https:\/\/www.aquimicasa.net\/blog\/author\/eduardo\/"}]}},"jetpack_publicize_connections":[],"jetpack_featured_media_url":"https:\/\/www.aquimicasa.net\/blog\/wp-content\/uploads\/David-Lucas-1-e1773178306307.jpg","jetpack_sharing_enabled":true,"jetpack_likes_enabled":true,"_links":{"self":[{"href":"https:\/\/www.aquimicasa.net\/blog\/wp-json\/wp\/v2\/posts\/55415","targetHints":{"allow":["GET"]}}],"collection":[{"href":"https:\/\/www.aquimicasa.net\/blog\/wp-json\/wp\/v2\/posts"}],"about":[{"href":"https:\/\/www.aquimicasa.net\/blog\/wp-json\/wp\/v2\/types\/post"}],"author":[{"embeddable":true,"href":"https:\/\/www.aquimicasa.net\/blog\/wp-json\/wp\/v2\/users\/3"}],"replies":[{"embeddable":true,"href":"https:\/\/www.aquimicasa.net\/blog\/wp-json\/wp\/v2\/comments?post=55415"}],"version-history":[{"count":3,"href":"https:\/\/www.aquimicasa.net\/blog\/wp-json\/wp\/v2\/posts\/55415\/revisions"}],"predecessor-version":[{"id":55429,"href":"https:\/\/www.aquimicasa.net\/blog\/wp-json\/wp\/v2\/posts\/55415\/revisions\/55429"}],"wp:featuredmedia":[{"embeddable":true,"href":"https:\/\/www.aquimicasa.net\/blog\/wp-json\/wp\/v2\/media\/55427"}],"wp:attachment":[{"href":"https:\/\/www.aquimicasa.net\/blog\/wp-json\/wp\/v2\/media?parent=55415"}],"wp:term":[{"taxonomy":"category","embeddable":true,"href":"https:\/\/www.aquimicasa.net\/blog\/wp-json\/wp\/v2\/categories?post=55415"},{"taxonomy":"post_tag","embeddable":true,"href":"https:\/\/www.aquimicasa.net\/blog\/wp-json\/wp\/v2\/tags?post=55415"}],"curies":[{"name":"wp","href":"https:\/\/api.w.org\/{rel}","templated":true}]}}