{"id":55420,"date":"2026-03-10T21:04:41","date_gmt":"2026-03-10T20:04:41","guid":{"rendered":"https:\/\/www.aquimicasa.net\/blog\/?p=55420"},"modified":"2026-03-10T21:33:13","modified_gmt":"2026-03-10T20:33:13","slug":"intervenir-los-precios-maximos-de-los-combustibles","status":"publish","type":"post","link":"https:\/\/www.aquimicasa.net\/blog\/consumo\/consumidores\/intervenir-los-precios-maximos-de-los-combustibles\/","title":{"rendered":"Intervenir los precios m\u00e1ximos de los combustibles"},"content":{"rendered":"<div class=\"fusion-fullwidth fullwidth-box fusion-builder-row-1 fusion-flex-container nonhundred-percent-fullwidth non-hundred-percent-height-scrolling\" style=\"background-color: rgba(255,255,255,0);background-position: center center;background-repeat: no-repeat;border-width: 0px 0px 0px 0px;border-color:#eae9e9;border-style:solid;\" ><div class=\"fusion-builder-row fusion-row fusion-flex-align-items-flex-start\" style=\"max-width:1144px;margin-left: calc(-4% \/ 2 );margin-right: calc(-4% \/ 2 );\"><div class=\"fusion-layout-column fusion_builder_column fusion-builder-column-0 fusion_builder_column_1_1 1_1 fusion-flex-column\"><div class=\"fusion-column-wrapper fusion-flex-justify-content-flex-start fusion-content-layout-column\" style=\"background-position:left top;background-repeat:no-repeat;-webkit-background-size:cover;-moz-background-size:cover;-o-background-size:cover;background-size:cover;padding: 0px 0px 0px 0px;\"><div class=\"fusion-text fusion-text-1\"><div class=\"flex flex-col text-sm pb-25\">\n<article class=\"text-token-text-primary w-full focus:outline-none &#091;--shadow-height:45px&#093; has-data-writing-block:pointer-events-none has-data-writing-block:-mt-(--shadow-height) has-data-writing-block:pt-(--shadow-height) &#091;&amp;:has(&#091;data-writing-block&#093;)&gt;*&#093;:pointer-events-auto scroll-mt-&#091;calc(var(--header-height)+min(200px,max(70px,20svh)))&#093;\" dir=\"auto\" tabindex=\"-1\" data-turn-id=\"request-699cd26c-8f3c-8397-b08d-866e816dc045-1\" data-testid=\"conversation-turn-210\" data-scroll-anchor=\"true\" data-turn=\"assistant\">\n<div class=\"text-base my-auto mx-auto pb-10 &#091;--thread-content-margin:var(--thread-content-margin-xs,calc(var(--spacing)*4))&#093; @w-sm\/main:&#091;--thread-content-margin:var(--thread-content-margin-sm,calc(var(--spacing)*6))&#093; @w-lg\/main:&#091;--thread-content-margin:var(--thread-content-margin-lg,calc(var(--spacing)*16))&#093; px-(--thread-content-margin)\">\n<div class=\"&#091;--thread-content-max-width:40rem&#093; @w-lg\/main:&#091;--thread-content-max-width:48rem&#093; mx-auto max-w-(--thread-content-max-width) flex-1 group\/turn-messages focus-visible:outline-hidden relative flex w-full min-w-0 flex-col agent-turn\" tabindex=\"-1\">\n<div class=\"flex max-w-full flex-col gap-4 grow\">\n<div class=\"min-h-8 text-message relative flex w-full flex-col items-end gap-2 text-start break-words whitespace-normal &#091;.text-message+&amp;&#093;:mt-1\" dir=\"auto\" data-message-author-role=\"assistant\" data-message-id=\"838d8465-3174-4ffc-9531-ba3199ca30ef\" data-message-model-slug=\"gpt-5-3\">\n<div class=\"flex w-full flex-col gap-1 empty:hidden\">\n<div class=\"markdown prose dark:prose-invert w-full wrap-break-word light markdown-new-styling\">\n<p data-start=\"81\" data-end=\"532\">La escalada de los precios de los carburantes vuelve a situarse en el centro del debate econ\u00f3mico y social en Espa\u00f1a. Diversas organizaciones de consumidores advierten de que <strong data-start=\"256\" data-end=\"389\">las subidas que se est\u00e1n registrando en las estaciones de servicio no siempre responden \u00fanicamente al encarecimiento del petr\u00f3leo<\/strong>, sino que en muchos casos esconden <strong data-start=\"425\" data-end=\"529\">m\u00e1rgenes de beneficio inflados que terminan repercutiendo directamente en la econom\u00eda de los hogares<\/strong>.<\/p>\n<p data-start=\"534\" data-end=\"1051\">La asociaci\u00f3n <strong data-start=\"548\" data-end=\"580\">FACUA-Consumidores en Acci\u00f3n<\/strong> ha reclamado al Gobierno que establezca <strong data-start=\"621\" data-end=\"690\">topes a los precios de los combustibles, la electricidad y el gas<\/strong>, con el objetivo de evitar que determinadas empresas utilicen la volatilidad internacional del mercado energ\u00e9tico como argumento para incrementar sus beneficios. La organizaci\u00f3n considera que el actual contexto geopol\u00edtico est\u00e1 siendo utilizado como justificaci\u00f3n para <strong data-start=\"960\" data-end=\"1050\">subidas que no siempre se corresponden con la evoluci\u00f3n real de los costes energ\u00e9ticos<\/strong>.<\/p>\n<p data-start=\"1053\" data-end=\"1369\">En este sentido, FACUA ha solicitado al Ejecutivo que impulse nuevamente un <strong data-start=\"1129\" data-end=\"1233\">real decreto-ley que permita fijar precios m\u00e1ximos en productos b\u00e1sicos en situaciones de emergencia<\/strong>, una herramienta que ya se plante\u00f3 recientemente en el Congreso pero que no prosper\u00f3 tras la oposici\u00f3n de varios grupos parlamentarios.<\/p>\n<h2 data-section-id=\"9yfiq7\" data-start=\"1371\" data-end=\"1454\"><strong>La crisis desencadenada por Trump ya est\u00e1 afectando el bolsillo de los espa\u00f1oles<\/strong><\/h2>\n<p data-start=\"1456\" data-end=\"1828\">El contexto internacional vuelve a jugar un papel decisivo en la evoluci\u00f3n del mercado energ\u00e9tico. La <strong data-start=\"1558\" data-end=\"1640\">tensi\u00f3n geopol\u00edtica derivada del conflicto entre Estados Unidos, Israel e Ir\u00e1n<\/strong>, impulsada en gran parte por la estrategia pol\u00edtica del presidente estadounidense <strong data-start=\"1723\" data-end=\"1739\">Donald Trump<\/strong>, ha provocado un fuerte aumento del precio del petr\u00f3leo en los mercados internacionales.<\/p>\n<p data-start=\"1830\" data-end=\"2092\">El barril de <strong data-start=\"1843\" data-end=\"1874\">Brent, referencia en Europa<\/strong>, ha experimentado un incremento cercano al <strong data-start=\"1918\" data-end=\"1946\">30% en apenas una semana<\/strong>, situ\u00e1ndose en torno a los <strong data-start=\"1974\" data-end=\"1989\">107 d\u00f3lares<\/strong>, una subida que ha tenido un efecto inmediato en los precios de los combustibles y de la electricidad.<\/p>\n<p data-start=\"2094\" data-end=\"2500\">Sin embargo, para muchas asociaciones de consumidores el problema no reside \u00fanicamente en el encarecimiento del petr\u00f3leo. El verdadero debate se centra en <strong data-start=\"2249\" data-end=\"2324\">c\u00f3mo se trasladan esas subidas al precio final que pagan los ciudadanos<\/strong>, ya que en numerosas ocasiones la evoluci\u00f3n de los carburantes en las estaciones de servicio no guarda una relaci\u00f3n proporcional con los movimientos del mercado internacional.<\/p>\n<h2 data-section-id=\"ree9i0\" data-start=\"2502\" data-end=\"2556\"><strong>Subidas generalizadas en las estaciones de servicio<\/strong><\/h2>\n<p data-start=\"2558\" data-end=\"2849\">Los datos recopilados por FACUA reflejan un aumento significativo en el precio de los carburantes durante los \u00faltimos d\u00edas. El <strong data-start=\"2685\" data-end=\"2746\">gas\u00f3leo se sit\u00faa ya en una media de 1,783 euros por litro<\/strong>, lo que supone <strong data-start=\"2762\" data-end=\"2806\">32,7 c\u00e9ntimos m\u00e1s que la semana anterior<\/strong>, es decir, una subida superior al <strong data-start=\"2841\" data-end=\"2848\">22%<\/strong>.<\/p>\n<p data-start=\"2851\" data-end=\"3040\">En el caso de la gasolina, el incremento tambi\u00e9n es notable. El precio medio del litro ha pasado de <strong data-start=\"2951\" data-end=\"2974\">1,502 a 1,669 euros<\/strong>, lo que representa un aumento del <strong data-start=\"3009\" data-end=\"3018\">11,1%<\/strong> en apenas una semana.<\/p>\n<p data-start=\"3042\" data-end=\"3381\">Pero uno de los aspectos que m\u00e1s preocupa a las organizaciones de consumidores es la enorme <strong data-start=\"3134\" data-end=\"3188\">disparidad de precios entre estaciones de servicio<\/strong>. En la Pen\u00ednsula, el di\u00e9sel puede encontrarse desde <strong data-start=\"3241\" data-end=\"3284\">0,982 euros por litro hasta 2,109 euros<\/strong>, lo que supone una diferencia superior al <strong data-start=\"3327\" data-end=\"3335\">114%<\/strong> entre la gasolinera m\u00e1s barata y la m\u00e1s cara.<\/p>\n<p data-start=\"3383\" data-end=\"3546\">Estas diferencias alimentan la sospecha de que <strong data-start=\"3430\" data-end=\"3545\">parte de las subidas responden m\u00e1s a estrategias comerciales que a una evoluci\u00f3n real de los costes energ\u00e9ticos<\/strong>.<\/p>\n<h2 data-section-id=\"bdw6pf\" data-start=\"3548\" data-end=\"3619\"><strong>Unas subidas que en algunos casos no se corresponden con la realidad<\/strong><\/h2>\n<p data-start=\"3621\" data-end=\"3927\">El problema no afecta \u00fanicamente a los carburantes. El precio de la electricidad tambi\u00e9n ha registrado incrementos muy significativos en los \u00faltimos d\u00edas. El coste del <strong data-start=\"3789\" data-end=\"3860\">kilovatio hora en horario valle ha pasado de 11,84 a 18,66 c\u00e9ntimos<\/strong>, lo que supone una subida cercana al <strong data-start=\"3898\" data-end=\"3926\">58% en apenas una semana<\/strong>.<\/p>\n<p data-start=\"3929\" data-end=\"4039\">En horario llano el incremento alcanza el <strong data-start=\"3971\" data-end=\"3978\">52%<\/strong>, mientras que en horario punta se sit\u00faa en torno al <strong data-start=\"4031\" data-end=\"4038\">30%<\/strong>.<\/p>\n<p data-start=\"4041\" data-end=\"4288\">Para los consumidores, esta evoluci\u00f3n genera una sensaci\u00f3n de incertidumbre constante. Las familias ven c\u00f3mo <strong data-start=\"4150\" data-end=\"4208\">los gastos energ\u00e9ticos se disparan de un d\u00eda para otro<\/strong>, lo que termina repercutiendo en la inflaci\u00f3n y en el coste general de la vida.<\/p>\n<h2 data-section-id=\"1vao8qk\" data-start=\"4290\" data-end=\"4310\"><strong>Topar los precios<\/strong><\/h2>\n<p data-start=\"4312\" data-end=\"4535\">Ante este escenario, diversas organizaciones sociales plantean la necesidad de <strong data-start=\"4391\" data-end=\"4505\">establecer mecanismos de intervenci\u00f3n p\u00fablica que limiten los precios m\u00e1ximos de los combustibles y la energ\u00eda<\/strong> en situaciones excepcionales.<\/p>\n<p data-start=\"4537\" data-end=\"4806\">El objetivo ser\u00eda evitar que las empresas puedan <strong data-start=\"4586\" data-end=\"4695\">incrementar sus m\u00e1rgenes de beneficio por encima de los niveles previos al inicio de la crisis energ\u00e9tica<\/strong>, garantizando as\u00ed un mayor equilibrio entre el funcionamiento del mercado y la protecci\u00f3n de los consumidores.<\/p>\n<p data-start=\"4808\" data-end=\"5054\">La propuesta no es nueva. Durante la crisis energ\u00e9tica derivada de la guerra de Ucrania ya se adoptaron medidas similares en distintos pa\u00edses europeos, lo que permiti\u00f3 <strong data-start=\"4976\" data-end=\"5053\">amortiguar el impacto de los precios energ\u00e9ticos en la econom\u00eda dom\u00e9stica<\/strong>.<\/p>\n<h2 data-section-id=\"1t9hw5s\" data-start=\"5056\" data-end=\"5091\"><strong>Establecer mecanismos de control<\/strong><\/h2>\n<p data-start=\"5093\" data-end=\"5410\">Algunos pa\u00edses de la Uni\u00f3n Europea ya han comenzado a aplicar medidas concretas para frenar posibles abusos. El <strong data-start=\"5205\" data-end=\"5228\">Gobierno de Croacia<\/strong>, por ejemplo, ha anunciado la aprobaci\u00f3n de un decreto que fija <strong data-start=\"5293\" data-end=\"5344\">precios m\u00e1ximos para los derivados del petr\u00f3leo<\/strong>, revisados peri\u00f3dicamente en funci\u00f3n de la evoluci\u00f3n del mercado.<\/p>\n<p data-start=\"5412\" data-end=\"5634\">Gracias a esta intervenci\u00f3n, el precio del <strong data-start=\"5455\" data-end=\"5504\">Eurodi\u00e9sel se situar\u00e1 en 1,55 euros por litro<\/strong>, frente a los <strong data-start=\"5519\" data-end=\"5566\">1,72 euros que alcanzar\u00eda sin estas medidas<\/strong>, mientras que la gasolina se mantendr\u00e1 en <strong data-start=\"5609\" data-end=\"5633\">1,50 euros por litro<\/strong>.<\/p>\n<p data-start=\"5636\" data-end=\"5903\">Por su parte, <strong data-start=\"5650\" data-end=\"5729\">Francia ha anunciado un plan de controles masivos en estaciones de servicio<\/strong> para detectar posibles pr\u00e1cticas abusivas. Durante varios d\u00edas se realizar\u00e1n <strong data-start=\"5807\" data-end=\"5827\">500 inspecciones<\/strong>, una cifra equivalente a las que normalmente se llevan a cabo en medio a\u00f1o.<\/p>\n<h2 data-section-id=\"1b5gvit\" data-start=\"5905\" data-end=\"5964\"><strong>Previsiones de subidas o bajadas seg\u00fan el humor de Trump<\/strong><\/h2>\n<p data-start=\"5966\" data-end=\"6244\">Mientras tanto, el mercado energ\u00e9tico contin\u00faa extremadamente condicionado por la situaci\u00f3n geopol\u00edtica internacional. El cierre del <strong data-start=\"6099\" data-end=\"6120\">estrecho de Ormuz<\/strong>, una de las principales rutas de transporte de petr\u00f3leo del mundo, ha contribuido a incrementar la tensi\u00f3n en los mercados.<\/p>\n<p data-start=\"6246\" data-end=\"6459\">Esta volatilidad provoca que <strong data-start=\"6275\" data-end=\"6351\">los precios de los combustibles puedan subir o bajar en cuesti\u00f3n de d\u00edas<\/strong>, dependiendo en gran medida de decisiones pol\u00edticas o estrat\u00e9gicas tomadas a miles de kil\u00f3metros de Europa.<\/p>\n<p data-start=\"6461\" data-end=\"6761\" data-is-last-node=\"\" data-is-only-node=\"\">En este contexto, cada vez m\u00e1s voces reclaman que <strong data-start=\"6511\" data-end=\"6600\">los gobiernos refuercen los mecanismos de control y regulaci\u00f3n del mercado energ\u00e9tico<\/strong>, con el objetivo de evitar que el beneficio de unos pocos termine generando <strong data-start=\"6677\" data-end=\"6760\">m\u00e1s inflaci\u00f3n y mayores dificultades econ\u00f3micas para el conjunto de la sociedad<\/strong>.<\/p>\n<\/div>\n<\/div>\n<\/div>\n<\/div>\n<\/div>\n<\/div>\n<\/article>\n<\/div>\n<div class=\"pointer-events-none h-px w-px absolute bottom-0\" aria-hidden=\"true\" data-edge=\"true\"><\/div>\n<\/div><\/div><style type=\"text\/css\">.fusion-body .fusion-builder-column-0{width:100% !important;margin-top : 0px;margin-bottom : 0px;}.fusion-builder-column-0 > .fusion-column-wrapper {padding-top : 0px !important;padding-right : 0px !important;margin-right : 1.92%;padding-bottom : 0px !important;padding-left : 0px !important;margin-left : 1.92%;}@media only screen and (max-width:1024px) {.fusion-body .fusion-builder-column-0{width:100% !important;}.fusion-builder-column-0 > .fusion-column-wrapper {margin-right : 1.92%;margin-left : 1.92%;}}@media only screen and (max-width:640px) {.fusion-body .fusion-builder-column-0{width:100% !important;}.fusion-builder-column-0 > .fusion-column-wrapper {margin-right : 1.92%;margin-left : 1.92%;}}<\/style><\/div><\/div><style type=\"text\/css\">.fusion-body .fusion-flex-container.fusion-builder-row-1{ padding-top : 0px;margin-top : 0px;padding-right : 0px;padding-bottom : 0px;margin-bottom : 0px;padding-left : 0px;}<\/style><\/div>\n","protected":false},"excerpt":{"rendered":"<p>Para muchas asociaciones de consumidores el problema no reside \u00fanicamente en el encarecimiento del petr\u00f3leo. El verdadero debate se centra en c\u00f3mo se trasladan esas subidas al precio final que pagan los ciudadanos, ya que en numerosas ocasiones la evoluci\u00f3n de los carburantes en las estaciones de servicio no guarda una relaci\u00f3n proporcional con los movimientos del mercado internacional.<\/p>\n","protected":false},"author":3,"featured_media":54112,"comment_status":"closed","ping_status":"closed","sticky":false,"template":"","format":"standard","meta":{"_jetpack_memberships_contains_paid_content":false,"footnotes":"","jetpack_publicize_message":"","jetpack_publicize_feature_enabled":true,"jetpack_social_post_already_shared":true,"jetpack_social_options":{"image_generator_settings":{"template":"highway","default_image_id":0,"font":"","enabled":false},"version":2}},"categories":[7512],"tags":[8285],"class_list":["post-55420","post","type-post","status-publish","format-standard","has-post-thumbnail","hentry","category-consumidores","tag-newsletter-556"],"yoast_head":"<!-- This site is optimized with the Yoast SEO plugin v27.5 - https:\/\/yoast.com\/product\/yoast-seo-wordpress\/ -->\n<title>Intervenir los precios m\u00e1ximos de los combustibles<\/title>\n<meta name=\"description\" content=\"La crisis est\u00e1 siendo utilizada como justificaci\u00f3n para subidas que no siempre se corresponden con la evoluci\u00f3n de los costes energ\u00e9ticos.\" \/>\n<meta name=\"robots\" content=\"index, follow, max-snippet:-1, max-image-preview:large, max-video-preview:-1\" \/>\n<link rel=\"canonical\" href=\"https:\/\/www.aquimicasa.net\/blog\/consumo\/consumidores\/intervenir-los-precios-maximos-de-los-combustibles\/\" \/>\n<meta property=\"og:locale\" content=\"es_ES\" \/>\n<meta property=\"og:type\" content=\"article\" \/>\n<meta property=\"og:title\" content=\"Intervenir los precios m\u00e1ximos de los combustibles\" \/>\n<meta property=\"og:description\" content=\"La crisis est\u00e1 siendo utilizada como justificaci\u00f3n para subidas que no siempre se corresponden con la evoluci\u00f3n de los costes energ\u00e9ticos.\" \/>\n<meta property=\"og:url\" content=\"https:\/\/www.aquimicasa.net\/blog\/consumo\/consumidores\/intervenir-los-precios-maximos-de-los-combustibles\/\" \/>\n<meta property=\"og:site_name\" content=\"Blog de aquimicasa.net\" \/>\n<meta property=\"article:publisher\" content=\"https:\/\/www.facebook.com\/aquimicasa.net\" \/>\n<meta property=\"article:published_time\" content=\"2026-03-10T20:04:41+00:00\" \/>\n<meta property=\"article:modified_time\" content=\"2026-03-10T20:33:13+00:00\" \/>\n<meta property=\"og:image\" content=\"https:\/\/www.aquimicasa.net\/blog\/wp-content\/uploads\/Gasolina4-3.jpg\" \/>\n\t<meta property=\"og:image:width\" content=\"700\" \/>\n\t<meta property=\"og:image:height\" content=\"390\" \/>\n\t<meta property=\"og:image:type\" content=\"image\/jpeg\" \/>\n<meta name=\"author\" content=\"Eduardo Lizarraga\" \/>\n<meta name=\"twitter:label1\" content=\"Escrito por\" \/>\n\t<meta name=\"twitter:data1\" content=\"Eduardo Lizarraga\" \/>\n\t<meta name=\"twitter:label2\" content=\"Tiempo de lectura\" \/>\n\t<meta name=\"twitter:data2\" content=\"6 minutos\" \/>\n<script type=\"application\/ld+json\" class=\"yoast-schema-graph\">{\"@context\":\"https:\\\/\\\/schema.org\",\"@graph\":[{\"@type\":\"Article\",\"@id\":\"https:\\\/\\\/www.aquimicasa.net\\\/blog\\\/consumo\\\/consumidores\\\/intervenir-los-precios-maximos-de-los-combustibles\\\/#article\",\"isPartOf\":{\"@id\":\"https:\\\/\\\/www.aquimicasa.net\\\/blog\\\/consumo\\\/consumidores\\\/intervenir-los-precios-maximos-de-los-combustibles\\\/\"},\"author\":{\"name\":\"Eduardo Lizarraga\",\"@id\":\"https:\\\/\\\/www.aquimicasa.net\\\/blog\\\/#\\\/schema\\\/person\\\/2cdfa2605534583395c8d7ce1d6cac14\"},\"headline\":\"Intervenir los precios m\u00e1ximos de los combustibles\",\"datePublished\":\"2026-03-10T20:04:41+00:00\",\"dateModified\":\"2026-03-10T20:33:13+00:00\",\"mainEntityOfPage\":{\"@id\":\"https:\\\/\\\/www.aquimicasa.net\\\/blog\\\/consumo\\\/consumidores\\\/intervenir-los-precios-maximos-de-los-combustibles\\\/\"},\"wordCount\":1343,\"publisher\":{\"@id\":\"https:\\\/\\\/www.aquimicasa.net\\\/blog\\\/#organization\"},\"image\":{\"@id\":\"https:\\\/\\\/www.aquimicasa.net\\\/blog\\\/consumo\\\/consumidores\\\/intervenir-los-precios-maximos-de-los-combustibles\\\/#primaryimage\"},\"thumbnailUrl\":\"https:\\\/\\\/www.aquimicasa.net\\\/blog\\\/wp-content\\\/uploads\\\/Gasolina4-3.jpg\",\"keywords\":[\"newsletter 556\"],\"articleSection\":[\"Consumidores\"],\"inLanguage\":\"es\"},{\"@type\":\"WebPage\",\"@id\":\"https:\\\/\\\/www.aquimicasa.net\\\/blog\\\/consumo\\\/consumidores\\\/intervenir-los-precios-maximos-de-los-combustibles\\\/\",\"url\":\"https:\\\/\\\/www.aquimicasa.net\\\/blog\\\/consumo\\\/consumidores\\\/intervenir-los-precios-maximos-de-los-combustibles\\\/\",\"name\":\"Intervenir los precios m\u00e1ximos de los combustibles\",\"isPartOf\":{\"@id\":\"https:\\\/\\\/www.aquimicasa.net\\\/blog\\\/#website\"},\"primaryImageOfPage\":{\"@id\":\"https:\\\/\\\/www.aquimicasa.net\\\/blog\\\/consumo\\\/consumidores\\\/intervenir-los-precios-maximos-de-los-combustibles\\\/#primaryimage\"},\"image\":{\"@id\":\"https:\\\/\\\/www.aquimicasa.net\\\/blog\\\/consumo\\\/consumidores\\\/intervenir-los-precios-maximos-de-los-combustibles\\\/#primaryimage\"},\"thumbnailUrl\":\"https:\\\/\\\/www.aquimicasa.net\\\/blog\\\/wp-content\\\/uploads\\\/Gasolina4-3.jpg\",\"datePublished\":\"2026-03-10T20:04:41+00:00\",\"dateModified\":\"2026-03-10T20:33:13+00:00\",\"description\":\"La crisis est\u00e1 siendo utilizada como justificaci\u00f3n para subidas que no siempre se corresponden con la evoluci\u00f3n de los costes energ\u00e9ticos.\",\"breadcrumb\":{\"@id\":\"https:\\\/\\\/www.aquimicasa.net\\\/blog\\\/consumo\\\/consumidores\\\/intervenir-los-precios-maximos-de-los-combustibles\\\/#breadcrumb\"},\"inLanguage\":\"es\",\"potentialAction\":[{\"@type\":\"ReadAction\",\"target\":[\"https:\\\/\\\/www.aquimicasa.net\\\/blog\\\/consumo\\\/consumidores\\\/intervenir-los-precios-maximos-de-los-combustibles\\\/\"]}]},{\"@type\":\"ImageObject\",\"inLanguage\":\"es\",\"@id\":\"https:\\\/\\\/www.aquimicasa.net\\\/blog\\\/consumo\\\/consumidores\\\/intervenir-los-precios-maximos-de-los-combustibles\\\/#primaryimage\",\"url\":\"https:\\\/\\\/www.aquimicasa.net\\\/blog\\\/wp-content\\\/uploads\\\/Gasolina4-3.jpg\",\"contentUrl\":\"https:\\\/\\\/www.aquimicasa.net\\\/blog\\\/wp-content\\\/uploads\\\/Gasolina4-3.jpg\",\"width\":700,\"height\":390,\"caption\":\"Intervenir los precios m\u00e1ximos de los combustibles\"},{\"@type\":\"BreadcrumbList\",\"@id\":\"https:\\\/\\\/www.aquimicasa.net\\\/blog\\\/consumo\\\/consumidores\\\/intervenir-los-precios-maximos-de-los-combustibles\\\/#breadcrumb\",\"itemListElement\":[{\"@type\":\"ListItem\",\"position\":1,\"name\":\"Portada\",\"item\":\"https:\\\/\\\/www.aquimicasa.net\\\/blog\\\/\"},{\"@type\":\"ListItem\",\"position\":2,\"name\":\"Intervenir los precios m\u00e1ximos de los combustibles\"}]},{\"@type\":\"WebSite\",\"@id\":\"https:\\\/\\\/www.aquimicasa.net\\\/blog\\\/#website\",\"url\":\"https:\\\/\\\/www.aquimicasa.net\\\/blog\\\/\",\"name\":\"Blog de aquimicasa.net\",\"description\":\"Noticias del Mundo Inmobiliario\",\"publisher\":{\"@id\":\"https:\\\/\\\/www.aquimicasa.net\\\/blog\\\/#organization\"},\"potentialAction\":[{\"@type\":\"SearchAction\",\"target\":{\"@type\":\"EntryPoint\",\"urlTemplate\":\"https:\\\/\\\/www.aquimicasa.net\\\/blog\\\/?s={search_term_string}\"},\"query-input\":{\"@type\":\"PropertyValueSpecification\",\"valueRequired\":true,\"valueName\":\"search_term_string\"}}],\"inLanguage\":\"es\"},{\"@type\":\"Organization\",\"@id\":\"https:\\\/\\\/www.aquimicasa.net\\\/blog\\\/#organization\",\"name\":\"Blog de aquimicasa.net\",\"url\":\"https:\\\/\\\/www.aquimicasa.net\\\/blog\\\/\",\"logo\":{\"@type\":\"ImageObject\",\"inLanguage\":\"es\",\"@id\":\"https:\\\/\\\/www.aquimicasa.net\\\/blog\\\/#\\\/schema\\\/logo\\\/image\\\/\",\"url\":\"https:\\\/\\\/www.aquimicasa.net\\\/blog\\\/wp-content\\\/uploads\\\/Logo-aquimicasa-1-e1528048213782.png\",\"contentUrl\":\"https:\\\/\\\/www.aquimicasa.net\\\/blog\\\/wp-content\\\/uploads\\\/Logo-aquimicasa-1-e1528048213782.png\",\"width\":225,\"height\":225,\"caption\":\"Blog de aquimicasa.net\"},\"image\":{\"@id\":\"https:\\\/\\\/www.aquimicasa.net\\\/blog\\\/#\\\/schema\\\/logo\\\/image\\\/\"},\"sameAs\":[\"https:\\\/\\\/www.facebook.com\\\/aquimicasa.net\",\"https:\\\/\\\/www.instagram.com\\\/\",\"https:\\\/\\\/x.com\\\/EduLizarragaD\",\"https:\\\/\\\/www.linkedin.com\\\/feed\\\/\"]},{\"@type\":\"Person\",\"@id\":\"https:\\\/\\\/www.aquimicasa.net\\\/blog\\\/#\\\/schema\\\/person\\\/2cdfa2605534583395c8d7ce1d6cac14\",\"name\":\"Eduardo Lizarraga\",\"image\":{\"@type\":\"ImageObject\",\"inLanguage\":\"es\",\"@id\":\"https:\\\/\\\/secure.gravatar.com\\\/avatar\\\/bdabe1eeeed97b65a9cb7de2edd624b07995f7e13abc5fead15961f745f908cc?s=96&d=mm&r=g\",\"url\":\"https:\\\/\\\/secure.gravatar.com\\\/avatar\\\/bdabe1eeeed97b65a9cb7de2edd624b07995f7e13abc5fead15961f745f908cc?s=96&d=mm&r=g\",\"contentUrl\":\"https:\\\/\\\/secure.gravatar.com\\\/avatar\\\/bdabe1eeeed97b65a9cb7de2edd624b07995f7e13abc5fead15961f745f908cc?s=96&d=mm&r=g\",\"caption\":\"Eduardo Lizarraga\"},\"description\":\"Periodista Econ\u00f3mico. Ha trabajado en diversos campos de la informaci\u00f3n. Corresponsal en conflictos, analista pol\u00edtico en Congreso y Senado, periodista del medio ambiente, editor, director editorial, director de comunicaci\u00f3n.... En estos momentos se ha especializado en el sector inmobiliario. Pero tambi\u00e9n es navegante y viajero, preocupado por la pobreza, el medio ambiente y por las actuaciones descontroladas del neoliberalismo empresarial y pol\u00edtico en todo el mundo. Los desahucios, la pobreza infantil y la falta de acceso a los suministros b\u00e1sicos son algunos de los grandes dramas de nuestra sociedad y que es preciso solucionar para hacerla m\u00e1s justa. CEO en www.aquimicasa.net\",\"sameAs\":[\"https:\\\/\\\/www.aquimicasa.net\\\/\"],\"url\":\"https:\\\/\\\/www.aquimicasa.net\\\/blog\\\/author\\\/eduardo\\\/\"}]}<\/script>\n<!-- \/ Yoast SEO plugin. -->","yoast_head_json":{"title":"Intervenir los precios m\u00e1ximos de los combustibles","description":"La crisis est\u00e1 siendo utilizada como justificaci\u00f3n para subidas que no siempre se corresponden con la evoluci\u00f3n de los costes energ\u00e9ticos.","robots":{"index":"index","follow":"follow","max-snippet":"max-snippet:-1","max-image-preview":"max-image-preview:large","max-video-preview":"max-video-preview:-1"},"canonical":"https:\/\/www.aquimicasa.net\/blog\/consumo\/consumidores\/intervenir-los-precios-maximos-de-los-combustibles\/","og_locale":"es_ES","og_type":"article","og_title":"Intervenir los precios m\u00e1ximos de los combustibles","og_description":"La crisis est\u00e1 siendo utilizada como justificaci\u00f3n para subidas que no siempre se corresponden con la evoluci\u00f3n de los costes energ\u00e9ticos.","og_url":"https:\/\/www.aquimicasa.net\/blog\/consumo\/consumidores\/intervenir-los-precios-maximos-de-los-combustibles\/","og_site_name":"Blog de aquimicasa.net","article_publisher":"https:\/\/www.facebook.com\/aquimicasa.net","article_published_time":"2026-03-10T20:04:41+00:00","article_modified_time":"2026-03-10T20:33:13+00:00","og_image":[{"width":700,"height":390,"url":"https:\/\/www.aquimicasa.net\/blog\/wp-content\/uploads\/Gasolina4-3.jpg","type":"image\/jpeg"}],"author":"Eduardo Lizarraga","twitter_misc":{"Escrito por":"Eduardo Lizarraga","Tiempo de lectura":"6 minutos"},"schema":{"@context":"https:\/\/schema.org","@graph":[{"@type":"Article","@id":"https:\/\/www.aquimicasa.net\/blog\/consumo\/consumidores\/intervenir-los-precios-maximos-de-los-combustibles\/#article","isPartOf":{"@id":"https:\/\/www.aquimicasa.net\/blog\/consumo\/consumidores\/intervenir-los-precios-maximos-de-los-combustibles\/"},"author":{"name":"Eduardo Lizarraga","@id":"https:\/\/www.aquimicasa.net\/blog\/#\/schema\/person\/2cdfa2605534583395c8d7ce1d6cac14"},"headline":"Intervenir los precios m\u00e1ximos de los combustibles","datePublished":"2026-03-10T20:04:41+00:00","dateModified":"2026-03-10T20:33:13+00:00","mainEntityOfPage":{"@id":"https:\/\/www.aquimicasa.net\/blog\/consumo\/consumidores\/intervenir-los-precios-maximos-de-los-combustibles\/"},"wordCount":1343,"publisher":{"@id":"https:\/\/www.aquimicasa.net\/blog\/#organization"},"image":{"@id":"https:\/\/www.aquimicasa.net\/blog\/consumo\/consumidores\/intervenir-los-precios-maximos-de-los-combustibles\/#primaryimage"},"thumbnailUrl":"https:\/\/www.aquimicasa.net\/blog\/wp-content\/uploads\/Gasolina4-3.jpg","keywords":["newsletter 556"],"articleSection":["Consumidores"],"inLanguage":"es"},{"@type":"WebPage","@id":"https:\/\/www.aquimicasa.net\/blog\/consumo\/consumidores\/intervenir-los-precios-maximos-de-los-combustibles\/","url":"https:\/\/www.aquimicasa.net\/blog\/consumo\/consumidores\/intervenir-los-precios-maximos-de-los-combustibles\/","name":"Intervenir los precios m\u00e1ximos de los combustibles","isPartOf":{"@id":"https:\/\/www.aquimicasa.net\/blog\/#website"},"primaryImageOfPage":{"@id":"https:\/\/www.aquimicasa.net\/blog\/consumo\/consumidores\/intervenir-los-precios-maximos-de-los-combustibles\/#primaryimage"},"image":{"@id":"https:\/\/www.aquimicasa.net\/blog\/consumo\/consumidores\/intervenir-los-precios-maximos-de-los-combustibles\/#primaryimage"},"thumbnailUrl":"https:\/\/www.aquimicasa.net\/blog\/wp-content\/uploads\/Gasolina4-3.jpg","datePublished":"2026-03-10T20:04:41+00:00","dateModified":"2026-03-10T20:33:13+00:00","description":"La crisis est\u00e1 siendo utilizada como justificaci\u00f3n para subidas que no siempre se corresponden con la evoluci\u00f3n de los costes energ\u00e9ticos.","breadcrumb":{"@id":"https:\/\/www.aquimicasa.net\/blog\/consumo\/consumidores\/intervenir-los-precios-maximos-de-los-combustibles\/#breadcrumb"},"inLanguage":"es","potentialAction":[{"@type":"ReadAction","target":["https:\/\/www.aquimicasa.net\/blog\/consumo\/consumidores\/intervenir-los-precios-maximos-de-los-combustibles\/"]}]},{"@type":"ImageObject","inLanguage":"es","@id":"https:\/\/www.aquimicasa.net\/blog\/consumo\/consumidores\/intervenir-los-precios-maximos-de-los-combustibles\/#primaryimage","url":"https:\/\/www.aquimicasa.net\/blog\/wp-content\/uploads\/Gasolina4-3.jpg","contentUrl":"https:\/\/www.aquimicasa.net\/blog\/wp-content\/uploads\/Gasolina4-3.jpg","width":700,"height":390,"caption":"Intervenir los precios m\u00e1ximos de los combustibles"},{"@type":"BreadcrumbList","@id":"https:\/\/www.aquimicasa.net\/blog\/consumo\/consumidores\/intervenir-los-precios-maximos-de-los-combustibles\/#breadcrumb","itemListElement":[{"@type":"ListItem","position":1,"name":"Portada","item":"https:\/\/www.aquimicasa.net\/blog\/"},{"@type":"ListItem","position":2,"name":"Intervenir los precios m\u00e1ximos de los combustibles"}]},{"@type":"WebSite","@id":"https:\/\/www.aquimicasa.net\/blog\/#website","url":"https:\/\/www.aquimicasa.net\/blog\/","name":"Blog de aquimicasa.net","description":"Noticias del Mundo Inmobiliario","publisher":{"@id":"https:\/\/www.aquimicasa.net\/blog\/#organization"},"potentialAction":[{"@type":"SearchAction","target":{"@type":"EntryPoint","urlTemplate":"https:\/\/www.aquimicasa.net\/blog\/?s={search_term_string}"},"query-input":{"@type":"PropertyValueSpecification","valueRequired":true,"valueName":"search_term_string"}}],"inLanguage":"es"},{"@type":"Organization","@id":"https:\/\/www.aquimicasa.net\/blog\/#organization","name":"Blog de aquimicasa.net","url":"https:\/\/www.aquimicasa.net\/blog\/","logo":{"@type":"ImageObject","inLanguage":"es","@id":"https:\/\/www.aquimicasa.net\/blog\/#\/schema\/logo\/image\/","url":"https:\/\/www.aquimicasa.net\/blog\/wp-content\/uploads\/Logo-aquimicasa-1-e1528048213782.png","contentUrl":"https:\/\/www.aquimicasa.net\/blog\/wp-content\/uploads\/Logo-aquimicasa-1-e1528048213782.png","width":225,"height":225,"caption":"Blog de aquimicasa.net"},"image":{"@id":"https:\/\/www.aquimicasa.net\/blog\/#\/schema\/logo\/image\/"},"sameAs":["https:\/\/www.facebook.com\/aquimicasa.net","https:\/\/www.instagram.com\/","https:\/\/x.com\/EduLizarragaD","https:\/\/www.linkedin.com\/feed\/"]},{"@type":"Person","@id":"https:\/\/www.aquimicasa.net\/blog\/#\/schema\/person\/2cdfa2605534583395c8d7ce1d6cac14","name":"Eduardo Lizarraga","image":{"@type":"ImageObject","inLanguage":"es","@id":"https:\/\/secure.gravatar.com\/avatar\/bdabe1eeeed97b65a9cb7de2edd624b07995f7e13abc5fead15961f745f908cc?s=96&d=mm&r=g","url":"https:\/\/secure.gravatar.com\/avatar\/bdabe1eeeed97b65a9cb7de2edd624b07995f7e13abc5fead15961f745f908cc?s=96&d=mm&r=g","contentUrl":"https:\/\/secure.gravatar.com\/avatar\/bdabe1eeeed97b65a9cb7de2edd624b07995f7e13abc5fead15961f745f908cc?s=96&d=mm&r=g","caption":"Eduardo Lizarraga"},"description":"Periodista Econ\u00f3mico. Ha trabajado en diversos campos de la informaci\u00f3n. Corresponsal en conflictos, analista pol\u00edtico en Congreso y Senado, periodista del medio ambiente, editor, director editorial, director de comunicaci\u00f3n.... En estos momentos se ha especializado en el sector inmobiliario. Pero tambi\u00e9n es navegante y viajero, preocupado por la pobreza, el medio ambiente y por las actuaciones descontroladas del neoliberalismo empresarial y pol\u00edtico en todo el mundo. Los desahucios, la pobreza infantil y la falta de acceso a los suministros b\u00e1sicos son algunos de los grandes dramas de nuestra sociedad y que es preciso solucionar para hacerla m\u00e1s justa. CEO en www.aquimicasa.net","sameAs":["https:\/\/www.aquimicasa.net\/"],"url":"https:\/\/www.aquimicasa.net\/blog\/author\/eduardo\/"}]}},"jetpack_publicize_connections":[],"jetpack_featured_media_url":"https:\/\/www.aquimicasa.net\/blog\/wp-content\/uploads\/Gasolina4-3.jpg","jetpack_sharing_enabled":true,"jetpack_likes_enabled":true,"_links":{"self":[{"href":"https:\/\/www.aquimicasa.net\/blog\/wp-json\/wp\/v2\/posts\/55420","targetHints":{"allow":["GET"]}}],"collection":[{"href":"https:\/\/www.aquimicasa.net\/blog\/wp-json\/wp\/v2\/posts"}],"about":[{"href":"https:\/\/www.aquimicasa.net\/blog\/wp-json\/wp\/v2\/types\/post"}],"author":[{"embeddable":true,"href":"https:\/\/www.aquimicasa.net\/blog\/wp-json\/wp\/v2\/users\/3"}],"replies":[{"embeddable":true,"href":"https:\/\/www.aquimicasa.net\/blog\/wp-json\/wp\/v2\/comments?post=55420"}],"version-history":[{"count":3,"href":"https:\/\/www.aquimicasa.net\/blog\/wp-json\/wp\/v2\/posts\/55420\/revisions"}],"predecessor-version":[{"id":55423,"href":"https:\/\/www.aquimicasa.net\/blog\/wp-json\/wp\/v2\/posts\/55420\/revisions\/55423"}],"wp:featuredmedia":[{"embeddable":true,"href":"https:\/\/www.aquimicasa.net\/blog\/wp-json\/wp\/v2\/media\/54112"}],"wp:attachment":[{"href":"https:\/\/www.aquimicasa.net\/blog\/wp-json\/wp\/v2\/media?parent=55420"}],"wp:term":[{"taxonomy":"category","embeddable":true,"href":"https:\/\/www.aquimicasa.net\/blog\/wp-json\/wp\/v2\/categories?post=55420"},{"taxonomy":"post_tag","embeddable":true,"href":"https:\/\/www.aquimicasa.net\/blog\/wp-json\/wp\/v2\/tags?post=55420"}],"curies":[{"name":"wp","href":"https:\/\/api.w.org\/{rel}","templated":true}]}}