{"id":55560,"date":"2026-03-21T20:14:37","date_gmt":"2026-03-21T19:14:37","guid":{"rendered":"https:\/\/www.aquimicasa.net\/blog\/?p=55560"},"modified":"2026-03-21T20:15:41","modified_gmt":"2026-03-21T19:15:41","slug":"las-hipotecas-subiran-endureciendo-el-mercado-inmobiliario","status":"publish","type":"post","link":"https:\/\/www.aquimicasa.net\/blog\/vivienda\/compraventa-de-viviendas\/las-hipotecas-subiran-endureciendo-el-mercado-inmobiliario\/","title":{"rendered":"Las hipotecas subir\u00e1n, endureciendo el mercado inmobiliario"},"content":{"rendered":"<div class=\"fusion-fullwidth fullwidth-box fusion-builder-row-1 fusion-flex-container nonhundred-percent-fullwidth non-hundred-percent-height-scrolling\" style=\"background-color: rgba(255,255,255,0);background-position: center center;background-repeat: no-repeat;border-width: 0px 0px 0px 0px;border-color:#eae9e9;border-style:solid;\" ><div class=\"fusion-builder-row fusion-row fusion-flex-align-items-flex-start\" style=\"max-width:1144px;margin-left: calc(-4% \/ 2 );margin-right: calc(-4% \/ 2 );\"><div class=\"fusion-layout-column fusion_builder_column fusion-builder-column-0 fusion_builder_column_1_1 1_1 fusion-flex-column\"><div class=\"fusion-column-wrapper fusion-flex-justify-content-flex-start fusion-content-layout-column\" style=\"background-position:left top;background-repeat:no-repeat;-webkit-background-size:cover;-moz-background-size:cover;-o-background-size:cover;background-size:cover;padding: 0px 0px 0px 0px;\"><div class=\"fusion-text fusion-text-1\"><div data-test-render-count=\"1\">\n<div class=\"group\">\n<div class=\"contents\">\n<div class=\"group relative relative pb-3\" data-is-streaming=\"false\">\n<div class=\"font-claude-response relative leading-&#091;1.65rem&#093; &#091;&amp;_pre&gt; &lt;p&gt;div&#093;:bg-bg-000\/50 &#091;&amp;_pre&gt;div&#093;:border-0.5 &#091;&amp;_pre&gt;div&#093;:border-border-400 &#091;&amp;_.ignore-pre-bg&gt;div&#093;:bg-transparent &#091;&amp;_.standard-markdown_:is(p,blockquote,h1,h2,h3,h4,h5,h6)&#093;:pl-2 &#091;&amp;_.standard-markdown_:is(p,blockquote,ul,ol,h1,h2,h3,h4,h5,h6)&#093;:pr-8 &#091;&amp;_.progressive-markdown_:is(p,blockquote,h1,h2,h3,h4,h5,h6)&#093;:pl-2 &#091;&amp;_.progressive-markdown_:is(p,blockquote,ul,ol,h1,h2,h3,h4,h5,h6)&#093;:pr-8\">\n<div class=\"standard-markdown grid-cols-1 grid &#091;&amp;_&gt; &lt;p&gt;_*&#093;:min-w-0 gap-3 standard-markdown\">\n<p class=\"font-claude-response-body break-words whitespace-normal leading-&#091;1.7&#093;\">La guerra tiene consecuencias. No solo en vidas humanas, en desplazados, en destrucci\u00f3n. Tambi\u00e9n en hipotecas, en cuotas mensuales, en sue\u00f1os de acceder a una vivienda que ya de por s\u00ed se han convertido para millones de espa\u00f1oles en algo parecido a una quimera. El conflicto iniciado por Trump y Netanyahu en Oriente Pr\u00f3ximo est\u00e1 tensionando los mercados financieros de una forma que ya se nota en los bolsillos de los hipotecados espa\u00f1oles, y que amenaza con hacerse notar mucho m\u00e1s en los pr\u00f3ximos meses. El eur\u00edbor ha vuelto a despertar, y con \u00e9l, una nueva oleada de encarecimiento hipotecario que llega en el peor momento posible para una sociedad que ya estaba al l\u00edmite.<\/p>\n<h2 class=\"text-text-100 mt-3 -mb-1 text-&#091;1.125rem&#093; font-bold\"><strong>Conforme la guerra se enquiste se anticipa un empeoramiento de las condiciones hipotecarias<\/strong><\/h2>\n<p class=\"font-claude-response-body break-words whitespace-normal leading-&#091;1.7&#093;\">El mecanismo es tan sencillo como cruel. El conflicto b\u00e9lico dispara el precio de la energ\u00eda. El precio de la energ\u00eda alimenta la inflaci\u00f3n. La inflaci\u00f3n obliga a los bancos centrales a plantearse subidas de tipos. Y las subidas de tipos se traducen, inevitablemente, en hipotecas m\u00e1s caras para familias que ya estaban pagando precios de vivienda hist\u00f3ricamente desorbitados. La reuni\u00f3n del Banco Central Europeo no trajo ninguna sorpresa: los tipos se mantienen por ahora, pero nadie en el mercado interpreta ese silencio como una buena noticia. Es simplemente que todav\u00eda es demasiado pronto para calibrar el alcance real del golpe inflacionario, y que la deuda de varios pa\u00edses europeos es demasiado elevada como para andar con experimentos monetarios a la ligera. La calma es provisional. Los mercados ya lo saben, y por eso los <em>swaps<\/em> de tipos de inter\u00e9s llevan semanas movi\u00e9ndose al alza.<\/p>\n<h2 class=\"text-text-100 mt-3 -mb-1 text-&#091;1.125rem&#093; font-bold\"><strong>El eur\u00edbor ya se encuentra en franco avance hacia el 3%<\/strong><\/h2>\n<p class=\"font-claude-response-body break-words whitespace-normal leading-&#091;1.7&#093;\">El eur\u00edbor a doce meses en marzo est\u00e1 con una tasa media provisional del <strong>2,407%<\/strong>, superando tanto el dato de febrero, que se situaba en el 2,221%, como el de marzo del a\u00f1o pasado, que fue del 2,398%. Es decir: <strong>por primera vez en casi dos a\u00f1os, el \u00edndice de referencia hipotecario m\u00e1s utilizado en Espa\u00f1a cierra un mes por encima del mismo mes del a\u00f1o anterior.<\/strong> Eso tiene un nombre: cambio de tendencia. Y aunque los analistas se esfuerzan en recordar que el impacto inmediato sobre las cuotas ser\u00e1 moderado, nadie en el sector descarta que ese 2,4% de hoy sea el punto de partida de una senda alcista que lleve al eur\u00edbor de vuelta hacia el entorno del 3%. Una hipoteca media de 150.000 euros subir\u00e1 apenas 9 euros al a\u00f1o con este repunte. Una de 300.000 euros, unos 24 euros. Cifras manejables hoy, s\u00ed. Pero la pregunta no es qu\u00e9 pasa hoy, sino qu\u00e9 pasa si el eur\u00edbor sigue escalando trimestre a trimestre mientras la inflaci\u00f3n energ\u00e9tica no da tregua.<\/p>\n<h2 class=\"text-text-100 mt-3 -mb-1 text-&#091;1.125rem&#093; font-bold\"><strong>\u00bfCu\u00e1l ser\u00e1 el comportamiento de las hipotecas variables en marzo de 2026?<\/strong><\/h2>\n<p class=\"font-claude-response-body break-words whitespace-normal leading-&#091;1.7&#093;\"><strong>Las hipotecas variables que se revisen en marzo de 2026 experimentar\u00e1n, por primera vez desde abril de 2024, un encarecimiento de sus cuotas.<\/strong> No ser\u00e1 dram\u00e1tico en t\u00e9rminos absolutos para la mayor\u00eda, pero es una se\u00f1al inequ\u00edvoca de que el ciclo de alivio ha terminado. Quienes tengan revisi\u00f3n semestral o anual pr\u00f3ximamente har\u00edan bien en no esperar: hacer n\u00fameros ahora, explorar si una subrogaci\u00f3n o un cambio a tipo fijo tiene sentido, y no quedarse paralizados esperando a ver si el eur\u00edbor vuelve a bajar. Los expertos son claros: en el entorno actual, la prudencia manda.<\/p>\n<h2 class=\"text-text-100 mt-3 -mb-1 text-&#091;1.125rem&#093; font-bold\"><strong>Los bancos ya est\u00e1n encareciendo las hipotecas fijas<\/strong><\/h2>\n<p class=\"font-claude-response-body break-words whitespace-normal leading-&#091;1.7&#093;\">Y no es solo el eur\u00edbor. <strong>Los grandes bancos llevan semanas subiendo los tipos de sus hipotecas fijas y mixtas<\/strong>, aprovechando precisamente la incertidumbre para recomponer m\u00e1rgenes. Las hipotecas fijas ya presentan un TIN de entre el 2,6% y el 3,2% en las mejores condiciones, con una TAE que supera el 3,3% en todos los casos. Las mixtas, con periodos fijos de entre 3 y 5 a\u00f1os, parten ya del 1,6%, y para plazos fijos de diez a\u00f1os el inter\u00e9s arranca en el 2,8%. Unas cifras que podr\u00edan quedarse cortas si la situaci\u00f3n geopol\u00edtica y macroecon\u00f3mica contin\u00faa deterior\u00e1ndose. El consejo un\u00e1nime de los analistas para quienes est\u00e9n en proceso de compra es acelerar: <strong>una diferencia de semanas en la firma puede suponer miles de euros de ahorro a lo largo de la vida del pr\u00e9stamo.<\/strong><\/p>\n<h2 class=\"text-text-100 mt-3 -mb-1 text-&#091;1.125rem&#093; font-bold\"><strong>Una vivienda cada vez m\u00e1s inasequible<\/strong><\/h2>\n<p class=\"font-claude-response-body break-words whitespace-normal leading-&#091;1.7&#093;\">Y aqu\u00ed es donde la historia se vuelve verdaderamente indignante. Porque el problema de los tipos de inter\u00e9s, con ser real, es casi anecd\u00f3tico frente al verdadero elefante en la habitaci\u00f3n: <strong>el precio de la vivienda en Espa\u00f1a ha subido un 12,7% en un solo a\u00f1o, el mayor incremento de la serie hist\u00f3rica<\/strong>, y las previsiones apuntan a que en 2026 los repuntes podr\u00edan volver a ser de dos d\u00edgitos. En las zonas tensionadas, los pisos cuestan el doble que hace tres a\u00f1os. Ni las clases medias ni las medias-altas pueden permitirse una vivienda por encima de los 500.000 euros. No hay sueldo que aguante una hipoteca as\u00ed a treinta a\u00f1os, y los bancos, si hacen bien su trabajo, tampoco deber\u00edan concederla.<\/p>\n<h2><strong>Una clase pol\u00edtica que no sirve para una sociedad qur necesita soluciones<\/strong><\/h2>\n<p class=\"font-claude-response-body break-words whitespace-normal leading-&#091;1.7&#093;\">El resultado es una sociedad bloqueada, en la que millones de espa\u00f1oles \u2014especialmente j\u00f3venes\u2014 ven c\u00f3mo comprar una vivienda se aleja a velocidad de crucero mientras sus salarios permanecen estancados. Y en medio de todo esto, <strong>la clase pol\u00edtica espa\u00f1ola sigue sin sentarse de verdad a resolver el problema.<\/strong> No por incapacidad, sino por ideolog\u00eda. Porque para unos, intervenir el mercado es un sacrilegio. Para otros, facilitar la construcci\u00f3n de nueva oferta es entregar el territorio al capital. Y mientras unos y otros se enzarzan en debates que llevan a\u00f1os sin producir ni una sola soluci\u00f3n estructural, el precio del metro cuadrado sigue subiendo, el eur\u00edbor retoma su escalada y las familias espa\u00f1olas pagan la factura de una guerra que no han provocado y de una clase dirigente que no est\u00e1 a la altura.<\/p>\n<\/div>\n<\/div>\n<\/div>\n<\/div>\n<div class=\"flex justify-start\" role=\"group\" aria-label=\"Message actions\">\n<div class=\"text-text-300\">\n<div class=\"text-text-300 flex items-stretch justify-between\">\n<div class=\"w-fit\" data-state=\"closed\">\n<div class=\"relative text-text-500 group-hover\/btn:text-text-100\"><\/div>\n<\/div>\n<\/div>\n<\/div>\n<\/div>\n<\/div>\n<\/div>\n<div>\n<div class=\"ml-1 flex items-center transition-transform duration-300 ease-out mt-6\">\n<div class=\"p-1 -translate-x-px\">\n<div aria-hidden=\"true\">\n<div class=\"w-8 text-accent-brand inline-block select-none\" data-state=\"closed\"><\/div>\n<\/div>\n<\/div>\n<\/div>\n<\/div>\n<div class=\"penci-google-adsense-2\"><\/div>\n<\/div><\/div><style type=\"text\/css\">.fusion-body .fusion-builder-column-0{width:100% !important;margin-top : 0px;margin-bottom : 0px;}.fusion-builder-column-0 > .fusion-column-wrapper {padding-top : 0px !important;padding-right : 0px !important;margin-right : 1.92%;padding-bottom : 0px !important;padding-left : 0px !important;margin-left : 1.92%;}@media only screen and (max-width:1024px) {.fusion-body .fusion-builder-column-0{width:100% !important;}.fusion-builder-column-0 > .fusion-column-wrapper {margin-right : 1.92%;margin-left : 1.92%;}}@media only screen and (max-width:640px) {.fusion-body .fusion-builder-column-0{width:100% !important;}.fusion-builder-column-0 > .fusion-column-wrapper {margin-right : 1.92%;margin-left : 1.92%;}}<\/style><\/div><\/div><style type=\"text\/css\">.fusion-body .fusion-flex-container.fusion-builder-row-1{ padding-top : 0px;margin-top : 0px;padding-right : 0px;padding-bottom : 0px;margin-bottom : 0px;padding-left : 0px;}<\/style><\/div>\n","protected":false},"excerpt":{"rendered":"<p>El eur\u00edbor a doce meses en marzo est\u00e1 con una tasa media provisional del 2,407%, superando tanto el dato de febrero, que se situaba en el 2,221%, como el de marzo del a\u00f1o pasado, que fue del 2,398%. Es decir: por primera vez en casi dos a\u00f1os, el \u00edndice de referencia hipotecario m\u00e1s utilizado en Espa\u00f1a cierra un mes por encima del mismo mes del a\u00f1o anterior.<\/p>\n","protected":false},"author":3,"featured_media":50946,"comment_status":"closed","ping_status":"closed","sticky":false,"template":"","format":"standard","meta":{"_jetpack_memberships_contains_paid_content":false,"footnotes":"","jetpack_publicize_message":"","jetpack_publicize_feature_enabled":true,"jetpack_social_post_already_shared":true,"jetpack_social_options":{"image_generator_settings":{"template":"highway","default_image_id":0,"font":"","enabled":false},"version":2}},"categories":[100],"tags":[8287],"class_list":["post-55560","post","type-post","status-publish","format-standard","has-post-thumbnail","hentry","category-compraventa-de-viviendas","tag-newsletter-558"],"yoast_head":"<!-- This site is optimized with the Yoast SEO plugin v27.5 - https:\/\/yoast.com\/product\/yoast-seo-wordpress\/ -->\n<title>Las hipotecas subir\u00e1n, endureciendo el mercado inmobiliario<\/title>\n<meta name=\"description\" content=\"la clase pol\u00edtica espa\u00f1ola sigue sin sentarse de verdad a resolver el problema. No por incapacidad, sino por ideolog\u00eda.\" \/>\n<meta name=\"robots\" content=\"index, follow, max-snippet:-1, max-image-preview:large, max-video-preview:-1\" \/>\n<link rel=\"canonical\" href=\"https:\/\/www.aquimicasa.net\/blog\/vivienda\/compraventa-de-viviendas\/las-hipotecas-subiran-endureciendo-el-mercado-inmobiliario\/\" \/>\n<meta property=\"og:locale\" content=\"es_ES\" \/>\n<meta property=\"og:type\" content=\"article\" \/>\n<meta property=\"og:title\" content=\"Las hipotecas subir\u00e1n, endureciendo el mercado inmobiliario\" \/>\n<meta property=\"og:description\" content=\"la clase pol\u00edtica espa\u00f1ola sigue sin sentarse de verdad a resolver el problema. No por incapacidad, sino por ideolog\u00eda.\" \/>\n<meta property=\"og:url\" content=\"https:\/\/www.aquimicasa.net\/blog\/vivienda\/compraventa-de-viviendas\/las-hipotecas-subiran-endureciendo-el-mercado-inmobiliario\/\" \/>\n<meta property=\"og:site_name\" content=\"Blog de aquimicasa.net\" \/>\n<meta property=\"article:publisher\" content=\"https:\/\/www.facebook.com\/aquimicasa.net\" \/>\n<meta property=\"article:published_time\" content=\"2026-03-21T19:14:37+00:00\" \/>\n<meta property=\"article:modified_time\" content=\"2026-03-21T19:15:41+00:00\" \/>\n<meta property=\"og:image\" content=\"https:\/\/www.aquimicasa.net\/blog\/wp-content\/uploads\/dinero-y-casa-4-e1743534354178.jpg\" \/>\n\t<meta property=\"og:image:width\" content=\"500\" \/>\n\t<meta property=\"og:image:height\" content=\"334\" \/>\n\t<meta property=\"og:image:type\" content=\"image\/jpeg\" \/>\n<meta name=\"author\" content=\"Eduardo Lizarraga\" \/>\n<meta name=\"twitter:label1\" content=\"Escrito por\" \/>\n\t<meta name=\"twitter:data1\" content=\"Eduardo Lizarraga\" \/>\n\t<meta name=\"twitter:label2\" content=\"Tiempo de lectura\" \/>\n\t<meta name=\"twitter:data2\" content=\"6 minutos\" \/>\n<script type=\"application\/ld+json\" class=\"yoast-schema-graph\">{\"@context\":\"https:\\\/\\\/schema.org\",\"@graph\":[{\"@type\":\"Article\",\"@id\":\"https:\\\/\\\/www.aquimicasa.net\\\/blog\\\/vivienda\\\/compraventa-de-viviendas\\\/las-hipotecas-subiran-endureciendo-el-mercado-inmobiliario\\\/#article\",\"isPartOf\":{\"@id\":\"https:\\\/\\\/www.aquimicasa.net\\\/blog\\\/vivienda\\\/compraventa-de-viviendas\\\/las-hipotecas-subiran-endureciendo-el-mercado-inmobiliario\\\/\"},\"author\":{\"name\":\"Eduardo Lizarraga\",\"@id\":\"https:\\\/\\\/www.aquimicasa.net\\\/blog\\\/#\\\/schema\\\/person\\\/2cdfa2605534583395c8d7ce1d6cac14\"},\"headline\":\"Las hipotecas subir\u00e1n, endureciendo el mercado inmobiliario\",\"datePublished\":\"2026-03-21T19:14:37+00:00\",\"dateModified\":\"2026-03-21T19:15:41+00:00\",\"mainEntityOfPage\":{\"@id\":\"https:\\\/\\\/www.aquimicasa.net\\\/blog\\\/vivienda\\\/compraventa-de-viviendas\\\/las-hipotecas-subiran-endureciendo-el-mercado-inmobiliario\\\/\"},\"wordCount\":1292,\"publisher\":{\"@id\":\"https:\\\/\\\/www.aquimicasa.net\\\/blog\\\/#organization\"},\"image\":{\"@id\":\"https:\\\/\\\/www.aquimicasa.net\\\/blog\\\/vivienda\\\/compraventa-de-viviendas\\\/las-hipotecas-subiran-endureciendo-el-mercado-inmobiliario\\\/#primaryimage\"},\"thumbnailUrl\":\"https:\\\/\\\/www.aquimicasa.net\\\/blog\\\/wp-content\\\/uploads\\\/dinero-y-casa-4-e1743534354178.jpg\",\"keywords\":[\"newsletter 558\"],\"articleSection\":[\"Compra Venta\"],\"inLanguage\":\"es\"},{\"@type\":\"WebPage\",\"@id\":\"https:\\\/\\\/www.aquimicasa.net\\\/blog\\\/vivienda\\\/compraventa-de-viviendas\\\/las-hipotecas-subiran-endureciendo-el-mercado-inmobiliario\\\/\",\"url\":\"https:\\\/\\\/www.aquimicasa.net\\\/blog\\\/vivienda\\\/compraventa-de-viviendas\\\/las-hipotecas-subiran-endureciendo-el-mercado-inmobiliario\\\/\",\"name\":\"Las hipotecas subir\u00e1n, endureciendo el mercado inmobiliario\",\"isPartOf\":{\"@id\":\"https:\\\/\\\/www.aquimicasa.net\\\/blog\\\/#website\"},\"primaryImageOfPage\":{\"@id\":\"https:\\\/\\\/www.aquimicasa.net\\\/blog\\\/vivienda\\\/compraventa-de-viviendas\\\/las-hipotecas-subiran-endureciendo-el-mercado-inmobiliario\\\/#primaryimage\"},\"image\":{\"@id\":\"https:\\\/\\\/www.aquimicasa.net\\\/blog\\\/vivienda\\\/compraventa-de-viviendas\\\/las-hipotecas-subiran-endureciendo-el-mercado-inmobiliario\\\/#primaryimage\"},\"thumbnailUrl\":\"https:\\\/\\\/www.aquimicasa.net\\\/blog\\\/wp-content\\\/uploads\\\/dinero-y-casa-4-e1743534354178.jpg\",\"datePublished\":\"2026-03-21T19:14:37+00:00\",\"dateModified\":\"2026-03-21T19:15:41+00:00\",\"description\":\"la clase pol\u00edtica espa\u00f1ola sigue sin sentarse de verdad a resolver el problema. No por incapacidad, sino por ideolog\u00eda.\",\"breadcrumb\":{\"@id\":\"https:\\\/\\\/www.aquimicasa.net\\\/blog\\\/vivienda\\\/compraventa-de-viviendas\\\/las-hipotecas-subiran-endureciendo-el-mercado-inmobiliario\\\/#breadcrumb\"},\"inLanguage\":\"es\",\"potentialAction\":[{\"@type\":\"ReadAction\",\"target\":[\"https:\\\/\\\/www.aquimicasa.net\\\/blog\\\/vivienda\\\/compraventa-de-viviendas\\\/las-hipotecas-subiran-endureciendo-el-mercado-inmobiliario\\\/\"]}]},{\"@type\":\"ImageObject\",\"inLanguage\":\"es\",\"@id\":\"https:\\\/\\\/www.aquimicasa.net\\\/blog\\\/vivienda\\\/compraventa-de-viviendas\\\/las-hipotecas-subiran-endureciendo-el-mercado-inmobiliario\\\/#primaryimage\",\"url\":\"https:\\\/\\\/www.aquimicasa.net\\\/blog\\\/wp-content\\\/uploads\\\/dinero-y-casa-4-e1743534354178.jpg\",\"contentUrl\":\"https:\\\/\\\/www.aquimicasa.net\\\/blog\\\/wp-content\\\/uploads\\\/dinero-y-casa-4-e1743534354178.jpg\",\"width\":500,\"height\":334,\"caption\":\"house on money stack isolated on white\"},{\"@type\":\"BreadcrumbList\",\"@id\":\"https:\\\/\\\/www.aquimicasa.net\\\/blog\\\/vivienda\\\/compraventa-de-viviendas\\\/las-hipotecas-subiran-endureciendo-el-mercado-inmobiliario\\\/#breadcrumb\",\"itemListElement\":[{\"@type\":\"ListItem\",\"position\":1,\"name\":\"Portada\",\"item\":\"https:\\\/\\\/www.aquimicasa.net\\\/blog\\\/\"},{\"@type\":\"ListItem\",\"position\":2,\"name\":\"Las hipotecas subir\u00e1n, endureciendo el mercado inmobiliario\"}]},{\"@type\":\"WebSite\",\"@id\":\"https:\\\/\\\/www.aquimicasa.net\\\/blog\\\/#website\",\"url\":\"https:\\\/\\\/www.aquimicasa.net\\\/blog\\\/\",\"name\":\"Blog de aquimicasa.net\",\"description\":\"Noticias del Mundo Inmobiliario\",\"publisher\":{\"@id\":\"https:\\\/\\\/www.aquimicasa.net\\\/blog\\\/#organization\"},\"potentialAction\":[{\"@type\":\"SearchAction\",\"target\":{\"@type\":\"EntryPoint\",\"urlTemplate\":\"https:\\\/\\\/www.aquimicasa.net\\\/blog\\\/?s={search_term_string}\"},\"query-input\":{\"@type\":\"PropertyValueSpecification\",\"valueRequired\":true,\"valueName\":\"search_term_string\"}}],\"inLanguage\":\"es\"},{\"@type\":\"Organization\",\"@id\":\"https:\\\/\\\/www.aquimicasa.net\\\/blog\\\/#organization\",\"name\":\"Blog de aquimicasa.net\",\"url\":\"https:\\\/\\\/www.aquimicasa.net\\\/blog\\\/\",\"logo\":{\"@type\":\"ImageObject\",\"inLanguage\":\"es\",\"@id\":\"https:\\\/\\\/www.aquimicasa.net\\\/blog\\\/#\\\/schema\\\/logo\\\/image\\\/\",\"url\":\"https:\\\/\\\/www.aquimicasa.net\\\/blog\\\/wp-content\\\/uploads\\\/Logo-aquimicasa-1-e1528048213782.png\",\"contentUrl\":\"https:\\\/\\\/www.aquimicasa.net\\\/blog\\\/wp-content\\\/uploads\\\/Logo-aquimicasa-1-e1528048213782.png\",\"width\":225,\"height\":225,\"caption\":\"Blog de aquimicasa.net\"},\"image\":{\"@id\":\"https:\\\/\\\/www.aquimicasa.net\\\/blog\\\/#\\\/schema\\\/logo\\\/image\\\/\"},\"sameAs\":[\"https:\\\/\\\/www.facebook.com\\\/aquimicasa.net\",\"https:\\\/\\\/www.instagram.com\\\/\",\"https:\\\/\\\/x.com\\\/EduLizarragaD\",\"https:\\\/\\\/www.linkedin.com\\\/feed\\\/\"]},{\"@type\":\"Person\",\"@id\":\"https:\\\/\\\/www.aquimicasa.net\\\/blog\\\/#\\\/schema\\\/person\\\/2cdfa2605534583395c8d7ce1d6cac14\",\"name\":\"Eduardo Lizarraga\",\"image\":{\"@type\":\"ImageObject\",\"inLanguage\":\"es\",\"@id\":\"https:\\\/\\\/secure.gravatar.com\\\/avatar\\\/bdabe1eeeed97b65a9cb7de2edd624b07995f7e13abc5fead15961f745f908cc?s=96&d=mm&r=g\",\"url\":\"https:\\\/\\\/secure.gravatar.com\\\/avatar\\\/bdabe1eeeed97b65a9cb7de2edd624b07995f7e13abc5fead15961f745f908cc?s=96&d=mm&r=g\",\"contentUrl\":\"https:\\\/\\\/secure.gravatar.com\\\/avatar\\\/bdabe1eeeed97b65a9cb7de2edd624b07995f7e13abc5fead15961f745f908cc?s=96&d=mm&r=g\",\"caption\":\"Eduardo Lizarraga\"},\"description\":\"Periodista Econ\u00f3mico. Ha trabajado en diversos campos de la informaci\u00f3n. Corresponsal en conflictos, analista pol\u00edtico en Congreso y Senado, periodista del medio ambiente, editor, director editorial, director de comunicaci\u00f3n.... En estos momentos se ha especializado en el sector inmobiliario. Pero tambi\u00e9n es navegante y viajero, preocupado por la pobreza, el medio ambiente y por las actuaciones descontroladas del neoliberalismo empresarial y pol\u00edtico en todo el mundo. Los desahucios, la pobreza infantil y la falta de acceso a los suministros b\u00e1sicos son algunos de los grandes dramas de nuestra sociedad y que es preciso solucionar para hacerla m\u00e1s justa. CEO en www.aquimicasa.net\",\"sameAs\":[\"https:\\\/\\\/www.aquimicasa.net\\\/\"],\"url\":\"https:\\\/\\\/www.aquimicasa.net\\\/blog\\\/author\\\/eduardo\\\/\"}]}<\/script>\n<!-- \/ Yoast SEO plugin. -->","yoast_head_json":{"title":"Las hipotecas subir\u00e1n, endureciendo el mercado inmobiliario","description":"la clase pol\u00edtica espa\u00f1ola sigue sin sentarse de verdad a resolver el problema. No por incapacidad, sino por ideolog\u00eda.","robots":{"index":"index","follow":"follow","max-snippet":"max-snippet:-1","max-image-preview":"max-image-preview:large","max-video-preview":"max-video-preview:-1"},"canonical":"https:\/\/www.aquimicasa.net\/blog\/vivienda\/compraventa-de-viviendas\/las-hipotecas-subiran-endureciendo-el-mercado-inmobiliario\/","og_locale":"es_ES","og_type":"article","og_title":"Las hipotecas subir\u00e1n, endureciendo el mercado inmobiliario","og_description":"la clase pol\u00edtica espa\u00f1ola sigue sin sentarse de verdad a resolver el problema. No por incapacidad, sino por ideolog\u00eda.","og_url":"https:\/\/www.aquimicasa.net\/blog\/vivienda\/compraventa-de-viviendas\/las-hipotecas-subiran-endureciendo-el-mercado-inmobiliario\/","og_site_name":"Blog de aquimicasa.net","article_publisher":"https:\/\/www.facebook.com\/aquimicasa.net","article_published_time":"2026-03-21T19:14:37+00:00","article_modified_time":"2026-03-21T19:15:41+00:00","og_image":[{"width":500,"height":334,"url":"https:\/\/www.aquimicasa.net\/blog\/wp-content\/uploads\/dinero-y-casa-4-e1743534354178.jpg","type":"image\/jpeg"}],"author":"Eduardo Lizarraga","twitter_misc":{"Escrito por":"Eduardo Lizarraga","Tiempo de lectura":"6 minutos"},"schema":{"@context":"https:\/\/schema.org","@graph":[{"@type":"Article","@id":"https:\/\/www.aquimicasa.net\/blog\/vivienda\/compraventa-de-viviendas\/las-hipotecas-subiran-endureciendo-el-mercado-inmobiliario\/#article","isPartOf":{"@id":"https:\/\/www.aquimicasa.net\/blog\/vivienda\/compraventa-de-viviendas\/las-hipotecas-subiran-endureciendo-el-mercado-inmobiliario\/"},"author":{"name":"Eduardo Lizarraga","@id":"https:\/\/www.aquimicasa.net\/blog\/#\/schema\/person\/2cdfa2605534583395c8d7ce1d6cac14"},"headline":"Las hipotecas subir\u00e1n, endureciendo el mercado inmobiliario","datePublished":"2026-03-21T19:14:37+00:00","dateModified":"2026-03-21T19:15:41+00:00","mainEntityOfPage":{"@id":"https:\/\/www.aquimicasa.net\/blog\/vivienda\/compraventa-de-viviendas\/las-hipotecas-subiran-endureciendo-el-mercado-inmobiliario\/"},"wordCount":1292,"publisher":{"@id":"https:\/\/www.aquimicasa.net\/blog\/#organization"},"image":{"@id":"https:\/\/www.aquimicasa.net\/blog\/vivienda\/compraventa-de-viviendas\/las-hipotecas-subiran-endureciendo-el-mercado-inmobiliario\/#primaryimage"},"thumbnailUrl":"https:\/\/www.aquimicasa.net\/blog\/wp-content\/uploads\/dinero-y-casa-4-e1743534354178.jpg","keywords":["newsletter 558"],"articleSection":["Compra Venta"],"inLanguage":"es"},{"@type":"WebPage","@id":"https:\/\/www.aquimicasa.net\/blog\/vivienda\/compraventa-de-viviendas\/las-hipotecas-subiran-endureciendo-el-mercado-inmobiliario\/","url":"https:\/\/www.aquimicasa.net\/blog\/vivienda\/compraventa-de-viviendas\/las-hipotecas-subiran-endureciendo-el-mercado-inmobiliario\/","name":"Las hipotecas subir\u00e1n, endureciendo el mercado inmobiliario","isPartOf":{"@id":"https:\/\/www.aquimicasa.net\/blog\/#website"},"primaryImageOfPage":{"@id":"https:\/\/www.aquimicasa.net\/blog\/vivienda\/compraventa-de-viviendas\/las-hipotecas-subiran-endureciendo-el-mercado-inmobiliario\/#primaryimage"},"image":{"@id":"https:\/\/www.aquimicasa.net\/blog\/vivienda\/compraventa-de-viviendas\/las-hipotecas-subiran-endureciendo-el-mercado-inmobiliario\/#primaryimage"},"thumbnailUrl":"https:\/\/www.aquimicasa.net\/blog\/wp-content\/uploads\/dinero-y-casa-4-e1743534354178.jpg","datePublished":"2026-03-21T19:14:37+00:00","dateModified":"2026-03-21T19:15:41+00:00","description":"la clase pol\u00edtica espa\u00f1ola sigue sin sentarse de verdad a resolver el problema. No por incapacidad, sino por ideolog\u00eda.","breadcrumb":{"@id":"https:\/\/www.aquimicasa.net\/blog\/vivienda\/compraventa-de-viviendas\/las-hipotecas-subiran-endureciendo-el-mercado-inmobiliario\/#breadcrumb"},"inLanguage":"es","potentialAction":[{"@type":"ReadAction","target":["https:\/\/www.aquimicasa.net\/blog\/vivienda\/compraventa-de-viviendas\/las-hipotecas-subiran-endureciendo-el-mercado-inmobiliario\/"]}]},{"@type":"ImageObject","inLanguage":"es","@id":"https:\/\/www.aquimicasa.net\/blog\/vivienda\/compraventa-de-viviendas\/las-hipotecas-subiran-endureciendo-el-mercado-inmobiliario\/#primaryimage","url":"https:\/\/www.aquimicasa.net\/blog\/wp-content\/uploads\/dinero-y-casa-4-e1743534354178.jpg","contentUrl":"https:\/\/www.aquimicasa.net\/blog\/wp-content\/uploads\/dinero-y-casa-4-e1743534354178.jpg","width":500,"height":334,"caption":"house on money stack isolated on white"},{"@type":"BreadcrumbList","@id":"https:\/\/www.aquimicasa.net\/blog\/vivienda\/compraventa-de-viviendas\/las-hipotecas-subiran-endureciendo-el-mercado-inmobiliario\/#breadcrumb","itemListElement":[{"@type":"ListItem","position":1,"name":"Portada","item":"https:\/\/www.aquimicasa.net\/blog\/"},{"@type":"ListItem","position":2,"name":"Las hipotecas subir\u00e1n, endureciendo el mercado inmobiliario"}]},{"@type":"WebSite","@id":"https:\/\/www.aquimicasa.net\/blog\/#website","url":"https:\/\/www.aquimicasa.net\/blog\/","name":"Blog de aquimicasa.net","description":"Noticias del Mundo Inmobiliario","publisher":{"@id":"https:\/\/www.aquimicasa.net\/blog\/#organization"},"potentialAction":[{"@type":"SearchAction","target":{"@type":"EntryPoint","urlTemplate":"https:\/\/www.aquimicasa.net\/blog\/?s={search_term_string}"},"query-input":{"@type":"PropertyValueSpecification","valueRequired":true,"valueName":"search_term_string"}}],"inLanguage":"es"},{"@type":"Organization","@id":"https:\/\/www.aquimicasa.net\/blog\/#organization","name":"Blog de aquimicasa.net","url":"https:\/\/www.aquimicasa.net\/blog\/","logo":{"@type":"ImageObject","inLanguage":"es","@id":"https:\/\/www.aquimicasa.net\/blog\/#\/schema\/logo\/image\/","url":"https:\/\/www.aquimicasa.net\/blog\/wp-content\/uploads\/Logo-aquimicasa-1-e1528048213782.png","contentUrl":"https:\/\/www.aquimicasa.net\/blog\/wp-content\/uploads\/Logo-aquimicasa-1-e1528048213782.png","width":225,"height":225,"caption":"Blog de aquimicasa.net"},"image":{"@id":"https:\/\/www.aquimicasa.net\/blog\/#\/schema\/logo\/image\/"},"sameAs":["https:\/\/www.facebook.com\/aquimicasa.net","https:\/\/www.instagram.com\/","https:\/\/x.com\/EduLizarragaD","https:\/\/www.linkedin.com\/feed\/"]},{"@type":"Person","@id":"https:\/\/www.aquimicasa.net\/blog\/#\/schema\/person\/2cdfa2605534583395c8d7ce1d6cac14","name":"Eduardo Lizarraga","image":{"@type":"ImageObject","inLanguage":"es","@id":"https:\/\/secure.gravatar.com\/avatar\/bdabe1eeeed97b65a9cb7de2edd624b07995f7e13abc5fead15961f745f908cc?s=96&d=mm&r=g","url":"https:\/\/secure.gravatar.com\/avatar\/bdabe1eeeed97b65a9cb7de2edd624b07995f7e13abc5fead15961f745f908cc?s=96&d=mm&r=g","contentUrl":"https:\/\/secure.gravatar.com\/avatar\/bdabe1eeeed97b65a9cb7de2edd624b07995f7e13abc5fead15961f745f908cc?s=96&d=mm&r=g","caption":"Eduardo Lizarraga"},"description":"Periodista Econ\u00f3mico. Ha trabajado en diversos campos de la informaci\u00f3n. Corresponsal en conflictos, analista pol\u00edtico en Congreso y Senado, periodista del medio ambiente, editor, director editorial, director de comunicaci\u00f3n.... En estos momentos se ha especializado en el sector inmobiliario. Pero tambi\u00e9n es navegante y viajero, preocupado por la pobreza, el medio ambiente y por las actuaciones descontroladas del neoliberalismo empresarial y pol\u00edtico en todo el mundo. Los desahucios, la pobreza infantil y la falta de acceso a los suministros b\u00e1sicos son algunos de los grandes dramas de nuestra sociedad y que es preciso solucionar para hacerla m\u00e1s justa. CEO en www.aquimicasa.net","sameAs":["https:\/\/www.aquimicasa.net\/"],"url":"https:\/\/www.aquimicasa.net\/blog\/author\/eduardo\/"}]}},"jetpack_publicize_connections":[],"jetpack_featured_media_url":"https:\/\/www.aquimicasa.net\/blog\/wp-content\/uploads\/dinero-y-casa-4-e1743534354178.jpg","jetpack_sharing_enabled":true,"jetpack_likes_enabled":true,"_links":{"self":[{"href":"https:\/\/www.aquimicasa.net\/blog\/wp-json\/wp\/v2\/posts\/55560","targetHints":{"allow":["GET"]}}],"collection":[{"href":"https:\/\/www.aquimicasa.net\/blog\/wp-json\/wp\/v2\/posts"}],"about":[{"href":"https:\/\/www.aquimicasa.net\/blog\/wp-json\/wp\/v2\/types\/post"}],"author":[{"embeddable":true,"href":"https:\/\/www.aquimicasa.net\/blog\/wp-json\/wp\/v2\/users\/3"}],"replies":[{"embeddable":true,"href":"https:\/\/www.aquimicasa.net\/blog\/wp-json\/wp\/v2\/comments?post=55560"}],"version-history":[{"count":4,"href":"https:\/\/www.aquimicasa.net\/blog\/wp-json\/wp\/v2\/posts\/55560\/revisions"}],"predecessor-version":[{"id":55586,"href":"https:\/\/www.aquimicasa.net\/blog\/wp-json\/wp\/v2\/posts\/55560\/revisions\/55586"}],"wp:featuredmedia":[{"embeddable":true,"href":"https:\/\/www.aquimicasa.net\/blog\/wp-json\/wp\/v2\/media\/50946"}],"wp:attachment":[{"href":"https:\/\/www.aquimicasa.net\/blog\/wp-json\/wp\/v2\/media?parent=55560"}],"wp:term":[{"taxonomy":"category","embeddable":true,"href":"https:\/\/www.aquimicasa.net\/blog\/wp-json\/wp\/v2\/categories?post=55560"},{"taxonomy":"post_tag","embeddable":true,"href":"https:\/\/www.aquimicasa.net\/blog\/wp-json\/wp\/v2\/tags?post=55560"}],"curies":[{"name":"wp","href":"https:\/\/api.w.org\/{rel}","templated":true}]}}