{"id":55678,"date":"2026-03-29T18:03:07","date_gmt":"2026-03-29T16:03:07","guid":{"rendered":"https:\/\/www.aquimicasa.net\/blog\/?p=55678"},"modified":"2026-03-29T18:03:07","modified_gmt":"2026-03-29T16:03:07","slug":"la-construccion-de-vivienda-protegida-cae-un-227-en-2025","status":"publish","type":"post","link":"https:\/\/www.aquimicasa.net\/blog\/vivienda\/construccion-de-viviendas\/la-construccion-de-vivienda-protegida-cae-un-227-en-2025\/","title":{"rendered":"La construcci\u00f3n de vivienda protegida cae un 22,7% en 2025"},"content":{"rendered":"<div class=\"fusion-fullwidth fullwidth-box fusion-builder-row-1 fusion-flex-container nonhundred-percent-fullwidth non-hundred-percent-height-scrolling\" style=\"background-color: rgba(255,255,255,0);background-position: center center;background-repeat: no-repeat;border-width: 0px 0px 0px 0px;border-color:#eae9e9;border-style:solid;\" ><div class=\"fusion-builder-row fusion-row fusion-flex-align-items-flex-start\" style=\"max-width:1144px;margin-left: calc(-4% \/ 2 );margin-right: calc(-4% \/ 2 );\"><div class=\"fusion-layout-column fusion_builder_column fusion-builder-column-0 fusion_builder_column_1_1 1_1 fusion-flex-column\"><div class=\"fusion-column-wrapper fusion-flex-justify-content-flex-start fusion-content-layout-column\" style=\"background-position:left top;background-repeat:no-repeat;-webkit-background-size:cover;-moz-background-size:cover;-o-background-size:cover;background-size:cover;padding: 0px 0px 0px 0px;\"><div class=\"fusion-text fusion-text-1\"><p class=\"font-claude-response-body break-words whitespace-normal leading-&#091;1.7&#093;\">\u00a0El a\u00f1o 2024 cerr\u00f3 con una noticia que el sector llevaba m\u00e1s de una d\u00e9cada esperando: por primera vez desde antes de la Gran Recesi\u00f3n, Espa\u00f1a superaba las 14.000 viviendas protegidas terminadas. Era la cifra m\u00e1s alta desde 2008 y parec\u00eda el inicio de una recuperaci\u00f3n real. Doce meses despu\u00e9s, los datos del Ministerio de Vivienda y Agenda Urbana lo ponen en entredicho. En 2025 solo se completaron <strong>11.104 nuevas viviendas de protecci\u00f3n oficial<\/strong>, un <strong>22,7% menos<\/strong> que el ejercicio anterior, lo que supone m\u00e1s de 3.000 VPO perdidas en un solo a\u00f1o.<\/p>\n<p class=\"font-claude-response-body break-words whitespace-normal leading-&#091;1.7&#093;\">A pesar de ese retroceso, la estad\u00edstica tiene una lectura ambivalente: 2025 se convierte en el segundo mejor a\u00f1o desde 2014 en calificaciones definitivas, lo que da idea de lo lejos que sigue estando Espa\u00f1a de los niveles previos a la crisis. El contexto hist\u00f3rico es demoledor. Entre 1991 y 2008, el pa\u00eds levantaba de media casi 59.000 VPO al a\u00f1o. En 1997, el mejor ejercicio de toda la serie, se certificaron 85.028 viviendas protegidas. Hoy, esa cifra resulta casi inimaginable.<\/p>\n<h2 class=\"font-claude-response-body break-words whitespace-normal leading-&#091;1.7&#093;\"><strong>Las calificaciones provisionales tambi\u00e9n caen, y eso agrava el diagn\u00f3stico<\/strong><\/h2>\n<p class=\"font-claude-response-body break-words whitespace-normal leading-&#091;1.7&#093;\">El problema no se limita a lo que se termin\u00f3 en 2025. Las <strong>calificaciones provisionales<\/strong>, que miden los proyectos que acaban de arrancar y se completar\u00e1n en los pr\u00f3ximos ejercicios, cayeron de 23.967 en 2024 a <strong>15.593 en 2025<\/strong>, un descenso del 35%. Es el indicador que mide lo que viene, y lo que viene no invita al optimismo. El par\u00f3n en la actividad presente se traducir\u00e1 en menos entregas en los a\u00f1os inmediatos.<\/p>\n<h2 class=\"font-claude-response-body break-words whitespace-normal leading-&#091;1.7&#093;\"><strong>La ca\u00edda de la actividad privada, clave para entender el descenso<\/strong><\/h2>\n<p class=\"font-claude-response-body break-words whitespace-normal leading-&#091;1.7&#093;\">El 63,6% de las viviendas protegidas construidas en 2025 procedi\u00f3 de promotores privados, pero ese segmento es el que m\u00e1s retrocedi\u00f3: <strong>un 33,5% menos<\/strong> que en 2024. La promoci\u00f3n p\u00fablica, en cambio, creci\u00f3 un 7,9%, aunque su volumen sigue siendo insuficiente para compensar el repliegue del sector privado.<\/p>\n<p class=\"font-claude-response-body break-words whitespace-normal leading-&#091;1.7&#093;\">Las causas son estructurales y conocidas. Los promotores privados se enfrentan a un <strong>desajuste entre los elevados costes de construcci\u00f3n<\/strong> \u2014materiales, mano de obra, suelo\u2014 y los precios de venta m\u00e1ximos fijados por la administraci\u00f3n, que limitan la rentabilidad del proyecto. En ese escenario, muchas empresas prefieren orientar su actividad hacia la vivienda libre, donde los m\u00e1rgenes no est\u00e1n regulados y la demanda sigue siendo intensa: en 2025 se iniciaron 121.827 viviendas libres en toda Espa\u00f1a, un 8,6% m\u00e1s que el a\u00f1o anterior.<\/p>\n<h2 class=\"font-claude-response-body break-words whitespace-normal leading-&#091;1.7&#093;\"><strong>Madrid lidera el desplome; Catalu\u00f1a resiste<\/strong><\/h2>\n<p class=\"font-claude-response-body break-words whitespace-normal leading-&#091;1.7&#093;\">El descenso no se reparti\u00f3 de forma homog\u00e9nea. Casi toda la ca\u00edda nacional tiene una direcci\u00f3n clara: <strong>Madrid<\/strong>. La comunidad que ven\u00eda liderando la construcci\u00f3n de VPO en los \u00faltimos a\u00f1os pas\u00f3 de <strong>6.689 calificaciones definitivas en 2024 a apenas 2.048 en 2025<\/strong>, una reducci\u00f3n de m\u00e1s de 4.600 viviendas en un solo ejercicio.<\/p>\n<p class=\"font-claude-response-body break-words whitespace-normal leading-&#091;1.7&#093;\">Quien tom\u00f3 ese relevo fue <strong>Catalu\u00f1a<\/strong>, que cerr\u00f3 2025 con 3.517 VPO certificadas, 1.624 m\u00e1s que el a\u00f1o anterior. La diferencia de enfoque normativo entre ambas comunidades no es menor: mientras Madrid permite la descalificaci\u00f3n de las VPO al cabo de unos a\u00f1os, Catalu\u00f1a obliga a mantener esa condici\u00f3n a perpetuidad, lo que genera un parque protegido m\u00e1s s\u00f3lido a largo plazo. Andaluc\u00eda se situ\u00f3 en segundo lugar con 2.265 unidades. Seis territorios \u2014Melilla, Ceuta, La Rioja, Murcia, Canarias y Cantabria\u2014 no registraron ninguna VPO durante todo el a\u00f1o.<\/p>\n<h2 class=\"font-claude-response-body break-words whitespace-normal leading-&#091;1.7&#093;\"><strong>Un descenso en el peor momento posible<\/strong><\/h2>\n<p class=\"font-claude-response-body break-words whitespace-normal leading-&#091;1.7&#093;\">Estos datos llegan en un momento especialmente delicado. Espa\u00f1a atraviesa una crisis habitacional en la que el acceso a la vivienda asequible se ha convertido en uno de los principales problemas sociales del pa\u00eds. El Gobierno ha anunciado el Plan Estatal de Vivienda 2026-2030, dotado con 7.000 millones de euros, de los que 2.800 millones est\u00e1n reservados para vivienda asequible. Pero los n\u00fameros de 2025 generan dudas sobre la capacidad real de traducir esos compromisos en obra terminada.<\/p>\n<h2 class=\"font-claude-response-body break-words whitespace-normal leading-&#091;1.7&#093;\"><strong>\u00bfQu\u00e9 cabe esperar para 2026 y los a\u00f1os siguientes?<\/strong><\/h2>\n<p class=\"font-claude-response-body break-words whitespace-normal leading-&#091;1.7&#093;\">La ca\u00edda del 35% en las calificaciones provisionales anticipa que 2026 dif\u00edcilmente ser\u00e1 un a\u00f1o de recuperaci\u00f3n. Mientras no se corrija el desajuste entre costes y precios regulados, la promoci\u00f3n privada seguir\u00e1 sin encontrar incentivos suficientes. Y mientras la promoci\u00f3n p\u00fablica no escale de forma significativa, el d\u00e9ficit estructural de vivienda protegida continuar\u00e1 ensanch\u00e1ndose. Espa\u00f1a lleva casi veinte a\u00f1os sin recuperar los niveles previos a la crisis. <strong>De las 85.000 VPO anuales de finales de los noventa a las 11.000 de 2025<\/strong>: esa es la distancia real que separa el discurso de la realidad.<\/p>\n<\/div><\/div><style type=\"text\/css\">.fusion-body .fusion-builder-column-0{width:100% !important;margin-top : 0px;margin-bottom : 0px;}.fusion-builder-column-0 > .fusion-column-wrapper {padding-top : 0px !important;padding-right : 0px !important;margin-right : 1.92%;padding-bottom : 0px !important;padding-left : 0px !important;margin-left : 1.92%;}@media only screen and (max-width:1024px) {.fusion-body .fusion-builder-column-0{width:100% !important;}.fusion-builder-column-0 > .fusion-column-wrapper {margin-right : 1.92%;margin-left : 1.92%;}}@media only screen and (max-width:640px) {.fusion-body .fusion-builder-column-0{width:100% !important;}.fusion-builder-column-0 > .fusion-column-wrapper {margin-right : 1.92%;margin-left : 1.92%;}}<\/style><\/div><\/div><style type=\"text\/css\">.fusion-body .fusion-flex-container.fusion-builder-row-1{ padding-top : 0px;margin-top : 0px;padding-right : 0px;padding-bottom : 0px;margin-bottom : 0px;padding-left : 0px;}<\/style><\/div>\n","protected":false},"excerpt":{"rendered":"<p>Mientras no se corrija el desajuste entre costes y precios regulados, la promoci\u00f3n privada seguir\u00e1 sin encontrar incentivos suficientes. Y mientras la promoci\u00f3n p\u00fablica no escale de forma significativa, el d\u00e9ficit estructural de vivienda protegida continuar\u00e1 ensanch\u00e1ndose.<\/p>\n","protected":false},"author":3,"featured_media":51397,"comment_status":"closed","ping_status":"closed","sticky":false,"template":"","format":"standard","meta":{"_jetpack_memberships_contains_paid_content":false,"footnotes":"","jetpack_publicize_message":"","jetpack_publicize_feature_enabled":true,"jetpack_social_post_already_shared":true,"jetpack_social_options":{"image_generator_settings":{"template":"highway","default_image_id":0,"font":"","enabled":false},"version":2}},"categories":[96],"tags":[8288],"class_list":["post-55678","post","type-post","status-publish","format-standard","has-post-thumbnail","hentry","category-construccion-de-viviendas","tag-newsletter-559"],"yoast_head":"<!-- This site is optimized with the Yoast SEO plugin v27.5 - https:\/\/yoast.com\/product\/yoast-seo-wordpress\/ -->\n<title>La construcci\u00f3n de vivienda protegida cae un 22,7% en 2025<\/title>\n<meta name=\"description\" content=\"En 2025 solo se completaron 11.104 nuevas viviendas de protecci\u00f3n oficial, un 22,7% menos que el ejercicio anterior\" \/>\n<meta name=\"robots\" content=\"index, follow, max-snippet:-1, max-image-preview:large, max-video-preview:-1\" \/>\n<link rel=\"canonical\" href=\"https:\/\/www.aquimicasa.net\/blog\/vivienda\/construccion-de-viviendas\/la-construccion-de-vivienda-protegida-cae-un-227-en-2025\/\" \/>\n<meta property=\"og:locale\" content=\"es_ES\" \/>\n<meta property=\"og:type\" content=\"article\" \/>\n<meta property=\"og:title\" content=\"La construcci\u00f3n de vivienda protegida cae un 22,7% en 2025\" \/>\n<meta property=\"og:description\" content=\"En 2025 solo se completaron 11.104 nuevas viviendas de protecci\u00f3n oficial, un 22,7% menos que el ejercicio anterior\" \/>\n<meta property=\"og:url\" content=\"https:\/\/www.aquimicasa.net\/blog\/vivienda\/construccion-de-viviendas\/la-construccion-de-vivienda-protegida-cae-un-227-en-2025\/\" \/>\n<meta property=\"og:site_name\" content=\"Blog de aquimicasa.net\" \/>\n<meta property=\"article:publisher\" content=\"https:\/\/www.facebook.com\/aquimicasa.net\" \/>\n<meta property=\"article:published_time\" content=\"2026-03-29T16:03:07+00:00\" \/>\n<meta property=\"og:image\" content=\"https:\/\/www.aquimicasa.net\/blog\/wp-content\/uploads\/Construccion4-8-e1746730561854.jpg\" \/>\n\t<meta property=\"og:image:width\" content=\"500\" \/>\n\t<meta property=\"og:image:height\" content=\"333\" \/>\n\t<meta property=\"og:image:type\" content=\"image\/jpeg\" \/>\n<meta name=\"author\" content=\"Eduardo Lizarraga\" \/>\n<meta name=\"twitter:label1\" content=\"Escrito por\" \/>\n\t<meta name=\"twitter:data1\" content=\"Eduardo Lizarraga\" \/>\n\t<meta name=\"twitter:label2\" content=\"Tiempo de lectura\" \/>\n\t<meta name=\"twitter:data2\" content=\"3 minutos\" \/>\n<script type=\"application\/ld+json\" class=\"yoast-schema-graph\">{\"@context\":\"https:\\\/\\\/schema.org\",\"@graph\":[{\"@type\":\"Article\",\"@id\":\"https:\\\/\\\/www.aquimicasa.net\\\/blog\\\/vivienda\\\/construccion-de-viviendas\\\/la-construccion-de-vivienda-protegida-cae-un-227-en-2025\\\/#article\",\"isPartOf\":{\"@id\":\"https:\\\/\\\/www.aquimicasa.net\\\/blog\\\/vivienda\\\/construccion-de-viviendas\\\/la-construccion-de-vivienda-protegida-cae-un-227-en-2025\\\/\"},\"author\":{\"name\":\"Eduardo Lizarraga\",\"@id\":\"https:\\\/\\\/www.aquimicasa.net\\\/blog\\\/#\\\/schema\\\/person\\\/2cdfa2605534583395c8d7ce1d6cac14\"},\"headline\":\"La construcci\u00f3n de vivienda protegida cae un 22,7% en 2025\",\"datePublished\":\"2026-03-29T16:03:07+00:00\",\"mainEntityOfPage\":{\"@id\":\"https:\\\/\\\/www.aquimicasa.net\\\/blog\\\/vivienda\\\/construccion-de-viviendas\\\/la-construccion-de-vivienda-protegida-cae-un-227-en-2025\\\/\"},\"wordCount\":1011,\"publisher\":{\"@id\":\"https:\\\/\\\/www.aquimicasa.net\\\/blog\\\/#organization\"},\"image\":{\"@id\":\"https:\\\/\\\/www.aquimicasa.net\\\/blog\\\/vivienda\\\/construccion-de-viviendas\\\/la-construccion-de-vivienda-protegida-cae-un-227-en-2025\\\/#primaryimage\"},\"thumbnailUrl\":\"https:\\\/\\\/www.aquimicasa.net\\\/blog\\\/wp-content\\\/uploads\\\/Construccion4-8-e1746730561854.jpg\",\"keywords\":[\"newsletter 559\"],\"articleSection\":[\"Obra Nueva\"],\"inLanguage\":\"es\"},{\"@type\":\"WebPage\",\"@id\":\"https:\\\/\\\/www.aquimicasa.net\\\/blog\\\/vivienda\\\/construccion-de-viviendas\\\/la-construccion-de-vivienda-protegida-cae-un-227-en-2025\\\/\",\"url\":\"https:\\\/\\\/www.aquimicasa.net\\\/blog\\\/vivienda\\\/construccion-de-viviendas\\\/la-construccion-de-vivienda-protegida-cae-un-227-en-2025\\\/\",\"name\":\"La construcci\u00f3n de vivienda protegida cae un 22,7% en 2025\",\"isPartOf\":{\"@id\":\"https:\\\/\\\/www.aquimicasa.net\\\/blog\\\/#website\"},\"primaryImageOfPage\":{\"@id\":\"https:\\\/\\\/www.aquimicasa.net\\\/blog\\\/vivienda\\\/construccion-de-viviendas\\\/la-construccion-de-vivienda-protegida-cae-un-227-en-2025\\\/#primaryimage\"},\"image\":{\"@id\":\"https:\\\/\\\/www.aquimicasa.net\\\/blog\\\/vivienda\\\/construccion-de-viviendas\\\/la-construccion-de-vivienda-protegida-cae-un-227-en-2025\\\/#primaryimage\"},\"thumbnailUrl\":\"https:\\\/\\\/www.aquimicasa.net\\\/blog\\\/wp-content\\\/uploads\\\/Construccion4-8-e1746730561854.jpg\",\"datePublished\":\"2026-03-29T16:03:07+00:00\",\"description\":\"En 2025 solo se completaron 11.104 nuevas viviendas de protecci\u00f3n oficial, un 22,7% menos que el ejercicio anterior\",\"breadcrumb\":{\"@id\":\"https:\\\/\\\/www.aquimicasa.net\\\/blog\\\/vivienda\\\/construccion-de-viviendas\\\/la-construccion-de-vivienda-protegida-cae-un-227-en-2025\\\/#breadcrumb\"},\"inLanguage\":\"es\",\"potentialAction\":[{\"@type\":\"ReadAction\",\"target\":[\"https:\\\/\\\/www.aquimicasa.net\\\/blog\\\/vivienda\\\/construccion-de-viviendas\\\/la-construccion-de-vivienda-protegida-cae-un-227-en-2025\\\/\"]}]},{\"@type\":\"ImageObject\",\"inLanguage\":\"es\",\"@id\":\"https:\\\/\\\/www.aquimicasa.net\\\/blog\\\/vivienda\\\/construccion-de-viviendas\\\/la-construccion-de-vivienda-protegida-cae-un-227-en-2025\\\/#primaryimage\",\"url\":\"https:\\\/\\\/www.aquimicasa.net\\\/blog\\\/wp-content\\\/uploads\\\/Construccion4-8-e1746730561854.jpg\",\"contentUrl\":\"https:\\\/\\\/www.aquimicasa.net\\\/blog\\\/wp-content\\\/uploads\\\/Construccion4-8-e1746730561854.jpg\",\"width\":500,\"height\":333,\"caption\":\"Desciende la construcci\u00f3n de vivienda protegida\"},{\"@type\":\"BreadcrumbList\",\"@id\":\"https:\\\/\\\/www.aquimicasa.net\\\/blog\\\/vivienda\\\/construccion-de-viviendas\\\/la-construccion-de-vivienda-protegida-cae-un-227-en-2025\\\/#breadcrumb\",\"itemListElement\":[{\"@type\":\"ListItem\",\"position\":1,\"name\":\"Portada\",\"item\":\"https:\\\/\\\/www.aquimicasa.net\\\/blog\\\/\"},{\"@type\":\"ListItem\",\"position\":2,\"name\":\"La construcci\u00f3n de vivienda protegida cae un 22,7% en 2025\"}]},{\"@type\":\"WebSite\",\"@id\":\"https:\\\/\\\/www.aquimicasa.net\\\/blog\\\/#website\",\"url\":\"https:\\\/\\\/www.aquimicasa.net\\\/blog\\\/\",\"name\":\"Blog de aquimicasa.net\",\"description\":\"Noticias del Mundo Inmobiliario\",\"publisher\":{\"@id\":\"https:\\\/\\\/www.aquimicasa.net\\\/blog\\\/#organization\"},\"potentialAction\":[{\"@type\":\"SearchAction\",\"target\":{\"@type\":\"EntryPoint\",\"urlTemplate\":\"https:\\\/\\\/www.aquimicasa.net\\\/blog\\\/?s={search_term_string}\"},\"query-input\":{\"@type\":\"PropertyValueSpecification\",\"valueRequired\":true,\"valueName\":\"search_term_string\"}}],\"inLanguage\":\"es\"},{\"@type\":\"Organization\",\"@id\":\"https:\\\/\\\/www.aquimicasa.net\\\/blog\\\/#organization\",\"name\":\"Blog de aquimicasa.net\",\"url\":\"https:\\\/\\\/www.aquimicasa.net\\\/blog\\\/\",\"logo\":{\"@type\":\"ImageObject\",\"inLanguage\":\"es\",\"@id\":\"https:\\\/\\\/www.aquimicasa.net\\\/blog\\\/#\\\/schema\\\/logo\\\/image\\\/\",\"url\":\"https:\\\/\\\/www.aquimicasa.net\\\/blog\\\/wp-content\\\/uploads\\\/Logo-aquimicasa-1-e1528048213782.png\",\"contentUrl\":\"https:\\\/\\\/www.aquimicasa.net\\\/blog\\\/wp-content\\\/uploads\\\/Logo-aquimicasa-1-e1528048213782.png\",\"width\":225,\"height\":225,\"caption\":\"Blog de aquimicasa.net\"},\"image\":{\"@id\":\"https:\\\/\\\/www.aquimicasa.net\\\/blog\\\/#\\\/schema\\\/logo\\\/image\\\/\"},\"sameAs\":[\"https:\\\/\\\/www.facebook.com\\\/aquimicasa.net\",\"https:\\\/\\\/www.instagram.com\\\/\",\"https:\\\/\\\/x.com\\\/EduLizarragaD\",\"https:\\\/\\\/www.linkedin.com\\\/feed\\\/\"]},{\"@type\":\"Person\",\"@id\":\"https:\\\/\\\/www.aquimicasa.net\\\/blog\\\/#\\\/schema\\\/person\\\/2cdfa2605534583395c8d7ce1d6cac14\",\"name\":\"Eduardo Lizarraga\",\"image\":{\"@type\":\"ImageObject\",\"inLanguage\":\"es\",\"@id\":\"https:\\\/\\\/secure.gravatar.com\\\/avatar\\\/bdabe1eeeed97b65a9cb7de2edd624b07995f7e13abc5fead15961f745f908cc?s=96&d=mm&r=g\",\"url\":\"https:\\\/\\\/secure.gravatar.com\\\/avatar\\\/bdabe1eeeed97b65a9cb7de2edd624b07995f7e13abc5fead15961f745f908cc?s=96&d=mm&r=g\",\"contentUrl\":\"https:\\\/\\\/secure.gravatar.com\\\/avatar\\\/bdabe1eeeed97b65a9cb7de2edd624b07995f7e13abc5fead15961f745f908cc?s=96&d=mm&r=g\",\"caption\":\"Eduardo Lizarraga\"},\"description\":\"Periodista Econ\u00f3mico. Ha trabajado en diversos campos de la informaci\u00f3n. Corresponsal en conflictos, analista pol\u00edtico en Congreso y Senado, periodista del medio ambiente, editor, director editorial, director de comunicaci\u00f3n.... En estos momentos se ha especializado en el sector inmobiliario. Pero tambi\u00e9n es navegante y viajero, preocupado por la pobreza, el medio ambiente y por las actuaciones descontroladas del neoliberalismo empresarial y pol\u00edtico en todo el mundo. Los desahucios, la pobreza infantil y la falta de acceso a los suministros b\u00e1sicos son algunos de los grandes dramas de nuestra sociedad y que es preciso solucionar para hacerla m\u00e1s justa. CEO en www.aquimicasa.net\",\"sameAs\":[\"https:\\\/\\\/www.aquimicasa.net\\\/\"],\"url\":\"https:\\\/\\\/www.aquimicasa.net\\\/blog\\\/author\\\/eduardo\\\/\"}]}<\/script>\n<!-- \/ Yoast SEO plugin. -->","yoast_head_json":{"title":"La construcci\u00f3n de vivienda protegida cae un 22,7% en 2025","description":"En 2025 solo se completaron 11.104 nuevas viviendas de protecci\u00f3n oficial, un 22,7% menos que el ejercicio anterior","robots":{"index":"index","follow":"follow","max-snippet":"max-snippet:-1","max-image-preview":"max-image-preview:large","max-video-preview":"max-video-preview:-1"},"canonical":"https:\/\/www.aquimicasa.net\/blog\/vivienda\/construccion-de-viviendas\/la-construccion-de-vivienda-protegida-cae-un-227-en-2025\/","og_locale":"es_ES","og_type":"article","og_title":"La construcci\u00f3n de vivienda protegida cae un 22,7% en 2025","og_description":"En 2025 solo se completaron 11.104 nuevas viviendas de protecci\u00f3n oficial, un 22,7% menos que el ejercicio anterior","og_url":"https:\/\/www.aquimicasa.net\/blog\/vivienda\/construccion-de-viviendas\/la-construccion-de-vivienda-protegida-cae-un-227-en-2025\/","og_site_name":"Blog de aquimicasa.net","article_publisher":"https:\/\/www.facebook.com\/aquimicasa.net","article_published_time":"2026-03-29T16:03:07+00:00","og_image":[{"width":500,"height":333,"url":"https:\/\/www.aquimicasa.net\/blog\/wp-content\/uploads\/Construccion4-8-e1746730561854.jpg","type":"image\/jpeg"}],"author":"Eduardo Lizarraga","twitter_misc":{"Escrito por":"Eduardo Lizarraga","Tiempo de lectura":"3 minutos"},"schema":{"@context":"https:\/\/schema.org","@graph":[{"@type":"Article","@id":"https:\/\/www.aquimicasa.net\/blog\/vivienda\/construccion-de-viviendas\/la-construccion-de-vivienda-protegida-cae-un-227-en-2025\/#article","isPartOf":{"@id":"https:\/\/www.aquimicasa.net\/blog\/vivienda\/construccion-de-viviendas\/la-construccion-de-vivienda-protegida-cae-un-227-en-2025\/"},"author":{"name":"Eduardo Lizarraga","@id":"https:\/\/www.aquimicasa.net\/blog\/#\/schema\/person\/2cdfa2605534583395c8d7ce1d6cac14"},"headline":"La construcci\u00f3n de vivienda protegida cae un 22,7% en 2025","datePublished":"2026-03-29T16:03:07+00:00","mainEntityOfPage":{"@id":"https:\/\/www.aquimicasa.net\/blog\/vivienda\/construccion-de-viviendas\/la-construccion-de-vivienda-protegida-cae-un-227-en-2025\/"},"wordCount":1011,"publisher":{"@id":"https:\/\/www.aquimicasa.net\/blog\/#organization"},"image":{"@id":"https:\/\/www.aquimicasa.net\/blog\/vivienda\/construccion-de-viviendas\/la-construccion-de-vivienda-protegida-cae-un-227-en-2025\/#primaryimage"},"thumbnailUrl":"https:\/\/www.aquimicasa.net\/blog\/wp-content\/uploads\/Construccion4-8-e1746730561854.jpg","keywords":["newsletter 559"],"articleSection":["Obra Nueva"],"inLanguage":"es"},{"@type":"WebPage","@id":"https:\/\/www.aquimicasa.net\/blog\/vivienda\/construccion-de-viviendas\/la-construccion-de-vivienda-protegida-cae-un-227-en-2025\/","url":"https:\/\/www.aquimicasa.net\/blog\/vivienda\/construccion-de-viviendas\/la-construccion-de-vivienda-protegida-cae-un-227-en-2025\/","name":"La construcci\u00f3n de vivienda protegida cae un 22,7% en 2025","isPartOf":{"@id":"https:\/\/www.aquimicasa.net\/blog\/#website"},"primaryImageOfPage":{"@id":"https:\/\/www.aquimicasa.net\/blog\/vivienda\/construccion-de-viviendas\/la-construccion-de-vivienda-protegida-cae-un-227-en-2025\/#primaryimage"},"image":{"@id":"https:\/\/www.aquimicasa.net\/blog\/vivienda\/construccion-de-viviendas\/la-construccion-de-vivienda-protegida-cae-un-227-en-2025\/#primaryimage"},"thumbnailUrl":"https:\/\/www.aquimicasa.net\/blog\/wp-content\/uploads\/Construccion4-8-e1746730561854.jpg","datePublished":"2026-03-29T16:03:07+00:00","description":"En 2025 solo se completaron 11.104 nuevas viviendas de protecci\u00f3n oficial, un 22,7% menos que el ejercicio anterior","breadcrumb":{"@id":"https:\/\/www.aquimicasa.net\/blog\/vivienda\/construccion-de-viviendas\/la-construccion-de-vivienda-protegida-cae-un-227-en-2025\/#breadcrumb"},"inLanguage":"es","potentialAction":[{"@type":"ReadAction","target":["https:\/\/www.aquimicasa.net\/blog\/vivienda\/construccion-de-viviendas\/la-construccion-de-vivienda-protegida-cae-un-227-en-2025\/"]}]},{"@type":"ImageObject","inLanguage":"es","@id":"https:\/\/www.aquimicasa.net\/blog\/vivienda\/construccion-de-viviendas\/la-construccion-de-vivienda-protegida-cae-un-227-en-2025\/#primaryimage","url":"https:\/\/www.aquimicasa.net\/blog\/wp-content\/uploads\/Construccion4-8-e1746730561854.jpg","contentUrl":"https:\/\/www.aquimicasa.net\/blog\/wp-content\/uploads\/Construccion4-8-e1746730561854.jpg","width":500,"height":333,"caption":"Desciende la construcci\u00f3n de vivienda protegida"},{"@type":"BreadcrumbList","@id":"https:\/\/www.aquimicasa.net\/blog\/vivienda\/construccion-de-viviendas\/la-construccion-de-vivienda-protegida-cae-un-227-en-2025\/#breadcrumb","itemListElement":[{"@type":"ListItem","position":1,"name":"Portada","item":"https:\/\/www.aquimicasa.net\/blog\/"},{"@type":"ListItem","position":2,"name":"La construcci\u00f3n de vivienda protegida cae un 22,7% en 2025"}]},{"@type":"WebSite","@id":"https:\/\/www.aquimicasa.net\/blog\/#website","url":"https:\/\/www.aquimicasa.net\/blog\/","name":"Blog de aquimicasa.net","description":"Noticias del Mundo Inmobiliario","publisher":{"@id":"https:\/\/www.aquimicasa.net\/blog\/#organization"},"potentialAction":[{"@type":"SearchAction","target":{"@type":"EntryPoint","urlTemplate":"https:\/\/www.aquimicasa.net\/blog\/?s={search_term_string}"},"query-input":{"@type":"PropertyValueSpecification","valueRequired":true,"valueName":"search_term_string"}}],"inLanguage":"es"},{"@type":"Organization","@id":"https:\/\/www.aquimicasa.net\/blog\/#organization","name":"Blog de aquimicasa.net","url":"https:\/\/www.aquimicasa.net\/blog\/","logo":{"@type":"ImageObject","inLanguage":"es","@id":"https:\/\/www.aquimicasa.net\/blog\/#\/schema\/logo\/image\/","url":"https:\/\/www.aquimicasa.net\/blog\/wp-content\/uploads\/Logo-aquimicasa-1-e1528048213782.png","contentUrl":"https:\/\/www.aquimicasa.net\/blog\/wp-content\/uploads\/Logo-aquimicasa-1-e1528048213782.png","width":225,"height":225,"caption":"Blog de aquimicasa.net"},"image":{"@id":"https:\/\/www.aquimicasa.net\/blog\/#\/schema\/logo\/image\/"},"sameAs":["https:\/\/www.facebook.com\/aquimicasa.net","https:\/\/www.instagram.com\/","https:\/\/x.com\/EduLizarragaD","https:\/\/www.linkedin.com\/feed\/"]},{"@type":"Person","@id":"https:\/\/www.aquimicasa.net\/blog\/#\/schema\/person\/2cdfa2605534583395c8d7ce1d6cac14","name":"Eduardo Lizarraga","image":{"@type":"ImageObject","inLanguage":"es","@id":"https:\/\/secure.gravatar.com\/avatar\/bdabe1eeeed97b65a9cb7de2edd624b07995f7e13abc5fead15961f745f908cc?s=96&d=mm&r=g","url":"https:\/\/secure.gravatar.com\/avatar\/bdabe1eeeed97b65a9cb7de2edd624b07995f7e13abc5fead15961f745f908cc?s=96&d=mm&r=g","contentUrl":"https:\/\/secure.gravatar.com\/avatar\/bdabe1eeeed97b65a9cb7de2edd624b07995f7e13abc5fead15961f745f908cc?s=96&d=mm&r=g","caption":"Eduardo Lizarraga"},"description":"Periodista Econ\u00f3mico. Ha trabajado en diversos campos de la informaci\u00f3n. Corresponsal en conflictos, analista pol\u00edtico en Congreso y Senado, periodista del medio ambiente, editor, director editorial, director de comunicaci\u00f3n.... En estos momentos se ha especializado en el sector inmobiliario. Pero tambi\u00e9n es navegante y viajero, preocupado por la pobreza, el medio ambiente y por las actuaciones descontroladas del neoliberalismo empresarial y pol\u00edtico en todo el mundo. Los desahucios, la pobreza infantil y la falta de acceso a los suministros b\u00e1sicos son algunos de los grandes dramas de nuestra sociedad y que es preciso solucionar para hacerla m\u00e1s justa. CEO en www.aquimicasa.net","sameAs":["https:\/\/www.aquimicasa.net\/"],"url":"https:\/\/www.aquimicasa.net\/blog\/author\/eduardo\/"}]}},"jetpack_publicize_connections":[],"jetpack_featured_media_url":"https:\/\/www.aquimicasa.net\/blog\/wp-content\/uploads\/Construccion4-8-e1746730561854.jpg","jetpack_sharing_enabled":true,"jetpack_likes_enabled":true,"_links":{"self":[{"href":"https:\/\/www.aquimicasa.net\/blog\/wp-json\/wp\/v2\/posts\/55678","targetHints":{"allow":["GET"]}}],"collection":[{"href":"https:\/\/www.aquimicasa.net\/blog\/wp-json\/wp\/v2\/posts"}],"about":[{"href":"https:\/\/www.aquimicasa.net\/blog\/wp-json\/wp\/v2\/types\/post"}],"author":[{"embeddable":true,"href":"https:\/\/www.aquimicasa.net\/blog\/wp-json\/wp\/v2\/users\/3"}],"replies":[{"embeddable":true,"href":"https:\/\/www.aquimicasa.net\/blog\/wp-json\/wp\/v2\/comments?post=55678"}],"version-history":[{"count":2,"href":"https:\/\/www.aquimicasa.net\/blog\/wp-json\/wp\/v2\/posts\/55678\/revisions"}],"predecessor-version":[{"id":55685,"href":"https:\/\/www.aquimicasa.net\/blog\/wp-json\/wp\/v2\/posts\/55678\/revisions\/55685"}],"wp:featuredmedia":[{"embeddable":true,"href":"https:\/\/www.aquimicasa.net\/blog\/wp-json\/wp\/v2\/media\/51397"}],"wp:attachment":[{"href":"https:\/\/www.aquimicasa.net\/blog\/wp-json\/wp\/v2\/media?parent=55678"}],"wp:term":[{"taxonomy":"category","embeddable":true,"href":"https:\/\/www.aquimicasa.net\/blog\/wp-json\/wp\/v2\/categories?post=55678"},{"taxonomy":"post_tag","embeddable":true,"href":"https:\/\/www.aquimicasa.net\/blog\/wp-json\/wp\/v2\/tags?post=55678"}],"curies":[{"name":"wp","href":"https:\/\/api.w.org\/{rel}","templated":true}]}}