{"id":55683,"date":"2026-03-29T21:58:30","date_gmt":"2026-03-29T19:58:30","guid":{"rendered":"https:\/\/www.aquimicasa.net\/blog\/?p=55683"},"modified":"2026-03-29T21:58:30","modified_gmt":"2026-03-29T19:58:30","slug":"las-medidas-anticrisis-quedarian-cortas-si-el-conflicto-se-alarga","status":"publish","type":"post","link":"https:\/\/www.aquimicasa.net\/blog\/vivienda\/compraventa-de-viviendas\/las-medidas-anticrisis-quedarian-cortas-si-el-conflicto-se-alarga\/","title":{"rendered":"Las medidas anticrisis quedar\u00edan cortas si el conflicto se alarga"},"content":{"rendered":"<div class=\"fusion-fullwidth fullwidth-box fusion-builder-row-1 fusion-flex-container nonhundred-percent-fullwidth non-hundred-percent-height-scrolling\" style=\"background-color: rgba(255,255,255,0);background-position: center center;background-repeat: no-repeat;border-width: 0px 0px 0px 0px;border-color:#eae9e9;border-style:solid;\" ><div class=\"fusion-builder-row fusion-row fusion-flex-align-items-flex-start\" style=\"max-width:1144px;margin-left: calc(-4% \/ 2 );margin-right: calc(-4% \/ 2 );\"><div class=\"fusion-layout-column fusion_builder_column fusion-builder-column-0 fusion_builder_column_1_1 1_1 fusion-flex-column\"><div class=\"fusion-column-wrapper fusion-flex-justify-content-flex-start fusion-content-layout-column\" style=\"background-position:left top;background-repeat:no-repeat;-webkit-background-size:cover;-moz-background-size:cover;-o-background-size:cover;background-size:cover;padding: 0px 0px 0px 0px;\"><div class=\"fusion-text fusion-text-1\"><p class=\"font-claude-response-body break-words whitespace-normal leading-&#091;1.7&#093;\">El Congreso de los Diputados ha convalidado el Real Decreto-ley de respuesta a la crisis econ\u00f3mica derivada del conflicto en Oriente Medio, un paquete de medidas dotado con <strong>5.000 millones de euros<\/strong> que ha recibido una valoraci\u00f3n agridulce por parte de las principales asociaciones de consumidores. Tanto CECU como Facua aplauden la direcci\u00f3n del decreto, pero coinciden en que se ha quedado corto para proteger a los hogares m\u00e1s vulnerables. El Partido Popular, fiel a su pauta habitual, tampoco ha ahorrado cr\u00edticas: sus portavoces han acusado a Pedro S\u00e1nchez de llegar tarde y con medidas insuficientes, lo que no le ha impedido votar en contra de una norma que reconoce como necesaria.<\/p>\n<p class=\"font-claude-response-body break-words whitespace-normal leading-&#091;1.7&#093;\">Lo que est\u00e1 sobre la mesa es que la respuesta del Gobierno puede ser adecuada si el conflicto no se prolonga ni se extiende. Pero si la crisis escala, si las tensiones alcanzan el estrecho de Bab el Mandeb y afectan al tr\u00e1fico por el Mar Rojo, las consecuencias sobre el comercio global y los precios de la energ\u00eda podr\u00edan ser de otro orden. En ese escenario, el actual paquete resultar\u00eda claramente insuficiente. No es una valoraci\u00f3n menor: Larry Fink, consejero delegado de BlackRock y una de las voces m\u00e1s influyentes de las finanzas globales, ha advertido ya de que un agravamiento del conflicto podr\u00eda empujar a las econom\u00edas occidentales hacia una <strong>recesi\u00f3n<\/strong>. Si eso ocurre, habr\u00e1 que aprobar medidas mucho m\u00e1s ambiciosas.<\/p>\n<h2 class=\"font-claude-response-body break-words whitespace-normal leading-&#091;1.7&#093;\"><strong>Las asociaciones de consumidores aplauden el decreto pero piden m\u00e1s<\/strong><\/h2>\n<p class=\"font-claude-response-body break-words whitespace-normal leading-&#091;1.7&#093;\">CECU valora positivamente la inclusi\u00f3n de medidas de protecci\u00f3n en el \u00e1mbito energ\u00e9tico: la ampliaci\u00f3n del descuento al bono social, la garant\u00eda de no cortar suministros a los hogares vulnerables y las ayudas para la rehabilitaci\u00f3n de viviendas son bien recibidas. Sin embargo, la organizaci\u00f3n se\u00f1ala una contradicci\u00f3n de fondo: reducir el IVA al gas y a los carburantes diluye el mensaje de descarbonizaci\u00f3n que deber\u00eda orientar la pol\u00edtica energ\u00e9tica.<\/p>\n<h2 class=\"font-claude-response-body break-words whitespace-normal leading-&#091;1.7&#093;\"><strong>Piden un mecanismo m\u00e1s justo que distinga a los consumidores por niveles de renta<\/strong><\/h2>\n<p class=\"font-claude-response-body break-words whitespace-normal leading-&#091;1.7&#093;\">El argumento de CECU es sencillo pero contundente. En Espa\u00f1a, <strong>el 25% de los hogares tiene ingresos netos mensuales de entre menos de 1.000 y 1.500 euros<\/strong>, y las medidas deber\u00edan concentrarse ah\u00ed. Aplicar reducciones fiscales lineales, sin distinguir por capacidad econ\u00f3mica, beneficia a todos por igual pero protege de forma insuficiente a quienes m\u00e1s lo necesitan. Portugal ya ha implementado un mecanismo de este tipo, y CECU reclama que Espa\u00f1a siga ese camino.<\/p>\n<h2 class=\"font-claude-response-body break-words whitespace-normal leading-&#091;1.7&#093;\"><strong>Tambi\u00e9n un tope al precio de los alimentos b\u00e1sicos y mecanismos de control de m\u00e1rgenes<\/strong><\/h2>\n<p class=\"font-claude-response-body break-words whitespace-normal leading-&#091;1.7&#093;\">Una de las ausencias m\u00e1s se\u00f1aladas es la falta de medidas sobre los alimentos. Tras la crisis derivada de la guerra en Ucrania, los precios de la alimentaci\u00f3n fueron los que acumularon mayores incrementos y los que m\u00e1s tardaron en moderarse, con un impacto que todav\u00eda se deja sentir en la econom\u00eda de los hogares con menos recursos. CECU reclama un <strong>tope de precios para una cesta b\u00e1sica de alimentos<\/strong> y la extensi\u00f3n de los mecanismos de control de m\u00e1rgenes \u2014ya aplicados al sector energ\u00e9tico\u2014 a la industria alimentaria y a las empresas de distribuci\u00f3n.<\/p>\n<h2 class=\"font-claude-response-body break-words whitespace-normal leading-&#091;1.7&#093;\"><strong>M\u00e1s apoyo al transporte p\u00fablico y a los inquilinos<\/strong><\/h2>\n<p class=\"font-claude-response-body break-words whitespace-normal leading-&#091;1.7&#093;\">La organizaci\u00f3n tambi\u00e9n lamenta la ausencia de ayudas directas al transporte p\u00fablico, que considera una herramienta clave para aliviar el gasto cotidiano de las familias y favorecer una movilidad sostenible. En materia de vivienda, el decreto incluye una de sus medidas m\u00e1s destacadas: la <strong>pr\u00f3rroga de los contratos de alquiler<\/strong>, una figura de la que podr\u00edan beneficiarse <strong>casi un mill\u00f3n de hogares<\/strong> en toda Espa\u00f1a. CECU la valora, pero insiste en que es necesario ir m\u00e1s lejos para garantizar el acceso a una vivienda digna a la poblaci\u00f3n inquilina.<\/p>\n<p class=\"font-claude-response-body break-words whitespace-normal leading-&#091;1.7&#093;\">El decreto es un primer paso. Si el conflicto se estabiliza, puede ser suficiente. Si se prolonga o se ramifica, la pregunta no es si habr\u00e1 que hacer m\u00e1s, sino cu\u00e1nto m\u00e1s y con qu\u00e9 rapidez.<\/p>\n<\/div><\/div><style type=\"text\/css\">.fusion-body .fusion-builder-column-0{width:100% !important;margin-top : 0px;margin-bottom : 0px;}.fusion-builder-column-0 > .fusion-column-wrapper {padding-top : 0px !important;padding-right : 0px !important;margin-right : 1.92%;padding-bottom : 0px !important;padding-left : 0px !important;margin-left : 1.92%;}@media only screen and (max-width:1024px) {.fusion-body .fusion-builder-column-0{width:100% !important;}.fusion-builder-column-0 > .fusion-column-wrapper {margin-right : 1.92%;margin-left : 1.92%;}}@media only screen and (max-width:640px) {.fusion-body .fusion-builder-column-0{width:100% !important;}.fusion-builder-column-0 > .fusion-column-wrapper {margin-right : 1.92%;margin-left : 1.92%;}}<\/style><\/div><\/div><style type=\"text\/css\">.fusion-body .fusion-flex-container.fusion-builder-row-1{ padding-top : 0px;margin-top : 0px;padding-right : 0px;padding-bottom : 0px;margin-bottom : 0px;padding-left : 0px;}<\/style><\/div>\n","protected":false},"excerpt":{"rendered":"<p>CECU reclama un tope de precios para una cesta b\u00e1sica de alimentos y la extensi\u00f3n de los mecanismos de control de m\u00e1rgenes \u2014ya aplicados al sector energ\u00e9tico\u2014 a la industria alimentaria y a las empresas de distribuci\u00f3n.<\/p>\n","protected":false},"author":3,"featured_media":55691,"comment_status":"closed","ping_status":"closed","sticky":false,"template":"","format":"standard","meta":{"_jetpack_memberships_contains_paid_content":false,"footnotes":"","jetpack_publicize_message":"","jetpack_publicize_feature_enabled":true,"jetpack_social_post_already_shared":true,"jetpack_social_options":{"image_generator_settings":{"template":"highway","default_image_id":0,"font":"","enabled":false},"version":2}},"categories":[100],"tags":[8288],"class_list":["post-55683","post","type-post","status-publish","format-standard","has-post-thumbnail","hentry","category-compraventa-de-viviendas","tag-newsletter-559"],"yoast_head":"<!-- This site is optimized with the Yoast SEO plugin v28.2 - https:\/\/yoast.com\/product\/yoast-seo-wordpress\/ -->\n<title>Las medidas anticrisis quedar\u00edan cortas si el conflicto se alarga<\/title>\n<meta name=\"description\" content=\"Un agravamiento del conflicto provocado por Trump podr\u00eda empujar a las econom\u00edas occidentales hacia una recesi\u00f3n\" \/>\n<meta name=\"robots\" content=\"index, follow, max-snippet:-1, max-image-preview:large, max-video-preview:-1\" \/>\n<link rel=\"canonical\" href=\"https:\/\/www.aquimicasa.net\/blog\/vivienda\/compraventa-de-viviendas\/las-medidas-anticrisis-quedarian-cortas-si-el-conflicto-se-alarga\/\" \/>\n<meta property=\"og:locale\" content=\"es_ES\" \/>\n<meta property=\"og:type\" content=\"article\" \/>\n<meta property=\"og:title\" content=\"Las medidas anticrisis quedar\u00edan cortas si el conflicto se alarga\" \/>\n<meta property=\"og:description\" content=\"Un agravamiento del conflicto provocado por Trump podr\u00eda empujar a las econom\u00edas occidentales hacia una recesi\u00f3n\" \/>\n<meta property=\"og:url\" content=\"https:\/\/www.aquimicasa.net\/blog\/vivienda\/compraventa-de-viviendas\/las-medidas-anticrisis-quedarian-cortas-si-el-conflicto-se-alarga\/\" \/>\n<meta property=\"og:site_name\" content=\"Blog de aquimicasa.net\" \/>\n<meta property=\"article:publisher\" content=\"https:\/\/www.facebook.com\/aquimicasa.net\" \/>\n<meta property=\"article:published_time\" content=\"2026-03-29T19:58:30+00:00\" \/>\n<meta property=\"og:image\" content=\"https:\/\/www.aquimicasa.net\/blog\/wp-content\/uploads\/economia-familiar-1-1.jpg\" \/>\n\t<meta property=\"og:image:width\" content=\"600\" \/>\n\t<meta property=\"og:image:height\" content=\"400\" \/>\n\t<meta property=\"og:image:type\" content=\"image\/jpeg\" \/>\n<meta name=\"author\" content=\"Eduardo Lizarraga\" \/>\n<meta name=\"twitter:label1\" content=\"Escrito por\" \/>\n\t<meta name=\"twitter:data1\" content=\"Eduardo Lizarraga\" \/>\n\t<meta name=\"twitter:label2\" content=\"Tiempo de lectura\" \/>\n\t<meta name=\"twitter:data2\" content=\"4 minutos\" \/>\n<script type=\"application\/ld+json\" class=\"yoast-schema-graph\">{\"@context\":\"https:\\\/\\\/schema.org\",\"@graph\":[{\"@type\":\"Article\",\"@id\":\"https:\\\/\\\/www.aquimicasa.net\\\/blog\\\/vivienda\\\/compraventa-de-viviendas\\\/las-medidas-anticrisis-quedarian-cortas-si-el-conflicto-se-alarga\\\/#article\",\"isPartOf\":{\"@id\":\"https:\\\/\\\/www.aquimicasa.net\\\/blog\\\/vivienda\\\/compraventa-de-viviendas\\\/las-medidas-anticrisis-quedarian-cortas-si-el-conflicto-se-alarga\\\/\"},\"author\":{\"name\":\"Eduardo Lizarraga\",\"@id\":\"https:\\\/\\\/www.aquimicasa.net\\\/blog\\\/#\\\/schema\\\/person\\\/2cdfa2605534583395c8d7ce1d6cac14\"},\"headline\":\"Las medidas anticrisis quedar\u00edan cortas si el conflicto se alarga\",\"datePublished\":\"2026-03-29T19:58:30+00:00\",\"mainEntityOfPage\":{\"@id\":\"https:\\\/\\\/www.aquimicasa.net\\\/blog\\\/vivienda\\\/compraventa-de-viviendas\\\/las-medidas-anticrisis-quedarian-cortas-si-el-conflicto-se-alarga\\\/\"},\"wordCount\":958,\"publisher\":{\"@id\":\"https:\\\/\\\/www.aquimicasa.net\\\/blog\\\/#organization\"},\"image\":{\"@id\":\"https:\\\/\\\/www.aquimicasa.net\\\/blog\\\/vivienda\\\/compraventa-de-viviendas\\\/las-medidas-anticrisis-quedarian-cortas-si-el-conflicto-se-alarga\\\/#primaryimage\"},\"thumbnailUrl\":\"https:\\\/\\\/www.aquimicasa.net\\\/blog\\\/wp-content\\\/uploads\\\/economia-familiar-1-1.jpg\",\"keywords\":[\"newsletter 559\"],\"articleSection\":[\"Compra Venta\"],\"inLanguage\":\"es\"},{\"@type\":\"WebPage\",\"@id\":\"https:\\\/\\\/www.aquimicasa.net\\\/blog\\\/vivienda\\\/compraventa-de-viviendas\\\/las-medidas-anticrisis-quedarian-cortas-si-el-conflicto-se-alarga\\\/\",\"url\":\"https:\\\/\\\/www.aquimicasa.net\\\/blog\\\/vivienda\\\/compraventa-de-viviendas\\\/las-medidas-anticrisis-quedarian-cortas-si-el-conflicto-se-alarga\\\/\",\"name\":\"Las medidas anticrisis quedar\u00edan cortas si el conflicto se alarga\",\"isPartOf\":{\"@id\":\"https:\\\/\\\/www.aquimicasa.net\\\/blog\\\/#website\"},\"primaryImageOfPage\":{\"@id\":\"https:\\\/\\\/www.aquimicasa.net\\\/blog\\\/vivienda\\\/compraventa-de-viviendas\\\/las-medidas-anticrisis-quedarian-cortas-si-el-conflicto-se-alarga\\\/#primaryimage\"},\"image\":{\"@id\":\"https:\\\/\\\/www.aquimicasa.net\\\/blog\\\/vivienda\\\/compraventa-de-viviendas\\\/las-medidas-anticrisis-quedarian-cortas-si-el-conflicto-se-alarga\\\/#primaryimage\"},\"thumbnailUrl\":\"https:\\\/\\\/www.aquimicasa.net\\\/blog\\\/wp-content\\\/uploads\\\/economia-familiar-1-1.jpg\",\"datePublished\":\"2026-03-29T19:58:30+00:00\",\"description\":\"Un agravamiento del conflicto provocado por Trump podr\u00eda empujar a las econom\u00edas occidentales hacia una recesi\u00f3n\",\"breadcrumb\":{\"@id\":\"https:\\\/\\\/www.aquimicasa.net\\\/blog\\\/vivienda\\\/compraventa-de-viviendas\\\/las-medidas-anticrisis-quedarian-cortas-si-el-conflicto-se-alarga\\\/#breadcrumb\"},\"inLanguage\":\"es\",\"potentialAction\":[{\"@type\":\"ReadAction\",\"target\":[\"https:\\\/\\\/www.aquimicasa.net\\\/blog\\\/vivienda\\\/compraventa-de-viviendas\\\/las-medidas-anticrisis-quedarian-cortas-si-el-conflicto-se-alarga\\\/\"]}]},{\"@type\":\"ImageObject\",\"inLanguage\":\"es\",\"@id\":\"https:\\\/\\\/www.aquimicasa.net\\\/blog\\\/vivienda\\\/compraventa-de-viviendas\\\/las-medidas-anticrisis-quedarian-cortas-si-el-conflicto-se-alarga\\\/#primaryimage\",\"url\":\"https:\\\/\\\/www.aquimicasa.net\\\/blog\\\/wp-content\\\/uploads\\\/economia-familiar-1-1.jpg\",\"contentUrl\":\"https:\\\/\\\/www.aquimicasa.net\\\/blog\\\/wp-content\\\/uploads\\\/economia-familiar-1-1.jpg\",\"width\":600,\"height\":400,\"caption\":\"Ligera bajada en las operaciones y precios al alza\"},{\"@type\":\"BreadcrumbList\",\"@id\":\"https:\\\/\\\/www.aquimicasa.net\\\/blog\\\/vivienda\\\/compraventa-de-viviendas\\\/las-medidas-anticrisis-quedarian-cortas-si-el-conflicto-se-alarga\\\/#breadcrumb\",\"itemListElement\":[{\"@type\":\"ListItem\",\"position\":1,\"name\":\"Portada\",\"item\":\"https:\\\/\\\/www.aquimicasa.net\\\/blog\\\/\"},{\"@type\":\"ListItem\",\"position\":2,\"name\":\"Las medidas anticrisis quedar\u00edan cortas si el conflicto se alarga\"}]},{\"@type\":\"WebSite\",\"@id\":\"https:\\\/\\\/www.aquimicasa.net\\\/blog\\\/#website\",\"url\":\"https:\\\/\\\/www.aquimicasa.net\\\/blog\\\/\",\"name\":\"Blog de aquimicasa.net\",\"description\":\"Noticias del Mundo Inmobiliario\",\"publisher\":{\"@id\":\"https:\\\/\\\/www.aquimicasa.net\\\/blog\\\/#organization\"},\"potentialAction\":[{\"@type\":\"SearchAction\",\"target\":{\"@type\":\"EntryPoint\",\"urlTemplate\":\"https:\\\/\\\/www.aquimicasa.net\\\/blog\\\/?s={search_term_string}\"},\"query-input\":{\"@type\":\"PropertyValueSpecification\",\"valueRequired\":true,\"valueName\":\"search_term_string\"}}],\"inLanguage\":\"es\"},{\"@type\":\"Organization\",\"@id\":\"https:\\\/\\\/www.aquimicasa.net\\\/blog\\\/#organization\",\"name\":\"Blog de aquimicasa.net\",\"url\":\"https:\\\/\\\/www.aquimicasa.net\\\/blog\\\/\",\"logo\":{\"@type\":\"ImageObject\",\"inLanguage\":\"es\",\"@id\":\"https:\\\/\\\/www.aquimicasa.net\\\/blog\\\/#\\\/schema\\\/logo\\\/image\\\/\",\"url\":\"https:\\\/\\\/www.aquimicasa.net\\\/blog\\\/wp-content\\\/uploads\\\/Logo-aquimicasa-1-e1528048213782.png\",\"contentUrl\":\"https:\\\/\\\/www.aquimicasa.net\\\/blog\\\/wp-content\\\/uploads\\\/Logo-aquimicasa-1-e1528048213782.png\",\"width\":225,\"height\":225,\"caption\":\"Blog de aquimicasa.net\"},\"image\":{\"@id\":\"https:\\\/\\\/www.aquimicasa.net\\\/blog\\\/#\\\/schema\\\/logo\\\/image\\\/\"},\"sameAs\":[\"https:\\\/\\\/www.facebook.com\\\/aquimicasa.net\",\"https:\\\/\\\/www.instagram.com\\\/\",\"https:\\\/\\\/x.com\\\/EduLizarragaD\",\"https:\\\/\\\/www.linkedin.com\\\/feed\\\/\"]},{\"@type\":\"Person\",\"@id\":\"https:\\\/\\\/www.aquimicasa.net\\\/blog\\\/#\\\/schema\\\/person\\\/2cdfa2605534583395c8d7ce1d6cac14\",\"name\":\"Eduardo Lizarraga\",\"image\":{\"@type\":\"ImageObject\",\"inLanguage\":\"es\",\"@id\":\"https:\\\/\\\/secure.gravatar.com\\\/avatar\\\/bdabe1eeeed97b65a9cb7de2edd624b07995f7e13abc5fead15961f745f908cc?s=96&d=mm&r=g\",\"url\":\"https:\\\/\\\/secure.gravatar.com\\\/avatar\\\/bdabe1eeeed97b65a9cb7de2edd624b07995f7e13abc5fead15961f745f908cc?s=96&d=mm&r=g\",\"contentUrl\":\"https:\\\/\\\/secure.gravatar.com\\\/avatar\\\/bdabe1eeeed97b65a9cb7de2edd624b07995f7e13abc5fead15961f745f908cc?s=96&d=mm&r=g\",\"caption\":\"Eduardo Lizarraga\"},\"description\":\"Periodista Econ\u00f3mico. Ha trabajado en diversos campos de la informaci\u00f3n. Corresponsal en conflictos, analista pol\u00edtico en Congreso y Senado, periodista del medio ambiente, editor, director editorial, director de comunicaci\u00f3n.... En estos momentos se ha especializado en el sector inmobiliario. Pero tambi\u00e9n es navegante y viajero, preocupado por la pobreza, el medio ambiente y por las actuaciones descontroladas del neoliberalismo empresarial y pol\u00edtico en todo el mundo. Los desahucios, la pobreza infantil y la falta de acceso a los suministros b\u00e1sicos son algunos de los grandes dramas de nuestra sociedad y que es preciso solucionar para hacerla m\u00e1s justa. CEO en www.aquimicasa.net\",\"sameAs\":[\"https:\\\/\\\/www.aquimicasa.net\\\/\"],\"url\":\"https:\\\/\\\/www.aquimicasa.net\\\/blog\\\/author\\\/eduardo\\\/\"}]}<\/script>\n<!-- \/ Yoast SEO plugin. -->","yoast_head_json":{"title":"Las medidas anticrisis quedar\u00edan cortas si el conflicto se alarga","description":"Un agravamiento del conflicto provocado por Trump podr\u00eda empujar a las econom\u00edas occidentales hacia una recesi\u00f3n","robots":{"index":"index","follow":"follow","max-snippet":"max-snippet:-1","max-image-preview":"max-image-preview:large","max-video-preview":"max-video-preview:-1"},"canonical":"https:\/\/www.aquimicasa.net\/blog\/vivienda\/compraventa-de-viviendas\/las-medidas-anticrisis-quedarian-cortas-si-el-conflicto-se-alarga\/","og_locale":"es_ES","og_type":"article","og_title":"Las medidas anticrisis quedar\u00edan cortas si el conflicto se alarga","og_description":"Un agravamiento del conflicto provocado por Trump podr\u00eda empujar a las econom\u00edas occidentales hacia una recesi\u00f3n","og_url":"https:\/\/www.aquimicasa.net\/blog\/vivienda\/compraventa-de-viviendas\/las-medidas-anticrisis-quedarian-cortas-si-el-conflicto-se-alarga\/","og_site_name":"Blog de aquimicasa.net","article_publisher":"https:\/\/www.facebook.com\/aquimicasa.net","article_published_time":"2026-03-29T19:58:30+00:00","og_image":[{"width":600,"height":400,"url":"https:\/\/www.aquimicasa.net\/blog\/wp-content\/uploads\/economia-familiar-1-1.jpg","type":"image\/jpeg"}],"author":"Eduardo Lizarraga","twitter_misc":{"Escrito por":"Eduardo Lizarraga","Tiempo de lectura":"4 minutos"},"schema":{"@context":"https:\/\/schema.org","@graph":[{"@type":"Article","@id":"https:\/\/www.aquimicasa.net\/blog\/vivienda\/compraventa-de-viviendas\/las-medidas-anticrisis-quedarian-cortas-si-el-conflicto-se-alarga\/#article","isPartOf":{"@id":"https:\/\/www.aquimicasa.net\/blog\/vivienda\/compraventa-de-viviendas\/las-medidas-anticrisis-quedarian-cortas-si-el-conflicto-se-alarga\/"},"author":{"name":"Eduardo Lizarraga","@id":"https:\/\/www.aquimicasa.net\/blog\/#\/schema\/person\/2cdfa2605534583395c8d7ce1d6cac14"},"headline":"Las medidas anticrisis quedar\u00edan cortas si el conflicto se alarga","datePublished":"2026-03-29T19:58:30+00:00","mainEntityOfPage":{"@id":"https:\/\/www.aquimicasa.net\/blog\/vivienda\/compraventa-de-viviendas\/las-medidas-anticrisis-quedarian-cortas-si-el-conflicto-se-alarga\/"},"wordCount":958,"publisher":{"@id":"https:\/\/www.aquimicasa.net\/blog\/#organization"},"image":{"@id":"https:\/\/www.aquimicasa.net\/blog\/vivienda\/compraventa-de-viviendas\/las-medidas-anticrisis-quedarian-cortas-si-el-conflicto-se-alarga\/#primaryimage"},"thumbnailUrl":"https:\/\/www.aquimicasa.net\/blog\/wp-content\/uploads\/economia-familiar-1-1.jpg","keywords":["newsletter 559"],"articleSection":["Compra Venta"],"inLanguage":"es"},{"@type":"WebPage","@id":"https:\/\/www.aquimicasa.net\/blog\/vivienda\/compraventa-de-viviendas\/las-medidas-anticrisis-quedarian-cortas-si-el-conflicto-se-alarga\/","url":"https:\/\/www.aquimicasa.net\/blog\/vivienda\/compraventa-de-viviendas\/las-medidas-anticrisis-quedarian-cortas-si-el-conflicto-se-alarga\/","name":"Las medidas anticrisis quedar\u00edan cortas si el conflicto se alarga","isPartOf":{"@id":"https:\/\/www.aquimicasa.net\/blog\/#website"},"primaryImageOfPage":{"@id":"https:\/\/www.aquimicasa.net\/blog\/vivienda\/compraventa-de-viviendas\/las-medidas-anticrisis-quedarian-cortas-si-el-conflicto-se-alarga\/#primaryimage"},"image":{"@id":"https:\/\/www.aquimicasa.net\/blog\/vivienda\/compraventa-de-viviendas\/las-medidas-anticrisis-quedarian-cortas-si-el-conflicto-se-alarga\/#primaryimage"},"thumbnailUrl":"https:\/\/www.aquimicasa.net\/blog\/wp-content\/uploads\/economia-familiar-1-1.jpg","datePublished":"2026-03-29T19:58:30+00:00","description":"Un agravamiento del conflicto provocado por Trump podr\u00eda empujar a las econom\u00edas occidentales hacia una recesi\u00f3n","breadcrumb":{"@id":"https:\/\/www.aquimicasa.net\/blog\/vivienda\/compraventa-de-viviendas\/las-medidas-anticrisis-quedarian-cortas-si-el-conflicto-se-alarga\/#breadcrumb"},"inLanguage":"es","potentialAction":[{"@type":"ReadAction","target":["https:\/\/www.aquimicasa.net\/blog\/vivienda\/compraventa-de-viviendas\/las-medidas-anticrisis-quedarian-cortas-si-el-conflicto-se-alarga\/"]}]},{"@type":"ImageObject","inLanguage":"es","@id":"https:\/\/www.aquimicasa.net\/blog\/vivienda\/compraventa-de-viviendas\/las-medidas-anticrisis-quedarian-cortas-si-el-conflicto-se-alarga\/#primaryimage","url":"https:\/\/www.aquimicasa.net\/blog\/wp-content\/uploads\/economia-familiar-1-1.jpg","contentUrl":"https:\/\/www.aquimicasa.net\/blog\/wp-content\/uploads\/economia-familiar-1-1.jpg","width":600,"height":400,"caption":"Ligera bajada en las operaciones y precios al alza"},{"@type":"BreadcrumbList","@id":"https:\/\/www.aquimicasa.net\/blog\/vivienda\/compraventa-de-viviendas\/las-medidas-anticrisis-quedarian-cortas-si-el-conflicto-se-alarga\/#breadcrumb","itemListElement":[{"@type":"ListItem","position":1,"name":"Portada","item":"https:\/\/www.aquimicasa.net\/blog\/"},{"@type":"ListItem","position":2,"name":"Las medidas anticrisis quedar\u00edan cortas si el conflicto se alarga"}]},{"@type":"WebSite","@id":"https:\/\/www.aquimicasa.net\/blog\/#website","url":"https:\/\/www.aquimicasa.net\/blog\/","name":"Blog de aquimicasa.net","description":"Noticias del Mundo Inmobiliario","publisher":{"@id":"https:\/\/www.aquimicasa.net\/blog\/#organization"},"potentialAction":[{"@type":"SearchAction","target":{"@type":"EntryPoint","urlTemplate":"https:\/\/www.aquimicasa.net\/blog\/?s={search_term_string}"},"query-input":{"@type":"PropertyValueSpecification","valueRequired":true,"valueName":"search_term_string"}}],"inLanguage":"es"},{"@type":"Organization","@id":"https:\/\/www.aquimicasa.net\/blog\/#organization","name":"Blog de aquimicasa.net","url":"https:\/\/www.aquimicasa.net\/blog\/","logo":{"@type":"ImageObject","inLanguage":"es","@id":"https:\/\/www.aquimicasa.net\/blog\/#\/schema\/logo\/image\/","url":"https:\/\/www.aquimicasa.net\/blog\/wp-content\/uploads\/Logo-aquimicasa-1-e1528048213782.png","contentUrl":"https:\/\/www.aquimicasa.net\/blog\/wp-content\/uploads\/Logo-aquimicasa-1-e1528048213782.png","width":225,"height":225,"caption":"Blog de aquimicasa.net"},"image":{"@id":"https:\/\/www.aquimicasa.net\/blog\/#\/schema\/logo\/image\/"},"sameAs":["https:\/\/www.facebook.com\/aquimicasa.net","https:\/\/www.instagram.com\/","https:\/\/x.com\/EduLizarragaD","https:\/\/www.linkedin.com\/feed\/"]},{"@type":"Person","@id":"https:\/\/www.aquimicasa.net\/blog\/#\/schema\/person\/2cdfa2605534583395c8d7ce1d6cac14","name":"Eduardo Lizarraga","image":{"@type":"ImageObject","inLanguage":"es","@id":"https:\/\/secure.gravatar.com\/avatar\/bdabe1eeeed97b65a9cb7de2edd624b07995f7e13abc5fead15961f745f908cc?s=96&d=mm&r=g","url":"https:\/\/secure.gravatar.com\/avatar\/bdabe1eeeed97b65a9cb7de2edd624b07995f7e13abc5fead15961f745f908cc?s=96&d=mm&r=g","contentUrl":"https:\/\/secure.gravatar.com\/avatar\/bdabe1eeeed97b65a9cb7de2edd624b07995f7e13abc5fead15961f745f908cc?s=96&d=mm&r=g","caption":"Eduardo Lizarraga"},"description":"Periodista Econ\u00f3mico. Ha trabajado en diversos campos de la informaci\u00f3n. Corresponsal en conflictos, analista pol\u00edtico en Congreso y Senado, periodista del medio ambiente, editor, director editorial, director de comunicaci\u00f3n.... En estos momentos se ha especializado en el sector inmobiliario. Pero tambi\u00e9n es navegante y viajero, preocupado por la pobreza, el medio ambiente y por las actuaciones descontroladas del neoliberalismo empresarial y pol\u00edtico en todo el mundo. Los desahucios, la pobreza infantil y la falta de acceso a los suministros b\u00e1sicos son algunos de los grandes dramas de nuestra sociedad y que es preciso solucionar para hacerla m\u00e1s justa. CEO en www.aquimicasa.net","sameAs":["https:\/\/www.aquimicasa.net\/"],"url":"https:\/\/www.aquimicasa.net\/blog\/author\/eduardo\/"}]}},"jetpack_publicize_connections":[],"jetpack_featured_media_url":"https:\/\/www.aquimicasa.net\/blog\/wp-content\/uploads\/economia-familiar-1-1.jpg","jetpack_sharing_enabled":true,"jetpack_likes_enabled":true,"_links":{"self":[{"href":"https:\/\/www.aquimicasa.net\/blog\/wp-json\/wp\/v2\/posts\/55683","targetHints":{"allow":["GET"]}}],"collection":[{"href":"https:\/\/www.aquimicasa.net\/blog\/wp-json\/wp\/v2\/posts"}],"about":[{"href":"https:\/\/www.aquimicasa.net\/blog\/wp-json\/wp\/v2\/types\/post"}],"author":[{"embeddable":true,"href":"https:\/\/www.aquimicasa.net\/blog\/wp-json\/wp\/v2\/users\/3"}],"replies":[{"embeddable":true,"href":"https:\/\/www.aquimicasa.net\/blog\/wp-json\/wp\/v2\/comments?post=55683"}],"version-history":[{"count":2,"href":"https:\/\/www.aquimicasa.net\/blog\/wp-json\/wp\/v2\/posts\/55683\/revisions"}],"predecessor-version":[{"id":55692,"href":"https:\/\/www.aquimicasa.net\/blog\/wp-json\/wp\/v2\/posts\/55683\/revisions\/55692"}],"wp:featuredmedia":[{"embeddable":true,"href":"https:\/\/www.aquimicasa.net\/blog\/wp-json\/wp\/v2\/media\/55691"}],"wp:attachment":[{"href":"https:\/\/www.aquimicasa.net\/blog\/wp-json\/wp\/v2\/media?parent=55683"}],"wp:term":[{"taxonomy":"category","embeddable":true,"href":"https:\/\/www.aquimicasa.net\/blog\/wp-json\/wp\/v2\/categories?post=55683"},{"taxonomy":"post_tag","embeddable":true,"href":"https:\/\/www.aquimicasa.net\/blog\/wp-json\/wp\/v2\/tags?post=55683"}],"curies":[{"name":"wp","href":"https:\/\/api.w.org\/{rel}","templated":true}]}}