{"id":56013,"date":"2026-04-26T22:19:09","date_gmt":"2026-04-26T20:19:09","guid":{"rendered":"https:\/\/www.aquimicasa.net\/blog\/?p=56013"},"modified":"2026-04-26T22:19:09","modified_gmt":"2026-04-26T20:19:09","slug":"la-vivienda-continua-como-primera-preocupacion-de-los-espanoles","status":"publish","type":"post","link":"https:\/\/www.aquimicasa.net\/blog\/consumo\/consumidores\/la-vivienda-continua-como-primera-preocupacion-de-los-espanoles\/","title":{"rendered":"La vivienda contin\u00faa como primera preocupaci\u00f3n de los espa\u00f1oles"},"content":{"rendered":"<div class=\"fusion-fullwidth fullwidth-box fusion-builder-row-1 fusion-flex-container nonhundred-percent-fullwidth non-hundred-percent-height-scrolling\" style=\"background-color: rgba(255,255,255,0);background-position: center center;background-repeat: no-repeat;border-width: 0px 0px 0px 0px;border-color:#eae9e9;border-style:solid;\" ><div class=\"fusion-builder-row fusion-row fusion-flex-align-items-flex-start\" style=\"max-width:1144px;margin-left: calc(-4% \/ 2 );margin-right: calc(-4% \/ 2 );\"><div class=\"fusion-layout-column fusion_builder_column fusion-builder-column-0 fusion_builder_column_1_1 1_1 fusion-flex-column\"><div class=\"fusion-column-wrapper fusion-flex-justify-content-flex-start fusion-content-layout-column\" style=\"background-position:left top;background-repeat:no-repeat;-webkit-background-size:cover;-moz-background-size:cover;-o-background-size:cover;background-size:cover;padding: 0px 0px 0px 0px;\"><div class=\"fusion-text fusion-text-1\"><div id=\"block-idn-pagetitle\" class=\"block block-core block-page-title-block\">\n<h2 class=\"font-claude-response-body break-words whitespace-normal leading-&#091;1.7&#093;\"><strong>Preocupaci\u00f3n por la vivienda en el Bar\u00f3metro del CIS de abril<\/strong><\/h2>\n<p class=\"font-claude-response-body break-words whitespace-normal leading-&#091;1.7&#093;\">La vivienda acumula ya 17 meses consecutivos como el principal problema de Espa\u00f1a seg\u00fan el Bar\u00f3metro del Centro de Investigaciones Sociol\u00f3gicas, y el de abril no rompe la racha. <strong>El 41,3% de los encuestados la cit\u00f3 como su mayor preocupaci\u00f3n<\/strong>, lo que supone una ca\u00edda de 2,2 puntos respecto al r\u00e9cord de marzo, aunque el dato es el m\u00e1s bajo desde diciembre. Malo, pero no tan malo como antes. Ese es el nivel al que ha llegado el debate sobre vivienda en este pa\u00eds: celebrar que la cat\u00e1strofe merma ligeramente.<\/p>\n<p class=\"font-claude-response-body break-words whitespace-normal leading-&#091;1.7&#093;\">Mientras tanto, los pol\u00edticos de todos los colores siguen enzarzados en lo de siempre. Los del Gobierno presumen del decreto que prorroga los contratos de alquiler hasta 2027 como si hubieran resuelto el problema de la vivienda de cuatro generaciones. Los de la oposici\u00f3n los acusan de intervencionismo y agitan el fantasma de la oferta destruida. Y los espa\u00f1oles, imp\u00e1vidos, siguen respondiendo mes a mes al encuestador del CIS con la misma cantinela: la vivienda, la vivienda, la vivienda.<\/p>\n<p class=\"font-claude-response-body break-words whitespace-normal leading-&#091;1.7&#093;\"><strong>La crisis econ\u00f3mica se consolida en segunda posici\u00f3n con un 24,9%<\/strong>, tras subir 2,5 puntos respecto a marzo. La mala calidad del empleo marca r\u00e9cord con un 19,2%, tres d\u00e9cimas m\u00e1s que el mes anterior. El paro sube 1,2 puntos hasta el 15,8%. El cuadro macroecon\u00f3mico que perciben los ciudadanos no es precisamente halag\u00fce\u00f1o, y los datos del CIS lo confirman con la precisi\u00f3n de un term\u00f3metro en un enfermo que no mejora.<\/p>\n<h2 class=\"font-claude-response-body break-words whitespace-normal leading-&#091;1.7&#093;\"><strong>\u00a0Sube la inquietud por la corrupci\u00f3n<\/strong><\/h2>\n<p class=\"font-claude-response-body break-words whitespace-normal leading-&#091;1.7&#093;\">El trabajo de campo de abril coincidi\u00f3 con el arranque de dos juicios de cierto calibre pol\u00edtico: el del caso de las mascarillas, con el exministro socialista Jos\u00e9 Luis \u00c1balos y su exasesor Koldo Garc\u00eda sentados en el banquillo, y el del caso Kitchen, por el que se juzga a la c\u00fapula del Ministerio del Interior durante el Gobierno de Mariano Rajoy. El resultado no sorprende: <strong>la corrupci\u00f3n y el fraude suben cuatro d\u00e9cimas y alcanzan el 8,9% de menciones<\/strong>, situ\u00e1ndose en und\u00e9cima posici\u00f3n. No es un dato espectacular, pero resulta casi po\u00e9tico que suba justo cuando los tribunales vuelven a recordar al pa\u00eds que la corrupci\u00f3n no es un problema del pasado ni patrimonio de un solo partido.<\/p>\n<p class=\"font-claude-response-body break-words whitespace-normal leading-&#091;1.7&#093;\">La inmigraci\u00f3n figura como cuarto problema nacional con un 15,5%, un punto m\u00e1s que en marzo, en v\u00edsperas de la aprobaci\u00f3n de la regularizaci\u00f3n extraordinaria de inmigrantes impulsada por el Gobierno. La inseguridad ciudadana, por su parte, sube 2,8 puntos hasta el 8,5%, aunque sin llegar al 8,8% que registr\u00f3 en noviembre de 2022. <strong>Los extremismos se quedan en el 8,6%<\/strong> y los problemas relacionados con la juventud cierran el top diez con un 9%.<\/p>\n<p class=\"font-claude-response-body break-words whitespace-normal leading-&#091;1.7&#093;\">Los problemas pol\u00edticos caen ligeramente hasta el 13,9%, y el apartado de Gobierno y partidos pierde 4,1 puntos para quedarse en el 11,3%. El mal comportamiento de los pol\u00edticos baja del 10,9% al 9,6%. Que los ciudadanos dediquen menos menciones espont\u00e1neas a los pol\u00edticos no significa que est\u00e9n m\u00e1s contentos con ellos, sino probablemente que ya han asumido el nivel.<\/p>\n<h2 class=\"font-claude-response-body break-words whitespace-normal leading-&#091;1.7&#093;\"><strong>Econom\u00eda y vivienda lideran los problemas personales<\/strong><\/h2>\n<p class=\"font-claude-response-body break-words whitespace-normal leading-&#091;1.7&#093;\">Cuando el CIS pregunta no ya por los problemas del pa\u00eds sino por los que afectan directamente a los encuestados, el orden cambia ligeramente. <strong>La crisis econ\u00f3mica pasa al primer puesto con un 38,8% de menciones<\/strong>, seguida de la vivienda con un 25,6%, la sanidad con un 19,5%, la calidad del empleo con un 16,7% y la inseguridad ciudadana con un 10,1%.<\/p>\n<p class=\"font-claude-response-body break-words whitespace-normal leading-&#091;1.7&#093;\">El bolsillo manda. Y el bolsillo dice que m\u00e1s de la mitad de los espa\u00f1oles, el 52,8%, considera que la situaci\u00f3n econ\u00f3mica general del pa\u00eds es mala o muy mala, frente al 37,1% que la valora positivamente. Las cuentas del hogar, en cambio, presentan mejor aspecto: el 64,7% dice que su situaci\u00f3n econ\u00f3mica personal es buena o muy buena, mientras que solo el 24,8% la califica de mala o muy mala. La brecha entre c\u00f3mo se percibe la econom\u00eda propia y la del pa\u00eds es un cl\u00e1sico de la sociolog\u00eda espa\u00f1ola que ning\u00fan Gobierno ha logrado cerrar.<\/p>\n<h2 class=\"font-claude-response-body break-words whitespace-normal leading-&#091;1.7&#093;\"><strong>Otros aspectos de la encuesta del CIS de abril<\/strong><\/h2>\n<p class=\"font-claude-response-body break-words whitespace-normal leading-&#091;1.7&#093;\">En cuanto a intenci\u00f3n de voto, el bar\u00f3metro de abril otorga al PSOE un 36,4% frente al 23,6% del PP. Vox baja dos puntos y se queda en el 14,7%; Sumar logra un 5,8%; y Esquerra Republicana alcanza el 2,9%, por delante de Podemos, que se queda en el 2,2%.<\/p>\n<p class=\"font-claude-response-body break-words whitespace-normal leading-&#091;1.7&#093;\">En la valoraci\u00f3n de l\u00edderes, <strong>Pedro S\u00e1nchez encabeza la tabla con una puntuaci\u00f3n media de 4,81 sobre 10<\/strong>, seguido de Yolanda D\u00edaz con 4,25, Alberto N\u00fa\u00f1ez Feij\u00f3o con 3,68 y Santiago Abascal con 2,75. Datos que, en cualquier caso, hay que leer con la cautela habitual: los bar\u00f3metros del CIS miden la temperatura de la opini\u00f3n p\u00fablica en un momento dado, y la temperatura en Espa\u00f1a lleva 17 meses en la misma zona de fiebre persistente. La receta m\u00e9dica sigue sin aparecer.<\/p>\n<\/div>\n<\/div><\/div><style type=\"text\/css\">.fusion-body .fusion-builder-column-0{width:100% !important;margin-top : 0px;margin-bottom : 0px;}.fusion-builder-column-0 > .fusion-column-wrapper {padding-top : 0px !important;padding-right : 0px !important;margin-right : 1.92%;padding-bottom : 0px !important;padding-left : 0px !important;margin-left : 1.92%;}@media only screen and (max-width:1024px) {.fusion-body .fusion-builder-column-0{width:100% !important;}.fusion-builder-column-0 > .fusion-column-wrapper {margin-right : 1.92%;margin-left : 1.92%;}}@media only screen and (max-width:640px) {.fusion-body .fusion-builder-column-0{width:100% !important;}.fusion-builder-column-0 > .fusion-column-wrapper {margin-right : 1.92%;margin-left : 1.92%;}}<\/style><\/div><\/div><style type=\"text\/css\">.fusion-body .fusion-flex-container.fusion-builder-row-1{ padding-top : 0px;margin-top : 0px;padding-right : 0px;padding-bottom : 0px;margin-bottom : 0px;padding-left : 0px;}<\/style><\/div>\n","protected":false},"excerpt":{"rendered":"<p>Cuando el CIS pregunta no ya por los problemas del pa\u00eds sino por los que afectan directamente a los encuestados, el orden cambia ligeramente. La crisis econ\u00f3mica pasa al primer puesto con un 38,8% de menciones, seguida de la vivienda con un 25,6%, la sanidad con un 19,5%, la calidad del empleo con un 16,7% y la inseguridad ciudadana con un 10,1%.<\/p>\n","protected":false},"author":3,"featured_media":50174,"comment_status":"closed","ping_status":"closed","sticky":false,"template":"","format":"standard","meta":{"_jetpack_memberships_contains_paid_content":false,"footnotes":"","jetpack_publicize_message":"","jetpack_publicize_feature_enabled":true,"jetpack_social_post_already_shared":true,"jetpack_social_options":{"image_generator_settings":{"template":"highway","default_image_id":0,"font":"","enabled":false},"version":2}},"categories":[7512],"tags":[8293],"class_list":["post-56013","post","type-post","status-publish","format-standard","has-post-thumbnail","hentry","category-consumidores","tag-newsletter-563"],"yoast_head":"<!-- This site is optimized with the Yoast SEO plugin v27.4 - https:\/\/yoast.com\/product\/yoast-seo-wordpress\/ -->\n<title>La vivienda contin\u00faa como primera preocupaci\u00f3n de los espa\u00f1oles<\/title>\n<meta name=\"description\" content=\"La vivienda acumula ya 17 meses consecutivos como el principal problema de Espa\u00f1a seg\u00fan el Bar\u00f3metro del CIS y el de abril no rompe la racha.\" \/>\n<meta name=\"robots\" content=\"index, follow, max-snippet:-1, max-image-preview:large, max-video-preview:-1\" \/>\n<link rel=\"canonical\" href=\"https:\/\/www.aquimicasa.net\/blog\/consumo\/consumidores\/la-vivienda-continua-como-primera-preocupacion-de-los-espanoles\/\" \/>\n<meta property=\"og:locale\" content=\"es_ES\" \/>\n<meta property=\"og:type\" content=\"article\" \/>\n<meta property=\"og:title\" content=\"La vivienda contin\u00faa como primera preocupaci\u00f3n de los espa\u00f1oles\" \/>\n<meta property=\"og:description\" content=\"La vivienda acumula ya 17 meses consecutivos como el principal problema de Espa\u00f1a seg\u00fan el Bar\u00f3metro del CIS y el de abril no rompe la racha.\" \/>\n<meta property=\"og:url\" content=\"https:\/\/www.aquimicasa.net\/blog\/consumo\/consumidores\/la-vivienda-continua-como-primera-preocupacion-de-los-espanoles\/\" \/>\n<meta property=\"og:site_name\" content=\"Blog de aquimicasa.net\" \/>\n<meta property=\"article:publisher\" content=\"https:\/\/www.facebook.com\/aquimicasa.net\" \/>\n<meta property=\"article:published_time\" content=\"2026-04-26T20:19:09+00:00\" \/>\n<meta property=\"og:image\" content=\"https:\/\/www.aquimicasa.net\/blog\/wp-content\/uploads\/personas-1.jpg\" \/>\n\t<meta property=\"og:image:width\" content=\"2000\" \/>\n\t<meta property=\"og:image:height\" content=\"1000\" \/>\n\t<meta property=\"og:image:type\" content=\"image\/jpeg\" \/>\n<meta name=\"author\" content=\"Eduardo Lizarraga\" \/>\n<meta name=\"twitter:label1\" content=\"Escrito por\" \/>\n\t<meta name=\"twitter:data1\" content=\"Eduardo Lizarraga\" \/>\n\t<meta name=\"twitter:label2\" content=\"Tiempo de lectura\" \/>\n\t<meta name=\"twitter:data2\" content=\"5 minutos\" \/>\n<script type=\"application\/ld+json\" class=\"yoast-schema-graph\">{\"@context\":\"https:\\\/\\\/schema.org\",\"@graph\":[{\"@type\":\"Article\",\"@id\":\"https:\\\/\\\/www.aquimicasa.net\\\/blog\\\/consumo\\\/consumidores\\\/la-vivienda-continua-como-primera-preocupacion-de-los-espanoles\\\/#article\",\"isPartOf\":{\"@id\":\"https:\\\/\\\/www.aquimicasa.net\\\/blog\\\/consumo\\\/consumidores\\\/la-vivienda-continua-como-primera-preocupacion-de-los-espanoles\\\/\"},\"author\":{\"name\":\"Eduardo Lizarraga\",\"@id\":\"https:\\\/\\\/www.aquimicasa.net\\\/blog\\\/#\\\/schema\\\/person\\\/2cdfa2605534583395c8d7ce1d6cac14\"},\"headline\":\"La vivienda contin\u00faa como primera preocupaci\u00f3n de los espa\u00f1oles\",\"datePublished\":\"2026-04-26T20:19:09+00:00\",\"mainEntityOfPage\":{\"@id\":\"https:\\\/\\\/www.aquimicasa.net\\\/blog\\\/consumo\\\/consumidores\\\/la-vivienda-continua-como-primera-preocupacion-de-los-espanoles\\\/\"},\"wordCount\":1108,\"publisher\":{\"@id\":\"https:\\\/\\\/www.aquimicasa.net\\\/blog\\\/#organization\"},\"image\":{\"@id\":\"https:\\\/\\\/www.aquimicasa.net\\\/blog\\\/consumo\\\/consumidores\\\/la-vivienda-continua-como-primera-preocupacion-de-los-espanoles\\\/#primaryimage\"},\"thumbnailUrl\":\"https:\\\/\\\/www.aquimicasa.net\\\/blog\\\/wp-content\\\/uploads\\\/personas-1.jpg\",\"keywords\":[\"newsletter 563\"],\"articleSection\":[\"Consumidores\"],\"inLanguage\":\"es\"},{\"@type\":\"WebPage\",\"@id\":\"https:\\\/\\\/www.aquimicasa.net\\\/blog\\\/consumo\\\/consumidores\\\/la-vivienda-continua-como-primera-preocupacion-de-los-espanoles\\\/\",\"url\":\"https:\\\/\\\/www.aquimicasa.net\\\/blog\\\/consumo\\\/consumidores\\\/la-vivienda-continua-como-primera-preocupacion-de-los-espanoles\\\/\",\"name\":\"La vivienda contin\u00faa como primera preocupaci\u00f3n de los espa\u00f1oles\",\"isPartOf\":{\"@id\":\"https:\\\/\\\/www.aquimicasa.net\\\/blog\\\/#website\"},\"primaryImageOfPage\":{\"@id\":\"https:\\\/\\\/www.aquimicasa.net\\\/blog\\\/consumo\\\/consumidores\\\/la-vivienda-continua-como-primera-preocupacion-de-los-espanoles\\\/#primaryimage\"},\"image\":{\"@id\":\"https:\\\/\\\/www.aquimicasa.net\\\/blog\\\/consumo\\\/consumidores\\\/la-vivienda-continua-como-primera-preocupacion-de-los-espanoles\\\/#primaryimage\"},\"thumbnailUrl\":\"https:\\\/\\\/www.aquimicasa.net\\\/blog\\\/wp-content\\\/uploads\\\/personas-1.jpg\",\"datePublished\":\"2026-04-26T20:19:09+00:00\",\"description\":\"La vivienda acumula ya 17 meses consecutivos como el principal problema de Espa\u00f1a seg\u00fan el Bar\u00f3metro del CIS y el de abril no rompe la racha.\",\"breadcrumb\":{\"@id\":\"https:\\\/\\\/www.aquimicasa.net\\\/blog\\\/consumo\\\/consumidores\\\/la-vivienda-continua-como-primera-preocupacion-de-los-espanoles\\\/#breadcrumb\"},\"inLanguage\":\"es\",\"potentialAction\":[{\"@type\":\"ReadAction\",\"target\":[\"https:\\\/\\\/www.aquimicasa.net\\\/blog\\\/consumo\\\/consumidores\\\/la-vivienda-continua-como-primera-preocupacion-de-los-espanoles\\\/\"]}]},{\"@type\":\"ImageObject\",\"inLanguage\":\"es\",\"@id\":\"https:\\\/\\\/www.aquimicasa.net\\\/blog\\\/consumo\\\/consumidores\\\/la-vivienda-continua-como-primera-preocupacion-de-los-espanoles\\\/#primaryimage\",\"url\":\"https:\\\/\\\/www.aquimicasa.net\\\/blog\\\/wp-content\\\/uploads\\\/personas-1.jpg\",\"contentUrl\":\"https:\\\/\\\/www.aquimicasa.net\\\/blog\\\/wp-content\\\/uploads\\\/personas-1.jpg\",\"width\":2000,\"height\":1000,\"caption\":\"La vivienda contin\u00faa como principal preocupaci\u00f3n de los espa\u00f1oles\"},{\"@type\":\"BreadcrumbList\",\"@id\":\"https:\\\/\\\/www.aquimicasa.net\\\/blog\\\/consumo\\\/consumidores\\\/la-vivienda-continua-como-primera-preocupacion-de-los-espanoles\\\/#breadcrumb\",\"itemListElement\":[{\"@type\":\"ListItem\",\"position\":1,\"name\":\"Portada\",\"item\":\"https:\\\/\\\/www.aquimicasa.net\\\/blog\\\/\"},{\"@type\":\"ListItem\",\"position\":2,\"name\":\"La vivienda contin\u00faa como primera preocupaci\u00f3n de los espa\u00f1oles\"}]},{\"@type\":\"WebSite\",\"@id\":\"https:\\\/\\\/www.aquimicasa.net\\\/blog\\\/#website\",\"url\":\"https:\\\/\\\/www.aquimicasa.net\\\/blog\\\/\",\"name\":\"Blog de aquimicasa.net\",\"description\":\"Noticias del Mundo Inmobiliario\",\"publisher\":{\"@id\":\"https:\\\/\\\/www.aquimicasa.net\\\/blog\\\/#organization\"},\"potentialAction\":[{\"@type\":\"SearchAction\",\"target\":{\"@type\":\"EntryPoint\",\"urlTemplate\":\"https:\\\/\\\/www.aquimicasa.net\\\/blog\\\/?s={search_term_string}\"},\"query-input\":{\"@type\":\"PropertyValueSpecification\",\"valueRequired\":true,\"valueName\":\"search_term_string\"}}],\"inLanguage\":\"es\"},{\"@type\":\"Organization\",\"@id\":\"https:\\\/\\\/www.aquimicasa.net\\\/blog\\\/#organization\",\"name\":\"Blog de aquimicasa.net\",\"url\":\"https:\\\/\\\/www.aquimicasa.net\\\/blog\\\/\",\"logo\":{\"@type\":\"ImageObject\",\"inLanguage\":\"es\",\"@id\":\"https:\\\/\\\/www.aquimicasa.net\\\/blog\\\/#\\\/schema\\\/logo\\\/image\\\/\",\"url\":\"https:\\\/\\\/www.aquimicasa.net\\\/blog\\\/wp-content\\\/uploads\\\/Logo-aquimicasa-1-e1528048213782.png\",\"contentUrl\":\"https:\\\/\\\/www.aquimicasa.net\\\/blog\\\/wp-content\\\/uploads\\\/Logo-aquimicasa-1-e1528048213782.png\",\"width\":225,\"height\":225,\"caption\":\"Blog de aquimicasa.net\"},\"image\":{\"@id\":\"https:\\\/\\\/www.aquimicasa.net\\\/blog\\\/#\\\/schema\\\/logo\\\/image\\\/\"},\"sameAs\":[\"https:\\\/\\\/www.facebook.com\\\/aquimicasa.net\",\"https:\\\/\\\/www.instagram.com\\\/\",\"https:\\\/\\\/x.com\\\/EduLizarragaD\",\"https:\\\/\\\/www.linkedin.com\\\/feed\\\/\"]},{\"@type\":\"Person\",\"@id\":\"https:\\\/\\\/www.aquimicasa.net\\\/blog\\\/#\\\/schema\\\/person\\\/2cdfa2605534583395c8d7ce1d6cac14\",\"name\":\"Eduardo Lizarraga\",\"image\":{\"@type\":\"ImageObject\",\"inLanguage\":\"es\",\"@id\":\"https:\\\/\\\/secure.gravatar.com\\\/avatar\\\/bdabe1eeeed97b65a9cb7de2edd624b07995f7e13abc5fead15961f745f908cc?s=96&d=mm&r=g\",\"url\":\"https:\\\/\\\/secure.gravatar.com\\\/avatar\\\/bdabe1eeeed97b65a9cb7de2edd624b07995f7e13abc5fead15961f745f908cc?s=96&d=mm&r=g\",\"contentUrl\":\"https:\\\/\\\/secure.gravatar.com\\\/avatar\\\/bdabe1eeeed97b65a9cb7de2edd624b07995f7e13abc5fead15961f745f908cc?s=96&d=mm&r=g\",\"caption\":\"Eduardo Lizarraga\"},\"description\":\"Periodista Econ\u00f3mico. Ha trabajado en diversos campos de la informaci\u00f3n. Corresponsal en conflictos, analista pol\u00edtico en Congreso y Senado, periodista del medio ambiente, editor, director editorial, director de comunicaci\u00f3n.... En estos momentos se ha especializado en el sector inmobiliario. Pero tambi\u00e9n es navegante y viajero, preocupado por la pobreza, el medio ambiente y por las actuaciones descontroladas del neoliberalismo empresarial y pol\u00edtico en todo el mundo. Los desahucios, la pobreza infantil y la falta de acceso a los suministros b\u00e1sicos son algunos de los grandes dramas de nuestra sociedad y que es preciso solucionar para hacerla m\u00e1s justa. CEO en www.aquimicasa.net\",\"sameAs\":[\"https:\\\/\\\/www.aquimicasa.net\\\/\"],\"url\":\"https:\\\/\\\/www.aquimicasa.net\\\/blog\\\/author\\\/eduardo\\\/\"}]}<\/script>\n<!-- \/ Yoast SEO plugin. -->","yoast_head_json":{"title":"La vivienda contin\u00faa como primera preocupaci\u00f3n de los espa\u00f1oles","description":"La vivienda acumula ya 17 meses consecutivos como el principal problema de Espa\u00f1a seg\u00fan el Bar\u00f3metro del CIS y el de abril no rompe la racha.","robots":{"index":"index","follow":"follow","max-snippet":"max-snippet:-1","max-image-preview":"max-image-preview:large","max-video-preview":"max-video-preview:-1"},"canonical":"https:\/\/www.aquimicasa.net\/blog\/consumo\/consumidores\/la-vivienda-continua-como-primera-preocupacion-de-los-espanoles\/","og_locale":"es_ES","og_type":"article","og_title":"La vivienda contin\u00faa como primera preocupaci\u00f3n de los espa\u00f1oles","og_description":"La vivienda acumula ya 17 meses consecutivos como el principal problema de Espa\u00f1a seg\u00fan el Bar\u00f3metro del CIS y el de abril no rompe la racha.","og_url":"https:\/\/www.aquimicasa.net\/blog\/consumo\/consumidores\/la-vivienda-continua-como-primera-preocupacion-de-los-espanoles\/","og_site_name":"Blog de aquimicasa.net","article_publisher":"https:\/\/www.facebook.com\/aquimicasa.net","article_published_time":"2026-04-26T20:19:09+00:00","og_image":[{"width":2000,"height":1000,"url":"https:\/\/www.aquimicasa.net\/blog\/wp-content\/uploads\/personas-1.jpg","type":"image\/jpeg"}],"author":"Eduardo Lizarraga","twitter_misc":{"Escrito por":"Eduardo Lizarraga","Tiempo de lectura":"5 minutos"},"schema":{"@context":"https:\/\/schema.org","@graph":[{"@type":"Article","@id":"https:\/\/www.aquimicasa.net\/blog\/consumo\/consumidores\/la-vivienda-continua-como-primera-preocupacion-de-los-espanoles\/#article","isPartOf":{"@id":"https:\/\/www.aquimicasa.net\/blog\/consumo\/consumidores\/la-vivienda-continua-como-primera-preocupacion-de-los-espanoles\/"},"author":{"name":"Eduardo Lizarraga","@id":"https:\/\/www.aquimicasa.net\/blog\/#\/schema\/person\/2cdfa2605534583395c8d7ce1d6cac14"},"headline":"La vivienda contin\u00faa como primera preocupaci\u00f3n de los espa\u00f1oles","datePublished":"2026-04-26T20:19:09+00:00","mainEntityOfPage":{"@id":"https:\/\/www.aquimicasa.net\/blog\/consumo\/consumidores\/la-vivienda-continua-como-primera-preocupacion-de-los-espanoles\/"},"wordCount":1108,"publisher":{"@id":"https:\/\/www.aquimicasa.net\/blog\/#organization"},"image":{"@id":"https:\/\/www.aquimicasa.net\/blog\/consumo\/consumidores\/la-vivienda-continua-como-primera-preocupacion-de-los-espanoles\/#primaryimage"},"thumbnailUrl":"https:\/\/www.aquimicasa.net\/blog\/wp-content\/uploads\/personas-1.jpg","keywords":["newsletter 563"],"articleSection":["Consumidores"],"inLanguage":"es"},{"@type":"WebPage","@id":"https:\/\/www.aquimicasa.net\/blog\/consumo\/consumidores\/la-vivienda-continua-como-primera-preocupacion-de-los-espanoles\/","url":"https:\/\/www.aquimicasa.net\/blog\/consumo\/consumidores\/la-vivienda-continua-como-primera-preocupacion-de-los-espanoles\/","name":"La vivienda contin\u00faa como primera preocupaci\u00f3n de los espa\u00f1oles","isPartOf":{"@id":"https:\/\/www.aquimicasa.net\/blog\/#website"},"primaryImageOfPage":{"@id":"https:\/\/www.aquimicasa.net\/blog\/consumo\/consumidores\/la-vivienda-continua-como-primera-preocupacion-de-los-espanoles\/#primaryimage"},"image":{"@id":"https:\/\/www.aquimicasa.net\/blog\/consumo\/consumidores\/la-vivienda-continua-como-primera-preocupacion-de-los-espanoles\/#primaryimage"},"thumbnailUrl":"https:\/\/www.aquimicasa.net\/blog\/wp-content\/uploads\/personas-1.jpg","datePublished":"2026-04-26T20:19:09+00:00","description":"La vivienda acumula ya 17 meses consecutivos como el principal problema de Espa\u00f1a seg\u00fan el Bar\u00f3metro del CIS y el de abril no rompe la racha.","breadcrumb":{"@id":"https:\/\/www.aquimicasa.net\/blog\/consumo\/consumidores\/la-vivienda-continua-como-primera-preocupacion-de-los-espanoles\/#breadcrumb"},"inLanguage":"es","potentialAction":[{"@type":"ReadAction","target":["https:\/\/www.aquimicasa.net\/blog\/consumo\/consumidores\/la-vivienda-continua-como-primera-preocupacion-de-los-espanoles\/"]}]},{"@type":"ImageObject","inLanguage":"es","@id":"https:\/\/www.aquimicasa.net\/blog\/consumo\/consumidores\/la-vivienda-continua-como-primera-preocupacion-de-los-espanoles\/#primaryimage","url":"https:\/\/www.aquimicasa.net\/blog\/wp-content\/uploads\/personas-1.jpg","contentUrl":"https:\/\/www.aquimicasa.net\/blog\/wp-content\/uploads\/personas-1.jpg","width":2000,"height":1000,"caption":"La vivienda contin\u00faa como principal preocupaci\u00f3n de los espa\u00f1oles"},{"@type":"BreadcrumbList","@id":"https:\/\/www.aquimicasa.net\/blog\/consumo\/consumidores\/la-vivienda-continua-como-primera-preocupacion-de-los-espanoles\/#breadcrumb","itemListElement":[{"@type":"ListItem","position":1,"name":"Portada","item":"https:\/\/www.aquimicasa.net\/blog\/"},{"@type":"ListItem","position":2,"name":"La vivienda contin\u00faa como primera preocupaci\u00f3n de los espa\u00f1oles"}]},{"@type":"WebSite","@id":"https:\/\/www.aquimicasa.net\/blog\/#website","url":"https:\/\/www.aquimicasa.net\/blog\/","name":"Blog de aquimicasa.net","description":"Noticias del Mundo Inmobiliario","publisher":{"@id":"https:\/\/www.aquimicasa.net\/blog\/#organization"},"potentialAction":[{"@type":"SearchAction","target":{"@type":"EntryPoint","urlTemplate":"https:\/\/www.aquimicasa.net\/blog\/?s={search_term_string}"},"query-input":{"@type":"PropertyValueSpecification","valueRequired":true,"valueName":"search_term_string"}}],"inLanguage":"es"},{"@type":"Organization","@id":"https:\/\/www.aquimicasa.net\/blog\/#organization","name":"Blog de aquimicasa.net","url":"https:\/\/www.aquimicasa.net\/blog\/","logo":{"@type":"ImageObject","inLanguage":"es","@id":"https:\/\/www.aquimicasa.net\/blog\/#\/schema\/logo\/image\/","url":"https:\/\/www.aquimicasa.net\/blog\/wp-content\/uploads\/Logo-aquimicasa-1-e1528048213782.png","contentUrl":"https:\/\/www.aquimicasa.net\/blog\/wp-content\/uploads\/Logo-aquimicasa-1-e1528048213782.png","width":225,"height":225,"caption":"Blog de aquimicasa.net"},"image":{"@id":"https:\/\/www.aquimicasa.net\/blog\/#\/schema\/logo\/image\/"},"sameAs":["https:\/\/www.facebook.com\/aquimicasa.net","https:\/\/www.instagram.com\/","https:\/\/x.com\/EduLizarragaD","https:\/\/www.linkedin.com\/feed\/"]},{"@type":"Person","@id":"https:\/\/www.aquimicasa.net\/blog\/#\/schema\/person\/2cdfa2605534583395c8d7ce1d6cac14","name":"Eduardo Lizarraga","image":{"@type":"ImageObject","inLanguage":"es","@id":"https:\/\/secure.gravatar.com\/avatar\/bdabe1eeeed97b65a9cb7de2edd624b07995f7e13abc5fead15961f745f908cc?s=96&d=mm&r=g","url":"https:\/\/secure.gravatar.com\/avatar\/bdabe1eeeed97b65a9cb7de2edd624b07995f7e13abc5fead15961f745f908cc?s=96&d=mm&r=g","contentUrl":"https:\/\/secure.gravatar.com\/avatar\/bdabe1eeeed97b65a9cb7de2edd624b07995f7e13abc5fead15961f745f908cc?s=96&d=mm&r=g","caption":"Eduardo Lizarraga"},"description":"Periodista Econ\u00f3mico. Ha trabajado en diversos campos de la informaci\u00f3n. Corresponsal en conflictos, analista pol\u00edtico en Congreso y Senado, periodista del medio ambiente, editor, director editorial, director de comunicaci\u00f3n.... En estos momentos se ha especializado en el sector inmobiliario. Pero tambi\u00e9n es navegante y viajero, preocupado por la pobreza, el medio ambiente y por las actuaciones descontroladas del neoliberalismo empresarial y pol\u00edtico en todo el mundo. Los desahucios, la pobreza infantil y la falta de acceso a los suministros b\u00e1sicos son algunos de los grandes dramas de nuestra sociedad y que es preciso solucionar para hacerla m\u00e1s justa. CEO en www.aquimicasa.net","sameAs":["https:\/\/www.aquimicasa.net\/"],"url":"https:\/\/www.aquimicasa.net\/blog\/author\/eduardo\/"}]}},"jetpack_publicize_connections":[],"jetpack_featured_media_url":"https:\/\/www.aquimicasa.net\/blog\/wp-content\/uploads\/personas-1.jpg","jetpack_sharing_enabled":true,"jetpack_likes_enabled":true,"_links":{"self":[{"href":"https:\/\/www.aquimicasa.net\/blog\/wp-json\/wp\/v2\/posts\/56013","targetHints":{"allow":["GET"]}}],"collection":[{"href":"https:\/\/www.aquimicasa.net\/blog\/wp-json\/wp\/v2\/posts"}],"about":[{"href":"https:\/\/www.aquimicasa.net\/blog\/wp-json\/wp\/v2\/types\/post"}],"author":[{"embeddable":true,"href":"https:\/\/www.aquimicasa.net\/blog\/wp-json\/wp\/v2\/users\/3"}],"replies":[{"embeddable":true,"href":"https:\/\/www.aquimicasa.net\/blog\/wp-json\/wp\/v2\/comments?post=56013"}],"version-history":[{"count":3,"href":"https:\/\/www.aquimicasa.net\/blog\/wp-json\/wp\/v2\/posts\/56013\/revisions"}],"predecessor-version":[{"id":56075,"href":"https:\/\/www.aquimicasa.net\/blog\/wp-json\/wp\/v2\/posts\/56013\/revisions\/56075"}],"wp:featuredmedia":[{"embeddable":true,"href":"https:\/\/www.aquimicasa.net\/blog\/wp-json\/wp\/v2\/media\/50174"}],"wp:attachment":[{"href":"https:\/\/www.aquimicasa.net\/blog\/wp-json\/wp\/v2\/media?parent=56013"}],"wp:term":[{"taxonomy":"category","embeddable":true,"href":"https:\/\/www.aquimicasa.net\/blog\/wp-json\/wp\/v2\/categories?post=56013"},{"taxonomy":"post_tag","embeddable":true,"href":"https:\/\/www.aquimicasa.net\/blog\/wp-json\/wp\/v2\/tags?post=56013"}],"curies":[{"name":"wp","href":"https:\/\/api.w.org\/{rel}","templated":true}]}}