{"id":56034,"date":"2026-04-23T22:13:28","date_gmt":"2026-04-23T20:13:28","guid":{"rendered":"https:\/\/www.aquimicasa.net\/blog\/?p=56034"},"modified":"2026-04-23T22:18:03","modified_gmt":"2026-04-23T20:18:03","slug":"la-comunidad-de-madrid-incrementara-la-oferta-de-vpo","status":"publish","type":"post","link":"https:\/\/www.aquimicasa.net\/blog\/vivienda\/alquileres\/la-comunidad-de-madrid-incrementara-la-oferta-de-vpo\/","title":{"rendered":"La Comunidad de Madrid incrementar\u00e1 la oferta de VPO"},"content":{"rendered":"<div class=\"fusion-fullwidth fullwidth-box fusion-builder-row-1 fusion-flex-container nonhundred-percent-fullwidth non-hundred-percent-height-scrolling\" style=\"background-color: rgba(255,255,255,0);background-position: center center;background-repeat: no-repeat;border-width: 0px 0px 0px 0px;border-color:#eae9e9;border-style:solid;\" ><div class=\"fusion-builder-row fusion-row fusion-flex-align-items-flex-start\" style=\"max-width:1144px;margin-left: calc(-4% \/ 2 );margin-right: calc(-4% \/ 2 );\"><div class=\"fusion-layout-column fusion_builder_column fusion-builder-column-0 fusion_builder_column_1_1 1_1 fusion-flex-column\"><div class=\"fusion-column-wrapper fusion-flex-justify-content-flex-start fusion-content-layout-column\" style=\"background-position:left top;background-repeat:no-repeat;-webkit-background-size:cover;-moz-background-size:cover;-o-background-size:cover;background-size:cover;padding: 0px 0px 0px 0px;\"><div class=\"fusion-text fusion-text-1\"><p class=\"font-claude-response-body break-words whitespace-normal leading-&#091;1.7&#093;\">La Comunidad de Madrid ha aprobado el proyecto de <strong>Ley de Medidas Urgentes para Vivienda Protegida<\/strong> con el objetivo de incrementar la oferta de vivienda p\u00fablica y acortar los plazos de desarrollo. La norma, que inicia ahora su tramitaci\u00f3n parlamentaria, prev\u00e9 facilitar la creaci\u00f3n de m\u00e1s de <strong>18.000 hogares en los pr\u00f3ximos cuatro a\u00f1os<\/strong> y se enmarca en el Plan de Choque de Vivienda 2026\/2027 presentado por el Ejecutivo regional el pasado noviembre.<\/p>\n<h2 class=\"font-claude-response-body break-words whitespace-normal leading-&#091;1.7&#093;\"><strong>M\u00e1s densidad y edificabilidad sin tocar el planeamiento<\/strong><\/h2>\n<p class=\"font-claude-response-body break-words whitespace-normal leading-&#091;1.7&#093;\">La medida m\u00e1s llamativa del texto es la posibilidad de elevar hasta un <strong>30% la densidad<\/strong> y hasta un <strong>20% la edificabilidad<\/strong> en parcelas destinadas a vivienda protegida, permitiendo adem\u00e1s a\u00f1adir hasta dos plantas adicionales sin necesidad de modificar el planeamiento urban\u00edstico vigente. La aplicaci\u00f3n de estos incrementos quedar\u00e1 en manos de cada ayuntamiento, tendr\u00e1 car\u00e1cter excepcional y estar\u00e1 sujeta a plazos concretos: dos a\u00f1os para solicitar licencia y tres para ejecutar las obras.<\/p>\n<p class=\"font-claude-response-body break-words whitespace-normal leading-&#091;1.7&#093;\">Junto a esto, la ley ampl\u00eda las posibilidades de cambio de uso de terrenos y edificaciones. Se habilita la construcci\u00f3n de vivienda protegida en suelos dotacionales de titularidad privada y en suelos de hospedaje, y se prorrogan dos a\u00f1os m\u00e1s \u2014hasta finales de 2028\u2014 la opci\u00f3n ya existente de transformar inmuebles de oficinas en viviendas residenciales, una figura en la que la Comunidad se present\u00f3 como pionera y que ya ha incorporado al mercado alrededor de <strong>8.000 nuevas viviendas<\/strong>. La norma tambi\u00e9n reduce la exigencia de aparcamiento, que pasa de plaza y media por vivienda a una \u00fanica plaza por piso.<\/p>\n<h2 class=\"font-claude-response-body break-words whitespace-normal leading-&#091;1.7&#093;\"><strong>Avales hipotecarios hasta los 50 a\u00f1os<\/strong><\/h2>\n<p class=\"font-claude-response-body break-words whitespace-normal leading-&#091;1.7&#093;\">La ley ampl\u00eda de 40 a <strong>50 a\u00f1os el l\u00edmite de edad<\/strong> para acceder a avales hipotecarios, una medida que el Ejecutivo regional presenta como una actualizaci\u00f3n necesaria ante la realidad del mercado laboral y del ciclo vital de los compradores. En la misma l\u00ednea, el programa <strong>Mi Primera Vivienda<\/strong> ha elevado a 425.000 euros el importe m\u00e1ximo subvencionable, con el objetivo de ampliar el acceso a hipotecas del 100% a m\u00e1s beneficiarios.<\/p>\n<h2 class=\"font-claude-response-body break-words whitespace-normal leading-&#091;1.7&#093;\"><strong>Silencio positivo y eliminaci\u00f3n de tr\u00e1mites<\/strong><\/h2>\n<p class=\"font-claude-response-body break-words whitespace-normal leading-&#091;1.7&#093;\">La norma incorpora el <strong>silencio administrativo positivo<\/strong> en la tramitaci\u00f3n urban\u00edstica: si en un plazo de tres meses no se emiten los informes sectoriales requeridos, el procedimiento podr\u00e1 continuar sin esperar respuesta, salvo en los supuestos que afecten al dominio p\u00fablico. Se mantiene la obligatoriedad de estos informes antes de la aprobaci\u00f3n definitiva, pero se elimina su exigencia en la fase inicial del proceso. Tambi\u00e9n se simplifica la tramitaci\u00f3n de los planes territoriales orientados a identificar nuevo suelo residencial a medio y largo plazo.<\/p>\n<h2 class=\"font-claude-response-body break-words whitespace-normal leading-&#091;1.7&#093;\"><strong>El encaje de la nueva ley en la pol\u00edtica de vivienda de la CAM<\/strong><\/h2>\n<p class=\"font-claude-response-body break-words whitespace-normal leading-&#091;1.7&#093;\">Esta iniciativa se integra en un conjunto de actuaciones ya en marcha. El <strong>Plan Vive<\/strong> suma 5.363 viviendas entregadas en alquiler asequible en diez municipios, a las que se a\u00f1adir\u00e1n otras 3.000 a lo largo de 2026, dentro del objetivo de alcanzar 14.000 nuevas viviendas durante la legislatura. A esto se suman las primeras 3.352 unidades adjudicadas del <strong>Plan Vive Soluci\u00f3n Joven<\/strong>, dirigidas a menores de 35 a\u00f1os, y otras 2.100 promovidas por la Agencia de Vivienda Social para familias vulnerables.<\/p>\n<p class=\"font-claude-response-body break-words whitespace-normal leading-&#091;1.7&#093;\">Seg\u00fan la documentaci\u00f3n del Ejecutivo regional, la previsi\u00f3n para 2027 es alcanzar <strong>70.353 viviendas con alg\u00fan tipo de protecci\u00f3n<\/strong> en la legislatura: 26.142 promovidas por la propia Comunidad de Madrid, 14.211 por municipios y 30.000 por promotores privados. A m\u00e1s largo plazo, el mismo documento sit\u00faa entre 280.000 y 290.000 las viviendas cuyo desarrollo podr\u00eda encauzarse en los pr\u00f3ximos 15 a\u00f1os.<\/p>\n<p class=\"font-claude-response-body break-words whitespace-normal leading-&#091;1.7&#093;\">La ley contempla tambi\u00e9n la construcci\u00f3n de vivienda protegida en <strong>parcelas privadas sin modificar el planeamiento<\/strong>, nuevas ayudas para familias numerosas y monoparentales, la recuperaci\u00f3n del arrendamiento con opci\u00f3n a compra y la supresi\u00f3n de tasas para resolver conflictos entre propietarios e inquilinos. El aumento de la inversi\u00f3n p\u00fablica en vivienda social para 2026 alcanza el <strong>24%<\/strong>, con el objetivo de entregar m\u00e1s de 700 unidades a familias vulnerables.<\/p>\n<p class=\"font-claude-response-body break-words whitespace-normal leading-&#091;1.7&#093;\">La norma, en definitiva, apuesta por densificar sin consumir nuevo suelo, reducir los cuellos de botella administrativos y ampliar el perfil del beneficiario de las pol\u00edticas p\u00fablicas de vivienda. Queda por ver si los ayuntamientos, a quienes corresponde aplicar las medidas m\u00e1s potentes, har\u00e1n uso efectivo de los instrumentos que la ley pone sobre la mesa.<\/p>\n<\/div><\/div><style type=\"text\/css\">.fusion-body .fusion-builder-column-0{width:100% !important;margin-top : 0px;margin-bottom : 0px;}.fusion-builder-column-0 > .fusion-column-wrapper {padding-top : 0px !important;padding-right : 0px !important;margin-right : 1.92%;padding-bottom : 0px !important;padding-left : 0px !important;margin-left : 1.92%;}@media only screen and (max-width:1024px) {.fusion-body .fusion-builder-column-0{width:100% !important;}.fusion-builder-column-0 > .fusion-column-wrapper {margin-right : 1.92%;margin-left : 1.92%;}}@media only screen and (max-width:640px) {.fusion-body .fusion-builder-column-0{width:100% !important;}.fusion-builder-column-0 > .fusion-column-wrapper {margin-right : 1.92%;margin-left : 1.92%;}}<\/style><\/div><\/div><style type=\"text\/css\">.fusion-body .fusion-flex-container.fusion-builder-row-1{ padding-top : 0px;margin-top : 0px;padding-right : 0px;padding-bottom : 0px;margin-bottom : 0px;padding-left : 0px;}<\/style><\/div>\n","protected":false},"excerpt":{"rendered":"<p>Se habilita la construcci\u00f3n de vivienda protegida en suelos dotacionales de titularidad privada y en suelos de hospedaje, y se prorrogan dos a\u00f1os m\u00e1s \u2014hasta finales de 2028\u2014 la opci\u00f3n ya existente de transformar inmuebles de oficinas en viviendas residenciales, una figura en la que la Comunidad se present\u00f3 como pionera y que ya ha incorporado al mercado alrededor de 8.000 nuevas viviendas.<\/p>\n","protected":false},"author":3,"featured_media":56044,"comment_status":"closed","ping_status":"closed","sticky":false,"template":"","format":"standard","meta":{"_jetpack_memberships_contains_paid_content":false,"footnotes":"","jetpack_publicize_message":"","jetpack_publicize_feature_enabled":true,"jetpack_social_post_already_shared":true,"jetpack_social_options":{"image_generator_settings":{"template":"highway","default_image_id":0,"font":"","enabled":false},"version":2}},"categories":[120],"tags":[8293],"class_list":["post-56034","post","type-post","status-publish","format-standard","has-post-thumbnail","hentry","category-alquileres","tag-newsletter-563"],"yoast_head":"<!-- This site is optimized with the Yoast SEO plugin v27.4 - https:\/\/yoast.com\/product\/yoast-seo-wordpress\/ -->\n<title>La Comunidad de Madrid incrementar\u00e1 la oferta de VPO<\/title>\n<meta name=\"description\" content=\"Seg\u00fan el Ejecutivo regional, la previsi\u00f3n para 2027 es alcanzar 70.353 viviendas con alg\u00fan tipo de protecci\u00f3n en la legislatura\" \/>\n<meta name=\"robots\" content=\"index, follow, max-snippet:-1, max-image-preview:large, max-video-preview:-1\" \/>\n<link rel=\"canonical\" href=\"https:\/\/www.aquimicasa.net\/blog\/vivienda\/alquileres\/la-comunidad-de-madrid-incrementara-la-oferta-de-vpo\/\" \/>\n<meta property=\"og:locale\" content=\"es_ES\" \/>\n<meta property=\"og:type\" content=\"article\" \/>\n<meta property=\"og:title\" content=\"La Comunidad de Madrid incrementar\u00e1 la oferta de VPO\" \/>\n<meta property=\"og:description\" content=\"Seg\u00fan el Ejecutivo regional, la previsi\u00f3n para 2027 es alcanzar 70.353 viviendas con alg\u00fan tipo de protecci\u00f3n en la legislatura\" \/>\n<meta property=\"og:url\" content=\"https:\/\/www.aquimicasa.net\/blog\/vivienda\/alquileres\/la-comunidad-de-madrid-incrementara-la-oferta-de-vpo\/\" \/>\n<meta property=\"og:site_name\" content=\"Blog de aquimicasa.net\" \/>\n<meta property=\"article:publisher\" content=\"https:\/\/www.facebook.com\/aquimicasa.net\" \/>\n<meta property=\"article:published_time\" content=\"2026-04-23T20:13:28+00:00\" \/>\n<meta property=\"article:modified_time\" content=\"2026-04-23T20:18:03+00:00\" \/>\n<meta property=\"og:image\" content=\"https:\/\/www.aquimicasa.net\/blog\/wp-content\/uploads\/Comunidad-de-Madrid-2.jpg\" \/>\n\t<meta property=\"og:image:width\" content=\"450\" \/>\n\t<meta property=\"og:image:height\" content=\"338\" \/>\n\t<meta property=\"og:image:type\" content=\"image\/jpeg\" \/>\n<meta name=\"author\" content=\"Eduardo Lizarraga\" \/>\n<meta name=\"twitter:label1\" content=\"Escrito por\" \/>\n\t<meta name=\"twitter:data1\" content=\"Eduardo Lizarraga\" \/>\n\t<meta name=\"twitter:label2\" content=\"Tiempo de lectura\" \/>\n\t<meta name=\"twitter:data2\" content=\"4 minutos\" \/>\n<script type=\"application\/ld+json\" class=\"yoast-schema-graph\">{\"@context\":\"https:\\\/\\\/schema.org\",\"@graph\":[{\"@type\":\"Article\",\"@id\":\"https:\\\/\\\/www.aquimicasa.net\\\/blog\\\/vivienda\\\/alquileres\\\/la-comunidad-de-madrid-incrementara-la-oferta-de-vpo\\\/#article\",\"isPartOf\":{\"@id\":\"https:\\\/\\\/www.aquimicasa.net\\\/blog\\\/vivienda\\\/alquileres\\\/la-comunidad-de-madrid-incrementara-la-oferta-de-vpo\\\/\"},\"author\":{\"name\":\"Eduardo Lizarraga\",\"@id\":\"https:\\\/\\\/www.aquimicasa.net\\\/blog\\\/#\\\/schema\\\/person\\\/2cdfa2605534583395c8d7ce1d6cac14\"},\"headline\":\"La Comunidad de Madrid incrementar\u00e1 la oferta de VPO\",\"datePublished\":\"2026-04-23T20:13:28+00:00\",\"dateModified\":\"2026-04-23T20:18:03+00:00\",\"mainEntityOfPage\":{\"@id\":\"https:\\\/\\\/www.aquimicasa.net\\\/blog\\\/vivienda\\\/alquileres\\\/la-comunidad-de-madrid-incrementara-la-oferta-de-vpo\\\/\"},\"wordCount\":988,\"publisher\":{\"@id\":\"https:\\\/\\\/www.aquimicasa.net\\\/blog\\\/#organization\"},\"image\":{\"@id\":\"https:\\\/\\\/www.aquimicasa.net\\\/blog\\\/vivienda\\\/alquileres\\\/la-comunidad-de-madrid-incrementara-la-oferta-de-vpo\\\/#primaryimage\"},\"thumbnailUrl\":\"https:\\\/\\\/www.aquimicasa.net\\\/blog\\\/wp-content\\\/uploads\\\/Comunidad-de-Madrid-2.jpg\",\"keywords\":[\"newsletter 563\"],\"articleSection\":[\"Alquiler\"],\"inLanguage\":\"es\"},{\"@type\":\"WebPage\",\"@id\":\"https:\\\/\\\/www.aquimicasa.net\\\/blog\\\/vivienda\\\/alquileres\\\/la-comunidad-de-madrid-incrementara-la-oferta-de-vpo\\\/\",\"url\":\"https:\\\/\\\/www.aquimicasa.net\\\/blog\\\/vivienda\\\/alquileres\\\/la-comunidad-de-madrid-incrementara-la-oferta-de-vpo\\\/\",\"name\":\"La Comunidad de Madrid incrementar\u00e1 la oferta de VPO\",\"isPartOf\":{\"@id\":\"https:\\\/\\\/www.aquimicasa.net\\\/blog\\\/#website\"},\"primaryImageOfPage\":{\"@id\":\"https:\\\/\\\/www.aquimicasa.net\\\/blog\\\/vivienda\\\/alquileres\\\/la-comunidad-de-madrid-incrementara-la-oferta-de-vpo\\\/#primaryimage\"},\"image\":{\"@id\":\"https:\\\/\\\/www.aquimicasa.net\\\/blog\\\/vivienda\\\/alquileres\\\/la-comunidad-de-madrid-incrementara-la-oferta-de-vpo\\\/#primaryimage\"},\"thumbnailUrl\":\"https:\\\/\\\/www.aquimicasa.net\\\/blog\\\/wp-content\\\/uploads\\\/Comunidad-de-Madrid-2.jpg\",\"datePublished\":\"2026-04-23T20:13:28+00:00\",\"dateModified\":\"2026-04-23T20:18:03+00:00\",\"description\":\"Seg\u00fan el Ejecutivo regional, la previsi\u00f3n para 2027 es alcanzar 70.353 viviendas con alg\u00fan tipo de protecci\u00f3n en la legislatura\",\"breadcrumb\":{\"@id\":\"https:\\\/\\\/www.aquimicasa.net\\\/blog\\\/vivienda\\\/alquileres\\\/la-comunidad-de-madrid-incrementara-la-oferta-de-vpo\\\/#breadcrumb\"},\"inLanguage\":\"es\",\"potentialAction\":[{\"@type\":\"ReadAction\",\"target\":[\"https:\\\/\\\/www.aquimicasa.net\\\/blog\\\/vivienda\\\/alquileres\\\/la-comunidad-de-madrid-incrementara-la-oferta-de-vpo\\\/\"]}]},{\"@type\":\"ImageObject\",\"inLanguage\":\"es\",\"@id\":\"https:\\\/\\\/www.aquimicasa.net\\\/blog\\\/vivienda\\\/alquileres\\\/la-comunidad-de-madrid-incrementara-la-oferta-de-vpo\\\/#primaryimage\",\"url\":\"https:\\\/\\\/www.aquimicasa.net\\\/blog\\\/wp-content\\\/uploads\\\/Comunidad-de-Madrid-2.jpg\",\"contentUrl\":\"https:\\\/\\\/www.aquimicasa.net\\\/blog\\\/wp-content\\\/uploads\\\/Comunidad-de-Madrid-2.jpg\",\"width\":450,\"height\":338,\"caption\":\"La Comunidad de Madrid\"},{\"@type\":\"BreadcrumbList\",\"@id\":\"https:\\\/\\\/www.aquimicasa.net\\\/blog\\\/vivienda\\\/alquileres\\\/la-comunidad-de-madrid-incrementara-la-oferta-de-vpo\\\/#breadcrumb\",\"itemListElement\":[{\"@type\":\"ListItem\",\"position\":1,\"name\":\"Portada\",\"item\":\"https:\\\/\\\/www.aquimicasa.net\\\/blog\\\/\"},{\"@type\":\"ListItem\",\"position\":2,\"name\":\"La Comunidad de Madrid incrementar\u00e1 la oferta de VPO\"}]},{\"@type\":\"WebSite\",\"@id\":\"https:\\\/\\\/www.aquimicasa.net\\\/blog\\\/#website\",\"url\":\"https:\\\/\\\/www.aquimicasa.net\\\/blog\\\/\",\"name\":\"Blog de aquimicasa.net\",\"description\":\"Noticias del Mundo Inmobiliario\",\"publisher\":{\"@id\":\"https:\\\/\\\/www.aquimicasa.net\\\/blog\\\/#organization\"},\"potentialAction\":[{\"@type\":\"SearchAction\",\"target\":{\"@type\":\"EntryPoint\",\"urlTemplate\":\"https:\\\/\\\/www.aquimicasa.net\\\/blog\\\/?s={search_term_string}\"},\"query-input\":{\"@type\":\"PropertyValueSpecification\",\"valueRequired\":true,\"valueName\":\"search_term_string\"}}],\"inLanguage\":\"es\"},{\"@type\":\"Organization\",\"@id\":\"https:\\\/\\\/www.aquimicasa.net\\\/blog\\\/#organization\",\"name\":\"Blog de aquimicasa.net\",\"url\":\"https:\\\/\\\/www.aquimicasa.net\\\/blog\\\/\",\"logo\":{\"@type\":\"ImageObject\",\"inLanguage\":\"es\",\"@id\":\"https:\\\/\\\/www.aquimicasa.net\\\/blog\\\/#\\\/schema\\\/logo\\\/image\\\/\",\"url\":\"https:\\\/\\\/www.aquimicasa.net\\\/blog\\\/wp-content\\\/uploads\\\/Logo-aquimicasa-1-e1528048213782.png\",\"contentUrl\":\"https:\\\/\\\/www.aquimicasa.net\\\/blog\\\/wp-content\\\/uploads\\\/Logo-aquimicasa-1-e1528048213782.png\",\"width\":225,\"height\":225,\"caption\":\"Blog de aquimicasa.net\"},\"image\":{\"@id\":\"https:\\\/\\\/www.aquimicasa.net\\\/blog\\\/#\\\/schema\\\/logo\\\/image\\\/\"},\"sameAs\":[\"https:\\\/\\\/www.facebook.com\\\/aquimicasa.net\",\"https:\\\/\\\/www.instagram.com\\\/\",\"https:\\\/\\\/x.com\\\/EduLizarragaD\",\"https:\\\/\\\/www.linkedin.com\\\/feed\\\/\"]},{\"@type\":\"Person\",\"@id\":\"https:\\\/\\\/www.aquimicasa.net\\\/blog\\\/#\\\/schema\\\/person\\\/2cdfa2605534583395c8d7ce1d6cac14\",\"name\":\"Eduardo Lizarraga\",\"image\":{\"@type\":\"ImageObject\",\"inLanguage\":\"es\",\"@id\":\"https:\\\/\\\/secure.gravatar.com\\\/avatar\\\/bdabe1eeeed97b65a9cb7de2edd624b07995f7e13abc5fead15961f745f908cc?s=96&d=mm&r=g\",\"url\":\"https:\\\/\\\/secure.gravatar.com\\\/avatar\\\/bdabe1eeeed97b65a9cb7de2edd624b07995f7e13abc5fead15961f745f908cc?s=96&d=mm&r=g\",\"contentUrl\":\"https:\\\/\\\/secure.gravatar.com\\\/avatar\\\/bdabe1eeeed97b65a9cb7de2edd624b07995f7e13abc5fead15961f745f908cc?s=96&d=mm&r=g\",\"caption\":\"Eduardo Lizarraga\"},\"description\":\"Periodista Econ\u00f3mico. Ha trabajado en diversos campos de la informaci\u00f3n. Corresponsal en conflictos, analista pol\u00edtico en Congreso y Senado, periodista del medio ambiente, editor, director editorial, director de comunicaci\u00f3n.... En estos momentos se ha especializado en el sector inmobiliario. Pero tambi\u00e9n es navegante y viajero, preocupado por la pobreza, el medio ambiente y por las actuaciones descontroladas del neoliberalismo empresarial y pol\u00edtico en todo el mundo. Los desahucios, la pobreza infantil y la falta de acceso a los suministros b\u00e1sicos son algunos de los grandes dramas de nuestra sociedad y que es preciso solucionar para hacerla m\u00e1s justa. CEO en www.aquimicasa.net\",\"sameAs\":[\"https:\\\/\\\/www.aquimicasa.net\\\/\"],\"url\":\"https:\\\/\\\/www.aquimicasa.net\\\/blog\\\/author\\\/eduardo\\\/\"}]}<\/script>\n<!-- \/ Yoast SEO plugin. -->","yoast_head_json":{"title":"La Comunidad de Madrid incrementar\u00e1 la oferta de VPO","description":"Seg\u00fan el Ejecutivo regional, la previsi\u00f3n para 2027 es alcanzar 70.353 viviendas con alg\u00fan tipo de protecci\u00f3n en la legislatura","robots":{"index":"index","follow":"follow","max-snippet":"max-snippet:-1","max-image-preview":"max-image-preview:large","max-video-preview":"max-video-preview:-1"},"canonical":"https:\/\/www.aquimicasa.net\/blog\/vivienda\/alquileres\/la-comunidad-de-madrid-incrementara-la-oferta-de-vpo\/","og_locale":"es_ES","og_type":"article","og_title":"La Comunidad de Madrid incrementar\u00e1 la oferta de VPO","og_description":"Seg\u00fan el Ejecutivo regional, la previsi\u00f3n para 2027 es alcanzar 70.353 viviendas con alg\u00fan tipo de protecci\u00f3n en la legislatura","og_url":"https:\/\/www.aquimicasa.net\/blog\/vivienda\/alquileres\/la-comunidad-de-madrid-incrementara-la-oferta-de-vpo\/","og_site_name":"Blog de aquimicasa.net","article_publisher":"https:\/\/www.facebook.com\/aquimicasa.net","article_published_time":"2026-04-23T20:13:28+00:00","article_modified_time":"2026-04-23T20:18:03+00:00","og_image":[{"width":450,"height":338,"url":"https:\/\/www.aquimicasa.net\/blog\/wp-content\/uploads\/Comunidad-de-Madrid-2.jpg","type":"image\/jpeg"}],"author":"Eduardo Lizarraga","twitter_misc":{"Escrito por":"Eduardo Lizarraga","Tiempo de lectura":"4 minutos"},"schema":{"@context":"https:\/\/schema.org","@graph":[{"@type":"Article","@id":"https:\/\/www.aquimicasa.net\/blog\/vivienda\/alquileres\/la-comunidad-de-madrid-incrementara-la-oferta-de-vpo\/#article","isPartOf":{"@id":"https:\/\/www.aquimicasa.net\/blog\/vivienda\/alquileres\/la-comunidad-de-madrid-incrementara-la-oferta-de-vpo\/"},"author":{"name":"Eduardo Lizarraga","@id":"https:\/\/www.aquimicasa.net\/blog\/#\/schema\/person\/2cdfa2605534583395c8d7ce1d6cac14"},"headline":"La Comunidad de Madrid incrementar\u00e1 la oferta de VPO","datePublished":"2026-04-23T20:13:28+00:00","dateModified":"2026-04-23T20:18:03+00:00","mainEntityOfPage":{"@id":"https:\/\/www.aquimicasa.net\/blog\/vivienda\/alquileres\/la-comunidad-de-madrid-incrementara-la-oferta-de-vpo\/"},"wordCount":988,"publisher":{"@id":"https:\/\/www.aquimicasa.net\/blog\/#organization"},"image":{"@id":"https:\/\/www.aquimicasa.net\/blog\/vivienda\/alquileres\/la-comunidad-de-madrid-incrementara-la-oferta-de-vpo\/#primaryimage"},"thumbnailUrl":"https:\/\/www.aquimicasa.net\/blog\/wp-content\/uploads\/Comunidad-de-Madrid-2.jpg","keywords":["newsletter 563"],"articleSection":["Alquiler"],"inLanguage":"es"},{"@type":"WebPage","@id":"https:\/\/www.aquimicasa.net\/blog\/vivienda\/alquileres\/la-comunidad-de-madrid-incrementara-la-oferta-de-vpo\/","url":"https:\/\/www.aquimicasa.net\/blog\/vivienda\/alquileres\/la-comunidad-de-madrid-incrementara-la-oferta-de-vpo\/","name":"La Comunidad de Madrid incrementar\u00e1 la oferta de VPO","isPartOf":{"@id":"https:\/\/www.aquimicasa.net\/blog\/#website"},"primaryImageOfPage":{"@id":"https:\/\/www.aquimicasa.net\/blog\/vivienda\/alquileres\/la-comunidad-de-madrid-incrementara-la-oferta-de-vpo\/#primaryimage"},"image":{"@id":"https:\/\/www.aquimicasa.net\/blog\/vivienda\/alquileres\/la-comunidad-de-madrid-incrementara-la-oferta-de-vpo\/#primaryimage"},"thumbnailUrl":"https:\/\/www.aquimicasa.net\/blog\/wp-content\/uploads\/Comunidad-de-Madrid-2.jpg","datePublished":"2026-04-23T20:13:28+00:00","dateModified":"2026-04-23T20:18:03+00:00","description":"Seg\u00fan el Ejecutivo regional, la previsi\u00f3n para 2027 es alcanzar 70.353 viviendas con alg\u00fan tipo de protecci\u00f3n en la legislatura","breadcrumb":{"@id":"https:\/\/www.aquimicasa.net\/blog\/vivienda\/alquileres\/la-comunidad-de-madrid-incrementara-la-oferta-de-vpo\/#breadcrumb"},"inLanguage":"es","potentialAction":[{"@type":"ReadAction","target":["https:\/\/www.aquimicasa.net\/blog\/vivienda\/alquileres\/la-comunidad-de-madrid-incrementara-la-oferta-de-vpo\/"]}]},{"@type":"ImageObject","inLanguage":"es","@id":"https:\/\/www.aquimicasa.net\/blog\/vivienda\/alquileres\/la-comunidad-de-madrid-incrementara-la-oferta-de-vpo\/#primaryimage","url":"https:\/\/www.aquimicasa.net\/blog\/wp-content\/uploads\/Comunidad-de-Madrid-2.jpg","contentUrl":"https:\/\/www.aquimicasa.net\/blog\/wp-content\/uploads\/Comunidad-de-Madrid-2.jpg","width":450,"height":338,"caption":"La Comunidad de Madrid"},{"@type":"BreadcrumbList","@id":"https:\/\/www.aquimicasa.net\/blog\/vivienda\/alquileres\/la-comunidad-de-madrid-incrementara-la-oferta-de-vpo\/#breadcrumb","itemListElement":[{"@type":"ListItem","position":1,"name":"Portada","item":"https:\/\/www.aquimicasa.net\/blog\/"},{"@type":"ListItem","position":2,"name":"La Comunidad de Madrid incrementar\u00e1 la oferta de VPO"}]},{"@type":"WebSite","@id":"https:\/\/www.aquimicasa.net\/blog\/#website","url":"https:\/\/www.aquimicasa.net\/blog\/","name":"Blog de aquimicasa.net","description":"Noticias del Mundo Inmobiliario","publisher":{"@id":"https:\/\/www.aquimicasa.net\/blog\/#organization"},"potentialAction":[{"@type":"SearchAction","target":{"@type":"EntryPoint","urlTemplate":"https:\/\/www.aquimicasa.net\/blog\/?s={search_term_string}"},"query-input":{"@type":"PropertyValueSpecification","valueRequired":true,"valueName":"search_term_string"}}],"inLanguage":"es"},{"@type":"Organization","@id":"https:\/\/www.aquimicasa.net\/blog\/#organization","name":"Blog de aquimicasa.net","url":"https:\/\/www.aquimicasa.net\/blog\/","logo":{"@type":"ImageObject","inLanguage":"es","@id":"https:\/\/www.aquimicasa.net\/blog\/#\/schema\/logo\/image\/","url":"https:\/\/www.aquimicasa.net\/blog\/wp-content\/uploads\/Logo-aquimicasa-1-e1528048213782.png","contentUrl":"https:\/\/www.aquimicasa.net\/blog\/wp-content\/uploads\/Logo-aquimicasa-1-e1528048213782.png","width":225,"height":225,"caption":"Blog de aquimicasa.net"},"image":{"@id":"https:\/\/www.aquimicasa.net\/blog\/#\/schema\/logo\/image\/"},"sameAs":["https:\/\/www.facebook.com\/aquimicasa.net","https:\/\/www.instagram.com\/","https:\/\/x.com\/EduLizarragaD","https:\/\/www.linkedin.com\/feed\/"]},{"@type":"Person","@id":"https:\/\/www.aquimicasa.net\/blog\/#\/schema\/person\/2cdfa2605534583395c8d7ce1d6cac14","name":"Eduardo Lizarraga","image":{"@type":"ImageObject","inLanguage":"es","@id":"https:\/\/secure.gravatar.com\/avatar\/bdabe1eeeed97b65a9cb7de2edd624b07995f7e13abc5fead15961f745f908cc?s=96&d=mm&r=g","url":"https:\/\/secure.gravatar.com\/avatar\/bdabe1eeeed97b65a9cb7de2edd624b07995f7e13abc5fead15961f745f908cc?s=96&d=mm&r=g","contentUrl":"https:\/\/secure.gravatar.com\/avatar\/bdabe1eeeed97b65a9cb7de2edd624b07995f7e13abc5fead15961f745f908cc?s=96&d=mm&r=g","caption":"Eduardo Lizarraga"},"description":"Periodista Econ\u00f3mico. Ha trabajado en diversos campos de la informaci\u00f3n. Corresponsal en conflictos, analista pol\u00edtico en Congreso y Senado, periodista del medio ambiente, editor, director editorial, director de comunicaci\u00f3n.... En estos momentos se ha especializado en el sector inmobiliario. Pero tambi\u00e9n es navegante y viajero, preocupado por la pobreza, el medio ambiente y por las actuaciones descontroladas del neoliberalismo empresarial y pol\u00edtico en todo el mundo. Los desahucios, la pobreza infantil y la falta de acceso a los suministros b\u00e1sicos son algunos de los grandes dramas de nuestra sociedad y que es preciso solucionar para hacerla m\u00e1s justa. CEO en www.aquimicasa.net","sameAs":["https:\/\/www.aquimicasa.net\/"],"url":"https:\/\/www.aquimicasa.net\/blog\/author\/eduardo\/"}]}},"jetpack_publicize_connections":[],"jetpack_featured_media_url":"https:\/\/www.aquimicasa.net\/blog\/wp-content\/uploads\/Comunidad-de-Madrid-2.jpg","jetpack_sharing_enabled":true,"jetpack_likes_enabled":true,"_links":{"self":[{"href":"https:\/\/www.aquimicasa.net\/blog\/wp-json\/wp\/v2\/posts\/56034","targetHints":{"allow":["GET"]}}],"collection":[{"href":"https:\/\/www.aquimicasa.net\/blog\/wp-json\/wp\/v2\/posts"}],"about":[{"href":"https:\/\/www.aquimicasa.net\/blog\/wp-json\/wp\/v2\/types\/post"}],"author":[{"embeddable":true,"href":"https:\/\/www.aquimicasa.net\/blog\/wp-json\/wp\/v2\/users\/3"}],"replies":[{"embeddable":true,"href":"https:\/\/www.aquimicasa.net\/blog\/wp-json\/wp\/v2\/comments?post=56034"}],"version-history":[{"count":4,"href":"https:\/\/www.aquimicasa.net\/blog\/wp-json\/wp\/v2\/posts\/56034\/revisions"}],"predecessor-version":[{"id":56046,"href":"https:\/\/www.aquimicasa.net\/blog\/wp-json\/wp\/v2\/posts\/56034\/revisions\/56046"}],"wp:featuredmedia":[{"embeddable":true,"href":"https:\/\/www.aquimicasa.net\/blog\/wp-json\/wp\/v2\/media\/56044"}],"wp:attachment":[{"href":"https:\/\/www.aquimicasa.net\/blog\/wp-json\/wp\/v2\/media?parent=56034"}],"wp:term":[{"taxonomy":"category","embeddable":true,"href":"https:\/\/www.aquimicasa.net\/blog\/wp-json\/wp\/v2\/categories?post=56034"},{"taxonomy":"post_tag","embeddable":true,"href":"https:\/\/www.aquimicasa.net\/blog\/wp-json\/wp\/v2\/tags?post=56034"}],"curies":[{"name":"wp","href":"https:\/\/api.w.org\/{rel}","templated":true}]}}