{"id":56036,"date":"2026-04-26T20:09:36","date_gmt":"2026-04-26T18:09:36","guid":{"rendered":"https:\/\/www.aquimicasa.net\/blog\/?p=56036"},"modified":"2026-04-26T20:09:36","modified_gmt":"2026-04-26T18:09:36","slug":"la-inversion-inmobiliaria-en-espana-crece-un-93","status":"publish","type":"post","link":"https:\/\/www.aquimicasa.net\/blog\/vivienda\/compraventa-de-viviendas\/la-inversion-inmobiliaria-en-espana-crece-un-93\/","title":{"rendered":"La inversi\u00f3n inmobiliaria en Espa\u00f1a crece un 93%"},"content":{"rendered":"<div class=\"fusion-fullwidth fullwidth-box fusion-builder-row-1 fusion-flex-container nonhundred-percent-fullwidth non-hundred-percent-height-scrolling\" style=\"background-color: rgba(255,255,255,0);background-position: center center;background-repeat: no-repeat;border-width: 0px 0px 0px 0px;border-color:#eae9e9;border-style:solid;\" ><div class=\"fusion-builder-row fusion-row fusion-flex-align-items-flex-start\" style=\"max-width:1144px;margin-left: calc(-4% \/ 2 );margin-right: calc(-4% \/ 2 );\"><div class=\"fusion-layout-column fusion_builder_column fusion-builder-column-0 fusion_builder_column_1_1 1_1 fusion-flex-column\"><div class=\"fusion-column-wrapper fusion-flex-justify-content-flex-start fusion-content-layout-column\" style=\"background-position:left top;background-repeat:no-repeat;-webkit-background-size:cover;-moz-background-size:cover;-o-background-size:cover;background-size:cover;padding: 0px 0px 0px 0px;\"><div class=\"fusion-text fusion-text-1\"><div class=\"flex-1 flex flex-col px-4 max-w-3xl mx-auto w-full pt-1\">\n<div data-test-render-count=\"1\">\n<div class=\"group\">\n<div class=\"contents\">\n<div class=\"group relative relative pb-3\" data-is-streaming=\"false\">\n<div class=\"font-claude-response relative leading-&#091;1.65rem&#093; &#091;&amp;_pre&gt; &lt;p&gt;div&#093;:bg-bg-000\/50 &#091;&amp;_pre&gt;div&#093;:border-0.5 &#091;&amp;_pre&gt;div&#093;:border-border-400 &#091;&amp;_.ignore-pre-bg&gt;div&#093;:bg-transparent &#091;&amp;_.standard-markdown_:is(p,blockquote,h1,h2,h3,h4,h5,h6)&#093;:pl-2 &#091;&amp;_.standard-markdown_:is(p,blockquote,ul,ol,h1,h2,h3,h4,h5,h6)&#093;:pr-8 &#091;&amp;_.progressive-markdown_:is(p,blockquote,h1,h2,h3,h4,h5,h6)&#093;:pl-2 &#091;&amp;_.progressive-markdown_:is(p,blockquote,ul,ol,h1,h2,h3,h4,h5,h6)&#093;:pr-8\">\n<div class=\"standard-markdown grid-cols-1 grid &#091;&amp;_&gt; &lt;p&gt;_*&#093;:min-w-0 gap-3 standard-markdown\">\n<p class=\"font-claude-response-body break-words whitespace-normal leading-&#091;1.7&#093;\">Hay un discurso que circula con cierta comodidad en algunos sectores del mercado inmobiliario espa\u00f1ol: el de que regular los alquileres ahuyenta a los inversores internacionales, que Espa\u00f1a se convierte en un destino poco atractivo si el Estado se atreve a poner l\u00edmites al mercado. Es un relato conveniente. El problema es que los datos se empe\u00f1an en desmentirlo con una contundencia que resulta casi inc\u00f3moda para quienes lo sostienen.<\/p>\n<p class=\"font-claude-response-body break-words whitespace-normal leading-&#091;1.7&#093;\">Seg\u00fan datos de la consultora CBRE, <strong>la inversi\u00f3n inmobiliaria en Espa\u00f1a alcanz\u00f3 los 6.300 millones de euros entre enero y marzo de 2026<\/strong>, lo que supone un <strong>incremento del 93% respecto al primer trimestre del a\u00f1o anterior<\/strong>. El volumen registrado en ese periodo se sit\u00faa, adem\u00e1s, un <strong>103% por encima de la media de los \u00faltimos diez a\u00f1os<\/strong> y equivale a aproximadamente un tercio de todo lo invertido en el conjunto de 2025. Dato mata relato, que se dice.<\/p>\n<h2 class=\"font-claude-response-body break-words whitespace-normal leading-&#091;1.7&#093;\"><strong>El tercer mejor trimestre de la serie hist\u00f3rica<\/strong><\/h2>\n<p class=\"font-claude-response-body break-words whitespace-normal leading-&#091;1.7&#093;\">El arranque de 2026 no es un buen trimestre: es el <strong>tercero m\u00e1s elevado de toda la serie hist\u00f3rica de inversi\u00f3n inmobiliaria en Espa\u00f1a<\/strong>, solo superado por el tercer y cuarto trimestre de 2018, cuando el volumen alcanz\u00f3 los 6.800 millones y los 6.300 millones respectivamente. Para contextualizar la magnitud de lo que est\u00e1 ocurriendo, basta con un dato: en el primer trimestre de 2025 se cerraron cuatro operaciones por encima de los 100 millones de euros; entre enero y marzo de 2026 se han contabilizado <strong>18 operaciones de ese calibre<\/strong>. El capital grande ha vuelto, y lo ha hecho con apetito.<\/p>\n<p class=\"font-claude-response-body break-words whitespace-normal leading-&#091;1.7&#093;\">Miriam Goicoechea, Head of Research en Iberia de CBRE, lo resume con claridad: los resultados del primer trimestre han sorprendido muy positivamente, tanto por el volumen alcanzado como por el protagonismo de las grandes operaciones, y refuerzan la posici\u00f3n de Espa\u00f1a como <strong>destino estrat\u00e9gico de la inversi\u00f3n inmobiliaria en Europa<\/strong>. Sin matices ni eufemismos.<\/p>\n<h2 class=\"font-claude-response-body break-words whitespace-normal leading-&#091;1.7&#093;\"><strong>Los datos reales: qui\u00e9n invierte y d\u00f3nde<\/strong><\/h2>\n<p class=\"font-claude-response-body break-words whitespace-normal leading-&#091;1.7&#093;\">Por origen del capital, <strong>el inversor nacional lidera la actividad con el 50% del total<\/strong>, seguido del capital canadiense (12%) y del estadounidense (11%). Las grandes operaciones \u2014las que superan los 100 millones de euros\u2014 concentraron el 60% del volumen total transaccionado en el trimestre, lo que confirma que no se trata de una dispersi\u00f3n de peque\u00f1as apuestas, sino de compromisos de envergadura sobre el mercado espa\u00f1ol.<\/p>\n<p class=\"font-claude-response-body break-words whitespace-normal leading-&#091;1.7&#093;\">Geogr\u00e1ficamente, <strong>Madrid y Barcelona absorbieron el 73% de la inversi\u00f3n total<\/strong>, frente al 59% registrado en el mismo periodo de 2025, lo que refleja una concentraci\u00f3n creciente del inter\u00e9s inversor en ambas capitales. A continuaci\u00f3n se situ\u00f3 la Comunitat Valenciana, con cerca del 6% del total, sin incluir portfolios distribuidos entre varias ubicaciones.<\/p>\n<h2 class=\"font-claude-response-body break-words whitespace-normal leading-&#091;1.7&#093;\"><strong>Las ubicaciones preferidas y la inversi\u00f3n por sectores<\/strong><\/h2>\n<p class=\"font-claude-response-body break-words whitespace-normal leading-&#091;1.7&#093;\">El protagonismo sectorial del trimestre lo acapar\u00f3 el <strong>&#8216;living&#8217;<\/strong> \u2014residencial en alquiler, residencias de estudiantes, flex living y senior living\u2014, que concentr\u00f3 <strong>m\u00e1s de 2.250 millones de euros, el 36% del total<\/strong>, con un crecimiento interanual del 98%. Es decir: el segmento directamente vinculado al acceso a la vivienda es, con diferencia, el que m\u00e1s inversi\u00f3n atrae. Conviene subrayarlo, porque resulta especialmente llamativo que sea precisamente este segmento el que algunos presentan como v\u00edctima de la regulaci\u00f3n.<\/p>\n<p class=\"font-claude-response-body break-words whitespace-normal leading-&#091;1.7&#093;\">En segunda posici\u00f3n se situ\u00f3 el <strong>retail<\/strong>, con 1.370 millones de euros y un crecimiento del 40% respecto al primer trimestre de 2025. Los centros comerciales concentraron m\u00e1s de la mitad del volumen sectorial, con operaciones destacadas como la venta de Islazul en Madrid.<\/p>\n<p class=\"font-claude-response-body break-words whitespace-normal leading-&#091;1.7&#093;\">Las <strong>oficinas<\/strong> registraron el mejor inicio de a\u00f1o desde 2018, con 869 millones de euros y un incremento interanual del 900% \u2014cifra que, le\u00edda en voz alta, tiene cierto efecto narc\u00f3tico\u2014, representando el 14% de la inversi\u00f3n total. Barcelona concentr\u00f3 el 57% de este capital, frente al 43% de Madrid.<\/p>\n<p class=\"font-claude-response-body break-words whitespace-normal leading-&#091;1.7&#093;\">El sector <strong>hotelero<\/strong> alcanz\u00f3 los 696 millones, con Baleares acaparando m\u00e1s del 30% de la inversi\u00f3n hotelera nacional. El \u00e1mbito <strong>healthcare<\/strong> se aproxim\u00f3 a esa cifra con 646 millones, multiplicando por seis sus vol\u00famenes respecto al mismo trimestre de 2025. Por detr\u00e1s quedaron el <strong>industrial y log\u00edstico<\/strong>, con m\u00e1s de 280 millones, y los segmentos alternativos, con 150 millones.<\/p>\n<h2 class=\"font-claude-response-body break-words whitespace-normal leading-&#091;1.7&#093;\"><strong>L<\/strong><strong>as previsiones para el resto del a\u00f1o<\/strong><\/h2>\n<p class=\"font-claude-response-body break-words whitespace-normal leading-&#091;1.7&#093;\">Si los primeros tres meses de 2026 ya equivalen a un tercio de toda la inversi\u00f3n de 2025, las perspectivas para el ejercicio completo apuntan a un a\u00f1o de actividad muy por encima de lo habitual. CBRE se\u00f1ala que su European Investor Intentions Survey 2026 sit\u00faa <strong>a Espa\u00f1a, por primera vez, como el mercado europeo con mayor rentabilidad inmobiliaria prevista por los inversores<\/strong>, superando a Reino Unido. Es tambi\u00e9n el \u00fanico pa\u00eds europeo que cuenta con dos ciudades entre los destinos m\u00e1s atractivos del continente por segundo a\u00f1o consecutivo: Madrid en segunda posici\u00f3n y Barcelona en cuarta.<\/p>\n<p class=\"font-claude-response-body break-words whitespace-normal leading-&#091;1.7&#093;\">La consultora prev\u00e9 que la actividad mantenga un tono din\u00e1mico durante los pr\u00f3ximos meses, sustentada en un s\u00f3lido pipeline de operaciones y en un inter\u00e9s inversor que, a la vista de los n\u00fameros, no parece dispuesto a ceder. Los relatos tienen su utilidad. Pero los 6.300 millones del primer trimestre son bastante m\u00e1s dif\u00edciles de rebatir.<\/p>\n<\/div>\n<\/div>\n<\/div>\n<\/div>\n<div class=\"flex justify-start\" role=\"group\" aria-label=\"Message actions\">\n<div class=\"text-text-300\">\n<div class=\"text-text-300 flex items-stretch justify-between\">\n<div class=\"w-fit\" data-state=\"closed\">\n<div class=\"relative text-text-500 group-hover\/btn:text-text-100\">\n<div class=\"transition-all opacity-100 scale-100\"><\/div>\n<\/div>\n<\/div>\n<\/div>\n<\/div>\n<\/div>\n<\/div>\n<\/div>\n<\/div>\n<\/div><\/div><style type=\"text\/css\">.fusion-body .fusion-builder-column-0{width:100% !important;margin-top : 0px;margin-bottom : 0px;}.fusion-builder-column-0 > .fusion-column-wrapper {padding-top : 0px !important;padding-right : 0px !important;margin-right : 1.92%;padding-bottom : 0px !important;padding-left : 0px !important;margin-left : 1.92%;}@media only screen and (max-width:1024px) {.fusion-body .fusion-builder-column-0{width:100% !important;}.fusion-builder-column-0 > .fusion-column-wrapper {margin-right : 1.92%;margin-left : 1.92%;}}@media only screen and (max-width:640px) {.fusion-body .fusion-builder-column-0{width:100% !important;}.fusion-builder-column-0 > .fusion-column-wrapper {margin-right : 1.92%;margin-left : 1.92%;}}<\/style><\/div><\/div><style type=\"text\/css\">.fusion-body .fusion-flex-container.fusion-builder-row-1{ padding-top : 0px;margin-top : 0px;padding-right : 0px;padding-bottom : 0px;margin-bottom : 0px;padding-left : 0px;}<\/style><\/div>\n","protected":false},"excerpt":{"rendered":"<p>CBRE se\u00f1ala que su European Investor Intentions Survey 2026 sit\u00faa a Espa\u00f1a, por primera vez, como el mercado europeo con mayor rentabilidad inmobiliaria prevista por los inversores, superando a Reino Unido. Es tambi\u00e9n el \u00fanico pa\u00eds europeo que cuenta con dos ciudades entre los destinos m\u00e1s atractivos del continente por segundo a\u00f1o consecutivo: Madrid en segunda posici\u00f3n y Barcelona en cuarta.<\/p>\n","protected":false},"author":3,"featured_media":48479,"comment_status":"closed","ping_status":"closed","sticky":false,"template":"","format":"standard","meta":{"_jetpack_memberships_contains_paid_content":false,"footnotes":"","jetpack_publicize_message":"","jetpack_publicize_feature_enabled":true,"jetpack_social_post_already_shared":true,"jetpack_social_options":{"image_generator_settings":{"template":"highway","default_image_id":0,"font":"","enabled":false},"version":2}},"categories":[100],"tags":[8293],"class_list":["post-56036","post","type-post","status-publish","format-standard","has-post-thumbnail","hentry","category-compraventa-de-viviendas","tag-newsletter-563"],"yoast_head":"<!-- This site is optimized with the Yoast SEO plugin v27.4 - https:\/\/yoast.com\/product\/yoast-seo-wordpress\/ -->\n<title>La inversi\u00f3n inmobiliaria en Espa\u00f1a crece un 93%<\/title>\n<meta name=\"description\" content=\"El arranque de 2026 no es un buen trimestre: es el tercero m\u00e1s elevado de toda la serie hist\u00f3rica de inversi\u00f3n inmobiliaria en Espa\u00f1a,\" \/>\n<meta name=\"robots\" content=\"index, follow, max-snippet:-1, max-image-preview:large, max-video-preview:-1\" \/>\n<link rel=\"canonical\" href=\"https:\/\/www.aquimicasa.net\/blog\/vivienda\/compraventa-de-viviendas\/la-inversion-inmobiliaria-en-espana-crece-un-93\/\" \/>\n<meta property=\"og:locale\" content=\"es_ES\" \/>\n<meta property=\"og:type\" content=\"article\" \/>\n<meta property=\"og:title\" content=\"La inversi\u00f3n inmobiliaria en Espa\u00f1a crece un 93%\" \/>\n<meta property=\"og:description\" content=\"El arranque de 2026 no es un buen trimestre: es el tercero m\u00e1s elevado de toda la serie hist\u00f3rica de inversi\u00f3n inmobiliaria en Espa\u00f1a,\" \/>\n<meta property=\"og:url\" content=\"https:\/\/www.aquimicasa.net\/blog\/vivienda\/compraventa-de-viviendas\/la-inversion-inmobiliaria-en-espana-crece-un-93\/\" \/>\n<meta property=\"og:site_name\" content=\"Blog de aquimicasa.net\" \/>\n<meta property=\"article:publisher\" content=\"https:\/\/www.facebook.com\/aquimicasa.net\" \/>\n<meta property=\"article:published_time\" content=\"2026-04-26T18:09:36+00:00\" \/>\n<meta property=\"og:image\" content=\"https:\/\/www.aquimicasa.net\/blog\/wp-content\/uploads\/inversiones-inmobiliarias-1-min-1024x683-1-e1721588279119.jpg\" \/>\n\t<meta property=\"og:image:width\" content=\"600\" \/>\n\t<meta property=\"og:image:height\" content=\"400\" \/>\n\t<meta property=\"og:image:type\" content=\"image\/jpeg\" \/>\n<meta name=\"author\" content=\"Eduardo Lizarraga\" \/>\n<meta name=\"twitter:label1\" content=\"Escrito por\" \/>\n\t<meta name=\"twitter:data1\" content=\"Eduardo Lizarraga\" \/>\n\t<meta name=\"twitter:label2\" content=\"Tiempo de lectura\" \/>\n\t<meta name=\"twitter:data2\" content=\"6 minutos\" \/>\n<script type=\"application\/ld+json\" class=\"yoast-schema-graph\">{\"@context\":\"https:\\\/\\\/schema.org\",\"@graph\":[{\"@type\":\"Article\",\"@id\":\"https:\\\/\\\/www.aquimicasa.net\\\/blog\\\/vivienda\\\/compraventa-de-viviendas\\\/la-inversion-inmobiliaria-en-espana-crece-un-93\\\/#article\",\"isPartOf\":{\"@id\":\"https:\\\/\\\/www.aquimicasa.net\\\/blog\\\/vivienda\\\/compraventa-de-viviendas\\\/la-inversion-inmobiliaria-en-espana-crece-un-93\\\/\"},\"author\":{\"name\":\"Eduardo Lizarraga\",\"@id\":\"https:\\\/\\\/www.aquimicasa.net\\\/blog\\\/#\\\/schema\\\/person\\\/2cdfa2605534583395c8d7ce1d6cac14\"},\"headline\":\"La inversi\u00f3n inmobiliaria en Espa\u00f1a crece un 93%\",\"datePublished\":\"2026-04-26T18:09:36+00:00\",\"mainEntityOfPage\":{\"@id\":\"https:\\\/\\\/www.aquimicasa.net\\\/blog\\\/vivienda\\\/compraventa-de-viviendas\\\/la-inversion-inmobiliaria-en-espana-crece-un-93\\\/\"},\"wordCount\":1110,\"publisher\":{\"@id\":\"https:\\\/\\\/www.aquimicasa.net\\\/blog\\\/#organization\"},\"image\":{\"@id\":\"https:\\\/\\\/www.aquimicasa.net\\\/blog\\\/vivienda\\\/compraventa-de-viviendas\\\/la-inversion-inmobiliaria-en-espana-crece-un-93\\\/#primaryimage\"},\"thumbnailUrl\":\"https:\\\/\\\/www.aquimicasa.net\\\/blog\\\/wp-content\\\/uploads\\\/inversiones-inmobiliarias-1-min-1024x683-1-e1721588279119.jpg\",\"keywords\":[\"newsletter 563\"],\"articleSection\":[\"Compra Venta\"],\"inLanguage\":\"es\"},{\"@type\":\"WebPage\",\"@id\":\"https:\\\/\\\/www.aquimicasa.net\\\/blog\\\/vivienda\\\/compraventa-de-viviendas\\\/la-inversion-inmobiliaria-en-espana-crece-un-93\\\/\",\"url\":\"https:\\\/\\\/www.aquimicasa.net\\\/blog\\\/vivienda\\\/compraventa-de-viviendas\\\/la-inversion-inmobiliaria-en-espana-crece-un-93\\\/\",\"name\":\"La inversi\u00f3n inmobiliaria en Espa\u00f1a crece un 93%\",\"isPartOf\":{\"@id\":\"https:\\\/\\\/www.aquimicasa.net\\\/blog\\\/#website\"},\"primaryImageOfPage\":{\"@id\":\"https:\\\/\\\/www.aquimicasa.net\\\/blog\\\/vivienda\\\/compraventa-de-viviendas\\\/la-inversion-inmobiliaria-en-espana-crece-un-93\\\/#primaryimage\"},\"image\":{\"@id\":\"https:\\\/\\\/www.aquimicasa.net\\\/blog\\\/vivienda\\\/compraventa-de-viviendas\\\/la-inversion-inmobiliaria-en-espana-crece-un-93\\\/#primaryimage\"},\"thumbnailUrl\":\"https:\\\/\\\/www.aquimicasa.net\\\/blog\\\/wp-content\\\/uploads\\\/inversiones-inmobiliarias-1-min-1024x683-1-e1721588279119.jpg\",\"datePublished\":\"2026-04-26T18:09:36+00:00\",\"description\":\"El arranque de 2026 no es un buen trimestre: es el tercero m\u00e1s elevado de toda la serie hist\u00f3rica de inversi\u00f3n inmobiliaria en Espa\u00f1a,\",\"breadcrumb\":{\"@id\":\"https:\\\/\\\/www.aquimicasa.net\\\/blog\\\/vivienda\\\/compraventa-de-viviendas\\\/la-inversion-inmobiliaria-en-espana-crece-un-93\\\/#breadcrumb\"},\"inLanguage\":\"es\",\"potentialAction\":[{\"@type\":\"ReadAction\",\"target\":[\"https:\\\/\\\/www.aquimicasa.net\\\/blog\\\/vivienda\\\/compraventa-de-viviendas\\\/la-inversion-inmobiliaria-en-espana-crece-un-93\\\/\"]}]},{\"@type\":\"ImageObject\",\"inLanguage\":\"es\",\"@id\":\"https:\\\/\\\/www.aquimicasa.net\\\/blog\\\/vivienda\\\/compraventa-de-viviendas\\\/la-inversion-inmobiliaria-en-espana-crece-un-93\\\/#primaryimage\",\"url\":\"https:\\\/\\\/www.aquimicasa.net\\\/blog\\\/wp-content\\\/uploads\\\/inversiones-inmobiliarias-1-min-1024x683-1-e1721588279119.jpg\",\"contentUrl\":\"https:\\\/\\\/www.aquimicasa.net\\\/blog\\\/wp-content\\\/uploads\\\/inversiones-inmobiliarias-1-min-1024x683-1-e1721588279119.jpg\",\"width\":600,\"height\":400,\"caption\":\"La inversi\u00f3n inmobiliaria en Espa\u00f1a crece con fuerza\"},{\"@type\":\"BreadcrumbList\",\"@id\":\"https:\\\/\\\/www.aquimicasa.net\\\/blog\\\/vivienda\\\/compraventa-de-viviendas\\\/la-inversion-inmobiliaria-en-espana-crece-un-93\\\/#breadcrumb\",\"itemListElement\":[{\"@type\":\"ListItem\",\"position\":1,\"name\":\"Portada\",\"item\":\"https:\\\/\\\/www.aquimicasa.net\\\/blog\\\/\"},{\"@type\":\"ListItem\",\"position\":2,\"name\":\"La inversi\u00f3n inmobiliaria en Espa\u00f1a crece un 93%\"}]},{\"@type\":\"WebSite\",\"@id\":\"https:\\\/\\\/www.aquimicasa.net\\\/blog\\\/#website\",\"url\":\"https:\\\/\\\/www.aquimicasa.net\\\/blog\\\/\",\"name\":\"Blog de aquimicasa.net\",\"description\":\"Noticias del Mundo Inmobiliario\",\"publisher\":{\"@id\":\"https:\\\/\\\/www.aquimicasa.net\\\/blog\\\/#organization\"},\"potentialAction\":[{\"@type\":\"SearchAction\",\"target\":{\"@type\":\"EntryPoint\",\"urlTemplate\":\"https:\\\/\\\/www.aquimicasa.net\\\/blog\\\/?s={search_term_string}\"},\"query-input\":{\"@type\":\"PropertyValueSpecification\",\"valueRequired\":true,\"valueName\":\"search_term_string\"}}],\"inLanguage\":\"es\"},{\"@type\":\"Organization\",\"@id\":\"https:\\\/\\\/www.aquimicasa.net\\\/blog\\\/#organization\",\"name\":\"Blog de aquimicasa.net\",\"url\":\"https:\\\/\\\/www.aquimicasa.net\\\/blog\\\/\",\"logo\":{\"@type\":\"ImageObject\",\"inLanguage\":\"es\",\"@id\":\"https:\\\/\\\/www.aquimicasa.net\\\/blog\\\/#\\\/schema\\\/logo\\\/image\\\/\",\"url\":\"https:\\\/\\\/www.aquimicasa.net\\\/blog\\\/wp-content\\\/uploads\\\/Logo-aquimicasa-1-e1528048213782.png\",\"contentUrl\":\"https:\\\/\\\/www.aquimicasa.net\\\/blog\\\/wp-content\\\/uploads\\\/Logo-aquimicasa-1-e1528048213782.png\",\"width\":225,\"height\":225,\"caption\":\"Blog de aquimicasa.net\"},\"image\":{\"@id\":\"https:\\\/\\\/www.aquimicasa.net\\\/blog\\\/#\\\/schema\\\/logo\\\/image\\\/\"},\"sameAs\":[\"https:\\\/\\\/www.facebook.com\\\/aquimicasa.net\",\"https:\\\/\\\/www.instagram.com\\\/\",\"https:\\\/\\\/x.com\\\/EduLizarragaD\",\"https:\\\/\\\/www.linkedin.com\\\/feed\\\/\"]},{\"@type\":\"Person\",\"@id\":\"https:\\\/\\\/www.aquimicasa.net\\\/blog\\\/#\\\/schema\\\/person\\\/2cdfa2605534583395c8d7ce1d6cac14\",\"name\":\"Eduardo Lizarraga\",\"image\":{\"@type\":\"ImageObject\",\"inLanguage\":\"es\",\"@id\":\"https:\\\/\\\/secure.gravatar.com\\\/avatar\\\/bdabe1eeeed97b65a9cb7de2edd624b07995f7e13abc5fead15961f745f908cc?s=96&d=mm&r=g\",\"url\":\"https:\\\/\\\/secure.gravatar.com\\\/avatar\\\/bdabe1eeeed97b65a9cb7de2edd624b07995f7e13abc5fead15961f745f908cc?s=96&d=mm&r=g\",\"contentUrl\":\"https:\\\/\\\/secure.gravatar.com\\\/avatar\\\/bdabe1eeeed97b65a9cb7de2edd624b07995f7e13abc5fead15961f745f908cc?s=96&d=mm&r=g\",\"caption\":\"Eduardo Lizarraga\"},\"description\":\"Periodista Econ\u00f3mico. Ha trabajado en diversos campos de la informaci\u00f3n. Corresponsal en conflictos, analista pol\u00edtico en Congreso y Senado, periodista del medio ambiente, editor, director editorial, director de comunicaci\u00f3n.... En estos momentos se ha especializado en el sector inmobiliario. Pero tambi\u00e9n es navegante y viajero, preocupado por la pobreza, el medio ambiente y por las actuaciones descontroladas del neoliberalismo empresarial y pol\u00edtico en todo el mundo. Los desahucios, la pobreza infantil y la falta de acceso a los suministros b\u00e1sicos son algunos de los grandes dramas de nuestra sociedad y que es preciso solucionar para hacerla m\u00e1s justa. CEO en www.aquimicasa.net\",\"sameAs\":[\"https:\\\/\\\/www.aquimicasa.net\\\/\"],\"url\":\"https:\\\/\\\/www.aquimicasa.net\\\/blog\\\/author\\\/eduardo\\\/\"}]}<\/script>\n<!-- \/ Yoast SEO plugin. -->","yoast_head_json":{"title":"La inversi\u00f3n inmobiliaria en Espa\u00f1a crece un 93%","description":"El arranque de 2026 no es un buen trimestre: es el tercero m\u00e1s elevado de toda la serie hist\u00f3rica de inversi\u00f3n inmobiliaria en Espa\u00f1a,","robots":{"index":"index","follow":"follow","max-snippet":"max-snippet:-1","max-image-preview":"max-image-preview:large","max-video-preview":"max-video-preview:-1"},"canonical":"https:\/\/www.aquimicasa.net\/blog\/vivienda\/compraventa-de-viviendas\/la-inversion-inmobiliaria-en-espana-crece-un-93\/","og_locale":"es_ES","og_type":"article","og_title":"La inversi\u00f3n inmobiliaria en Espa\u00f1a crece un 93%","og_description":"El arranque de 2026 no es un buen trimestre: es el tercero m\u00e1s elevado de toda la serie hist\u00f3rica de inversi\u00f3n inmobiliaria en Espa\u00f1a,","og_url":"https:\/\/www.aquimicasa.net\/blog\/vivienda\/compraventa-de-viviendas\/la-inversion-inmobiliaria-en-espana-crece-un-93\/","og_site_name":"Blog de aquimicasa.net","article_publisher":"https:\/\/www.facebook.com\/aquimicasa.net","article_published_time":"2026-04-26T18:09:36+00:00","og_image":[{"width":600,"height":400,"url":"https:\/\/www.aquimicasa.net\/blog\/wp-content\/uploads\/inversiones-inmobiliarias-1-min-1024x683-1-e1721588279119.jpg","type":"image\/jpeg"}],"author":"Eduardo Lizarraga","twitter_misc":{"Escrito por":"Eduardo Lizarraga","Tiempo de lectura":"6 minutos"},"schema":{"@context":"https:\/\/schema.org","@graph":[{"@type":"Article","@id":"https:\/\/www.aquimicasa.net\/blog\/vivienda\/compraventa-de-viviendas\/la-inversion-inmobiliaria-en-espana-crece-un-93\/#article","isPartOf":{"@id":"https:\/\/www.aquimicasa.net\/blog\/vivienda\/compraventa-de-viviendas\/la-inversion-inmobiliaria-en-espana-crece-un-93\/"},"author":{"name":"Eduardo Lizarraga","@id":"https:\/\/www.aquimicasa.net\/blog\/#\/schema\/person\/2cdfa2605534583395c8d7ce1d6cac14"},"headline":"La inversi\u00f3n inmobiliaria en Espa\u00f1a crece un 93%","datePublished":"2026-04-26T18:09:36+00:00","mainEntityOfPage":{"@id":"https:\/\/www.aquimicasa.net\/blog\/vivienda\/compraventa-de-viviendas\/la-inversion-inmobiliaria-en-espana-crece-un-93\/"},"wordCount":1110,"publisher":{"@id":"https:\/\/www.aquimicasa.net\/blog\/#organization"},"image":{"@id":"https:\/\/www.aquimicasa.net\/blog\/vivienda\/compraventa-de-viviendas\/la-inversion-inmobiliaria-en-espana-crece-un-93\/#primaryimage"},"thumbnailUrl":"https:\/\/www.aquimicasa.net\/blog\/wp-content\/uploads\/inversiones-inmobiliarias-1-min-1024x683-1-e1721588279119.jpg","keywords":["newsletter 563"],"articleSection":["Compra Venta"],"inLanguage":"es"},{"@type":"WebPage","@id":"https:\/\/www.aquimicasa.net\/blog\/vivienda\/compraventa-de-viviendas\/la-inversion-inmobiliaria-en-espana-crece-un-93\/","url":"https:\/\/www.aquimicasa.net\/blog\/vivienda\/compraventa-de-viviendas\/la-inversion-inmobiliaria-en-espana-crece-un-93\/","name":"La inversi\u00f3n inmobiliaria en Espa\u00f1a crece un 93%","isPartOf":{"@id":"https:\/\/www.aquimicasa.net\/blog\/#website"},"primaryImageOfPage":{"@id":"https:\/\/www.aquimicasa.net\/blog\/vivienda\/compraventa-de-viviendas\/la-inversion-inmobiliaria-en-espana-crece-un-93\/#primaryimage"},"image":{"@id":"https:\/\/www.aquimicasa.net\/blog\/vivienda\/compraventa-de-viviendas\/la-inversion-inmobiliaria-en-espana-crece-un-93\/#primaryimage"},"thumbnailUrl":"https:\/\/www.aquimicasa.net\/blog\/wp-content\/uploads\/inversiones-inmobiliarias-1-min-1024x683-1-e1721588279119.jpg","datePublished":"2026-04-26T18:09:36+00:00","description":"El arranque de 2026 no es un buen trimestre: es el tercero m\u00e1s elevado de toda la serie hist\u00f3rica de inversi\u00f3n inmobiliaria en Espa\u00f1a,","breadcrumb":{"@id":"https:\/\/www.aquimicasa.net\/blog\/vivienda\/compraventa-de-viviendas\/la-inversion-inmobiliaria-en-espana-crece-un-93\/#breadcrumb"},"inLanguage":"es","potentialAction":[{"@type":"ReadAction","target":["https:\/\/www.aquimicasa.net\/blog\/vivienda\/compraventa-de-viviendas\/la-inversion-inmobiliaria-en-espana-crece-un-93\/"]}]},{"@type":"ImageObject","inLanguage":"es","@id":"https:\/\/www.aquimicasa.net\/blog\/vivienda\/compraventa-de-viviendas\/la-inversion-inmobiliaria-en-espana-crece-un-93\/#primaryimage","url":"https:\/\/www.aquimicasa.net\/blog\/wp-content\/uploads\/inversiones-inmobiliarias-1-min-1024x683-1-e1721588279119.jpg","contentUrl":"https:\/\/www.aquimicasa.net\/blog\/wp-content\/uploads\/inversiones-inmobiliarias-1-min-1024x683-1-e1721588279119.jpg","width":600,"height":400,"caption":"La inversi\u00f3n inmobiliaria en Espa\u00f1a crece con fuerza"},{"@type":"BreadcrumbList","@id":"https:\/\/www.aquimicasa.net\/blog\/vivienda\/compraventa-de-viviendas\/la-inversion-inmobiliaria-en-espana-crece-un-93\/#breadcrumb","itemListElement":[{"@type":"ListItem","position":1,"name":"Portada","item":"https:\/\/www.aquimicasa.net\/blog\/"},{"@type":"ListItem","position":2,"name":"La inversi\u00f3n inmobiliaria en Espa\u00f1a crece un 93%"}]},{"@type":"WebSite","@id":"https:\/\/www.aquimicasa.net\/blog\/#website","url":"https:\/\/www.aquimicasa.net\/blog\/","name":"Blog de aquimicasa.net","description":"Noticias del Mundo Inmobiliario","publisher":{"@id":"https:\/\/www.aquimicasa.net\/blog\/#organization"},"potentialAction":[{"@type":"SearchAction","target":{"@type":"EntryPoint","urlTemplate":"https:\/\/www.aquimicasa.net\/blog\/?s={search_term_string}"},"query-input":{"@type":"PropertyValueSpecification","valueRequired":true,"valueName":"search_term_string"}}],"inLanguage":"es"},{"@type":"Organization","@id":"https:\/\/www.aquimicasa.net\/blog\/#organization","name":"Blog de aquimicasa.net","url":"https:\/\/www.aquimicasa.net\/blog\/","logo":{"@type":"ImageObject","inLanguage":"es","@id":"https:\/\/www.aquimicasa.net\/blog\/#\/schema\/logo\/image\/","url":"https:\/\/www.aquimicasa.net\/blog\/wp-content\/uploads\/Logo-aquimicasa-1-e1528048213782.png","contentUrl":"https:\/\/www.aquimicasa.net\/blog\/wp-content\/uploads\/Logo-aquimicasa-1-e1528048213782.png","width":225,"height":225,"caption":"Blog de aquimicasa.net"},"image":{"@id":"https:\/\/www.aquimicasa.net\/blog\/#\/schema\/logo\/image\/"},"sameAs":["https:\/\/www.facebook.com\/aquimicasa.net","https:\/\/www.instagram.com\/","https:\/\/x.com\/EduLizarragaD","https:\/\/www.linkedin.com\/feed\/"]},{"@type":"Person","@id":"https:\/\/www.aquimicasa.net\/blog\/#\/schema\/person\/2cdfa2605534583395c8d7ce1d6cac14","name":"Eduardo Lizarraga","image":{"@type":"ImageObject","inLanguage":"es","@id":"https:\/\/secure.gravatar.com\/avatar\/bdabe1eeeed97b65a9cb7de2edd624b07995f7e13abc5fead15961f745f908cc?s=96&d=mm&r=g","url":"https:\/\/secure.gravatar.com\/avatar\/bdabe1eeeed97b65a9cb7de2edd624b07995f7e13abc5fead15961f745f908cc?s=96&d=mm&r=g","contentUrl":"https:\/\/secure.gravatar.com\/avatar\/bdabe1eeeed97b65a9cb7de2edd624b07995f7e13abc5fead15961f745f908cc?s=96&d=mm&r=g","caption":"Eduardo Lizarraga"},"description":"Periodista Econ\u00f3mico. Ha trabajado en diversos campos de la informaci\u00f3n. Corresponsal en conflictos, analista pol\u00edtico en Congreso y Senado, periodista del medio ambiente, editor, director editorial, director de comunicaci\u00f3n.... En estos momentos se ha especializado en el sector inmobiliario. Pero tambi\u00e9n es navegante y viajero, preocupado por la pobreza, el medio ambiente y por las actuaciones descontroladas del neoliberalismo empresarial y pol\u00edtico en todo el mundo. Los desahucios, la pobreza infantil y la falta de acceso a los suministros b\u00e1sicos son algunos de los grandes dramas de nuestra sociedad y que es preciso solucionar para hacerla m\u00e1s justa. CEO en www.aquimicasa.net","sameAs":["https:\/\/www.aquimicasa.net\/"],"url":"https:\/\/www.aquimicasa.net\/blog\/author\/eduardo\/"}]}},"jetpack_publicize_connections":[],"jetpack_featured_media_url":"https:\/\/www.aquimicasa.net\/blog\/wp-content\/uploads\/inversiones-inmobiliarias-1-min-1024x683-1-e1721588279119.jpg","jetpack_sharing_enabled":true,"jetpack_likes_enabled":true,"_links":{"self":[{"href":"https:\/\/www.aquimicasa.net\/blog\/wp-json\/wp\/v2\/posts\/56036","targetHints":{"allow":["GET"]}}],"collection":[{"href":"https:\/\/www.aquimicasa.net\/blog\/wp-json\/wp\/v2\/posts"}],"about":[{"href":"https:\/\/www.aquimicasa.net\/blog\/wp-json\/wp\/v2\/types\/post"}],"author":[{"embeddable":true,"href":"https:\/\/www.aquimicasa.net\/blog\/wp-json\/wp\/v2\/users\/3"}],"replies":[{"embeddable":true,"href":"https:\/\/www.aquimicasa.net\/blog\/wp-json\/wp\/v2\/comments?post=56036"}],"version-history":[{"count":3,"href":"https:\/\/www.aquimicasa.net\/blog\/wp-json\/wp\/v2\/posts\/56036\/revisions"}],"predecessor-version":[{"id":56071,"href":"https:\/\/www.aquimicasa.net\/blog\/wp-json\/wp\/v2\/posts\/56036\/revisions\/56071"}],"wp:featuredmedia":[{"embeddable":true,"href":"https:\/\/www.aquimicasa.net\/blog\/wp-json\/wp\/v2\/media\/48479"}],"wp:attachment":[{"href":"https:\/\/www.aquimicasa.net\/blog\/wp-json\/wp\/v2\/media?parent=56036"}],"wp:term":[{"taxonomy":"category","embeddable":true,"href":"https:\/\/www.aquimicasa.net\/blog\/wp-json\/wp\/v2\/categories?post=56036"},{"taxonomy":"post_tag","embeddable":true,"href":"https:\/\/www.aquimicasa.net\/blog\/wp-json\/wp\/v2\/tags?post=56036"}],"curies":[{"name":"wp","href":"https:\/\/api.w.org\/{rel}","templated":true}]}}