{"id":56039,"date":"2026-04-23T23:02:55","date_gmt":"2026-04-23T21:02:55","guid":{"rendered":"https:\/\/www.aquimicasa.net\/blog\/?p=56039"},"modified":"2026-04-23T23:09:40","modified_gmt":"2026-04-23T21:09:40","slug":"consumidores-y-fuerzas-sectoriales-frente-al-plan-de-vivienda","status":"publish","type":"post","link":"https:\/\/www.aquimicasa.net\/blog\/vivienda\/alquileres\/consumidores-y-fuerzas-sectoriales-frente-al-plan-de-vivienda\/","title":{"rendered":"Consumidores y fuerzas sectoriales frente al Plan de Vivienda"},"content":{"rendered":"<div class=\"fusion-fullwidth fullwidth-box fusion-builder-row-1 fusion-flex-container nonhundred-percent-fullwidth non-hundred-percent-height-scrolling\" style=\"background-color: rgba(255,255,255,0);background-position: center center;background-repeat: no-repeat;border-width: 0px 0px 0px 0px;border-color:#eae9e9;border-style:solid;\" ><div class=\"fusion-builder-row fusion-row fusion-flex-align-items-flex-start\" style=\"max-width:1144px;margin-left: calc(-4% \/ 2 );margin-right: calc(-4% \/ 2 );\"><div class=\"fusion-layout-column fusion_builder_column fusion-builder-column-0 fusion_builder_column_1_1 1_1 fusion-flex-column\"><div class=\"fusion-column-wrapper fusion-flex-justify-content-flex-start fusion-content-layout-column\" style=\"background-position:left top;background-repeat:no-repeat;-webkit-background-size:cover;-moz-background-size:cover;-o-background-size:cover;background-size:cover;padding: 0px 0px 0px 0px;\"><div class=\"fusion-text fusion-text-1\"><p class=\"font-claude-response-body break-words whitespace-normal leading-&#091;1.7&#093;\">Este martes, el Consejo de Ministros aprob\u00f3 el nuevo Plan Estatal de Vivienda 2026-2030, que contempla ayudas para el fomento del parque p\u00fablico, la rehabilitaci\u00f3n de edificios y la reducci\u00f3n del esfuerzo econ\u00f3mico que supone para los hogares el pago de la vivienda. Las reacciones no se han hecho esperar, y el plan acumula cr\u00edticas desde flancos muy distintos: los consumidores lo encuentran poco ambicioso y con huecos preocupantes; el sector profesional lo ve insuficiente en recursos y demasiado vago en el plano territorial; y los propietarios, con ASVAL a la cabeza, aprovechan para recordar que ellos son los que est\u00e1n tapando los agujeros que deber\u00eda cubrir el Estado. En resumen: contentos, pocos.<\/p>\n<h2 class=\"font-claude-response-body break-words whitespace-normal leading-&#091;1.7&#093;\"><strong>Los consumidores lo ven poco ambicioso con las ayudas<\/strong><\/h2>\n<p class=\"font-claude-response-body break-words whitespace-normal leading-&#091;1.7&#093;\">La Confederaci\u00f3n de Consumidores y Usuarios (CECU) ha sido de las primeras en poner el dedo en la llaga. Su valoraci\u00f3n general es clara: el plan llega con insuficiente ambici\u00f3n y con carencias que pueden comprometer seriamente los objetivos declarados. No es una cr\u00edtica menor ni de matiz; es una objeci\u00f3n de fondo sobre si este instrumento va a servir para algo concreto o se quedar\u00e1 en buenas intenciones y compromisos difusos.<\/p>\n<h2 class=\"font-claude-response-body break-words whitespace-normal leading-&#091;1.7&#093;\"><strong>No se blinda el car\u00e1cter social de la vivienda m\u00e1s all\u00e1 de 50 a\u00f1os, \u00bfpor qu\u00e9?<\/strong><\/h2>\n<p class=\"font-claude-response-body break-words whitespace-normal leading-&#091;1.7&#093;\">Uno de los puntos m\u00e1s llamativos es el tratamiento de la vivienda p\u00fablica de nueva construcci\u00f3n. El plan establece que las viviendas financiadas con dinero p\u00fablico deber\u00e1n destinarse al alquiler o cesi\u00f3n de uso por un <strong>plazo m\u00ednimo de 50 a\u00f1os<\/strong>, pero no aclara qu\u00e9 ocurre con ellas una vez transcurrido ese periodo. Para Eloy Guti\u00e9rrez, responsable de Vivienda de CECU, esto es una omisi\u00f3n grave: si no se garantiza el destino social de forma permanente, existe el riesgo real de que esas viviendas \u2014construidas con fondos p\u00fablicos\u2014 acaben incorpor\u00e1ndose al mercado libre. La pregunta es leg\u00edtima y merece una respuesta que el plan, de momento, no da.<\/p>\n<h2 class=\"font-claude-response-body break-words whitespace-normal leading-&#091;1.7&#093;\"><strong>Financiaci\u00f3n espec\u00edfica para la rehabilitaci\u00f3n de viviendas de consumidores vulnerables<\/strong><\/h2>\n<p class=\"font-claude-response-body break-words whitespace-normal leading-&#091;1.7&#093;\">El cap\u00edtulo de rehabilitaci\u00f3n, accesibilidad y renovaci\u00f3n urbana presenta dos carencias que CECU califica de graves. La primera es la <strong>ausencia de l\u00edneas de financiaci\u00f3n espec\u00edficas para la rehabilitaci\u00f3n de viviendas de consumidores vulnerables<\/strong>, un colectivo que, precisamente por su situaci\u00f3n econ\u00f3mica, no puede acometer estas obras por sus propios medios. La segunda es, si cabe, m\u00e1s llamativa: el plan permite destinar parte de los fondos de rehabilitaci\u00f3n a la construcci\u00f3n de vivienda nueva. Es decir, recursos pensados para mejorar lo que ya existe podr\u00edan acabar financiando obra nueva, dejando sin cobertura proyectos de rehabilitaci\u00f3n en los que la necesidad es m\u00e1s urgente.<\/p>\n<h2 class=\"font-claude-response-body break-words whitespace-normal leading-&#091;1.7&#093;\"><strong>El desarrollo normativo ser\u00e1 clave para el alcance final del Plan<\/strong><\/h2>\n<p class=\"font-claude-response-body break-words whitespace-normal leading-&#091;1.7&#093;\">Desde el sector profesional, tanto ASVAL como la Federaci\u00f3n Nacional de Asociaciones Inmobiliarias (FAI) reconocen que el plan llega en un momento cr\u00edtico, pero advierten de que su impacto real depender\u00e1 de c\u00f3mo se concrete en el BOE y, sobre todo, de c\u00f3mo lo desarrollen las comunidades aut\u00f3nomas. <strong>El plan es un marco, no una soluci\u00f3n<\/strong>; y los marcos, sin desarrollo normativo s\u00f3lido, tienen la mala costumbre de quedarse en papel mojado. ASVAL lo dice con la contenci\u00f3n habitual de quien no quiere quemar puentes: ser\u00e1 \u00abimprescindible analizar su redacci\u00f3n definitiva\u00bb antes de evaluar su alcance real.<\/p>\n<h2 class=\"font-claude-response-body break-words whitespace-normal leading-&#091;1.7&#093;\"><strong>Muy escasos recursos ante la magnitud del problema existente<\/strong><\/h2>\n<p class=\"font-claude-response-body break-words whitespace-normal leading-&#091;1.7&#093;\">El reproche compartido por ASVAL y FAI es que el volumen de recursos previstos, aunque supone un avance formal, \u00absigue claramente por debajo de lo que exige la dimensi\u00f3n del problema\u00bb. Jos\u00e9 Mar\u00eda Alfaro, presidente de FAI, habla de \u00abimportantes limitaciones\u00bb que comprometen la efectividad del plan en un contexto marcado por un <strong>d\u00e9ficit estructural de oferta<\/strong> que no se resuelve con medidas de escala insuficiente. El diagn\u00f3stico es conocido; la respuesta, seg\u00fan el sector, sigue siendo desproporcionadamente peque\u00f1a.<\/p>\n<h2 class=\"font-claude-response-body break-words whitespace-normal leading-&#091;1.7&#093;\"><strong>Una financiaci\u00f3n compleja al implicar a las Comunidades Aut\u00f3nomas<\/strong><\/h2>\n<p class=\"font-claude-response-body break-words whitespace-normal leading-&#091;1.7&#093;\">La arquitectura financiera del plan depende en parte de la cofinanciaci\u00f3n auton\u00f3mica, lo que introduce una <strong>incertidumbre presupuestaria<\/strong> considerable. Alfaro advierte de que la falta de Presupuestos Generales del Estado condiciona la ejecuci\u00f3n, y que el dise\u00f1o competencial puede ralentizar o incluso bloquear la puesta en marcha de medidas en determinados territorios. El caso de la Comunidad de Madrid, que ya ha manifestado sus reticencias, ilustra perfectamente el riesgo: un plan que depende de la voluntad pol\u00edtica de actores que pueden no compartir sus objetivos tiene un problema estructural de base.<\/p>\n<h2 class=\"font-claude-response-body break-words whitespace-normal leading-&#091;1.7&#093;\"><strong>Sin soluciones a la necesaria movilizaci\u00f3n de suelo<\/strong><\/h2>\n<p class=\"font-claude-response-body break-words whitespace-normal leading-&#091;1.7&#093;\">Si hay un elemento que genera consenso en el sector es la <strong>ausencia total de medidas para generar suelo finalista<\/strong>. FAI lo se\u00f1ala como uno de los principales cuellos de botella sin resolver: no se abordan los plazos urban\u00edsticos, no se refuerza la seguridad regulatoria y no se articula ninguna palanca efectiva para agilizar el desarrollo de nueva vivienda. ASVAL insiste en la necesidad de un marco m\u00e1s coherente y estable que evite la fragmentaci\u00f3n actual de instrumentos. Sin suelo, sin vivienda; y sin vivienda, sin soluci\u00f3n a la crisis habitacional. Una cadena l\u00f3gica que el plan parece ignorar.<\/p>\n<h2><strong>Aumentar la oferta en las zonas de mayor demanda<\/strong><\/h2>\n<p class=\"font-claude-response-body break-words whitespace-normal leading-&#091;1.7&#093;\">FAI reclama un \u00abverdadero plan de choque\u00bb que permita aumentar la oferta en las zonas de mayor demanda y critica que el programa no focaliza suficientemente sus recursos en los <strong>mercados tensionados<\/strong>, donde la presi\u00f3n es mayor y la demanda sigue creciendo. ASVAL, por su parte, insiste en la necesidad de atraer inversi\u00f3n institucional mediante un sistema \u00abplenamente definido, estable y previsible\u00bb, en l\u00ednea con el marco europeo de vivienda asequible. Y, barriendo para casa como es su costumbre, la patronal de propietarios recuerda que los arrendadores est\u00e1n asumiendo \u00abde facto una funci\u00f3n de escudo social que deber\u00eda corresponder al Estado\u00bb.<\/p>\n<section class=\"section-comentarios\"><\/section>\n<\/div><\/div><style type=\"text\/css\">.fusion-body .fusion-builder-column-0{width:100% !important;margin-top : 0px;margin-bottom : 0px;}.fusion-builder-column-0 > .fusion-column-wrapper {padding-top : 0px !important;padding-right : 0px !important;margin-right : 1.92%;padding-bottom : 0px !important;padding-left : 0px !important;margin-left : 1.92%;}@media only screen and (max-width:1024px) {.fusion-body .fusion-builder-column-0{width:100% !important;}.fusion-builder-column-0 > .fusion-column-wrapper {margin-right : 1.92%;margin-left : 1.92%;}}@media only screen and (max-width:640px) {.fusion-body .fusion-builder-column-0{width:100% !important;}.fusion-builder-column-0 > .fusion-column-wrapper {margin-right : 1.92%;margin-left : 1.92%;}}<\/style><\/div><\/div><style type=\"text\/css\">.fusion-body .fusion-flex-container.fusion-builder-row-1{ padding-top : 0px;margin-top : 0px;padding-right : 0px;padding-bottom : 0px;margin-bottom : 0px;padding-left : 0px;}<\/style><\/div>\n","protected":false},"excerpt":{"rendered":"<p>Alfaro advierte de que la falta de Presupuestos Generales del Estado condiciona la ejecuci\u00f3n, y que el dise\u00f1o competencial puede ralentizar o incluso bloquear la puesta en marcha de medidas en determinados territorios. El caso de la Comunidad de Madrid, que ya ha manifestado sus reticencias, ilustra perfectamente el riesgo: un plan que depende de la voluntad pol\u00edtica de actores que pueden no compartir sus objetivos tiene un problema estructural de base.<\/p>\n","protected":false},"author":3,"featured_media":55352,"comment_status":"closed","ping_status":"closed","sticky":false,"template":"","format":"standard","meta":{"_jetpack_memberships_contains_paid_content":false,"footnotes":"","jetpack_publicize_message":"","jetpack_publicize_feature_enabled":true,"jetpack_social_post_already_shared":true,"jetpack_social_options":{"image_generator_settings":{"template":"highway","default_image_id":0,"font":"","enabled":false},"version":2}},"categories":[120,96],"tags":[8293],"class_list":["post-56039","post","type-post","status-publish","format-standard","has-post-thumbnail","hentry","category-alquileres","category-construccion-de-viviendas","tag-newsletter-563"],"yoast_head":"<!-- This site is optimized with the Yoast SEO plugin v27.4 - https:\/\/yoast.com\/product\/yoast-seo-wordpress\/ -->\n<title>Consumidores y fuerzas sectoriales frente al Plan de Vivienda<\/title>\n<meta name=\"description\" content=\"CECU critica la ausencia de l\u00edneas de financiaci\u00f3n espec\u00edficas para la rehabilitaci\u00f3n de viviendas de consumidores vulnerables,\" \/>\n<meta name=\"robots\" content=\"index, follow, max-snippet:-1, max-image-preview:large, max-video-preview:-1\" \/>\n<link rel=\"canonical\" href=\"https:\/\/www.aquimicasa.net\/blog\/vivienda\/alquileres\/consumidores-y-fuerzas-sectoriales-frente-al-plan-de-vivienda\/\" \/>\n<meta property=\"og:locale\" content=\"es_ES\" \/>\n<meta property=\"og:type\" content=\"article\" \/>\n<meta property=\"og:title\" content=\"Consumidores y fuerzas sectoriales frente al Plan de Vivienda\" \/>\n<meta property=\"og:description\" content=\"CECU critica la ausencia de l\u00edneas de financiaci\u00f3n espec\u00edficas para la rehabilitaci\u00f3n de viviendas de consumidores vulnerables,\" \/>\n<meta property=\"og:url\" content=\"https:\/\/www.aquimicasa.net\/blog\/vivienda\/alquileres\/consumidores-y-fuerzas-sectoriales-frente-al-plan-de-vivienda\/\" \/>\n<meta property=\"og:site_name\" content=\"Blog de aquimicasa.net\" \/>\n<meta property=\"article:publisher\" content=\"https:\/\/www.facebook.com\/aquimicasa.net\" \/>\n<meta property=\"article:published_time\" content=\"2026-04-23T21:02:55+00:00\" \/>\n<meta property=\"article:modified_time\" content=\"2026-04-23T21:09:40+00:00\" \/>\n<meta property=\"og:image\" content=\"https:\/\/www.aquimicasa.net\/blog\/wp-content\/uploads\/Casitas1-6.jpg\" \/>\n\t<meta property=\"og:image:width\" content=\"720\" \/>\n\t<meta property=\"og:image:height\" content=\"720\" \/>\n\t<meta property=\"og:image:type\" content=\"image\/jpeg\" \/>\n<meta name=\"author\" content=\"Eduardo Lizarraga\" \/>\n<meta name=\"twitter:label1\" content=\"Escrito por\" \/>\n\t<meta name=\"twitter:data1\" content=\"Eduardo Lizarraga\" \/>\n\t<meta name=\"twitter:label2\" content=\"Tiempo de lectura\" \/>\n\t<meta name=\"twitter:data2\" content=\"5 minutos\" \/>\n<script type=\"application\/ld+json\" class=\"yoast-schema-graph\">{\"@context\":\"https:\\\/\\\/schema.org\",\"@graph\":[{\"@type\":\"Article\",\"@id\":\"https:\\\/\\\/www.aquimicasa.net\\\/blog\\\/vivienda\\\/alquileres\\\/consumidores-y-fuerzas-sectoriales-frente-al-plan-de-vivienda\\\/#article\",\"isPartOf\":{\"@id\":\"https:\\\/\\\/www.aquimicasa.net\\\/blog\\\/vivienda\\\/alquileres\\\/consumidores-y-fuerzas-sectoriales-frente-al-plan-de-vivienda\\\/\"},\"author\":{\"name\":\"Eduardo Lizarraga\",\"@id\":\"https:\\\/\\\/www.aquimicasa.net\\\/blog\\\/#\\\/schema\\\/person\\\/2cdfa2605534583395c8d7ce1d6cac14\"},\"headline\":\"Consumidores y fuerzas sectoriales frente al Plan de Vivienda\",\"datePublished\":\"2026-04-23T21:02:55+00:00\",\"dateModified\":\"2026-04-23T21:09:40+00:00\",\"mainEntityOfPage\":{\"@id\":\"https:\\\/\\\/www.aquimicasa.net\\\/blog\\\/vivienda\\\/alquileres\\\/consumidores-y-fuerzas-sectoriales-frente-al-plan-de-vivienda\\\/\"},\"wordCount\":1271,\"publisher\":{\"@id\":\"https:\\\/\\\/www.aquimicasa.net\\\/blog\\\/#organization\"},\"image\":{\"@id\":\"https:\\\/\\\/www.aquimicasa.net\\\/blog\\\/vivienda\\\/alquileres\\\/consumidores-y-fuerzas-sectoriales-frente-al-plan-de-vivienda\\\/#primaryimage\"},\"thumbnailUrl\":\"https:\\\/\\\/www.aquimicasa.net\\\/blog\\\/wp-content\\\/uploads\\\/Casitas1-6.jpg\",\"keywords\":[\"newsletter 563\"],\"articleSection\":[\"Alquiler\",\"Obra Nueva\"],\"inLanguage\":\"es\"},{\"@type\":\"WebPage\",\"@id\":\"https:\\\/\\\/www.aquimicasa.net\\\/blog\\\/vivienda\\\/alquileres\\\/consumidores-y-fuerzas-sectoriales-frente-al-plan-de-vivienda\\\/\",\"url\":\"https:\\\/\\\/www.aquimicasa.net\\\/blog\\\/vivienda\\\/alquileres\\\/consumidores-y-fuerzas-sectoriales-frente-al-plan-de-vivienda\\\/\",\"name\":\"Consumidores y fuerzas sectoriales frente al Plan de Vivienda\",\"isPartOf\":{\"@id\":\"https:\\\/\\\/www.aquimicasa.net\\\/blog\\\/#website\"},\"primaryImageOfPage\":{\"@id\":\"https:\\\/\\\/www.aquimicasa.net\\\/blog\\\/vivienda\\\/alquileres\\\/consumidores-y-fuerzas-sectoriales-frente-al-plan-de-vivienda\\\/#primaryimage\"},\"image\":{\"@id\":\"https:\\\/\\\/www.aquimicasa.net\\\/blog\\\/vivienda\\\/alquileres\\\/consumidores-y-fuerzas-sectoriales-frente-al-plan-de-vivienda\\\/#primaryimage\"},\"thumbnailUrl\":\"https:\\\/\\\/www.aquimicasa.net\\\/blog\\\/wp-content\\\/uploads\\\/Casitas1-6.jpg\",\"datePublished\":\"2026-04-23T21:02:55+00:00\",\"dateModified\":\"2026-04-23T21:09:40+00:00\",\"description\":\"CECU critica la ausencia de l\u00edneas de financiaci\u00f3n espec\u00edficas para la rehabilitaci\u00f3n de viviendas de consumidores vulnerables,\",\"breadcrumb\":{\"@id\":\"https:\\\/\\\/www.aquimicasa.net\\\/blog\\\/vivienda\\\/alquileres\\\/consumidores-y-fuerzas-sectoriales-frente-al-plan-de-vivienda\\\/#breadcrumb\"},\"inLanguage\":\"es\",\"potentialAction\":[{\"@type\":\"ReadAction\",\"target\":[\"https:\\\/\\\/www.aquimicasa.net\\\/blog\\\/vivienda\\\/alquileres\\\/consumidores-y-fuerzas-sectoriales-frente-al-plan-de-vivienda\\\/\"]}]},{\"@type\":\"ImageObject\",\"inLanguage\":\"es\",\"@id\":\"https:\\\/\\\/www.aquimicasa.net\\\/blog\\\/vivienda\\\/alquileres\\\/consumidores-y-fuerzas-sectoriales-frente-al-plan-de-vivienda\\\/#primaryimage\",\"url\":\"https:\\\/\\\/www.aquimicasa.net\\\/blog\\\/wp-content\\\/uploads\\\/Casitas1-6.jpg\",\"contentUrl\":\"https:\\\/\\\/www.aquimicasa.net\\\/blog\\\/wp-content\\\/uploads\\\/Casitas1-6.jpg\",\"width\":720,\"height\":720,\"caption\":\"El ^lan Estatal de Vivienda no entusiasma\"},{\"@type\":\"BreadcrumbList\",\"@id\":\"https:\\\/\\\/www.aquimicasa.net\\\/blog\\\/vivienda\\\/alquileres\\\/consumidores-y-fuerzas-sectoriales-frente-al-plan-de-vivienda\\\/#breadcrumb\",\"itemListElement\":[{\"@type\":\"ListItem\",\"position\":1,\"name\":\"Portada\",\"item\":\"https:\\\/\\\/www.aquimicasa.net\\\/blog\\\/\"},{\"@type\":\"ListItem\",\"position\":2,\"name\":\"Consumidores y fuerzas sectoriales frente al Plan de Vivienda\"}]},{\"@type\":\"WebSite\",\"@id\":\"https:\\\/\\\/www.aquimicasa.net\\\/blog\\\/#website\",\"url\":\"https:\\\/\\\/www.aquimicasa.net\\\/blog\\\/\",\"name\":\"Blog de aquimicasa.net\",\"description\":\"Noticias del Mundo Inmobiliario\",\"publisher\":{\"@id\":\"https:\\\/\\\/www.aquimicasa.net\\\/blog\\\/#organization\"},\"potentialAction\":[{\"@type\":\"SearchAction\",\"target\":{\"@type\":\"EntryPoint\",\"urlTemplate\":\"https:\\\/\\\/www.aquimicasa.net\\\/blog\\\/?s={search_term_string}\"},\"query-input\":{\"@type\":\"PropertyValueSpecification\",\"valueRequired\":true,\"valueName\":\"search_term_string\"}}],\"inLanguage\":\"es\"},{\"@type\":\"Organization\",\"@id\":\"https:\\\/\\\/www.aquimicasa.net\\\/blog\\\/#organization\",\"name\":\"Blog de aquimicasa.net\",\"url\":\"https:\\\/\\\/www.aquimicasa.net\\\/blog\\\/\",\"logo\":{\"@type\":\"ImageObject\",\"inLanguage\":\"es\",\"@id\":\"https:\\\/\\\/www.aquimicasa.net\\\/blog\\\/#\\\/schema\\\/logo\\\/image\\\/\",\"url\":\"https:\\\/\\\/www.aquimicasa.net\\\/blog\\\/wp-content\\\/uploads\\\/Logo-aquimicasa-1-e1528048213782.png\",\"contentUrl\":\"https:\\\/\\\/www.aquimicasa.net\\\/blog\\\/wp-content\\\/uploads\\\/Logo-aquimicasa-1-e1528048213782.png\",\"width\":225,\"height\":225,\"caption\":\"Blog de aquimicasa.net\"},\"image\":{\"@id\":\"https:\\\/\\\/www.aquimicasa.net\\\/blog\\\/#\\\/schema\\\/logo\\\/image\\\/\"},\"sameAs\":[\"https:\\\/\\\/www.facebook.com\\\/aquimicasa.net\",\"https:\\\/\\\/www.instagram.com\\\/\",\"https:\\\/\\\/x.com\\\/EduLizarragaD\",\"https:\\\/\\\/www.linkedin.com\\\/feed\\\/\"]},{\"@type\":\"Person\",\"@id\":\"https:\\\/\\\/www.aquimicasa.net\\\/blog\\\/#\\\/schema\\\/person\\\/2cdfa2605534583395c8d7ce1d6cac14\",\"name\":\"Eduardo Lizarraga\",\"image\":{\"@type\":\"ImageObject\",\"inLanguage\":\"es\",\"@id\":\"https:\\\/\\\/secure.gravatar.com\\\/avatar\\\/bdabe1eeeed97b65a9cb7de2edd624b07995f7e13abc5fead15961f745f908cc?s=96&d=mm&r=g\",\"url\":\"https:\\\/\\\/secure.gravatar.com\\\/avatar\\\/bdabe1eeeed97b65a9cb7de2edd624b07995f7e13abc5fead15961f745f908cc?s=96&d=mm&r=g\",\"contentUrl\":\"https:\\\/\\\/secure.gravatar.com\\\/avatar\\\/bdabe1eeeed97b65a9cb7de2edd624b07995f7e13abc5fead15961f745f908cc?s=96&d=mm&r=g\",\"caption\":\"Eduardo Lizarraga\"},\"description\":\"Periodista Econ\u00f3mico. Ha trabajado en diversos campos de la informaci\u00f3n. Corresponsal en conflictos, analista pol\u00edtico en Congreso y Senado, periodista del medio ambiente, editor, director editorial, director de comunicaci\u00f3n.... En estos momentos se ha especializado en el sector inmobiliario. Pero tambi\u00e9n es navegante y viajero, preocupado por la pobreza, el medio ambiente y por las actuaciones descontroladas del neoliberalismo empresarial y pol\u00edtico en todo el mundo. Los desahucios, la pobreza infantil y la falta de acceso a los suministros b\u00e1sicos son algunos de los grandes dramas de nuestra sociedad y que es preciso solucionar para hacerla m\u00e1s justa. CEO en www.aquimicasa.net\",\"sameAs\":[\"https:\\\/\\\/www.aquimicasa.net\\\/\"],\"url\":\"https:\\\/\\\/www.aquimicasa.net\\\/blog\\\/author\\\/eduardo\\\/\"}]}<\/script>\n<!-- \/ Yoast SEO plugin. -->","yoast_head_json":{"title":"Consumidores y fuerzas sectoriales frente al Plan de Vivienda","description":"CECU critica la ausencia de l\u00edneas de financiaci\u00f3n espec\u00edficas para la rehabilitaci\u00f3n de viviendas de consumidores vulnerables,","robots":{"index":"index","follow":"follow","max-snippet":"max-snippet:-1","max-image-preview":"max-image-preview:large","max-video-preview":"max-video-preview:-1"},"canonical":"https:\/\/www.aquimicasa.net\/blog\/vivienda\/alquileres\/consumidores-y-fuerzas-sectoriales-frente-al-plan-de-vivienda\/","og_locale":"es_ES","og_type":"article","og_title":"Consumidores y fuerzas sectoriales frente al Plan de Vivienda","og_description":"CECU critica la ausencia de l\u00edneas de financiaci\u00f3n espec\u00edficas para la rehabilitaci\u00f3n de viviendas de consumidores vulnerables,","og_url":"https:\/\/www.aquimicasa.net\/blog\/vivienda\/alquileres\/consumidores-y-fuerzas-sectoriales-frente-al-plan-de-vivienda\/","og_site_name":"Blog de aquimicasa.net","article_publisher":"https:\/\/www.facebook.com\/aquimicasa.net","article_published_time":"2026-04-23T21:02:55+00:00","article_modified_time":"2026-04-23T21:09:40+00:00","og_image":[{"width":720,"height":720,"url":"https:\/\/www.aquimicasa.net\/blog\/wp-content\/uploads\/Casitas1-6.jpg","type":"image\/jpeg"}],"author":"Eduardo Lizarraga","twitter_misc":{"Escrito por":"Eduardo Lizarraga","Tiempo de lectura":"5 minutos"},"schema":{"@context":"https:\/\/schema.org","@graph":[{"@type":"Article","@id":"https:\/\/www.aquimicasa.net\/blog\/vivienda\/alquileres\/consumidores-y-fuerzas-sectoriales-frente-al-plan-de-vivienda\/#article","isPartOf":{"@id":"https:\/\/www.aquimicasa.net\/blog\/vivienda\/alquileres\/consumidores-y-fuerzas-sectoriales-frente-al-plan-de-vivienda\/"},"author":{"name":"Eduardo Lizarraga","@id":"https:\/\/www.aquimicasa.net\/blog\/#\/schema\/person\/2cdfa2605534583395c8d7ce1d6cac14"},"headline":"Consumidores y fuerzas sectoriales frente al Plan de Vivienda","datePublished":"2026-04-23T21:02:55+00:00","dateModified":"2026-04-23T21:09:40+00:00","mainEntityOfPage":{"@id":"https:\/\/www.aquimicasa.net\/blog\/vivienda\/alquileres\/consumidores-y-fuerzas-sectoriales-frente-al-plan-de-vivienda\/"},"wordCount":1271,"publisher":{"@id":"https:\/\/www.aquimicasa.net\/blog\/#organization"},"image":{"@id":"https:\/\/www.aquimicasa.net\/blog\/vivienda\/alquileres\/consumidores-y-fuerzas-sectoriales-frente-al-plan-de-vivienda\/#primaryimage"},"thumbnailUrl":"https:\/\/www.aquimicasa.net\/blog\/wp-content\/uploads\/Casitas1-6.jpg","keywords":["newsletter 563"],"articleSection":["Alquiler","Obra Nueva"],"inLanguage":"es"},{"@type":"WebPage","@id":"https:\/\/www.aquimicasa.net\/blog\/vivienda\/alquileres\/consumidores-y-fuerzas-sectoriales-frente-al-plan-de-vivienda\/","url":"https:\/\/www.aquimicasa.net\/blog\/vivienda\/alquileres\/consumidores-y-fuerzas-sectoriales-frente-al-plan-de-vivienda\/","name":"Consumidores y fuerzas sectoriales frente al Plan de Vivienda","isPartOf":{"@id":"https:\/\/www.aquimicasa.net\/blog\/#website"},"primaryImageOfPage":{"@id":"https:\/\/www.aquimicasa.net\/blog\/vivienda\/alquileres\/consumidores-y-fuerzas-sectoriales-frente-al-plan-de-vivienda\/#primaryimage"},"image":{"@id":"https:\/\/www.aquimicasa.net\/blog\/vivienda\/alquileres\/consumidores-y-fuerzas-sectoriales-frente-al-plan-de-vivienda\/#primaryimage"},"thumbnailUrl":"https:\/\/www.aquimicasa.net\/blog\/wp-content\/uploads\/Casitas1-6.jpg","datePublished":"2026-04-23T21:02:55+00:00","dateModified":"2026-04-23T21:09:40+00:00","description":"CECU critica la ausencia de l\u00edneas de financiaci\u00f3n espec\u00edficas para la rehabilitaci\u00f3n de viviendas de consumidores vulnerables,","breadcrumb":{"@id":"https:\/\/www.aquimicasa.net\/blog\/vivienda\/alquileres\/consumidores-y-fuerzas-sectoriales-frente-al-plan-de-vivienda\/#breadcrumb"},"inLanguage":"es","potentialAction":[{"@type":"ReadAction","target":["https:\/\/www.aquimicasa.net\/blog\/vivienda\/alquileres\/consumidores-y-fuerzas-sectoriales-frente-al-plan-de-vivienda\/"]}]},{"@type":"ImageObject","inLanguage":"es","@id":"https:\/\/www.aquimicasa.net\/blog\/vivienda\/alquileres\/consumidores-y-fuerzas-sectoriales-frente-al-plan-de-vivienda\/#primaryimage","url":"https:\/\/www.aquimicasa.net\/blog\/wp-content\/uploads\/Casitas1-6.jpg","contentUrl":"https:\/\/www.aquimicasa.net\/blog\/wp-content\/uploads\/Casitas1-6.jpg","width":720,"height":720,"caption":"El ^lan Estatal de Vivienda no entusiasma"},{"@type":"BreadcrumbList","@id":"https:\/\/www.aquimicasa.net\/blog\/vivienda\/alquileres\/consumidores-y-fuerzas-sectoriales-frente-al-plan-de-vivienda\/#breadcrumb","itemListElement":[{"@type":"ListItem","position":1,"name":"Portada","item":"https:\/\/www.aquimicasa.net\/blog\/"},{"@type":"ListItem","position":2,"name":"Consumidores y fuerzas sectoriales frente al Plan de Vivienda"}]},{"@type":"WebSite","@id":"https:\/\/www.aquimicasa.net\/blog\/#website","url":"https:\/\/www.aquimicasa.net\/blog\/","name":"Blog de aquimicasa.net","description":"Noticias del Mundo Inmobiliario","publisher":{"@id":"https:\/\/www.aquimicasa.net\/blog\/#organization"},"potentialAction":[{"@type":"SearchAction","target":{"@type":"EntryPoint","urlTemplate":"https:\/\/www.aquimicasa.net\/blog\/?s={search_term_string}"},"query-input":{"@type":"PropertyValueSpecification","valueRequired":true,"valueName":"search_term_string"}}],"inLanguage":"es"},{"@type":"Organization","@id":"https:\/\/www.aquimicasa.net\/blog\/#organization","name":"Blog de aquimicasa.net","url":"https:\/\/www.aquimicasa.net\/blog\/","logo":{"@type":"ImageObject","inLanguage":"es","@id":"https:\/\/www.aquimicasa.net\/blog\/#\/schema\/logo\/image\/","url":"https:\/\/www.aquimicasa.net\/blog\/wp-content\/uploads\/Logo-aquimicasa-1-e1528048213782.png","contentUrl":"https:\/\/www.aquimicasa.net\/blog\/wp-content\/uploads\/Logo-aquimicasa-1-e1528048213782.png","width":225,"height":225,"caption":"Blog de aquimicasa.net"},"image":{"@id":"https:\/\/www.aquimicasa.net\/blog\/#\/schema\/logo\/image\/"},"sameAs":["https:\/\/www.facebook.com\/aquimicasa.net","https:\/\/www.instagram.com\/","https:\/\/x.com\/EduLizarragaD","https:\/\/www.linkedin.com\/feed\/"]},{"@type":"Person","@id":"https:\/\/www.aquimicasa.net\/blog\/#\/schema\/person\/2cdfa2605534583395c8d7ce1d6cac14","name":"Eduardo Lizarraga","image":{"@type":"ImageObject","inLanguage":"es","@id":"https:\/\/secure.gravatar.com\/avatar\/bdabe1eeeed97b65a9cb7de2edd624b07995f7e13abc5fead15961f745f908cc?s=96&d=mm&r=g","url":"https:\/\/secure.gravatar.com\/avatar\/bdabe1eeeed97b65a9cb7de2edd624b07995f7e13abc5fead15961f745f908cc?s=96&d=mm&r=g","contentUrl":"https:\/\/secure.gravatar.com\/avatar\/bdabe1eeeed97b65a9cb7de2edd624b07995f7e13abc5fead15961f745f908cc?s=96&d=mm&r=g","caption":"Eduardo Lizarraga"},"description":"Periodista Econ\u00f3mico. Ha trabajado en diversos campos de la informaci\u00f3n. Corresponsal en conflictos, analista pol\u00edtico en Congreso y Senado, periodista del medio ambiente, editor, director editorial, director de comunicaci\u00f3n.... En estos momentos se ha especializado en el sector inmobiliario. Pero tambi\u00e9n es navegante y viajero, preocupado por la pobreza, el medio ambiente y por las actuaciones descontroladas del neoliberalismo empresarial y pol\u00edtico en todo el mundo. Los desahucios, la pobreza infantil y la falta de acceso a los suministros b\u00e1sicos son algunos de los grandes dramas de nuestra sociedad y que es preciso solucionar para hacerla m\u00e1s justa. CEO en www.aquimicasa.net","sameAs":["https:\/\/www.aquimicasa.net\/"],"url":"https:\/\/www.aquimicasa.net\/blog\/author\/eduardo\/"}]}},"jetpack_publicize_connections":[],"jetpack_featured_media_url":"https:\/\/www.aquimicasa.net\/blog\/wp-content\/uploads\/Casitas1-6.jpg","jetpack_sharing_enabled":true,"jetpack_likes_enabled":true,"_links":{"self":[{"href":"https:\/\/www.aquimicasa.net\/blog\/wp-json\/wp\/v2\/posts\/56039","targetHints":{"allow":["GET"]}}],"collection":[{"href":"https:\/\/www.aquimicasa.net\/blog\/wp-json\/wp\/v2\/posts"}],"about":[{"href":"https:\/\/www.aquimicasa.net\/blog\/wp-json\/wp\/v2\/types\/post"}],"author":[{"embeddable":true,"href":"https:\/\/www.aquimicasa.net\/blog\/wp-json\/wp\/v2\/users\/3"}],"replies":[{"embeddable":true,"href":"https:\/\/www.aquimicasa.net\/blog\/wp-json\/wp\/v2\/comments?post=56039"}],"version-history":[{"count":5,"href":"https:\/\/www.aquimicasa.net\/blog\/wp-json\/wp\/v2\/posts\/56039\/revisions"}],"predecessor-version":[{"id":56049,"href":"https:\/\/www.aquimicasa.net\/blog\/wp-json\/wp\/v2\/posts\/56039\/revisions\/56049"}],"wp:featuredmedia":[{"embeddable":true,"href":"https:\/\/www.aquimicasa.net\/blog\/wp-json\/wp\/v2\/media\/55352"}],"wp:attachment":[{"href":"https:\/\/www.aquimicasa.net\/blog\/wp-json\/wp\/v2\/media?parent=56039"}],"wp:term":[{"taxonomy":"category","embeddable":true,"href":"https:\/\/www.aquimicasa.net\/blog\/wp-json\/wp\/v2\/categories?post=56039"},{"taxonomy":"post_tag","embeddable":true,"href":"https:\/\/www.aquimicasa.net\/blog\/wp-json\/wp\/v2\/tags?post=56039"}],"curies":[{"name":"wp","href":"https:\/\/api.w.org\/{rel}","templated":true}]}}