{"id":56057,"date":"2026-04-24T22:24:40","date_gmt":"2026-04-24T20:24:40","guid":{"rendered":"https:\/\/www.aquimicasa.net\/blog\/?p=56057"},"modified":"2026-04-24T22:26:51","modified_gmt":"2026-04-24T20:26:51","slug":"segunda-carta-de-consumo-para-presionar-a-los-grandes-caseros","status":"publish","type":"post","link":"https:\/\/www.aquimicasa.net\/blog\/vivienda\/alquileres\/segunda-carta-de-consumo-para-presionar-a-los-grandes-caseros\/","title":{"rendered":"Segunda carta de Consumo para presionar a los grandes caseros"},"content":{"rendered":"<div class=\"fusion-fullwidth fullwidth-box fusion-builder-row-1 fusion-flex-container nonhundred-percent-fullwidth non-hundred-percent-height-scrolling\" style=\"background-color: rgba(255,255,255,0);background-position: center center;background-repeat: no-repeat;border-width: 0px 0px 0px 0px;border-color:#eae9e9;border-style:solid;\" ><div class=\"fusion-builder-row fusion-row fusion-flex-align-items-flex-start\" style=\"max-width:1144px;margin-left: calc(-4% \/ 2 );margin-right: calc(-4% \/ 2 );\"><div class=\"fusion-layout-column fusion_builder_column fusion-builder-column-0 fusion_builder_column_1_1 1_1 fusion-flex-column\"><div class=\"fusion-column-wrapper fusion-flex-justify-content-flex-start fusion-content-layout-column\" style=\"background-position:left top;background-repeat:no-repeat;-webkit-background-size:cover;-moz-background-size:cover;-o-background-size:cover;background-size:cover;padding: 0px 0px 0px 0px;\"><div class=\"fusion-text fusion-text-1\"><div data-test-render-count=\"1\">\n<div class=\"group\">\n<div class=\"contents\">\n<div class=\"group relative relative pb-3\" data-is-streaming=\"false\">\n<div class=\"font-claude-response relative leading-&#091;1.65rem&#093; &#091;&amp;_pre&gt;&lt;p&gt;div&#093;:bg-bg-000\/50 &#091;&amp;_pre&gt;div&#093;:border-0.5 &#091;&amp;_pre&gt;div&#093;:border-border-400 &#091;&amp;_.ignore-pre-bg&gt;div&#093;:bg-transparent &#091;&amp;_.standard-markdown_:is(p,blockquote,h1,h2,h3,h4,h5,h6)&#093;:pl-2 &#091;&amp;_.standard-markdown_:is(p,blockquote,ul,ol,h1,h2,h3,h4,h5,h6)&#093;:pr-8 &#091;&amp;_.progressive-markdown_:is(p,blockquote,h1,h2,h3,h4,h5,h6)&#093;:pl-2 &#091;&amp;_.progressive-markdown_:is(p,blockquote,ul,ol,h1,h2,h3,h4,h5,h6)&#093;:pr-8\">\n<div class=\"standard-markdown grid-cols-1 grid &#091;&amp;_&gt;&lt;p&gt;_*&#093;:min-w-0 gap-3 standard-markdown\">\n<h2 class=\"font-claude-response-body break-words whitespace-normal leading-&#091;1.7&#093;\"><strong>El 61% del alquiler en manos de multiarrendadores: el informe que el ministerio agita como argumento<\/strong><\/h2>\n<p class=\"font-claude-response-body break-words whitespace-normal leading-&#091;1.7&#093;\">Esta semana el Ministerio de Derechos Sociales, Consumo y Agenda 2030 ha enviado una segunda carta formal a 541 inmobiliarias y fondos de inversi\u00f3n que poseen o gestionan un m\u00ednimo de 50 inmuebles cada uno. El objetivo declarado es recordarles su obligaci\u00f3n de prorrogar los contratos de aquellos inquilinos que lo soliciten, tal y como establece el Real Decreto-ley 8\/2026. Un recordatorio que, dicho sea de paso, llega con la fecha de caducidad a la vista: el pr\u00f3ximo martes 28 de abril el Congreso votar\u00e1 si convalida o tumba esa misma norma, y todo apunta a lo segundo.<\/p>\n<p class=\"font-claude-response-body break-words whitespace-normal leading-&#091;1.7&#093;\">La primera carta ya se envi\u00f3 el pasado 30 de marzo. En aquella ocasi\u00f3n el destinatario era un grupo m\u00e1s selecto: 13 grandes inmobiliarias y fondos que gestionan m\u00e1s de 100.000 viviendas. Ahora el radio se ampl\u00eda a entidades que acumulan <strong>m\u00e1s de 50.000 alquileres en total<\/strong>. La cifra no es balad\u00ed. Un informe elaborado por el propio ministerio junto con expertos del CSIC revela que el <strong>61% del mercado del alquiler est\u00e1 en manos de multiarrendadores<\/strong>, ya sean particulares con varios pisos o personas jur\u00eddicas. Los peque\u00f1os caseros, ese propietario de un \u00fanico piso que tantas veces se usa como escudo argumental contra la regulaci\u00f3n, son cada vez menos y crecen a un ritmo mucho m\u00e1s lento que los grandes tenedores.<\/p>\n<p class=\"font-claude-response-body break-words whitespace-normal leading-&#091;1.7&#093;\">La misiva firmada por el director general de Consumo detalla el funcionamiento de la pr\u00f3rroga extraordinaria: los inquilinos cuyo contrato venza entre el 22 de marzo de 2026 y el 31 de diciembre de 2027 tienen derecho a renovarlo por plazos anuales, hasta un m\u00e1ximo de dos a\u00f1os adicionales. Esa pr\u00f3rroga, solicitada por el arrendatario, es de <strong>obligada aceptaci\u00f3n para el casero<\/strong> y no puede alterar las condiciones vigentes del contrato. El ministerio exige adem\u00e1s a las entidades que adapten sus protocolos internos para garantizar el cumplimiento inmediato.<\/p>\n<h2 class=\"font-claude-response-body break-words whitespace-normal leading-&#091;1.7&#093;\"><strong>Una semana de ofensiva documental a la desesperada<\/strong><\/h2>\n<p class=\"font-claude-response-body break-words whitespace-normal leading-&#091;1.7&#093;\">Llamar a todo esto una maniobra de presi\u00f3n ser\u00eda quedarse corto. Es una ofensiva documental coordinada que incluye el informe sobre el perfil de los arrendadores, una encuesta de un think tank independiente que concluye que la mayor\u00eda de la poblaci\u00f3n apoya la regulaci\u00f3n del alquiler, y ahora la segunda ronda de cartas a los grandes tenedores. Pablo Bustinduy incluso ha remitido una misiva personal a Alberto N\u00fa\u00f1ez Feij\u00f3o solicit\u00e1ndole que reconsidere la posici\u00f3n del PP ante la votaci\u00f3n del martes.<\/p>\n<p class=\"font-claude-response-body break-words whitespace-normal leading-&#091;1.7&#093;\">El problema es que todos estos movimientos se parecen demasiado a quien reordena los muebles de casa sabiendo que llega una mudanza. Si nada cambia \u2014y nada hace presagiar que vaya a cambiar\u2014, la alianza de PP, Vox y Junts tumbar\u00e1 el decreto. El partido catal\u00e1n ha sido especialmente expl\u00edcito en su negativa, aunque desde el Ejecutivo aseguran que negociar\u00e1n hasta el \u00faltimo minuto. Ese \u00ab\u00faltimo minuto\u00bb es ya una tradici\u00f3n en esta legislatura: sirve para no cerrar puertas en p\u00fablico mientras los votos ya est\u00e1n contados en privado.<\/p>\n<h2 class=\"font-claude-response-body break-words whitespace-normal leading-&#091;1.7&#093;\"><strong>La trampa de los decretos mensuales y la irresponsabilidad de proponer atajos<\/strong><\/h2>\n<p class=\"font-claude-response-body break-words whitespace-normal leading-&#091;1.7&#093;\">En este contexto, la propuesta de Ione Belarra desde Podemos merece un aparte cr\u00edtico. La secretaria general plante\u00f3 esta semana aprobar el decreto \u00abmes a mes\u00bb para que siempre est\u00e9 en vigor en el BOE y se eluda as\u00ed la oposici\u00f3n parlamentaria. La idea tiene una l\u00f3gica populista seductora, pero es exactamente el tipo de argucia legislativa que m\u00e1s da\u00f1o hace a la estabilidad del mercado del alquiler y a la relaci\u00f3n ya muy deteriorada entre caseros e inquilinos.<\/p>\n<p class=\"font-claude-response-body break-words whitespace-normal leading-&#091;1.7&#093;\">Convertir una medida de emergencia habitacional en un instrumento de provocaci\u00f3n parlamentaria mensual no protege a los inquilinos: los tiene en vilo de forma permanente, sin saber si el decreto del mes siguiente seguir\u00e1 en pie. Los propietarios, por su parte, responden exactamente como se puede predecir: endurecen condiciones, retirada de pisos del mercado, m\u00e1s presi\u00f3n sobre los precios. El remedio termina siendo peor que la enfermedad.<\/p>\n<h2 class=\"font-claude-response-body break-words whitespace-normal leading-&#091;1.7&#093;\"><strong>\u00bfCu\u00e1ntas familias se juegan el contrato el martes?<\/strong><\/h2>\n<p class=\"font-claude-response-body break-words whitespace-normal leading-&#091;1.7&#093;\">La pregunta real es la que nadie quiere responder con cifras concretas: \u00bfcu\u00e1ntas familias van a ver incrementadas sus rentas o directamente no renovados sus contratos si el decreto cae el 28 de abril? Los abogados y magistrados consultados por distintos medios coinciden en que la jurisprudencia del Tribunal Constitucional \u2014concretamente la sentencia 111\/1983 sobre el car\u00e1cter provisional de los decretos-ley\u2014 acota los efectos de la norma a los contratos que venzan <strong>durante su vigencia<\/strong>, es decir, entre el 22 de marzo y la publicaci\u00f3n en el BOE de la no convalidaci\u00f3n. Los contratos que venzan despu\u00e9s del 28-A quedar\u00edan fuera de la protecci\u00f3n.<\/p>\n<p class=\"font-claude-response-body break-words whitespace-normal leading-&#091;1.7&#093;\">Hablamos de cientos de miles de familias que en los pr\u00f3ximos dos a\u00f1os enfrentan renovaciones en un mercado en el que los precios han subido m\u00e1s de un 60% en algunas capitales en la \u00faltima d\u00e9cada. Para muchas de ellas, una subida de renta a precio de mercado no es una molestia: es una mudanza forzosa, un desahucio legal y tranquilo que no aparece en ninguna estad\u00edstica de lanzamientos judiciales. Que los partidos que van a votar en contra se escuden en el argumento de que el decreto beneficia a los okupas dice mucho de la calidad del debate pol\u00edtico sobre vivienda en este pa\u00eds: se mezclan deliberadamente situaciones incomparables para justificar una posici\u00f3n que, en \u00faltima instancia, favorece a los grandes tenedores a los que esta semana el ministerio les ha enviado dos cartas record\u00e1ndoles la ley.<\/p>\n<p class=\"font-claude-response-body break-words whitespace-normal leading-&#091;1.7&#093;\">El mercado del alquiler no necesita m\u00e1s cartas. Necesita m\u00e1s votos. Y esos, de momento, no est\u00e1n.<\/p>\n<\/div>\n<\/div>\n<\/div>\n<\/div>\n<\/div>\n<\/div>\n<\/div><\/div><style type=\"text\/css\">.fusion-body .fusion-builder-column-0{width:100% !important;margin-top : 0px;margin-bottom : 0px;}.fusion-builder-column-0 > .fusion-column-wrapper {padding-top : 0px !important;padding-right : 0px !important;margin-right : 1.92%;padding-bottom : 0px !important;padding-left : 0px !important;margin-left : 1.92%;}@media only screen and (max-width:1024px) {.fusion-body .fusion-builder-column-0{width:100% !important;}.fusion-builder-column-0 > .fusion-column-wrapper {margin-right : 1.92%;margin-left : 1.92%;}}@media only screen and (max-width:640px) {.fusion-body .fusion-builder-column-0{width:100% !important;}.fusion-builder-column-0 > .fusion-column-wrapper {margin-right : 1.92%;margin-left : 1.92%;}}<\/style><\/div><\/div><style type=\"text\/css\">.fusion-body .fusion-flex-container.fusion-builder-row-1{ padding-top : 0px;margin-top : 0px;padding-right : 0px;padding-bottom : 0px;margin-bottom : 0px;padding-left : 0px;}<\/style><\/div>\n","protected":false},"excerpt":{"rendered":"<p>Hablamos de cientos de miles de familias que en los pr\u00f3ximos dos a\u00f1os enfrentan renovaciones en un mercado en el que los precios han subido m\u00e1s de un 60% en algunas capitales en la \u00faltima d\u00e9cada. Para muchas de ellas, una subida de renta a precio de mercado no es una molestia: es una mudanza forzosa, un desahucio legal y tranquilo que no aparece en ninguna estad\u00edstica de lanzamientos judiciales.<\/p>\n","protected":false},"author":3,"featured_media":47002,"comment_status":"closed","ping_status":"closed","sticky":false,"template":"","format":"standard","meta":{"_jetpack_memberships_contains_paid_content":false,"footnotes":"","jetpack_publicize_message":"","jetpack_publicize_feature_enabled":true,"jetpack_social_post_already_shared":true,"jetpack_social_options":{"image_generator_settings":{"template":"highway","default_image_id":0,"font":"","enabled":false},"version":2}},"categories":[120],"tags":[8293],"class_list":["post-56057","post","type-post","status-publish","format-standard","has-post-thumbnail","hentry","category-alquileres","tag-newsletter-563"],"yoast_head":"<!-- This site is optimized with the Yoast SEO plugin v27.4 - https:\/\/yoast.com\/product\/yoast-seo-wordpress\/ -->\n<title>Segunda carta de Consumo para presionar a los grandes caseros<\/title>\n<meta name=\"description\" content=\"El pr\u00f3ximo martes 28 de abril el Congreso votar\u00e1 si convalida o tumba esa pr\u00f3rroga de los alquileres, y todo apunta a lo segundo.\" \/>\n<meta name=\"robots\" content=\"index, follow, max-snippet:-1, max-image-preview:large, max-video-preview:-1\" \/>\n<link rel=\"canonical\" href=\"https:\/\/www.aquimicasa.net\/blog\/vivienda\/alquileres\/segunda-carta-de-consumo-para-presionar-a-los-grandes-caseros\/\" \/>\n<meta property=\"og:locale\" content=\"es_ES\" \/>\n<meta property=\"og:type\" content=\"article\" \/>\n<meta property=\"og:title\" content=\"Segunda carta de Consumo para presionar a los grandes caseros\" \/>\n<meta property=\"og:description\" content=\"El pr\u00f3ximo martes 28 de abril el Congreso votar\u00e1 si convalida o tumba esa pr\u00f3rroga de los alquileres, y todo apunta a lo segundo.\" \/>\n<meta property=\"og:url\" content=\"https:\/\/www.aquimicasa.net\/blog\/vivienda\/alquileres\/segunda-carta-de-consumo-para-presionar-a-los-grandes-caseros\/\" \/>\n<meta property=\"og:site_name\" content=\"Blog de aquimicasa.net\" \/>\n<meta property=\"article:publisher\" content=\"https:\/\/www.facebook.com\/aquimicasa.net\" \/>\n<meta property=\"article:published_time\" content=\"2026-04-24T20:24:40+00:00\" \/>\n<meta property=\"article:modified_time\" content=\"2026-04-24T20:26:51+00:00\" \/>\n<meta property=\"og:image\" content=\"https:\/\/www.aquimicasa.net\/blog\/wp-content\/uploads\/Alquileres2-2.jpeg\" \/>\n\t<meta property=\"og:image:width\" content=\"656\" \/>\n\t<meta property=\"og:image:height\" content=\"439\" \/>\n\t<meta property=\"og:image:type\" content=\"image\/jpeg\" \/>\n<meta name=\"author\" content=\"Eduardo Lizarraga\" \/>\n<meta name=\"twitter:label1\" content=\"Escrito por\" \/>\n\t<meta name=\"twitter:data1\" content=\"Eduardo Lizarraga\" \/>\n\t<meta name=\"twitter:label2\" content=\"Tiempo de lectura\" \/>\n\t<meta name=\"twitter:data2\" content=\"5 minutos\" \/>\n<script type=\"application\/ld+json\" class=\"yoast-schema-graph\">{\"@context\":\"https:\\\/\\\/schema.org\",\"@graph\":[{\"@type\":\"Article\",\"@id\":\"https:\\\/\\\/www.aquimicasa.net\\\/blog\\\/vivienda\\\/alquileres\\\/segunda-carta-de-consumo-para-presionar-a-los-grandes-caseros\\\/#article\",\"isPartOf\":{\"@id\":\"https:\\\/\\\/www.aquimicasa.net\\\/blog\\\/vivienda\\\/alquileres\\\/segunda-carta-de-consumo-para-presionar-a-los-grandes-caseros\\\/\"},\"author\":{\"name\":\"Eduardo Lizarraga\",\"@id\":\"https:\\\/\\\/www.aquimicasa.net\\\/blog\\\/#\\\/schema\\\/person\\\/2cdfa2605534583395c8d7ce1d6cac14\"},\"headline\":\"Segunda carta de Consumo para presionar a los grandes caseros\",\"datePublished\":\"2026-04-24T20:24:40+00:00\",\"dateModified\":\"2026-04-24T20:26:51+00:00\",\"mainEntityOfPage\":{\"@id\":\"https:\\\/\\\/www.aquimicasa.net\\\/blog\\\/vivienda\\\/alquileres\\\/segunda-carta-de-consumo-para-presionar-a-los-grandes-caseros\\\/\"},\"wordCount\":1221,\"publisher\":{\"@id\":\"https:\\\/\\\/www.aquimicasa.net\\\/blog\\\/#organization\"},\"image\":{\"@id\":\"https:\\\/\\\/www.aquimicasa.net\\\/blog\\\/vivienda\\\/alquileres\\\/segunda-carta-de-consumo-para-presionar-a-los-grandes-caseros\\\/#primaryimage\"},\"thumbnailUrl\":\"https:\\\/\\\/www.aquimicasa.net\\\/blog\\\/wp-content\\\/uploads\\\/Alquileres2-2.jpeg\",\"keywords\":[\"newsletter 563\"],\"articleSection\":[\"Alquiler\"],\"inLanguage\":\"es\"},{\"@type\":\"WebPage\",\"@id\":\"https:\\\/\\\/www.aquimicasa.net\\\/blog\\\/vivienda\\\/alquileres\\\/segunda-carta-de-consumo-para-presionar-a-los-grandes-caseros\\\/\",\"url\":\"https:\\\/\\\/www.aquimicasa.net\\\/blog\\\/vivienda\\\/alquileres\\\/segunda-carta-de-consumo-para-presionar-a-los-grandes-caseros\\\/\",\"name\":\"Segunda carta de Consumo para presionar a los grandes caseros\",\"isPartOf\":{\"@id\":\"https:\\\/\\\/www.aquimicasa.net\\\/blog\\\/#website\"},\"primaryImageOfPage\":{\"@id\":\"https:\\\/\\\/www.aquimicasa.net\\\/blog\\\/vivienda\\\/alquileres\\\/segunda-carta-de-consumo-para-presionar-a-los-grandes-caseros\\\/#primaryimage\"},\"image\":{\"@id\":\"https:\\\/\\\/www.aquimicasa.net\\\/blog\\\/vivienda\\\/alquileres\\\/segunda-carta-de-consumo-para-presionar-a-los-grandes-caseros\\\/#primaryimage\"},\"thumbnailUrl\":\"https:\\\/\\\/www.aquimicasa.net\\\/blog\\\/wp-content\\\/uploads\\\/Alquileres2-2.jpeg\",\"datePublished\":\"2026-04-24T20:24:40+00:00\",\"dateModified\":\"2026-04-24T20:26:51+00:00\",\"description\":\"El pr\u00f3ximo martes 28 de abril el Congreso votar\u00e1 si convalida o tumba esa pr\u00f3rroga de los alquileres, y todo apunta a lo segundo.\",\"breadcrumb\":{\"@id\":\"https:\\\/\\\/www.aquimicasa.net\\\/blog\\\/vivienda\\\/alquileres\\\/segunda-carta-de-consumo-para-presionar-a-los-grandes-caseros\\\/#breadcrumb\"},\"inLanguage\":\"es\",\"potentialAction\":[{\"@type\":\"ReadAction\",\"target\":[\"https:\\\/\\\/www.aquimicasa.net\\\/blog\\\/vivienda\\\/alquileres\\\/segunda-carta-de-consumo-para-presionar-a-los-grandes-caseros\\\/\"]}]},{\"@type\":\"ImageObject\",\"inLanguage\":\"es\",\"@id\":\"https:\\\/\\\/www.aquimicasa.net\\\/blog\\\/vivienda\\\/alquileres\\\/segunda-carta-de-consumo-para-presionar-a-los-grandes-caseros\\\/#primaryimage\",\"url\":\"https:\\\/\\\/www.aquimicasa.net\\\/blog\\\/wp-content\\\/uploads\\\/Alquileres2-2.jpeg\",\"contentUrl\":\"https:\\\/\\\/www.aquimicasa.net\\\/blog\\\/wp-content\\\/uploads\\\/Alquileres2-2.jpeg\",\"width\":656,\"height\":439,\"caption\":\"El dilema entre el burofax o arriesgarse a la subida\"},{\"@type\":\"BreadcrumbList\",\"@id\":\"https:\\\/\\\/www.aquimicasa.net\\\/blog\\\/vivienda\\\/alquileres\\\/segunda-carta-de-consumo-para-presionar-a-los-grandes-caseros\\\/#breadcrumb\",\"itemListElement\":[{\"@type\":\"ListItem\",\"position\":1,\"name\":\"Portada\",\"item\":\"https:\\\/\\\/www.aquimicasa.net\\\/blog\\\/\"},{\"@type\":\"ListItem\",\"position\":2,\"name\":\"Segunda carta de Consumo para presionar a los grandes caseros\"}]},{\"@type\":\"WebSite\",\"@id\":\"https:\\\/\\\/www.aquimicasa.net\\\/blog\\\/#website\",\"url\":\"https:\\\/\\\/www.aquimicasa.net\\\/blog\\\/\",\"name\":\"Blog de aquimicasa.net\",\"description\":\"Noticias del Mundo Inmobiliario\",\"publisher\":{\"@id\":\"https:\\\/\\\/www.aquimicasa.net\\\/blog\\\/#organization\"},\"potentialAction\":[{\"@type\":\"SearchAction\",\"target\":{\"@type\":\"EntryPoint\",\"urlTemplate\":\"https:\\\/\\\/www.aquimicasa.net\\\/blog\\\/?s={search_term_string}\"},\"query-input\":{\"@type\":\"PropertyValueSpecification\",\"valueRequired\":true,\"valueName\":\"search_term_string\"}}],\"inLanguage\":\"es\"},{\"@type\":\"Organization\",\"@id\":\"https:\\\/\\\/www.aquimicasa.net\\\/blog\\\/#organization\",\"name\":\"Blog de aquimicasa.net\",\"url\":\"https:\\\/\\\/www.aquimicasa.net\\\/blog\\\/\",\"logo\":{\"@type\":\"ImageObject\",\"inLanguage\":\"es\",\"@id\":\"https:\\\/\\\/www.aquimicasa.net\\\/blog\\\/#\\\/schema\\\/logo\\\/image\\\/\",\"url\":\"https:\\\/\\\/www.aquimicasa.net\\\/blog\\\/wp-content\\\/uploads\\\/Logo-aquimicasa-1-e1528048213782.png\",\"contentUrl\":\"https:\\\/\\\/www.aquimicasa.net\\\/blog\\\/wp-content\\\/uploads\\\/Logo-aquimicasa-1-e1528048213782.png\",\"width\":225,\"height\":225,\"caption\":\"Blog de aquimicasa.net\"},\"image\":{\"@id\":\"https:\\\/\\\/www.aquimicasa.net\\\/blog\\\/#\\\/schema\\\/logo\\\/image\\\/\"},\"sameAs\":[\"https:\\\/\\\/www.facebook.com\\\/aquimicasa.net\",\"https:\\\/\\\/www.instagram.com\\\/\",\"https:\\\/\\\/x.com\\\/EduLizarragaD\",\"https:\\\/\\\/www.linkedin.com\\\/feed\\\/\"]},{\"@type\":\"Person\",\"@id\":\"https:\\\/\\\/www.aquimicasa.net\\\/blog\\\/#\\\/schema\\\/person\\\/2cdfa2605534583395c8d7ce1d6cac14\",\"name\":\"Eduardo Lizarraga\",\"image\":{\"@type\":\"ImageObject\",\"inLanguage\":\"es\",\"@id\":\"https:\\\/\\\/secure.gravatar.com\\\/avatar\\\/bdabe1eeeed97b65a9cb7de2edd624b07995f7e13abc5fead15961f745f908cc?s=96&d=mm&r=g\",\"url\":\"https:\\\/\\\/secure.gravatar.com\\\/avatar\\\/bdabe1eeeed97b65a9cb7de2edd624b07995f7e13abc5fead15961f745f908cc?s=96&d=mm&r=g\",\"contentUrl\":\"https:\\\/\\\/secure.gravatar.com\\\/avatar\\\/bdabe1eeeed97b65a9cb7de2edd624b07995f7e13abc5fead15961f745f908cc?s=96&d=mm&r=g\",\"caption\":\"Eduardo Lizarraga\"},\"description\":\"Periodista Econ\u00f3mico. Ha trabajado en diversos campos de la informaci\u00f3n. Corresponsal en conflictos, analista pol\u00edtico en Congreso y Senado, periodista del medio ambiente, editor, director editorial, director de comunicaci\u00f3n.... En estos momentos se ha especializado en el sector inmobiliario. Pero tambi\u00e9n es navegante y viajero, preocupado por la pobreza, el medio ambiente y por las actuaciones descontroladas del neoliberalismo empresarial y pol\u00edtico en todo el mundo. Los desahucios, la pobreza infantil y la falta de acceso a los suministros b\u00e1sicos son algunos de los grandes dramas de nuestra sociedad y que es preciso solucionar para hacerla m\u00e1s justa. CEO en www.aquimicasa.net\",\"sameAs\":[\"https:\\\/\\\/www.aquimicasa.net\\\/\"],\"url\":\"https:\\\/\\\/www.aquimicasa.net\\\/blog\\\/author\\\/eduardo\\\/\"}]}<\/script>\n<!-- \/ Yoast SEO plugin. -->","yoast_head_json":{"title":"Segunda carta de Consumo para presionar a los grandes caseros","description":"El pr\u00f3ximo martes 28 de abril el Congreso votar\u00e1 si convalida o tumba esa pr\u00f3rroga de los alquileres, y todo apunta a lo segundo.","robots":{"index":"index","follow":"follow","max-snippet":"max-snippet:-1","max-image-preview":"max-image-preview:large","max-video-preview":"max-video-preview:-1"},"canonical":"https:\/\/www.aquimicasa.net\/blog\/vivienda\/alquileres\/segunda-carta-de-consumo-para-presionar-a-los-grandes-caseros\/","og_locale":"es_ES","og_type":"article","og_title":"Segunda carta de Consumo para presionar a los grandes caseros","og_description":"El pr\u00f3ximo martes 28 de abril el Congreso votar\u00e1 si convalida o tumba esa pr\u00f3rroga de los alquileres, y todo apunta a lo segundo.","og_url":"https:\/\/www.aquimicasa.net\/blog\/vivienda\/alquileres\/segunda-carta-de-consumo-para-presionar-a-los-grandes-caseros\/","og_site_name":"Blog de aquimicasa.net","article_publisher":"https:\/\/www.facebook.com\/aquimicasa.net","article_published_time":"2026-04-24T20:24:40+00:00","article_modified_time":"2026-04-24T20:26:51+00:00","og_image":[{"width":656,"height":439,"url":"https:\/\/www.aquimicasa.net\/blog\/wp-content\/uploads\/Alquileres2-2.jpeg","type":"image\/jpeg"}],"author":"Eduardo Lizarraga","twitter_misc":{"Escrito por":"Eduardo Lizarraga","Tiempo de lectura":"5 minutos"},"schema":{"@context":"https:\/\/schema.org","@graph":[{"@type":"Article","@id":"https:\/\/www.aquimicasa.net\/blog\/vivienda\/alquileres\/segunda-carta-de-consumo-para-presionar-a-los-grandes-caseros\/#article","isPartOf":{"@id":"https:\/\/www.aquimicasa.net\/blog\/vivienda\/alquileres\/segunda-carta-de-consumo-para-presionar-a-los-grandes-caseros\/"},"author":{"name":"Eduardo Lizarraga","@id":"https:\/\/www.aquimicasa.net\/blog\/#\/schema\/person\/2cdfa2605534583395c8d7ce1d6cac14"},"headline":"Segunda carta de Consumo para presionar a los grandes caseros","datePublished":"2026-04-24T20:24:40+00:00","dateModified":"2026-04-24T20:26:51+00:00","mainEntityOfPage":{"@id":"https:\/\/www.aquimicasa.net\/blog\/vivienda\/alquileres\/segunda-carta-de-consumo-para-presionar-a-los-grandes-caseros\/"},"wordCount":1221,"publisher":{"@id":"https:\/\/www.aquimicasa.net\/blog\/#organization"},"image":{"@id":"https:\/\/www.aquimicasa.net\/blog\/vivienda\/alquileres\/segunda-carta-de-consumo-para-presionar-a-los-grandes-caseros\/#primaryimage"},"thumbnailUrl":"https:\/\/www.aquimicasa.net\/blog\/wp-content\/uploads\/Alquileres2-2.jpeg","keywords":["newsletter 563"],"articleSection":["Alquiler"],"inLanguage":"es"},{"@type":"WebPage","@id":"https:\/\/www.aquimicasa.net\/blog\/vivienda\/alquileres\/segunda-carta-de-consumo-para-presionar-a-los-grandes-caseros\/","url":"https:\/\/www.aquimicasa.net\/blog\/vivienda\/alquileres\/segunda-carta-de-consumo-para-presionar-a-los-grandes-caseros\/","name":"Segunda carta de Consumo para presionar a los grandes caseros","isPartOf":{"@id":"https:\/\/www.aquimicasa.net\/blog\/#website"},"primaryImageOfPage":{"@id":"https:\/\/www.aquimicasa.net\/blog\/vivienda\/alquileres\/segunda-carta-de-consumo-para-presionar-a-los-grandes-caseros\/#primaryimage"},"image":{"@id":"https:\/\/www.aquimicasa.net\/blog\/vivienda\/alquileres\/segunda-carta-de-consumo-para-presionar-a-los-grandes-caseros\/#primaryimage"},"thumbnailUrl":"https:\/\/www.aquimicasa.net\/blog\/wp-content\/uploads\/Alquileres2-2.jpeg","datePublished":"2026-04-24T20:24:40+00:00","dateModified":"2026-04-24T20:26:51+00:00","description":"El pr\u00f3ximo martes 28 de abril el Congreso votar\u00e1 si convalida o tumba esa pr\u00f3rroga de los alquileres, y todo apunta a lo segundo.","breadcrumb":{"@id":"https:\/\/www.aquimicasa.net\/blog\/vivienda\/alquileres\/segunda-carta-de-consumo-para-presionar-a-los-grandes-caseros\/#breadcrumb"},"inLanguage":"es","potentialAction":[{"@type":"ReadAction","target":["https:\/\/www.aquimicasa.net\/blog\/vivienda\/alquileres\/segunda-carta-de-consumo-para-presionar-a-los-grandes-caseros\/"]}]},{"@type":"ImageObject","inLanguage":"es","@id":"https:\/\/www.aquimicasa.net\/blog\/vivienda\/alquileres\/segunda-carta-de-consumo-para-presionar-a-los-grandes-caseros\/#primaryimage","url":"https:\/\/www.aquimicasa.net\/blog\/wp-content\/uploads\/Alquileres2-2.jpeg","contentUrl":"https:\/\/www.aquimicasa.net\/blog\/wp-content\/uploads\/Alquileres2-2.jpeg","width":656,"height":439,"caption":"El dilema entre el burofax o arriesgarse a la subida"},{"@type":"BreadcrumbList","@id":"https:\/\/www.aquimicasa.net\/blog\/vivienda\/alquileres\/segunda-carta-de-consumo-para-presionar-a-los-grandes-caseros\/#breadcrumb","itemListElement":[{"@type":"ListItem","position":1,"name":"Portada","item":"https:\/\/www.aquimicasa.net\/blog\/"},{"@type":"ListItem","position":2,"name":"Segunda carta de Consumo para presionar a los grandes caseros"}]},{"@type":"WebSite","@id":"https:\/\/www.aquimicasa.net\/blog\/#website","url":"https:\/\/www.aquimicasa.net\/blog\/","name":"Blog de aquimicasa.net","description":"Noticias del Mundo Inmobiliario","publisher":{"@id":"https:\/\/www.aquimicasa.net\/blog\/#organization"},"potentialAction":[{"@type":"SearchAction","target":{"@type":"EntryPoint","urlTemplate":"https:\/\/www.aquimicasa.net\/blog\/?s={search_term_string}"},"query-input":{"@type":"PropertyValueSpecification","valueRequired":true,"valueName":"search_term_string"}}],"inLanguage":"es"},{"@type":"Organization","@id":"https:\/\/www.aquimicasa.net\/blog\/#organization","name":"Blog de aquimicasa.net","url":"https:\/\/www.aquimicasa.net\/blog\/","logo":{"@type":"ImageObject","inLanguage":"es","@id":"https:\/\/www.aquimicasa.net\/blog\/#\/schema\/logo\/image\/","url":"https:\/\/www.aquimicasa.net\/blog\/wp-content\/uploads\/Logo-aquimicasa-1-e1528048213782.png","contentUrl":"https:\/\/www.aquimicasa.net\/blog\/wp-content\/uploads\/Logo-aquimicasa-1-e1528048213782.png","width":225,"height":225,"caption":"Blog de aquimicasa.net"},"image":{"@id":"https:\/\/www.aquimicasa.net\/blog\/#\/schema\/logo\/image\/"},"sameAs":["https:\/\/www.facebook.com\/aquimicasa.net","https:\/\/www.instagram.com\/","https:\/\/x.com\/EduLizarragaD","https:\/\/www.linkedin.com\/feed\/"]},{"@type":"Person","@id":"https:\/\/www.aquimicasa.net\/blog\/#\/schema\/person\/2cdfa2605534583395c8d7ce1d6cac14","name":"Eduardo Lizarraga","image":{"@type":"ImageObject","inLanguage":"es","@id":"https:\/\/secure.gravatar.com\/avatar\/bdabe1eeeed97b65a9cb7de2edd624b07995f7e13abc5fead15961f745f908cc?s=96&d=mm&r=g","url":"https:\/\/secure.gravatar.com\/avatar\/bdabe1eeeed97b65a9cb7de2edd624b07995f7e13abc5fead15961f745f908cc?s=96&d=mm&r=g","contentUrl":"https:\/\/secure.gravatar.com\/avatar\/bdabe1eeeed97b65a9cb7de2edd624b07995f7e13abc5fead15961f745f908cc?s=96&d=mm&r=g","caption":"Eduardo Lizarraga"},"description":"Periodista Econ\u00f3mico. Ha trabajado en diversos campos de la informaci\u00f3n. Corresponsal en conflictos, analista pol\u00edtico en Congreso y Senado, periodista del medio ambiente, editor, director editorial, director de comunicaci\u00f3n.... En estos momentos se ha especializado en el sector inmobiliario. Pero tambi\u00e9n es navegante y viajero, preocupado por la pobreza, el medio ambiente y por las actuaciones descontroladas del neoliberalismo empresarial y pol\u00edtico en todo el mundo. Los desahucios, la pobreza infantil y la falta de acceso a los suministros b\u00e1sicos son algunos de los grandes dramas de nuestra sociedad y que es preciso solucionar para hacerla m\u00e1s justa. CEO en www.aquimicasa.net","sameAs":["https:\/\/www.aquimicasa.net\/"],"url":"https:\/\/www.aquimicasa.net\/blog\/author\/eduardo\/"}]}},"jetpack_publicize_connections":[],"jetpack_featured_media_url":"https:\/\/www.aquimicasa.net\/blog\/wp-content\/uploads\/Alquileres2-2.jpeg","jetpack_sharing_enabled":true,"jetpack_likes_enabled":true,"_links":{"self":[{"href":"https:\/\/www.aquimicasa.net\/blog\/wp-json\/wp\/v2\/posts\/56057","targetHints":{"allow":["GET"]}}],"collection":[{"href":"https:\/\/www.aquimicasa.net\/blog\/wp-json\/wp\/v2\/posts"}],"about":[{"href":"https:\/\/www.aquimicasa.net\/blog\/wp-json\/wp\/v2\/types\/post"}],"author":[{"embeddable":true,"href":"https:\/\/www.aquimicasa.net\/blog\/wp-json\/wp\/v2\/users\/3"}],"replies":[{"embeddable":true,"href":"https:\/\/www.aquimicasa.net\/blog\/wp-json\/wp\/v2\/comments?post=56057"}],"version-history":[{"count":2,"href":"https:\/\/www.aquimicasa.net\/blog\/wp-json\/wp\/v2\/posts\/56057\/revisions"}],"predecessor-version":[{"id":56059,"href":"https:\/\/www.aquimicasa.net\/blog\/wp-json\/wp\/v2\/posts\/56057\/revisions\/56059"}],"wp:featuredmedia":[{"embeddable":true,"href":"https:\/\/www.aquimicasa.net\/blog\/wp-json\/wp\/v2\/media\/47002"}],"wp:attachment":[{"href":"https:\/\/www.aquimicasa.net\/blog\/wp-json\/wp\/v2\/media?parent=56057"}],"wp:term":[{"taxonomy":"category","embeddable":true,"href":"https:\/\/www.aquimicasa.net\/blog\/wp-json\/wp\/v2\/categories?post=56057"},{"taxonomy":"post_tag","embeddable":true,"href":"https:\/\/www.aquimicasa.net\/blog\/wp-json\/wp\/v2\/tags?post=56057"}],"curies":[{"name":"wp","href":"https:\/\/api.w.org\/{rel}","templated":true}]}}