{"id":56062,"date":"2026-04-25T23:07:57","date_gmt":"2026-04-25T21:07:57","guid":{"rendered":"https:\/\/www.aquimicasa.net\/blog\/?p=56062"},"modified":"2026-04-25T23:07:57","modified_gmt":"2026-04-25T21:07:57","slug":"santiago-de-compostela-nueva-zona-residencial-tensionada","status":"publish","type":"post","link":"https:\/\/www.aquimicasa.net\/blog\/vivienda\/alquileres\/santiago-de-compostela-nueva-zona-residencial-tensionada\/","title":{"rendered":"Santiago de Compostela, nueva zona residencial tensionada"},"content":{"rendered":"<div class=\"fusion-fullwidth fullwidth-box fusion-builder-row-1 fusion-flex-container nonhundred-percent-fullwidth non-hundred-percent-height-scrolling\" style=\"background-color: rgba(255,255,255,0);background-position: center center;background-repeat: no-repeat;border-width: 0px 0px 0px 0px;border-color:#eae9e9;border-style:solid;\" ><div class=\"fusion-builder-row fusion-row fusion-flex-align-items-flex-start\" style=\"max-width:1144px;margin-left: calc(-4% \/ 2 );margin-right: calc(-4% \/ 2 );\"><div class=\"fusion-layout-column fusion_builder_column fusion-builder-column-0 fusion_builder_column_1_1 1_1 fusion-flex-column\"><div class=\"fusion-column-wrapper fusion-flex-justify-content-flex-start fusion-content-layout-column\" style=\"background-position:left top;background-repeat:no-repeat;-webkit-background-size:cover;-moz-background-size:cover;-o-background-size:cover;background-size:cover;padding: 0px 0px 0px 0px;\"><div class=\"fusion-text fusion-text-1\"><h2 class=\"font-claude-response-body break-words whitespace-normal leading-&#091;1.7&#093;\"><strong>El Concello compostelano logra el visto bueno de la Xunta en su segunda solicitud<\/strong><\/h2>\n<p class=\"font-claude-response-body break-words whitespace-normal leading-&#091;1.7&#093;\">Al segundo intento, y con mejor documentaci\u00f3n, el Concello de Santiago de Compostela ha obtenido de la Xunta de Galicia el reconocimiento formal como zona de mercado residencial tensionado, al amparo de la <strong>Ley estatal 12\/2023 de acceso a la vivienda<\/strong>. La norma, que establece mecanismos de control de alquileres en los mercados declarados tensionados, ya hab\u00eda sido solicitada por el gobierno municipal \u2014formado por el BNG y Compostela Aberta\u2014 en mayo de 2024. La Conseller\u00eda de Vivenda devolvi\u00f3 entonces el expediente exigiendo m\u00e1s documentaci\u00f3n justificativa. Lecci\u00f3n aprendida: el Ayuntamiento recurri\u00f3 a la misma consultora que hab\u00eda resuelto el mismo tr\u00e1mite en A Coru\u00f1a y present\u00f3 un segundo informe en marzo de 2026 que esta vez s\u00ed ha superado el filtro auton\u00f3mico.<\/p>\n<p class=\"font-claude-response-body break-words whitespace-normal leading-&#091;1.7&#093;\">La resoluci\u00f3n del <strong>Instituto Galego da Vivenda e Solo (IGVS)<\/strong>, fechada el 10 de marzo de 2026, constata que la capital gallega cumple uno de los cuatro criterios posibles para la declaraci\u00f3n: el precio del alquiler ha crecido en los cinco a\u00f1os anteriores un acumulado de al menos tres puntos por encima del IPC gallego. En concreto, las rentas de arrendamiento subieron un <strong>40,2 % entre 2019 y 2024<\/strong>, mientras el IPC acumulado en Galicia se quedaba en el 20 %. Incluso con los datos m\u00e1s conservadores del Atlas de Vivienda del Ministerio, el criterio se supera con holgura para el per\u00edodo 2019-2023. Con cumplir uno basta, y el informe no se anda con m\u00e1s argucias.<\/p>\n<p class=\"font-claude-response-body break-words whitespace-normal leading-&#091;1.7&#093;\">Con esto, Santiago se convierte en la <strong>segunda ciudad gallega declarada zona tensionada<\/strong>, siguiendo los pasos de A Coru\u00f1a, cuya declaraci\u00f3n entr\u00f3 en vigor el 30 de julio de 2025. El proceso operativo a\u00fan no ha concluido: la resoluci\u00f3n producir\u00e1 efectos desde el d\u00eda siguiente a su publicaci\u00f3n en el <strong>Bolet\u00edn Oficial del Estado<\/strong>, y el Concello dispone de dos meses desde la notificaci\u00f3n para presentar el plan espec\u00edfico de medidas correctoras ante el IGVS. Burocracia sobre burocracia, que en Espa\u00f1a es lo que hay.<\/p>\n<h2 class=\"font-claude-response-body break-words whitespace-normal leading-&#091;1.7&#093;\"><strong>La Xunta firma y, de paso, aprovecha para dejar claro que no le gusta nada<\/strong><\/h2>\n<p class=\"font-claude-response-body break-words whitespace-normal leading-&#091;1.7&#093;\">Lo m\u00e1s llamativo del proceso compostelano no es el resultado, sino el contexto pol\u00edtico que lo rodea. La administraci\u00f3n auton\u00f3mica del PPdeG ha aceptado la solicitud porque los datos son objetivamente irrefutables, pero no ha renunciado a dejar constancia de su posici\u00f3n: la Xunta <strong>reitera que sigue en contra de la medida<\/strong> y que considera que no tiene efectos reales sobre el mercado residencial. Vienen a decir que firman, pero que conste en acta que no les convence.<\/p>\n<p class=\"font-claude-response-body break-words whitespace-normal leading-&#091;1.7&#093;\">Esta contradicci\u00f3n \u2014validar una declaraci\u00f3n que t\u00e9cnica y legalmente procede mientras se desacredita su utilidad\u2014 resume bastante bien la relaci\u00f3n de muchas administraciones auton\u00f3micas con la Ley de Vivienda: se aplica porque hay que aplicarla, no porque se crea en ella. Mentar al diablo con cara de p\u00f3quer.<\/p>\n<h2 class=\"font-claude-response-body break-words whitespace-normal leading-&#091;1.7&#093;\"><strong>M\u00e1s de 300 municipios tensionados en Espa\u00f1a, con resultados que invitan a la prudencia<\/strong><\/h2>\n<p class=\"font-claude-response-body break-words whitespace-normal leading-&#091;1.7&#093;\">Santiago no llega a este escenario de vac\u00edo. Actualmente hay en Espa\u00f1a <strong>m\u00e1s de 300 municipios declarados zonas de mercado residencial tensionado<\/strong>. Catalu\u00f1a fue la pionera: entre marzo y octubre de 2024, un total de 271 municipios catalanes quedaron bajo este r\u00e9gimen. En 2025 se sumaron m\u00e1s de treinta localidades vascas y navarras, adem\u00e1s de A Coru\u00f1a. Renter\u00eda (Guip\u00fazcoa) fue el primer municipio declarado tensionado fuera de Catalu\u00f1a, con efectos desde el 31 de enero de 2025. El 1 de mayo siguieron Lasarte-Oria, Zumaya, Ir\u00fan y Baracaldo; el 29 de julio se incorporaron San Sebasti\u00e1n, Gald\u00e1cano, A Coru\u00f1a y 21 municipios navarros encabezados por Pamplona; y en febrero de 2026 se a\u00f1adieron Hernani, Lezo y Tolosa. Euskadi acumula ya 14 mercados tensionados, con tres m\u00e1s en camino.<\/p>\n<p class=\"font-claude-response-body break-words whitespace-normal leading-&#091;1.7&#093;\">Las <strong>restricciones que implica la declaraci\u00f3n<\/strong> son conocidas: en nuevos contratos con peque\u00f1os propietarios, el precio queda limitado a la renta del contrato anterior actualizada seg\u00fan el \u00edndice del INE; si el propietario es gran tenedor \u2014categor\u00eda que en zonas tensionadas baja a cinco inmuebles\u2014, se aplica el <strong>\u00cdndice de Referencia de Precios del MIVAU<\/strong>; los inquilinos con contrato en vigor pueden solicitar una pr\u00f3rroga extraordinaria de hasta tres a\u00f1os en las mismas condiciones; y existen bonificaciones en el IRPF de entre el <strong>50 y el 90 %<\/strong> para el alquiler de larga duraci\u00f3n.<\/p>\n<h2 class=\"font-claude-response-body break-words whitespace-normal leading-&#091;1.7&#093;\"><strong>\u00a0Lo que dicen los datos all\u00ed donde ya se aplica<\/strong><\/h2>\n<p class=\"font-claude-response-body break-words whitespace-normal leading-&#091;1.7&#093;\">El problema es que los resultados observables hasta ahora no son precisamente un argumento de venta para la medida. En Catalu\u00f1a, donde los topes llevan m\u00e1s tiempo en vigor, lo m\u00e1s destacado es la <strong>p\u00e9rdida masiva de oferta de alquiler de larga duraci\u00f3n<\/strong>, con un trasvase generalizado hacia el alquiler temporal. Los precios en las zonas tensionadas han crecido algo por debajo de la media nacional, pero la renta media ha marcado <strong>m\u00e1ximos hist\u00f3ricos<\/strong> en el conjunto de la comunidad, incluyendo municipios tensionados como Barcelona, y la firma de nuevos contratos cae con fuerza mientras la superficie media de los pisos alquilados se reduce. Menos piso, m\u00e1s caro por metro cuadrado: no es exactamente lo que se buscaba.<\/p>\n<p class=\"font-claude-response-body break-words whitespace-normal leading-&#091;1.7&#093;\">En Navarra, el \u00faltimo informe del Observatorio de Vivienda muestra que las rentas bajan tanto en zonas tensionadas como en zonas no tensionadas \u2014lo que hace dif\u00edcil atribuir el efecto a la medida\u2014, la superficie media arrendada encoge y la comparativa trimestral de contratos firmados acusa un <strong>desplome del 44 %<\/strong>, con creciente peso del alquiler temporal. En A Coru\u00f1a, a\u00fan con menos recorrido temporal, la entrada en vigor del control de rentas ha coincidido con una <strong>ca\u00edda del 70 % en la firma de contratos<\/strong>, seg\u00fan el propio Observatorio de Vivienda de Galicia, con precios ligeramente a la baja pero con el precio por metro cuadrado estabilizado.<\/p>\n<p class=\"font-claude-response-body break-words whitespace-normal leading-&#091;1.7&#093;\">La oferta actual en Santiago ronda los <strong>245 inmuebles <\/strong>a un precio medio de 12,16 euros\/m\u00b2\/mes, por debajo del promedio nacional de 15 euros. Es un mercado relativamente peque\u00f1o, lo que hace a\u00fan m\u00e1s imprevisible el efecto de la intervenci\u00f3n. Lo que s\u00ed es previsible, a juzgar por lo ocurrido en otras ciudades, es que una parte de esa oferta encuentre la salida del alquiler temporal antes de que la tinta del BOE se seque.<\/p>\n<\/div><\/div><style type=\"text\/css\">.fusion-body .fusion-builder-column-0{width:100% !important;margin-top : 0px;margin-bottom : 0px;}.fusion-builder-column-0 > .fusion-column-wrapper {padding-top : 0px !important;padding-right : 0px !important;margin-right : 1.92%;padding-bottom : 0px !important;padding-left : 0px !important;margin-left : 1.92%;}@media only screen and (max-width:1024px) {.fusion-body .fusion-builder-column-0{width:100% !important;}.fusion-builder-column-0 > .fusion-column-wrapper {margin-right : 1.92%;margin-left : 1.92%;}}@media only screen and (max-width:640px) {.fusion-body .fusion-builder-column-0{width:100% !important;}.fusion-builder-column-0 > .fusion-column-wrapper {margin-right : 1.92%;margin-left : 1.92%;}}<\/style><\/div><\/div><style type=\"text\/css\">.fusion-body .fusion-flex-container.fusion-builder-row-1{ padding-top : 0px;margin-top : 0px;padding-right : 0px;padding-bottom : 0px;margin-bottom : 0px;padding-left : 0px;}<\/style><\/div>\n","protected":false},"excerpt":{"rendered":"<p>La oferta actual en Santiago ronda los 245 inmuebles a un precio medio de 12,16 euros\/m\u00b2\/mes, por debajo del promedio nacional de 15 euros. Es un mercado relativamente peque\u00f1o, lo que hace a\u00fan m\u00e1s imprevisible el efecto de la intervenci\u00f3n. Lo que s\u00ed es previsible, a juzgar por lo ocurrido en otras ciudades, es que una parte de esa oferta encuentre la salida del alquiler temporal antes de que la tinta del BOE se seque.<\/p>\n","protected":false},"author":3,"featured_media":52597,"comment_status":"closed","ping_status":"closed","sticky":false,"template":"","format":"standard","meta":{"_jetpack_memberships_contains_paid_content":false,"footnotes":"","jetpack_publicize_message":"","jetpack_publicize_feature_enabled":true,"jetpack_social_post_already_shared":true,"jetpack_social_options":{"image_generator_settings":{"template":"highway","default_image_id":0,"font":"","enabled":false},"version":2}},"categories":[120],"tags":[8293],"class_list":["post-56062","post","type-post","status-publish","format-standard","has-post-thumbnail","hentry","category-alquileres","tag-newsletter-563"],"yoast_head":"<!-- This site is optimized with the Yoast SEO plugin v27.4 - https:\/\/yoast.com\/product\/yoast-seo-wordpress\/ -->\n<title>Santiago de Compostela, nueva zona residencial tensionada<\/title>\n<meta name=\"description\" content=\"Santiago se convierte en la segunda ciudad gallega declarada zona tensionada, siguiendo los pasos de A Coru\u00f1a,\" \/>\n<meta name=\"robots\" content=\"index, follow, max-snippet:-1, max-image-preview:large, max-video-preview:-1\" \/>\n<link rel=\"canonical\" href=\"https:\/\/www.aquimicasa.net\/blog\/vivienda\/alquileres\/santiago-de-compostela-nueva-zona-residencial-tensionada\/\" \/>\n<meta property=\"og:locale\" content=\"es_ES\" \/>\n<meta property=\"og:type\" content=\"article\" \/>\n<meta property=\"og:title\" content=\"Santiago de Compostela, nueva zona residencial tensionada\" \/>\n<meta property=\"og:description\" content=\"Santiago se convierte en la segunda ciudad gallega declarada zona tensionada, siguiendo los pasos de A Coru\u00f1a,\" \/>\n<meta property=\"og:url\" content=\"https:\/\/www.aquimicasa.net\/blog\/vivienda\/alquileres\/santiago-de-compostela-nueva-zona-residencial-tensionada\/\" \/>\n<meta property=\"og:site_name\" content=\"Blog de aquimicasa.net\" \/>\n<meta property=\"article:publisher\" content=\"https:\/\/www.facebook.com\/aquimicasa.net\" \/>\n<meta property=\"article:published_time\" content=\"2026-04-25T21:07:57+00:00\" \/>\n<meta property=\"og:image\" content=\"https:\/\/www.aquimicasa.net\/blog\/wp-content\/uploads\/Santiago.jpg\" \/>\n\t<meta property=\"og:image:width\" content=\"600\" \/>\n\t<meta property=\"og:image:height\" content=\"400\" \/>\n\t<meta property=\"og:image:type\" content=\"image\/jpeg\" \/>\n<meta name=\"author\" content=\"Eduardo Lizarraga\" \/>\n<meta name=\"twitter:label1\" content=\"Escrito por\" \/>\n\t<meta name=\"twitter:data1\" content=\"Eduardo Lizarraga\" \/>\n\t<meta name=\"twitter:label2\" content=\"Tiempo de lectura\" \/>\n\t<meta name=\"twitter:data2\" content=\"6 minutos\" \/>\n<script type=\"application\/ld+json\" class=\"yoast-schema-graph\">{\"@context\":\"https:\\\/\\\/schema.org\",\"@graph\":[{\"@type\":\"Article\",\"@id\":\"https:\\\/\\\/www.aquimicasa.net\\\/blog\\\/vivienda\\\/alquileres\\\/santiago-de-compostela-nueva-zona-residencial-tensionada\\\/#article\",\"isPartOf\":{\"@id\":\"https:\\\/\\\/www.aquimicasa.net\\\/blog\\\/vivienda\\\/alquileres\\\/santiago-de-compostela-nueva-zona-residencial-tensionada\\\/\"},\"author\":{\"name\":\"Eduardo Lizarraga\",\"@id\":\"https:\\\/\\\/www.aquimicasa.net\\\/blog\\\/#\\\/schema\\\/person\\\/2cdfa2605534583395c8d7ce1d6cac14\"},\"headline\":\"Santiago de Compostela, nueva zona residencial tensionada\",\"datePublished\":\"2026-04-25T21:07:57+00:00\",\"mainEntityOfPage\":{\"@id\":\"https:\\\/\\\/www.aquimicasa.net\\\/blog\\\/vivienda\\\/alquileres\\\/santiago-de-compostela-nueva-zona-residencial-tensionada\\\/\"},\"wordCount\":1317,\"publisher\":{\"@id\":\"https:\\\/\\\/www.aquimicasa.net\\\/blog\\\/#organization\"},\"image\":{\"@id\":\"https:\\\/\\\/www.aquimicasa.net\\\/blog\\\/vivienda\\\/alquileres\\\/santiago-de-compostela-nueva-zona-residencial-tensionada\\\/#primaryimage\"},\"thumbnailUrl\":\"https:\\\/\\\/www.aquimicasa.net\\\/blog\\\/wp-content\\\/uploads\\\/Santiago.jpg\",\"keywords\":[\"newsletter 563\"],\"articleSection\":[\"Alquiler\"],\"inLanguage\":\"es\"},{\"@type\":\"WebPage\",\"@id\":\"https:\\\/\\\/www.aquimicasa.net\\\/blog\\\/vivienda\\\/alquileres\\\/santiago-de-compostela-nueva-zona-residencial-tensionada\\\/\",\"url\":\"https:\\\/\\\/www.aquimicasa.net\\\/blog\\\/vivienda\\\/alquileres\\\/santiago-de-compostela-nueva-zona-residencial-tensionada\\\/\",\"name\":\"Santiago de Compostela, nueva zona residencial tensionada\",\"isPartOf\":{\"@id\":\"https:\\\/\\\/www.aquimicasa.net\\\/blog\\\/#website\"},\"primaryImageOfPage\":{\"@id\":\"https:\\\/\\\/www.aquimicasa.net\\\/blog\\\/vivienda\\\/alquileres\\\/santiago-de-compostela-nueva-zona-residencial-tensionada\\\/#primaryimage\"},\"image\":{\"@id\":\"https:\\\/\\\/www.aquimicasa.net\\\/blog\\\/vivienda\\\/alquileres\\\/santiago-de-compostela-nueva-zona-residencial-tensionada\\\/#primaryimage\"},\"thumbnailUrl\":\"https:\\\/\\\/www.aquimicasa.net\\\/blog\\\/wp-content\\\/uploads\\\/Santiago.jpg\",\"datePublished\":\"2026-04-25T21:07:57+00:00\",\"description\":\"Santiago se convierte en la segunda ciudad gallega declarada zona tensionada, siguiendo los pasos de A Coru\u00f1a,\",\"breadcrumb\":{\"@id\":\"https:\\\/\\\/www.aquimicasa.net\\\/blog\\\/vivienda\\\/alquileres\\\/santiago-de-compostela-nueva-zona-residencial-tensionada\\\/#breadcrumb\"},\"inLanguage\":\"es\",\"potentialAction\":[{\"@type\":\"ReadAction\",\"target\":[\"https:\\\/\\\/www.aquimicasa.net\\\/blog\\\/vivienda\\\/alquileres\\\/santiago-de-compostela-nueva-zona-residencial-tensionada\\\/\"]}]},{\"@type\":\"ImageObject\",\"inLanguage\":\"es\",\"@id\":\"https:\\\/\\\/www.aquimicasa.net\\\/blog\\\/vivienda\\\/alquileres\\\/santiago-de-compostela-nueva-zona-residencial-tensionada\\\/#primaryimage\",\"url\":\"https:\\\/\\\/www.aquimicasa.net\\\/blog\\\/wp-content\\\/uploads\\\/Santiago.jpg\",\"contentUrl\":\"https:\\\/\\\/www.aquimicasa.net\\\/blog\\\/wp-content\\\/uploads\\\/Santiago.jpg\",\"width\":600,\"height\":400,\"caption\":\"Santiago zona tensionada\"},{\"@type\":\"BreadcrumbList\",\"@id\":\"https:\\\/\\\/www.aquimicasa.net\\\/blog\\\/vivienda\\\/alquileres\\\/santiago-de-compostela-nueva-zona-residencial-tensionada\\\/#breadcrumb\",\"itemListElement\":[{\"@type\":\"ListItem\",\"position\":1,\"name\":\"Portada\",\"item\":\"https:\\\/\\\/www.aquimicasa.net\\\/blog\\\/\"},{\"@type\":\"ListItem\",\"position\":2,\"name\":\"Santiago de Compostela, nueva zona residencial tensionada\"}]},{\"@type\":\"WebSite\",\"@id\":\"https:\\\/\\\/www.aquimicasa.net\\\/blog\\\/#website\",\"url\":\"https:\\\/\\\/www.aquimicasa.net\\\/blog\\\/\",\"name\":\"Blog de aquimicasa.net\",\"description\":\"Noticias del Mundo Inmobiliario\",\"publisher\":{\"@id\":\"https:\\\/\\\/www.aquimicasa.net\\\/blog\\\/#organization\"},\"potentialAction\":[{\"@type\":\"SearchAction\",\"target\":{\"@type\":\"EntryPoint\",\"urlTemplate\":\"https:\\\/\\\/www.aquimicasa.net\\\/blog\\\/?s={search_term_string}\"},\"query-input\":{\"@type\":\"PropertyValueSpecification\",\"valueRequired\":true,\"valueName\":\"search_term_string\"}}],\"inLanguage\":\"es\"},{\"@type\":\"Organization\",\"@id\":\"https:\\\/\\\/www.aquimicasa.net\\\/blog\\\/#organization\",\"name\":\"Blog de aquimicasa.net\",\"url\":\"https:\\\/\\\/www.aquimicasa.net\\\/blog\\\/\",\"logo\":{\"@type\":\"ImageObject\",\"inLanguage\":\"es\",\"@id\":\"https:\\\/\\\/www.aquimicasa.net\\\/blog\\\/#\\\/schema\\\/logo\\\/image\\\/\",\"url\":\"https:\\\/\\\/www.aquimicasa.net\\\/blog\\\/wp-content\\\/uploads\\\/Logo-aquimicasa-1-e1528048213782.png\",\"contentUrl\":\"https:\\\/\\\/www.aquimicasa.net\\\/blog\\\/wp-content\\\/uploads\\\/Logo-aquimicasa-1-e1528048213782.png\",\"width\":225,\"height\":225,\"caption\":\"Blog de aquimicasa.net\"},\"image\":{\"@id\":\"https:\\\/\\\/www.aquimicasa.net\\\/blog\\\/#\\\/schema\\\/logo\\\/image\\\/\"},\"sameAs\":[\"https:\\\/\\\/www.facebook.com\\\/aquimicasa.net\",\"https:\\\/\\\/www.instagram.com\\\/\",\"https:\\\/\\\/x.com\\\/EduLizarragaD\",\"https:\\\/\\\/www.linkedin.com\\\/feed\\\/\"]},{\"@type\":\"Person\",\"@id\":\"https:\\\/\\\/www.aquimicasa.net\\\/blog\\\/#\\\/schema\\\/person\\\/2cdfa2605534583395c8d7ce1d6cac14\",\"name\":\"Eduardo Lizarraga\",\"image\":{\"@type\":\"ImageObject\",\"inLanguage\":\"es\",\"@id\":\"https:\\\/\\\/secure.gravatar.com\\\/avatar\\\/bdabe1eeeed97b65a9cb7de2edd624b07995f7e13abc5fead15961f745f908cc?s=96&d=mm&r=g\",\"url\":\"https:\\\/\\\/secure.gravatar.com\\\/avatar\\\/bdabe1eeeed97b65a9cb7de2edd624b07995f7e13abc5fead15961f745f908cc?s=96&d=mm&r=g\",\"contentUrl\":\"https:\\\/\\\/secure.gravatar.com\\\/avatar\\\/bdabe1eeeed97b65a9cb7de2edd624b07995f7e13abc5fead15961f745f908cc?s=96&d=mm&r=g\",\"caption\":\"Eduardo Lizarraga\"},\"description\":\"Periodista Econ\u00f3mico. Ha trabajado en diversos campos de la informaci\u00f3n. Corresponsal en conflictos, analista pol\u00edtico en Congreso y Senado, periodista del medio ambiente, editor, director editorial, director de comunicaci\u00f3n.... En estos momentos se ha especializado en el sector inmobiliario. Pero tambi\u00e9n es navegante y viajero, preocupado por la pobreza, el medio ambiente y por las actuaciones descontroladas del neoliberalismo empresarial y pol\u00edtico en todo el mundo. Los desahucios, la pobreza infantil y la falta de acceso a los suministros b\u00e1sicos son algunos de los grandes dramas de nuestra sociedad y que es preciso solucionar para hacerla m\u00e1s justa. CEO en www.aquimicasa.net\",\"sameAs\":[\"https:\\\/\\\/www.aquimicasa.net\\\/\"],\"url\":\"https:\\\/\\\/www.aquimicasa.net\\\/blog\\\/author\\\/eduardo\\\/\"}]}<\/script>\n<!-- \/ Yoast SEO plugin. -->","yoast_head_json":{"title":"Santiago de Compostela, nueva zona residencial tensionada","description":"Santiago se convierte en la segunda ciudad gallega declarada zona tensionada, siguiendo los pasos de A Coru\u00f1a,","robots":{"index":"index","follow":"follow","max-snippet":"max-snippet:-1","max-image-preview":"max-image-preview:large","max-video-preview":"max-video-preview:-1"},"canonical":"https:\/\/www.aquimicasa.net\/blog\/vivienda\/alquileres\/santiago-de-compostela-nueva-zona-residencial-tensionada\/","og_locale":"es_ES","og_type":"article","og_title":"Santiago de Compostela, nueva zona residencial tensionada","og_description":"Santiago se convierte en la segunda ciudad gallega declarada zona tensionada, siguiendo los pasos de A Coru\u00f1a,","og_url":"https:\/\/www.aquimicasa.net\/blog\/vivienda\/alquileres\/santiago-de-compostela-nueva-zona-residencial-tensionada\/","og_site_name":"Blog de aquimicasa.net","article_publisher":"https:\/\/www.facebook.com\/aquimicasa.net","article_published_time":"2026-04-25T21:07:57+00:00","og_image":[{"width":600,"height":400,"url":"https:\/\/www.aquimicasa.net\/blog\/wp-content\/uploads\/Santiago.jpg","type":"image\/jpeg"}],"author":"Eduardo Lizarraga","twitter_misc":{"Escrito por":"Eduardo Lizarraga","Tiempo de lectura":"6 minutos"},"schema":{"@context":"https:\/\/schema.org","@graph":[{"@type":"Article","@id":"https:\/\/www.aquimicasa.net\/blog\/vivienda\/alquileres\/santiago-de-compostela-nueva-zona-residencial-tensionada\/#article","isPartOf":{"@id":"https:\/\/www.aquimicasa.net\/blog\/vivienda\/alquileres\/santiago-de-compostela-nueva-zona-residencial-tensionada\/"},"author":{"name":"Eduardo Lizarraga","@id":"https:\/\/www.aquimicasa.net\/blog\/#\/schema\/person\/2cdfa2605534583395c8d7ce1d6cac14"},"headline":"Santiago de Compostela, nueva zona residencial tensionada","datePublished":"2026-04-25T21:07:57+00:00","mainEntityOfPage":{"@id":"https:\/\/www.aquimicasa.net\/blog\/vivienda\/alquileres\/santiago-de-compostela-nueva-zona-residencial-tensionada\/"},"wordCount":1317,"publisher":{"@id":"https:\/\/www.aquimicasa.net\/blog\/#organization"},"image":{"@id":"https:\/\/www.aquimicasa.net\/blog\/vivienda\/alquileres\/santiago-de-compostela-nueva-zona-residencial-tensionada\/#primaryimage"},"thumbnailUrl":"https:\/\/www.aquimicasa.net\/blog\/wp-content\/uploads\/Santiago.jpg","keywords":["newsletter 563"],"articleSection":["Alquiler"],"inLanguage":"es"},{"@type":"WebPage","@id":"https:\/\/www.aquimicasa.net\/blog\/vivienda\/alquileres\/santiago-de-compostela-nueva-zona-residencial-tensionada\/","url":"https:\/\/www.aquimicasa.net\/blog\/vivienda\/alquileres\/santiago-de-compostela-nueva-zona-residencial-tensionada\/","name":"Santiago de Compostela, nueva zona residencial tensionada","isPartOf":{"@id":"https:\/\/www.aquimicasa.net\/blog\/#website"},"primaryImageOfPage":{"@id":"https:\/\/www.aquimicasa.net\/blog\/vivienda\/alquileres\/santiago-de-compostela-nueva-zona-residencial-tensionada\/#primaryimage"},"image":{"@id":"https:\/\/www.aquimicasa.net\/blog\/vivienda\/alquileres\/santiago-de-compostela-nueva-zona-residencial-tensionada\/#primaryimage"},"thumbnailUrl":"https:\/\/www.aquimicasa.net\/blog\/wp-content\/uploads\/Santiago.jpg","datePublished":"2026-04-25T21:07:57+00:00","description":"Santiago se convierte en la segunda ciudad gallega declarada zona tensionada, siguiendo los pasos de A Coru\u00f1a,","breadcrumb":{"@id":"https:\/\/www.aquimicasa.net\/blog\/vivienda\/alquileres\/santiago-de-compostela-nueva-zona-residencial-tensionada\/#breadcrumb"},"inLanguage":"es","potentialAction":[{"@type":"ReadAction","target":["https:\/\/www.aquimicasa.net\/blog\/vivienda\/alquileres\/santiago-de-compostela-nueva-zona-residencial-tensionada\/"]}]},{"@type":"ImageObject","inLanguage":"es","@id":"https:\/\/www.aquimicasa.net\/blog\/vivienda\/alquileres\/santiago-de-compostela-nueva-zona-residencial-tensionada\/#primaryimage","url":"https:\/\/www.aquimicasa.net\/blog\/wp-content\/uploads\/Santiago.jpg","contentUrl":"https:\/\/www.aquimicasa.net\/blog\/wp-content\/uploads\/Santiago.jpg","width":600,"height":400,"caption":"Santiago zona tensionada"},{"@type":"BreadcrumbList","@id":"https:\/\/www.aquimicasa.net\/blog\/vivienda\/alquileres\/santiago-de-compostela-nueva-zona-residencial-tensionada\/#breadcrumb","itemListElement":[{"@type":"ListItem","position":1,"name":"Portada","item":"https:\/\/www.aquimicasa.net\/blog\/"},{"@type":"ListItem","position":2,"name":"Santiago de Compostela, nueva zona residencial tensionada"}]},{"@type":"WebSite","@id":"https:\/\/www.aquimicasa.net\/blog\/#website","url":"https:\/\/www.aquimicasa.net\/blog\/","name":"Blog de aquimicasa.net","description":"Noticias del Mundo Inmobiliario","publisher":{"@id":"https:\/\/www.aquimicasa.net\/blog\/#organization"},"potentialAction":[{"@type":"SearchAction","target":{"@type":"EntryPoint","urlTemplate":"https:\/\/www.aquimicasa.net\/blog\/?s={search_term_string}"},"query-input":{"@type":"PropertyValueSpecification","valueRequired":true,"valueName":"search_term_string"}}],"inLanguage":"es"},{"@type":"Organization","@id":"https:\/\/www.aquimicasa.net\/blog\/#organization","name":"Blog de aquimicasa.net","url":"https:\/\/www.aquimicasa.net\/blog\/","logo":{"@type":"ImageObject","inLanguage":"es","@id":"https:\/\/www.aquimicasa.net\/blog\/#\/schema\/logo\/image\/","url":"https:\/\/www.aquimicasa.net\/blog\/wp-content\/uploads\/Logo-aquimicasa-1-e1528048213782.png","contentUrl":"https:\/\/www.aquimicasa.net\/blog\/wp-content\/uploads\/Logo-aquimicasa-1-e1528048213782.png","width":225,"height":225,"caption":"Blog de aquimicasa.net"},"image":{"@id":"https:\/\/www.aquimicasa.net\/blog\/#\/schema\/logo\/image\/"},"sameAs":["https:\/\/www.facebook.com\/aquimicasa.net","https:\/\/www.instagram.com\/","https:\/\/x.com\/EduLizarragaD","https:\/\/www.linkedin.com\/feed\/"]},{"@type":"Person","@id":"https:\/\/www.aquimicasa.net\/blog\/#\/schema\/person\/2cdfa2605534583395c8d7ce1d6cac14","name":"Eduardo Lizarraga","image":{"@type":"ImageObject","inLanguage":"es","@id":"https:\/\/secure.gravatar.com\/avatar\/bdabe1eeeed97b65a9cb7de2edd624b07995f7e13abc5fead15961f745f908cc?s=96&d=mm&r=g","url":"https:\/\/secure.gravatar.com\/avatar\/bdabe1eeeed97b65a9cb7de2edd624b07995f7e13abc5fead15961f745f908cc?s=96&d=mm&r=g","contentUrl":"https:\/\/secure.gravatar.com\/avatar\/bdabe1eeeed97b65a9cb7de2edd624b07995f7e13abc5fead15961f745f908cc?s=96&d=mm&r=g","caption":"Eduardo Lizarraga"},"description":"Periodista Econ\u00f3mico. Ha trabajado en diversos campos de la informaci\u00f3n. Corresponsal en conflictos, analista pol\u00edtico en Congreso y Senado, periodista del medio ambiente, editor, director editorial, director de comunicaci\u00f3n.... En estos momentos se ha especializado en el sector inmobiliario. Pero tambi\u00e9n es navegante y viajero, preocupado por la pobreza, el medio ambiente y por las actuaciones descontroladas del neoliberalismo empresarial y pol\u00edtico en todo el mundo. Los desahucios, la pobreza infantil y la falta de acceso a los suministros b\u00e1sicos son algunos de los grandes dramas de nuestra sociedad y que es preciso solucionar para hacerla m\u00e1s justa. CEO en www.aquimicasa.net","sameAs":["https:\/\/www.aquimicasa.net\/"],"url":"https:\/\/www.aquimicasa.net\/blog\/author\/eduardo\/"}]}},"jetpack_publicize_connections":[],"jetpack_featured_media_url":"https:\/\/www.aquimicasa.net\/blog\/wp-content\/uploads\/Santiago.jpg","jetpack_sharing_enabled":true,"jetpack_likes_enabled":true,"_links":{"self":[{"href":"https:\/\/www.aquimicasa.net\/blog\/wp-json\/wp\/v2\/posts\/56062","targetHints":{"allow":["GET"]}}],"collection":[{"href":"https:\/\/www.aquimicasa.net\/blog\/wp-json\/wp\/v2\/posts"}],"about":[{"href":"https:\/\/www.aquimicasa.net\/blog\/wp-json\/wp\/v2\/types\/post"}],"author":[{"embeddable":true,"href":"https:\/\/www.aquimicasa.net\/blog\/wp-json\/wp\/v2\/users\/3"}],"replies":[{"embeddable":true,"href":"https:\/\/www.aquimicasa.net\/blog\/wp-json\/wp\/v2\/comments?post=56062"}],"version-history":[{"count":4,"href":"https:\/\/www.aquimicasa.net\/blog\/wp-json\/wp\/v2\/posts\/56062\/revisions"}],"predecessor-version":[{"id":56067,"href":"https:\/\/www.aquimicasa.net\/blog\/wp-json\/wp\/v2\/posts\/56062\/revisions\/56067"}],"wp:featuredmedia":[{"embeddable":true,"href":"https:\/\/www.aquimicasa.net\/blog\/wp-json\/wp\/v2\/media\/52597"}],"wp:attachment":[{"href":"https:\/\/www.aquimicasa.net\/blog\/wp-json\/wp\/v2\/media?parent=56062"}],"wp:term":[{"taxonomy":"category","embeddable":true,"href":"https:\/\/www.aquimicasa.net\/blog\/wp-json\/wp\/v2\/categories?post=56062"},{"taxonomy":"post_tag","embeddable":true,"href":"https:\/\/www.aquimicasa.net\/blog\/wp-json\/wp\/v2\/tags?post=56062"}],"curies":[{"name":"wp","href":"https:\/\/api.w.org\/{rel}","templated":true}]}}