{"id":56078,"date":"2026-04-27T21:58:32","date_gmt":"2026-04-27T19:58:32","guid":{"rendered":"https:\/\/www.aquimicasa.net\/blog\/?p=56078"},"modified":"2026-04-27T21:58:32","modified_gmt":"2026-04-27T19:58:32","slug":"tres-municipios-vascos-se-unen-a-la-lista-de-zonas-tensionadas","status":"publish","type":"post","link":"https:\/\/www.aquimicasa.net\/blog\/vivienda\/alquileres\/tres-municipios-vascos-se-unen-a-la-lista-de-zonas-tensionadas\/","title":{"rendered":"Tres municipios vascos se unen a la lista de zonas tensionadas"},"content":{"rendered":"<div class=\"fusion-fullwidth fullwidth-box fusion-builder-row-1 fusion-flex-container nonhundred-percent-fullwidth non-hundred-percent-height-scrolling\" style=\"background-color: rgba(255,255,255,0);background-position: center center;background-repeat: no-repeat;border-width: 0px 0px 0px 0px;border-color:#eae9e9;border-style:solid;\" ><div class=\"fusion-builder-row fusion-row fusion-flex-align-items-flex-start\" style=\"max-width:1144px;margin-left: calc(-4% \/ 2 );margin-right: calc(-4% \/ 2 );\"><div class=\"fusion-layout-column fusion_builder_column fusion-builder-column-0 fusion_builder_column_1_1 1_1 fusion-flex-column\"><div class=\"fusion-column-wrapper fusion-flex-justify-content-flex-start fusion-content-layout-column\" style=\"background-position:left top;background-repeat:no-repeat;-webkit-background-size:cover;-moz-background-size:cover;-o-background-size:cover;background-size:cover;padding: 0px 0px 0px 0px;\"><div class=\"fusion-text fusion-text-1\"><div data-test-render-count=\"1\">\n<div class=\"group\">\n<div class=\"contents\">\n<div class=\"group relative relative pb-3\" data-is-streaming=\"false\">\n<div class=\"font-claude-response relative leading-&#091;1.65rem&#093; &#091;&amp;_pre&gt; &lt;p&gt;div&#093;:bg-bg-000\/50 &#091;&amp;_pre&gt;div&#093;:border-0.5 &#091;&amp;_pre&gt;div&#093;:border-border-400 &#091;&amp;_.ignore-pre-bg&gt;div&#093;:bg-transparent &#091;&amp;_.standard-markdown_:is(p,blockquote,h1,h2,h3,h4,h5,h6)&#093;:pl-2 &#091;&amp;_.standard-markdown_:is(p,blockquote,ul,ol,h1,h2,h3,h4,h5,h6)&#093;:pr-8 &#091;&amp;_.progressive-markdown_:is(p,blockquote,h1,h2,h3,h4,h5,h6)&#093;:pl-2 &#091;&amp;_.progressive-markdown_:is(p,blockquote,ul,ol,h1,h2,h3,h4,h5,h6)&#093;:pr-8\">\n<div class=\"standard-markdown grid-cols-1 grid &#091;&amp;_&gt; &lt;p&gt;_*&#093;:min-w-0 gap-3 standard-markdown\">\n<h2 class=\"font-claude-response-body break-words whitespace-normal leading-&#091;1.7&#093;\"><strong>\u00a0Las zonas tensionadas en el Pa\u00eds Vasco: un mapa que no para de crecer<\/strong><\/h2>\n<p class=\"font-claude-response-body break-words whitespace-normal leading-&#091;1.7&#093;\">Desde este martes 28 de abril, los municipios guipuzcoanos de Arrasate\/Mondrag\u00f3n, Pasaia y Zestoa son oficialmente zonas de mercado residencial tensionado. La declaraci\u00f3n, publicada en el BOE el 27 de abril, tiene una vigencia de tres a\u00f1os y sit\u00faa al Pa\u00eds Vasco como una de las comunidades aut\u00f3nomas con mayor implantaci\u00f3n de esta figura, que ya supera los 300 municipios en toda Espa\u00f1a. Con esta incorporaci\u00f3n, <strong>el 57,5% de la poblaci\u00f3n de Gipuzkoa reside ya en una zona tensionada<\/strong>, un total de 374.455 habitantes. En el conjunto de Euskadi, son ya 17 las localidades declaradas, con m\u00e1s de 1.100.000 habitantes, el 54% de la poblaci\u00f3n vasca.<\/p>\n<p class=\"font-claude-response-body break-words whitespace-normal leading-&#091;1.7&#093;\">Y la lista no ha terminado de crecer. Seg\u00fan el consejero de Vivienda y Agenda Urbana, Denis Itxaso, si se suman los expedientes actualmente en tramitaci\u00f3n \u2014Bergara, Deba, Oiartzun, O\u00f1ati y Orio en Gipuzkoa, m\u00e1s Basauri, Sopela, Urduliz, Gorliz, Bermeo, Lekeitio y Elorrio en Bizkaia\u2014, la cobertura podr\u00eda alcanzar el 57% de la poblaci\u00f3n vasca en los pr\u00f3ximos meses. Que el mercado libre de alquiler haya conseguido que m\u00e1s de la mitad de los vascos vivan en territorios donde el Estado tiene que intervenir para que pagar el alquiler no sea un lujo al alcance de pocos dice mucho, y poco bueno, sobre c\u00f3mo han funcionado las cosas durante d\u00e9cadas.<\/p>\n<h2 class=\"font-claude-response-body break-words whitespace-normal leading-&#091;1.7&#093;\"><strong>Las caracter\u00edsticas de Arrasate, Pasaia y Zestoa: tres realidades, un mismo problema<\/strong><\/h2>\n<p class=\"font-claude-response-body break-words whitespace-normal leading-&#091;1.7&#093;\">Los tres municipios comparten diagn\u00f3stico \u2014escasez de oferta, precios disparados y demanda insatisfecha\u2014 pero presentan perfiles distintos que condicionan las soluciones posibles.<\/p>\n<p class=\"font-claude-response-body break-words whitespace-normal leading-&#091;1.7&#093;\"><strong>Arrasate<\/strong> lleva a\u00f1os sufriendo un crecimiento sostenido de la demanda, especialmente en alquiler, con subidas del 23,9% entre 2017 y 2022, y del 30,7% en trece a\u00f1os. El parque en alquiler representa apenas el 13,9% del total, y el n\u00famero de hogares arrendatarios ha crecido un 87% en poco m\u00e1s de una d\u00e9cada, impulsado por j\u00f3venes y familias con menor capacidad adquisitiva. Su plan de acci\u00f3n contempla la promoci\u00f3n de en torno a 1.000 viviendas protegidas en los pr\u00f3ximos 15 a\u00f1os, junto con la movilizaci\u00f3n de vivienda vac\u00eda mediante un canon de 10 euros por metro cuadrado \u2014con incrementos progresivos del 10% anual hasta triplicarse\u2014. En idealista, en el momento de la declaraci\u00f3n, apenas hab\u00eda cinco inmuebles disponibles, con un precio medio de 11,89 euros\/m\u00b2\/mes.<\/p>\n<p class=\"font-claude-response-body break-words whitespace-normal leading-&#091;1.7&#093;\"><strong>Pasaia<\/strong> es quiz\u00e1s el caso m\u00e1s extremo: las familias destinan de media el 35,9% de sus ingresos al pago de la vivienda, con picos del 37,4% en el distrito de Trintxerpe, por encima del umbral de sobreesfuerzo. El municipio est\u00e1 pr\u00e1cticamente consolidado desde el punto de vista urban\u00edstico, sin suelo disponible para grandes desarrollos. Su plan se apoya en unas 400 viviendas p\u00fablicas distribuidas en promociones como Luzuriaga, Estrataldea o Bordaenea, f\u00f3rmulas alternativas como cooperativas en cesi\u00f3n de uso y una apuesta decidida por la rehabilitaci\u00f3n. En el mercado libre de alquiler apenas hab\u00eda tres unidades disponibles, a un precio medio de 18,62 euros\/m\u00b2\/mes.<\/p>\n<p class=\"font-claude-response-body break-words whitespace-normal leading-&#091;1.7&#093;\"><strong>Zestoa<\/strong>, por su parte, es el municipio m\u00e1s peque\u00f1o de los tres pero con una particularidad llamativa: el 20,6% de sus viviendas no tiene personas empadronadas, y la tasa de vivienda vac\u00eda alcanza el 10,1%, por encima de la media de Gipuzkoa. Su poblaci\u00f3n ha crecido un 22,6% en los \u00faltimos a\u00f1os, pero el parque de vivienda \u2014con una antig\u00fcedad media de m\u00e1s de 46 a\u00f1os y apenas un 2,5% de vivienda protegida\u2014 no ha acompa\u00f1ado ese ritmo. El plan municipal contempla 57 nuevas viviendas orientadas al alquiler social y la movilizaci\u00f3n del parque vac\u00edo mediante canon y programas de intermediaci\u00f3n. En el mercado libre, al declararse la zona tensionada, solo hab\u00eda una vivienda disponible para alquilar.<\/p>\n<h2 class=\"font-claude-response-body break-words whitespace-normal leading-&#091;1.7&#093;\"><strong>Las implicaciones de la declaraci\u00f3n de zona tensionada<\/strong><\/h2>\n<p class=\"font-claude-response-body break-words whitespace-normal leading-&#091;1.7&#093;\">La declaraci\u00f3n como zona de mercado residencial tensionado, recogida en el art\u00edculo 18 de la Ley de Vivienda, activa un conjunto de medidas que afectan tanto a nuevos contratos como a los que ya est\u00e1n en vigor. En los nuevos contratos con peque\u00f1os propietarios, el precio queda limitado a la renta del contrato anterior, actualizada seg\u00fan el \u00edndice que publica el INE. Si la vivienda pertenece a un gran tenedor \u2014aqu\u00ed se considera como tal a quien tenga cinco o m\u00e1s inmuebles residenciales, frente a los diez exigidos fuera de zonas tensionadas\u2014 o lleva m\u00e1s de cinco a\u00f1os sin alquilarse, el precio debe fijarse conforme al \u00cdndice de Referencia de Precios del Ministerio de Vivienda. Los inquilinos con contrato vigente pueden solicitar una pr\u00f3rroga extraordinaria de hasta tres a\u00f1os en las mismas condiciones. Y para quien decida alquilar a largo plazo, existen bonificaciones en el IRPF de entre el 50% y el 90%.<\/p>\n<p class=\"font-claude-response-body break-words whitespace-normal leading-&#091;1.7&#093;\">Adem\u00e1s, la declaraci\u00f3n permite que los tres municipios accedan a los programas auton\u00f3micos <strong>Bizigune<\/strong> \u2014gesti\u00f3n integral del arrendamiento de viviendas vac\u00edas, con pagos a propietarios de 700 euros mensuales en Arrasate y Pasaia, y 747 en Pasaia\u2014 y <strong>Gaztelagun<\/strong>, que ofrece ayudas a menores de 36 a\u00f1os que alquilan viviendas con renta no superior a 800 euros, con dotaciones de hasta 40.000 euros anuales. La declaraci\u00f3n tambi\u00e9n blinda estos municipios frente a la expansi\u00f3n del alquiler tur\u00edstico: desde este lunes, no se podr\u00e1n conceder nuevas licencias de vivienda tur\u00edstica en ninguno de los tres.<\/p>\n<h2 class=\"font-claude-response-body break-words whitespace-normal leading-&#091;1.7&#093;\"><strong>Alokaplus, la nueva herramienta del Gobierno Vasco para propietarios<\/strong><\/h2>\n<p class=\"font-claude-response-body break-words whitespace-normal leading-&#091;1.7&#093;\">El Gobierno Vasco ha anunciado en paralelo el lanzamiento de <strong>Alokaplus<\/strong>, un nuevo programa destinado a incrementar la protecci\u00f3n de los propietarios que pongan sus viviendas en r\u00e9gimen de arrendamiento. La iniciativa pretende ofrecer seguridad jur\u00eddica frente a impagos y desperfectos, cubriendo supuestos que el Real Decreto-ley 11\/2020 apenas contempla de forma parcial. La l\u00f3gica es clara: si el propietario percibe menos riesgo, puede estar m\u00e1s dispuesto a sacar su vivienda al mercado del alquiler. En un contexto donde la oferta es estructuralmente insuficiente \u2014como demuestra que en Zestoa haya literalmente un solo piso disponible para alquilar\u2014, cualquier herramienta que contribuya a movilizar el parque existente merece, al menos, el beneficio de la duda.<\/p>\n<h2 class=\"font-claude-response-body break-words whitespace-normal leading-&#091;1.7&#093;\"><strong>Incrementar la oferta: la asignatura pendiente que las zonas tensionadas no resuelven solas<\/strong><\/h2>\n<p class=\"font-claude-response-body break-words whitespace-normal leading-&#091;1.7&#093;\">En conjunto, los tres municipios contemplan la promoci\u00f3n de cerca de <strong>1.500 nuevas viviendas<\/strong> en los pr\u00f3ximos a\u00f1os, cifra que podr\u00eda elevarse hasta 1.800 si se desarrolla todo el potencial urban\u00edstico previsto. Es un esfuerzo notable para municipios de tama\u00f1o medio, pero conviene no perder de vista que las zonas tensionadas son, ante todo, un instrumento de contenci\u00f3n de precios, no de generaci\u00f3n de oferta. El tope de alquileres frena subidas abusivas, pero no construye pisos. La pol\u00edtica de vivienda que de verdad transforme la situaci\u00f3n estructural necesita suelo, financiaci\u00f3n, voluntad pol\u00edtica y tiempo. Las declaraciones de zona tensionada son el reconocimiento oficial de que el mercado ha fallado. El siguiente paso \u2014m\u00e1s dif\u00edcil y menos visible\u2014 es hacer que no vuelva a fallar.<\/p>\n<\/div>\n<\/div>\n<\/div>\n<\/div>\n<\/div>\n<\/div>\n<\/div><\/div><style type=\"text\/css\">.fusion-body .fusion-builder-column-0{width:100% !important;margin-top : 0px;margin-bottom : 0px;}.fusion-builder-column-0 > .fusion-column-wrapper {padding-top : 0px !important;padding-right : 0px !important;margin-right : 1.92%;padding-bottom : 0px !important;padding-left : 0px !important;margin-left : 1.92%;}@media only screen and (max-width:1024px) {.fusion-body .fusion-builder-column-0{width:100% !important;}.fusion-builder-column-0 > .fusion-column-wrapper {margin-right : 1.92%;margin-left : 1.92%;}}@media only screen and (max-width:640px) {.fusion-body .fusion-builder-column-0{width:100% !important;}.fusion-builder-column-0 > .fusion-column-wrapper {margin-right : 1.92%;margin-left : 1.92%;}}<\/style><\/div><\/div><style type=\"text\/css\">.fusion-body .fusion-flex-container.fusion-builder-row-1{ padding-top : 0px;margin-top : 0px;padding-right : 0px;padding-bottom : 0px;margin-bottom : 0px;padding-left : 0px;}<\/style><\/div>\n","protected":false},"excerpt":{"rendered":"<p>En conjunto, los tres municipios contemplan la promoci\u00f3n de cerca de 1.500 nuevas viviendas en los pr\u00f3ximos a\u00f1os, cifra que podr\u00eda elevarse hasta 1.800 si se desarrolla todo el potencial urban\u00edstico previsto. Es un esfuerzo notable para municipios de tama\u00f1o medio, pero conviene no perder de vista que las zonas tensionadas son, ante todo, un instrumento de contenci\u00f3n de precios, no de generaci\u00f3n de oferta.<\/p>\n","protected":false},"author":3,"featured_media":56084,"comment_status":"closed","ping_status":"closed","sticky":false,"template":"","format":"standard","meta":{"_jetpack_memberships_contains_paid_content":false,"footnotes":"","jetpack_publicize_message":"","jetpack_publicize_feature_enabled":true,"jetpack_social_post_already_shared":true,"jetpack_social_options":{"image_generator_settings":{"template":"highway","default_image_id":0,"font":"","enabled":false},"version":2}},"categories":[120],"tags":[8293],"class_list":["post-56078","post","type-post","status-publish","format-standard","has-post-thumbnail","hentry","category-alquileres","tag-newsletter-563"],"yoast_head":"<!-- This site is optimized with the Yoast SEO plugin v27.4 - https:\/\/yoast.com\/product\/yoast-seo-wordpress\/ -->\n<title>Tres municipios vascos se unen a la lista de zonas tensionadas<\/title>\n<meta name=\"description\" content=\"Los municipios guipuzcoanos de Arrasate\/Mondrag\u00f3n, Pasaia y Zestoa ya son oficialmente zonas de mercado residencial tensionado\" \/>\n<meta name=\"robots\" content=\"index, follow, max-snippet:-1, max-image-preview:large, max-video-preview:-1\" \/>\n<link rel=\"canonical\" href=\"https:\/\/www.aquimicasa.net\/blog\/vivienda\/alquileres\/tres-municipios-vascos-se-unen-a-la-lista-de-zonas-tensionadas\/\" \/>\n<meta property=\"og:locale\" content=\"es_ES\" \/>\n<meta property=\"og:type\" content=\"article\" \/>\n<meta property=\"og:title\" content=\"Tres municipios vascos se unen a la lista de zonas tensionadas\" \/>\n<meta property=\"og:description\" content=\"Los municipios guipuzcoanos de Arrasate\/Mondrag\u00f3n, Pasaia y Zestoa ya son oficialmente zonas de mercado residencial tensionado\" \/>\n<meta property=\"og:url\" content=\"https:\/\/www.aquimicasa.net\/blog\/vivienda\/alquileres\/tres-municipios-vascos-se-unen-a-la-lista-de-zonas-tensionadas\/\" \/>\n<meta property=\"og:site_name\" content=\"Blog de aquimicasa.net\" \/>\n<meta property=\"article:publisher\" content=\"https:\/\/www.facebook.com\/aquimicasa.net\" \/>\n<meta property=\"article:published_time\" content=\"2026-04-27T19:58:32+00:00\" \/>\n<meta property=\"og:image\" content=\"https:\/\/www.aquimicasa.net\/blog\/wp-content\/uploads\/Pasaia-e1777319807537.jpg\" \/>\n\t<meta property=\"og:image:width\" content=\"600\" \/>\n\t<meta property=\"og:image:height\" content=\"450\" \/>\n\t<meta property=\"og:image:type\" content=\"image\/jpeg\" \/>\n<meta name=\"author\" content=\"Eduardo Lizarraga\" \/>\n<meta name=\"twitter:label1\" content=\"Escrito por\" \/>\n\t<meta name=\"twitter:data1\" content=\"Eduardo Lizarraga\" \/>\n\t<meta name=\"twitter:label2\" content=\"Tiempo de lectura\" \/>\n\t<meta name=\"twitter:data2\" content=\"5 minutos\" \/>\n<script type=\"application\/ld+json\" class=\"yoast-schema-graph\">{\"@context\":\"https:\\\/\\\/schema.org\",\"@graph\":[{\"@type\":\"Article\",\"@id\":\"https:\\\/\\\/www.aquimicasa.net\\\/blog\\\/vivienda\\\/alquileres\\\/tres-municipios-vascos-se-unen-a-la-lista-de-zonas-tensionadas\\\/#article\",\"isPartOf\":{\"@id\":\"https:\\\/\\\/www.aquimicasa.net\\\/blog\\\/vivienda\\\/alquileres\\\/tres-municipios-vascos-se-unen-a-la-lista-de-zonas-tensionadas\\\/\"},\"author\":{\"name\":\"Eduardo Lizarraga\",\"@id\":\"https:\\\/\\\/www.aquimicasa.net\\\/blog\\\/#\\\/schema\\\/person\\\/2cdfa2605534583395c8d7ce1d6cac14\"},\"headline\":\"Tres municipios vascos se unen a la lista de zonas tensionadas\",\"datePublished\":\"2026-04-27T19:58:32+00:00\",\"mainEntityOfPage\":{\"@id\":\"https:\\\/\\\/www.aquimicasa.net\\\/blog\\\/vivienda\\\/alquileres\\\/tres-municipios-vascos-se-unen-a-la-lista-de-zonas-tensionadas\\\/\"},\"wordCount\":1442,\"publisher\":{\"@id\":\"https:\\\/\\\/www.aquimicasa.net\\\/blog\\\/#organization\"},\"image\":{\"@id\":\"https:\\\/\\\/www.aquimicasa.net\\\/blog\\\/vivienda\\\/alquileres\\\/tres-municipios-vascos-se-unen-a-la-lista-de-zonas-tensionadas\\\/#primaryimage\"},\"thumbnailUrl\":\"https:\\\/\\\/www.aquimicasa.net\\\/blog\\\/wp-content\\\/uploads\\\/Pasaia-e1777319807537.jpg\",\"keywords\":[\"newsletter 563\"],\"articleSection\":[\"Alquiler\"],\"inLanguage\":\"es\"},{\"@type\":\"WebPage\",\"@id\":\"https:\\\/\\\/www.aquimicasa.net\\\/blog\\\/vivienda\\\/alquileres\\\/tres-municipios-vascos-se-unen-a-la-lista-de-zonas-tensionadas\\\/\",\"url\":\"https:\\\/\\\/www.aquimicasa.net\\\/blog\\\/vivienda\\\/alquileres\\\/tres-municipios-vascos-se-unen-a-la-lista-de-zonas-tensionadas\\\/\",\"name\":\"Tres municipios vascos se unen a la lista de zonas tensionadas\",\"isPartOf\":{\"@id\":\"https:\\\/\\\/www.aquimicasa.net\\\/blog\\\/#website\"},\"primaryImageOfPage\":{\"@id\":\"https:\\\/\\\/www.aquimicasa.net\\\/blog\\\/vivienda\\\/alquileres\\\/tres-municipios-vascos-se-unen-a-la-lista-de-zonas-tensionadas\\\/#primaryimage\"},\"image\":{\"@id\":\"https:\\\/\\\/www.aquimicasa.net\\\/blog\\\/vivienda\\\/alquileres\\\/tres-municipios-vascos-se-unen-a-la-lista-de-zonas-tensionadas\\\/#primaryimage\"},\"thumbnailUrl\":\"https:\\\/\\\/www.aquimicasa.net\\\/blog\\\/wp-content\\\/uploads\\\/Pasaia-e1777319807537.jpg\",\"datePublished\":\"2026-04-27T19:58:32+00:00\",\"description\":\"Los municipios guipuzcoanos de Arrasate\\\/Mondrag\u00f3n, Pasaia y Zestoa ya son oficialmente zonas de mercado residencial tensionado\",\"breadcrumb\":{\"@id\":\"https:\\\/\\\/www.aquimicasa.net\\\/blog\\\/vivienda\\\/alquileres\\\/tres-municipios-vascos-se-unen-a-la-lista-de-zonas-tensionadas\\\/#breadcrumb\"},\"inLanguage\":\"es\",\"potentialAction\":[{\"@type\":\"ReadAction\",\"target\":[\"https:\\\/\\\/www.aquimicasa.net\\\/blog\\\/vivienda\\\/alquileres\\\/tres-municipios-vascos-se-unen-a-la-lista-de-zonas-tensionadas\\\/\"]}]},{\"@type\":\"ImageObject\",\"inLanguage\":\"es\",\"@id\":\"https:\\\/\\\/www.aquimicasa.net\\\/blog\\\/vivienda\\\/alquileres\\\/tres-municipios-vascos-se-unen-a-la-lista-de-zonas-tensionadas\\\/#primaryimage\",\"url\":\"https:\\\/\\\/www.aquimicasa.net\\\/blog\\\/wp-content\\\/uploads\\\/Pasaia-e1777319807537.jpg\",\"contentUrl\":\"https:\\\/\\\/www.aquimicasa.net\\\/blog\\\/wp-content\\\/uploads\\\/Pasaia-e1777319807537.jpg\",\"width\":600,\"height\":450,\"caption\":\"Tres municipios cascos se unen a las zonas tensionadas\"},{\"@type\":\"BreadcrumbList\",\"@id\":\"https:\\\/\\\/www.aquimicasa.net\\\/blog\\\/vivienda\\\/alquileres\\\/tres-municipios-vascos-se-unen-a-la-lista-de-zonas-tensionadas\\\/#breadcrumb\",\"itemListElement\":[{\"@type\":\"ListItem\",\"position\":1,\"name\":\"Portada\",\"item\":\"https:\\\/\\\/www.aquimicasa.net\\\/blog\\\/\"},{\"@type\":\"ListItem\",\"position\":2,\"name\":\"Tres municipios vascos se unen a la lista de zonas tensionadas\"}]},{\"@type\":\"WebSite\",\"@id\":\"https:\\\/\\\/www.aquimicasa.net\\\/blog\\\/#website\",\"url\":\"https:\\\/\\\/www.aquimicasa.net\\\/blog\\\/\",\"name\":\"Blog de aquimicasa.net\",\"description\":\"Noticias del Mundo Inmobiliario\",\"publisher\":{\"@id\":\"https:\\\/\\\/www.aquimicasa.net\\\/blog\\\/#organization\"},\"potentialAction\":[{\"@type\":\"SearchAction\",\"target\":{\"@type\":\"EntryPoint\",\"urlTemplate\":\"https:\\\/\\\/www.aquimicasa.net\\\/blog\\\/?s={search_term_string}\"},\"query-input\":{\"@type\":\"PropertyValueSpecification\",\"valueRequired\":true,\"valueName\":\"search_term_string\"}}],\"inLanguage\":\"es\"},{\"@type\":\"Organization\",\"@id\":\"https:\\\/\\\/www.aquimicasa.net\\\/blog\\\/#organization\",\"name\":\"Blog de aquimicasa.net\",\"url\":\"https:\\\/\\\/www.aquimicasa.net\\\/blog\\\/\",\"logo\":{\"@type\":\"ImageObject\",\"inLanguage\":\"es\",\"@id\":\"https:\\\/\\\/www.aquimicasa.net\\\/blog\\\/#\\\/schema\\\/logo\\\/image\\\/\",\"url\":\"https:\\\/\\\/www.aquimicasa.net\\\/blog\\\/wp-content\\\/uploads\\\/Logo-aquimicasa-1-e1528048213782.png\",\"contentUrl\":\"https:\\\/\\\/www.aquimicasa.net\\\/blog\\\/wp-content\\\/uploads\\\/Logo-aquimicasa-1-e1528048213782.png\",\"width\":225,\"height\":225,\"caption\":\"Blog de aquimicasa.net\"},\"image\":{\"@id\":\"https:\\\/\\\/www.aquimicasa.net\\\/blog\\\/#\\\/schema\\\/logo\\\/image\\\/\"},\"sameAs\":[\"https:\\\/\\\/www.facebook.com\\\/aquimicasa.net\",\"https:\\\/\\\/www.instagram.com\\\/\",\"https:\\\/\\\/x.com\\\/EduLizarragaD\",\"https:\\\/\\\/www.linkedin.com\\\/feed\\\/\"]},{\"@type\":\"Person\",\"@id\":\"https:\\\/\\\/www.aquimicasa.net\\\/blog\\\/#\\\/schema\\\/person\\\/2cdfa2605534583395c8d7ce1d6cac14\",\"name\":\"Eduardo Lizarraga\",\"image\":{\"@type\":\"ImageObject\",\"inLanguage\":\"es\",\"@id\":\"https:\\\/\\\/secure.gravatar.com\\\/avatar\\\/bdabe1eeeed97b65a9cb7de2edd624b07995f7e13abc5fead15961f745f908cc?s=96&d=mm&r=g\",\"url\":\"https:\\\/\\\/secure.gravatar.com\\\/avatar\\\/bdabe1eeeed97b65a9cb7de2edd624b07995f7e13abc5fead15961f745f908cc?s=96&d=mm&r=g\",\"contentUrl\":\"https:\\\/\\\/secure.gravatar.com\\\/avatar\\\/bdabe1eeeed97b65a9cb7de2edd624b07995f7e13abc5fead15961f745f908cc?s=96&d=mm&r=g\",\"caption\":\"Eduardo Lizarraga\"},\"description\":\"Periodista Econ\u00f3mico. Ha trabajado en diversos campos de la informaci\u00f3n. Corresponsal en conflictos, analista pol\u00edtico en Congreso y Senado, periodista del medio ambiente, editor, director editorial, director de comunicaci\u00f3n.... En estos momentos se ha especializado en el sector inmobiliario. Pero tambi\u00e9n es navegante y viajero, preocupado por la pobreza, el medio ambiente y por las actuaciones descontroladas del neoliberalismo empresarial y pol\u00edtico en todo el mundo. Los desahucios, la pobreza infantil y la falta de acceso a los suministros b\u00e1sicos son algunos de los grandes dramas de nuestra sociedad y que es preciso solucionar para hacerla m\u00e1s justa. CEO en www.aquimicasa.net\",\"sameAs\":[\"https:\\\/\\\/www.aquimicasa.net\\\/\"],\"url\":\"https:\\\/\\\/www.aquimicasa.net\\\/blog\\\/author\\\/eduardo\\\/\"}]}<\/script>\n<!-- \/ Yoast SEO plugin. -->","yoast_head_json":{"title":"Tres municipios vascos se unen a la lista de zonas tensionadas","description":"Los municipios guipuzcoanos de Arrasate\/Mondrag\u00f3n, Pasaia y Zestoa ya son oficialmente zonas de mercado residencial tensionado","robots":{"index":"index","follow":"follow","max-snippet":"max-snippet:-1","max-image-preview":"max-image-preview:large","max-video-preview":"max-video-preview:-1"},"canonical":"https:\/\/www.aquimicasa.net\/blog\/vivienda\/alquileres\/tres-municipios-vascos-se-unen-a-la-lista-de-zonas-tensionadas\/","og_locale":"es_ES","og_type":"article","og_title":"Tres municipios vascos se unen a la lista de zonas tensionadas","og_description":"Los municipios guipuzcoanos de Arrasate\/Mondrag\u00f3n, Pasaia y Zestoa ya son oficialmente zonas de mercado residencial tensionado","og_url":"https:\/\/www.aquimicasa.net\/blog\/vivienda\/alquileres\/tres-municipios-vascos-se-unen-a-la-lista-de-zonas-tensionadas\/","og_site_name":"Blog de aquimicasa.net","article_publisher":"https:\/\/www.facebook.com\/aquimicasa.net","article_published_time":"2026-04-27T19:58:32+00:00","og_image":[{"width":600,"height":450,"url":"https:\/\/www.aquimicasa.net\/blog\/wp-content\/uploads\/Pasaia-e1777319807537.jpg","type":"image\/jpeg"}],"author":"Eduardo Lizarraga","twitter_misc":{"Escrito por":"Eduardo Lizarraga","Tiempo de lectura":"5 minutos"},"schema":{"@context":"https:\/\/schema.org","@graph":[{"@type":"Article","@id":"https:\/\/www.aquimicasa.net\/blog\/vivienda\/alquileres\/tres-municipios-vascos-se-unen-a-la-lista-de-zonas-tensionadas\/#article","isPartOf":{"@id":"https:\/\/www.aquimicasa.net\/blog\/vivienda\/alquileres\/tres-municipios-vascos-se-unen-a-la-lista-de-zonas-tensionadas\/"},"author":{"name":"Eduardo Lizarraga","@id":"https:\/\/www.aquimicasa.net\/blog\/#\/schema\/person\/2cdfa2605534583395c8d7ce1d6cac14"},"headline":"Tres municipios vascos se unen a la lista de zonas tensionadas","datePublished":"2026-04-27T19:58:32+00:00","mainEntityOfPage":{"@id":"https:\/\/www.aquimicasa.net\/blog\/vivienda\/alquileres\/tres-municipios-vascos-se-unen-a-la-lista-de-zonas-tensionadas\/"},"wordCount":1442,"publisher":{"@id":"https:\/\/www.aquimicasa.net\/blog\/#organization"},"image":{"@id":"https:\/\/www.aquimicasa.net\/blog\/vivienda\/alquileres\/tres-municipios-vascos-se-unen-a-la-lista-de-zonas-tensionadas\/#primaryimage"},"thumbnailUrl":"https:\/\/www.aquimicasa.net\/blog\/wp-content\/uploads\/Pasaia-e1777319807537.jpg","keywords":["newsletter 563"],"articleSection":["Alquiler"],"inLanguage":"es"},{"@type":"WebPage","@id":"https:\/\/www.aquimicasa.net\/blog\/vivienda\/alquileres\/tres-municipios-vascos-se-unen-a-la-lista-de-zonas-tensionadas\/","url":"https:\/\/www.aquimicasa.net\/blog\/vivienda\/alquileres\/tres-municipios-vascos-se-unen-a-la-lista-de-zonas-tensionadas\/","name":"Tres municipios vascos se unen a la lista de zonas tensionadas","isPartOf":{"@id":"https:\/\/www.aquimicasa.net\/blog\/#website"},"primaryImageOfPage":{"@id":"https:\/\/www.aquimicasa.net\/blog\/vivienda\/alquileres\/tres-municipios-vascos-se-unen-a-la-lista-de-zonas-tensionadas\/#primaryimage"},"image":{"@id":"https:\/\/www.aquimicasa.net\/blog\/vivienda\/alquileres\/tres-municipios-vascos-se-unen-a-la-lista-de-zonas-tensionadas\/#primaryimage"},"thumbnailUrl":"https:\/\/www.aquimicasa.net\/blog\/wp-content\/uploads\/Pasaia-e1777319807537.jpg","datePublished":"2026-04-27T19:58:32+00:00","description":"Los municipios guipuzcoanos de Arrasate\/Mondrag\u00f3n, Pasaia y Zestoa ya son oficialmente zonas de mercado residencial tensionado","breadcrumb":{"@id":"https:\/\/www.aquimicasa.net\/blog\/vivienda\/alquileres\/tres-municipios-vascos-se-unen-a-la-lista-de-zonas-tensionadas\/#breadcrumb"},"inLanguage":"es","potentialAction":[{"@type":"ReadAction","target":["https:\/\/www.aquimicasa.net\/blog\/vivienda\/alquileres\/tres-municipios-vascos-se-unen-a-la-lista-de-zonas-tensionadas\/"]}]},{"@type":"ImageObject","inLanguage":"es","@id":"https:\/\/www.aquimicasa.net\/blog\/vivienda\/alquileres\/tres-municipios-vascos-se-unen-a-la-lista-de-zonas-tensionadas\/#primaryimage","url":"https:\/\/www.aquimicasa.net\/blog\/wp-content\/uploads\/Pasaia-e1777319807537.jpg","contentUrl":"https:\/\/www.aquimicasa.net\/blog\/wp-content\/uploads\/Pasaia-e1777319807537.jpg","width":600,"height":450,"caption":"Tres municipios cascos se unen a las zonas tensionadas"},{"@type":"BreadcrumbList","@id":"https:\/\/www.aquimicasa.net\/blog\/vivienda\/alquileres\/tres-municipios-vascos-se-unen-a-la-lista-de-zonas-tensionadas\/#breadcrumb","itemListElement":[{"@type":"ListItem","position":1,"name":"Portada","item":"https:\/\/www.aquimicasa.net\/blog\/"},{"@type":"ListItem","position":2,"name":"Tres municipios vascos se unen a la lista de zonas tensionadas"}]},{"@type":"WebSite","@id":"https:\/\/www.aquimicasa.net\/blog\/#website","url":"https:\/\/www.aquimicasa.net\/blog\/","name":"Blog de aquimicasa.net","description":"Noticias del Mundo Inmobiliario","publisher":{"@id":"https:\/\/www.aquimicasa.net\/blog\/#organization"},"potentialAction":[{"@type":"SearchAction","target":{"@type":"EntryPoint","urlTemplate":"https:\/\/www.aquimicasa.net\/blog\/?s={search_term_string}"},"query-input":{"@type":"PropertyValueSpecification","valueRequired":true,"valueName":"search_term_string"}}],"inLanguage":"es"},{"@type":"Organization","@id":"https:\/\/www.aquimicasa.net\/blog\/#organization","name":"Blog de aquimicasa.net","url":"https:\/\/www.aquimicasa.net\/blog\/","logo":{"@type":"ImageObject","inLanguage":"es","@id":"https:\/\/www.aquimicasa.net\/blog\/#\/schema\/logo\/image\/","url":"https:\/\/www.aquimicasa.net\/blog\/wp-content\/uploads\/Logo-aquimicasa-1-e1528048213782.png","contentUrl":"https:\/\/www.aquimicasa.net\/blog\/wp-content\/uploads\/Logo-aquimicasa-1-e1528048213782.png","width":225,"height":225,"caption":"Blog de aquimicasa.net"},"image":{"@id":"https:\/\/www.aquimicasa.net\/blog\/#\/schema\/logo\/image\/"},"sameAs":["https:\/\/www.facebook.com\/aquimicasa.net","https:\/\/www.instagram.com\/","https:\/\/x.com\/EduLizarragaD","https:\/\/www.linkedin.com\/feed\/"]},{"@type":"Person","@id":"https:\/\/www.aquimicasa.net\/blog\/#\/schema\/person\/2cdfa2605534583395c8d7ce1d6cac14","name":"Eduardo Lizarraga","image":{"@type":"ImageObject","inLanguage":"es","@id":"https:\/\/secure.gravatar.com\/avatar\/bdabe1eeeed97b65a9cb7de2edd624b07995f7e13abc5fead15961f745f908cc?s=96&d=mm&r=g","url":"https:\/\/secure.gravatar.com\/avatar\/bdabe1eeeed97b65a9cb7de2edd624b07995f7e13abc5fead15961f745f908cc?s=96&d=mm&r=g","contentUrl":"https:\/\/secure.gravatar.com\/avatar\/bdabe1eeeed97b65a9cb7de2edd624b07995f7e13abc5fead15961f745f908cc?s=96&d=mm&r=g","caption":"Eduardo Lizarraga"},"description":"Periodista Econ\u00f3mico. Ha trabajado en diversos campos de la informaci\u00f3n. Corresponsal en conflictos, analista pol\u00edtico en Congreso y Senado, periodista del medio ambiente, editor, director editorial, director de comunicaci\u00f3n.... En estos momentos se ha especializado en el sector inmobiliario. Pero tambi\u00e9n es navegante y viajero, preocupado por la pobreza, el medio ambiente y por las actuaciones descontroladas del neoliberalismo empresarial y pol\u00edtico en todo el mundo. Los desahucios, la pobreza infantil y la falta de acceso a los suministros b\u00e1sicos son algunos de los grandes dramas de nuestra sociedad y que es preciso solucionar para hacerla m\u00e1s justa. CEO en www.aquimicasa.net","sameAs":["https:\/\/www.aquimicasa.net\/"],"url":"https:\/\/www.aquimicasa.net\/blog\/author\/eduardo\/"}]}},"jetpack_publicize_connections":[],"jetpack_featured_media_url":"https:\/\/www.aquimicasa.net\/blog\/wp-content\/uploads\/Pasaia-e1777319807537.jpg","jetpack_sharing_enabled":true,"jetpack_likes_enabled":true,"_links":{"self":[{"href":"https:\/\/www.aquimicasa.net\/blog\/wp-json\/wp\/v2\/posts\/56078","targetHints":{"allow":["GET"]}}],"collection":[{"href":"https:\/\/www.aquimicasa.net\/blog\/wp-json\/wp\/v2\/posts"}],"about":[{"href":"https:\/\/www.aquimicasa.net\/blog\/wp-json\/wp\/v2\/types\/post"}],"author":[{"embeddable":true,"href":"https:\/\/www.aquimicasa.net\/blog\/wp-json\/wp\/v2\/users\/3"}],"replies":[{"embeddable":true,"href":"https:\/\/www.aquimicasa.net\/blog\/wp-json\/wp\/v2\/comments?post=56078"}],"version-history":[{"count":2,"href":"https:\/\/www.aquimicasa.net\/blog\/wp-json\/wp\/v2\/posts\/56078\/revisions"}],"predecessor-version":[{"id":56085,"href":"https:\/\/www.aquimicasa.net\/blog\/wp-json\/wp\/v2\/posts\/56078\/revisions\/56085"}],"wp:featuredmedia":[{"embeddable":true,"href":"https:\/\/www.aquimicasa.net\/blog\/wp-json\/wp\/v2\/media\/56084"}],"wp:attachment":[{"href":"https:\/\/www.aquimicasa.net\/blog\/wp-json\/wp\/v2\/media?parent=56078"}],"wp:term":[{"taxonomy":"category","embeddable":true,"href":"https:\/\/www.aquimicasa.net\/blog\/wp-json\/wp\/v2\/categories?post=56078"},{"taxonomy":"post_tag","embeddable":true,"href":"https:\/\/www.aquimicasa.net\/blog\/wp-json\/wp\/v2\/tags?post=56078"}],"curies":[{"name":"wp","href":"https:\/\/api.w.org\/{rel}","templated":true}]}}