{"id":56080,"date":"2026-04-27T22:23:34","date_gmt":"2026-04-27T20:23:34","guid":{"rendered":"https:\/\/www.aquimicasa.net\/blog\/?p=56080"},"modified":"2026-04-27T22:23:34","modified_gmt":"2026-04-27T20:23:34","slug":"la-sorpresa-de-los-tenedores-de-viviendas-en-alquiler","status":"publish","type":"post","link":"https:\/\/www.aquimicasa.net\/blog\/vivienda\/alquileres\/la-sorpresa-de-los-tenedores-de-viviendas-en-alquiler\/","title":{"rendered":"La sorpresa de los tenedores de viviendas en alquiler"},"content":{"rendered":"<div class=\"fusion-fullwidth fullwidth-box fusion-builder-row-1 fusion-flex-container nonhundred-percent-fullwidth non-hundred-percent-height-scrolling\" style=\"background-color: rgba(255,255,255,0);background-position: center center;background-repeat: no-repeat;border-width: 0px 0px 0px 0px;border-color:#eae9e9;border-style:solid;\" ><div class=\"fusion-builder-row fusion-row fusion-flex-align-items-flex-start\" style=\"max-width:1144px;margin-left: calc(-4% \/ 2 );margin-right: calc(-4% \/ 2 );\"><div class=\"fusion-layout-column fusion_builder_column fusion-builder-column-0 fusion_builder_column_1_1 1_1 fusion-flex-column\"><div class=\"fusion-column-wrapper fusion-flex-justify-content-flex-start fusion-content-layout-column\" style=\"background-position:left top;background-repeat:no-repeat;-webkit-background-size:cover;-moz-background-size:cover;-o-background-size:cover;background-size:cover;padding: 0px 0px 0px 0px;\"><div class=\"fusion-text fusion-text-1\"><div data-test-render-count=\"1\">\n<div class=\"group\">\n<div class=\"contents\">\n<div class=\"group relative relative pb-3\" data-is-streaming=\"false\">\n<div class=\"font-claude-response relative leading-&#091;1.65rem&#093; &#091;&amp;_pre&gt; &lt;p&gt;div&#093;:bg-bg-000\/50 &#091;&amp;_pre&gt;div&#093;:border-0.5 &#091;&amp;_pre&gt;div&#093;:border-border-400 &#091;&amp;_.ignore-pre-bg&gt;div&#093;:bg-transparent &#091;&amp;_.standard-markdown_:is(p,blockquote,h1,h2,h3,h4,h5,h6)&#093;:pl-2 &#091;&amp;_.standard-markdown_:is(p,blockquote,ul,ol,h1,h2,h3,h4,h5,h6)&#093;:pr-8 &#091;&amp;_.progressive-markdown_:is(p,blockquote,h1,h2,h3,h4,h5,h6)&#093;:pl-2 &#091;&amp;_.progressive-markdown_:is(p,blockquote,ul,ol,h1,h2,h3,h4,h5,h6)&#093;:pr-8\">\n<div class=\"standard-markdown grid-cols-1 grid &#091;&amp;_&gt; &lt;p&gt;_*&#093;:min-w-0 gap-3 standard-markdown\">\n<h2 class=\"font-claude-response-body break-words whitespace-normal leading-&#091;1.7&#093;\"><strong>La estructura de propiedad de la vivienda de alquiler no es como la cuentan<\/strong><\/h2>\n<p class=\"font-claude-response-body break-words whitespace-normal leading-&#091;1.7&#093;\">Hay un relato muy extendido en ciertos medios de comunicaci\u00f3n que presenta al propietario de una vivienda en alquiler como ese jubilado que, tras d\u00e9cadas de esfuerzo y ahorro, puso un piso en el mercado para redondear una pensi\u00f3n que no da para mucho. Y s\u00ed, ese perfil existe, y nadie aqu\u00ed va a discutir que merece todo el respeto. Pero convertirlo en <strong>el<\/strong> arquetipo del casero espa\u00f1ol, en el protagonista absoluto del mercado del alquiler, es una operaci\u00f3n interesada que los datos desmienten con notable contundencia.<\/p>\n<p class=\"font-claude-response-body break-words whitespace-normal leading-&#091;1.7&#093;\">Un informe publicado por el Ministerio de Derechos Sociales, Consumo y Agenda 2030 en colaboraci\u00f3n con el CSIC, elaborado a partir del Panel de Hogares de 2023, arroja una fotograf\u00eda del mercado del alquiler en Espa\u00f1a que incomoda a quienes llevan a\u00f1os construyendo esa narrativa del peque\u00f1o propietario desvalido. Y la incomoda porque los n\u00fameros no cuadran con el cuento.<\/p>\n<h2 class=\"font-claude-response-body break-words whitespace-normal leading-&#091;1.7&#093;\"><strong>Los cambios de los \u00faltimos a\u00f1os<\/strong><\/h2>\n<p class=\"font-claude-response-body break-words whitespace-normal leading-&#091;1.7&#093;\"><strong>Solo el 39% de las viviendas alquiladas en Espa\u00f1a pertenece a propietarios con una \u00fanica propiedad en el mercado.<\/strong> El 61% restante est\u00e1 en manos de particulares con dos o m\u00e1s inmuebles arrendados, personas jur\u00eddicas \u2014empresas y fondos de inversi\u00f3n\u2014 o entidades p\u00fablicas. Dicho de otro modo: casi dos de cada tres pisos de alquiler en este pa\u00eds no pertenecen al jubilado del que hablan los editoriales, sino a alguien que ha hecho del alquiler un negocio, a peque\u00f1a o gran escala.<\/p>\n<p class=\"font-claude-response-body break-words whitespace-normal leading-&#091;1.7&#093;\">Y la tendencia no ha hecho m\u00e1s que consolidarse. Entre 2016 y 2023, el parque de viviendas alquiladas por particulares pas\u00f3 de algo menos de 1,9 millones a m\u00e1s de 2,5 millones de propiedades. Un crecimiento sustancial, s\u00ed, pero que el propio informe se encarga de matizar: <strong>ese aumento no fue liderado por peque\u00f1os propietarios con una sola vivienda, sino por multiarrendadores con carteras m\u00e1s amplias.<\/strong> Los caseros con varias viviendas aumentaron su parque en un 39,9%, frente al 30,4% de los propietarios de un solo inmueble. Casi diez puntos de diferencia que el documento resume con claridad: la ampliaci\u00f3n de la oferta ha reforzado la posici\u00f3n de quienes ya acumulaban viviendas, no la del peque\u00f1o casero.<\/p>\n<h2 class=\"font-claude-response-body break-words whitespace-normal leading-&#091;1.7&#093;\"><strong>El n\u00famero de personas que recibe rentas de alquiler es unas cuatro veces menor que el n\u00famero de inquilinos<\/strong><\/h2>\n<p class=\"font-claude-response-body break-words whitespace-normal leading-&#091;1.7&#093;\">Otro dato que conviene tener presente para calibrar la dimensi\u00f3n real del fen\u00f3meno: <strong>solo el 4,9% de la poblaci\u00f3n total \u2014el 5,7% si nos limitamos a la poblaci\u00f3n adulta\u2014 obtiene ingresos mediante alquileres.<\/strong> Frente a ellos, el 20,8% de la poblaci\u00f3n espa\u00f1ola vive de alquiler, seg\u00fan la \u00faltima Encuesta de Condiciones de Vida. Cuatro veces m\u00e1s inquilinos que arrendadores. Una asimetr\u00eda que por s\u00ed sola dice mucho sobre qui\u00e9n tiene el poder en este mercado y qui\u00e9n lo padece.<\/p>\n<h2 class=\"font-claude-response-body break-words whitespace-normal leading-&#091;1.7&#093;\"><strong>Los multiarrendadores se concentran en las zonas m\u00e1s tensionadas<\/strong><\/h2>\n<p class=\"font-claude-response-body break-words whitespace-normal leading-&#091;1.7&#093;\">El informe tambi\u00e9n localiza geogr\u00e1ficamente d\u00f3nde se concentra con m\u00e1s intensidad esa acumulaci\u00f3n de viviendas en pocas manos. Y el resultado no sorprende a quien conozca m\u00ednimamente el mercado. <strong>Las grandes ciudades de Baleares y Canarias encabezan el ranking<\/strong>, con Las Palmas, Santa Cruz de Tenerife y Palma de Mallorca registrando porcentajes de viviendas en manos de multiarrendadores del 64,9%, 64,6% y 63,1% respectivamente. Mercados tur\u00edsticos, zonas de alta demanda, lugares donde el alquiler residencial compite directamente con el vacacional y donde los precios llevan a\u00f1os desbocados.<\/p>\n<p class=\"font-claude-response-body break-words whitespace-normal leading-&#091;1.7&#093;\">Tras ellas, Barcelona y Madrid. En la capital catalana, el 60,8% de las viviendas alquiladas est\u00e1 controlado por propietarios con dos o m\u00e1s inmuebles en el mercado. En Madrid, ese porcentaje alcanza el 56,4%. Valencia suma un 55%, M\u00e1laga un 51,6% y Sevilla un 46,8%. <strong>En todas las grandes ciudades espa\u00f1olas, el mercado del alquiler est\u00e1 dominado, en mayor o menor medida, por quienes han hecho de \u00e9l una fuente de rentas sistem\u00e1tica<\/strong>, no por quienes alquilan una vivienda heredada para llegar a fin de mes.<\/p>\n<h2 class=\"font-claude-response-body break-words whitespace-normal leading-&#091;1.7&#093;\"><strong>La moda de invertir en vivienda ha roto el mercado del alquiler<\/strong><\/h2>\n<p class=\"font-claude-response-body break-words whitespace-normal leading-&#091;1.7&#093;\">Lo que el informe describe, en definitiva, es la consecuencia previsible de a\u00f1os en que la vivienda fue promovida activamente como activo de inversi\u00f3n: fiscalidad favorable, tipos bajos, rentabilidades atractivas. <strong>El resultado es un mercado donde m\u00e1s de la mitad del alquiler gestionado por particulares est\u00e1 en manos de multiarrendadores<\/strong>, seg\u00fan reconoce el propio documento, que a\u00f1ade que \u00abla figura del peque\u00f1o casero no es la predominante en nuestro pa\u00eds\u00bb.<\/p>\n<p class=\"font-claude-response-body break-words whitespace-normal leading-&#091;1.7&#093;\">Que ciertos medios sigan presentando cualquier regulaci\u00f3n del alquiler como un ataque a ese jubilado con su pisito es, a estas alturas, una elecci\u00f3n editorial. Una elecci\u00f3n que los datos desmienten, pero que resulta muy \u00fatil para quienes tienen carteras de veinte, cincuenta o cien viviendas y prefieren que el debate p\u00fablico gire en torno a una figura que genera mucha m\u00e1s simpat\u00eda que un fondo de inversi\u00f3n o una sociedad patrimonial. El informe del ministerio y el CSIC tiene el m\u00e9rito, al menos, de poner los n\u00fameros encima de la mesa. Lo que se haga con ellos ya es otra historia.<\/p>\n<\/div>\n<\/div>\n<\/div>\n<\/div>\n<\/div>\n<\/div>\n<\/div><\/div><style type=\"text\/css\">.fusion-body .fusion-builder-column-0{width:100% !important;margin-top : 0px;margin-bottom : 0px;}.fusion-builder-column-0 > .fusion-column-wrapper {padding-top : 0px !important;padding-right : 0px !important;margin-right : 1.92%;padding-bottom : 0px !important;padding-left : 0px !important;margin-left : 1.92%;}@media only screen and (max-width:1024px) {.fusion-body .fusion-builder-column-0{width:100% !important;}.fusion-builder-column-0 > .fusion-column-wrapper {margin-right : 1.92%;margin-left : 1.92%;}}@media only screen and (max-width:640px) {.fusion-body .fusion-builder-column-0{width:100% !important;}.fusion-builder-column-0 > .fusion-column-wrapper {margin-right : 1.92%;margin-left : 1.92%;}}<\/style><\/div><\/div><style type=\"text\/css\">.fusion-body .fusion-flex-container.fusion-builder-row-1{ padding-top : 0px;margin-top : 0px;padding-right : 0px;padding-bottom : 0px;margin-bottom : 0px;padding-left : 0px;}<\/style><\/div>\n","protected":false},"excerpt":{"rendered":"<p>Otro dato que conviene tener presente para calibrar la dimensi\u00f3n real del fen\u00f3meno: solo el 4,9% de la poblaci\u00f3n total \u2014el 5,7% si nos limitamos a la poblaci\u00f3n adulta\u2014 obtiene ingresos mediante alquileres. Frente a ellos, el 20,8% de la poblaci\u00f3n espa\u00f1ola vive de alquiler, seg\u00fan la \u00faltima Encuesta de Condiciones de Vida. Cuatro veces m\u00e1s inquilinos que arrendadores.<\/p>\n","protected":false},"author":3,"featured_media":53799,"comment_status":"closed","ping_status":"closed","sticky":false,"template":"","format":"standard","meta":{"_jetpack_memberships_contains_paid_content":false,"footnotes":"","jetpack_publicize_message":"","jetpack_publicize_feature_enabled":true,"jetpack_social_post_already_shared":true,"jetpack_social_options":{"image_generator_settings":{"template":"highway","default_image_id":0,"font":"","enabled":false},"version":2}},"categories":[120],"tags":[8293],"class_list":["post-56080","post","type-post","status-publish","format-standard","has-post-thumbnail","hentry","category-alquileres","tag-newsletter-563"],"yoast_head":"<!-- This site is optimized with the Yoast SEO plugin v27.4 - https:\/\/yoast.com\/product\/yoast-seo-wordpress\/ -->\n<title>La sorpresa de los tenedores de viviendas en alquiler - Blog de aquimicasa.net<\/title>\n<meta name=\"description\" content=\"Solo el 39% de las viviendas alquiladas en Espa\u00f1a pertenece a propietarios con una \u00fanica propiedad en el mercado.\" \/>\n<meta name=\"robots\" content=\"index, follow, max-snippet:-1, max-image-preview:large, max-video-preview:-1\" \/>\n<link rel=\"canonical\" href=\"https:\/\/www.aquimicasa.net\/blog\/vivienda\/alquileres\/la-sorpresa-de-los-tenedores-de-viviendas-en-alquiler\/\" \/>\n<meta property=\"og:locale\" content=\"es_ES\" \/>\n<meta property=\"og:type\" content=\"article\" \/>\n<meta property=\"og:title\" content=\"La sorpresa de los tenedores de viviendas en alquiler - Blog de aquimicasa.net\" \/>\n<meta property=\"og:description\" content=\"Solo el 39% de las viviendas alquiladas en Espa\u00f1a pertenece a propietarios con una \u00fanica propiedad en el mercado.\" \/>\n<meta property=\"og:url\" content=\"https:\/\/www.aquimicasa.net\/blog\/vivienda\/alquileres\/la-sorpresa-de-los-tenedores-de-viviendas-en-alquiler\/\" \/>\n<meta property=\"og:site_name\" content=\"Blog de aquimicasa.net\" \/>\n<meta property=\"article:publisher\" content=\"https:\/\/www.facebook.com\/aquimicasa.net\" \/>\n<meta property=\"article:published_time\" content=\"2026-04-27T20:23:34+00:00\" \/>\n<meta property=\"og:image\" content=\"https:\/\/www.aquimicasa.net\/blog\/wp-content\/uploads\/Alquileres1-2-2.png\" \/>\n\t<meta property=\"og:image:width\" content=\"470\" \/>\n\t<meta property=\"og:image:height\" content=\"315\" \/>\n\t<meta property=\"og:image:type\" content=\"image\/png\" \/>\n<meta name=\"author\" content=\"Eduardo Lizarraga\" \/>\n<meta name=\"twitter:label1\" content=\"Escrito por\" \/>\n\t<meta name=\"twitter:data1\" content=\"Eduardo Lizarraga\" \/>\n\t<meta name=\"twitter:label2\" content=\"Tiempo de lectura\" \/>\n\t<meta name=\"twitter:data2\" content=\"4 minutos\" \/>\n<script type=\"application\/ld+json\" class=\"yoast-schema-graph\">{\"@context\":\"https:\\\/\\\/schema.org\",\"@graph\":[{\"@type\":\"Article\",\"@id\":\"https:\\\/\\\/www.aquimicasa.net\\\/blog\\\/vivienda\\\/alquileres\\\/la-sorpresa-de-los-tenedores-de-viviendas-en-alquiler\\\/#article\",\"isPartOf\":{\"@id\":\"https:\\\/\\\/www.aquimicasa.net\\\/blog\\\/vivienda\\\/alquileres\\\/la-sorpresa-de-los-tenedores-de-viviendas-en-alquiler\\\/\"},\"author\":{\"name\":\"Eduardo Lizarraga\",\"@id\":\"https:\\\/\\\/www.aquimicasa.net\\\/blog\\\/#\\\/schema\\\/person\\\/2cdfa2605534583395c8d7ce1d6cac14\"},\"headline\":\"La sorpresa de los tenedores de viviendas en alquiler\",\"datePublished\":\"2026-04-27T20:23:34+00:00\",\"mainEntityOfPage\":{\"@id\":\"https:\\\/\\\/www.aquimicasa.net\\\/blog\\\/vivienda\\\/alquileres\\\/la-sorpresa-de-los-tenedores-de-viviendas-en-alquiler\\\/\"},\"wordCount\":1125,\"publisher\":{\"@id\":\"https:\\\/\\\/www.aquimicasa.net\\\/blog\\\/#organization\"},\"image\":{\"@id\":\"https:\\\/\\\/www.aquimicasa.net\\\/blog\\\/vivienda\\\/alquileres\\\/la-sorpresa-de-los-tenedores-de-viviendas-en-alquiler\\\/#primaryimage\"},\"thumbnailUrl\":\"https:\\\/\\\/www.aquimicasa.net\\\/blog\\\/wp-content\\\/uploads\\\/Alquileres1-2-2.png\",\"keywords\":[\"newsletter 563\"],\"articleSection\":[\"Alquiler\"],\"inLanguage\":\"es\"},{\"@type\":\"WebPage\",\"@id\":\"https:\\\/\\\/www.aquimicasa.net\\\/blog\\\/vivienda\\\/alquileres\\\/la-sorpresa-de-los-tenedores-de-viviendas-en-alquiler\\\/\",\"url\":\"https:\\\/\\\/www.aquimicasa.net\\\/blog\\\/vivienda\\\/alquileres\\\/la-sorpresa-de-los-tenedores-de-viviendas-en-alquiler\\\/\",\"name\":\"La sorpresa de los tenedores de viviendas en alquiler - Blog de aquimicasa.net\",\"isPartOf\":{\"@id\":\"https:\\\/\\\/www.aquimicasa.net\\\/blog\\\/#website\"},\"primaryImageOfPage\":{\"@id\":\"https:\\\/\\\/www.aquimicasa.net\\\/blog\\\/vivienda\\\/alquileres\\\/la-sorpresa-de-los-tenedores-de-viviendas-en-alquiler\\\/#primaryimage\"},\"image\":{\"@id\":\"https:\\\/\\\/www.aquimicasa.net\\\/blog\\\/vivienda\\\/alquileres\\\/la-sorpresa-de-los-tenedores-de-viviendas-en-alquiler\\\/#primaryimage\"},\"thumbnailUrl\":\"https:\\\/\\\/www.aquimicasa.net\\\/blog\\\/wp-content\\\/uploads\\\/Alquileres1-2-2.png\",\"datePublished\":\"2026-04-27T20:23:34+00:00\",\"description\":\"Solo el 39% de las viviendas alquiladas en Espa\u00f1a pertenece a propietarios con una \u00fanica propiedad en el mercado.\",\"breadcrumb\":{\"@id\":\"https:\\\/\\\/www.aquimicasa.net\\\/blog\\\/vivienda\\\/alquileres\\\/la-sorpresa-de-los-tenedores-de-viviendas-en-alquiler\\\/#breadcrumb\"},\"inLanguage\":\"es\",\"potentialAction\":[{\"@type\":\"ReadAction\",\"target\":[\"https:\\\/\\\/www.aquimicasa.net\\\/blog\\\/vivienda\\\/alquileres\\\/la-sorpresa-de-los-tenedores-de-viviendas-en-alquiler\\\/\"]}]},{\"@type\":\"ImageObject\",\"inLanguage\":\"es\",\"@id\":\"https:\\\/\\\/www.aquimicasa.net\\\/blog\\\/vivienda\\\/alquileres\\\/la-sorpresa-de-los-tenedores-de-viviendas-en-alquiler\\\/#primaryimage\",\"url\":\"https:\\\/\\\/www.aquimicasa.net\\\/blog\\\/wp-content\\\/uploads\\\/Alquileres1-2-2.png\",\"contentUrl\":\"https:\\\/\\\/www.aquimicasa.net\\\/blog\\\/wp-content\\\/uploads\\\/Alquileres1-2-2.png\",\"width\":470,\"height\":315,\"caption\":\"La estructura de los propietarios de vivienda en alquiler\"},{\"@type\":\"BreadcrumbList\",\"@id\":\"https:\\\/\\\/www.aquimicasa.net\\\/blog\\\/vivienda\\\/alquileres\\\/la-sorpresa-de-los-tenedores-de-viviendas-en-alquiler\\\/#breadcrumb\",\"itemListElement\":[{\"@type\":\"ListItem\",\"position\":1,\"name\":\"Portada\",\"item\":\"https:\\\/\\\/www.aquimicasa.net\\\/blog\\\/\"},{\"@type\":\"ListItem\",\"position\":2,\"name\":\"La sorpresa de los tenedores de viviendas en alquiler\"}]},{\"@type\":\"WebSite\",\"@id\":\"https:\\\/\\\/www.aquimicasa.net\\\/blog\\\/#website\",\"url\":\"https:\\\/\\\/www.aquimicasa.net\\\/blog\\\/\",\"name\":\"Blog de aquimicasa.net\",\"description\":\"Noticias del Mundo Inmobiliario\",\"publisher\":{\"@id\":\"https:\\\/\\\/www.aquimicasa.net\\\/blog\\\/#organization\"},\"potentialAction\":[{\"@type\":\"SearchAction\",\"target\":{\"@type\":\"EntryPoint\",\"urlTemplate\":\"https:\\\/\\\/www.aquimicasa.net\\\/blog\\\/?s={search_term_string}\"},\"query-input\":{\"@type\":\"PropertyValueSpecification\",\"valueRequired\":true,\"valueName\":\"search_term_string\"}}],\"inLanguage\":\"es\"},{\"@type\":\"Organization\",\"@id\":\"https:\\\/\\\/www.aquimicasa.net\\\/blog\\\/#organization\",\"name\":\"Blog de aquimicasa.net\",\"url\":\"https:\\\/\\\/www.aquimicasa.net\\\/blog\\\/\",\"logo\":{\"@type\":\"ImageObject\",\"inLanguage\":\"es\",\"@id\":\"https:\\\/\\\/www.aquimicasa.net\\\/blog\\\/#\\\/schema\\\/logo\\\/image\\\/\",\"url\":\"https:\\\/\\\/www.aquimicasa.net\\\/blog\\\/wp-content\\\/uploads\\\/Logo-aquimicasa-1-e1528048213782.png\",\"contentUrl\":\"https:\\\/\\\/www.aquimicasa.net\\\/blog\\\/wp-content\\\/uploads\\\/Logo-aquimicasa-1-e1528048213782.png\",\"width\":225,\"height\":225,\"caption\":\"Blog de aquimicasa.net\"},\"image\":{\"@id\":\"https:\\\/\\\/www.aquimicasa.net\\\/blog\\\/#\\\/schema\\\/logo\\\/image\\\/\"},\"sameAs\":[\"https:\\\/\\\/www.facebook.com\\\/aquimicasa.net\",\"https:\\\/\\\/www.instagram.com\\\/\",\"https:\\\/\\\/x.com\\\/EduLizarragaD\",\"https:\\\/\\\/www.linkedin.com\\\/feed\\\/\"]},{\"@type\":\"Person\",\"@id\":\"https:\\\/\\\/www.aquimicasa.net\\\/blog\\\/#\\\/schema\\\/person\\\/2cdfa2605534583395c8d7ce1d6cac14\",\"name\":\"Eduardo Lizarraga\",\"image\":{\"@type\":\"ImageObject\",\"inLanguage\":\"es\",\"@id\":\"https:\\\/\\\/secure.gravatar.com\\\/avatar\\\/bdabe1eeeed97b65a9cb7de2edd624b07995f7e13abc5fead15961f745f908cc?s=96&d=mm&r=g\",\"url\":\"https:\\\/\\\/secure.gravatar.com\\\/avatar\\\/bdabe1eeeed97b65a9cb7de2edd624b07995f7e13abc5fead15961f745f908cc?s=96&d=mm&r=g\",\"contentUrl\":\"https:\\\/\\\/secure.gravatar.com\\\/avatar\\\/bdabe1eeeed97b65a9cb7de2edd624b07995f7e13abc5fead15961f745f908cc?s=96&d=mm&r=g\",\"caption\":\"Eduardo Lizarraga\"},\"description\":\"Periodista Econ\u00f3mico. Ha trabajado en diversos campos de la informaci\u00f3n. Corresponsal en conflictos, analista pol\u00edtico en Congreso y Senado, periodista del medio ambiente, editor, director editorial, director de comunicaci\u00f3n.... En estos momentos se ha especializado en el sector inmobiliario. Pero tambi\u00e9n es navegante y viajero, preocupado por la pobreza, el medio ambiente y por las actuaciones descontroladas del neoliberalismo empresarial y pol\u00edtico en todo el mundo. Los desahucios, la pobreza infantil y la falta de acceso a los suministros b\u00e1sicos son algunos de los grandes dramas de nuestra sociedad y que es preciso solucionar para hacerla m\u00e1s justa. CEO en www.aquimicasa.net\",\"sameAs\":[\"https:\\\/\\\/www.aquimicasa.net\\\/\"],\"url\":\"https:\\\/\\\/www.aquimicasa.net\\\/blog\\\/author\\\/eduardo\\\/\"}]}<\/script>\n<!-- \/ Yoast SEO plugin. -->","yoast_head_json":{"title":"La sorpresa de los tenedores de viviendas en alquiler - Blog de aquimicasa.net","description":"Solo el 39% de las viviendas alquiladas en Espa\u00f1a pertenece a propietarios con una \u00fanica propiedad en el mercado.","robots":{"index":"index","follow":"follow","max-snippet":"max-snippet:-1","max-image-preview":"max-image-preview:large","max-video-preview":"max-video-preview:-1"},"canonical":"https:\/\/www.aquimicasa.net\/blog\/vivienda\/alquileres\/la-sorpresa-de-los-tenedores-de-viviendas-en-alquiler\/","og_locale":"es_ES","og_type":"article","og_title":"La sorpresa de los tenedores de viviendas en alquiler - Blog de aquimicasa.net","og_description":"Solo el 39% de las viviendas alquiladas en Espa\u00f1a pertenece a propietarios con una \u00fanica propiedad en el mercado.","og_url":"https:\/\/www.aquimicasa.net\/blog\/vivienda\/alquileres\/la-sorpresa-de-los-tenedores-de-viviendas-en-alquiler\/","og_site_name":"Blog de aquimicasa.net","article_publisher":"https:\/\/www.facebook.com\/aquimicasa.net","article_published_time":"2026-04-27T20:23:34+00:00","og_image":[{"width":470,"height":315,"url":"https:\/\/www.aquimicasa.net\/blog\/wp-content\/uploads\/Alquileres1-2-2.png","type":"image\/png"}],"author":"Eduardo Lizarraga","twitter_misc":{"Escrito por":"Eduardo Lizarraga","Tiempo de lectura":"4 minutos"},"schema":{"@context":"https:\/\/schema.org","@graph":[{"@type":"Article","@id":"https:\/\/www.aquimicasa.net\/blog\/vivienda\/alquileres\/la-sorpresa-de-los-tenedores-de-viviendas-en-alquiler\/#article","isPartOf":{"@id":"https:\/\/www.aquimicasa.net\/blog\/vivienda\/alquileres\/la-sorpresa-de-los-tenedores-de-viviendas-en-alquiler\/"},"author":{"name":"Eduardo Lizarraga","@id":"https:\/\/www.aquimicasa.net\/blog\/#\/schema\/person\/2cdfa2605534583395c8d7ce1d6cac14"},"headline":"La sorpresa de los tenedores de viviendas en alquiler","datePublished":"2026-04-27T20:23:34+00:00","mainEntityOfPage":{"@id":"https:\/\/www.aquimicasa.net\/blog\/vivienda\/alquileres\/la-sorpresa-de-los-tenedores-de-viviendas-en-alquiler\/"},"wordCount":1125,"publisher":{"@id":"https:\/\/www.aquimicasa.net\/blog\/#organization"},"image":{"@id":"https:\/\/www.aquimicasa.net\/blog\/vivienda\/alquileres\/la-sorpresa-de-los-tenedores-de-viviendas-en-alquiler\/#primaryimage"},"thumbnailUrl":"https:\/\/www.aquimicasa.net\/blog\/wp-content\/uploads\/Alquileres1-2-2.png","keywords":["newsletter 563"],"articleSection":["Alquiler"],"inLanguage":"es"},{"@type":"WebPage","@id":"https:\/\/www.aquimicasa.net\/blog\/vivienda\/alquileres\/la-sorpresa-de-los-tenedores-de-viviendas-en-alquiler\/","url":"https:\/\/www.aquimicasa.net\/blog\/vivienda\/alquileres\/la-sorpresa-de-los-tenedores-de-viviendas-en-alquiler\/","name":"La sorpresa de los tenedores de viviendas en alquiler - Blog de aquimicasa.net","isPartOf":{"@id":"https:\/\/www.aquimicasa.net\/blog\/#website"},"primaryImageOfPage":{"@id":"https:\/\/www.aquimicasa.net\/blog\/vivienda\/alquileres\/la-sorpresa-de-los-tenedores-de-viviendas-en-alquiler\/#primaryimage"},"image":{"@id":"https:\/\/www.aquimicasa.net\/blog\/vivienda\/alquileres\/la-sorpresa-de-los-tenedores-de-viviendas-en-alquiler\/#primaryimage"},"thumbnailUrl":"https:\/\/www.aquimicasa.net\/blog\/wp-content\/uploads\/Alquileres1-2-2.png","datePublished":"2026-04-27T20:23:34+00:00","description":"Solo el 39% de las viviendas alquiladas en Espa\u00f1a pertenece a propietarios con una \u00fanica propiedad en el mercado.","breadcrumb":{"@id":"https:\/\/www.aquimicasa.net\/blog\/vivienda\/alquileres\/la-sorpresa-de-los-tenedores-de-viviendas-en-alquiler\/#breadcrumb"},"inLanguage":"es","potentialAction":[{"@type":"ReadAction","target":["https:\/\/www.aquimicasa.net\/blog\/vivienda\/alquileres\/la-sorpresa-de-los-tenedores-de-viviendas-en-alquiler\/"]}]},{"@type":"ImageObject","inLanguage":"es","@id":"https:\/\/www.aquimicasa.net\/blog\/vivienda\/alquileres\/la-sorpresa-de-los-tenedores-de-viviendas-en-alquiler\/#primaryimage","url":"https:\/\/www.aquimicasa.net\/blog\/wp-content\/uploads\/Alquileres1-2-2.png","contentUrl":"https:\/\/www.aquimicasa.net\/blog\/wp-content\/uploads\/Alquileres1-2-2.png","width":470,"height":315,"caption":"La estructura de los propietarios de vivienda en alquiler"},{"@type":"BreadcrumbList","@id":"https:\/\/www.aquimicasa.net\/blog\/vivienda\/alquileres\/la-sorpresa-de-los-tenedores-de-viviendas-en-alquiler\/#breadcrumb","itemListElement":[{"@type":"ListItem","position":1,"name":"Portada","item":"https:\/\/www.aquimicasa.net\/blog\/"},{"@type":"ListItem","position":2,"name":"La sorpresa de los tenedores de viviendas en alquiler"}]},{"@type":"WebSite","@id":"https:\/\/www.aquimicasa.net\/blog\/#website","url":"https:\/\/www.aquimicasa.net\/blog\/","name":"Blog de aquimicasa.net","description":"Noticias del Mundo Inmobiliario","publisher":{"@id":"https:\/\/www.aquimicasa.net\/blog\/#organization"},"potentialAction":[{"@type":"SearchAction","target":{"@type":"EntryPoint","urlTemplate":"https:\/\/www.aquimicasa.net\/blog\/?s={search_term_string}"},"query-input":{"@type":"PropertyValueSpecification","valueRequired":true,"valueName":"search_term_string"}}],"inLanguage":"es"},{"@type":"Organization","@id":"https:\/\/www.aquimicasa.net\/blog\/#organization","name":"Blog de aquimicasa.net","url":"https:\/\/www.aquimicasa.net\/blog\/","logo":{"@type":"ImageObject","inLanguage":"es","@id":"https:\/\/www.aquimicasa.net\/blog\/#\/schema\/logo\/image\/","url":"https:\/\/www.aquimicasa.net\/blog\/wp-content\/uploads\/Logo-aquimicasa-1-e1528048213782.png","contentUrl":"https:\/\/www.aquimicasa.net\/blog\/wp-content\/uploads\/Logo-aquimicasa-1-e1528048213782.png","width":225,"height":225,"caption":"Blog de aquimicasa.net"},"image":{"@id":"https:\/\/www.aquimicasa.net\/blog\/#\/schema\/logo\/image\/"},"sameAs":["https:\/\/www.facebook.com\/aquimicasa.net","https:\/\/www.instagram.com\/","https:\/\/x.com\/EduLizarragaD","https:\/\/www.linkedin.com\/feed\/"]},{"@type":"Person","@id":"https:\/\/www.aquimicasa.net\/blog\/#\/schema\/person\/2cdfa2605534583395c8d7ce1d6cac14","name":"Eduardo Lizarraga","image":{"@type":"ImageObject","inLanguage":"es","@id":"https:\/\/secure.gravatar.com\/avatar\/bdabe1eeeed97b65a9cb7de2edd624b07995f7e13abc5fead15961f745f908cc?s=96&d=mm&r=g","url":"https:\/\/secure.gravatar.com\/avatar\/bdabe1eeeed97b65a9cb7de2edd624b07995f7e13abc5fead15961f745f908cc?s=96&d=mm&r=g","contentUrl":"https:\/\/secure.gravatar.com\/avatar\/bdabe1eeeed97b65a9cb7de2edd624b07995f7e13abc5fead15961f745f908cc?s=96&d=mm&r=g","caption":"Eduardo Lizarraga"},"description":"Periodista Econ\u00f3mico. Ha trabajado en diversos campos de la informaci\u00f3n. Corresponsal en conflictos, analista pol\u00edtico en Congreso y Senado, periodista del medio ambiente, editor, director editorial, director de comunicaci\u00f3n.... En estos momentos se ha especializado en el sector inmobiliario. Pero tambi\u00e9n es navegante y viajero, preocupado por la pobreza, el medio ambiente y por las actuaciones descontroladas del neoliberalismo empresarial y pol\u00edtico en todo el mundo. Los desahucios, la pobreza infantil y la falta de acceso a los suministros b\u00e1sicos son algunos de los grandes dramas de nuestra sociedad y que es preciso solucionar para hacerla m\u00e1s justa. CEO en www.aquimicasa.net","sameAs":["https:\/\/www.aquimicasa.net\/"],"url":"https:\/\/www.aquimicasa.net\/blog\/author\/eduardo\/"}]}},"jetpack_publicize_connections":[],"jetpack_featured_media_url":"https:\/\/www.aquimicasa.net\/blog\/wp-content\/uploads\/Alquileres1-2-2.png","jetpack_sharing_enabled":true,"jetpack_likes_enabled":true,"_links":{"self":[{"href":"https:\/\/www.aquimicasa.net\/blog\/wp-json\/wp\/v2\/posts\/56080","targetHints":{"allow":["GET"]}}],"collection":[{"href":"https:\/\/www.aquimicasa.net\/blog\/wp-json\/wp\/v2\/posts"}],"about":[{"href":"https:\/\/www.aquimicasa.net\/blog\/wp-json\/wp\/v2\/types\/post"}],"author":[{"embeddable":true,"href":"https:\/\/www.aquimicasa.net\/blog\/wp-json\/wp\/v2\/users\/3"}],"replies":[{"embeddable":true,"href":"https:\/\/www.aquimicasa.net\/blog\/wp-json\/wp\/v2\/comments?post=56080"}],"version-history":[{"count":3,"href":"https:\/\/www.aquimicasa.net\/blog\/wp-json\/wp\/v2\/posts\/56080\/revisions"}],"predecessor-version":[{"id":56086,"href":"https:\/\/www.aquimicasa.net\/blog\/wp-json\/wp\/v2\/posts\/56080\/revisions\/56086"}],"wp:featuredmedia":[{"embeddable":true,"href":"https:\/\/www.aquimicasa.net\/blog\/wp-json\/wp\/v2\/media\/53799"}],"wp:attachment":[{"href":"https:\/\/www.aquimicasa.net\/blog\/wp-json\/wp\/v2\/media?parent=56080"}],"wp:term":[{"taxonomy":"category","embeddable":true,"href":"https:\/\/www.aquimicasa.net\/blog\/wp-json\/wp\/v2\/categories?post=56080"},{"taxonomy":"post_tag","embeddable":true,"href":"https:\/\/www.aquimicasa.net\/blog\/wp-json\/wp\/v2\/tags?post=56080"}],"curies":[{"name":"wp","href":"https:\/\/api.w.org\/{rel}","templated":true}]}}