{"id":56091,"date":"2026-04-28T21:22:41","date_gmt":"2026-04-28T19:22:41","guid":{"rendered":"https:\/\/www.aquimicasa.net\/blog\/?p=56091"},"modified":"2026-04-28T21:24:11","modified_gmt":"2026-04-28T19:24:11","slug":"las-viviendas-turisticas-de-granada-fuera-del-control-municipal","status":"publish","type":"post","link":"https:\/\/www.aquimicasa.net\/blog\/vivienda\/alquileres\/las-viviendas-turisticas-de-granada-fuera-del-control-municipal\/","title":{"rendered":"Las viviendas tur\u00edsticas de Granada fuera del control municipal"},"content":{"rendered":"<div class=\"fusion-fullwidth fullwidth-box fusion-builder-row-1 fusion-flex-container nonhundred-percent-fullwidth non-hundred-percent-height-scrolling\" style=\"background-color: rgba(255,255,255,0);background-position: center center;background-repeat: no-repeat;border-width: 0px 0px 0px 0px;border-color:#eae9e9;border-style:solid;\" ><div class=\"fusion-builder-row fusion-row fusion-flex-align-items-flex-start\" style=\"max-width:1144px;margin-left: calc(-4% \/ 2 );margin-right: calc(-4% \/ 2 );\"><div class=\"fusion-layout-column fusion_builder_column fusion-builder-column-0 fusion_builder_column_1_1 1_1 fusion-flex-column\"><div class=\"fusion-column-wrapper fusion-flex-justify-content-flex-start fusion-content-layout-column\" style=\"background-position:left top;background-repeat:no-repeat;-webkit-background-size:cover;-moz-background-size:cover;-o-background-size:cover;background-size:cover;padding: 0px 0px 0px 0px;\"><div class=\"fusion-text fusion-text-1\"><div data-test-render-count=\"1\">\n<div class=\"group\">\n<div class=\"contents\">\n<div class=\"group relative relative pb-3\" data-is-streaming=\"false\">\n<div class=\"font-claude-response relative leading-&#091;1.65rem&#093; &#091;&amp;_pre&gt; &lt;p&gt;div&#093;:bg-bg-000\/50 &#091;&amp;_pre&gt;div&#093;:border-0.5 &#091;&amp;_pre&gt;div&#093;:border-border-400 &#091;&amp;_.ignore-pre-bg&gt;div&#093;:bg-transparent &#091;&amp;_.standard-markdown_:is(p,blockquote,h1,h2,h3,h4,h5,h6)&#093;:pl-2 &#091;&amp;_.standard-markdown_:is(p,blockquote,ul,ol,h1,h2,h3,h4,h5,h6)&#093;:pr-8 &#091;&amp;_.progressive-markdown_:is(p,blockquote,h1,h2,h3,h4,h5,h6)&#093;:pl-2 &#091;&amp;_.progressive-markdown_:is(p,blockquote,ul,ol,h1,h2,h3,h4,h5,h6)&#093;:pr-8\">\n<div class=\"standard-markdown grid-cols-1 grid &#091;&amp;_&gt; &lt;p&gt;_*&#093;:min-w-0 gap-3 standard-markdown\">\n<p class=\"font-claude-response-body break-words whitespace-normal leading-&#091;1.7&#093;\">El Tribunal Superior de Justicia de Andaluc\u00eda ha dado un golpe contundente a la pol\u00edtica tur\u00edstica del Ayuntamiento de Granada. La Sala de lo Contencioso Administrativo ha anulado el acuerdo plenario aprobado por el consistorio en julio de 2024 para regular las viviendas de uso tur\u00edstico, al considerar que el municipio no dispon\u00eda del soporte legal necesario para imponer esas restricciones. Una sentencia que llega tarde para muchos propietarios, pero que abre ahora una v\u00eda de reclamaciones que el Ayuntamiento no va a poder ignorar f\u00e1cilmente.<\/p>\n<h2 class=\"font-claude-response-body break-words whitespace-normal leading-&#091;1.7&#093;\"><strong>Una normativa sin el suficiente apoyo legal<\/strong><\/h2>\n<p class=\"font-claude-response-body break-words whitespace-normal leading-&#091;1.7&#093;\">El n\u00facleo del problema es tan sencillo como devastador para el consistorio: el Plan General de Ordenaci\u00f3n Urbana (PGOU) de Granada <strong>no contiene regulaci\u00f3n espec\u00edfica sobre las viviendas de uso tur\u00edstico<\/strong>, ni sobre sus restricciones o limitaciones. Sin esa base, intentar imponerlas mediante una interpretaci\u00f3n del propio plan no es una lectura creativa de la norma, es salt\u00e1rsela. Y eso es exactamente lo que el TSJA ha declarado: que el Ayuntamiento no estaba interpretando el PGOU, sino alter\u00e1ndolo de facto para obligar a las viviendas tur\u00edsticas a cumplir exigencias propias de los establecimientos hoteleros.<\/p>\n<p class=\"font-claude-response-body break-words whitespace-normal leading-&#091;1.7&#093;\">El marco legal andaluz distingue con nitidez entre alojamientos hoteleros, apartamentos tur\u00edsticos y viviendas de uso tur\u00edstico. Son categor\u00edas distintas con reg\u00edmenes distintos, y mezclarlas por la v\u00eda de un decreto municipal no solo es t\u00e9cnicamente incorrecto: es ilegal. La normativa auton\u00f3mica permite establecer limitaciones municipales sobre estas viviendas, pero exige que sean proporcionadas, claras, objetivas y previamente publicitadas. El atajo elegido por el Ayuntamiento no cumple ninguna de esas condiciones.<\/p>\n<h2 class=\"font-claude-response-body break-words whitespace-normal leading-&#091;1.7&#093;\"><strong>Los argumentos de la sentencia<\/strong><\/h2>\n<p class=\"font-claude-response-body break-words whitespace-normal leading-&#091;1.7&#093;\">La Sala es contundente en su razonamiento. Las facultades interpretativas del planeamiento urban\u00edstico tienen un l\u00edmite: <strong>cuando la interpretaci\u00f3n a\u00f1ade, restringe o redefine obligaciones, usos o aprovechamientos, ya no se est\u00e1 ante una interpretaci\u00f3n sino ante una modificaci\u00f3n del plan<\/strong>, que requiere seguir las garant\u00edas procedimentales correspondientes. Un criterio interpretativo no puede hacer el trabajo que corresponde a una revisi\u00f3n formal del planeamiento.<\/p>\n<p class=\"font-claude-response-body break-words whitespace-normal leading-&#091;1.7&#093;\">La sentencia va m\u00e1s all\u00e1 y recuerda al Ayuntamiento que cualquier futura regulaci\u00f3n deber\u00e1 respetar la normativa europea, en concreto el art\u00edculo 15.3 de la Directiva de Servicios, que exige que cualquier restricci\u00f3n cumpla tres condiciones: <strong>no discriminaci\u00f3n, necesidad y proporcionalidad<\/strong>. El tribunal cita expresamente jurisprudencia del Tribunal de Justicia de la Uni\u00f3n Europea de 2018 y 2020 sobre ordenaci\u00f3n de viviendas tur\u00edsticas, dejando claro que el escrutinio no termina en el derecho espa\u00f1ol.<\/p>\n<h2 class=\"font-claude-response-body break-words whitespace-normal leading-&#091;1.7&#093;\"><strong>Los perjudicados reclamar\u00e1n sus p\u00e9rdidas<\/strong><\/h2>\n<p class=\"font-claude-response-body break-words whitespace-normal leading-&#091;1.7&#093;\">La Asociaci\u00f3n de Apartamentos, Viviendas Tur\u00edsticas y Alojamientos Rurales de Granada (AvitarGranada), que promovi\u00f3 el recurso, no ha tardado en sacar conclusiones pr\u00e1cticas del fallo. La patronal ha animado a todos los afectados que hayan visto canceladas, bloqueadas o frustradas sus licencias, registros, expedientes o explotaciones tur\u00edsticas por la aplicaci\u00f3n del acuerdo municipal a contactar con la asociaci\u00f3n para estudiar su caso.<\/p>\n<p class=\"font-claude-response-body break-words whitespace-normal leading-&#091;1.7&#093;\">Y el alcance de esas reclamaciones no es menor. <strong>Podr\u00e1n comprender no solo gastos, inversiones o reformas paralizadas, sino tambi\u00e9n, cuando proceda y pueda acreditarse, el lucro cesante derivado de reservas perdidas, actividad bloqueada e ingresos dejados de percibir.<\/strong> El Partido Socialista en el Ayuntamiento ya ha avisado de que se avecina una demanda millonaria contra el consistorio. La aritm\u00e9tica pol\u00edtica que llev\u00f3 al pleno a aprobar el decreto por unanimidad en julio de 2024 se ha convertido en un pasivo judicial de dimensiones a\u00fan por calcular.<\/p>\n<p class=\"font-claude-response-body break-words whitespace-normal leading-&#091;1.7&#093;\">Desde AvitarGranada, su portavoz Antonio Jes\u00fas Castillo ha denunciado adem\u00e1s una doble vara de medir que considera la verdadera marca pol\u00edtica de este gobierno municipal: mientras se se\u00f1alaba al peque\u00f1o propietario granadino como responsable de la turistificaci\u00f3n, el Ayuntamiento habr\u00eda facilitado el cambio de uso de m\u00e1s de 180 edificios de residencial a hotelero en el centro y en barrios hist\u00f3ricos. Una acusaci\u00f3n que el tribunal, sin entrar en ella directamente, refuerza al advertir que la futura regulaci\u00f3n no podr\u00e1 mantener un trato diferenciado entre peque\u00f1os propietarios y grandes fondos.<\/p>\n<h2 class=\"font-claude-response-body break-words whitespace-normal leading-&#091;1.7&#093;\"><strong>\u00a0El Ayuntamiento recurrir\u00e1 la sentencia del TSJA<\/strong><\/h2>\n<p class=\"font-claude-response-body break-words whitespace-normal leading-&#091;1.7&#093;\">El concejal de Urbanismo, Enrique Catalina, ha anunciado que los servicios jur\u00eddicos municipales preparan ya un <strong>recurso de casaci\u00f3n<\/strong> contra el fallo del TSJA. El argumento del consistorio es que el decreto cont\u00f3 con el respaldo un\u00e1nime de todos los grupos pol\u00edticos en el pleno, que el tribunal ya deneg\u00f3 las medidas cautelares solicitadas en su momento, y que paralelamente se inici\u00f3 una innovaci\u00f3n del planeamiento aprobada inicialmente a principios de 2025 que sigue su tramitaci\u00f3n.<\/p>\n<p class=\"font-claude-response-body break-words whitespace-normal leading-&#091;1.7&#093;\">El problema de ese argumento es que la unanimidad pol\u00edtica no es fuente de legalidad urban\u00edstica, y que la innovaci\u00f3n del planeamiento en marcha \u2014que ser\u00eda el cauce correcto\u2014 a\u00fan no ha concluido. Mientras tanto, la sentencia es ejecutiva.<\/p>\n<h2 class=\"font-claude-response-body break-words whitespace-normal leading-&#091;1.7&#093;\"><strong>La estructura de viviendas tur\u00edsticas en Granada<\/strong><\/h2>\n<p class=\"font-claude-response-body break-words whitespace-normal leading-&#091;1.7&#093;\">Para entender la dimensi\u00f3n del conflicto conviene poner cifras sobre la mesa. Seg\u00fan los datos m\u00e1s recientes del INE actualizados a febrero de 2026, <strong>Granada capital cuenta actualmente con 3.184 viviendas de uso tur\u00edstico registradas<\/strong>, una cifra que representa un descenso respecto al m\u00e1ximo de m\u00e1s de 3.700 unidades alcanzado en 2025. Solo en el primer trimestre de 2026, la Junta ha cancelado 252 VUT en toda la provincia granadina, de las cuales 127 corresponden a la capital.<\/p>\n<p class=\"font-claude-response-body break-words whitespace-normal leading-&#091;1.7&#093;\">Son n\u00fameros que muestran un mercado que ya se estaba contrayendo por la presi\u00f3n regulatoria antes de que el TSJA dictara su fallo. La sentencia no va a inflar autom\u00e1ticamente ese parque, pero s\u00ed elimina el principal instrumento que el Ayuntamiento estaba utilizando para seguir reduci\u00e9ndolo.<\/p>\n<h2 class=\"font-claude-response-body break-words whitespace-normal leading-&#091;1.7&#093;\"><strong>Consecuencias a corto plazo<\/strong><\/h2>\n<p class=\"font-claude-response-body break-words whitespace-normal leading-&#091;1.7&#093;\">El impacto inmediato es doble. Por un lado, <strong>el Ayuntamiento pierde su principal herramienta para paralizar nuevas licencias<\/strong> de viviendas de uso tur\u00edstico en el municipio, al menos mientras la innovaci\u00f3n del planeamiento no complete su tramitaci\u00f3n y supere el filtro legal que la sentencia ya ha trazado con precisi\u00f3n quir\u00fargica. Por otro, se abre un periodo de reclamaciones cuyo coste para las arcas municipales es dif\u00edcil de estimar pero potencialmente significativo.<\/p>\n<p class=\"font-claude-response-body break-words whitespace-normal leading-&#091;1.7&#093;\">A medio plazo, la sentencia funciona tambi\u00e9n como advertencia para otros ayuntamientos andaluces que hayan optado por f\u00f3rmulas similares de regulaci\u00f3n tur\u00edstica por v\u00eda interpretativa. El TSJA ha dejado claro que el camino correcto es la modificaci\u00f3n formal del planeamiento, con todas sus garant\u00edas procedimentales, y que cualquier regulaci\u00f3n resultante deber\u00e1 superar el triple test europeo de no discriminaci\u00f3n, necesidad y proporcionalidad. Quienes creyeron que un acuerdo de pleno era suficiente atajo tendr\u00e1n que reconsiderar su posici\u00f3n.<\/p>\n<\/div>\n<\/div>\n<\/div>\n<\/div>\n<\/div>\n<\/div>\n<\/div><\/div><style type=\"text\/css\">.fusion-body .fusion-builder-column-0{width:100% !important;margin-top : 0px;margin-bottom : 0px;}.fusion-builder-column-0 > .fusion-column-wrapper {padding-top : 0px !important;padding-right : 0px !important;margin-right : 1.92%;padding-bottom : 0px !important;padding-left : 0px !important;margin-left : 1.92%;}@media only screen and (max-width:1024px) {.fusion-body .fusion-builder-column-0{width:100% !important;}.fusion-builder-column-0 > .fusion-column-wrapper {margin-right : 1.92%;margin-left : 1.92%;}}@media only screen and (max-width:640px) {.fusion-body .fusion-builder-column-0{width:100% !important;}.fusion-builder-column-0 > .fusion-column-wrapper {margin-right : 1.92%;margin-left : 1.92%;}}<\/style><\/div><\/div><style type=\"text\/css\">.fusion-body .fusion-flex-container.fusion-builder-row-1{ padding-top : 0px;margin-top : 0px;padding-right : 0px;padding-bottom : 0px;margin-bottom : 0px;padding-left : 0px;}<\/style><\/div>\n","protected":false},"excerpt":{"rendered":"<p>La Asociaci\u00f3n de Apartamentos, Viviendas Tur\u00edsticas y Alojamientos Rurales de Granada (AvitarGranada), que promovi\u00f3 el recurso, no ha tardado en sacar conclusiones pr\u00e1cticas del fallo. La patronal ha animado a todos los afectados que hayan visto canceladas, bloqueadas o frustradas sus licencias, registros, expedientes o explotaciones tur\u00edsticas por la aplicaci\u00f3n del acuerdo municipal a contactar con la asociaci\u00f3n para estudiar su caso.<\/p>\n","protected":false},"author":3,"featured_media":35286,"comment_status":"closed","ping_status":"closed","sticky":false,"template":"","format":"standard","meta":{"_jetpack_memberships_contains_paid_content":false,"footnotes":"","jetpack_publicize_message":"","jetpack_publicize_feature_enabled":true,"jetpack_social_post_already_shared":true,"jetpack_social_options":{"image_generator_settings":{"template":"highway","default_image_id":0,"font":"","enabled":false},"version":2}},"categories":[120],"tags":[8293],"class_list":["post-56091","post","type-post","status-publish","format-standard","has-post-thumbnail","hentry","category-alquileres","tag-newsletter-563"],"yoast_head":"<!-- This site is optimized with the Yoast SEO plugin v27.5 - https:\/\/yoast.com\/product\/yoast-seo-wordpress\/ -->\n<title>Las viviendas tur\u00edsticas de Granada fuera del control municipal<\/title>\n<meta name=\"description\" content=\"Granada capital cuenta con 3.184 viviendas tur\u00edsticas registradas, una cifra que representa una baja de m\u00e1s de 3.700 unidades respecto a 2025\" \/>\n<meta name=\"robots\" content=\"index, follow, max-snippet:-1, max-image-preview:large, max-video-preview:-1\" \/>\n<link rel=\"canonical\" href=\"https:\/\/www.aquimicasa.net\/blog\/vivienda\/alquileres\/las-viviendas-turisticas-de-granada-fuera-del-control-municipal\/\" \/>\n<meta property=\"og:locale\" content=\"es_ES\" \/>\n<meta property=\"og:type\" content=\"article\" \/>\n<meta property=\"og:title\" content=\"Las viviendas tur\u00edsticas de Granada fuera del control municipal\" \/>\n<meta property=\"og:description\" content=\"Granada capital cuenta con 3.184 viviendas tur\u00edsticas registradas, una cifra que representa una baja de m\u00e1s de 3.700 unidades respecto a 2025\" \/>\n<meta property=\"og:url\" content=\"https:\/\/www.aquimicasa.net\/blog\/vivienda\/alquileres\/las-viviendas-turisticas-de-granada-fuera-del-control-municipal\/\" \/>\n<meta property=\"og:site_name\" content=\"Blog de aquimicasa.net\" \/>\n<meta property=\"article:publisher\" content=\"https:\/\/www.facebook.com\/aquimicasa.net\" \/>\n<meta property=\"article:published_time\" content=\"2026-04-28T19:22:41+00:00\" \/>\n<meta property=\"article:modified_time\" content=\"2026-04-28T19:24:11+00:00\" \/>\n<meta property=\"og:image\" content=\"https:\/\/www.aquimicasa.net\/blog\/wp-content\/uploads\/granada3-1-e1609101365914.jpg\" \/>\n\t<meta property=\"og:image:width\" content=\"710\" \/>\n\t<meta property=\"og:image:height\" content=\"400\" \/>\n\t<meta property=\"og:image:type\" content=\"image\/jpeg\" \/>\n<meta name=\"author\" content=\"Eduardo Lizarraga\" \/>\n<meta name=\"twitter:label1\" content=\"Escrito por\" \/>\n\t<meta name=\"twitter:data1\" content=\"Eduardo Lizarraga\" \/>\n\t<meta name=\"twitter:label2\" content=\"Tiempo de lectura\" \/>\n\t<meta name=\"twitter:data2\" content=\"6 minutos\" \/>\n<script type=\"application\/ld+json\" class=\"yoast-schema-graph\">{\"@context\":\"https:\\\/\\\/schema.org\",\"@graph\":[{\"@type\":\"Article\",\"@id\":\"https:\\\/\\\/www.aquimicasa.net\\\/blog\\\/vivienda\\\/alquileres\\\/las-viviendas-turisticas-de-granada-fuera-del-control-municipal\\\/#article\",\"isPartOf\":{\"@id\":\"https:\\\/\\\/www.aquimicasa.net\\\/blog\\\/vivienda\\\/alquileres\\\/las-viviendas-turisticas-de-granada-fuera-del-control-municipal\\\/\"},\"author\":{\"name\":\"Eduardo Lizarraga\",\"@id\":\"https:\\\/\\\/www.aquimicasa.net\\\/blog\\\/#\\\/schema\\\/person\\\/2cdfa2605534583395c8d7ce1d6cac14\"},\"headline\":\"Las viviendas tur\u00edsticas de Granada fuera del control municipal\",\"datePublished\":\"2026-04-28T19:22:41+00:00\",\"dateModified\":\"2026-04-28T19:24:11+00:00\",\"mainEntityOfPage\":{\"@id\":\"https:\\\/\\\/www.aquimicasa.net\\\/blog\\\/vivienda\\\/alquileres\\\/las-viviendas-turisticas-de-granada-fuera-del-control-municipal\\\/\"},\"wordCount\":1389,\"publisher\":{\"@id\":\"https:\\\/\\\/www.aquimicasa.net\\\/blog\\\/#organization\"},\"image\":{\"@id\":\"https:\\\/\\\/www.aquimicasa.net\\\/blog\\\/vivienda\\\/alquileres\\\/las-viviendas-turisticas-de-granada-fuera-del-control-municipal\\\/#primaryimage\"},\"thumbnailUrl\":\"https:\\\/\\\/www.aquimicasa.net\\\/blog\\\/wp-content\\\/uploads\\\/granada3-1-e1609101365914.jpg\",\"keywords\":[\"newsletter 563\"],\"articleSection\":[\"Alquiler\"],\"inLanguage\":\"es\"},{\"@type\":\"WebPage\",\"@id\":\"https:\\\/\\\/www.aquimicasa.net\\\/blog\\\/vivienda\\\/alquileres\\\/las-viviendas-turisticas-de-granada-fuera-del-control-municipal\\\/\",\"url\":\"https:\\\/\\\/www.aquimicasa.net\\\/blog\\\/vivienda\\\/alquileres\\\/las-viviendas-turisticas-de-granada-fuera-del-control-municipal\\\/\",\"name\":\"Las viviendas tur\u00edsticas de Granada fuera del control municipal\",\"isPartOf\":{\"@id\":\"https:\\\/\\\/www.aquimicasa.net\\\/blog\\\/#website\"},\"primaryImageOfPage\":{\"@id\":\"https:\\\/\\\/www.aquimicasa.net\\\/blog\\\/vivienda\\\/alquileres\\\/las-viviendas-turisticas-de-granada-fuera-del-control-municipal\\\/#primaryimage\"},\"image\":{\"@id\":\"https:\\\/\\\/www.aquimicasa.net\\\/blog\\\/vivienda\\\/alquileres\\\/las-viviendas-turisticas-de-granada-fuera-del-control-municipal\\\/#primaryimage\"},\"thumbnailUrl\":\"https:\\\/\\\/www.aquimicasa.net\\\/blog\\\/wp-content\\\/uploads\\\/granada3-1-e1609101365914.jpg\",\"datePublished\":\"2026-04-28T19:22:41+00:00\",\"dateModified\":\"2026-04-28T19:24:11+00:00\",\"description\":\"Granada capital cuenta con 3.184 viviendas tur\u00edsticas registradas, una cifra que representa una baja de m\u00e1s de 3.700 unidades respecto a 2025\",\"breadcrumb\":{\"@id\":\"https:\\\/\\\/www.aquimicasa.net\\\/blog\\\/vivienda\\\/alquileres\\\/las-viviendas-turisticas-de-granada-fuera-del-control-municipal\\\/#breadcrumb\"},\"inLanguage\":\"es\",\"potentialAction\":[{\"@type\":\"ReadAction\",\"target\":[\"https:\\\/\\\/www.aquimicasa.net\\\/blog\\\/vivienda\\\/alquileres\\\/las-viviendas-turisticas-de-granada-fuera-del-control-municipal\\\/\"]}]},{\"@type\":\"ImageObject\",\"inLanguage\":\"es\",\"@id\":\"https:\\\/\\\/www.aquimicasa.net\\\/blog\\\/vivienda\\\/alquileres\\\/las-viviendas-turisticas-de-granada-fuera-del-control-municipal\\\/#primaryimage\",\"url\":\"https:\\\/\\\/www.aquimicasa.net\\\/blog\\\/wp-content\\\/uploads\\\/granada3-1-e1609101365914.jpg\",\"contentUrl\":\"https:\\\/\\\/www.aquimicasa.net\\\/blog\\\/wp-content\\\/uploads\\\/granada3-1-e1609101365914.jpg\",\"width\":710,\"height\":400,\"caption\":\"El TSJA falla contra el ayuntamiento de Granada por las viviendas de uso tur\u00edstico\"},{\"@type\":\"BreadcrumbList\",\"@id\":\"https:\\\/\\\/www.aquimicasa.net\\\/blog\\\/vivienda\\\/alquileres\\\/las-viviendas-turisticas-de-granada-fuera-del-control-municipal\\\/#breadcrumb\",\"itemListElement\":[{\"@type\":\"ListItem\",\"position\":1,\"name\":\"Portada\",\"item\":\"https:\\\/\\\/www.aquimicasa.net\\\/blog\\\/\"},{\"@type\":\"ListItem\",\"position\":2,\"name\":\"Las viviendas tur\u00edsticas de Granada fuera del control municipal\"}]},{\"@type\":\"WebSite\",\"@id\":\"https:\\\/\\\/www.aquimicasa.net\\\/blog\\\/#website\",\"url\":\"https:\\\/\\\/www.aquimicasa.net\\\/blog\\\/\",\"name\":\"Blog de aquimicasa.net\",\"description\":\"Noticias del Mundo Inmobiliario\",\"publisher\":{\"@id\":\"https:\\\/\\\/www.aquimicasa.net\\\/blog\\\/#organization\"},\"potentialAction\":[{\"@type\":\"SearchAction\",\"target\":{\"@type\":\"EntryPoint\",\"urlTemplate\":\"https:\\\/\\\/www.aquimicasa.net\\\/blog\\\/?s={search_term_string}\"},\"query-input\":{\"@type\":\"PropertyValueSpecification\",\"valueRequired\":true,\"valueName\":\"search_term_string\"}}],\"inLanguage\":\"es\"},{\"@type\":\"Organization\",\"@id\":\"https:\\\/\\\/www.aquimicasa.net\\\/blog\\\/#organization\",\"name\":\"Blog de aquimicasa.net\",\"url\":\"https:\\\/\\\/www.aquimicasa.net\\\/blog\\\/\",\"logo\":{\"@type\":\"ImageObject\",\"inLanguage\":\"es\",\"@id\":\"https:\\\/\\\/www.aquimicasa.net\\\/blog\\\/#\\\/schema\\\/logo\\\/image\\\/\",\"url\":\"https:\\\/\\\/www.aquimicasa.net\\\/blog\\\/wp-content\\\/uploads\\\/Logo-aquimicasa-1-e1528048213782.png\",\"contentUrl\":\"https:\\\/\\\/www.aquimicasa.net\\\/blog\\\/wp-content\\\/uploads\\\/Logo-aquimicasa-1-e1528048213782.png\",\"width\":225,\"height\":225,\"caption\":\"Blog de aquimicasa.net\"},\"image\":{\"@id\":\"https:\\\/\\\/www.aquimicasa.net\\\/blog\\\/#\\\/schema\\\/logo\\\/image\\\/\"},\"sameAs\":[\"https:\\\/\\\/www.facebook.com\\\/aquimicasa.net\",\"https:\\\/\\\/www.instagram.com\\\/\",\"https:\\\/\\\/x.com\\\/EduLizarragaD\",\"https:\\\/\\\/www.linkedin.com\\\/feed\\\/\"]},{\"@type\":\"Person\",\"@id\":\"https:\\\/\\\/www.aquimicasa.net\\\/blog\\\/#\\\/schema\\\/person\\\/2cdfa2605534583395c8d7ce1d6cac14\",\"name\":\"Eduardo Lizarraga\",\"image\":{\"@type\":\"ImageObject\",\"inLanguage\":\"es\",\"@id\":\"https:\\\/\\\/secure.gravatar.com\\\/avatar\\\/bdabe1eeeed97b65a9cb7de2edd624b07995f7e13abc5fead15961f745f908cc?s=96&d=mm&r=g\",\"url\":\"https:\\\/\\\/secure.gravatar.com\\\/avatar\\\/bdabe1eeeed97b65a9cb7de2edd624b07995f7e13abc5fead15961f745f908cc?s=96&d=mm&r=g\",\"contentUrl\":\"https:\\\/\\\/secure.gravatar.com\\\/avatar\\\/bdabe1eeeed97b65a9cb7de2edd624b07995f7e13abc5fead15961f745f908cc?s=96&d=mm&r=g\",\"caption\":\"Eduardo Lizarraga\"},\"description\":\"Periodista Econ\u00f3mico. Ha trabajado en diversos campos de la informaci\u00f3n. Corresponsal en conflictos, analista pol\u00edtico en Congreso y Senado, periodista del medio ambiente, editor, director editorial, director de comunicaci\u00f3n.... En estos momentos se ha especializado en el sector inmobiliario. Pero tambi\u00e9n es navegante y viajero, preocupado por la pobreza, el medio ambiente y por las actuaciones descontroladas del neoliberalismo empresarial y pol\u00edtico en todo el mundo. Los desahucios, la pobreza infantil y la falta de acceso a los suministros b\u00e1sicos son algunos de los grandes dramas de nuestra sociedad y que es preciso solucionar para hacerla m\u00e1s justa. CEO en www.aquimicasa.net\",\"sameAs\":[\"https:\\\/\\\/www.aquimicasa.net\\\/\"],\"url\":\"https:\\\/\\\/www.aquimicasa.net\\\/blog\\\/author\\\/eduardo\\\/\"}]}<\/script>\n<!-- \/ Yoast SEO plugin. -->","yoast_head_json":{"title":"Las viviendas tur\u00edsticas de Granada fuera del control municipal","description":"Granada capital cuenta con 3.184 viviendas tur\u00edsticas registradas, una cifra que representa una baja de m\u00e1s de 3.700 unidades respecto a 2025","robots":{"index":"index","follow":"follow","max-snippet":"max-snippet:-1","max-image-preview":"max-image-preview:large","max-video-preview":"max-video-preview:-1"},"canonical":"https:\/\/www.aquimicasa.net\/blog\/vivienda\/alquileres\/las-viviendas-turisticas-de-granada-fuera-del-control-municipal\/","og_locale":"es_ES","og_type":"article","og_title":"Las viviendas tur\u00edsticas de Granada fuera del control municipal","og_description":"Granada capital cuenta con 3.184 viviendas tur\u00edsticas registradas, una cifra que representa una baja de m\u00e1s de 3.700 unidades respecto a 2025","og_url":"https:\/\/www.aquimicasa.net\/blog\/vivienda\/alquileres\/las-viviendas-turisticas-de-granada-fuera-del-control-municipal\/","og_site_name":"Blog de aquimicasa.net","article_publisher":"https:\/\/www.facebook.com\/aquimicasa.net","article_published_time":"2026-04-28T19:22:41+00:00","article_modified_time":"2026-04-28T19:24:11+00:00","og_image":[{"width":710,"height":400,"url":"https:\/\/www.aquimicasa.net\/blog\/wp-content\/uploads\/granada3-1-e1609101365914.jpg","type":"image\/jpeg"}],"author":"Eduardo Lizarraga","twitter_misc":{"Escrito por":"Eduardo Lizarraga","Tiempo de lectura":"6 minutos"},"schema":{"@context":"https:\/\/schema.org","@graph":[{"@type":"Article","@id":"https:\/\/www.aquimicasa.net\/blog\/vivienda\/alquileres\/las-viviendas-turisticas-de-granada-fuera-del-control-municipal\/#article","isPartOf":{"@id":"https:\/\/www.aquimicasa.net\/blog\/vivienda\/alquileres\/las-viviendas-turisticas-de-granada-fuera-del-control-municipal\/"},"author":{"name":"Eduardo Lizarraga","@id":"https:\/\/www.aquimicasa.net\/blog\/#\/schema\/person\/2cdfa2605534583395c8d7ce1d6cac14"},"headline":"Las viviendas tur\u00edsticas de Granada fuera del control municipal","datePublished":"2026-04-28T19:22:41+00:00","dateModified":"2026-04-28T19:24:11+00:00","mainEntityOfPage":{"@id":"https:\/\/www.aquimicasa.net\/blog\/vivienda\/alquileres\/las-viviendas-turisticas-de-granada-fuera-del-control-municipal\/"},"wordCount":1389,"publisher":{"@id":"https:\/\/www.aquimicasa.net\/blog\/#organization"},"image":{"@id":"https:\/\/www.aquimicasa.net\/blog\/vivienda\/alquileres\/las-viviendas-turisticas-de-granada-fuera-del-control-municipal\/#primaryimage"},"thumbnailUrl":"https:\/\/www.aquimicasa.net\/blog\/wp-content\/uploads\/granada3-1-e1609101365914.jpg","keywords":["newsletter 563"],"articleSection":["Alquiler"],"inLanguage":"es"},{"@type":"WebPage","@id":"https:\/\/www.aquimicasa.net\/blog\/vivienda\/alquileres\/las-viviendas-turisticas-de-granada-fuera-del-control-municipal\/","url":"https:\/\/www.aquimicasa.net\/blog\/vivienda\/alquileres\/las-viviendas-turisticas-de-granada-fuera-del-control-municipal\/","name":"Las viviendas tur\u00edsticas de Granada fuera del control municipal","isPartOf":{"@id":"https:\/\/www.aquimicasa.net\/blog\/#website"},"primaryImageOfPage":{"@id":"https:\/\/www.aquimicasa.net\/blog\/vivienda\/alquileres\/las-viviendas-turisticas-de-granada-fuera-del-control-municipal\/#primaryimage"},"image":{"@id":"https:\/\/www.aquimicasa.net\/blog\/vivienda\/alquileres\/las-viviendas-turisticas-de-granada-fuera-del-control-municipal\/#primaryimage"},"thumbnailUrl":"https:\/\/www.aquimicasa.net\/blog\/wp-content\/uploads\/granada3-1-e1609101365914.jpg","datePublished":"2026-04-28T19:22:41+00:00","dateModified":"2026-04-28T19:24:11+00:00","description":"Granada capital cuenta con 3.184 viviendas tur\u00edsticas registradas, una cifra que representa una baja de m\u00e1s de 3.700 unidades respecto a 2025","breadcrumb":{"@id":"https:\/\/www.aquimicasa.net\/blog\/vivienda\/alquileres\/las-viviendas-turisticas-de-granada-fuera-del-control-municipal\/#breadcrumb"},"inLanguage":"es","potentialAction":[{"@type":"ReadAction","target":["https:\/\/www.aquimicasa.net\/blog\/vivienda\/alquileres\/las-viviendas-turisticas-de-granada-fuera-del-control-municipal\/"]}]},{"@type":"ImageObject","inLanguage":"es","@id":"https:\/\/www.aquimicasa.net\/blog\/vivienda\/alquileres\/las-viviendas-turisticas-de-granada-fuera-del-control-municipal\/#primaryimage","url":"https:\/\/www.aquimicasa.net\/blog\/wp-content\/uploads\/granada3-1-e1609101365914.jpg","contentUrl":"https:\/\/www.aquimicasa.net\/blog\/wp-content\/uploads\/granada3-1-e1609101365914.jpg","width":710,"height":400,"caption":"El TSJA falla contra el ayuntamiento de Granada por las viviendas de uso tur\u00edstico"},{"@type":"BreadcrumbList","@id":"https:\/\/www.aquimicasa.net\/blog\/vivienda\/alquileres\/las-viviendas-turisticas-de-granada-fuera-del-control-municipal\/#breadcrumb","itemListElement":[{"@type":"ListItem","position":1,"name":"Portada","item":"https:\/\/www.aquimicasa.net\/blog\/"},{"@type":"ListItem","position":2,"name":"Las viviendas tur\u00edsticas de Granada fuera del control municipal"}]},{"@type":"WebSite","@id":"https:\/\/www.aquimicasa.net\/blog\/#website","url":"https:\/\/www.aquimicasa.net\/blog\/","name":"Blog de aquimicasa.net","description":"Noticias del Mundo Inmobiliario","publisher":{"@id":"https:\/\/www.aquimicasa.net\/blog\/#organization"},"potentialAction":[{"@type":"SearchAction","target":{"@type":"EntryPoint","urlTemplate":"https:\/\/www.aquimicasa.net\/blog\/?s={search_term_string}"},"query-input":{"@type":"PropertyValueSpecification","valueRequired":true,"valueName":"search_term_string"}}],"inLanguage":"es"},{"@type":"Organization","@id":"https:\/\/www.aquimicasa.net\/blog\/#organization","name":"Blog de aquimicasa.net","url":"https:\/\/www.aquimicasa.net\/blog\/","logo":{"@type":"ImageObject","inLanguage":"es","@id":"https:\/\/www.aquimicasa.net\/blog\/#\/schema\/logo\/image\/","url":"https:\/\/www.aquimicasa.net\/blog\/wp-content\/uploads\/Logo-aquimicasa-1-e1528048213782.png","contentUrl":"https:\/\/www.aquimicasa.net\/blog\/wp-content\/uploads\/Logo-aquimicasa-1-e1528048213782.png","width":225,"height":225,"caption":"Blog de aquimicasa.net"},"image":{"@id":"https:\/\/www.aquimicasa.net\/blog\/#\/schema\/logo\/image\/"},"sameAs":["https:\/\/www.facebook.com\/aquimicasa.net","https:\/\/www.instagram.com\/","https:\/\/x.com\/EduLizarragaD","https:\/\/www.linkedin.com\/feed\/"]},{"@type":"Person","@id":"https:\/\/www.aquimicasa.net\/blog\/#\/schema\/person\/2cdfa2605534583395c8d7ce1d6cac14","name":"Eduardo Lizarraga","image":{"@type":"ImageObject","inLanguage":"es","@id":"https:\/\/secure.gravatar.com\/avatar\/bdabe1eeeed97b65a9cb7de2edd624b07995f7e13abc5fead15961f745f908cc?s=96&d=mm&r=g","url":"https:\/\/secure.gravatar.com\/avatar\/bdabe1eeeed97b65a9cb7de2edd624b07995f7e13abc5fead15961f745f908cc?s=96&d=mm&r=g","contentUrl":"https:\/\/secure.gravatar.com\/avatar\/bdabe1eeeed97b65a9cb7de2edd624b07995f7e13abc5fead15961f745f908cc?s=96&d=mm&r=g","caption":"Eduardo Lizarraga"},"description":"Periodista Econ\u00f3mico. Ha trabajado en diversos campos de la informaci\u00f3n. Corresponsal en conflictos, analista pol\u00edtico en Congreso y Senado, periodista del medio ambiente, editor, director editorial, director de comunicaci\u00f3n.... En estos momentos se ha especializado en el sector inmobiliario. Pero tambi\u00e9n es navegante y viajero, preocupado por la pobreza, el medio ambiente y por las actuaciones descontroladas del neoliberalismo empresarial y pol\u00edtico en todo el mundo. Los desahucios, la pobreza infantil y la falta de acceso a los suministros b\u00e1sicos son algunos de los grandes dramas de nuestra sociedad y que es preciso solucionar para hacerla m\u00e1s justa. CEO en www.aquimicasa.net","sameAs":["https:\/\/www.aquimicasa.net\/"],"url":"https:\/\/www.aquimicasa.net\/blog\/author\/eduardo\/"}]}},"jetpack_publicize_connections":[],"jetpack_featured_media_url":"https:\/\/www.aquimicasa.net\/blog\/wp-content\/uploads\/granada3-1-e1609101365914.jpg","jetpack_sharing_enabled":true,"jetpack_likes_enabled":true,"_links":{"self":[{"href":"https:\/\/www.aquimicasa.net\/blog\/wp-json\/wp\/v2\/posts\/56091","targetHints":{"allow":["GET"]}}],"collection":[{"href":"https:\/\/www.aquimicasa.net\/blog\/wp-json\/wp\/v2\/posts"}],"about":[{"href":"https:\/\/www.aquimicasa.net\/blog\/wp-json\/wp\/v2\/types\/post"}],"author":[{"embeddable":true,"href":"https:\/\/www.aquimicasa.net\/blog\/wp-json\/wp\/v2\/users\/3"}],"replies":[{"embeddable":true,"href":"https:\/\/www.aquimicasa.net\/blog\/wp-json\/wp\/v2\/comments?post=56091"}],"version-history":[{"count":5,"href":"https:\/\/www.aquimicasa.net\/blog\/wp-json\/wp\/v2\/posts\/56091\/revisions"}],"predecessor-version":[{"id":56103,"href":"https:\/\/www.aquimicasa.net\/blog\/wp-json\/wp\/v2\/posts\/56091\/revisions\/56103"}],"wp:featuredmedia":[{"embeddable":true,"href":"https:\/\/www.aquimicasa.net\/blog\/wp-json\/wp\/v2\/media\/35286"}],"wp:attachment":[{"href":"https:\/\/www.aquimicasa.net\/blog\/wp-json\/wp\/v2\/media?parent=56091"}],"wp:term":[{"taxonomy":"category","embeddable":true,"href":"https:\/\/www.aquimicasa.net\/blog\/wp-json\/wp\/v2\/categories?post=56091"},{"taxonomy":"post_tag","embeddable":true,"href":"https:\/\/www.aquimicasa.net\/blog\/wp-json\/wp\/v2\/tags?post=56091"}],"curies":[{"name":"wp","href":"https:\/\/api.w.org\/{rel}","templated":true}]}}