{"id":56095,"date":"2026-04-28T20:38:35","date_gmt":"2026-04-28T18:38:35","guid":{"rendered":"https:\/\/www.aquimicasa.net\/blog\/?p=56095"},"modified":"2026-04-28T20:41:57","modified_gmt":"2026-04-28T18:41:57","slug":"arranca-el-plan-de-vivienda-a-la-espera-de-los-participantes","status":"publish","type":"post","link":"https:\/\/www.aquimicasa.net\/blog\/vivienda\/construccion-de-viviendas\/arranca-el-plan-de-vivienda-a-la-espera-de-los-participantes\/","title":{"rendered":"Arranca el Plan de Vivienda a la espera de los participantes"},"content":{"rendered":"<div class=\"fusion-fullwidth fullwidth-box fusion-builder-row-1 fusion-flex-container nonhundred-percent-fullwidth non-hundred-percent-height-scrolling\" style=\"background-color: rgba(255,255,255,0);background-position: center center;background-repeat: no-repeat;border-width: 0px 0px 0px 0px;border-color:#eae9e9;border-style:solid;\" ><div class=\"fusion-builder-row fusion-row fusion-flex-align-items-flex-start\" style=\"max-width:1144px;margin-left: calc(-4% \/ 2 );margin-right: calc(-4% \/ 2 );\"><div class=\"fusion-layout-column fusion_builder_column fusion-builder-column-0 fusion_builder_column_1_1 1_1 fusion-flex-column\"><div class=\"fusion-column-wrapper fusion-flex-justify-content-flex-start fusion-content-layout-column\" style=\"background-position:left top;background-repeat:no-repeat;-webkit-background-size:cover;-moz-background-size:cover;-o-background-size:cover;background-size:cover;padding: 0px 0px 0px 0px;\"><div class=\"fusion-text fusion-text-1\"><div class=\"cuerpo_noticia\">\n<div data-test-render-count=\"1\">\n<div class=\"group\">\n<div class=\"contents\">\n<div class=\"group relative relative pb-3\" data-is-streaming=\"false\">\n<div class=\"font-claude-response relative leading-&#091;1.65rem&#093; &#091;&amp;_pre&gt; &lt;p&gt;div&#093;:bg-bg-000\/50 &#091;&amp;_pre&gt;div&#093;:border-0.5 &#091;&amp;_pre&gt;div&#093;:border-border-400 &#091;&amp;_.ignore-pre-bg&gt;div&#093;:bg-transparent &#091;&amp;_.standard-markdown_:is(p,blockquote,h1,h2,h3,h4,h5,h6)&#093;:pl-2 &#091;&amp;_.standard-markdown_:is(p,blockquote,ul,ol,h1,h2,h3,h4,h5,h6)&#093;:pr-8 &#091;&amp;_.progressive-markdown_:is(p,blockquote,h1,h2,h3,h4,h5,h6)&#093;:pl-2 &#091;&amp;_.progressive-markdown_:is(p,blockquote,ul,ol,h1,h2,h3,h4,h5,h6)&#093;:pr-8\">\n<div>\n<div class=\"standard-markdown grid-cols-1 grid &#091;&amp;_&gt; &lt;p&gt;_*&#093;:min-w-0 gap-3 standard-markdown\">\n<h2 class=\"font-claude-response-body break-words whitespace-normal leading-&#091;1.7&#093;\"><strong>La colaboraci\u00f3n entre administraciones y el sector privado, eje del nuevo modelo<\/strong><\/h2>\n<p class=\"font-claude-response-body break-words whitespace-normal leading-&#091;1.7&#093;\">El Ministerio de Vivienda y Agenda Urbana ha dado un paso decisivo en el despliegue del <strong>Plan Estatal de Vivienda 2026-2030<\/strong>, con una reuni\u00f3n de la Comisi\u00f3n Multilateral en la que se ha avanzado en el acuerdo con las comunidades aut\u00f3nomas para movilizar <strong>7.000 millones de euros<\/strong> destinados a garantizar el derecho a la vivienda desde la acci\u00f3n p\u00fablica. El secretario de Estado <strong>David Lucas<\/strong>, que presidi\u00f3 el encuentro, fue directo: este Plan es lo que la sociedad espa\u00f1ola est\u00e1 reclamando, y su puesta en marcha exige una cooperaci\u00f3n leal entre administraciones y una colaboraci\u00f3n p\u00fablico-privada que traduzca las pol\u00edticas en viviendas reales para personas reales.<\/p>\n<p class=\"font-claude-response-body break-words whitespace-normal leading-&#091;1.7&#093;\">El modelo que propone el Gobierno no es el de siempre \u2014el Estado transfiere dinero y se desentiende\u2014, sino uno de <strong>corresponsabilidad efectiva<\/strong>: el Gobierno de Espa\u00f1a aporta el 60% de los fondos y las comunidades aut\u00f3nomas el 40% restante. M\u00e1s inversi\u00f3n que nunca, pero tambi\u00e9n m\u00e1s exigencia que nunca. Y ah\u00ed es donde empieza el ruido.<\/p>\n<h2 class=\"font-claude-response-body break-words whitespace-normal leading-&#091;1.7&#093;\"><strong>\u00a0Los 800 millones para la primera anualidad, listos en cuanto las comunidades den el paso<\/strong><\/h2>\n<p class=\"font-claude-response-body break-words whitespace-normal leading-&#091;1.7&#093;\">La hoja de ruta est\u00e1 trazada. La <strong>Conferencia Sectorial<\/strong> prevista para finales de mayo aprobar\u00e1 los criterios de reparto de los 7.000 millones en primera vuelta, lo que activar\u00e1 el procedimiento para transferir el primer desembolso: <strong>800 millones de euros<\/strong> correspondientes a la anualidad de 2026. El dinero existe, el mecanismo est\u00e1 dise\u00f1ado y el calendario es concreto. Lo \u00fanico que puede retrasar ese primer cheque es la voluntad \u2014o la falta de ella\u2014 de las comunidades aut\u00f3nomas para sentarse a firmar.<\/p>\n<h2 class=\"font-claude-response-body break-words whitespace-normal leading-&#091;1.7&#093;\"><strong>El destino de la inversi\u00f3n: construir, rehabilitar y proteger a quien m\u00e1s lo necesita<\/strong><\/h2>\n<p class=\"font-claude-response-body break-words whitespace-normal leading-&#091;1.7&#093;\">Los 7.000 millones no son un fondo gen\u00e9rico sin destino. El Plan establece una distribuci\u00f3n clara: <strong>al menos un 40% ir\u00e1 a la construcci\u00f3n y adquisici\u00f3n de viviendas<\/strong>, un <strong>30% a la rehabilitaci\u00f3n del parque existente<\/strong> y el <strong>30% restante a proteger a los colectivos y territorios m\u00e1s vulnerables<\/strong>. Es decir, vivienda nueva, vivienda recuperada y vivienda social. Tres l\u00edneas de actuaci\u00f3n que, combinadas, podr\u00edan cambiar de forma estructural el mapa del acceso residencial en Espa\u00f1a si las comunidades se suman con la misma ambici\u00f3n con la que el Estado llega a la mesa.<\/p>\n<h2 class=\"font-claude-response-body break-words whitespace-normal leading-&#091;1.7&#093;\"><strong>Llamamiento a la participaci\u00f3n de las comunidades: el que no est\u00e9, que lo explique<\/strong><\/h2>\n<p class=\"font-claude-response-body break-words whitespace-normal leading-&#091;1.7&#093;\">El Plan es voluntario en su adhesi\u00f3n, pero las consecuencias de quedarse fuera son muy poco voluntarias para los ciudadanos de esos territorios. Que una comunidad aut\u00f3noma rechace fondos triplicados para vivienda p\u00fablica \u2014en plena crisis de acceso, con los alquileres disparados y la compra fuera del alcance de una generaci\u00f3n entera\u2014 no es una decisi\u00f3n t\u00e9cnica ni competencial: es una decisi\u00f3n pol\u00edtica que alguien tendr\u00e1 que explicar en los mercados, en los barrios y en las urnas.<\/p>\n<p class=\"font-claude-response-body break-words whitespace-normal leading-&#091;1.7&#093;\">Algunas administraciones auton\u00f3micas ya han empezado a agitar el argumento de la <strong>invasi\u00f3n de competencias<\/strong>, un cl\u00e1sico del argumentario para no hacer nada con fondos ajenos. Lo curioso es que el dinero no invade ninguna competencia: las comunidades siguen gestionando, siguen decidiendo c\u00f3mo ejecutar. Lo que no pueden hacer es coger el dinero estatal e ignorar las condiciones con las que viene. Y esas condiciones, en este caso, son razonables.<\/p>\n<h2 class=\"font-claude-response-body break-words whitespace-normal leading-&#091;1.7&#093;\"><strong>Blindar la protecci\u00f3n permanente de todas las viviendas, la clave que m\u00e1s escuece<\/strong><\/h2>\n<p class=\"font-claude-response-body break-words whitespace-normal leading-&#091;1.7&#093;\">La condici\u00f3n que m\u00e1s incomoda a ciertos gobiernos auton\u00f3micos es tambi\u00e9n la m\u00e1s l\u00f3gica: <strong>toda vivienda construida con fondos p\u00fablicos permanece p\u00fablica<\/strong>. Sin vuelta atr\u00e1s, sin descalificaciones a los diez a\u00f1os, sin que el suelo p\u00fablico acabe en manos privadas una vez pasado el plazo legal. El Plan incorpora mecanismos expl\u00edcitos para blindar esa <strong>protecci\u00f3n permanente<\/strong>, acompa\u00f1ados de una <strong>cl\u00e1usula antifraude<\/strong> en las adjudicaciones y de un sistema de datos p\u00fablicos que garantice transparencia y acceso ciudadano a informaci\u00f3n veraz.<\/p>\n<p class=\"font-claude-response-body break-words whitespace-normal leading-&#091;1.7&#093;\">Que esto escueza dice mucho sobre lo que algunos esperaban hacer con el dinero.<\/p>\n<h2 class=\"font-claude-response-body break-words whitespace-normal leading-&#091;1.7&#093;\"><strong>La liberalizaci\u00f3n, ese agujero negro que ha vaciado Espa\u00f1a de vivienda p\u00fablica<\/strong><\/h2>\n<p class=\"font-claude-response-body break-words whitespace-normal leading-&#091;1.7&#093;\">Espa\u00f1a tiene uno de los parques de vivienda p\u00fablica m\u00e1s raqu\u00edticos de Europa occidental, y no es un accidente hist\u00f3rico: es el resultado de d\u00e9cadas de descalificaciones masivas, ventas a fondos de inversi\u00f3n y apuestas por el mercado libre como soluci\u00f3n a un problema que el mercado libre no tiene ning\u00fan incentivo en resolver. Cada vez que una vivienda protegida sali\u00f3 del parque p\u00fablico al calor de una normativa auton\u00f3mica que lo permit\u00eda, alguien se ahorr\u00f3 una explicaci\u00f3n dif\u00edcil a corto plazo y la traslad\u00f3 a las generaciones siguientes en forma de alquileres imposibles.<\/p>\n<p class=\"font-claude-response-body break-words whitespace-normal leading-&#091;1.7&#093;\">El nuevo Plan Estatal de Vivienda llega, entre otras cosas, a cerrar ese grifo. No de golpe, no de forma retroactiva, pero s\u00ed con la firmeza suficiente como para que lo que se construya ahora no desaparezca dentro de una d\u00e9cada. Que algunas comunidades prefieran rechazar 7.000 millones antes que aceptar esa condici\u00f3n es, en s\u00ed mismo, una declaraci\u00f3n de intenciones que merece ser le\u00edda con atenci\u00f3n.<\/p>\n<\/div>\n<\/div>\n<\/div>\n<\/div>\n<\/div>\n<\/div>\n<\/div>\n<\/div>\n<\/div><\/div><style type=\"text\/css\">.fusion-body .fusion-builder-column-0{width:100% !important;margin-top : 0px;margin-bottom : 0px;}.fusion-builder-column-0 > .fusion-column-wrapper {padding-top : 0px !important;padding-right : 0px !important;margin-right : 1.92%;padding-bottom : 0px !important;padding-left : 0px !important;margin-left : 1.92%;}@media only screen and (max-width:1024px) {.fusion-body .fusion-builder-column-0{width:100% !important;}.fusion-builder-column-0 > .fusion-column-wrapper {margin-right : 1.92%;margin-left : 1.92%;}}@media only screen and (max-width:640px) {.fusion-body .fusion-builder-column-0{width:100% !important;}.fusion-builder-column-0 > .fusion-column-wrapper {margin-right : 1.92%;margin-left : 1.92%;}}<\/style><\/div><\/div><style type=\"text\/css\">.fusion-body .fusion-flex-container.fusion-builder-row-1{ padding-top : 0px;margin-top : 0px;padding-right : 0px;padding-bottom : 0px;margin-bottom : 0px;padding-left : 0px;}<\/style><\/div>\n","protected":false},"excerpt":{"rendered":"<p>El modelo que propone el Gobierno no es el de siempre \u2014el Estado transfiere dinero y se desentiende\u2014, sino uno de corresponsabilidad efectiva: el Gobierno de Espa\u00f1a aporta el 60% de los fondos y las comunidades aut\u00f3nomas el 40% restante. M\u00e1s inversi\u00f3n que nunca, pero tambi\u00e9n m\u00e1s exigencia que nunca.<\/p>\n","protected":false},"author":3,"featured_media":56101,"comment_status":"closed","ping_status":"closed","sticky":false,"template":"","format":"standard","meta":{"_jetpack_memberships_contains_paid_content":false,"footnotes":"","jetpack_publicize_message":"","jetpack_publicize_feature_enabled":true,"jetpack_social_post_already_shared":true,"jetpack_social_options":{"image_generator_settings":{"template":"highway","default_image_id":0,"font":"","enabled":false},"version":2}},"categories":[96],"tags":[8293],"class_list":["post-56095","post","type-post","status-publish","format-standard","has-post-thumbnail","hentry","category-construccion-de-viviendas","tag-newsletter-563"],"yoast_head":"<!-- This site is optimized with the Yoast SEO plugin v27.5 - https:\/\/yoast.com\/product\/yoast-seo-wordpress\/ -->\n<title>Arranca el Plan de Vivienda a la espera de los participantes<\/title>\n<meta name=\"description\" content=\"La condici\u00f3n que m\u00e1s incomoda es tambi\u00e9n la m\u00e1s l\u00f3gica: toda vivienda construida con fondos p\u00fablicos permanece p\u00fablica.\" \/>\n<meta name=\"robots\" content=\"index, follow, max-snippet:-1, max-image-preview:large, max-video-preview:-1\" \/>\n<link rel=\"canonical\" href=\"https:\/\/www.aquimicasa.net\/blog\/vivienda\/construccion-de-viviendas\/arranca-el-plan-de-vivienda-a-la-espera-de-los-participantes\/\" \/>\n<meta property=\"og:locale\" content=\"es_ES\" \/>\n<meta property=\"og:type\" content=\"article\" \/>\n<meta property=\"og:title\" content=\"Arranca el Plan de Vivienda a la espera de los participantes\" \/>\n<meta property=\"og:description\" content=\"La condici\u00f3n que m\u00e1s incomoda es tambi\u00e9n la m\u00e1s l\u00f3gica: toda vivienda construida con fondos p\u00fablicos permanece p\u00fablica.\" \/>\n<meta property=\"og:url\" content=\"https:\/\/www.aquimicasa.net\/blog\/vivienda\/construccion-de-viviendas\/arranca-el-plan-de-vivienda-a-la-espera-de-los-participantes\/\" \/>\n<meta property=\"og:site_name\" content=\"Blog de aquimicasa.net\" \/>\n<meta property=\"article:publisher\" content=\"https:\/\/www.facebook.com\/aquimicasa.net\" \/>\n<meta property=\"article:published_time\" content=\"2026-04-28T18:38:35+00:00\" \/>\n<meta property=\"article:modified_time\" content=\"2026-04-28T18:41:57+00:00\" \/>\n<meta property=\"og:image\" content=\"https:\/\/www.aquimicasa.net\/blog\/wp-content\/uploads\/Plan-Estatal-de-Vivienda1-scaled-e1777401691490.jpg\" \/>\n\t<meta property=\"og:image:width\" content=\"600\" \/>\n\t<meta property=\"og:image:height\" content=\"400\" \/>\n\t<meta property=\"og:image:type\" content=\"image\/jpeg\" \/>\n<meta name=\"author\" content=\"Eduardo Lizarraga\" \/>\n<meta name=\"twitter:label1\" content=\"Escrito por\" \/>\n\t<meta name=\"twitter:data1\" content=\"Eduardo Lizarraga\" \/>\n\t<meta name=\"twitter:label2\" content=\"Tiempo de lectura\" \/>\n\t<meta name=\"twitter:data2\" content=\"5 minutos\" \/>\n<script type=\"application\/ld+json\" class=\"yoast-schema-graph\">{\"@context\":\"https:\\\/\\\/schema.org\",\"@graph\":[{\"@type\":\"Article\",\"@id\":\"https:\\\/\\\/www.aquimicasa.net\\\/blog\\\/vivienda\\\/construccion-de-viviendas\\\/arranca-el-plan-de-vivienda-a-la-espera-de-los-participantes\\\/#article\",\"isPartOf\":{\"@id\":\"https:\\\/\\\/www.aquimicasa.net\\\/blog\\\/vivienda\\\/construccion-de-viviendas\\\/arranca-el-plan-de-vivienda-a-la-espera-de-los-participantes\\\/\"},\"author\":{\"name\":\"Eduardo Lizarraga\",\"@id\":\"https:\\\/\\\/www.aquimicasa.net\\\/blog\\\/#\\\/schema\\\/person\\\/2cdfa2605534583395c8d7ce1d6cac14\"},\"headline\":\"Arranca el Plan de Vivienda a la espera de los participantes\",\"datePublished\":\"2026-04-28T18:38:35+00:00\",\"dateModified\":\"2026-04-28T18:41:57+00:00\",\"mainEntityOfPage\":{\"@id\":\"https:\\\/\\\/www.aquimicasa.net\\\/blog\\\/vivienda\\\/construccion-de-viviendas\\\/arranca-el-plan-de-vivienda-a-la-espera-de-los-participantes\\\/\"},\"wordCount\":1146,\"publisher\":{\"@id\":\"https:\\\/\\\/www.aquimicasa.net\\\/blog\\\/#organization\"},\"image\":{\"@id\":\"https:\\\/\\\/www.aquimicasa.net\\\/blog\\\/vivienda\\\/construccion-de-viviendas\\\/arranca-el-plan-de-vivienda-a-la-espera-de-los-participantes\\\/#primaryimage\"},\"thumbnailUrl\":\"https:\\\/\\\/www.aquimicasa.net\\\/blog\\\/wp-content\\\/uploads\\\/Plan-Estatal-de-Vivienda1-scaled-e1777401691490.jpg\",\"keywords\":[\"newsletter 563\"],\"articleSection\":[\"Obra Nueva\"],\"inLanguage\":\"es\"},{\"@type\":\"WebPage\",\"@id\":\"https:\\\/\\\/www.aquimicasa.net\\\/blog\\\/vivienda\\\/construccion-de-viviendas\\\/arranca-el-plan-de-vivienda-a-la-espera-de-los-participantes\\\/\",\"url\":\"https:\\\/\\\/www.aquimicasa.net\\\/blog\\\/vivienda\\\/construccion-de-viviendas\\\/arranca-el-plan-de-vivienda-a-la-espera-de-los-participantes\\\/\",\"name\":\"Arranca el Plan de Vivienda a la espera de los participantes\",\"isPartOf\":{\"@id\":\"https:\\\/\\\/www.aquimicasa.net\\\/blog\\\/#website\"},\"primaryImageOfPage\":{\"@id\":\"https:\\\/\\\/www.aquimicasa.net\\\/blog\\\/vivienda\\\/construccion-de-viviendas\\\/arranca-el-plan-de-vivienda-a-la-espera-de-los-participantes\\\/#primaryimage\"},\"image\":{\"@id\":\"https:\\\/\\\/www.aquimicasa.net\\\/blog\\\/vivienda\\\/construccion-de-viviendas\\\/arranca-el-plan-de-vivienda-a-la-espera-de-los-participantes\\\/#primaryimage\"},\"thumbnailUrl\":\"https:\\\/\\\/www.aquimicasa.net\\\/blog\\\/wp-content\\\/uploads\\\/Plan-Estatal-de-Vivienda1-scaled-e1777401691490.jpg\",\"datePublished\":\"2026-04-28T18:38:35+00:00\",\"dateModified\":\"2026-04-28T18:41:57+00:00\",\"description\":\"La condici\u00f3n que m\u00e1s incomoda es tambi\u00e9n la m\u00e1s l\u00f3gica: toda vivienda construida con fondos p\u00fablicos permanece p\u00fablica.\",\"breadcrumb\":{\"@id\":\"https:\\\/\\\/www.aquimicasa.net\\\/blog\\\/vivienda\\\/construccion-de-viviendas\\\/arranca-el-plan-de-vivienda-a-la-espera-de-los-participantes\\\/#breadcrumb\"},\"inLanguage\":\"es\",\"potentialAction\":[{\"@type\":\"ReadAction\",\"target\":[\"https:\\\/\\\/www.aquimicasa.net\\\/blog\\\/vivienda\\\/construccion-de-viviendas\\\/arranca-el-plan-de-vivienda-a-la-espera-de-los-participantes\\\/\"]}]},{\"@type\":\"ImageObject\",\"inLanguage\":\"es\",\"@id\":\"https:\\\/\\\/www.aquimicasa.net\\\/blog\\\/vivienda\\\/construccion-de-viviendas\\\/arranca-el-plan-de-vivienda-a-la-espera-de-los-participantes\\\/#primaryimage\",\"url\":\"https:\\\/\\\/www.aquimicasa.net\\\/blog\\\/wp-content\\\/uploads\\\/Plan-Estatal-de-Vivienda1-scaled-e1777401691490.jpg\",\"contentUrl\":\"https:\\\/\\\/www.aquimicasa.net\\\/blog\\\/wp-content\\\/uploads\\\/Plan-Estatal-de-Vivienda1-scaled-e1777401691490.jpg\",\"width\":600,\"height\":400,\"caption\":\"Arranca el Plan Estatal de Vivienda\"},{\"@type\":\"BreadcrumbList\",\"@id\":\"https:\\\/\\\/www.aquimicasa.net\\\/blog\\\/vivienda\\\/construccion-de-viviendas\\\/arranca-el-plan-de-vivienda-a-la-espera-de-los-participantes\\\/#breadcrumb\",\"itemListElement\":[{\"@type\":\"ListItem\",\"position\":1,\"name\":\"Portada\",\"item\":\"https:\\\/\\\/www.aquimicasa.net\\\/blog\\\/\"},{\"@type\":\"ListItem\",\"position\":2,\"name\":\"Arranca el Plan de Vivienda a la espera de los participantes\"}]},{\"@type\":\"WebSite\",\"@id\":\"https:\\\/\\\/www.aquimicasa.net\\\/blog\\\/#website\",\"url\":\"https:\\\/\\\/www.aquimicasa.net\\\/blog\\\/\",\"name\":\"Blog de aquimicasa.net\",\"description\":\"Noticias del Mundo Inmobiliario\",\"publisher\":{\"@id\":\"https:\\\/\\\/www.aquimicasa.net\\\/blog\\\/#organization\"},\"potentialAction\":[{\"@type\":\"SearchAction\",\"target\":{\"@type\":\"EntryPoint\",\"urlTemplate\":\"https:\\\/\\\/www.aquimicasa.net\\\/blog\\\/?s={search_term_string}\"},\"query-input\":{\"@type\":\"PropertyValueSpecification\",\"valueRequired\":true,\"valueName\":\"search_term_string\"}}],\"inLanguage\":\"es\"},{\"@type\":\"Organization\",\"@id\":\"https:\\\/\\\/www.aquimicasa.net\\\/blog\\\/#organization\",\"name\":\"Blog de aquimicasa.net\",\"url\":\"https:\\\/\\\/www.aquimicasa.net\\\/blog\\\/\",\"logo\":{\"@type\":\"ImageObject\",\"inLanguage\":\"es\",\"@id\":\"https:\\\/\\\/www.aquimicasa.net\\\/blog\\\/#\\\/schema\\\/logo\\\/image\\\/\",\"url\":\"https:\\\/\\\/www.aquimicasa.net\\\/blog\\\/wp-content\\\/uploads\\\/Logo-aquimicasa-1-e1528048213782.png\",\"contentUrl\":\"https:\\\/\\\/www.aquimicasa.net\\\/blog\\\/wp-content\\\/uploads\\\/Logo-aquimicasa-1-e1528048213782.png\",\"width\":225,\"height\":225,\"caption\":\"Blog de aquimicasa.net\"},\"image\":{\"@id\":\"https:\\\/\\\/www.aquimicasa.net\\\/blog\\\/#\\\/schema\\\/logo\\\/image\\\/\"},\"sameAs\":[\"https:\\\/\\\/www.facebook.com\\\/aquimicasa.net\",\"https:\\\/\\\/www.instagram.com\\\/\",\"https:\\\/\\\/x.com\\\/EduLizarragaD\",\"https:\\\/\\\/www.linkedin.com\\\/feed\\\/\"]},{\"@type\":\"Person\",\"@id\":\"https:\\\/\\\/www.aquimicasa.net\\\/blog\\\/#\\\/schema\\\/person\\\/2cdfa2605534583395c8d7ce1d6cac14\",\"name\":\"Eduardo Lizarraga\",\"image\":{\"@type\":\"ImageObject\",\"inLanguage\":\"es\",\"@id\":\"https:\\\/\\\/secure.gravatar.com\\\/avatar\\\/bdabe1eeeed97b65a9cb7de2edd624b07995f7e13abc5fead15961f745f908cc?s=96&d=mm&r=g\",\"url\":\"https:\\\/\\\/secure.gravatar.com\\\/avatar\\\/bdabe1eeeed97b65a9cb7de2edd624b07995f7e13abc5fead15961f745f908cc?s=96&d=mm&r=g\",\"contentUrl\":\"https:\\\/\\\/secure.gravatar.com\\\/avatar\\\/bdabe1eeeed97b65a9cb7de2edd624b07995f7e13abc5fead15961f745f908cc?s=96&d=mm&r=g\",\"caption\":\"Eduardo Lizarraga\"},\"description\":\"Periodista Econ\u00f3mico. Ha trabajado en diversos campos de la informaci\u00f3n. Corresponsal en conflictos, analista pol\u00edtico en Congreso y Senado, periodista del medio ambiente, editor, director editorial, director de comunicaci\u00f3n.... En estos momentos se ha especializado en el sector inmobiliario. Pero tambi\u00e9n es navegante y viajero, preocupado por la pobreza, el medio ambiente y por las actuaciones descontroladas del neoliberalismo empresarial y pol\u00edtico en todo el mundo. Los desahucios, la pobreza infantil y la falta de acceso a los suministros b\u00e1sicos son algunos de los grandes dramas de nuestra sociedad y que es preciso solucionar para hacerla m\u00e1s justa. CEO en www.aquimicasa.net\",\"sameAs\":[\"https:\\\/\\\/www.aquimicasa.net\\\/\"],\"url\":\"https:\\\/\\\/www.aquimicasa.net\\\/blog\\\/author\\\/eduardo\\\/\"}]}<\/script>\n<!-- \/ Yoast SEO plugin. -->","yoast_head_json":{"title":"Arranca el Plan de Vivienda a la espera de los participantes","description":"La condici\u00f3n que m\u00e1s incomoda es tambi\u00e9n la m\u00e1s l\u00f3gica: toda vivienda construida con fondos p\u00fablicos permanece p\u00fablica.","robots":{"index":"index","follow":"follow","max-snippet":"max-snippet:-1","max-image-preview":"max-image-preview:large","max-video-preview":"max-video-preview:-1"},"canonical":"https:\/\/www.aquimicasa.net\/blog\/vivienda\/construccion-de-viviendas\/arranca-el-plan-de-vivienda-a-la-espera-de-los-participantes\/","og_locale":"es_ES","og_type":"article","og_title":"Arranca el Plan de Vivienda a la espera de los participantes","og_description":"La condici\u00f3n que m\u00e1s incomoda es tambi\u00e9n la m\u00e1s l\u00f3gica: toda vivienda construida con fondos p\u00fablicos permanece p\u00fablica.","og_url":"https:\/\/www.aquimicasa.net\/blog\/vivienda\/construccion-de-viviendas\/arranca-el-plan-de-vivienda-a-la-espera-de-los-participantes\/","og_site_name":"Blog de aquimicasa.net","article_publisher":"https:\/\/www.facebook.com\/aquimicasa.net","article_published_time":"2026-04-28T18:38:35+00:00","article_modified_time":"2026-04-28T18:41:57+00:00","og_image":[{"width":600,"height":400,"url":"https:\/\/www.aquimicasa.net\/blog\/wp-content\/uploads\/Plan-Estatal-de-Vivienda1-scaled-e1777401691490.jpg","type":"image\/jpeg"}],"author":"Eduardo Lizarraga","twitter_misc":{"Escrito por":"Eduardo Lizarraga","Tiempo de lectura":"5 minutos"},"schema":{"@context":"https:\/\/schema.org","@graph":[{"@type":"Article","@id":"https:\/\/www.aquimicasa.net\/blog\/vivienda\/construccion-de-viviendas\/arranca-el-plan-de-vivienda-a-la-espera-de-los-participantes\/#article","isPartOf":{"@id":"https:\/\/www.aquimicasa.net\/blog\/vivienda\/construccion-de-viviendas\/arranca-el-plan-de-vivienda-a-la-espera-de-los-participantes\/"},"author":{"name":"Eduardo Lizarraga","@id":"https:\/\/www.aquimicasa.net\/blog\/#\/schema\/person\/2cdfa2605534583395c8d7ce1d6cac14"},"headline":"Arranca el Plan de Vivienda a la espera de los participantes","datePublished":"2026-04-28T18:38:35+00:00","dateModified":"2026-04-28T18:41:57+00:00","mainEntityOfPage":{"@id":"https:\/\/www.aquimicasa.net\/blog\/vivienda\/construccion-de-viviendas\/arranca-el-plan-de-vivienda-a-la-espera-de-los-participantes\/"},"wordCount":1146,"publisher":{"@id":"https:\/\/www.aquimicasa.net\/blog\/#organization"},"image":{"@id":"https:\/\/www.aquimicasa.net\/blog\/vivienda\/construccion-de-viviendas\/arranca-el-plan-de-vivienda-a-la-espera-de-los-participantes\/#primaryimage"},"thumbnailUrl":"https:\/\/www.aquimicasa.net\/blog\/wp-content\/uploads\/Plan-Estatal-de-Vivienda1-scaled-e1777401691490.jpg","keywords":["newsletter 563"],"articleSection":["Obra Nueva"],"inLanguage":"es"},{"@type":"WebPage","@id":"https:\/\/www.aquimicasa.net\/blog\/vivienda\/construccion-de-viviendas\/arranca-el-plan-de-vivienda-a-la-espera-de-los-participantes\/","url":"https:\/\/www.aquimicasa.net\/blog\/vivienda\/construccion-de-viviendas\/arranca-el-plan-de-vivienda-a-la-espera-de-los-participantes\/","name":"Arranca el Plan de Vivienda a la espera de los participantes","isPartOf":{"@id":"https:\/\/www.aquimicasa.net\/blog\/#website"},"primaryImageOfPage":{"@id":"https:\/\/www.aquimicasa.net\/blog\/vivienda\/construccion-de-viviendas\/arranca-el-plan-de-vivienda-a-la-espera-de-los-participantes\/#primaryimage"},"image":{"@id":"https:\/\/www.aquimicasa.net\/blog\/vivienda\/construccion-de-viviendas\/arranca-el-plan-de-vivienda-a-la-espera-de-los-participantes\/#primaryimage"},"thumbnailUrl":"https:\/\/www.aquimicasa.net\/blog\/wp-content\/uploads\/Plan-Estatal-de-Vivienda1-scaled-e1777401691490.jpg","datePublished":"2026-04-28T18:38:35+00:00","dateModified":"2026-04-28T18:41:57+00:00","description":"La condici\u00f3n que m\u00e1s incomoda es tambi\u00e9n la m\u00e1s l\u00f3gica: toda vivienda construida con fondos p\u00fablicos permanece p\u00fablica.","breadcrumb":{"@id":"https:\/\/www.aquimicasa.net\/blog\/vivienda\/construccion-de-viviendas\/arranca-el-plan-de-vivienda-a-la-espera-de-los-participantes\/#breadcrumb"},"inLanguage":"es","potentialAction":[{"@type":"ReadAction","target":["https:\/\/www.aquimicasa.net\/blog\/vivienda\/construccion-de-viviendas\/arranca-el-plan-de-vivienda-a-la-espera-de-los-participantes\/"]}]},{"@type":"ImageObject","inLanguage":"es","@id":"https:\/\/www.aquimicasa.net\/blog\/vivienda\/construccion-de-viviendas\/arranca-el-plan-de-vivienda-a-la-espera-de-los-participantes\/#primaryimage","url":"https:\/\/www.aquimicasa.net\/blog\/wp-content\/uploads\/Plan-Estatal-de-Vivienda1-scaled-e1777401691490.jpg","contentUrl":"https:\/\/www.aquimicasa.net\/blog\/wp-content\/uploads\/Plan-Estatal-de-Vivienda1-scaled-e1777401691490.jpg","width":600,"height":400,"caption":"Arranca el Plan Estatal de Vivienda"},{"@type":"BreadcrumbList","@id":"https:\/\/www.aquimicasa.net\/blog\/vivienda\/construccion-de-viviendas\/arranca-el-plan-de-vivienda-a-la-espera-de-los-participantes\/#breadcrumb","itemListElement":[{"@type":"ListItem","position":1,"name":"Portada","item":"https:\/\/www.aquimicasa.net\/blog\/"},{"@type":"ListItem","position":2,"name":"Arranca el Plan de Vivienda a la espera de los participantes"}]},{"@type":"WebSite","@id":"https:\/\/www.aquimicasa.net\/blog\/#website","url":"https:\/\/www.aquimicasa.net\/blog\/","name":"Blog de aquimicasa.net","description":"Noticias del Mundo Inmobiliario","publisher":{"@id":"https:\/\/www.aquimicasa.net\/blog\/#organization"},"potentialAction":[{"@type":"SearchAction","target":{"@type":"EntryPoint","urlTemplate":"https:\/\/www.aquimicasa.net\/blog\/?s={search_term_string}"},"query-input":{"@type":"PropertyValueSpecification","valueRequired":true,"valueName":"search_term_string"}}],"inLanguage":"es"},{"@type":"Organization","@id":"https:\/\/www.aquimicasa.net\/blog\/#organization","name":"Blog de aquimicasa.net","url":"https:\/\/www.aquimicasa.net\/blog\/","logo":{"@type":"ImageObject","inLanguage":"es","@id":"https:\/\/www.aquimicasa.net\/blog\/#\/schema\/logo\/image\/","url":"https:\/\/www.aquimicasa.net\/blog\/wp-content\/uploads\/Logo-aquimicasa-1-e1528048213782.png","contentUrl":"https:\/\/www.aquimicasa.net\/blog\/wp-content\/uploads\/Logo-aquimicasa-1-e1528048213782.png","width":225,"height":225,"caption":"Blog de aquimicasa.net"},"image":{"@id":"https:\/\/www.aquimicasa.net\/blog\/#\/schema\/logo\/image\/"},"sameAs":["https:\/\/www.facebook.com\/aquimicasa.net","https:\/\/www.instagram.com\/","https:\/\/x.com\/EduLizarragaD","https:\/\/www.linkedin.com\/feed\/"]},{"@type":"Person","@id":"https:\/\/www.aquimicasa.net\/blog\/#\/schema\/person\/2cdfa2605534583395c8d7ce1d6cac14","name":"Eduardo Lizarraga","image":{"@type":"ImageObject","inLanguage":"es","@id":"https:\/\/secure.gravatar.com\/avatar\/bdabe1eeeed97b65a9cb7de2edd624b07995f7e13abc5fead15961f745f908cc?s=96&d=mm&r=g","url":"https:\/\/secure.gravatar.com\/avatar\/bdabe1eeeed97b65a9cb7de2edd624b07995f7e13abc5fead15961f745f908cc?s=96&d=mm&r=g","contentUrl":"https:\/\/secure.gravatar.com\/avatar\/bdabe1eeeed97b65a9cb7de2edd624b07995f7e13abc5fead15961f745f908cc?s=96&d=mm&r=g","caption":"Eduardo Lizarraga"},"description":"Periodista Econ\u00f3mico. Ha trabajado en diversos campos de la informaci\u00f3n. Corresponsal en conflictos, analista pol\u00edtico en Congreso y Senado, periodista del medio ambiente, editor, director editorial, director de comunicaci\u00f3n.... En estos momentos se ha especializado en el sector inmobiliario. Pero tambi\u00e9n es navegante y viajero, preocupado por la pobreza, el medio ambiente y por las actuaciones descontroladas del neoliberalismo empresarial y pol\u00edtico en todo el mundo. Los desahucios, la pobreza infantil y la falta de acceso a los suministros b\u00e1sicos son algunos de los grandes dramas de nuestra sociedad y que es preciso solucionar para hacerla m\u00e1s justa. CEO en www.aquimicasa.net","sameAs":["https:\/\/www.aquimicasa.net\/"],"url":"https:\/\/www.aquimicasa.net\/blog\/author\/eduardo\/"}]}},"jetpack_publicize_connections":[],"jetpack_featured_media_url":"https:\/\/www.aquimicasa.net\/blog\/wp-content\/uploads\/Plan-Estatal-de-Vivienda1-scaled-e1777401691490.jpg","jetpack_sharing_enabled":true,"jetpack_likes_enabled":true,"_links":{"self":[{"href":"https:\/\/www.aquimicasa.net\/blog\/wp-json\/wp\/v2\/posts\/56095","targetHints":{"allow":["GET"]}}],"collection":[{"href":"https:\/\/www.aquimicasa.net\/blog\/wp-json\/wp\/v2\/posts"}],"about":[{"href":"https:\/\/www.aquimicasa.net\/blog\/wp-json\/wp\/v2\/types\/post"}],"author":[{"embeddable":true,"href":"https:\/\/www.aquimicasa.net\/blog\/wp-json\/wp\/v2\/users\/3"}],"replies":[{"embeddable":true,"href":"https:\/\/www.aquimicasa.net\/blog\/wp-json\/wp\/v2\/comments?post=56095"}],"version-history":[{"count":2,"href":"https:\/\/www.aquimicasa.net\/blog\/wp-json\/wp\/v2\/posts\/56095\/revisions"}],"predecessor-version":[{"id":56100,"href":"https:\/\/www.aquimicasa.net\/blog\/wp-json\/wp\/v2\/posts\/56095\/revisions\/56100"}],"wp:featuredmedia":[{"embeddable":true,"href":"https:\/\/www.aquimicasa.net\/blog\/wp-json\/wp\/v2\/media\/56101"}],"wp:attachment":[{"href":"https:\/\/www.aquimicasa.net\/blog\/wp-json\/wp\/v2\/media?parent=56095"}],"wp:term":[{"taxonomy":"category","embeddable":true,"href":"https:\/\/www.aquimicasa.net\/blog\/wp-json\/wp\/v2\/categories?post=56095"},{"taxonomy":"post_tag","embeddable":true,"href":"https:\/\/www.aquimicasa.net\/blog\/wp-json\/wp\/v2\/tags?post=56095"}],"curies":[{"name":"wp","href":"https:\/\/api.w.org\/{rel}","templated":true}]}}