{"id":56109,"date":"2026-04-29T17:28:40","date_gmt":"2026-04-29T15:28:40","guid":{"rendered":"https:\/\/www.aquimicasa.net\/blog\/?p=56109"},"modified":"2026-04-29T17:28:40","modified_gmt":"2026-04-29T15:28:40","slug":"el-consumo-de-cemento-sube-un-85-en-el-primer-trimestre","status":"publish","type":"post","link":"https:\/\/www.aquimicasa.net\/blog\/economia\/noticias-economia\/el-consumo-de-cemento-sube-un-85-en-el-primer-trimestre\/","title":{"rendered":"El consumo de cemento sube un 8,5% en el primer trimestre"},"content":{"rendered":"<div class=\"fusion-fullwidth fullwidth-box fusion-builder-row-1 fusion-flex-container nonhundred-percent-fullwidth non-hundred-percent-height-scrolling\" style=\"background-color: rgba(255,255,255,0);background-position: center center;background-repeat: no-repeat;border-width: 0px 0px 0px 0px;border-color:#eae9e9;border-style:solid;\" ><div class=\"fusion-builder-row fusion-row fusion-flex-align-items-flex-start\" style=\"max-width:1144px;margin-left: calc(-4% \/ 2 );margin-right: calc(-4% \/ 2 );\"><div class=\"fusion-layout-column fusion_builder_column fusion-builder-column-0 fusion_builder_column_1_1 1_1 fusion-flex-column\"><div class=\"fusion-column-wrapper fusion-flex-justify-content-flex-start fusion-content-layout-column\" style=\"background-position:left top;background-repeat:no-repeat;-webkit-background-size:cover;-moz-background-size:cover;-o-background-size:cover;background-size:cover;padding: 0px 0px 0px 0px;\"><div class=\"fusion-text fusion-text-1\"><div data-test-render-count=\"1\">\n<div class=\"group\">\n<div class=\"contents\">\n<div class=\"group relative relative pb-3\" data-is-streaming=\"false\">\n<div class=\"font-claude-response relative leading-&#091;1.65rem&#093; &#091;&amp;_pre&gt; &lt;p&gt;div&#093;:bg-bg-000\/50 &#091;&amp;_pre&gt;div&#093;:border-0.5 &#091;&amp;_pre&gt;div&#093;:border-border-400 &#091;&amp;_.ignore-pre-bg&gt;div&#093;:bg-transparent &#091;&amp;_.standard-markdown_:is(p,blockquote,h1,h2,h3,h4,h5,h6)&#093;:pl-2 &#091;&amp;_.standard-markdown_:is(p,blockquote,ul,ol,h1,h2,h3,h4,h5,h6)&#093;:pr-8 &#091;&amp;_.progressive-markdown_:is(p,blockquote,h1,h2,h3,h4,h5,h6)&#093;:pl-2 &#091;&amp;_.progressive-markdown_:is(p,blockquote,ul,ol,h1,h2,h3,h4,h5,h6)&#093;:pr-8\">\n<div class=\"standard-markdown grid-cols-1 grid &#091;&amp;_&gt; &lt;p&gt;_*&#093;:min-w-0 gap-3 standard-markdown\">\n<p class=\"font-claude-response-body break-words whitespace-normal leading-&#091;1.7&#093;\">El consumo de cemento en Espa\u00f1a ha cerrado los tres primeros meses del a\u00f1o con un crecimiento del 8,5%, lo que en valores absolutos se traduce en <strong>3.896.334 toneladas<\/strong>, unas 300.000 m\u00e1s que en el mismo periodo de 2025, seg\u00fan la \u00faltima Estad\u00edstica del Cemento publicada por el Ministerio de Industria. Un dato que, a primera vista, invita al optimismo, aunque conviene leerlo con matices: el arranque del a\u00f1o estuvo marcado por lluvias intensas que lastraron la actividad constructora en enero y febrero, y fue precisamente el comportamiento de marzo el que salv\u00f3 el trimestre.<\/p>\n<h2 class=\"font-claude-response-body break-words whitespace-normal leading-&#091;1.7&#093;\"><strong>El mejor marzo de los \u00faltimos quince a\u00f1os<\/strong><\/h2>\n<p class=\"font-claude-response-body break-words whitespace-normal leading-&#091;1.7&#093;\">El mes de marzo registr\u00f3 un crecimiento del <strong>27,7%<\/strong> respecto al mismo mes de 2025, con un consumo absoluto de <strong>1.542.294 toneladas<\/strong>, es decir, 334.115 m\u00e1s que un a\u00f1o antes. Con ese resultado, marzo de 2026 se consolida como el mejor mes de marzo en t\u00e9rminos de consumo de los \u00faltimos quince a\u00f1os, un hito que dif\u00edcilmente habr\u00eda llegado sin la debilidad acumulada en los meses previos, pero que en cualquier caso refleja una demanda interior robusta cuando las condiciones meteorol\u00f3gicas lo permiten.<\/p>\n<p class=\"font-claude-response-body break-words whitespace-normal leading-&#091;1.7&#093;\">En l\u00ednea con esta evoluci\u00f3n, los datos de <strong>a\u00f1o m\u00f3vil<\/strong> tambi\u00e9n apuntan en la direcci\u00f3n correcta. El consumo acumulado entre abril de 2025 y marzo de 2026 se elev\u00f3 a <strong>16.958.939 toneladas<\/strong>, un crecimiento del <strong>11,8%<\/strong> respecto al periodo anterior. El sector de la construcci\u00f3n, al menos en lo que respecta al consumo de cemento como indicador de actividad, mantiene una inercia claramente expansiva.<\/p>\n<h2 class=\"font-claude-response-body break-words whitespace-normal leading-&#091;1.7&#093;\"><strong>Las exportaciones caen un 14,8% en los tres primeros meses<\/strong><\/h2>\n<p class=\"font-claude-response-body break-words whitespace-normal leading-&#091;1.7&#093;\">No todo son buenas noticias en el balance trimestral. Las exportaciones de cemento acumularon una ca\u00edda del <strong>14,8%<\/strong> en el primer trimestre, hasta situarse en <strong>887.472 toneladas<\/strong>, lo que supone perder casi 155.000 toneladas respecto al mismo periodo del a\u00f1o anterior. Solo en marzo, las ventas al exterior retrocedieron un <strong>18,3%<\/strong>, hasta las 357.283 toneladas, unas 80.000 menos que en marzo de 2025.<\/p>\n<p class=\"font-claude-response-body break-words whitespace-normal leading-&#091;1.7&#093;\">La tendencia negativa en exportaciones no es un fen\u00f3meno puntual. Los datos acumulados de a\u00f1o m\u00f3vil entre abril de 2025 y marzo de 2026 reflejan una ca\u00edda del <strong>12,1%<\/strong>, con un volumen total de <strong>4.338.120 toneladas<\/strong>, casi 600.000 menos que en el periodo precedente. La lectura m\u00e1s plausible es que la fortaleza del mercado interior est\u00e1 absorbiendo producci\u00f3n que antes encontraba salida en el exterior, aunque la p\u00e9rdida de competitividad en mercados internacionales merece seguimiento. Las importaciones, por su parte, retrocedieron un <strong>68,1%<\/strong> en el primer trimestre, hasta las 149.242 toneladas, aunque en el c\u00f3mputo de los \u00faltimos doce meses acumulan una subida del 29%, hasta los 2 millones de toneladas.<\/p>\n<h2 class=\"font-claude-response-body break-words whitespace-normal leading-&#091;1.7&#093;\"><strong>Elena Guede, primera mujer al frente de Oficemen<\/strong><\/h2>\n<p class=\"font-claude-response-body break-words whitespace-normal leading-&#091;1.7&#093;\">En el plano institucional, la Agrupaci\u00f3n de Fabricantes de Cemento de Espa\u00f1a (<strong>Oficemen<\/strong>), que publica mensualmente estos datos, ha nombrado a <strong>Elena Guede<\/strong> nueva directora general. Guede se convierte as\u00ed en la primera mujer en asumir este cargo en la historia de la patronal cementera espa\u00f1ola, un dato que no es menor en un sector hist\u00f3ricamente muy masculinizado.<\/p>\n<p class=\"font-claude-response-body break-words whitespace-normal leading-&#091;1.7&#093;\">Doctora en Ingenier\u00eda Qu\u00edmica y MBA, Guede acumula m\u00e1s de <strong>30 a\u00f1os de vinculaci\u00f3n al sector cementero<\/strong>, con responsabilidades de alta direcci\u00f3n en \u00e1reas de calidad, medio ambiente, innovaci\u00f3n, operaciones, sostenibilidad y estrategia empresarial, tanto en Espa\u00f1a como en mercados internacionales. Su llegada a la direcci\u00f3n general de Oficemen se enmarca en el impulso de los grandes ejes estrat\u00e9gicos del sector: el avance hacia las <strong>cero emisiones netas<\/strong>, el desarrollo de la <strong>econom\u00eda circular<\/strong>, la apuesta por la <strong>innovaci\u00f3n y la digitalizaci\u00f3n<\/strong> y la mejora de la competitividad de la industria. Un programa de largo recorrido para un sector que, mientras tanto, observa c\u00f3mo la construcci\u00f3n dom\u00e9stica tira con fuerza de su demanda.<\/p>\n<\/div>\n<\/div>\n<\/div>\n<\/div>\n<\/div>\n<\/div>\n<\/div><\/div><style type=\"text\/css\">.fusion-body .fusion-builder-column-0{width:100% !important;margin-top : 0px;margin-bottom : 0px;}.fusion-builder-column-0 > .fusion-column-wrapper {padding-top : 0px !important;padding-right : 0px !important;margin-right : 1.92%;padding-bottom : 0px !important;padding-left : 0px !important;margin-left : 1.92%;}@media only screen and (max-width:1024px) {.fusion-body .fusion-builder-column-0{width:100% !important;}.fusion-builder-column-0 > .fusion-column-wrapper {margin-right : 1.92%;margin-left : 1.92%;}}@media only screen and (max-width:640px) {.fusion-body .fusion-builder-column-0{width:100% !important;}.fusion-builder-column-0 > .fusion-column-wrapper {margin-right : 1.92%;margin-left : 1.92%;}}<\/style><\/div><\/div><style type=\"text\/css\">.fusion-body .fusion-flex-container.fusion-builder-row-1{ padding-top : 0px;margin-top : 0px;padding-right : 0px;padding-bottom : 0px;margin-bottom : 0px;padding-left : 0px;}<\/style><\/div>\n","protected":false},"excerpt":{"rendered":"<p>En l\u00ednea con esta evoluci\u00f3n, los datos de a\u00f1o m\u00f3vil tambi\u00e9n apuntan en la direcci\u00f3n correcta. El consumo acumulado entre abril de 2025 y marzo de 2026 se elev\u00f3 a 16.958.939 toneladas, un crecimiento del 11,8% respecto al periodo anterior.<\/p>\n","protected":false},"author":3,"featured_media":46952,"comment_status":"closed","ping_status":"closed","sticky":false,"template":"","format":"standard","meta":{"_jetpack_memberships_contains_paid_content":false,"footnotes":"","jetpack_publicize_message":"","jetpack_publicize_feature_enabled":true,"jetpack_social_post_already_shared":true,"jetpack_social_options":{"image_generator_settings":{"template":"highway","default_image_id":0,"font":"","enabled":false},"version":2}},"categories":[7564],"tags":[8293],"class_list":["post-56109","post","type-post","status-publish","format-standard","has-post-thumbnail","hentry","category-noticias-economia","tag-newsletter-563"],"yoast_head":"<!-- This site is optimized with the Yoast SEO plugin v27.5 - https:\/\/yoast.com\/product\/yoast-seo-wordpress\/ -->\n<title>El consumo de cemento sube un 8,5% en el primer trimestre<\/title>\n<meta name=\"description\" content=\"El mes de marzo registr\u00f3 un crecimiento del 27,7% respecto al mismo mes de 2025, con un consumo absoluto de 1.542.294 toneladas,\" \/>\n<meta name=\"robots\" content=\"index, follow, max-snippet:-1, max-image-preview:large, max-video-preview:-1\" \/>\n<link rel=\"canonical\" href=\"https:\/\/www.aquimicasa.net\/blog\/economia\/noticias-economia\/el-consumo-de-cemento-sube-un-85-en-el-primer-trimestre\/\" \/>\n<meta property=\"og:locale\" content=\"es_ES\" \/>\n<meta property=\"og:type\" content=\"article\" \/>\n<meta property=\"og:title\" content=\"El consumo de cemento sube un 8,5% en el primer trimestre\" \/>\n<meta property=\"og:description\" content=\"El mes de marzo registr\u00f3 un crecimiento del 27,7% respecto al mismo mes de 2025, con un consumo absoluto de 1.542.294 toneladas,\" \/>\n<meta property=\"og:url\" content=\"https:\/\/www.aquimicasa.net\/blog\/economia\/noticias-economia\/el-consumo-de-cemento-sube-un-85-en-el-primer-trimestre\/\" \/>\n<meta property=\"og:site_name\" content=\"Blog de aquimicasa.net\" \/>\n<meta property=\"article:publisher\" content=\"https:\/\/www.facebook.com\/aquimicasa.net\" \/>\n<meta property=\"article:published_time\" content=\"2026-04-29T15:28:40+00:00\" \/>\n<meta property=\"og:image\" content=\"https:\/\/www.aquimicasa.net\/blog\/wp-content\/uploads\/cemento4-e1738354135391.jpg\" \/>\n\t<meta property=\"og:image:width\" content=\"600\" \/>\n\t<meta property=\"og:image:height\" content=\"317\" \/>\n\t<meta property=\"og:image:type\" content=\"image\/jpeg\" \/>\n<meta name=\"author\" content=\"Eduardo Lizarraga\" \/>\n<meta name=\"twitter:label1\" content=\"Escrito por\" \/>\n\t<meta name=\"twitter:data1\" content=\"Eduardo Lizarraga\" \/>\n\t<meta name=\"twitter:label2\" content=\"Tiempo de lectura\" \/>\n\t<meta name=\"twitter:data2\" content=\"4 minutos\" \/>\n<script type=\"application\/ld+json\" class=\"yoast-schema-graph\">{\"@context\":\"https:\\\/\\\/schema.org\",\"@graph\":[{\"@type\":\"Article\",\"@id\":\"https:\\\/\\\/www.aquimicasa.net\\\/blog\\\/economia\\\/noticias-economia\\\/el-consumo-de-cemento-sube-un-85-en-el-primer-trimestre\\\/#article\",\"isPartOf\":{\"@id\":\"https:\\\/\\\/www.aquimicasa.net\\\/blog\\\/economia\\\/noticias-economia\\\/el-consumo-de-cemento-sube-un-85-en-el-primer-trimestre\\\/\"},\"author\":{\"name\":\"Eduardo Lizarraga\",\"@id\":\"https:\\\/\\\/www.aquimicasa.net\\\/blog\\\/#\\\/schema\\\/person\\\/2cdfa2605534583395c8d7ce1d6cac14\"},\"headline\":\"El consumo de cemento sube un 8,5% en el primer trimestre\",\"datePublished\":\"2026-04-29T15:28:40+00:00\",\"mainEntityOfPage\":{\"@id\":\"https:\\\/\\\/www.aquimicasa.net\\\/blog\\\/economia\\\/noticias-economia\\\/el-consumo-de-cemento-sube-un-85-en-el-primer-trimestre\\\/\"},\"wordCount\":882,\"publisher\":{\"@id\":\"https:\\\/\\\/www.aquimicasa.net\\\/blog\\\/#organization\"},\"image\":{\"@id\":\"https:\\\/\\\/www.aquimicasa.net\\\/blog\\\/economia\\\/noticias-economia\\\/el-consumo-de-cemento-sube-un-85-en-el-primer-trimestre\\\/#primaryimage\"},\"thumbnailUrl\":\"https:\\\/\\\/www.aquimicasa.net\\\/blog\\\/wp-content\\\/uploads\\\/cemento4-e1738354135391.jpg\",\"keywords\":[\"newsletter 563\"],\"articleSection\":[\"Noticias Econom\u00eda\"],\"inLanguage\":\"es\"},{\"@type\":\"WebPage\",\"@id\":\"https:\\\/\\\/www.aquimicasa.net\\\/blog\\\/economia\\\/noticias-economia\\\/el-consumo-de-cemento-sube-un-85-en-el-primer-trimestre\\\/\",\"url\":\"https:\\\/\\\/www.aquimicasa.net\\\/blog\\\/economia\\\/noticias-economia\\\/el-consumo-de-cemento-sube-un-85-en-el-primer-trimestre\\\/\",\"name\":\"El consumo de cemento sube un 8,5% en el primer trimestre\",\"isPartOf\":{\"@id\":\"https:\\\/\\\/www.aquimicasa.net\\\/blog\\\/#website\"},\"primaryImageOfPage\":{\"@id\":\"https:\\\/\\\/www.aquimicasa.net\\\/blog\\\/economia\\\/noticias-economia\\\/el-consumo-de-cemento-sube-un-85-en-el-primer-trimestre\\\/#primaryimage\"},\"image\":{\"@id\":\"https:\\\/\\\/www.aquimicasa.net\\\/blog\\\/economia\\\/noticias-economia\\\/el-consumo-de-cemento-sube-un-85-en-el-primer-trimestre\\\/#primaryimage\"},\"thumbnailUrl\":\"https:\\\/\\\/www.aquimicasa.net\\\/blog\\\/wp-content\\\/uploads\\\/cemento4-e1738354135391.jpg\",\"datePublished\":\"2026-04-29T15:28:40+00:00\",\"description\":\"El mes de marzo registr\u00f3 un crecimiento del 27,7% respecto al mismo mes de 2025, con un consumo absoluto de 1.542.294 toneladas,\",\"breadcrumb\":{\"@id\":\"https:\\\/\\\/www.aquimicasa.net\\\/blog\\\/economia\\\/noticias-economia\\\/el-consumo-de-cemento-sube-un-85-en-el-primer-trimestre\\\/#breadcrumb\"},\"inLanguage\":\"es\",\"potentialAction\":[{\"@type\":\"ReadAction\",\"target\":[\"https:\\\/\\\/www.aquimicasa.net\\\/blog\\\/economia\\\/noticias-economia\\\/el-consumo-de-cemento-sube-un-85-en-el-primer-trimestre\\\/\"]}]},{\"@type\":\"ImageObject\",\"inLanguage\":\"es\",\"@id\":\"https:\\\/\\\/www.aquimicasa.net\\\/blog\\\/economia\\\/noticias-economia\\\/el-consumo-de-cemento-sube-un-85-en-el-primer-trimestre\\\/#primaryimage\",\"url\":\"https:\\\/\\\/www.aquimicasa.net\\\/blog\\\/wp-content\\\/uploads\\\/cemento4-e1738354135391.jpg\",\"contentUrl\":\"https:\\\/\\\/www.aquimicasa.net\\\/blog\\\/wp-content\\\/uploads\\\/cemento4-e1738354135391.jpg\",\"width\":600,\"height\":317,\"caption\":\"El consumo de cemento sube en los primeros tres meses del a\u00f1o\"},{\"@type\":\"BreadcrumbList\",\"@id\":\"https:\\\/\\\/www.aquimicasa.net\\\/blog\\\/economia\\\/noticias-economia\\\/el-consumo-de-cemento-sube-un-85-en-el-primer-trimestre\\\/#breadcrumb\",\"itemListElement\":[{\"@type\":\"ListItem\",\"position\":1,\"name\":\"Portada\",\"item\":\"https:\\\/\\\/www.aquimicasa.net\\\/blog\\\/\"},{\"@type\":\"ListItem\",\"position\":2,\"name\":\"El consumo de cemento sube un 8,5% en el primer trimestre\"}]},{\"@type\":\"WebSite\",\"@id\":\"https:\\\/\\\/www.aquimicasa.net\\\/blog\\\/#website\",\"url\":\"https:\\\/\\\/www.aquimicasa.net\\\/blog\\\/\",\"name\":\"Blog de aquimicasa.net\",\"description\":\"Noticias del Mundo Inmobiliario\",\"publisher\":{\"@id\":\"https:\\\/\\\/www.aquimicasa.net\\\/blog\\\/#organization\"},\"potentialAction\":[{\"@type\":\"SearchAction\",\"target\":{\"@type\":\"EntryPoint\",\"urlTemplate\":\"https:\\\/\\\/www.aquimicasa.net\\\/blog\\\/?s={search_term_string}\"},\"query-input\":{\"@type\":\"PropertyValueSpecification\",\"valueRequired\":true,\"valueName\":\"search_term_string\"}}],\"inLanguage\":\"es\"},{\"@type\":\"Organization\",\"@id\":\"https:\\\/\\\/www.aquimicasa.net\\\/blog\\\/#organization\",\"name\":\"Blog de aquimicasa.net\",\"url\":\"https:\\\/\\\/www.aquimicasa.net\\\/blog\\\/\",\"logo\":{\"@type\":\"ImageObject\",\"inLanguage\":\"es\",\"@id\":\"https:\\\/\\\/www.aquimicasa.net\\\/blog\\\/#\\\/schema\\\/logo\\\/image\\\/\",\"url\":\"https:\\\/\\\/www.aquimicasa.net\\\/blog\\\/wp-content\\\/uploads\\\/Logo-aquimicasa-1-e1528048213782.png\",\"contentUrl\":\"https:\\\/\\\/www.aquimicasa.net\\\/blog\\\/wp-content\\\/uploads\\\/Logo-aquimicasa-1-e1528048213782.png\",\"width\":225,\"height\":225,\"caption\":\"Blog de aquimicasa.net\"},\"image\":{\"@id\":\"https:\\\/\\\/www.aquimicasa.net\\\/blog\\\/#\\\/schema\\\/logo\\\/image\\\/\"},\"sameAs\":[\"https:\\\/\\\/www.facebook.com\\\/aquimicasa.net\",\"https:\\\/\\\/www.instagram.com\\\/\",\"https:\\\/\\\/x.com\\\/EduLizarragaD\",\"https:\\\/\\\/www.linkedin.com\\\/feed\\\/\"]},{\"@type\":\"Person\",\"@id\":\"https:\\\/\\\/www.aquimicasa.net\\\/blog\\\/#\\\/schema\\\/person\\\/2cdfa2605534583395c8d7ce1d6cac14\",\"name\":\"Eduardo Lizarraga\",\"image\":{\"@type\":\"ImageObject\",\"inLanguage\":\"es\",\"@id\":\"https:\\\/\\\/secure.gravatar.com\\\/avatar\\\/bdabe1eeeed97b65a9cb7de2edd624b07995f7e13abc5fead15961f745f908cc?s=96&d=mm&r=g\",\"url\":\"https:\\\/\\\/secure.gravatar.com\\\/avatar\\\/bdabe1eeeed97b65a9cb7de2edd624b07995f7e13abc5fead15961f745f908cc?s=96&d=mm&r=g\",\"contentUrl\":\"https:\\\/\\\/secure.gravatar.com\\\/avatar\\\/bdabe1eeeed97b65a9cb7de2edd624b07995f7e13abc5fead15961f745f908cc?s=96&d=mm&r=g\",\"caption\":\"Eduardo Lizarraga\"},\"description\":\"Periodista Econ\u00f3mico. Ha trabajado en diversos campos de la informaci\u00f3n. Corresponsal en conflictos, analista pol\u00edtico en Congreso y Senado, periodista del medio ambiente, editor, director editorial, director de comunicaci\u00f3n.... En estos momentos se ha especializado en el sector inmobiliario. Pero tambi\u00e9n es navegante y viajero, preocupado por la pobreza, el medio ambiente y por las actuaciones descontroladas del neoliberalismo empresarial y pol\u00edtico en todo el mundo. Los desahucios, la pobreza infantil y la falta de acceso a los suministros b\u00e1sicos son algunos de los grandes dramas de nuestra sociedad y que es preciso solucionar para hacerla m\u00e1s justa. CEO en www.aquimicasa.net\",\"sameAs\":[\"https:\\\/\\\/www.aquimicasa.net\\\/\"],\"url\":\"https:\\\/\\\/www.aquimicasa.net\\\/blog\\\/author\\\/eduardo\\\/\"}]}<\/script>\n<!-- \/ Yoast SEO plugin. -->","yoast_head_json":{"title":"El consumo de cemento sube un 8,5% en el primer trimestre","description":"El mes de marzo registr\u00f3 un crecimiento del 27,7% respecto al mismo mes de 2025, con un consumo absoluto de 1.542.294 toneladas,","robots":{"index":"index","follow":"follow","max-snippet":"max-snippet:-1","max-image-preview":"max-image-preview:large","max-video-preview":"max-video-preview:-1"},"canonical":"https:\/\/www.aquimicasa.net\/blog\/economia\/noticias-economia\/el-consumo-de-cemento-sube-un-85-en-el-primer-trimestre\/","og_locale":"es_ES","og_type":"article","og_title":"El consumo de cemento sube un 8,5% en el primer trimestre","og_description":"El mes de marzo registr\u00f3 un crecimiento del 27,7% respecto al mismo mes de 2025, con un consumo absoluto de 1.542.294 toneladas,","og_url":"https:\/\/www.aquimicasa.net\/blog\/economia\/noticias-economia\/el-consumo-de-cemento-sube-un-85-en-el-primer-trimestre\/","og_site_name":"Blog de aquimicasa.net","article_publisher":"https:\/\/www.facebook.com\/aquimicasa.net","article_published_time":"2026-04-29T15:28:40+00:00","og_image":[{"width":600,"height":317,"url":"https:\/\/www.aquimicasa.net\/blog\/wp-content\/uploads\/cemento4-e1738354135391.jpg","type":"image\/jpeg"}],"author":"Eduardo Lizarraga","twitter_misc":{"Escrito por":"Eduardo Lizarraga","Tiempo de lectura":"4 minutos"},"schema":{"@context":"https:\/\/schema.org","@graph":[{"@type":"Article","@id":"https:\/\/www.aquimicasa.net\/blog\/economia\/noticias-economia\/el-consumo-de-cemento-sube-un-85-en-el-primer-trimestre\/#article","isPartOf":{"@id":"https:\/\/www.aquimicasa.net\/blog\/economia\/noticias-economia\/el-consumo-de-cemento-sube-un-85-en-el-primer-trimestre\/"},"author":{"name":"Eduardo Lizarraga","@id":"https:\/\/www.aquimicasa.net\/blog\/#\/schema\/person\/2cdfa2605534583395c8d7ce1d6cac14"},"headline":"El consumo de cemento sube un 8,5% en el primer trimestre","datePublished":"2026-04-29T15:28:40+00:00","mainEntityOfPage":{"@id":"https:\/\/www.aquimicasa.net\/blog\/economia\/noticias-economia\/el-consumo-de-cemento-sube-un-85-en-el-primer-trimestre\/"},"wordCount":882,"publisher":{"@id":"https:\/\/www.aquimicasa.net\/blog\/#organization"},"image":{"@id":"https:\/\/www.aquimicasa.net\/blog\/economia\/noticias-economia\/el-consumo-de-cemento-sube-un-85-en-el-primer-trimestre\/#primaryimage"},"thumbnailUrl":"https:\/\/www.aquimicasa.net\/blog\/wp-content\/uploads\/cemento4-e1738354135391.jpg","keywords":["newsletter 563"],"articleSection":["Noticias Econom\u00eda"],"inLanguage":"es"},{"@type":"WebPage","@id":"https:\/\/www.aquimicasa.net\/blog\/economia\/noticias-economia\/el-consumo-de-cemento-sube-un-85-en-el-primer-trimestre\/","url":"https:\/\/www.aquimicasa.net\/blog\/economia\/noticias-economia\/el-consumo-de-cemento-sube-un-85-en-el-primer-trimestre\/","name":"El consumo de cemento sube un 8,5% en el primer trimestre","isPartOf":{"@id":"https:\/\/www.aquimicasa.net\/blog\/#website"},"primaryImageOfPage":{"@id":"https:\/\/www.aquimicasa.net\/blog\/economia\/noticias-economia\/el-consumo-de-cemento-sube-un-85-en-el-primer-trimestre\/#primaryimage"},"image":{"@id":"https:\/\/www.aquimicasa.net\/blog\/economia\/noticias-economia\/el-consumo-de-cemento-sube-un-85-en-el-primer-trimestre\/#primaryimage"},"thumbnailUrl":"https:\/\/www.aquimicasa.net\/blog\/wp-content\/uploads\/cemento4-e1738354135391.jpg","datePublished":"2026-04-29T15:28:40+00:00","description":"El mes de marzo registr\u00f3 un crecimiento del 27,7% respecto al mismo mes de 2025, con un consumo absoluto de 1.542.294 toneladas,","breadcrumb":{"@id":"https:\/\/www.aquimicasa.net\/blog\/economia\/noticias-economia\/el-consumo-de-cemento-sube-un-85-en-el-primer-trimestre\/#breadcrumb"},"inLanguage":"es","potentialAction":[{"@type":"ReadAction","target":["https:\/\/www.aquimicasa.net\/blog\/economia\/noticias-economia\/el-consumo-de-cemento-sube-un-85-en-el-primer-trimestre\/"]}]},{"@type":"ImageObject","inLanguage":"es","@id":"https:\/\/www.aquimicasa.net\/blog\/economia\/noticias-economia\/el-consumo-de-cemento-sube-un-85-en-el-primer-trimestre\/#primaryimage","url":"https:\/\/www.aquimicasa.net\/blog\/wp-content\/uploads\/cemento4-e1738354135391.jpg","contentUrl":"https:\/\/www.aquimicasa.net\/blog\/wp-content\/uploads\/cemento4-e1738354135391.jpg","width":600,"height":317,"caption":"El consumo de cemento sube en los primeros tres meses del a\u00f1o"},{"@type":"BreadcrumbList","@id":"https:\/\/www.aquimicasa.net\/blog\/economia\/noticias-economia\/el-consumo-de-cemento-sube-un-85-en-el-primer-trimestre\/#breadcrumb","itemListElement":[{"@type":"ListItem","position":1,"name":"Portada","item":"https:\/\/www.aquimicasa.net\/blog\/"},{"@type":"ListItem","position":2,"name":"El consumo de cemento sube un 8,5% en el primer trimestre"}]},{"@type":"WebSite","@id":"https:\/\/www.aquimicasa.net\/blog\/#website","url":"https:\/\/www.aquimicasa.net\/blog\/","name":"Blog de aquimicasa.net","description":"Noticias del Mundo Inmobiliario","publisher":{"@id":"https:\/\/www.aquimicasa.net\/blog\/#organization"},"potentialAction":[{"@type":"SearchAction","target":{"@type":"EntryPoint","urlTemplate":"https:\/\/www.aquimicasa.net\/blog\/?s={search_term_string}"},"query-input":{"@type":"PropertyValueSpecification","valueRequired":true,"valueName":"search_term_string"}}],"inLanguage":"es"},{"@type":"Organization","@id":"https:\/\/www.aquimicasa.net\/blog\/#organization","name":"Blog de aquimicasa.net","url":"https:\/\/www.aquimicasa.net\/blog\/","logo":{"@type":"ImageObject","inLanguage":"es","@id":"https:\/\/www.aquimicasa.net\/blog\/#\/schema\/logo\/image\/","url":"https:\/\/www.aquimicasa.net\/blog\/wp-content\/uploads\/Logo-aquimicasa-1-e1528048213782.png","contentUrl":"https:\/\/www.aquimicasa.net\/blog\/wp-content\/uploads\/Logo-aquimicasa-1-e1528048213782.png","width":225,"height":225,"caption":"Blog de aquimicasa.net"},"image":{"@id":"https:\/\/www.aquimicasa.net\/blog\/#\/schema\/logo\/image\/"},"sameAs":["https:\/\/www.facebook.com\/aquimicasa.net","https:\/\/www.instagram.com\/","https:\/\/x.com\/EduLizarragaD","https:\/\/www.linkedin.com\/feed\/"]},{"@type":"Person","@id":"https:\/\/www.aquimicasa.net\/blog\/#\/schema\/person\/2cdfa2605534583395c8d7ce1d6cac14","name":"Eduardo Lizarraga","image":{"@type":"ImageObject","inLanguage":"es","@id":"https:\/\/secure.gravatar.com\/avatar\/bdabe1eeeed97b65a9cb7de2edd624b07995f7e13abc5fead15961f745f908cc?s=96&d=mm&r=g","url":"https:\/\/secure.gravatar.com\/avatar\/bdabe1eeeed97b65a9cb7de2edd624b07995f7e13abc5fead15961f745f908cc?s=96&d=mm&r=g","contentUrl":"https:\/\/secure.gravatar.com\/avatar\/bdabe1eeeed97b65a9cb7de2edd624b07995f7e13abc5fead15961f745f908cc?s=96&d=mm&r=g","caption":"Eduardo Lizarraga"},"description":"Periodista Econ\u00f3mico. Ha trabajado en diversos campos de la informaci\u00f3n. Corresponsal en conflictos, analista pol\u00edtico en Congreso y Senado, periodista del medio ambiente, editor, director editorial, director de comunicaci\u00f3n.... En estos momentos se ha especializado en el sector inmobiliario. Pero tambi\u00e9n es navegante y viajero, preocupado por la pobreza, el medio ambiente y por las actuaciones descontroladas del neoliberalismo empresarial y pol\u00edtico en todo el mundo. Los desahucios, la pobreza infantil y la falta de acceso a los suministros b\u00e1sicos son algunos de los grandes dramas de nuestra sociedad y que es preciso solucionar para hacerla m\u00e1s justa. CEO en www.aquimicasa.net","sameAs":["https:\/\/www.aquimicasa.net\/"],"url":"https:\/\/www.aquimicasa.net\/blog\/author\/eduardo\/"}]}},"jetpack_publicize_connections":[],"jetpack_featured_media_url":"https:\/\/www.aquimicasa.net\/blog\/wp-content\/uploads\/cemento4-e1738354135391.jpg","jetpack_sharing_enabled":true,"jetpack_likes_enabled":true,"_links":{"self":[{"href":"https:\/\/www.aquimicasa.net\/blog\/wp-json\/wp\/v2\/posts\/56109","targetHints":{"allow":["GET"]}}],"collection":[{"href":"https:\/\/www.aquimicasa.net\/blog\/wp-json\/wp\/v2\/posts"}],"about":[{"href":"https:\/\/www.aquimicasa.net\/blog\/wp-json\/wp\/v2\/types\/post"}],"author":[{"embeddable":true,"href":"https:\/\/www.aquimicasa.net\/blog\/wp-json\/wp\/v2\/users\/3"}],"replies":[{"embeddable":true,"href":"https:\/\/www.aquimicasa.net\/blog\/wp-json\/wp\/v2\/comments?post=56109"}],"version-history":[{"count":2,"href":"https:\/\/www.aquimicasa.net\/blog\/wp-json\/wp\/v2\/posts\/56109\/revisions"}],"predecessor-version":[{"id":56111,"href":"https:\/\/www.aquimicasa.net\/blog\/wp-json\/wp\/v2\/posts\/56109\/revisions\/56111"}],"wp:featuredmedia":[{"embeddable":true,"href":"https:\/\/www.aquimicasa.net\/blog\/wp-json\/wp\/v2\/media\/46952"}],"wp:attachment":[{"href":"https:\/\/www.aquimicasa.net\/blog\/wp-json\/wp\/v2\/media?parent=56109"}],"wp:term":[{"taxonomy":"category","embeddable":true,"href":"https:\/\/www.aquimicasa.net\/blog\/wp-json\/wp\/v2\/categories?post=56109"},{"taxonomy":"post_tag","embeddable":true,"href":"https:\/\/www.aquimicasa.net\/blog\/wp-json\/wp\/v2\/tags?post=56109"}],"curies":[{"name":"wp","href":"https:\/\/api.w.org\/{rel}","templated":true}]}}