{"id":56112,"date":"2026-04-30T00:46:02","date_gmt":"2026-04-29T22:46:02","guid":{"rendered":"https:\/\/www.aquimicasa.net\/blog\/?p=56112"},"modified":"2026-04-30T07:45:36","modified_gmt":"2026-04-30T05:45:36","slug":"la-tragicomedia-del-congreso-abre-un-terreno-juridico-desconocido","status":"publish","type":"post","link":"https:\/\/www.aquimicasa.net\/blog\/opinion\/la-tragicomedia-del-congreso-abre-un-terreno-juridico-desconocido\/","title":{"rendered":"La tragicomedia del Congreso abre un terreno jur\u00eddico desconocido"},"content":{"rendered":"<div class=\"fusion-fullwidth fullwidth-box fusion-builder-row-1 fusion-flex-container nonhundred-percent-fullwidth non-hundred-percent-height-scrolling\" style=\"background-color: rgba(255,255,255,0);background-position: center center;background-repeat: no-repeat;border-width: 0px 0px 0px 0px;border-color:#eae9e9;border-style:solid;\" ><div class=\"fusion-builder-row fusion-row fusion-flex-align-items-flex-start\" style=\"max-width:1144px;margin-left: calc(-4% \/ 2 );margin-right: calc(-4% \/ 2 );\"><div class=\"fusion-layout-column fusion_builder_column fusion-builder-column-0 fusion_builder_column_1_1 1_1 fusion-flex-column\"><div class=\"fusion-column-wrapper fusion-flex-justify-content-flex-start fusion-content-layout-column\" style=\"background-position:left top;background-repeat:no-repeat;-webkit-background-size:cover;-moz-background-size:cover;-o-background-size:cover;background-size:cover;padding: 0px 0px 0px 0px;\"><div class=\"fusion-text fusion-text-1\"><div class=\"flex-1 flex flex-col px-4 max-w-3xl mx-auto w-full pt-1\">\n<div data-test-render-count=\"1\">\n<div class=\"group\">\n<div class=\"contents\">\n<div class=\"group relative relative pb-3\" data-is-streaming=\"false\">\n<div class=\"font-claude-response relative leading-&#091;1.65rem&#093; &#091;&amp;_pre&gt; &lt;p&gt;div&#093;:bg-bg-000\/50 &#091;&amp;_pre&gt;div&#093;:border-0.5 &#091;&amp;_pre&gt;div&#093;:border-border-400 &#091;&amp;_.ignore-pre-bg&gt;div&#093;:bg-transparent &#091;&amp;_.standard-markdown_:is(p,blockquote,h1,h2,h3,h4,h5,h6)&#093;:pl-2 &#091;&amp;_.standard-markdown_:is(p,blockquote,ul,ol,h1,h2,h3,h4,h5,h6)&#093;:pr-8 &#091;&amp;_.progressive-markdown_:is(p,blockquote,h1,h2,h3,h4,h5,h6)&#093;:pl-2 &#091;&amp;_.progressive-markdown_:is(p,blockquote,ul,ol,h1,h2,h3,h4,h5,h6)&#093;:pr-8\">\n<div class=\"standard-markdown grid-cols-1 grid &#091;&amp;_&gt; &lt;p&gt;_*&#093;:min-w-0 gap-3 standard-markdown\">\n<p class=\"font-claude-response-body break-words whitespace-normal leading-&#091;1.7&#093;\">A poco m\u00e1s de un d\u00eda, despu\u00e9s del desenlace en el Congreso de la tragicomedia de la pr\u00f3rroga extraordinaria de los alquileres, Espa\u00f1a ha entrado en lo que podr\u00eda ser la fase m\u00e1s dram\u00e1tica de todo este sainete: la judicial. Porque lo que parec\u00eda un problema de vivienda \u2014que lo es, y muy serio\u2014 amenaza con convertirse tambi\u00e9n en un problema de tribunales, de inseguridad jur\u00eddica y de da\u00f1os colaterales que van a repartirse, como siempre, de forma bastante desigual. Abr\u00f3chense los cinturones, que el espect\u00e1culo contin\u00faa.<\/p>\n<h2 class=\"font-claude-response-body break-words whitespace-normal leading-&#091;1.7&#093;\"><strong>\u00a0\u00bfA cu\u00e1ntas personas podr\u00eda haber defendido el decreto?<\/strong><\/h2>\n<p class=\"font-claude-response-body break-words whitespace-normal leading-&#091;1.7&#093;\">Empecemos por los n\u00fameros, que son los que anclan el debate a la realidad cuando la pol\u00edtica lo ha lanzado por los aires. El Ministerio de Consumo estim\u00f3 que hasta <strong>2,6 millones de personas<\/strong> podr\u00edan haberse beneficiado de la pr\u00f3rroga extraordinaria contemplada en el Real Decreto-ley 8\/2026. Solo en Madrid, m\u00e1s de 623.000 inquilinos estaban en situaci\u00f3n de poder acogerse a ella. S\u00famenle los que est\u00e1n en zona tensionada, los que llevan a\u00f1os aguantando una renta congelada post-COVID que ahora se enfrenta al precio de mercado de 2026, los que forman parte de ese mill\u00f3n de contratos que Sumar cifraba en el limbo entre marzo de 2026 y diciembre de 2027&#8230; y tienen ustedes el tama\u00f1o real del problema.<\/p>\n<p class=\"font-claude-response-body break-words whitespace-normal leading-&#091;1.7&#093;\">Porque hay que recordar de d\u00f3nde ven\u00eda todo esto. Los contratos firmados tras el COVID \u2014muchos de ellos a cinco a\u00f1os, como marca la Ley de Arrendamientos Urbanos para personas f\u00edsicas\u2014 est\u00e1n venciendo ahora en masa. Y la diferencia entre lo que pagaba ese inquilino en 2021 y lo que pide el mercado hoy puede llegar al <strong>60% en algunas capitales<\/strong>. No es una subida, es un mazazo. Para muchas familias no significa un ajuste del presupuesto dom\u00e9stico: significa la puerta de la calle.<\/p>\n<h2 class=\"font-claude-response-body break-words whitespace-normal leading-&#091;1.7&#093;\"><strong>\u00bfQu\u00e9 razones han esgrimido PP, Vox y Junts para oponerse?<\/strong><\/h2>\n<p class=\"font-claude-response-body break-words whitespace-normal leading-&#091;1.7&#093;\">Con <strong>177 votos en contra<\/strong> frente a 166 a favor, el decreto cay\u00f3 el 28 de abril con la alianza de PP, Vox y Junts \u2014con UPN de a\u00f1adidura y el PNV absteni\u00e9ndose con esa elegancia vasca que consiste en no mancharse las manos pero tampoco mojarse los pies\u2014. Las razones esgrimidas por el bloque del no merecen un repaso, porque tienen un barniz de solidez que conviene rascar.<\/p>\n<p class=\"font-claude-response-body break-words whitespace-normal leading-&#091;1.7&#093;\">El PP apel\u00f3 a la inseguridad jur\u00eddica y a la defensa de la propiedad privada, con alguna menci\u00f3n al jubilado propietario que necesita esa renta para vivir. Argumento simp\u00e1tico, muy entra\u00f1able, pero que los datos desmienten con solvencia: solo el <strong>39% de las viviendas alquiladas en Espa\u00f1a pertenece a propietarios con un \u00fanico inmueble<\/strong>. El 61% restante est\u00e1 en manos de particulares con dos o m\u00e1s propiedades, empresas o fondos de inversi\u00f3n. El peque\u00f1o casero existe, merece respeto y nadie se lo quita, pero convertirlo de nuevo en el arquetipo del mercado del alquiler espa\u00f1ol es una operaci\u00f3n de relato que ya empieza a ser dif\u00edcil de sostener con los informes del propio ministerio encima de la mesa.<\/p>\n<p class=\"font-claude-response-body break-words whitespace-normal leading-&#091;1.7&#093;\">Vox fue Vox: okupas, comunismo y propiedad privada. El argumento de la okupaci\u00f3n, por cierto, tiene un problema estad\u00edstico notable: las ocupaciones ilegales judicializadas que registra el CGPJ son bastante pocas en comparaci\u00f3n con el volumen total de arrendamientos. Pero no importa, que el dato real nunca ha sido el fuerte de ese partido.<\/p>\n<p class=\"font-claude-response-body break-words whitespace-normal leading-&#091;1.7&#093;\">Junts, el cap\u00edtulo m\u00e1s interesante de la noche. El partido de Puigdemont, que a estas alturas ya ha demostrado que sus apoyos se negocian como materias primas en un mercado de futuros, mostr\u00f3 desde el principio una negativa que algunos analistas vinculan a su estrecha relaci\u00f3n con determinadas asociaciones de propietarios catalanas. El Gobierno intent\u00f3 seducirles con ayudas fiscales a caseros e incluso con el IVA franquiciado para aut\u00f3nomos. No col\u00f3. O no lleg\u00f3 a tiempo. O sencillamente no era lo que buscaban en ese momento.<\/p>\n<h2 class=\"font-claude-response-body break-words whitespace-normal leading-&#091;1.7&#093;\"><strong>\u00bfQu\u00e9 alquileres se podr\u00e1n prorrogar?<\/strong><\/h2>\n<p class=\"font-claude-response-body break-words whitespace-normal leading-&#091;1.7&#093;\">Aqu\u00ed es donde el sainete se convierte en teatro del absurdo jur\u00eddico, y conviene explicarlo con calma porque hay mucha confusi\u00f3n interesada circulando. El decreto estuvo vigente entre el <strong>22 de marzo y el 28 de abril de 2026<\/strong>. Ese es el per\u00edodo que importa.<\/p>\n<p class=\"font-claude-response-body break-words whitespace-normal leading-&#091;1.7&#093;\">Los contratos que vencieron dentro de ese mes y cuyos inquilinos solicitaron la pr\u00f3rroga formalmente \u2014por burofax, preferiblemente\u2014 est\u00e1n, seg\u00fan el consenso mayoritario de la comunidad jur\u00eddica, <strong>blindados<\/strong>. El arrendador estaba obligado a aceptarla y la derogaci\u00f3n no tiene efectos retroactivos sobre lo ya consolidado. Hasta aqu\u00ed, relativa claridad.<\/p>\n<p class=\"font-claude-response-body break-words whitespace-normal leading-&#091;1.7&#093;\">El problema gordo est\u00e1 en los contratos que vencen <strong>despu\u00e9s del 28 de abril y antes del 31 de diciembre de 2027<\/strong>. Aqu\u00ed el frente jur\u00eddico se abre en abanico. Algunos catedr\u00e1ticos, como Matilde Cuena, de la Complutense, sostienen que la obligaci\u00f3n del arrendador nace en el momento del vencimiento del contrato, no en el de la solicitud, y que si en esa fecha ya no existe norma que la imponga, no hay incumplimiento posible. En el otro extremo, el catedr\u00e1tico Julio Gonz\u00e1lez Garc\u00eda defiende que el derecho del inquilino qued\u00f3 blindado desde el momento en que ejercit\u00f3 la petici\u00f3n mientras la norma estaba viva. FACUA, Asufin y los sindicatos de inquilinos, que prometen ser muy combativos,\u00a0 van en la misma l\u00ednea.<\/p>\n<p class=\"font-claude-response-body break-words whitespace-normal leading-&#091;1.7&#093;\">\u00bfQui\u00e9n tiene raz\u00f3n? Esa, se\u00f1ores, es exactamente la pregunta que van a tener que responder los tribunales espa\u00f1oles. Uno por uno. Caso por caso. Con la celeridad y uniformidad que les caracteriza.<\/p>\n<h2 class=\"font-claude-response-body break-words whitespace-normal leading-&#091;1.7&#093;\"><strong>\u00bfQu\u00e9 medidas decaen?<\/strong><\/h2>\n<p class=\"font-claude-response-body break-words whitespace-normal leading-&#091;1.7&#093;\">Caen dos cosas concretas y relevantes. Primera: la pr\u00f3rroga extraordinaria de dos a\u00f1os para contratos que vencieran entre el 22 de marzo de 2026 y el 31 de diciembre de 2027, que ya no se puede solicitar ni aplicar a los que queden fuera de la ventana de vigencia del decreto. Segunda: el <strong>tope del 2% en la actualizaci\u00f3n anual de la renta<\/strong>. A partir de ahora, los contratos firmados despu\u00e9s de mayo de 2023 se rigen por el \u00cdndice de Referencia de Alquileres de Vivienda (IRAV) del INE, y los anteriores vuelven a actualizarse seg\u00fan IPC o IGC seg\u00fan lo pactado en cada caso. Lo que significa, en t\u00e9rminos pr\u00e1cticos, que el mercado recupera la capacidad de pegar el estir\u00f3n que llevaba meses contenido, o intentando contenerlo.<\/p>\n<p class=\"font-claude-response-body break-words whitespace-normal leading-&#091;1.7&#093;\">Lo que no cae, conviene aclararlo, son los plazos ordinarios de la Ley de Arrendamientos Urbanos: los cinco a\u00f1os m\u00ednimos para arrendadores personas f\u00edsicas, los siete para personas jur\u00eddicas, y la pr\u00f3rroga t\u00e1cita de hasta tres a\u00f1os si ninguna de las partes comunica su voluntad de no renovar. Eso sigue en pie. Tampoco desaparece la pr\u00f3rroga extraordinaria de tres a\u00f1os para viviendas en zonas tensionadas, que exist\u00eda antes del decreto y que, seg\u00fan el propio texto del RDL 8\/2026, era incompatible con la bianual \u2014con preferencia siempre para la de tres a\u00f1os\u2014.<\/p>\n<h2 class=\"font-claude-response-body break-words whitespace-normal leading-&#091;1.7&#093;\"><strong>Parece que se avecina un limbo legal con la justicia colapsada<\/strong><\/h2>\n<p class=\"font-claude-response-body break-words whitespace-normal leading-&#091;1.7&#093;\">El portavoz de Idealista, Francisco I\u00f1areta, lo dijo con una claridad que se agradece: <strong>\u00abTodo el ruido provocado incide a\u00fan m\u00e1s en la desconfianza de propietarios e inversores en las reglas de juego.\u00bb<\/strong> Eso es lo que deja este mes de decreto: m\u00e1s desconfianza, m\u00e1s retirada de pisos del mercado de alquiler residencial y m\u00e1s presi\u00f3n al alza sobre los precios. El remedio que iba a curar al paciente lo ha dejado m\u00e1s agitado de lo que estaba.<\/p>\n<p class=\"font-claude-response-body break-words whitespace-normal leading-&#091;1.7&#093;\">Y ahora viene el diluvio judicial. Abogados y magistrados consultados por distintos medios coinciden en que el volumen de litigios va a ser notable. Arantxa Goenaga, socia de AF Legis, resume la situaci\u00f3n con precisi\u00f3n de cirujano oftalmol\u00f3gico: el problema no es solo la inseguridad jur\u00eddica de una norma aprobada sin apoyos, sino tambi\u00e9n <strong>su propia t\u00e9cnica jur\u00eddica deficiente<\/strong>, que da pie a m\u00faltiples interpretaciones y, por tanto, a conflictos. La Federaci\u00f3n Nacional de Asociaciones Inmobiliarias (FAI) ha pedido al Gobierno que aclare oficialmente los efectos de la ca\u00edda del decreto. Que lo har\u00e1, claro. Con la misma celeridad con que se construye vivienda p\u00fablica en este pa\u00eds.<\/p>\n<h2 class=\"font-claude-response-body break-words whitespace-normal leading-&#091;1.7&#093;\"><strong>\u00a0\u00bfPodr\u00e1 quedarse el inquilino en la vivienda hasta que la justicia resuelva?<\/strong><\/h2>\n<p class=\"font-claude-response-body break-words whitespace-normal leading-&#091;1.7&#093;\">Esta es la pregunta del mill\u00f3n, y la respuesta honesta es: <strong>depende, y nadie lo sabe con certeza<\/strong>. Si el contrato venci\u00f3 durante la vigencia del decreto y el inquilino solicit\u00f3 la pr\u00f3rroga, la posici\u00f3n jur\u00eddica es relativamente s\u00f3lida. Si el contrato vence despu\u00e9s del 28 de abril y el propietario rechaza la pr\u00f3rroga, el inquilino deber\u00e1 abandonar la vivienda al vencimiento o enfrentarse a un proceso de desahucio por expiraci\u00f3n de plazo&#8230; o no, y esperar al procedimiento judicial de la pr\u00f3rroga de su contrato que no se realiz\u00f3.<\/p>\n<p class=\"font-claude-response-body break-words whitespace-normal leading-&#091;1.7&#093;\">En todo caso, ese proceso de desahucio, una vez iniciado, tiene que recorrer los juzgados de primera instancia, la Audiencia Provincial y eventualmente el Tribunal Supremo. Y est\u00e1 claro que los afectados van a asociarse y actuar de forma coordinada. El abogado Alejandro G\u00e1mez, de Red Jur\u00eddica, lo apunta con cierta frialdad pragm\u00e1tica: el recorrido judicial supera con facilidad los dos a\u00f1os, lo que en la pr\u00e1ctica significa que el inquilino puede permanecer en la vivienda durante ese tiempo simplemente por la lentitud del sistema. Parad\u00f3jico: la justicia colapsada, que es en s\u00ed misma un esc\u00e1ndalo, se convierte aqu\u00ed en un amortiguador involuntario para quien no tiene d\u00f3nde ir.<\/p>\n<p class=\"font-claude-response-body break-words whitespace-normal leading-&#091;1.7&#093;\">Las medidas cautelares para permanecer en la vivienda son te\u00f3ricamente posibles, pero su viabilidad depender\u00e1 de la argumentaci\u00f3n jur\u00eddica en cada caso y de lo que los tribunales vayan construyendo en los pr\u00f3ximos meses. Terrain vague, que dir\u00edan los franceses. Terreno desconocido, que dir\u00eda la ministra Rodr\u00edguez, que al menos tuvo la honestidad de reconocerlo p\u00fablicamente.<\/p>\n<h2 class=\"font-claude-response-body break-words whitespace-normal leading-&#091;1.7&#093;\"><strong>El problema de los contratos que venc\u00edan antes de la votaci\u00f3n y los que lo hacen despu\u00e9s<\/strong><\/h2>\n<p class=\"font-claude-response-body break-words whitespace-normal leading-&#091;1.7&#093;\">La l\u00ednea que separa a los relativamente tranquilos de los que tienen motivos para estar angustiados es el <strong>28 de abril de 2026<\/strong>. Los que vencieron entre el 22 de marzo y esa fecha y solicitaron la pr\u00f3rroga: protegidos, con amparo jur\u00eddico s\u00f3lido. Los que vencen despu\u00e9s: en tierra de nadie.<\/p>\n<p class=\"font-claude-response-body break-words whitespace-normal leading-&#091;1.7&#093;\">Y hay una excepci\u00f3n que favorece al inquilino en ese segundo grupo: si el propietario <strong>acept\u00f3 expresamente<\/strong> la solicitud de pr\u00f3rroga aunque el contrato venciera despu\u00e9s de la derogaci\u00f3n, esa aceptaci\u00f3n le vincula. Por eso la estrategia de muchos arrendadores durante estas semanas ha sido el silencio. Sin contestar al burofax. Sin aceptar ni rechazar. Porque rechazar expresamente tambi\u00e9n tiene consecuencias, y aceptar, evidentemente, m\u00e1s. El silencio como estrategia jur\u00eddica. Bienvenidos a la incertidumbre del mercado del alquiler espa\u00f1ol en 2026.<\/p>\n<h2 class=\"font-claude-response-body break-words whitespace-normal leading-&#091;1.7&#093;\"><strong>La realidad de la estructura de los propietarios de viviendas en alquiler<\/strong><\/h2>\n<p class=\"font-claude-response-body break-words whitespace-normal leading-&#091;1.7&#093;\">Resulta que el debate pol\u00edtico de las \u00faltimas semanas se ha construido en buena medida sobre una ficci\u00f3n. La del peque\u00f1o propietario desvalido, el jubilado con su pisito, que vive de esa renta y al que la izquierda quiere expoliar en nombre de los inquilinos. Es un relato emotivo, cinematogr\u00e1fico y, estad\u00edsticamente, bastante impreciso.<\/p>\n<p class=\"font-claude-response-body break-words whitespace-normal leading-&#091;1.7&#093;\">Un informe del Ministerio de Derechos Sociales elaborado con el CSIC a partir del Panel de Hogares de 2023 lo deja claro: <strong>solo el 39% de las viviendas alquiladas en Espa\u00f1a pertenece a propietarios con un \u00fanico inmueble<\/strong>. El 61% restante est\u00e1 en manos de multiarrendadores particulares, personas jur\u00eddicas o entidades p\u00fablicas. Entre 2016 y 2023, los propietarios con varias viviendas aumentaron su parque un 39,9%, frente al 30,4% de los que tienen una sola. Casi diez puntos de diferencia que el informe resume sin ambages: la figura del peque\u00f1o casero no es la predominante en Espa\u00f1a.<\/p>\n<p class=\"font-claude-response-body break-words whitespace-normal leading-&#091;1.7&#093;\">En Las Palmas, el 64,9% de las viviendas alquiladas est\u00e1 en manos de multiarrendadores. En Barcelona, el 60,8%. En Madrid, el 56,4%. Y solo el <strong>4,9% de la poblaci\u00f3n total<\/strong> obtiene ingresos por alquiler, frente al 20,8% que vive en r\u00e9gimen de arrendamiento. Cuatro veces m\u00e1s inquilinos que arrendadores. Una asimetr\u00eda que dice mucho sobre qui\u00e9n tiene el poder en este mercado. Que ciertos medios sigan vendiendo la imagen del jubilado con su pisito como escudo argumental contra cualquier regulaci\u00f3n es, llegados a este punto, una elecci\u00f3n editorial con destinatario bastante identificable.<\/p>\n<h2 class=\"font-claude-response-body break-words whitespace-normal leading-&#091;1.7&#093;\"><strong>La izquierda habla de un Plan B. \u00bfCu\u00e1l puede ser el posible escenario a partir de ahora?<\/strong><\/h2>\n<p class=\"font-claude-response-body break-words whitespace-normal leading-&#091;1.7&#093;\"><strong>\u00abSiempre hay plan B\u00bb<\/strong>, dijo Yolanda D\u00edaz en los pasillos del Congreso, con esa seguridad que da no tener que especificar cu\u00e1l es. Bustinduy prometi\u00f3 volver a traerlo \u00ablas veces que haga falta\u00bb. La ministra Rodr\u00edguez habl\u00f3 de regular, incentivar y movilizar vivienda, aunque aclar\u00f3 que no es un plan B sino iniciativas que llevan toda la legislatura intentando acordar. Diferencia sutil.<\/p>\n<p class=\"font-claude-response-body break-words whitespace-normal leading-&#091;1.7&#093;\">La propuesta m\u00e1s creativa \u2014y m\u00e1s problem\u00e1tica\u2014 lleg\u00f3 de Ione Belarra desde Podemos: aprobar el decreto <strong>mes a mes<\/strong> para mantenerlo siempre vigente en el BOE y eludir la oposici\u00f3n parlamentaria. La idea tiene una l\u00f3gica populista seductora, pero es exactamente el tipo de maniobra que m\u00e1s deteriora la relaci\u00f3n ya muy da\u00f1ada entre caseros e inquilinos y que m\u00e1s contribuye a retirar oferta del mercado. Un propietario que no sabe si el mes que viene habr\u00e1 nuevo decreto prefiere no alquilar o hacerlo en el mercado tur\u00edstico o de temporada, que queda fuera de la LAU. El remedio ser\u00eda peor que la enfermedad.<\/p>\n<h2><strong>Menos fantas\u00edas y m\u00e1s realidad<\/strong><\/h2>\n<p class=\"font-claude-response-body break-words whitespace-normal leading-&#091;1.7&#093;\">Los escenarios reales a partir de ahora son m\u00e1s prosaicos y menos heroicos. Primero: <strong>miles de juicios<\/strong> que van a colapsar a\u00fan m\u00e1s una justicia que ya funciona al l\u00edmite, con sentencias que tardar\u00e1n a\u00f1os y que construir\u00e1n una jurisprudencia incierta sobre un terreno sin precedentes claros. El magistrado Edmundo Rodr\u00edguez, de la Audiencia Provincial de Bizkaia, lo reconoce abiertamente: no hay casos similares en los que apoyarse. El \u00fanico precedente vagamente an\u00e1logo \u2014el decreto del Palacete de Par\u00eds devuelto al PNV\u2014 acab\u00f3 siendo rescatado por otro decreto posterior. Aqu\u00ed nadie rescata nada por ahora.<\/p>\n<p class=\"font-claude-response-body break-words whitespace-normal leading-&#091;1.7&#093;\">Segundo: <strong>m\u00e1s inseguridad jur\u00eddica<\/strong>, que se traducir\u00e1 en menos oferta de alquiler residencial, precios m\u00e1s altos y m\u00e1s inquilinos expulsados hacia la periferia o hacia acuerdos precarios que nunca aparecer\u00e1n en ninguna estad\u00edstica. Tercero: movilizaciones sociales que ya est\u00e1n en marcha, porque los sindicatos de inquilinos han anunciado protestas y el ambiente en ciertos barrios de las grandes ciudades es de una tensi\u00f3n que tiene fundamento econ\u00f3mico real.<\/p>\n<p class=\"font-claude-response-body break-words whitespace-normal leading-&#091;1.7&#093;\">Y en el fondo de todo esto, el problema estructural que nadie quiere resolver de verdad: d\u00e9cadas de pol\u00edtica de vivienda orientada a la propiedad, con desgravaciones fiscales, suelo p\u00fablico entregado a precio de saldo y vivienda p\u00fablica reconvertida en privada, han dejado a Espa\u00f1a con un parque de alquiler asequible irrisorio, un mercado tensionado y una generaci\u00f3n entera para la que el acceso a la vivienda ya no es un rito de paso sino un problema sin soluci\u00f3n visible. Eso no lo resuelve ni un decreto, ni su derogaci\u00f3n, ni el plan B de turno.<\/p>\n<p class=\"font-claude-response-body break-words whitespace-normal leading-&#091;1.7&#093;\">As\u00ed que p\u00f3nganse c\u00f3modos. Saquen las palomitas y disfruten del espect\u00e1culo. <strong>Este sainete tiene todav\u00eda muchos actos por delante<\/strong>, y el \u00fanico final seguro es que los que m\u00e1s van a sufrir las consecuencias son los mismos de siempre: los que no tienen otra opci\u00f3n que alquilar en un mercado que lleva a\u00f1os jugando en su contra.<\/p>\n<p><img decoding=\"async\" class=\" wp-image-27470\" src=\"https:\/\/www.aquimicasa.net\/blog\/wp-content\/uploads\/Eduardo2-244x300.jpg\" alt=\"La ca\u00edda de la pr\u00f3rroga de alquileres abre un periodo incierto\" width=\"132\" height=\"162\" srcset=\"https:\/\/www.aquimicasa.net\/blog\/wp-content\/uploads\/Eduardo2-122x150.jpg 122w, https:\/\/www.aquimicasa.net\/blog\/wp-content\/uploads\/Eduardo2-200x246.jpg 200w, https:\/\/www.aquimicasa.net\/blog\/wp-content\/uploads\/Eduardo2-244x300.jpg 244w, https:\/\/www.aquimicasa.net\/blog\/wp-content\/uploads\/Eduardo2-400x492.jpg 400w, https:\/\/www.aquimicasa.net\/blog\/wp-content\/uploads\/Eduardo2.jpg 513w\" sizes=\"(max-width: 132px) 100vw, 132px\" \/><\/p>\n<p>Eduardo Lizarraga<\/p>\n<p>WWW.AQUIMICASA.NET<\/p>\n<\/div>\n<\/div>\n<\/div>\n<\/div>\n<\/div>\n<\/div>\n<\/div>\n<\/div><\/div><style type=\"text\/css\">.fusion-body .fusion-builder-column-0{width:100% !important;margin-top : 0px;margin-bottom : 0px;}.fusion-builder-column-0 > .fusion-column-wrapper {padding-top : 0px !important;padding-right : 0px !important;margin-right : 1.92%;padding-bottom : 0px !important;padding-left : 0px !important;margin-left : 1.92%;}@media only screen and (max-width:1024px) {.fusion-body .fusion-builder-column-0{width:100% !important;}.fusion-builder-column-0 > .fusion-column-wrapper {margin-right : 1.92%;margin-left : 1.92%;}}@media only screen and (max-width:640px) {.fusion-body .fusion-builder-column-0{width:100% !important;}.fusion-builder-column-0 > .fusion-column-wrapper {margin-right : 1.92%;margin-left : 1.92%;}}<\/style><\/div><\/div><style type=\"text\/css\">.fusion-body .fusion-flex-container.fusion-builder-row-1{ padding-top : 0px;margin-top : 0px;padding-right : 0px;padding-bottom : 0px;margin-bottom : 0px;padding-left : 0px;}<\/style><\/div>\n","protected":false},"excerpt":{"rendered":"<p>Y en el fondo de todo esto, el problema estructural que nadie quiere resolver de verdad: d\u00e9cadas de pol\u00edtica de vivienda orientada a la propiedad, con desgravaciones fiscales, suelo p\u00fablico entregado a precio de saldo y vivienda p\u00fablica reconvertida en privada, han dejado a Espa\u00f1a con un parque de alquiler asequible irrisorio, un mercado tensionado y una generaci\u00f3n entera para la que&#8230;<\/p>\n","protected":false},"author":3,"featured_media":56114,"comment_status":"closed","ping_status":"closed","sticky":false,"template":"","format":"standard","meta":{"_jetpack_memberships_contains_paid_content":false,"footnotes":"","jetpack_publicize_message":"","jetpack_publicize_feature_enabled":true,"jetpack_social_post_already_shared":true,"jetpack_social_options":{"image_generator_settings":{"template":"highway","default_image_id":0,"font":"","enabled":false},"version":2}},"categories":[3249],"tags":[2989,6402,8293],"class_list":["post-56112","post","type-post","status-publish","format-standard","has-post-thumbnail","hentry","category-opinion","tag-articulo-de-opinion","tag-eduardo-lizarraga","tag-newsletter-563"],"yoast_head":"<!-- This site is optimized with the Yoast SEO plugin v27.5 - https:\/\/yoast.com\/product\/yoast-seo-wordpress\/ -->\n<title>La tragicomedia del Congreso abre un terreno jur\u00eddico desconocido<\/title>\n<meta name=\"description\" content=\"Lo que es un problema de vivienda amenaza con convertirse ahora en un problema de tribunales, de inseguridad jur\u00eddica y de da\u00f1os colaterales\" \/>\n<meta name=\"robots\" content=\"index, follow, max-snippet:-1, max-image-preview:large, max-video-preview:-1\" \/>\n<link rel=\"canonical\" href=\"https:\/\/www.aquimicasa.net\/blog\/opinion\/la-tragicomedia-del-congreso-abre-un-terreno-juridico-desconocido\/\" \/>\n<meta property=\"og:locale\" content=\"es_ES\" \/>\n<meta property=\"og:type\" content=\"article\" \/>\n<meta property=\"og:title\" content=\"La tragicomedia del Congreso abre un terreno jur\u00eddico desconocido\" \/>\n<meta property=\"og:description\" content=\"Lo que es un problema de vivienda amenaza con convertirse ahora en un problema de tribunales, de inseguridad jur\u00eddica y de da\u00f1os colaterales\" \/>\n<meta property=\"og:url\" content=\"https:\/\/www.aquimicasa.net\/blog\/opinion\/la-tragicomedia-del-congreso-abre-un-terreno-juridico-desconocido\/\" \/>\n<meta property=\"og:site_name\" content=\"Blog de aquimicasa.net\" \/>\n<meta property=\"article:publisher\" content=\"https:\/\/www.facebook.com\/aquimicasa.net\" \/>\n<meta property=\"article:published_time\" content=\"2026-04-29T22:46:02+00:00\" \/>\n<meta property=\"article:modified_time\" content=\"2026-04-30T05:45:36+00:00\" \/>\n<meta property=\"og:image\" content=\"https:\/\/www.aquimicasa.net\/blog\/wp-content\/uploads\/prorroga-de-alquiler-e1777502522580.png\" \/>\n\t<meta property=\"og:image:width\" content=\"600\" \/>\n\t<meta property=\"og:image:height\" content=\"400\" \/>\n\t<meta property=\"og:image:type\" content=\"image\/png\" \/>\n<meta name=\"author\" content=\"Eduardo Lizarraga\" \/>\n<meta name=\"twitter:label1\" content=\"Escrito por\" \/>\n\t<meta name=\"twitter:data1\" content=\"Eduardo Lizarraga\" \/>\n\t<meta name=\"twitter:label2\" content=\"Tiempo de lectura\" \/>\n\t<meta name=\"twitter:data2\" content=\"13 minutos\" \/>\n<script type=\"application\/ld+json\" class=\"yoast-schema-graph\">{\"@context\":\"https:\\\/\\\/schema.org\",\"@graph\":[{\"@type\":\"Article\",\"@id\":\"https:\\\/\\\/www.aquimicasa.net\\\/blog\\\/opinion\\\/la-tragicomedia-del-congreso-abre-un-terreno-juridico-desconocido\\\/#article\",\"isPartOf\":{\"@id\":\"https:\\\/\\\/www.aquimicasa.net\\\/blog\\\/opinion\\\/la-tragicomedia-del-congreso-abre-un-terreno-juridico-desconocido\\\/\"},\"author\":{\"name\":\"Eduardo Lizarraga\",\"@id\":\"https:\\\/\\\/www.aquimicasa.net\\\/blog\\\/#\\\/schema\\\/person\\\/2cdfa2605534583395c8d7ce1d6cac14\"},\"headline\":\"La tragicomedia del Congreso abre un terreno jur\u00eddico desconocido\",\"datePublished\":\"2026-04-29T22:46:02+00:00\",\"dateModified\":\"2026-04-30T05:45:36+00:00\",\"mainEntityOfPage\":{\"@id\":\"https:\\\/\\\/www.aquimicasa.net\\\/blog\\\/opinion\\\/la-tragicomedia-del-congreso-abre-un-terreno-juridico-desconocido\\\/\"},\"wordCount\":2921,\"publisher\":{\"@id\":\"https:\\\/\\\/www.aquimicasa.net\\\/blog\\\/#organization\"},\"image\":{\"@id\":\"https:\\\/\\\/www.aquimicasa.net\\\/blog\\\/opinion\\\/la-tragicomedia-del-congreso-abre-un-terreno-juridico-desconocido\\\/#primaryimage\"},\"thumbnailUrl\":\"https:\\\/\\\/www.aquimicasa.net\\\/blog\\\/wp-content\\\/uploads\\\/prorroga-de-alquiler-e1777502522580.png\",\"keywords\":[\"art\u00edculo de opini\u00f3n\",\"Eduardo Lizarraga\",\"newsletter 563\"],\"articleSection\":[\"Opini\u00f3n\"],\"inLanguage\":\"es\"},{\"@type\":\"WebPage\",\"@id\":\"https:\\\/\\\/www.aquimicasa.net\\\/blog\\\/opinion\\\/la-tragicomedia-del-congreso-abre-un-terreno-juridico-desconocido\\\/\",\"url\":\"https:\\\/\\\/www.aquimicasa.net\\\/blog\\\/opinion\\\/la-tragicomedia-del-congreso-abre-un-terreno-juridico-desconocido\\\/\",\"name\":\"La tragicomedia del Congreso abre un terreno jur\u00eddico desconocido\",\"isPartOf\":{\"@id\":\"https:\\\/\\\/www.aquimicasa.net\\\/blog\\\/#website\"},\"primaryImageOfPage\":{\"@id\":\"https:\\\/\\\/www.aquimicasa.net\\\/blog\\\/opinion\\\/la-tragicomedia-del-congreso-abre-un-terreno-juridico-desconocido\\\/#primaryimage\"},\"image\":{\"@id\":\"https:\\\/\\\/www.aquimicasa.net\\\/blog\\\/opinion\\\/la-tragicomedia-del-congreso-abre-un-terreno-juridico-desconocido\\\/#primaryimage\"},\"thumbnailUrl\":\"https:\\\/\\\/www.aquimicasa.net\\\/blog\\\/wp-content\\\/uploads\\\/prorroga-de-alquiler-e1777502522580.png\",\"datePublished\":\"2026-04-29T22:46:02+00:00\",\"dateModified\":\"2026-04-30T05:45:36+00:00\",\"description\":\"Lo que es un problema de vivienda amenaza con convertirse ahora en un problema de tribunales, de inseguridad jur\u00eddica y de da\u00f1os colaterales\",\"breadcrumb\":{\"@id\":\"https:\\\/\\\/www.aquimicasa.net\\\/blog\\\/opinion\\\/la-tragicomedia-del-congreso-abre-un-terreno-juridico-desconocido\\\/#breadcrumb\"},\"inLanguage\":\"es\",\"potentialAction\":[{\"@type\":\"ReadAction\",\"target\":[\"https:\\\/\\\/www.aquimicasa.net\\\/blog\\\/opinion\\\/la-tragicomedia-del-congreso-abre-un-terreno-juridico-desconocido\\\/\"]}]},{\"@type\":\"ImageObject\",\"inLanguage\":\"es\",\"@id\":\"https:\\\/\\\/www.aquimicasa.net\\\/blog\\\/opinion\\\/la-tragicomedia-del-congreso-abre-un-terreno-juridico-desconocido\\\/#primaryimage\",\"url\":\"https:\\\/\\\/www.aquimicasa.net\\\/blog\\\/wp-content\\\/uploads\\\/prorroga-de-alquiler-e1777502522580.png\",\"contentUrl\":\"https:\\\/\\\/www.aquimicasa.net\\\/blog\\\/wp-content\\\/uploads\\\/prorroga-de-alquiler-e1777502522580.png\",\"width\":600,\"height\":400,\"caption\":\"El rechazo a la pr\u00f3rroga del alquiler va a dejar a\u00f1os en los tribunales\"},{\"@type\":\"BreadcrumbList\",\"@id\":\"https:\\\/\\\/www.aquimicasa.net\\\/blog\\\/opinion\\\/la-tragicomedia-del-congreso-abre-un-terreno-juridico-desconocido\\\/#breadcrumb\",\"itemListElement\":[{\"@type\":\"ListItem\",\"position\":1,\"name\":\"Portada\",\"item\":\"https:\\\/\\\/www.aquimicasa.net\\\/blog\\\/\"},{\"@type\":\"ListItem\",\"position\":2,\"name\":\"La tragicomedia del Congreso abre un terreno jur\u00eddico desconocido\"}]},{\"@type\":\"WebSite\",\"@id\":\"https:\\\/\\\/www.aquimicasa.net\\\/blog\\\/#website\",\"url\":\"https:\\\/\\\/www.aquimicasa.net\\\/blog\\\/\",\"name\":\"Blog de aquimicasa.net\",\"description\":\"Noticias del Mundo Inmobiliario\",\"publisher\":{\"@id\":\"https:\\\/\\\/www.aquimicasa.net\\\/blog\\\/#organization\"},\"potentialAction\":[{\"@type\":\"SearchAction\",\"target\":{\"@type\":\"EntryPoint\",\"urlTemplate\":\"https:\\\/\\\/www.aquimicasa.net\\\/blog\\\/?s={search_term_string}\"},\"query-input\":{\"@type\":\"PropertyValueSpecification\",\"valueRequired\":true,\"valueName\":\"search_term_string\"}}],\"inLanguage\":\"es\"},{\"@type\":\"Organization\",\"@id\":\"https:\\\/\\\/www.aquimicasa.net\\\/blog\\\/#organization\",\"name\":\"Blog de aquimicasa.net\",\"url\":\"https:\\\/\\\/www.aquimicasa.net\\\/blog\\\/\",\"logo\":{\"@type\":\"ImageObject\",\"inLanguage\":\"es\",\"@id\":\"https:\\\/\\\/www.aquimicasa.net\\\/blog\\\/#\\\/schema\\\/logo\\\/image\\\/\",\"url\":\"https:\\\/\\\/www.aquimicasa.net\\\/blog\\\/wp-content\\\/uploads\\\/Logo-aquimicasa-1-e1528048213782.png\",\"contentUrl\":\"https:\\\/\\\/www.aquimicasa.net\\\/blog\\\/wp-content\\\/uploads\\\/Logo-aquimicasa-1-e1528048213782.png\",\"width\":225,\"height\":225,\"caption\":\"Blog de aquimicasa.net\"},\"image\":{\"@id\":\"https:\\\/\\\/www.aquimicasa.net\\\/blog\\\/#\\\/schema\\\/logo\\\/image\\\/\"},\"sameAs\":[\"https:\\\/\\\/www.facebook.com\\\/aquimicasa.net\",\"https:\\\/\\\/www.instagram.com\\\/\",\"https:\\\/\\\/x.com\\\/EduLizarragaD\",\"https:\\\/\\\/www.linkedin.com\\\/feed\\\/\"]},{\"@type\":\"Person\",\"@id\":\"https:\\\/\\\/www.aquimicasa.net\\\/blog\\\/#\\\/schema\\\/person\\\/2cdfa2605534583395c8d7ce1d6cac14\",\"name\":\"Eduardo Lizarraga\",\"image\":{\"@type\":\"ImageObject\",\"inLanguage\":\"es\",\"@id\":\"https:\\\/\\\/secure.gravatar.com\\\/avatar\\\/bdabe1eeeed97b65a9cb7de2edd624b07995f7e13abc5fead15961f745f908cc?s=96&d=mm&r=g\",\"url\":\"https:\\\/\\\/secure.gravatar.com\\\/avatar\\\/bdabe1eeeed97b65a9cb7de2edd624b07995f7e13abc5fead15961f745f908cc?s=96&d=mm&r=g\",\"contentUrl\":\"https:\\\/\\\/secure.gravatar.com\\\/avatar\\\/bdabe1eeeed97b65a9cb7de2edd624b07995f7e13abc5fead15961f745f908cc?s=96&d=mm&r=g\",\"caption\":\"Eduardo Lizarraga\"},\"description\":\"Periodista Econ\u00f3mico. Ha trabajado en diversos campos de la informaci\u00f3n. Corresponsal en conflictos, analista pol\u00edtico en Congreso y Senado, periodista del medio ambiente, editor, director editorial, director de comunicaci\u00f3n.... En estos momentos se ha especializado en el sector inmobiliario. Pero tambi\u00e9n es navegante y viajero, preocupado por la pobreza, el medio ambiente y por las actuaciones descontroladas del neoliberalismo empresarial y pol\u00edtico en todo el mundo. Los desahucios, la pobreza infantil y la falta de acceso a los suministros b\u00e1sicos son algunos de los grandes dramas de nuestra sociedad y que es preciso solucionar para hacerla m\u00e1s justa. CEO en www.aquimicasa.net\",\"sameAs\":[\"https:\\\/\\\/www.aquimicasa.net\\\/\"],\"url\":\"https:\\\/\\\/www.aquimicasa.net\\\/blog\\\/author\\\/eduardo\\\/\"}]}<\/script>\n<!-- \/ Yoast SEO plugin. -->","yoast_head_json":{"title":"La tragicomedia del Congreso abre un terreno jur\u00eddico desconocido","description":"Lo que es un problema de vivienda amenaza con convertirse ahora en un problema de tribunales, de inseguridad jur\u00eddica y de da\u00f1os colaterales","robots":{"index":"index","follow":"follow","max-snippet":"max-snippet:-1","max-image-preview":"max-image-preview:large","max-video-preview":"max-video-preview:-1"},"canonical":"https:\/\/www.aquimicasa.net\/blog\/opinion\/la-tragicomedia-del-congreso-abre-un-terreno-juridico-desconocido\/","og_locale":"es_ES","og_type":"article","og_title":"La tragicomedia del Congreso abre un terreno jur\u00eddico desconocido","og_description":"Lo que es un problema de vivienda amenaza con convertirse ahora en un problema de tribunales, de inseguridad jur\u00eddica y de da\u00f1os colaterales","og_url":"https:\/\/www.aquimicasa.net\/blog\/opinion\/la-tragicomedia-del-congreso-abre-un-terreno-juridico-desconocido\/","og_site_name":"Blog de aquimicasa.net","article_publisher":"https:\/\/www.facebook.com\/aquimicasa.net","article_published_time":"2026-04-29T22:46:02+00:00","article_modified_time":"2026-04-30T05:45:36+00:00","og_image":[{"width":600,"height":400,"url":"https:\/\/www.aquimicasa.net\/blog\/wp-content\/uploads\/prorroga-de-alquiler-e1777502522580.png","type":"image\/png"}],"author":"Eduardo Lizarraga","twitter_misc":{"Escrito por":"Eduardo Lizarraga","Tiempo de lectura":"13 minutos"},"schema":{"@context":"https:\/\/schema.org","@graph":[{"@type":"Article","@id":"https:\/\/www.aquimicasa.net\/blog\/opinion\/la-tragicomedia-del-congreso-abre-un-terreno-juridico-desconocido\/#article","isPartOf":{"@id":"https:\/\/www.aquimicasa.net\/blog\/opinion\/la-tragicomedia-del-congreso-abre-un-terreno-juridico-desconocido\/"},"author":{"name":"Eduardo Lizarraga","@id":"https:\/\/www.aquimicasa.net\/blog\/#\/schema\/person\/2cdfa2605534583395c8d7ce1d6cac14"},"headline":"La tragicomedia del Congreso abre un terreno jur\u00eddico desconocido","datePublished":"2026-04-29T22:46:02+00:00","dateModified":"2026-04-30T05:45:36+00:00","mainEntityOfPage":{"@id":"https:\/\/www.aquimicasa.net\/blog\/opinion\/la-tragicomedia-del-congreso-abre-un-terreno-juridico-desconocido\/"},"wordCount":2921,"publisher":{"@id":"https:\/\/www.aquimicasa.net\/blog\/#organization"},"image":{"@id":"https:\/\/www.aquimicasa.net\/blog\/opinion\/la-tragicomedia-del-congreso-abre-un-terreno-juridico-desconocido\/#primaryimage"},"thumbnailUrl":"https:\/\/www.aquimicasa.net\/blog\/wp-content\/uploads\/prorroga-de-alquiler-e1777502522580.png","keywords":["art\u00edculo de opini\u00f3n","Eduardo Lizarraga","newsletter 563"],"articleSection":["Opini\u00f3n"],"inLanguage":"es"},{"@type":"WebPage","@id":"https:\/\/www.aquimicasa.net\/blog\/opinion\/la-tragicomedia-del-congreso-abre-un-terreno-juridico-desconocido\/","url":"https:\/\/www.aquimicasa.net\/blog\/opinion\/la-tragicomedia-del-congreso-abre-un-terreno-juridico-desconocido\/","name":"La tragicomedia del Congreso abre un terreno jur\u00eddico desconocido","isPartOf":{"@id":"https:\/\/www.aquimicasa.net\/blog\/#website"},"primaryImageOfPage":{"@id":"https:\/\/www.aquimicasa.net\/blog\/opinion\/la-tragicomedia-del-congreso-abre-un-terreno-juridico-desconocido\/#primaryimage"},"image":{"@id":"https:\/\/www.aquimicasa.net\/blog\/opinion\/la-tragicomedia-del-congreso-abre-un-terreno-juridico-desconocido\/#primaryimage"},"thumbnailUrl":"https:\/\/www.aquimicasa.net\/blog\/wp-content\/uploads\/prorroga-de-alquiler-e1777502522580.png","datePublished":"2026-04-29T22:46:02+00:00","dateModified":"2026-04-30T05:45:36+00:00","description":"Lo que es un problema de vivienda amenaza con convertirse ahora en un problema de tribunales, de inseguridad jur\u00eddica y de da\u00f1os colaterales","breadcrumb":{"@id":"https:\/\/www.aquimicasa.net\/blog\/opinion\/la-tragicomedia-del-congreso-abre-un-terreno-juridico-desconocido\/#breadcrumb"},"inLanguage":"es","potentialAction":[{"@type":"ReadAction","target":["https:\/\/www.aquimicasa.net\/blog\/opinion\/la-tragicomedia-del-congreso-abre-un-terreno-juridico-desconocido\/"]}]},{"@type":"ImageObject","inLanguage":"es","@id":"https:\/\/www.aquimicasa.net\/blog\/opinion\/la-tragicomedia-del-congreso-abre-un-terreno-juridico-desconocido\/#primaryimage","url":"https:\/\/www.aquimicasa.net\/blog\/wp-content\/uploads\/prorroga-de-alquiler-e1777502522580.png","contentUrl":"https:\/\/www.aquimicasa.net\/blog\/wp-content\/uploads\/prorroga-de-alquiler-e1777502522580.png","width":600,"height":400,"caption":"El rechazo a la pr\u00f3rroga del alquiler va a dejar a\u00f1os en los tribunales"},{"@type":"BreadcrumbList","@id":"https:\/\/www.aquimicasa.net\/blog\/opinion\/la-tragicomedia-del-congreso-abre-un-terreno-juridico-desconocido\/#breadcrumb","itemListElement":[{"@type":"ListItem","position":1,"name":"Portada","item":"https:\/\/www.aquimicasa.net\/blog\/"},{"@type":"ListItem","position":2,"name":"La tragicomedia del Congreso abre un terreno jur\u00eddico desconocido"}]},{"@type":"WebSite","@id":"https:\/\/www.aquimicasa.net\/blog\/#website","url":"https:\/\/www.aquimicasa.net\/blog\/","name":"Blog de aquimicasa.net","description":"Noticias del Mundo Inmobiliario","publisher":{"@id":"https:\/\/www.aquimicasa.net\/blog\/#organization"},"potentialAction":[{"@type":"SearchAction","target":{"@type":"EntryPoint","urlTemplate":"https:\/\/www.aquimicasa.net\/blog\/?s={search_term_string}"},"query-input":{"@type":"PropertyValueSpecification","valueRequired":true,"valueName":"search_term_string"}}],"inLanguage":"es"},{"@type":"Organization","@id":"https:\/\/www.aquimicasa.net\/blog\/#organization","name":"Blog de aquimicasa.net","url":"https:\/\/www.aquimicasa.net\/blog\/","logo":{"@type":"ImageObject","inLanguage":"es","@id":"https:\/\/www.aquimicasa.net\/blog\/#\/schema\/logo\/image\/","url":"https:\/\/www.aquimicasa.net\/blog\/wp-content\/uploads\/Logo-aquimicasa-1-e1528048213782.png","contentUrl":"https:\/\/www.aquimicasa.net\/blog\/wp-content\/uploads\/Logo-aquimicasa-1-e1528048213782.png","width":225,"height":225,"caption":"Blog de aquimicasa.net"},"image":{"@id":"https:\/\/www.aquimicasa.net\/blog\/#\/schema\/logo\/image\/"},"sameAs":["https:\/\/www.facebook.com\/aquimicasa.net","https:\/\/www.instagram.com\/","https:\/\/x.com\/EduLizarragaD","https:\/\/www.linkedin.com\/feed\/"]},{"@type":"Person","@id":"https:\/\/www.aquimicasa.net\/blog\/#\/schema\/person\/2cdfa2605534583395c8d7ce1d6cac14","name":"Eduardo Lizarraga","image":{"@type":"ImageObject","inLanguage":"es","@id":"https:\/\/secure.gravatar.com\/avatar\/bdabe1eeeed97b65a9cb7de2edd624b07995f7e13abc5fead15961f745f908cc?s=96&d=mm&r=g","url":"https:\/\/secure.gravatar.com\/avatar\/bdabe1eeeed97b65a9cb7de2edd624b07995f7e13abc5fead15961f745f908cc?s=96&d=mm&r=g","contentUrl":"https:\/\/secure.gravatar.com\/avatar\/bdabe1eeeed97b65a9cb7de2edd624b07995f7e13abc5fead15961f745f908cc?s=96&d=mm&r=g","caption":"Eduardo Lizarraga"},"description":"Periodista Econ\u00f3mico. Ha trabajado en diversos campos de la informaci\u00f3n. Corresponsal en conflictos, analista pol\u00edtico en Congreso y Senado, periodista del medio ambiente, editor, director editorial, director de comunicaci\u00f3n.... En estos momentos se ha especializado en el sector inmobiliario. Pero tambi\u00e9n es navegante y viajero, preocupado por la pobreza, el medio ambiente y por las actuaciones descontroladas del neoliberalismo empresarial y pol\u00edtico en todo el mundo. Los desahucios, la pobreza infantil y la falta de acceso a los suministros b\u00e1sicos son algunos de los grandes dramas de nuestra sociedad y que es preciso solucionar para hacerla m\u00e1s justa. CEO en www.aquimicasa.net","sameAs":["https:\/\/www.aquimicasa.net\/"],"url":"https:\/\/www.aquimicasa.net\/blog\/author\/eduardo\/"}]}},"jetpack_publicize_connections":[],"jetpack_featured_media_url":"https:\/\/www.aquimicasa.net\/blog\/wp-content\/uploads\/prorroga-de-alquiler-e1777502522580.png","jetpack_sharing_enabled":true,"jetpack_likes_enabled":true,"_links":{"self":[{"href":"https:\/\/www.aquimicasa.net\/blog\/wp-json\/wp\/v2\/posts\/56112","targetHints":{"allow":["GET"]}}],"collection":[{"href":"https:\/\/www.aquimicasa.net\/blog\/wp-json\/wp\/v2\/posts"}],"about":[{"href":"https:\/\/www.aquimicasa.net\/blog\/wp-json\/wp\/v2\/types\/post"}],"author":[{"embeddable":true,"href":"https:\/\/www.aquimicasa.net\/blog\/wp-json\/wp\/v2\/users\/3"}],"replies":[{"embeddable":true,"href":"https:\/\/www.aquimicasa.net\/blog\/wp-json\/wp\/v2\/comments?post=56112"}],"version-history":[{"count":9,"href":"https:\/\/www.aquimicasa.net\/blog\/wp-json\/wp\/v2\/posts\/56112\/revisions"}],"predecessor-version":[{"id":56122,"href":"https:\/\/www.aquimicasa.net\/blog\/wp-json\/wp\/v2\/posts\/56112\/revisions\/56122"}],"wp:featuredmedia":[{"embeddable":true,"href":"https:\/\/www.aquimicasa.net\/blog\/wp-json\/wp\/v2\/media\/56114"}],"wp:attachment":[{"href":"https:\/\/www.aquimicasa.net\/blog\/wp-json\/wp\/v2\/media?parent=56112"}],"wp:term":[{"taxonomy":"category","embeddable":true,"href":"https:\/\/www.aquimicasa.net\/blog\/wp-json\/wp\/v2\/categories?post=56112"},{"taxonomy":"post_tag","embeddable":true,"href":"https:\/\/www.aquimicasa.net\/blog\/wp-json\/wp\/v2\/tags?post=56112"}],"curies":[{"name":"wp","href":"https:\/\/api.w.org\/{rel}","templated":true}]}}