{"id":56123,"date":"2026-05-01T22:09:04","date_gmt":"2026-05-01T20:09:04","guid":{"rendered":"https:\/\/www.aquimicasa.net\/blog\/?p=56123"},"modified":"2026-05-01T22:09:04","modified_gmt":"2026-05-01T20:09:04","slug":"la-actividad-tasadora-en-espana-crecio-un-106-en-2025","status":"publish","type":"post","link":"https:\/\/www.aquimicasa.net\/blog\/vivienda\/compraventa-de-viviendas\/la-actividad-tasadora-en-espana-crecio-un-106-en-2025\/","title":{"rendered":"La actividad tasadora en Espa\u00f1a creci\u00f3 un 10,6% en 2025"},"content":{"rendered":"<p class=\"font-claude-response-body break-words whitespace-normal leading-[1.7]\">La actividad tasadora en Espa\u00f1a cerr\u00f3 2025 con registros hist\u00f3ricos. Seg\u00fan los datos de la Asociaci\u00f3n Espa\u00f1ola de An\u00e1lisis de Valor (AEV), el volumen total de tasaciones alcanz\u00f3 los <strong>450.000 millones de euros<\/strong>, lo que supone un incremento interanual del <strong>10,6%<\/strong> respecto al ejercicio anterior. Se trata del nivel m\u00e1s alto registrado desde que existe esta estad\u00edstica. El n\u00famero de valoraciones se mantuvo pr\u00e1cticamente estable, con <strong>1.040.000 tasaciones<\/strong> realizadas a lo largo del a\u00f1o, aunque con un ligero descenso del 1,43% frente a 2024. Este comportamiento refleja un mercado que crece en valor pero no necesariamente en volumen de operaciones, consolidando una tendencia de mayor peso econ\u00f3mico por cada tasaci\u00f3n realizada.<\/p>\n<p class=\"font-claude-response-body break-words whitespace-normal leading-[1.7]\">El contexto que explica estos resultados es el del propio mercado inmobiliario espa\u00f1ol durante 2025: un a\u00f1o de intensa actividad tanto en compraventas como en la firma de nuevas hipotecas, con una demanda sostenida y precios al alza en las principales \u00e1reas urbanas. La tasaci\u00f3n, en tanto que herramienta esencial para la concesi\u00f3n de cr\u00e9dito hipotecario, recoge de forma directa ese dinamismo y act\u00faa como term\u00f3metro fiable del estado del sector.<\/p>\n<h2 class=\"font-claude-response-body break-words whitespace-normal leading-[1.7]\"><strong>El segmento hipotecario alcanza cifras r\u00e9cord y ya representa el 66% del total<\/strong><\/h2>\n<p class=\"font-claude-response-body break-words whitespace-normal leading-[1.7]\">El motor principal del crecimiento durante 2025 fue, con diferencia, la actividad tasadora vinculada al cr\u00e9dito hipotecario. En total se realizaron cerca de <strong>690.000 tasaciones con finalidad hipotecaria<\/strong>, lo que representa un aumento del <strong>8,18%<\/strong> respecto al a\u00f1o anterior y constituye el <strong>m\u00e1ximo hist\u00f3rico de la serie<\/strong>. En t\u00e9rminos econ\u00f3micos, el volumen asociado super\u00f3 por primera vez los <strong>300.000 millones de euros<\/strong>, con un crecimiento interanual del <strong>15,58%<\/strong>. Como resultado, el segmento hipotecario concentra ya el <strong>66% de toda la actividad tasadora<\/strong>, tambi\u00e9n en niveles m\u00e1ximos.<\/p>\n<p class=\"font-claude-response-body break-words whitespace-normal leading-[1.7]\">En el lado opuesto, las tasaciones con finalidades contables continuaron la tendencia descendente iniciada en 2023, situ\u00e1ndose en torno a las 274.000 valoraciones, en l\u00ednea con los niveles de 2018. La brecha entre ambos segmentos se ampl\u00eda, y el protagonismo de la hipoteca como palanca de la tasaci\u00f3n es ya indiscutible.<\/p>\n<h2 class=\"font-claude-response-body break-words whitespace-normal leading-[1.7]\"><strong>El valor medio de la vivienda se dispara m\u00e1s de un 13% y supera los 268.000 euros<\/strong><\/h2>\n<p class=\"font-claude-response-body break-words whitespace-normal leading-[1.7]\">El segmento residencial volvi\u00f3 a situarse como el principal impulsor de la actividad tasadora. En 2025 se superaron por primera vez las <strong>700.000 tasaciones de vivienda<\/strong>, con un incremento interanual del 4,25%. Dentro de este segmento, las tasaciones hipotecarias de vivienda crecieron un <strong>10,17%<\/strong>, superando tambi\u00e9n por primera vez las 500.000 valoraciones. El importe total tasado en vivienda roz\u00f3 los <strong>190.000 millones de euros<\/strong>, de los cuales aproximadamente 140.000 millones correspondieron a tasaciones hipotecarias, con incrementos interanuales del <strong>18% y el 23%<\/strong>, respectivamente.<\/p>\n<p class=\"font-claude-response-body break-words whitespace-normal leading-[1.7]\">El dato que mejor resume la presi\u00f3n del mercado es el del valor medio: el <strong>importe medio por tasaci\u00f3n de vivienda alcanz\u00f3 los 268.000 euros en 2025<\/strong>, con un incremento del <strong>13,37%<\/strong>, el nivel m\u00e1s alto desde que la AEV dispone de registros. En el caso de las tasaciones con finalidad hipotecaria, la media ascendi\u00f3 a <strong>277.000 euros por vivienda<\/strong>, con un crecimiento del 12% respecto al ejercicio anterior. Estas cifras reflejan tanto la din\u00e1mica alcista del mercado como posibles cambios en la tipolog\u00eda y caracter\u00edsticas de los inmuebles valorados, con mayor presencia de viviendas de mayor superficie o ubicadas en zonas de alta demanda.<\/p>\n<h2 class=\"font-claude-response-body break-words whitespace-normal leading-[1.7]\"><strong>La actividad promotora muestra se\u00f1ales de reactivaci\u00f3n, con un aumento cercano al 40% en tasaciones de obra nueva<\/strong><\/h2>\n<p class=\"font-claude-response-body break-words whitespace-normal leading-[1.7]\">Uno de los datos m\u00e1s llamativos del informe es el comportamiento de las tasaciones vinculadas a promociones de obra nueva, que crecieron cerca de un <strong>40%<\/strong> respecto al a\u00f1o anterior, hasta alcanzar las <strong>13.300 valoraciones<\/strong>. Estas cifras constituyen el m\u00e1ximo hist\u00f3rico de la serie, si bien hay que tener en cuenta que esta arranca en 2014, en un contexto de baj\u00edsima actividad promotora tras la crisis financiera. De las 13.300 tasaciones, 12.900 correspondieron a finalidad hipotecaria.<\/p>\n<p class=\"font-claude-response-body break-words whitespace-normal leading-[1.7]\">Sin embargo, el importe medio por tasaci\u00f3n en este segmento descendi\u00f3 un <strong>15%<\/strong>, situ\u00e1ndose en torno a <strong>1,48 millones de euros<\/strong>, lo que apuntar\u00eda a una mayor presencia de promociones de tama\u00f1o medio o peque\u00f1o. Un mercado en expansi\u00f3n, s\u00ed, pero todav\u00eda prudente en escala. La rehabilitaci\u00f3n, por su parte, se mantuvo estable, con importes medios en torno a los <strong>6,2 millones de euros<\/strong> por actuaci\u00f3n, en niveles similares a los registrados tras la pandemia.<\/p>\n<h2 class=\"font-claude-response-body break-words whitespace-normal leading-[1.7]\"><strong>Madrid y Pa\u00eds Vasco registran crecimiento, en contraste con los descensos del interior peninsular<\/strong><\/h2>\n<p class=\"font-claude-response-body break-words whitespace-normal leading-[1.7]\">La evoluci\u00f3n territorial de la actividad tasadora en 2025 muestra una tendencia inequ\u00edvoca hacia la concentraci\u00f3n en los principales n\u00facleos urbanos. <strong>Madrid y el Pa\u00eds Vasco destacaron como las \u00fanicas comunidades con un claro crecimiento<\/strong>, en torno al <strong>2,5%<\/strong>, mientras que el interior peninsular registr\u00f3 descensos significativos de entre el <strong>6% y el 8%<\/strong> en comunidades como Arag\u00f3n, Castilla-La Mancha, Castilla y Le\u00f3n, La Rioja y Murcia. El resto del arco mediterr\u00e1neo y Andaluc\u00eda mantuvieron niveles de actividad similares a los de 2024.<\/p>\n<p class=\"font-claude-response-body break-words whitespace-normal leading-[1.7]\">El an\u00e1lisis por tama\u00f1o de municipio resulta igualmente revelador: los de mayor tama\u00f1o incrementaron su actividad hasta un <strong>10%<\/strong>, mientras que los de menos de 100.000 habitantes registraron una ca\u00edda del <strong>7%<\/strong>. Esta divergencia evidencia una creciente concentraci\u00f3n del mercado en las zonas con mayor dinamismo econ\u00f3mico y mayor tensi\u00f3n residencial. En t\u00e9rminos de importe medio de la vivienda, el crecimiento fue generalizado, con especial intensidad en los archipi\u00e9lagos, la zona mediterr\u00e1nea y Madrid y la Comunidad Valenciana, estos dos \u00faltimos con incrementos en torno al <strong>17%<\/strong>.<\/p>\n<p class=\"font-claude-response-body break-words whitespace-normal leading-[1.7]\">Las sociedades de tasaci\u00f3n integradas en la AEV reflejaron tambi\u00e9n esta evoluci\u00f3n positiva, con una <strong>facturaci\u00f3n conjunta de 318,3 millones de euros<\/strong>, un <strong>7,9% m\u00e1s<\/strong> que en 2024, recogiendo exclusivamente la actividad desarrollada en Espa\u00f1a dentro del \u00e1mbito regulado.<\/p>\n<h2 class=\"font-claude-response-body break-words whitespace-normal leading-[1.7]\"><strong>Las previsiones en la actividad tasadora para este a\u00f1o<\/strong><\/h2>\n<p class=\"font-claude-response-body break-words whitespace-normal leading-[1.7]\">El secretario general de la AEV, <strong>Jorge Dol\u00e7<\/strong>, resumi\u00f3 el ejercicio destacando el \u00abfuerte dinamismo de la tasaci\u00f3n hipotecaria residencial\u00bb como principal motor del sector, junto a las primeras se\u00f1ales de recuperaci\u00f3n en la actividad promotora y la creciente concentraci\u00f3n del mercado en \u00e1reas urbanas. Dol\u00e7 subray\u00f3 tambi\u00e9n el papel estructural del sistema tasador en la estabilidad del sistema financiero, defendiendo un modelo basado en sociedades con solvencia t\u00e9cnica y tasadores con profundo conocimiento del territorio.<\/p>\n<p class=\"font-claude-response-body break-words whitespace-normal leading-[1.7]\">De cara a 2026, el sector afronta el ejercicio desde una posici\u00f3n de fortaleza, aunque con interrogantes de fondo: la evoluci\u00f3n de los tipos de inter\u00e9s, la capacidad de la obra nueva para responder a la demanda y la posible moderaci\u00f3n en el ritmo de subida de precios en los mercados m\u00e1s tensionados ser\u00e1n factores determinantes. Si la din\u00e1mica hipotecaria se mantiene y la promoci\u00f3n contin\u00faa su recuperaci\u00f3n, el sector tasador tiene margen para sostener o incluso superar los registros de 2025. Lo que parece claro es que el mapa de la actividad se seguir\u00e1 dibujando desde las grandes ciudades hacia afuera, con el interior peninsular en una posici\u00f3n cada vez m\u00e1s perif\u00e9rica dentro del mercado inmobiliario nacional.<\/p>\n","protected":false},"excerpt":{"rendered":"<p>La evoluci\u00f3n territorial de la actividad tasadora en 2025 muestra una tendencia inequ\u00edvoca hacia la concentraci\u00f3n en los principales n\u00facleos urbanos. Madrid y el Pa\u00eds Vasco destacaron como las \u00fanicas comunidades con un claro crecimiento, en torno al 2,5%, mientras que el interior peninsular registr\u00f3 descensos significativos de entre el 6% y el 8% en comunidades como Arag\u00f3n, Castilla-La Mancha, Castilla y Le\u00f3n, La Rioja y Murcia.<\/p>\n","protected":false},"author":3,"featured_media":49991,"comment_status":"closed","ping_status":"closed","sticky":false,"template":"","format":"standard","meta":{"_jetpack_memberships_contains_paid_content":false,"footnotes":"","jetpack_publicize_message":"","jetpack_publicize_feature_enabled":true,"jetpack_social_post_already_shared":true,"jetpack_social_options":{"image_generator_settings":{"template":"highway","default_image_id":0,"font":"","enabled":false},"version":2}},"categories":[100],"tags":[8294],"class_list":["post-56123","post","type-post","status-publish","format-standard","has-post-thumbnail","hentry","category-compraventa-de-viviendas","tag-newsletter-564"],"yoast_head":"<!-- This site is optimized with the Yoast SEO plugin v27.5 - https:\/\/yoast.com\/product\/yoast-seo-wordpress\/ -->\n<title>La actividad tasadora en Espa\u00f1a creci\u00f3 un 10,6% en 2025<\/title>\n<meta name=\"description\" content=\"El volumen total de tasaciones alcanz\u00f3 los 450.000 millones de euros, un incremento interanual del 10,6% respecto al ejercicio anterior.\" \/>\n<meta name=\"robots\" content=\"index, follow, max-snippet:-1, max-image-preview:large, max-video-preview:-1\" \/>\n<link rel=\"canonical\" href=\"https:\/\/www.aquimicasa.net\/blog\/vivienda\/compraventa-de-viviendas\/la-actividad-tasadora-en-espana-crecio-un-106-en-2025\/\" \/>\n<meta property=\"og:locale\" content=\"es_ES\" \/>\n<meta property=\"og:type\" content=\"article\" \/>\n<meta property=\"og:title\" content=\"La actividad tasadora en Espa\u00f1a creci\u00f3 un 10,6% en 2025\" \/>\n<meta property=\"og:description\" content=\"El volumen total de tasaciones alcanz\u00f3 los 450.000 millones de euros, un incremento interanual del 10,6% respecto al ejercicio anterior.\" \/>\n<meta property=\"og:url\" content=\"https:\/\/www.aquimicasa.net\/blog\/vivienda\/compraventa-de-viviendas\/la-actividad-tasadora-en-espana-crecio-un-106-en-2025\/\" \/>\n<meta property=\"og:site_name\" content=\"Blog de aquimicasa.net\" \/>\n<meta property=\"article:publisher\" content=\"https:\/\/www.facebook.com\/aquimicasa.net\" \/>\n<meta property=\"article:published_time\" content=\"2026-05-01T20:09:04+00:00\" \/>\n<meta property=\"og:image\" content=\"https:\/\/www.aquimicasa.net\/blog\/wp-content\/uploads\/valoracion4-e1740243462724.jpg\" \/>\n\t<meta property=\"og:image:width\" content=\"600\" \/>\n\t<meta property=\"og:image:height\" content=\"375\" \/>\n\t<meta property=\"og:image:type\" content=\"image\/jpeg\" \/>\n<meta name=\"author\" content=\"Eduardo Lizarraga\" \/>\n<meta name=\"twitter:label1\" content=\"Escrito por\" \/>\n\t<meta name=\"twitter:data1\" content=\"Eduardo Lizarraga\" \/>\n\t<meta name=\"twitter:label2\" content=\"Tiempo de lectura\" \/>\n\t<meta name=\"twitter:data2\" content=\"6 minutos\" \/>\n<script type=\"application\/ld+json\" class=\"yoast-schema-graph\">{\"@context\":\"https:\\\/\\\/schema.org\",\"@graph\":[{\"@type\":\"Article\",\"@id\":\"https:\\\/\\\/www.aquimicasa.net\\\/blog\\\/vivienda\\\/compraventa-de-viviendas\\\/la-actividad-tasadora-en-espana-crecio-un-106-en-2025\\\/#article\",\"isPartOf\":{\"@id\":\"https:\\\/\\\/www.aquimicasa.net\\\/blog\\\/vivienda\\\/compraventa-de-viviendas\\\/la-actividad-tasadora-en-espana-crecio-un-106-en-2025\\\/\"},\"author\":{\"name\":\"Eduardo Lizarraga\",\"@id\":\"https:\\\/\\\/www.aquimicasa.net\\\/blog\\\/#\\\/schema\\\/person\\\/2cdfa2605534583395c8d7ce1d6cac14\"},\"headline\":\"La actividad tasadora en Espa\u00f1a creci\u00f3 un 10,6% en 2025\",\"datePublished\":\"2026-05-01T20:09:04+00:00\",\"mainEntityOfPage\":{\"@id\":\"https:\\\/\\\/www.aquimicasa.net\\\/blog\\\/vivienda\\\/compraventa-de-viviendas\\\/la-actividad-tasadora-en-espana-crecio-un-106-en-2025\\\/\"},\"wordCount\":1188,\"publisher\":{\"@id\":\"https:\\\/\\\/www.aquimicasa.net\\\/blog\\\/#organization\"},\"image\":{\"@id\":\"https:\\\/\\\/www.aquimicasa.net\\\/blog\\\/vivienda\\\/compraventa-de-viviendas\\\/la-actividad-tasadora-en-espana-crecio-un-106-en-2025\\\/#primaryimage\"},\"thumbnailUrl\":\"https:\\\/\\\/www.aquimicasa.net\\\/blog\\\/wp-content\\\/uploads\\\/valoracion4-e1740243462724.jpg\",\"keywords\":[\"newsletter 564\"],\"articleSection\":[\"Compra Venta\"],\"inLanguage\":\"es\"},{\"@type\":\"WebPage\",\"@id\":\"https:\\\/\\\/www.aquimicasa.net\\\/blog\\\/vivienda\\\/compraventa-de-viviendas\\\/la-actividad-tasadora-en-espana-crecio-un-106-en-2025\\\/\",\"url\":\"https:\\\/\\\/www.aquimicasa.net\\\/blog\\\/vivienda\\\/compraventa-de-viviendas\\\/la-actividad-tasadora-en-espana-crecio-un-106-en-2025\\\/\",\"name\":\"La actividad tasadora en Espa\u00f1a creci\u00f3 un 10,6% en 2025\",\"isPartOf\":{\"@id\":\"https:\\\/\\\/www.aquimicasa.net\\\/blog\\\/#website\"},\"primaryImageOfPage\":{\"@id\":\"https:\\\/\\\/www.aquimicasa.net\\\/blog\\\/vivienda\\\/compraventa-de-viviendas\\\/la-actividad-tasadora-en-espana-crecio-un-106-en-2025\\\/#primaryimage\"},\"image\":{\"@id\":\"https:\\\/\\\/www.aquimicasa.net\\\/blog\\\/vivienda\\\/compraventa-de-viviendas\\\/la-actividad-tasadora-en-espana-crecio-un-106-en-2025\\\/#primaryimage\"},\"thumbnailUrl\":\"https:\\\/\\\/www.aquimicasa.net\\\/blog\\\/wp-content\\\/uploads\\\/valoracion4-e1740243462724.jpg\",\"datePublished\":\"2026-05-01T20:09:04+00:00\",\"description\":\"El volumen total de tasaciones alcanz\u00f3 los 450.000 millones de euros, un incremento interanual del 10,6% respecto al ejercicio anterior.\",\"breadcrumb\":{\"@id\":\"https:\\\/\\\/www.aquimicasa.net\\\/blog\\\/vivienda\\\/compraventa-de-viviendas\\\/la-actividad-tasadora-en-espana-crecio-un-106-en-2025\\\/#breadcrumb\"},\"inLanguage\":\"es\",\"potentialAction\":[{\"@type\":\"ReadAction\",\"target\":[\"https:\\\/\\\/www.aquimicasa.net\\\/blog\\\/vivienda\\\/compraventa-de-viviendas\\\/la-actividad-tasadora-en-espana-crecio-un-106-en-2025\\\/\"]}]},{\"@type\":\"ImageObject\",\"inLanguage\":\"es\",\"@id\":\"https:\\\/\\\/www.aquimicasa.net\\\/blog\\\/vivienda\\\/compraventa-de-viviendas\\\/la-actividad-tasadora-en-espana-crecio-un-106-en-2025\\\/#primaryimage\",\"url\":\"https:\\\/\\\/www.aquimicasa.net\\\/blog\\\/wp-content\\\/uploads\\\/valoracion4-e1740243462724.jpg\",\"contentUrl\":\"https:\\\/\\\/www.aquimicasa.net\\\/blog\\\/wp-content\\\/uploads\\\/valoracion4-e1740243462724.jpg\",\"width\":600,\"height\":375,\"caption\":\"Un buen 2025 para la valoraci\u00f3n\"},{\"@type\":\"BreadcrumbList\",\"@id\":\"https:\\\/\\\/www.aquimicasa.net\\\/blog\\\/vivienda\\\/compraventa-de-viviendas\\\/la-actividad-tasadora-en-espana-crecio-un-106-en-2025\\\/#breadcrumb\",\"itemListElement\":[{\"@type\":\"ListItem\",\"position\":1,\"name\":\"Portada\",\"item\":\"https:\\\/\\\/www.aquimicasa.net\\\/blog\\\/\"},{\"@type\":\"ListItem\",\"position\":2,\"name\":\"La actividad tasadora en Espa\u00f1a creci\u00f3 un 10,6% en 2025\"}]},{\"@type\":\"WebSite\",\"@id\":\"https:\\\/\\\/www.aquimicasa.net\\\/blog\\\/#website\",\"url\":\"https:\\\/\\\/www.aquimicasa.net\\\/blog\\\/\",\"name\":\"Blog de aquimicasa.net\",\"description\":\"Noticias del Mundo Inmobiliario\",\"publisher\":{\"@id\":\"https:\\\/\\\/www.aquimicasa.net\\\/blog\\\/#organization\"},\"potentialAction\":[{\"@type\":\"SearchAction\",\"target\":{\"@type\":\"EntryPoint\",\"urlTemplate\":\"https:\\\/\\\/www.aquimicasa.net\\\/blog\\\/?s={search_term_string}\"},\"query-input\":{\"@type\":\"PropertyValueSpecification\",\"valueRequired\":true,\"valueName\":\"search_term_string\"}}],\"inLanguage\":\"es\"},{\"@type\":\"Organization\",\"@id\":\"https:\\\/\\\/www.aquimicasa.net\\\/blog\\\/#organization\",\"name\":\"Blog de aquimicasa.net\",\"url\":\"https:\\\/\\\/www.aquimicasa.net\\\/blog\\\/\",\"logo\":{\"@type\":\"ImageObject\",\"inLanguage\":\"es\",\"@id\":\"https:\\\/\\\/www.aquimicasa.net\\\/blog\\\/#\\\/schema\\\/logo\\\/image\\\/\",\"url\":\"https:\\\/\\\/www.aquimicasa.net\\\/blog\\\/wp-content\\\/uploads\\\/Logo-aquimicasa-1-e1528048213782.png\",\"contentUrl\":\"https:\\\/\\\/www.aquimicasa.net\\\/blog\\\/wp-content\\\/uploads\\\/Logo-aquimicasa-1-e1528048213782.png\",\"width\":225,\"height\":225,\"caption\":\"Blog de aquimicasa.net\"},\"image\":{\"@id\":\"https:\\\/\\\/www.aquimicasa.net\\\/blog\\\/#\\\/schema\\\/logo\\\/image\\\/\"},\"sameAs\":[\"https:\\\/\\\/www.facebook.com\\\/aquimicasa.net\",\"https:\\\/\\\/www.instagram.com\\\/\",\"https:\\\/\\\/x.com\\\/EduLizarragaD\",\"https:\\\/\\\/www.linkedin.com\\\/feed\\\/\"]},{\"@type\":\"Person\",\"@id\":\"https:\\\/\\\/www.aquimicasa.net\\\/blog\\\/#\\\/schema\\\/person\\\/2cdfa2605534583395c8d7ce1d6cac14\",\"name\":\"Eduardo Lizarraga\",\"image\":{\"@type\":\"ImageObject\",\"inLanguage\":\"es\",\"@id\":\"https:\\\/\\\/secure.gravatar.com\\\/avatar\\\/bdabe1eeeed97b65a9cb7de2edd624b07995f7e13abc5fead15961f745f908cc?s=96&d=mm&r=g\",\"url\":\"https:\\\/\\\/secure.gravatar.com\\\/avatar\\\/bdabe1eeeed97b65a9cb7de2edd624b07995f7e13abc5fead15961f745f908cc?s=96&d=mm&r=g\",\"contentUrl\":\"https:\\\/\\\/secure.gravatar.com\\\/avatar\\\/bdabe1eeeed97b65a9cb7de2edd624b07995f7e13abc5fead15961f745f908cc?s=96&d=mm&r=g\",\"caption\":\"Eduardo Lizarraga\"},\"description\":\"Periodista Econ\u00f3mico. Ha trabajado en diversos campos de la informaci\u00f3n. Corresponsal en conflictos, analista pol\u00edtico en Congreso y Senado, periodista del medio ambiente, editor, director editorial, director de comunicaci\u00f3n.... En estos momentos se ha especializado en el sector inmobiliario. Pero tambi\u00e9n es navegante y viajero, preocupado por la pobreza, el medio ambiente y por las actuaciones descontroladas del neoliberalismo empresarial y pol\u00edtico en todo el mundo. Los desahucios, la pobreza infantil y la falta de acceso a los suministros b\u00e1sicos son algunos de los grandes dramas de nuestra sociedad y que es preciso solucionar para hacerla m\u00e1s justa. CEO en www.aquimicasa.net\",\"sameAs\":[\"https:\\\/\\\/www.aquimicasa.net\\\/\"],\"url\":\"https:\\\/\\\/www.aquimicasa.net\\\/blog\\\/author\\\/eduardo\\\/\"}]}<\/script>\n<!-- \/ Yoast SEO plugin. -->","yoast_head_json":{"title":"La actividad tasadora en Espa\u00f1a creci\u00f3 un 10,6% en 2025","description":"El volumen total de tasaciones alcanz\u00f3 los 450.000 millones de euros, un incremento interanual del 10,6% respecto al ejercicio anterior.","robots":{"index":"index","follow":"follow","max-snippet":"max-snippet:-1","max-image-preview":"max-image-preview:large","max-video-preview":"max-video-preview:-1"},"canonical":"https:\/\/www.aquimicasa.net\/blog\/vivienda\/compraventa-de-viviendas\/la-actividad-tasadora-en-espana-crecio-un-106-en-2025\/","og_locale":"es_ES","og_type":"article","og_title":"La actividad tasadora en Espa\u00f1a creci\u00f3 un 10,6% en 2025","og_description":"El volumen total de tasaciones alcanz\u00f3 los 450.000 millones de euros, un incremento interanual del 10,6% respecto al ejercicio anterior.","og_url":"https:\/\/www.aquimicasa.net\/blog\/vivienda\/compraventa-de-viviendas\/la-actividad-tasadora-en-espana-crecio-un-106-en-2025\/","og_site_name":"Blog de aquimicasa.net","article_publisher":"https:\/\/www.facebook.com\/aquimicasa.net","article_published_time":"2026-05-01T20:09:04+00:00","og_image":[{"width":600,"height":375,"url":"https:\/\/www.aquimicasa.net\/blog\/wp-content\/uploads\/valoracion4-e1740243462724.jpg","type":"image\/jpeg"}],"author":"Eduardo Lizarraga","twitter_misc":{"Escrito por":"Eduardo Lizarraga","Tiempo de lectura":"6 minutos"},"schema":{"@context":"https:\/\/schema.org","@graph":[{"@type":"Article","@id":"https:\/\/www.aquimicasa.net\/blog\/vivienda\/compraventa-de-viviendas\/la-actividad-tasadora-en-espana-crecio-un-106-en-2025\/#article","isPartOf":{"@id":"https:\/\/www.aquimicasa.net\/blog\/vivienda\/compraventa-de-viviendas\/la-actividad-tasadora-en-espana-crecio-un-106-en-2025\/"},"author":{"name":"Eduardo Lizarraga","@id":"https:\/\/www.aquimicasa.net\/blog\/#\/schema\/person\/2cdfa2605534583395c8d7ce1d6cac14"},"headline":"La actividad tasadora en Espa\u00f1a creci\u00f3 un 10,6% en 2025","datePublished":"2026-05-01T20:09:04+00:00","mainEntityOfPage":{"@id":"https:\/\/www.aquimicasa.net\/blog\/vivienda\/compraventa-de-viviendas\/la-actividad-tasadora-en-espana-crecio-un-106-en-2025\/"},"wordCount":1188,"publisher":{"@id":"https:\/\/www.aquimicasa.net\/blog\/#organization"},"image":{"@id":"https:\/\/www.aquimicasa.net\/blog\/vivienda\/compraventa-de-viviendas\/la-actividad-tasadora-en-espana-crecio-un-106-en-2025\/#primaryimage"},"thumbnailUrl":"https:\/\/www.aquimicasa.net\/blog\/wp-content\/uploads\/valoracion4-e1740243462724.jpg","keywords":["newsletter 564"],"articleSection":["Compra Venta"],"inLanguage":"es"},{"@type":"WebPage","@id":"https:\/\/www.aquimicasa.net\/blog\/vivienda\/compraventa-de-viviendas\/la-actividad-tasadora-en-espana-crecio-un-106-en-2025\/","url":"https:\/\/www.aquimicasa.net\/blog\/vivienda\/compraventa-de-viviendas\/la-actividad-tasadora-en-espana-crecio-un-106-en-2025\/","name":"La actividad tasadora en Espa\u00f1a creci\u00f3 un 10,6% en 2025","isPartOf":{"@id":"https:\/\/www.aquimicasa.net\/blog\/#website"},"primaryImageOfPage":{"@id":"https:\/\/www.aquimicasa.net\/blog\/vivienda\/compraventa-de-viviendas\/la-actividad-tasadora-en-espana-crecio-un-106-en-2025\/#primaryimage"},"image":{"@id":"https:\/\/www.aquimicasa.net\/blog\/vivienda\/compraventa-de-viviendas\/la-actividad-tasadora-en-espana-crecio-un-106-en-2025\/#primaryimage"},"thumbnailUrl":"https:\/\/www.aquimicasa.net\/blog\/wp-content\/uploads\/valoracion4-e1740243462724.jpg","datePublished":"2026-05-01T20:09:04+00:00","description":"El volumen total de tasaciones alcanz\u00f3 los 450.000 millones de euros, un incremento interanual del 10,6% respecto al ejercicio anterior.","breadcrumb":{"@id":"https:\/\/www.aquimicasa.net\/blog\/vivienda\/compraventa-de-viviendas\/la-actividad-tasadora-en-espana-crecio-un-106-en-2025\/#breadcrumb"},"inLanguage":"es","potentialAction":[{"@type":"ReadAction","target":["https:\/\/www.aquimicasa.net\/blog\/vivienda\/compraventa-de-viviendas\/la-actividad-tasadora-en-espana-crecio-un-106-en-2025\/"]}]},{"@type":"ImageObject","inLanguage":"es","@id":"https:\/\/www.aquimicasa.net\/blog\/vivienda\/compraventa-de-viviendas\/la-actividad-tasadora-en-espana-crecio-un-106-en-2025\/#primaryimage","url":"https:\/\/www.aquimicasa.net\/blog\/wp-content\/uploads\/valoracion4-e1740243462724.jpg","contentUrl":"https:\/\/www.aquimicasa.net\/blog\/wp-content\/uploads\/valoracion4-e1740243462724.jpg","width":600,"height":375,"caption":"Un buen 2025 para la valoraci\u00f3n"},{"@type":"BreadcrumbList","@id":"https:\/\/www.aquimicasa.net\/blog\/vivienda\/compraventa-de-viviendas\/la-actividad-tasadora-en-espana-crecio-un-106-en-2025\/#breadcrumb","itemListElement":[{"@type":"ListItem","position":1,"name":"Portada","item":"https:\/\/www.aquimicasa.net\/blog\/"},{"@type":"ListItem","position":2,"name":"La actividad tasadora en Espa\u00f1a creci\u00f3 un 10,6% en 2025"}]},{"@type":"WebSite","@id":"https:\/\/www.aquimicasa.net\/blog\/#website","url":"https:\/\/www.aquimicasa.net\/blog\/","name":"Blog de aquimicasa.net","description":"Noticias del Mundo Inmobiliario","publisher":{"@id":"https:\/\/www.aquimicasa.net\/blog\/#organization"},"potentialAction":[{"@type":"SearchAction","target":{"@type":"EntryPoint","urlTemplate":"https:\/\/www.aquimicasa.net\/blog\/?s={search_term_string}"},"query-input":{"@type":"PropertyValueSpecification","valueRequired":true,"valueName":"search_term_string"}}],"inLanguage":"es"},{"@type":"Organization","@id":"https:\/\/www.aquimicasa.net\/blog\/#organization","name":"Blog de aquimicasa.net","url":"https:\/\/www.aquimicasa.net\/blog\/","logo":{"@type":"ImageObject","inLanguage":"es","@id":"https:\/\/www.aquimicasa.net\/blog\/#\/schema\/logo\/image\/","url":"https:\/\/www.aquimicasa.net\/blog\/wp-content\/uploads\/Logo-aquimicasa-1-e1528048213782.png","contentUrl":"https:\/\/www.aquimicasa.net\/blog\/wp-content\/uploads\/Logo-aquimicasa-1-e1528048213782.png","width":225,"height":225,"caption":"Blog de aquimicasa.net"},"image":{"@id":"https:\/\/www.aquimicasa.net\/blog\/#\/schema\/logo\/image\/"},"sameAs":["https:\/\/www.facebook.com\/aquimicasa.net","https:\/\/www.instagram.com\/","https:\/\/x.com\/EduLizarragaD","https:\/\/www.linkedin.com\/feed\/"]},{"@type":"Person","@id":"https:\/\/www.aquimicasa.net\/blog\/#\/schema\/person\/2cdfa2605534583395c8d7ce1d6cac14","name":"Eduardo Lizarraga","image":{"@type":"ImageObject","inLanguage":"es","@id":"https:\/\/secure.gravatar.com\/avatar\/bdabe1eeeed97b65a9cb7de2edd624b07995f7e13abc5fead15961f745f908cc?s=96&d=mm&r=g","url":"https:\/\/secure.gravatar.com\/avatar\/bdabe1eeeed97b65a9cb7de2edd624b07995f7e13abc5fead15961f745f908cc?s=96&d=mm&r=g","contentUrl":"https:\/\/secure.gravatar.com\/avatar\/bdabe1eeeed97b65a9cb7de2edd624b07995f7e13abc5fead15961f745f908cc?s=96&d=mm&r=g","caption":"Eduardo Lizarraga"},"description":"Periodista Econ\u00f3mico. Ha trabajado en diversos campos de la informaci\u00f3n. Corresponsal en conflictos, analista pol\u00edtico en Congreso y Senado, periodista del medio ambiente, editor, director editorial, director de comunicaci\u00f3n.... En estos momentos se ha especializado en el sector inmobiliario. Pero tambi\u00e9n es navegante y viajero, preocupado por la pobreza, el medio ambiente y por las actuaciones descontroladas del neoliberalismo empresarial y pol\u00edtico en todo el mundo. Los desahucios, la pobreza infantil y la falta de acceso a los suministros b\u00e1sicos son algunos de los grandes dramas de nuestra sociedad y que es preciso solucionar para hacerla m\u00e1s justa. CEO en www.aquimicasa.net","sameAs":["https:\/\/www.aquimicasa.net\/"],"url":"https:\/\/www.aquimicasa.net\/blog\/author\/eduardo\/"}]}},"jetpack_publicize_connections":[],"jetpack_featured_media_url":"https:\/\/www.aquimicasa.net\/blog\/wp-content\/uploads\/valoracion4-e1740243462724.jpg","jetpack_sharing_enabled":true,"jetpack_likes_enabled":true,"_links":{"self":[{"href":"https:\/\/www.aquimicasa.net\/blog\/wp-json\/wp\/v2\/posts\/56123","targetHints":{"allow":["GET"]}}],"collection":[{"href":"https:\/\/www.aquimicasa.net\/blog\/wp-json\/wp\/v2\/posts"}],"about":[{"href":"https:\/\/www.aquimicasa.net\/blog\/wp-json\/wp\/v2\/types\/post"}],"author":[{"embeddable":true,"href":"https:\/\/www.aquimicasa.net\/blog\/wp-json\/wp\/v2\/users\/3"}],"replies":[{"embeddable":true,"href":"https:\/\/www.aquimicasa.net\/blog\/wp-json\/wp\/v2\/comments?post=56123"}],"version-history":[{"count":3,"href":"https:\/\/www.aquimicasa.net\/blog\/wp-json\/wp\/v2\/posts\/56123\/revisions"}],"predecessor-version":[{"id":56142,"href":"https:\/\/www.aquimicasa.net\/blog\/wp-json\/wp\/v2\/posts\/56123\/revisions\/56142"}],"wp:featuredmedia":[{"embeddable":true,"href":"https:\/\/www.aquimicasa.net\/blog\/wp-json\/wp\/v2\/media\/49991"}],"wp:attachment":[{"href":"https:\/\/www.aquimicasa.net\/blog\/wp-json\/wp\/v2\/media?parent=56123"}],"wp:term":[{"taxonomy":"category","embeddable":true,"href":"https:\/\/www.aquimicasa.net\/blog\/wp-json\/wp\/v2\/categories?post=56123"},{"taxonomy":"post_tag","embeddable":true,"href":"https:\/\/www.aquimicasa.net\/blog\/wp-json\/wp\/v2\/tags?post=56123"}],"curies":[{"name":"wp","href":"https:\/\/api.w.org\/{rel}","templated":true}]}}