{"id":56132,"date":"2026-04-30T22:53:51","date_gmt":"2026-04-30T20:53:51","guid":{"rendered":"https:\/\/www.aquimicasa.net\/blog\/?p=56132"},"modified":"2026-04-30T22:53:51","modified_gmt":"2026-04-30T20:53:51","slug":"en-febrero-la-compraventa-de-viviendas-cae-un-77-interanual","status":"publish","type":"post","link":"https:\/\/www.aquimicasa.net\/blog\/vivienda\/compraventa-de-viviendas\/en-febrero-la-compraventa-de-viviendas-cae-un-77-interanual\/","title":{"rendered":"En febrero la compraventa de viviendas cae un 7,7% interanual"},"content":{"rendered":"<div data-test-render-count=\"1\">\n<div class=\"group\">\n<div class=\"contents\">\n<div class=\"group relative relative pb-3\" data-is-streaming=\"false\">\n<div class=\"font-claude-response relative leading-[1.65rem] [&amp;_pre&gt;div]:bg-bg-000\/50 [&amp;_pre&gt;div]:border-0.5 [&amp;_pre&gt;div]:border-border-400 [&amp;_.ignore-pre-bg&gt;div]:bg-transparent [&amp;_.standard-markdown_:is(p,blockquote,h1,h2,h3,h4,h5,h6)]:pl-2 [&amp;_.standard-markdown_:is(p,blockquote,ul,ol,h1,h2,h3,h4,h5,h6)]:pr-8 [&amp;_.progressive-markdown_:is(p,blockquote,h1,h2,h3,h4,h5,h6)]:pl-2 [&amp;_.progressive-markdown_:is(p,blockquote,ul,ol,h1,h2,h3,h4,h5,h6)]:pr-8\">\n<div class=\"standard-markdown grid-cols-1 grid [&amp;_&gt;_*]:min-w-0 gap-3 standard-markdown\">\n<p class=\"font-claude-response-body break-words whitespace-normal leading-[1.7]\"><strong>Los datos del Consejo General del Notariado correspondientes a febrero de 2026 confirman lo que muchos llevaban semanas temiendo: el mercado inmobiliario espa\u00f1ol lleva dos meses consecutivos de ca\u00eddas en las compraventas.<\/strong> Despu\u00e9s de que en enero las operaciones bajaran un 11,4% interanual hasta las 49.685 transacciones, febrero no ha tra\u00eddo alivio. Todo lo contrario. Las 55.228 compraventas registradas suponen un descenso del 7,7% respecto al mismo mes de 2025, y la tendencia no invita al optimismo precisamente. Lo m\u00e1s preocupante es que estos datos todav\u00eda no recogen el impacto real de la escalada de la inflaci\u00f3n, el encarecimiento del eur\u00edbor ni las consecuencias econ\u00f3micas del conflicto b\u00e9lico en Europa. Eso llegar\u00e1 en los pr\u00f3ximos meses. Y cuando llegue, puede llegar con fuerza.<\/p>\n<h2 class=\"font-claude-response-body break-words whitespace-normal leading-[1.7]\"><strong>Las compraventas descendieron en 14 comunidades aut\u00f3nomas<\/strong><\/h2>\n<p class=\"font-claude-response-body break-words whitespace-normal leading-[1.7]\">El retroceso no es un fen\u00f3meno aislado ni atribuible a un par de mercados puntuales. <strong>Las compraventas cayeron en 14 de las 17 comunidades aut\u00f3nomas<\/strong>, con descensos especialmente llamativos en territorios que hasta hace poco no paraban de crecer: Islas Canarias (-21,0%), Navarra (-19,2%), Islas Baleares (-18,6%) y Asturias (-17,6%). Son mercados que hab\u00edan funcionado como locomotoras del sector y que ahora frenan en seco. Pero no son los \u00fanicos. Arag\u00f3n (-6,4%), la Comunidad de Madrid (-6,0%), el Pa\u00eds Vasco (-5,6%), Extremadura (-3,6%) y Castilla y Le\u00f3n (-1,0%) tambi\u00e9n acumulan retrocesos, aunque algo m\u00e1s contenidos.<\/p>\n<p class=\"font-claude-response-body break-words whitespace-normal leading-[1.7]\">Solo tres comunidades escapan de esta din\u00e1mica: Castilla-La Mancha, que crece un 14,0%; Cantabria, con un alza del 6,5%; y La Rioja, que apenas suma un 1,3%. Tres excepciones que confirman la regla general de un mercado que claramente est\u00e1 perdiendo gas.<\/p>\n<h2 class=\"font-claude-response-body break-words whitespace-normal leading-[1.7]\"><strong>Las hipotecas siguen fuertes: el 54,5% de las operaciones se realiza con hipoteca<\/strong><\/h2>\n<p class=\"font-claude-response-body break-words whitespace-normal leading-[1.7]\">Que las compraventas caigan no significa que la financiaci\u00f3n hipotecaria haya colapsado. Los pr\u00e9stamos para adquisici\u00f3n de vivienda crecieron un testimonial 0,2% interanual, hasta las 30.109 operaciones, lo que en la pr\u00e1ctica equivale a estancamiento. <strong>Lo verdaderamente revelador es otro dato: la cuant\u00eda media de esos pr\u00e9stamos subi\u00f3 un 6,3%, hasta los 175.904 euros.<\/strong> Se firman pr\u00e1cticamente las mismas hipotecas que hace un a\u00f1o, pero por importes significativamente m\u00e1s altos. El comprador que puede comprar, compra m\u00e1s caro y se endeuda m\u00e1s. El que no puede, directamente sale del mercado.<\/p>\n<p class=\"font-claude-response-body break-words whitespace-normal leading-[1.7]\">El 54,5% de las compraventas se financia con hipoteca, y en esas operaciones el pr\u00e9stamo cubre de media el 72,4% del precio de la vivienda. Una dependencia del cr\u00e9dito que, en un entorno de tipos al alza y eur\u00edbor disparado, empieza a pesar cada vez m\u00e1s en la capacidad de compra de las familias espa\u00f1olas.<\/p>\n<h2 class=\"font-claude-response-body break-words whitespace-normal leading-[1.7]\"><strong>El precio de los pisos subi\u00f3 un 7,7% interanual<\/strong><\/h2>\n<p class=\"font-claude-response-body break-words whitespace-normal leading-[1.7]\">Que bajen las compraventas y suban los precios al mismo tiempo puede parecer una contradicci\u00f3n. No lo es. <strong>Los propietarios a\u00fan no han interiorizado que el viento ha cambiado de direcci\u00f3n<\/strong>, y mientras mantengan sus expectativas de precio, el mercado simplemente se ralentiza sin corregir. El precio medio del metro cuadrado en Espa\u00f1a se situ\u00f3 en los 1.977 euros, un 5,4% m\u00e1s que en febrero de 2025. En el caso espec\u00edfico de los pisos, la subida fue del 7,7% interanual, hasta los 2.292 euros por metro cuadrado. Las viviendas unifamiliares subieron m\u00e1s moderadamente, un 2,6%, hasta los 1.458 euros por metro cuadrado.<\/p>\n<p class=\"font-claude-response-body break-words whitespace-normal leading-[1.7]\">Las subidas m\u00e1s agresivas se concentran en Cantabria (18,3%), la Comunidad Valenciana (17,4%), Castilla-La Mancha (11,6%) y Asturias (11,4%). Regiones que, parad\u00f3jicamente, est\u00e1n entre las que m\u00e1s caen en compraventas. <strong>El mercado sigue siendo, en muchos territorios, un callej\u00f3n sin salida para el comprador medio.<\/strong><\/p>\n<h2 class=\"font-claude-response-body break-words whitespace-normal leading-[1.7]\"><strong>Pero en cinco regiones los precios caen en tasa interanual<\/strong><\/h2>\n<p class=\"font-claude-response-body break-words whitespace-normal leading-[1.7]\">Y sin embargo, la grieta empieza a aparecer. Por primera vez desde agosto de 2024, hay cinco comunidades aut\u00f3nomas donde los precios de la vivienda registran ca\u00eddas interanuales: Navarra (-13,7%), Extremadura (-3,5%), Regi\u00f3n de Murcia (-2,8%), Galicia (-2,5%) e Islas Baleares (-1,4%). <strong>No son ca\u00eddas dram\u00e1ticas todav\u00eda, pero son una se\u00f1al.<\/strong> En estas regiones, los precios han tocado techo antes que en el resto. Y lo que ocurra all\u00ed en los pr\u00f3ximos meses puede anticipar lo que le espera al conjunto del mercado.<\/p>\n<p class=\"font-claude-response-body break-words whitespace-normal leading-[1.7]\">El mensaje para los propietarios que est\u00e9n pensando en vender es bastante claro: quien quiera hacerlo antes de que la situaci\u00f3n se complique va a tener que ajustar el precio y comunicarlo de forma inequ\u00edvoca. El margen para especular con las expectativas se est\u00e1 cerrando.<\/p>\n<h2 class=\"font-claude-response-body break-words whitespace-normal leading-[1.7]\"><strong>\u00bfPodemos estar llegando a un punto de inflexi\u00f3n?<\/strong><\/h2>\n<p class=\"font-claude-response-body break-words whitespace-normal leading-[1.7]\">Todo apunta a que s\u00ed. <strong>Dos meses consecutivos de ca\u00eddas en las compraventas, cinco comunidades con precios a la baja, hipotecas m\u00e1s caras aunque en n\u00famero similar, y un eur\u00edbor que no da se\u00f1ales de relajarse a corto plazo.<\/strong> Si a eso se a\u00f1ade que los datos de marzo \u2014cuando deber\u00edan empezar a verse los efectos de la guerra, la inflaci\u00f3n y el endurecimiento monetario\u2014 a\u00fan no han llegado, la prudencia est\u00e1 m\u00e1s que justificada.<\/p>\n<p class=\"font-claude-response-body break-words whitespace-normal leading-[1.7]\">La demanda no ha desaparecido. Lo que est\u00e1 ocurriendo es que una parte de los compradores potenciales est\u00e1 posponiendo decisiones ante la p\u00e9rdida de poder adquisitivo. Si esa posposici\u00f3n se convierte en renuncia, y el eur\u00edbor sigue al alza encareciendo las hipotecas mientras el BCE de Lagarde aprieta con los tipos, el efecto sobre los precios podr\u00eda ser mucho m\u00e1s brusco de lo que los datos actuales sugieren. <strong>Por ahora, los propietarios aguantan. Pero sin la presi\u00f3n compradora que ha sostenido el mercado estos a\u00f1os, el domin\u00f3 podr\u00eda empezar a caer.<\/strong><\/p>\n<h2 class=\"font-claude-response-body break-words whitespace-normal leading-[1.7]\"><strong>La actividad econ\u00f3mica sigue fuerte con un crecimiento del 25,6% en la constituci\u00f3n de sociedades<\/strong><\/h2>\n<p class=\"font-claude-response-body break-words whitespace-normal leading-[1.7]\">En medio del enfriamiento inmobiliario, hay un dato que llama la atenci\u00f3n por su dinamismo. <strong>La constituci\u00f3n de nuevas sociedades creci\u00f3 un 25,6% interanual en febrero, hasta las 12.804 nuevas empresas.<\/strong> Un indicador que refleja que la actividad econ\u00f3mica general mantiene un ritmo notable, al margen de lo que ocurre en el mercado de la vivienda. Los mayores aumentos se registraron en Extremadura (67,9%), Catalu\u00f1a (44,7%) y la Comunidad Valenciana (36,5%).<\/p>\n<p class=\"font-claude-response-body break-words whitespace-normal leading-[1.7]\">Es un contrapunto interesante. La econom\u00eda crea empresas, genera actividad, mueve capital. Pero ese dinamismo no est\u00e1 siendo suficiente para sostener la demanda de vivienda en los niveles de los \u00faltimos a\u00f1os. La conclusi\u00f3n de los datos de los notarios de febrero es, en definitiva, la de un mercado en transici\u00f3n: todav\u00eda caro, ya menos activo, y con se\u00f1ales de ajuste que apuntan a que lo m\u00e1s interesante \u2014o lo m\u00e1s delicado\u2014 est\u00e1 por llegar.<\/p>\n<\/div>\n<\/div>\n<\/div>\n<\/div>\n<\/div>\n<\/div>\n","protected":false},"excerpt":{"rendered":"<p>Las 55.228 compraventas registradas suponen un descenso del 7,7% respecto al mismo mes de 2025, y la tendencia no invita al optimismo precisamente. Lo m\u00e1s preocupante es que estos datos todav\u00eda no recogen el impacto real de la escalada de la inflaci\u00f3n, el encarecimiento del eur\u00edbor ni las consecuencias econ\u00f3micas del conflicto b\u00e9lico en Europa. Eso llegar\u00e1 en los pr\u00f3ximos meses.<\/p>\n","protected":false},"author":3,"featured_media":56137,"comment_status":"closed","ping_status":"closed","sticky":false,"template":"","format":"standard","meta":{"_jetpack_memberships_contains_paid_content":false,"footnotes":"","jetpack_publicize_message":"","jetpack_publicize_feature_enabled":true,"jetpack_social_post_already_shared":true,"jetpack_social_options":{"image_generator_settings":{"template":"highway","default_image_id":0,"font":"","enabled":false},"version":2}},"categories":[100],"tags":[],"class_list":["post-56132","post","type-post","status-publish","format-standard","has-post-thumbnail","hentry","category-compraventa-de-viviendas"],"yoast_head":"<!-- This site is optimized with the Yoast SEO plugin v27.5 - https:\/\/yoast.com\/product\/yoast-seo-wordpress\/ -->\n<title>En febrero la compraventa de viviendas cae un 7,7% interanual<\/title>\n<meta name=\"description\" content=\"La conclusi\u00f3n de los datos es, en definitiva, la de un mercado en transici\u00f3n: todav\u00eda caro, ya menos activo, y con se\u00f1ales de ajuste\" \/>\n<meta name=\"robots\" content=\"index, follow, max-snippet:-1, max-image-preview:large, max-video-preview:-1\" \/>\n<link rel=\"canonical\" href=\"https:\/\/www.aquimicasa.net\/blog\/vivienda\/compraventa-de-viviendas\/en-febrero-la-compraventa-de-viviendas-cae-un-77-interanual\/\" \/>\n<meta property=\"og:locale\" content=\"es_ES\" \/>\n<meta property=\"og:type\" content=\"article\" \/>\n<meta property=\"og:title\" content=\"En febrero la compraventa de viviendas cae un 7,7% interanual\" \/>\n<meta property=\"og:description\" content=\"La conclusi\u00f3n de los datos es, en definitiva, la de un mercado en transici\u00f3n: todav\u00eda caro, ya menos activo, y con se\u00f1ales de ajuste\" \/>\n<meta property=\"og:url\" content=\"https:\/\/www.aquimicasa.net\/blog\/vivienda\/compraventa-de-viviendas\/en-febrero-la-compraventa-de-viviendas-cae-un-77-interanual\/\" \/>\n<meta property=\"og:site_name\" content=\"Blog de aquimicasa.net\" \/>\n<meta property=\"article:publisher\" content=\"https:\/\/www.facebook.com\/aquimicasa.net\" \/>\n<meta property=\"article:published_time\" content=\"2026-04-30T20:53:51+00:00\" \/>\n<meta property=\"og:image\" content=\"https:\/\/www.aquimicasa.net\/blog\/wp-content\/uploads\/El-euribor-impacta-1-e1777582306812.jpeg\" \/>\n\t<meta property=\"og:image:width\" content=\"600\" \/>\n\t<meta property=\"og:image:height\" content=\"338\" \/>\n\t<meta property=\"og:image:type\" content=\"image\/jpeg\" \/>\n<meta name=\"author\" content=\"Eduardo Lizarraga\" \/>\n<meta name=\"twitter:label1\" content=\"Escrito por\" \/>\n\t<meta name=\"twitter:data1\" content=\"Eduardo Lizarraga\" \/>\n\t<meta name=\"twitter:label2\" content=\"Tiempo de lectura\" \/>\n\t<meta name=\"twitter:data2\" content=\"6 minutos\" \/>\n<script type=\"application\/ld+json\" class=\"yoast-schema-graph\">{\"@context\":\"https:\\\/\\\/schema.org\",\"@graph\":[{\"@type\":\"Article\",\"@id\":\"https:\\\/\\\/www.aquimicasa.net\\\/blog\\\/vivienda\\\/compraventa-de-viviendas\\\/en-febrero-la-compraventa-de-viviendas-cae-un-77-interanual\\\/#article\",\"isPartOf\":{\"@id\":\"https:\\\/\\\/www.aquimicasa.net\\\/blog\\\/vivienda\\\/compraventa-de-viviendas\\\/en-febrero-la-compraventa-de-viviendas-cae-un-77-interanual\\\/\"},\"author\":{\"name\":\"Eduardo Lizarraga\",\"@id\":\"https:\\\/\\\/www.aquimicasa.net\\\/blog\\\/#\\\/schema\\\/person\\\/2cdfa2605534583395c8d7ce1d6cac14\"},\"headline\":\"En febrero la compraventa de viviendas cae un 7,7% interanual\",\"datePublished\":\"2026-04-30T20:53:51+00:00\",\"mainEntityOfPage\":{\"@id\":\"https:\\\/\\\/www.aquimicasa.net\\\/blog\\\/vivienda\\\/compraventa-de-viviendas\\\/en-febrero-la-compraventa-de-viviendas-cae-un-77-interanual\\\/\"},\"wordCount\":1118,\"publisher\":{\"@id\":\"https:\\\/\\\/www.aquimicasa.net\\\/blog\\\/#organization\"},\"image\":{\"@id\":\"https:\\\/\\\/www.aquimicasa.net\\\/blog\\\/vivienda\\\/compraventa-de-viviendas\\\/en-febrero-la-compraventa-de-viviendas-cae-un-77-interanual\\\/#primaryimage\"},\"thumbnailUrl\":\"https:\\\/\\\/www.aquimicasa.net\\\/blog\\\/wp-content\\\/uploads\\\/El-euribor-impacta-1-e1777582306812.jpeg\",\"articleSection\":[\"Compra Venta\"],\"inLanguage\":\"es\"},{\"@type\":\"WebPage\",\"@id\":\"https:\\\/\\\/www.aquimicasa.net\\\/blog\\\/vivienda\\\/compraventa-de-viviendas\\\/en-febrero-la-compraventa-de-viviendas-cae-un-77-interanual\\\/\",\"url\":\"https:\\\/\\\/www.aquimicasa.net\\\/blog\\\/vivienda\\\/compraventa-de-viviendas\\\/en-febrero-la-compraventa-de-viviendas-cae-un-77-interanual\\\/\",\"name\":\"En febrero la compraventa de viviendas cae un 7,7% interanual\",\"isPartOf\":{\"@id\":\"https:\\\/\\\/www.aquimicasa.net\\\/blog\\\/#website\"},\"primaryImageOfPage\":{\"@id\":\"https:\\\/\\\/www.aquimicasa.net\\\/blog\\\/vivienda\\\/compraventa-de-viviendas\\\/en-febrero-la-compraventa-de-viviendas-cae-un-77-interanual\\\/#primaryimage\"},\"image\":{\"@id\":\"https:\\\/\\\/www.aquimicasa.net\\\/blog\\\/vivienda\\\/compraventa-de-viviendas\\\/en-febrero-la-compraventa-de-viviendas-cae-un-77-interanual\\\/#primaryimage\"},\"thumbnailUrl\":\"https:\\\/\\\/www.aquimicasa.net\\\/blog\\\/wp-content\\\/uploads\\\/El-euribor-impacta-1-e1777582306812.jpeg\",\"datePublished\":\"2026-04-30T20:53:51+00:00\",\"description\":\"La conclusi\u00f3n de los datos es, en definitiva, la de un mercado en transici\u00f3n: todav\u00eda caro, ya menos activo, y con se\u00f1ales de ajuste\",\"breadcrumb\":{\"@id\":\"https:\\\/\\\/www.aquimicasa.net\\\/blog\\\/vivienda\\\/compraventa-de-viviendas\\\/en-febrero-la-compraventa-de-viviendas-cae-un-77-interanual\\\/#breadcrumb\"},\"inLanguage\":\"es\",\"potentialAction\":[{\"@type\":\"ReadAction\",\"target\":[\"https:\\\/\\\/www.aquimicasa.net\\\/blog\\\/vivienda\\\/compraventa-de-viviendas\\\/en-febrero-la-compraventa-de-viviendas-cae-un-77-interanual\\\/\"]}]},{\"@type\":\"ImageObject\",\"inLanguage\":\"es\",\"@id\":\"https:\\\/\\\/www.aquimicasa.net\\\/blog\\\/vivienda\\\/compraventa-de-viviendas\\\/en-febrero-la-compraventa-de-viviendas-cae-un-77-interanual\\\/#primaryimage\",\"url\":\"https:\\\/\\\/www.aquimicasa.net\\\/blog\\\/wp-content\\\/uploads\\\/El-euribor-impacta-1-e1777582306812.jpeg\",\"contentUrl\":\"https:\\\/\\\/www.aquimicasa.net\\\/blog\\\/wp-content\\\/uploads\\\/El-euribor-impacta-1-e1777582306812.jpeg\",\"width\":600,\"height\":338,\"caption\":\"Disminuyen las compraventas en febrero\"},{\"@type\":\"BreadcrumbList\",\"@id\":\"https:\\\/\\\/www.aquimicasa.net\\\/blog\\\/vivienda\\\/compraventa-de-viviendas\\\/en-febrero-la-compraventa-de-viviendas-cae-un-77-interanual\\\/#breadcrumb\",\"itemListElement\":[{\"@type\":\"ListItem\",\"position\":1,\"name\":\"Portada\",\"item\":\"https:\\\/\\\/www.aquimicasa.net\\\/blog\\\/\"},{\"@type\":\"ListItem\",\"position\":2,\"name\":\"En febrero la compraventa de viviendas cae un 7,7% interanual\"}]},{\"@type\":\"WebSite\",\"@id\":\"https:\\\/\\\/www.aquimicasa.net\\\/blog\\\/#website\",\"url\":\"https:\\\/\\\/www.aquimicasa.net\\\/blog\\\/\",\"name\":\"Blog de aquimicasa.net\",\"description\":\"Noticias del Mundo Inmobiliario\",\"publisher\":{\"@id\":\"https:\\\/\\\/www.aquimicasa.net\\\/blog\\\/#organization\"},\"potentialAction\":[{\"@type\":\"SearchAction\",\"target\":{\"@type\":\"EntryPoint\",\"urlTemplate\":\"https:\\\/\\\/www.aquimicasa.net\\\/blog\\\/?s={search_term_string}\"},\"query-input\":{\"@type\":\"PropertyValueSpecification\",\"valueRequired\":true,\"valueName\":\"search_term_string\"}}],\"inLanguage\":\"es\"},{\"@type\":\"Organization\",\"@id\":\"https:\\\/\\\/www.aquimicasa.net\\\/blog\\\/#organization\",\"name\":\"Blog de aquimicasa.net\",\"url\":\"https:\\\/\\\/www.aquimicasa.net\\\/blog\\\/\",\"logo\":{\"@type\":\"ImageObject\",\"inLanguage\":\"es\",\"@id\":\"https:\\\/\\\/www.aquimicasa.net\\\/blog\\\/#\\\/schema\\\/logo\\\/image\\\/\",\"url\":\"https:\\\/\\\/www.aquimicasa.net\\\/blog\\\/wp-content\\\/uploads\\\/Logo-aquimicasa-1-e1528048213782.png\",\"contentUrl\":\"https:\\\/\\\/www.aquimicasa.net\\\/blog\\\/wp-content\\\/uploads\\\/Logo-aquimicasa-1-e1528048213782.png\",\"width\":225,\"height\":225,\"caption\":\"Blog de aquimicasa.net\"},\"image\":{\"@id\":\"https:\\\/\\\/www.aquimicasa.net\\\/blog\\\/#\\\/schema\\\/logo\\\/image\\\/\"},\"sameAs\":[\"https:\\\/\\\/www.facebook.com\\\/aquimicasa.net\",\"https:\\\/\\\/www.instagram.com\\\/\",\"https:\\\/\\\/x.com\\\/EduLizarragaD\",\"https:\\\/\\\/www.linkedin.com\\\/feed\\\/\"]},{\"@type\":\"Person\",\"@id\":\"https:\\\/\\\/www.aquimicasa.net\\\/blog\\\/#\\\/schema\\\/person\\\/2cdfa2605534583395c8d7ce1d6cac14\",\"name\":\"Eduardo Lizarraga\",\"image\":{\"@type\":\"ImageObject\",\"inLanguage\":\"es\",\"@id\":\"https:\\\/\\\/secure.gravatar.com\\\/avatar\\\/bdabe1eeeed97b65a9cb7de2edd624b07995f7e13abc5fead15961f745f908cc?s=96&d=mm&r=g\",\"url\":\"https:\\\/\\\/secure.gravatar.com\\\/avatar\\\/bdabe1eeeed97b65a9cb7de2edd624b07995f7e13abc5fead15961f745f908cc?s=96&d=mm&r=g\",\"contentUrl\":\"https:\\\/\\\/secure.gravatar.com\\\/avatar\\\/bdabe1eeeed97b65a9cb7de2edd624b07995f7e13abc5fead15961f745f908cc?s=96&d=mm&r=g\",\"caption\":\"Eduardo Lizarraga\"},\"description\":\"Periodista Econ\u00f3mico. Ha trabajado en diversos campos de la informaci\u00f3n. Corresponsal en conflictos, analista pol\u00edtico en Congreso y Senado, periodista del medio ambiente, editor, director editorial, director de comunicaci\u00f3n.... En estos momentos se ha especializado en el sector inmobiliario. Pero tambi\u00e9n es navegante y viajero, preocupado por la pobreza, el medio ambiente y por las actuaciones descontroladas del neoliberalismo empresarial y pol\u00edtico en todo el mundo. Los desahucios, la pobreza infantil y la falta de acceso a los suministros b\u00e1sicos son algunos de los grandes dramas de nuestra sociedad y que es preciso solucionar para hacerla m\u00e1s justa. CEO en www.aquimicasa.net\",\"sameAs\":[\"https:\\\/\\\/www.aquimicasa.net\\\/\"],\"url\":\"https:\\\/\\\/www.aquimicasa.net\\\/blog\\\/author\\\/eduardo\\\/\"}]}<\/script>\n<!-- \/ Yoast SEO plugin. -->","yoast_head_json":{"title":"En febrero la compraventa de viviendas cae un 7,7% interanual","description":"La conclusi\u00f3n de los datos es, en definitiva, la de un mercado en transici\u00f3n: todav\u00eda caro, ya menos activo, y con se\u00f1ales de ajuste","robots":{"index":"index","follow":"follow","max-snippet":"max-snippet:-1","max-image-preview":"max-image-preview:large","max-video-preview":"max-video-preview:-1"},"canonical":"https:\/\/www.aquimicasa.net\/blog\/vivienda\/compraventa-de-viviendas\/en-febrero-la-compraventa-de-viviendas-cae-un-77-interanual\/","og_locale":"es_ES","og_type":"article","og_title":"En febrero la compraventa de viviendas cae un 7,7% interanual","og_description":"La conclusi\u00f3n de los datos es, en definitiva, la de un mercado en transici\u00f3n: todav\u00eda caro, ya menos activo, y con se\u00f1ales de ajuste","og_url":"https:\/\/www.aquimicasa.net\/blog\/vivienda\/compraventa-de-viviendas\/en-febrero-la-compraventa-de-viviendas-cae-un-77-interanual\/","og_site_name":"Blog de aquimicasa.net","article_publisher":"https:\/\/www.facebook.com\/aquimicasa.net","article_published_time":"2026-04-30T20:53:51+00:00","og_image":[{"width":600,"height":338,"url":"https:\/\/www.aquimicasa.net\/blog\/wp-content\/uploads\/El-euribor-impacta-1-e1777582306812.jpeg","type":"image\/jpeg"}],"author":"Eduardo Lizarraga","twitter_misc":{"Escrito por":"Eduardo Lizarraga","Tiempo de lectura":"6 minutos"},"schema":{"@context":"https:\/\/schema.org","@graph":[{"@type":"Article","@id":"https:\/\/www.aquimicasa.net\/blog\/vivienda\/compraventa-de-viviendas\/en-febrero-la-compraventa-de-viviendas-cae-un-77-interanual\/#article","isPartOf":{"@id":"https:\/\/www.aquimicasa.net\/blog\/vivienda\/compraventa-de-viviendas\/en-febrero-la-compraventa-de-viviendas-cae-un-77-interanual\/"},"author":{"name":"Eduardo Lizarraga","@id":"https:\/\/www.aquimicasa.net\/blog\/#\/schema\/person\/2cdfa2605534583395c8d7ce1d6cac14"},"headline":"En febrero la compraventa de viviendas cae un 7,7% interanual","datePublished":"2026-04-30T20:53:51+00:00","mainEntityOfPage":{"@id":"https:\/\/www.aquimicasa.net\/blog\/vivienda\/compraventa-de-viviendas\/en-febrero-la-compraventa-de-viviendas-cae-un-77-interanual\/"},"wordCount":1118,"publisher":{"@id":"https:\/\/www.aquimicasa.net\/blog\/#organization"},"image":{"@id":"https:\/\/www.aquimicasa.net\/blog\/vivienda\/compraventa-de-viviendas\/en-febrero-la-compraventa-de-viviendas-cae-un-77-interanual\/#primaryimage"},"thumbnailUrl":"https:\/\/www.aquimicasa.net\/blog\/wp-content\/uploads\/El-euribor-impacta-1-e1777582306812.jpeg","articleSection":["Compra Venta"],"inLanguage":"es"},{"@type":"WebPage","@id":"https:\/\/www.aquimicasa.net\/blog\/vivienda\/compraventa-de-viviendas\/en-febrero-la-compraventa-de-viviendas-cae-un-77-interanual\/","url":"https:\/\/www.aquimicasa.net\/blog\/vivienda\/compraventa-de-viviendas\/en-febrero-la-compraventa-de-viviendas-cae-un-77-interanual\/","name":"En febrero la compraventa de viviendas cae un 7,7% interanual","isPartOf":{"@id":"https:\/\/www.aquimicasa.net\/blog\/#website"},"primaryImageOfPage":{"@id":"https:\/\/www.aquimicasa.net\/blog\/vivienda\/compraventa-de-viviendas\/en-febrero-la-compraventa-de-viviendas-cae-un-77-interanual\/#primaryimage"},"image":{"@id":"https:\/\/www.aquimicasa.net\/blog\/vivienda\/compraventa-de-viviendas\/en-febrero-la-compraventa-de-viviendas-cae-un-77-interanual\/#primaryimage"},"thumbnailUrl":"https:\/\/www.aquimicasa.net\/blog\/wp-content\/uploads\/El-euribor-impacta-1-e1777582306812.jpeg","datePublished":"2026-04-30T20:53:51+00:00","description":"La conclusi\u00f3n de los datos es, en definitiva, la de un mercado en transici\u00f3n: todav\u00eda caro, ya menos activo, y con se\u00f1ales de ajuste","breadcrumb":{"@id":"https:\/\/www.aquimicasa.net\/blog\/vivienda\/compraventa-de-viviendas\/en-febrero-la-compraventa-de-viviendas-cae-un-77-interanual\/#breadcrumb"},"inLanguage":"es","potentialAction":[{"@type":"ReadAction","target":["https:\/\/www.aquimicasa.net\/blog\/vivienda\/compraventa-de-viviendas\/en-febrero-la-compraventa-de-viviendas-cae-un-77-interanual\/"]}]},{"@type":"ImageObject","inLanguage":"es","@id":"https:\/\/www.aquimicasa.net\/blog\/vivienda\/compraventa-de-viviendas\/en-febrero-la-compraventa-de-viviendas-cae-un-77-interanual\/#primaryimage","url":"https:\/\/www.aquimicasa.net\/blog\/wp-content\/uploads\/El-euribor-impacta-1-e1777582306812.jpeg","contentUrl":"https:\/\/www.aquimicasa.net\/blog\/wp-content\/uploads\/El-euribor-impacta-1-e1777582306812.jpeg","width":600,"height":338,"caption":"Disminuyen las compraventas en febrero"},{"@type":"BreadcrumbList","@id":"https:\/\/www.aquimicasa.net\/blog\/vivienda\/compraventa-de-viviendas\/en-febrero-la-compraventa-de-viviendas-cae-un-77-interanual\/#breadcrumb","itemListElement":[{"@type":"ListItem","position":1,"name":"Portada","item":"https:\/\/www.aquimicasa.net\/blog\/"},{"@type":"ListItem","position":2,"name":"En febrero la compraventa de viviendas cae un 7,7% interanual"}]},{"@type":"WebSite","@id":"https:\/\/www.aquimicasa.net\/blog\/#website","url":"https:\/\/www.aquimicasa.net\/blog\/","name":"Blog de aquimicasa.net","description":"Noticias del Mundo Inmobiliario","publisher":{"@id":"https:\/\/www.aquimicasa.net\/blog\/#organization"},"potentialAction":[{"@type":"SearchAction","target":{"@type":"EntryPoint","urlTemplate":"https:\/\/www.aquimicasa.net\/blog\/?s={search_term_string}"},"query-input":{"@type":"PropertyValueSpecification","valueRequired":true,"valueName":"search_term_string"}}],"inLanguage":"es"},{"@type":"Organization","@id":"https:\/\/www.aquimicasa.net\/blog\/#organization","name":"Blog de aquimicasa.net","url":"https:\/\/www.aquimicasa.net\/blog\/","logo":{"@type":"ImageObject","inLanguage":"es","@id":"https:\/\/www.aquimicasa.net\/blog\/#\/schema\/logo\/image\/","url":"https:\/\/www.aquimicasa.net\/blog\/wp-content\/uploads\/Logo-aquimicasa-1-e1528048213782.png","contentUrl":"https:\/\/www.aquimicasa.net\/blog\/wp-content\/uploads\/Logo-aquimicasa-1-e1528048213782.png","width":225,"height":225,"caption":"Blog de aquimicasa.net"},"image":{"@id":"https:\/\/www.aquimicasa.net\/blog\/#\/schema\/logo\/image\/"},"sameAs":["https:\/\/www.facebook.com\/aquimicasa.net","https:\/\/www.instagram.com\/","https:\/\/x.com\/EduLizarragaD","https:\/\/www.linkedin.com\/feed\/"]},{"@type":"Person","@id":"https:\/\/www.aquimicasa.net\/blog\/#\/schema\/person\/2cdfa2605534583395c8d7ce1d6cac14","name":"Eduardo Lizarraga","image":{"@type":"ImageObject","inLanguage":"es","@id":"https:\/\/secure.gravatar.com\/avatar\/bdabe1eeeed97b65a9cb7de2edd624b07995f7e13abc5fead15961f745f908cc?s=96&d=mm&r=g","url":"https:\/\/secure.gravatar.com\/avatar\/bdabe1eeeed97b65a9cb7de2edd624b07995f7e13abc5fead15961f745f908cc?s=96&d=mm&r=g","contentUrl":"https:\/\/secure.gravatar.com\/avatar\/bdabe1eeeed97b65a9cb7de2edd624b07995f7e13abc5fead15961f745f908cc?s=96&d=mm&r=g","caption":"Eduardo Lizarraga"},"description":"Periodista Econ\u00f3mico. Ha trabajado en diversos campos de la informaci\u00f3n. Corresponsal en conflictos, analista pol\u00edtico en Congreso y Senado, periodista del medio ambiente, editor, director editorial, director de comunicaci\u00f3n.... En estos momentos se ha especializado en el sector inmobiliario. Pero tambi\u00e9n es navegante y viajero, preocupado por la pobreza, el medio ambiente y por las actuaciones descontroladas del neoliberalismo empresarial y pol\u00edtico en todo el mundo. Los desahucios, la pobreza infantil y la falta de acceso a los suministros b\u00e1sicos son algunos de los grandes dramas de nuestra sociedad y que es preciso solucionar para hacerla m\u00e1s justa. CEO en www.aquimicasa.net","sameAs":["https:\/\/www.aquimicasa.net\/"],"url":"https:\/\/www.aquimicasa.net\/blog\/author\/eduardo\/"}]}},"jetpack_publicize_connections":[],"jetpack_featured_media_url":"https:\/\/www.aquimicasa.net\/blog\/wp-content\/uploads\/El-euribor-impacta-1-e1777582306812.jpeg","jetpack_sharing_enabled":true,"jetpack_likes_enabled":true,"_links":{"self":[{"href":"https:\/\/www.aquimicasa.net\/blog\/wp-json\/wp\/v2\/posts\/56132","targetHints":{"allow":["GET"]}}],"collection":[{"href":"https:\/\/www.aquimicasa.net\/blog\/wp-json\/wp\/v2\/posts"}],"about":[{"href":"https:\/\/www.aquimicasa.net\/blog\/wp-json\/wp\/v2\/types\/post"}],"author":[{"embeddable":true,"href":"https:\/\/www.aquimicasa.net\/blog\/wp-json\/wp\/v2\/users\/3"}],"replies":[{"embeddable":true,"href":"https:\/\/www.aquimicasa.net\/blog\/wp-json\/wp\/v2\/comments?post=56132"}],"version-history":[{"count":2,"href":"https:\/\/www.aquimicasa.net\/blog\/wp-json\/wp\/v2\/posts\/56132\/revisions"}],"predecessor-version":[{"id":56138,"href":"https:\/\/www.aquimicasa.net\/blog\/wp-json\/wp\/v2\/posts\/56132\/revisions\/56138"}],"wp:featuredmedia":[{"embeddable":true,"href":"https:\/\/www.aquimicasa.net\/blog\/wp-json\/wp\/v2\/media\/56137"}],"wp:attachment":[{"href":"https:\/\/www.aquimicasa.net\/blog\/wp-json\/wp\/v2\/media?parent=56132"}],"wp:term":[{"taxonomy":"category","embeddable":true,"href":"https:\/\/www.aquimicasa.net\/blog\/wp-json\/wp\/v2\/categories?post=56132"},{"taxonomy":"post_tag","embeddable":true,"href":"https:\/\/www.aquimicasa.net\/blog\/wp-json\/wp\/v2\/tags?post=56132"}],"curies":[{"name":"wp","href":"https:\/\/api.w.org\/{rel}","templated":true}]}}