{"id":56806,"date":"2026-06-23T22:28:09","date_gmt":"2026-06-23T20:28:09","guid":{"rendered":"https:\/\/www.aquimicasa.net\/blog\/?p=56806"},"modified":"2026-06-23T22:28:09","modified_gmt":"2026-06-23T20:28:09","slug":"el-precio-de-la-vivienda-ya-supera-al-del-boom-inmobiliario","status":"publish","type":"post","link":"https:\/\/www.aquimicasa.net\/blog\/vivienda\/compraventa-de-viviendas\/el-precio-de-la-vivienda-ya-supera-al-del-boom-inmobiliario\/","title":{"rendered":"El precio de la vivienda ya supera al del boom inmobiliario"},"content":{"rendered":"<div class=\"fusion-fullwidth fullwidth-box fusion-builder-row-1 fusion-flex-container nonhundred-percent-fullwidth non-hundred-percent-height-scrolling\" style=\"background-color: rgba(255,255,255,0);background-position: center center;background-repeat: no-repeat;border-width: 0px 0px 0px 0px;border-color:#eae9e9;border-style:solid;\" ><div class=\"fusion-builder-row fusion-row fusion-flex-align-items-flex-start\" style=\"max-width:1144px;margin-left: calc(-4% \/ 2 );margin-right: calc(-4% \/ 2 );\"><div class=\"fusion-layout-column fusion_builder_column fusion-builder-column-0 fusion_builder_column_1_1 1_1 fusion-flex-column\"><div class=\"fusion-column-wrapper fusion-flex-justify-content-flex-start fusion-content-layout-column\" style=\"background-position:left top;background-repeat:no-repeat;-webkit-background-size:cover;-moz-background-size:cover;-o-background-size:cover;background-size:cover;padding: 0px 0px 0px 0px;\"><div class=\"fusion-text fusion-text-1\"><p class=\"font-claude-response-body break-words whitespace-normal\">\u00a0El Ministerio de Vivienda y Agenda Urbana ha publicado el bolet\u00edn anual del Observatorio de Vivienda y Suelo correspondiente al cierre del ejercicio de 2025, y los datos que contiene merecen una lectura pausada, porque detr\u00e1s de los titulares triunfalistas hay una realidad que no invita precisamente a la celebraci\u00f3n. El precio de la vivienda libre registr\u00f3 un incremento interanual del <strong>13,1%<\/strong>, situ\u00e1ndose en los <strong>2.230 euros por metro cuadrado<\/strong>. Un nivel que supera en un <strong>7% en t\u00e9rminos nominales<\/strong> el m\u00e1ximo alcanzado en 2007, en el pico del llamado boom inmobiliario, cuando el metro cuadrado costaba de media 2.085,5 euros. Es la primera vez desde aquella euforia que el mercado residencial espa\u00f1ol alcanza y rebasa esa cota. Cinco a\u00f1os consecutivos de subidas avalan la tendencia.<\/p>\n<h2 class=\"font-claude-response-body break-words whitespace-normal\"><strong>Que el precio de la vivienda suba no es una buena noticia porque los sueldos quedan atr\u00e1s<\/strong><\/h2>\n<p class=\"font-claude-response-body break-words whitespace-normal\">Conviene detenerse aqu\u00ed antes de pasar a las cifras de compraventas e hipotecas, que tambi\u00e9n son llamativas. Que el precio de la vivienda haya superado los m\u00e1ximos de 2007 no es un logro del que nadie deber\u00eda vanagloriarse. En 2007 aquellos precios eran insostenibles y el sistema acab\u00f3 reventando con consecuencias que todav\u00eda se recuerdan. Que en 2025 se haya vuelto a ese punto \u2014y se haya superado\u2014 sin que los salarios hayan seguido una trayectoria ni remotamente comparable es, en el mejor de los casos, una se\u00f1al de alerta. El <strong>art\u00edculo 47 de la Constituci\u00f3n<\/strong> establece el derecho de todos los espa\u00f1oles a disfrutar de una vivienda digna y adecuada. Lo que los datos del Observatorio describen es una realidad en la que ese derecho se aleja progresivamente para una parte importante de la poblaci\u00f3n, mientras otros, los que ya ten\u00edan vivienda en propiedad, ven c\u00f3mo su patrimonio se revaloriza sin hacer nada. No es un mercado que funcione bien. Es un mercado que funciona bien para unos pocos.<\/p>\n<h2 class=\"font-claude-response-body break-words whitespace-normal\"><strong>Las cifras r\u00e9cord de 2025<\/strong><\/h2>\n<p class=\"font-claude-response-body break-words whitespace-normal\">M\u00e1s all\u00e1 del precio, el bolet\u00edn acumula registros hist\u00f3ricos en pr\u00e1cticamente todos los indicadores de actividad. Las <strong>compraventas de vivienda alcanzaron las 752.098 operaciones<\/strong>, un 5,1% m\u00e1s que el a\u00f1o anterior y el mayor volumen desde 2007. En paralelo, se constituyeron <strong>501.073 hipotecas sobre vivienda<\/strong>, un 17,8% m\u00e1s que en el ejercicio previo y el dato m\u00e1s elevado desde 2012. La proporci\u00f3n de viviendas adquiridas mediante financiaci\u00f3n hipotecaria se elev\u00f3 hasta el <strong>66,6% del total de operaciones<\/strong>, m\u00e1s de siete puntos por encima de la registrada en 2024. Son n\u00fameros que reflejan una actividad intensa, pero tambi\u00e9n una dependencia creciente del cr\u00e9dito para poder acceder a la vivienda, en un contexto en el que los tipos, aunque en proceso de correcci\u00f3n, siguen siendo significativamente m\u00e1s altos que hace tres a\u00f1os.<\/p>\n<h2 class=\"font-claude-response-body break-words whitespace-normal\"><strong>\u00bfPor qu\u00e9 baja la rentabilidad bruta del alquiler si los precios est\u00e1n como nunca?<\/strong><\/h2>\n<p class=\"font-claude-response-body break-words whitespace-normal\">La paradoja m\u00e1s llamativa del informe est\u00e1 en el mercado del alquiler. A pesar de que los precios de arrendamiento han subido con fuerza en los \u00faltimos a\u00f1os \u2014en algunas ciudades de forma dram\u00e1tica\u2014, la <strong>rentabilidad bruta ha descendido de forma sostenida durante los \u00faltimos once a\u00f1os<\/strong>, pasando del 4,6% que supon\u00eda en 2014 hasta situarse en un <strong>3,05% en el \u00faltimo trimestre de 2025<\/strong>. La explicaci\u00f3n est\u00e1 en que el precio de compra de los inmuebles ha crecido mucho m\u00e1s r\u00e1pido que las rentas de alquiler que generan, lo que comprime el retorno para el inversor. Ese diferencial creciente est\u00e1 detr\u00e1s de la salida del mercado de un n\u00famero relevante de peque\u00f1os propietarios e inversores, que prefieren desinvertir antes de asumir la gesti\u00f3n de un activo cuya rentabilidad mengua mientras la presi\u00f3n regulatoria aumenta. El resultado, parad\u00f3jicamente, es menos oferta y m\u00e1s presi\u00f3n sobre los precios de arrendamiento. Un c\u00edrculo que nadie parece saber c\u00f3mo romper.<\/p>\n<h2 class=\"font-claude-response-body break-words whitespace-normal\"><strong>La diferencia entre viviendas iniciadas y terminadas<\/strong><\/h2>\n<p class=\"font-claude-response-body break-words whitespace-normal\">Uno de los datos m\u00e1s reveladores del bolet\u00edn tiene que ver con la producci\u00f3n de vivienda nueva. El n\u00famero de <strong>viviendas iniciadas en 2025 alcanz\u00f3 las 137.330 unidades<\/strong>, el mayor registro de los \u00faltimos 16 a\u00f1os. La cifra suena bien hasta que se pone al lado de la de viviendas <strong>terminadas: 91.896<\/strong>, un 9% menos que el a\u00f1o anterior. La brecha entre lo que se empieza y lo que se acaba es estructural, y evidencia los problemas del sector constructor para culminar proyectos en los plazos previstos: falta de mano de obra cualificada, encarecimiento de materiales, dificultades de financiaci\u00f3n en fases intermedias. Pero es que incluso si las 137.330 viviendas iniciadas llegaran a buen puerto, seguir\u00edan siendo insuficientes. El Banco de Espa\u00f1a ha cifrado el d\u00e9ficit acumulado en <strong>750.000 unidades<\/strong>, y los expertos del sector coinciden en se\u00f1alar que el ritmo necesario para ir resolvi\u00e9ndolo deber\u00eda aproximarse a las <strong>200.000 viviendas anuales<\/strong>. Estamos muy lejos de eso.<\/p>\n<h2 class=\"font-claude-response-body break-words whitespace-normal\"><strong>El esfuerzo para adquirir una vivienda<\/strong><\/h2>\n<p class=\"font-claude-response-body break-words whitespace-normal\">El Observatorio incluye en su bolet\u00edn dos indicadores que miden el esfuerzo que supone acceder a la vivienda en propiedad, y ambos apuntan en la misma direcci\u00f3n. La compra de un inmueble exige en 2025 el equivalente a <strong>7,98 a\u00f1os de renta bruta disponible por hogar<\/strong>, un dato que, aunque todav\u00eda por debajo del m\u00e1ximo hist\u00f3rico de 9,3 a\u00f1os registrado en 2007, sigue representando una carga extraordinaria. El <strong>esfuerzo financiero te\u00f3rico para la compra se sit\u00faa en el 35,5% de la renta bruta anual<\/strong> de los hogares, frente al 34,8% del a\u00f1o anterior. El umbral que los organismos internacionales consideran razonable es el 30%. Espa\u00f1a lo supera. Y no por poco.<\/p>\n<h2 class=\"font-claude-response-body break-words whitespace-normal\"><strong>Previsiones de las cifras del mercado de la vivienda para 2026<\/strong><\/h2>\n<p class=\"font-claude-response-body break-words whitespace-normal\">El contexto en el que arranca 2026 no anticipa una correcci\u00f3n espont\u00e1nea. La demanda sigue siendo robusta, el stock disponible en las grandes \u00e1reas urbanas sigue siendo insuficiente y la producci\u00f3n nueva no crece al ritmo necesario. En el cap\u00edtulo de la vivienda protegida, el Ministerio destaca que el importe acumulado en licitaciones desde 2019 asciende a <strong>4.035 millones de euros<\/strong>, casi el triple de los 1.384 millones destinados en el per\u00edodo 2012-2018. Es un avance, pero insuficiente si no va acompa\u00f1ado de una mayor implicaci\u00f3n de las Comunidades Aut\u00f3nomas, que en demasiados casos han optado por mirar hacia otro lado \u2014o hacia los intereses de quienes tienen vivienda, que tambi\u00e9n votan\u2014 en lugar de articular pol\u00edticas de suelo y promoci\u00f3n p\u00fablica que alivien la presi\u00f3n. Las cifras de 2025 describen un mercado que crece, s\u00ed, pero que deja fuera a una parte creciente de la poblaci\u00f3n. Y eso, tarde o temprano, tiene consecuencias.<\/p>\n<\/div><\/div><style type=\"text\/css\">.fusion-body .fusion-builder-column-0{width:100% !important;margin-top : 0px;margin-bottom : 0px;}.fusion-builder-column-0 > .fusion-column-wrapper {padding-top : 0px !important;padding-right : 0px !important;margin-right : 1.92%;padding-bottom : 0px !important;padding-left : 0px !important;margin-left : 1.92%;}@media only screen and (max-width:1024px) {.fusion-body .fusion-builder-column-0{width:100% !important;}.fusion-builder-column-0 > .fusion-column-wrapper {margin-right : 1.92%;margin-left : 1.92%;}}@media only screen and (max-width:640px) {.fusion-body .fusion-builder-column-0{width:100% !important;}.fusion-builder-column-0 > .fusion-column-wrapper {margin-right : 1.92%;margin-left : 1.92%;}}<\/style><\/div><\/div><style type=\"text\/css\">.fusion-body .fusion-flex-container.fusion-builder-row-1{ padding-top : 0px;margin-top : 0px;padding-right : 0px;padding-bottom : 0px;margin-bottom : 0px;padding-left : 0px;}<\/style><\/div>\n","protected":false},"excerpt":{"rendered":"<p>A pesar de que los precios de arrendamiento han subido con fuerza en los \u00faltimos a\u00f1os \u2014en algunas ciudades de forma dram\u00e1tica\u2014, la rentabilidad bruta ha descendido de forma sostenida durante los \u00faltimos once a\u00f1os, pasando del 4,6% que supon\u00eda en 2014 hasta situarse en un 3,05% en el \u00faltimo trimestre de 2025<\/p>\n","protected":false},"author":3,"featured_media":56811,"comment_status":"closed","ping_status":"closed","sticky":false,"template":"","format":"standard","meta":{"_jetpack_memberships_contains_paid_content":false,"footnotes":"","jetpack_publicize_message":"","jetpack_publicize_feature_enabled":true,"jetpack_social_post_already_shared":true,"jetpack_social_options":{"image_generator_settings":{"template":"highway","default_image_id":0,"font":"","enabled":false},"version":2}},"categories":[100],"tags":[8301],"class_list":["post-56806","post","type-post","status-publish","format-standard","has-post-thumbnail","hentry","category-compraventa-de-viviendas","tag-newsletter-571"],"yoast_head":"<!-- This site is optimized with the Yoast SEO plugin v28.2 - https:\/\/yoast.com\/product\/yoast-seo-wordpress\/ -->\n<title>El precio de la vivienda ya supera al del boom inmobiliario<\/title>\n<meta name=\"description\" content=\"Las compraventas de vivienda alcanzaron las 752.098 operaciones, un 5,1% m\u00e1s que el a\u00f1o anterior y el mayor volumen desde 2007.\" \/>\n<meta name=\"robots\" content=\"index, follow, max-snippet:-1, max-image-preview:large, max-video-preview:-1\" \/>\n<link rel=\"canonical\" href=\"https:\/\/www.aquimicasa.net\/blog\/vivienda\/compraventa-de-viviendas\/el-precio-de-la-vivienda-ya-supera-al-del-boom-inmobiliario\/\" \/>\n<meta property=\"og:locale\" content=\"es_ES\" \/>\n<meta property=\"og:type\" content=\"article\" \/>\n<meta property=\"og:title\" content=\"El precio de la vivienda ya supera al del boom inmobiliario\" \/>\n<meta property=\"og:description\" content=\"Las compraventas de vivienda alcanzaron las 752.098 operaciones, un 5,1% m\u00e1s que el a\u00f1o anterior y el mayor volumen desde 2007.\" \/>\n<meta property=\"og:url\" content=\"https:\/\/www.aquimicasa.net\/blog\/vivienda\/compraventa-de-viviendas\/el-precio-de-la-vivienda-ya-supera-al-del-boom-inmobiliario\/\" \/>\n<meta property=\"og:site_name\" content=\"Blog de aquimicasa.net\" \/>\n<meta property=\"article:publisher\" content=\"https:\/\/www.facebook.com\/aquimicasa.net\" \/>\n<meta property=\"article:published_time\" content=\"2026-06-23T20:28:09+00:00\" \/>\n<meta property=\"og:image\" content=\"https:\/\/www.aquimicasa.net\/blog\/wp-content\/uploads\/dinero-y-casa-5-e1751016806616-1-1.jpg\" \/>\n\t<meta property=\"og:image:width\" content=\"500\" \/>\n\t<meta property=\"og:image:height\" content=\"334\" \/>\n\t<meta property=\"og:image:type\" content=\"image\/jpeg\" \/>\n<meta name=\"author\" content=\"Eduardo Lizarraga\" \/>\n<meta name=\"twitter:label1\" content=\"Escrito por\" \/>\n\t<meta name=\"twitter:data1\" content=\"Eduardo Lizarraga\" \/>\n\t<meta name=\"twitter:label2\" content=\"Tiempo de lectura\" \/>\n\t<meta name=\"twitter:data2\" content=\"7 minutos\" \/>\n<script type=\"application\/ld+json\" class=\"yoast-schema-graph\">{\"@context\":\"https:\\\/\\\/schema.org\",\"@graph\":[{\"@type\":\"Article\",\"@id\":\"https:\\\/\\\/www.aquimicasa.net\\\/blog\\\/vivienda\\\/compraventa-de-viviendas\\\/el-precio-de-la-vivienda-ya-supera-al-del-boom-inmobiliario\\\/#article\",\"isPartOf\":{\"@id\":\"https:\\\/\\\/www.aquimicasa.net\\\/blog\\\/vivienda\\\/compraventa-de-viviendas\\\/el-precio-de-la-vivienda-ya-supera-al-del-boom-inmobiliario\\\/\"},\"author\":{\"name\":\"Eduardo Lizarraga\",\"@id\":\"https:\\\/\\\/www.aquimicasa.net\\\/blog\\\/#\\\/schema\\\/person\\\/2cdfa2605534583395c8d7ce1d6cac14\"},\"headline\":\"El precio de la vivienda ya supera al del boom inmobiliario\",\"datePublished\":\"2026-06-23T20:28:09+00:00\",\"mainEntityOfPage\":{\"@id\":\"https:\\\/\\\/www.aquimicasa.net\\\/blog\\\/vivienda\\\/compraventa-de-viviendas\\\/el-precio-de-la-vivienda-ya-supera-al-del-boom-inmobiliario\\\/\"},\"wordCount\":1366,\"publisher\":{\"@id\":\"https:\\\/\\\/www.aquimicasa.net\\\/blog\\\/#organization\"},\"image\":{\"@id\":\"https:\\\/\\\/www.aquimicasa.net\\\/blog\\\/vivienda\\\/compraventa-de-viviendas\\\/el-precio-de-la-vivienda-ya-supera-al-del-boom-inmobiliario\\\/#primaryimage\"},\"thumbnailUrl\":\"https:\\\/\\\/www.aquimicasa.net\\\/blog\\\/wp-content\\\/uploads\\\/dinero-y-casa-5-e1751016806616-1-1.jpg\",\"keywords\":[\"newsletter 571\"],\"articleSection\":[\"Compra Venta\"],\"inLanguage\":\"es\"},{\"@type\":\"WebPage\",\"@id\":\"https:\\\/\\\/www.aquimicasa.net\\\/blog\\\/vivienda\\\/compraventa-de-viviendas\\\/el-precio-de-la-vivienda-ya-supera-al-del-boom-inmobiliario\\\/\",\"url\":\"https:\\\/\\\/www.aquimicasa.net\\\/blog\\\/vivienda\\\/compraventa-de-viviendas\\\/el-precio-de-la-vivienda-ya-supera-al-del-boom-inmobiliario\\\/\",\"name\":\"El precio de la vivienda ya supera al del boom inmobiliario\",\"isPartOf\":{\"@id\":\"https:\\\/\\\/www.aquimicasa.net\\\/blog\\\/#website\"},\"primaryImageOfPage\":{\"@id\":\"https:\\\/\\\/www.aquimicasa.net\\\/blog\\\/vivienda\\\/compraventa-de-viviendas\\\/el-precio-de-la-vivienda-ya-supera-al-del-boom-inmobiliario\\\/#primaryimage\"},\"image\":{\"@id\":\"https:\\\/\\\/www.aquimicasa.net\\\/blog\\\/vivienda\\\/compraventa-de-viviendas\\\/el-precio-de-la-vivienda-ya-supera-al-del-boom-inmobiliario\\\/#primaryimage\"},\"thumbnailUrl\":\"https:\\\/\\\/www.aquimicasa.net\\\/blog\\\/wp-content\\\/uploads\\\/dinero-y-casa-5-e1751016806616-1-1.jpg\",\"datePublished\":\"2026-06-23T20:28:09+00:00\",\"description\":\"Las compraventas de vivienda alcanzaron las 752.098 operaciones, un 5,1% m\u00e1s que el a\u00f1o anterior y el mayor volumen desde 2007.\",\"breadcrumb\":{\"@id\":\"https:\\\/\\\/www.aquimicasa.net\\\/blog\\\/vivienda\\\/compraventa-de-viviendas\\\/el-precio-de-la-vivienda-ya-supera-al-del-boom-inmobiliario\\\/#breadcrumb\"},\"inLanguage\":\"es\",\"potentialAction\":[{\"@type\":\"ReadAction\",\"target\":[\"https:\\\/\\\/www.aquimicasa.net\\\/blog\\\/vivienda\\\/compraventa-de-viviendas\\\/el-precio-de-la-vivienda-ya-supera-al-del-boom-inmobiliario\\\/\"]}]},{\"@type\":\"ImageObject\",\"inLanguage\":\"es\",\"@id\":\"https:\\\/\\\/www.aquimicasa.net\\\/blog\\\/vivienda\\\/compraventa-de-viviendas\\\/el-precio-de-la-vivienda-ya-supera-al-del-boom-inmobiliario\\\/#primaryimage\",\"url\":\"https:\\\/\\\/www.aquimicasa.net\\\/blog\\\/wp-content\\\/uploads\\\/dinero-y-casa-5-e1751016806616-1-1.jpg\",\"contentUrl\":\"https:\\\/\\\/www.aquimicasa.net\\\/blog\\\/wp-content\\\/uploads\\\/dinero-y-casa-5-e1751016806616-1-1.jpg\",\"width\":500,\"height\":334,\"caption\":\"Los precios seguir\u00e1n subiendo\"},{\"@type\":\"BreadcrumbList\",\"@id\":\"https:\\\/\\\/www.aquimicasa.net\\\/blog\\\/vivienda\\\/compraventa-de-viviendas\\\/el-precio-de-la-vivienda-ya-supera-al-del-boom-inmobiliario\\\/#breadcrumb\",\"itemListElement\":[{\"@type\":\"ListItem\",\"position\":1,\"name\":\"Portada\",\"item\":\"https:\\\/\\\/www.aquimicasa.net\\\/blog\\\/\"},{\"@type\":\"ListItem\",\"position\":2,\"name\":\"El precio de la vivienda ya supera al del boom inmobiliario\"}]},{\"@type\":\"WebSite\",\"@id\":\"https:\\\/\\\/www.aquimicasa.net\\\/blog\\\/#website\",\"url\":\"https:\\\/\\\/www.aquimicasa.net\\\/blog\\\/\",\"name\":\"Blog de aquimicasa.net\",\"description\":\"Noticias del Mundo Inmobiliario\",\"publisher\":{\"@id\":\"https:\\\/\\\/www.aquimicasa.net\\\/blog\\\/#organization\"},\"potentialAction\":[{\"@type\":\"SearchAction\",\"target\":{\"@type\":\"EntryPoint\",\"urlTemplate\":\"https:\\\/\\\/www.aquimicasa.net\\\/blog\\\/?s={search_term_string}\"},\"query-input\":{\"@type\":\"PropertyValueSpecification\",\"valueRequired\":true,\"valueName\":\"search_term_string\"}}],\"inLanguage\":\"es\"},{\"@type\":\"Organization\",\"@id\":\"https:\\\/\\\/www.aquimicasa.net\\\/blog\\\/#organization\",\"name\":\"Blog de aquimicasa.net\",\"url\":\"https:\\\/\\\/www.aquimicasa.net\\\/blog\\\/\",\"logo\":{\"@type\":\"ImageObject\",\"inLanguage\":\"es\",\"@id\":\"https:\\\/\\\/www.aquimicasa.net\\\/blog\\\/#\\\/schema\\\/logo\\\/image\\\/\",\"url\":\"https:\\\/\\\/www.aquimicasa.net\\\/blog\\\/wp-content\\\/uploads\\\/Logo-aquimicasa-1-e1528048213782.png\",\"contentUrl\":\"https:\\\/\\\/www.aquimicasa.net\\\/blog\\\/wp-content\\\/uploads\\\/Logo-aquimicasa-1-e1528048213782.png\",\"width\":225,\"height\":225,\"caption\":\"Blog de aquimicasa.net\"},\"image\":{\"@id\":\"https:\\\/\\\/www.aquimicasa.net\\\/blog\\\/#\\\/schema\\\/logo\\\/image\\\/\"},\"sameAs\":[\"https:\\\/\\\/www.facebook.com\\\/aquimicasa.net\",\"https:\\\/\\\/www.instagram.com\\\/\",\"https:\\\/\\\/x.com\\\/EduLizarragaD\",\"https:\\\/\\\/www.linkedin.com\\\/feed\\\/\"]},{\"@type\":\"Person\",\"@id\":\"https:\\\/\\\/www.aquimicasa.net\\\/blog\\\/#\\\/schema\\\/person\\\/2cdfa2605534583395c8d7ce1d6cac14\",\"name\":\"Eduardo Lizarraga\",\"image\":{\"@type\":\"ImageObject\",\"inLanguage\":\"es\",\"@id\":\"https:\\\/\\\/secure.gravatar.com\\\/avatar\\\/bdabe1eeeed97b65a9cb7de2edd624b07995f7e13abc5fead15961f745f908cc?s=96&d=mm&r=g\",\"url\":\"https:\\\/\\\/secure.gravatar.com\\\/avatar\\\/bdabe1eeeed97b65a9cb7de2edd624b07995f7e13abc5fead15961f745f908cc?s=96&d=mm&r=g\",\"contentUrl\":\"https:\\\/\\\/secure.gravatar.com\\\/avatar\\\/bdabe1eeeed97b65a9cb7de2edd624b07995f7e13abc5fead15961f745f908cc?s=96&d=mm&r=g\",\"caption\":\"Eduardo Lizarraga\"},\"description\":\"Periodista Econ\u00f3mico. Ha trabajado en diversos campos de la informaci\u00f3n. Corresponsal en conflictos, analista pol\u00edtico en Congreso y Senado, periodista del medio ambiente, editor, director editorial, director de comunicaci\u00f3n.... En estos momentos se ha especializado en el sector inmobiliario. Pero tambi\u00e9n es navegante y viajero, preocupado por la pobreza, el medio ambiente y por las actuaciones descontroladas del neoliberalismo empresarial y pol\u00edtico en todo el mundo. Los desahucios, la pobreza infantil y la falta de acceso a los suministros b\u00e1sicos son algunos de los grandes dramas de nuestra sociedad y que es preciso solucionar para hacerla m\u00e1s justa. CEO en www.aquimicasa.net\",\"sameAs\":[\"https:\\\/\\\/www.aquimicasa.net\\\/\"],\"url\":\"https:\\\/\\\/www.aquimicasa.net\\\/blog\\\/author\\\/eduardo\\\/\"}]}<\/script>\n<!-- \/ Yoast SEO plugin. -->","yoast_head_json":{"title":"El precio de la vivienda ya supera al del boom inmobiliario","description":"Las compraventas de vivienda alcanzaron las 752.098 operaciones, un 5,1% m\u00e1s que el a\u00f1o anterior y el mayor volumen desde 2007.","robots":{"index":"index","follow":"follow","max-snippet":"max-snippet:-1","max-image-preview":"max-image-preview:large","max-video-preview":"max-video-preview:-1"},"canonical":"https:\/\/www.aquimicasa.net\/blog\/vivienda\/compraventa-de-viviendas\/el-precio-de-la-vivienda-ya-supera-al-del-boom-inmobiliario\/","og_locale":"es_ES","og_type":"article","og_title":"El precio de la vivienda ya supera al del boom inmobiliario","og_description":"Las compraventas de vivienda alcanzaron las 752.098 operaciones, un 5,1% m\u00e1s que el a\u00f1o anterior y el mayor volumen desde 2007.","og_url":"https:\/\/www.aquimicasa.net\/blog\/vivienda\/compraventa-de-viviendas\/el-precio-de-la-vivienda-ya-supera-al-del-boom-inmobiliario\/","og_site_name":"Blog de aquimicasa.net","article_publisher":"https:\/\/www.facebook.com\/aquimicasa.net","article_published_time":"2026-06-23T20:28:09+00:00","og_image":[{"width":500,"height":334,"url":"https:\/\/www.aquimicasa.net\/blog\/wp-content\/uploads\/dinero-y-casa-5-e1751016806616-1-1.jpg","type":"image\/jpeg"}],"author":"Eduardo Lizarraga","twitter_misc":{"Escrito por":"Eduardo Lizarraga","Tiempo de lectura":"7 minutos"},"schema":{"@context":"https:\/\/schema.org","@graph":[{"@type":"Article","@id":"https:\/\/www.aquimicasa.net\/blog\/vivienda\/compraventa-de-viviendas\/el-precio-de-la-vivienda-ya-supera-al-del-boom-inmobiliario\/#article","isPartOf":{"@id":"https:\/\/www.aquimicasa.net\/blog\/vivienda\/compraventa-de-viviendas\/el-precio-de-la-vivienda-ya-supera-al-del-boom-inmobiliario\/"},"author":{"name":"Eduardo Lizarraga","@id":"https:\/\/www.aquimicasa.net\/blog\/#\/schema\/person\/2cdfa2605534583395c8d7ce1d6cac14"},"headline":"El precio de la vivienda ya supera al del boom inmobiliario","datePublished":"2026-06-23T20:28:09+00:00","mainEntityOfPage":{"@id":"https:\/\/www.aquimicasa.net\/blog\/vivienda\/compraventa-de-viviendas\/el-precio-de-la-vivienda-ya-supera-al-del-boom-inmobiliario\/"},"wordCount":1366,"publisher":{"@id":"https:\/\/www.aquimicasa.net\/blog\/#organization"},"image":{"@id":"https:\/\/www.aquimicasa.net\/blog\/vivienda\/compraventa-de-viviendas\/el-precio-de-la-vivienda-ya-supera-al-del-boom-inmobiliario\/#primaryimage"},"thumbnailUrl":"https:\/\/www.aquimicasa.net\/blog\/wp-content\/uploads\/dinero-y-casa-5-e1751016806616-1-1.jpg","keywords":["newsletter 571"],"articleSection":["Compra Venta"],"inLanguage":"es"},{"@type":"WebPage","@id":"https:\/\/www.aquimicasa.net\/blog\/vivienda\/compraventa-de-viviendas\/el-precio-de-la-vivienda-ya-supera-al-del-boom-inmobiliario\/","url":"https:\/\/www.aquimicasa.net\/blog\/vivienda\/compraventa-de-viviendas\/el-precio-de-la-vivienda-ya-supera-al-del-boom-inmobiliario\/","name":"El precio de la vivienda ya supera al del boom inmobiliario","isPartOf":{"@id":"https:\/\/www.aquimicasa.net\/blog\/#website"},"primaryImageOfPage":{"@id":"https:\/\/www.aquimicasa.net\/blog\/vivienda\/compraventa-de-viviendas\/el-precio-de-la-vivienda-ya-supera-al-del-boom-inmobiliario\/#primaryimage"},"image":{"@id":"https:\/\/www.aquimicasa.net\/blog\/vivienda\/compraventa-de-viviendas\/el-precio-de-la-vivienda-ya-supera-al-del-boom-inmobiliario\/#primaryimage"},"thumbnailUrl":"https:\/\/www.aquimicasa.net\/blog\/wp-content\/uploads\/dinero-y-casa-5-e1751016806616-1-1.jpg","datePublished":"2026-06-23T20:28:09+00:00","description":"Las compraventas de vivienda alcanzaron las 752.098 operaciones, un 5,1% m\u00e1s que el a\u00f1o anterior y el mayor volumen desde 2007.","breadcrumb":{"@id":"https:\/\/www.aquimicasa.net\/blog\/vivienda\/compraventa-de-viviendas\/el-precio-de-la-vivienda-ya-supera-al-del-boom-inmobiliario\/#breadcrumb"},"inLanguage":"es","potentialAction":[{"@type":"ReadAction","target":["https:\/\/www.aquimicasa.net\/blog\/vivienda\/compraventa-de-viviendas\/el-precio-de-la-vivienda-ya-supera-al-del-boom-inmobiliario\/"]}]},{"@type":"ImageObject","inLanguage":"es","@id":"https:\/\/www.aquimicasa.net\/blog\/vivienda\/compraventa-de-viviendas\/el-precio-de-la-vivienda-ya-supera-al-del-boom-inmobiliario\/#primaryimage","url":"https:\/\/www.aquimicasa.net\/blog\/wp-content\/uploads\/dinero-y-casa-5-e1751016806616-1-1.jpg","contentUrl":"https:\/\/www.aquimicasa.net\/blog\/wp-content\/uploads\/dinero-y-casa-5-e1751016806616-1-1.jpg","width":500,"height":334,"caption":"Los precios seguir\u00e1n subiendo"},{"@type":"BreadcrumbList","@id":"https:\/\/www.aquimicasa.net\/blog\/vivienda\/compraventa-de-viviendas\/el-precio-de-la-vivienda-ya-supera-al-del-boom-inmobiliario\/#breadcrumb","itemListElement":[{"@type":"ListItem","position":1,"name":"Portada","item":"https:\/\/www.aquimicasa.net\/blog\/"},{"@type":"ListItem","position":2,"name":"El precio de la vivienda ya supera al del boom inmobiliario"}]},{"@type":"WebSite","@id":"https:\/\/www.aquimicasa.net\/blog\/#website","url":"https:\/\/www.aquimicasa.net\/blog\/","name":"Blog de aquimicasa.net","description":"Noticias del Mundo Inmobiliario","publisher":{"@id":"https:\/\/www.aquimicasa.net\/blog\/#organization"},"potentialAction":[{"@type":"SearchAction","target":{"@type":"EntryPoint","urlTemplate":"https:\/\/www.aquimicasa.net\/blog\/?s={search_term_string}"},"query-input":{"@type":"PropertyValueSpecification","valueRequired":true,"valueName":"search_term_string"}}],"inLanguage":"es"},{"@type":"Organization","@id":"https:\/\/www.aquimicasa.net\/blog\/#organization","name":"Blog de aquimicasa.net","url":"https:\/\/www.aquimicasa.net\/blog\/","logo":{"@type":"ImageObject","inLanguage":"es","@id":"https:\/\/www.aquimicasa.net\/blog\/#\/schema\/logo\/image\/","url":"https:\/\/www.aquimicasa.net\/blog\/wp-content\/uploads\/Logo-aquimicasa-1-e1528048213782.png","contentUrl":"https:\/\/www.aquimicasa.net\/blog\/wp-content\/uploads\/Logo-aquimicasa-1-e1528048213782.png","width":225,"height":225,"caption":"Blog de aquimicasa.net"},"image":{"@id":"https:\/\/www.aquimicasa.net\/blog\/#\/schema\/logo\/image\/"},"sameAs":["https:\/\/www.facebook.com\/aquimicasa.net","https:\/\/www.instagram.com\/","https:\/\/x.com\/EduLizarragaD","https:\/\/www.linkedin.com\/feed\/"]},{"@type":"Person","@id":"https:\/\/www.aquimicasa.net\/blog\/#\/schema\/person\/2cdfa2605534583395c8d7ce1d6cac14","name":"Eduardo Lizarraga","image":{"@type":"ImageObject","inLanguage":"es","@id":"https:\/\/secure.gravatar.com\/avatar\/bdabe1eeeed97b65a9cb7de2edd624b07995f7e13abc5fead15961f745f908cc?s=96&d=mm&r=g","url":"https:\/\/secure.gravatar.com\/avatar\/bdabe1eeeed97b65a9cb7de2edd624b07995f7e13abc5fead15961f745f908cc?s=96&d=mm&r=g","contentUrl":"https:\/\/secure.gravatar.com\/avatar\/bdabe1eeeed97b65a9cb7de2edd624b07995f7e13abc5fead15961f745f908cc?s=96&d=mm&r=g","caption":"Eduardo Lizarraga"},"description":"Periodista Econ\u00f3mico. Ha trabajado en diversos campos de la informaci\u00f3n. Corresponsal en conflictos, analista pol\u00edtico en Congreso y Senado, periodista del medio ambiente, editor, director editorial, director de comunicaci\u00f3n.... En estos momentos se ha especializado en el sector inmobiliario. Pero tambi\u00e9n es navegante y viajero, preocupado por la pobreza, el medio ambiente y por las actuaciones descontroladas del neoliberalismo empresarial y pol\u00edtico en todo el mundo. Los desahucios, la pobreza infantil y la falta de acceso a los suministros b\u00e1sicos son algunos de los grandes dramas de nuestra sociedad y que es preciso solucionar para hacerla m\u00e1s justa. CEO en www.aquimicasa.net","sameAs":["https:\/\/www.aquimicasa.net\/"],"url":"https:\/\/www.aquimicasa.net\/blog\/author\/eduardo\/"}]}},"jetpack_publicize_connections":[],"jetpack_featured_media_url":"https:\/\/www.aquimicasa.net\/blog\/wp-content\/uploads\/dinero-y-casa-5-e1751016806616-1-1.jpg","jetpack_sharing_enabled":true,"jetpack_likes_enabled":true,"_links":{"self":[{"href":"https:\/\/www.aquimicasa.net\/blog\/wp-json\/wp\/v2\/posts\/56806","targetHints":{"allow":["GET"]}}],"collection":[{"href":"https:\/\/www.aquimicasa.net\/blog\/wp-json\/wp\/v2\/posts"}],"about":[{"href":"https:\/\/www.aquimicasa.net\/blog\/wp-json\/wp\/v2\/types\/post"}],"author":[{"embeddable":true,"href":"https:\/\/www.aquimicasa.net\/blog\/wp-json\/wp\/v2\/users\/3"}],"replies":[{"embeddable":true,"href":"https:\/\/www.aquimicasa.net\/blog\/wp-json\/wp\/v2\/comments?post=56806"}],"version-history":[{"count":3,"href":"https:\/\/www.aquimicasa.net\/blog\/wp-json\/wp\/v2\/posts\/56806\/revisions"}],"predecessor-version":[{"id":56812,"href":"https:\/\/www.aquimicasa.net\/blog\/wp-json\/wp\/v2\/posts\/56806\/revisions\/56812"}],"wp:featuredmedia":[{"embeddable":true,"href":"https:\/\/www.aquimicasa.net\/blog\/wp-json\/wp\/v2\/media\/56811"}],"wp:attachment":[{"href":"https:\/\/www.aquimicasa.net\/blog\/wp-json\/wp\/v2\/media?parent=56806"}],"wp:term":[{"taxonomy":"category","embeddable":true,"href":"https:\/\/www.aquimicasa.net\/blog\/wp-json\/wp\/v2\/categories?post=56806"},{"taxonomy":"post_tag","embeddable":true,"href":"https:\/\/www.aquimicasa.net\/blog\/wp-json\/wp\/v2\/tags?post=56806"}],"curies":[{"name":"wp","href":"https:\/\/api.w.org\/{rel}","templated":true}]}}