{"id":56849,"date":"2026-06-26T18:56:00","date_gmt":"2026-06-26T16:56:00","guid":{"rendered":"https:\/\/www.aquimicasa.net\/blog\/?p=56849"},"modified":"2026-07-02T21:10:11","modified_gmt":"2026-07-02T19:10:11","slug":"navarra-regula-el-alquiler-de-habitaciones","status":"publish","type":"post","link":"https:\/\/www.aquimicasa.net\/blog\/vivienda\/compraventa-de-viviendas\/navarra-regula-el-alquiler-de-habitaciones\/","title":{"rendered":"Navarra regula el alquiler de habitaciones"},"content":{"rendered":"<div class=\"fusion-fullwidth fullwidth-box fusion-builder-row-1 fusion-flex-container nonhundred-percent-fullwidth non-hundred-percent-height-scrolling\" style=\"background-color: rgba(255,255,255,0);background-position: center center;background-repeat: no-repeat;border-width: 0px 0px 0px 0px;border-color:#eae9e9;border-style:solid;\" ><div class=\"fusion-builder-row fusion-row fusion-flex-align-items-flex-start\" style=\"max-width:1144px;margin-left: calc(-4% \/ 2 );margin-right: calc(-4% \/ 2 );\"><div class=\"fusion-layout-column fusion_builder_column fusion-builder-column-0 fusion_builder_column_1_1 1_1 fusion-flex-column\"><div class=\"fusion-column-wrapper fusion-flex-justify-content-flex-start fusion-content-layout-column\" style=\"background-position:left top;background-repeat:no-repeat;-webkit-background-size:cover;-moz-background-size:cover;-o-background-size:cover;background-size:cover;padding: 0px 0px 0px 0px;\"><div class=\"fusion-text fusion-text-1\"><p class=\"font-claude-response-body break-words whitespace-normal\">Navarra se convierte en la primera comunidad aut\u00f3noma espa\u00f1ola en contar con una ley espec\u00edfica que regula el arrendamiento de habitaciones. El Pleno del Parlamento foral ha aprobado la <strong>Ley Foral reguladora del arrendamiento de habitaciones y otras formas de cesi\u00f3n de uso de vivienda en Navarra<\/strong> con los votos a favor de PSN, EH Bildu, Geroa Bai y Contigo-Zurekin, y la oposici\u00f3n de UPN, PPN y la diputada no adscrita. Una norma que llega para cerrar un vac\u00edo legal que algunos propietarios hab\u00edan aprovechado para eludir los l\u00edmites de precio establecidos en las zonas de mercado residencial tensionado, una escapatoria que afectaba directamente a los inquilinos m\u00e1s vulnerables.<\/p>\n<p class=\"font-claude-response-body break-words whitespace-normal\">La Ley Foral parte de una premisa tan sencilla como urgente: el arrendamiento de habitaciones es una realidad diferenciada que, hasta ahora, carec\u00eda en Navarra de un marco jur\u00eddico equiparable al que protege a quienes alquilan una vivienda completa. Ese desequilibrio hab\u00eda generado situaciones de abuso en las que personas con necesidades habitacionales reales se encontraban completamente desprotegidas, mientras algunos arrendadores encontraban en el alquiler por habitaciones un fil\u00f3n para esquivar la regulaci\u00f3n y obtener rendimientos muy superiores a los permitidos en el mercado de arrendamiento convencional.<\/p>\n<h2 class=\"font-claude-response-body break-words whitespace-normal\"><strong>La norma delimita tres modalidades contractuales<\/strong><\/h2>\n<p class=\"font-claude-response-body break-words whitespace-normal\">El texto legal estructura el mercado del alquiler de habitaciones en <strong>tres modalidades bien diferenciadas<\/strong>, cada una con su propio r\u00e9gimen jur\u00eddico y nivel de protecci\u00f3n. La primera y m\u00e1s garantista es el <strong>arrendamiento de habitaci\u00f3n para vivienda habitual<\/strong>, que puede ser permanente o temporal, y est\u00e1 concebida para cubrir la necesidad estable de alojamiento del arrendatario. La segunda modalidad es el <strong>alquiler de habitaci\u00f3n de temporada<\/strong>, destinado a satisfacer necesidades puntuales o transitorias, como usos vacacionales, tur\u00edsticos, l\u00fadicos o recreativos. La tercera es el <strong>contrato de hospedaje<\/strong>, que puede alcanzar a la vivienda entera o a una sola estancia e incorpora obligatoriamente la prestaci\u00f3n de servicios m\u00ednimos, al menos limpieza y suministros.<\/p>\n<p class=\"font-claude-response-body break-words whitespace-normal\">Esta distinci\u00f3n no es un mero ejercicio de taxonom\u00eda jur\u00eddica. Tiene consecuencias pr\u00e1cticas muy concretas para arrendadores y arrendatarios, ya que el nivel de protecci\u00f3n aplicable, las obligaciones de informaci\u00f3n precontractual, los l\u00edmites de renta y las posibilidades de pr\u00f3rroga dependen directamente de la modalidad bajo la que se formalice el contrato.<\/p>\n<h2 class=\"font-claude-response-body break-words whitespace-normal\"><strong>Las condiciones del arrendamiento de una habitaci\u00f3n como vivienda habitual<\/strong><\/h2>\n<p class=\"font-claude-response-body break-words whitespace-normal\">El r\u00e9gimen m\u00e1s protector es el dise\u00f1ado para las habitaciones que constituyen la <strong>vivienda habitual permanente<\/strong> del inquilino. En estas situaciones, la ley extiende al arrendamiento de habitaciones el mismo esquema tuitivo que la Ley de Arrendamientos Urbanos aplica al alquiler de vivienda completa: <strong>duraci\u00f3n m\u00ednima, pr\u00f3rrogas obligatorias, limitaciones de renta, fianza y regulaci\u00f3n de gastos<\/strong>. El arrendador est\u00e1 obligado a informar al arrendatario, antes de formalizar el contrato, de una descripci\u00f3n precisa de la habitaci\u00f3n, las zonas comunes disponibles, el precio total de la renta, la periodicidad de pago, el \u00edndice de referencia de precios de alquiler aplicable, la forma de actualizaci\u00f3n de la renta y las garant\u00edas que puedan exigirse.<\/p>\n<p class=\"font-claude-response-body break-words whitespace-normal\">Omitir cualquiera de estos extremos, cuando induzca a confusi\u00f3n sobre las condiciones esenciales del contrato, podr\u00e1 constituir <strong>infracci\u00f3n grave<\/strong> conforme a la Ley Foral de Derecho a la Vivienda en Navarra. Adem\u00e1s, en las <strong>zonas declaradas de mercado residencial tensionado<\/strong>, la suma de las rentas de todas las habitaciones arrendadas simult\u00e1neamente en una misma vivienda no podr\u00e1 superar el l\u00edmite m\u00e1ximo fijado para el alquiler completo del inmueble. Esto elimina de ra\u00edz la pr\u00e1ctica de fragmentar una vivienda en habitaciones para obtener ingresos superiores a los permitidos por las zonas tensionadas.<\/p>\n<h2 class=\"font-claude-response-body break-words whitespace-normal\"><strong>El funcionamiento de los contratos temporales<\/strong><\/h2>\n<p class=\"font-claude-response-body break-words whitespace-normal\">Dentro del arrendamiento de habitaci\u00f3n para vivienda habitual, la ley contempla tambi\u00e9n los <strong>contratos temporales<\/strong>, que deben responder a causas concretas y debidamente acreditadas: motivos laborales, formativos, sanitarios, asistenciales u otros de naturaleza similar. La duraci\u00f3n ser\u00e1 la que acuerden libremente las partes, pero <strong>no podr\u00e1 superar el a\u00f1o<\/strong>. Si se rebasa ese l\u00edmite, el contrato pasa autom\u00e1ticamente a considerarse de vivienda habitual permanente, con todas las consecuencias protectoras que ello conlleva.<\/p>\n<p class=\"font-claude-response-body break-words whitespace-normal\">Si la duraci\u00f3n pactada es inferior a doce meses y, al vencimiento, persiste la causa que motiv\u00f3 el contrato temporal, este <strong>se prorroga obligatoriamente por plazos mensuales<\/strong> hasta alcanzar el m\u00e1ximo de doce meses o hasta que desaparezca la causa temporal, lo que ocurra antes. El arrendatario tiene adem\u00e1s la posibilidad de desistir del contrato temporal sin indemnizaci\u00f3n, siempre que haya transcurrido al menos un mes desde su formalizaci\u00f3n y lo comunique con un m\u00ednimo de diez d\u00edas de antelaci\u00f3n.<\/p>\n<h2 class=\"font-claude-response-body break-words whitespace-normal\"><strong>El hospedaje<\/strong><\/h2>\n<p class=\"font-claude-response-body break-words whitespace-normal\">La modalidad de hospedaje tiene una configuraci\u00f3n propia que la diferencia del arrendamiento cl\u00e1sico. El contrato puede referirse a la vivienda entera o a una \u00fanica estancia y debe incluir, con car\u00e1cter obligatorio, la prestaci\u00f3n de <strong>servicios m\u00ednimos vinculados al alojamiento<\/strong>: al menos limpieza y suministros. De forma potestativa, las partes pueden acordar servicios adicionales, como custodia o dep\u00f3sito. El precio ha de ser cierto y pactado entre las partes.<\/p>\n<p class=\"font-claude-response-body break-words whitespace-normal\">A diferencia del arrendamiento de vivienda habitual, el hospedaje se rige fundamentalmente por lo acordado entre arrendador y arrendatario, por los usos y costumbres del lugar y, supletoriamente, por el Derecho Civil Foral de Navarra. Los contratos de hospedaje que impliquen actividad tur\u00edstica sometida a inscripci\u00f3n en registros espec\u00edficos quedan exentos de la inscripci\u00f3n en el Registro de Contratos de Arrendamiento de Vivienda de Navarra.<\/p>\n<h2 class=\"font-claude-response-body break-words whitespace-normal\"><strong>Comenzar\u00e1 a aplicarse a partir del 1 de enero de 2027<\/strong><\/h2>\n<p class=\"font-claude-response-body break-words whitespace-normal\">La ley establece que <strong>todas las previsiones relativas al Registro de Contratos de Arrendamiento de Vivienda producir\u00e1n efectos a partir del 1 de enero de 2027<\/strong>. La inscripci\u00f3n de los contratos en dicho registro ser\u00e1 obligatoria y deber\u00e1 realizarse en el plazo de un mes desde la formalizaci\u00f3n del contrato o desde su entrada en vigor, si esta fuera posterior. En el caso de los contratos de uso distinto al de vivienda habitual por temporada, la inscripci\u00f3n exigir\u00e1 acreditar documentalmente la causa concreta que motiva el car\u00e1cter temporal: motivos laborales, formativos, asistenciales o vacacionales.<\/p>\n<p class=\"font-claude-response-body break-words whitespace-normal\">Esta fecha de aplicaci\u00f3n diferida da un margen razonable a propietarios, arrendatarios y administraci\u00f3n para adaptarse a las nuevas exigencias registrales, aunque el resto de obligaciones sustantivas de la ley entran en vigor de forma inmediata.<\/p>\n<h2 class=\"font-claude-response-body break-words whitespace-normal\"><strong>Regulaci\u00f3n de las denominadas comunidades de ayuda mutua<\/strong><\/h2>\n<p class=\"font-claude-response-body break-words whitespace-normal\">La ley incorpora tambi\u00e9n una figura hasta ahora sin reconocimiento legal expl\u00edcito en el ordenamiento foral: las <strong>comunidades de ayuda mutua<\/strong>. Se trata de f\u00f3rmulas de convivencia entre arrendatarios basadas en pactos de colaboraci\u00f3n y asistencia rec\u00edproca en el uso compartido de una vivienda. Estas comunidades deber\u00e1n formalizarse mediante <strong>pacto escrito<\/strong> en el que quede constancia de la contribuci\u00f3n de cada integrante a los gastos comunes y a las tareas dom\u00e9sticas, que puede ser igual o desigual, as\u00ed como de las prestaciones de car\u00e1cter asistencial que, en su caso, acuerden los convivientes.<\/p>\n<p class=\"font-claude-response-body break-words whitespace-normal\">Esta regulaci\u00f3n responde a una realidad social creciente, especialmente entre personas mayores o en situaci\u00f3n de vulnerabilidad, que optan por f\u00f3rmulas de cohabitaci\u00f3n basadas en la reciprocidad y el apoyo mutuo como alternativa habitacional.<\/p>\n<h2 class=\"font-claude-response-body break-words whitespace-normal\"><strong>Los derechos del arrendatario<\/strong><\/h2>\n<p class=\"font-claude-response-body break-words whitespace-normal\">La ley refuerza de forma sustancial la posici\u00f3n jur\u00eddica del arrendatario de habitaciones. El conjunto de derechos reconocidos abarca la <strong>obligaci\u00f3n de informaci\u00f3n precontractual detallada<\/strong>, la aplicaci\u00f3n del r\u00e9gimen de pr\u00f3rrogas propio del arrendamiento de vivienda, la posibilidad de desistimiento sin indemnizaci\u00f3n en contratos temporales, y la extensi\u00f3n a este mercado de los <strong>l\u00edmites de renta aplicables en zonas tensionadas<\/strong>.<\/p>\n<p class=\"font-claude-response-body break-words whitespace-normal\">La norma modifica asimismo la Ley Foral de Derecho a la Vivienda para tipificar como infracci\u00f3n grave el incumplimiento de las obligaciones de informaci\u00f3n precontractual cuando este induzca a confusi\u00f3n sobre las condiciones esenciales del acuerdo. Se trata de un avance significativo que convierte en sancionable una pr\u00e1ctica hasta ahora dif\u00edcilmente perseguible.<\/p>\n<p class=\"font-claude-response-body break-words whitespace-normal\">El debate en el pleno no estuvo exento de tensi\u00f3n. Los grupos de la oposici\u00f3n, UPN, PPN y la diputada no adscrita, cuestionaron la eficacia de los mecanismos de control y supervisi\u00f3n, as\u00ed como la capacidad de la norma para evitar usos fraudulentos. Tambi\u00e9n alertaron de un posible conflicto competencial: la <strong>sentencia del Tribunal Constitucional STC 37\/2022<\/strong> ya dej\u00f3 claro que la competencia estatal sobre las bases de las obligaciones contractuales act\u00faa como l\u00edmite directo a la capacidad normativa de las comunidades aut\u00f3nomas en materia de arrendamientos. Navarra podr\u00eda enfrentarse a un recurso de inconstitucionalidad si se considera que sus l\u00edmites de renta exceden lo que permite la LORAFNA. Los promotores de la ley lo saben y ya han advertido que habr\u00e1 batalla judicial. Pero tambi\u00e9n saben de qu\u00e9 lado est\u00e1n.<\/p>\n<\/div><\/div><style type=\"text\/css\">.fusion-body .fusion-builder-column-0{width:100% !important;margin-top : 0px;margin-bottom : 0px;}.fusion-builder-column-0 > .fusion-column-wrapper {padding-top : 0px !important;padding-right : 0px !important;margin-right : 1.92%;padding-bottom : 0px !important;padding-left : 0px !important;margin-left : 1.92%;}@media only screen and (max-width:1024px) {.fusion-body .fusion-builder-column-0{width:100% !important;}.fusion-builder-column-0 > .fusion-column-wrapper {margin-right : 1.92%;margin-left : 1.92%;}}@media only screen and (max-width:640px) {.fusion-body .fusion-builder-column-0{width:100% !important;}.fusion-builder-column-0 > .fusion-column-wrapper {margin-right : 1.92%;margin-left : 1.92%;}}<\/style><\/div><\/div><style type=\"text\/css\">.fusion-body .fusion-flex-container.fusion-builder-row-1{ padding-top : 0px;margin-top : 0px;padding-right : 0px;padding-bottom : 0px;margin-bottom : 0px;padding-left : 0px;}<\/style><\/div>\n","protected":false},"excerpt":{"rendered":"<p>La Ley Foral parte de una premisa tan sencilla como urgente: el arrendamiento de habitaciones es una realidad diferenciada que, hasta ahora, carec\u00eda en Navarra de un marco jur\u00eddico equiparable al que protege a quienes alquilan una vivienda completa.<\/p>\n","protected":false},"author":3,"featured_media":56857,"comment_status":"closed","ping_status":"closed","sticky":false,"template":"","format":"standard","meta":{"_jetpack_memberships_contains_paid_content":false,"footnotes":"","jetpack_publicize_message":"","jetpack_publicize_feature_enabled":true,"jetpack_social_post_already_shared":true,"jetpack_social_options":{"image_generator_settings":{"template":"highway","default_image_id":0,"font":"","enabled":false},"version":2}},"categories":[100],"tags":[8302],"class_list":["post-56849","post","type-post","status-publish","format-standard","has-post-thumbnail","hentry","category-compraventa-de-viviendas","tag-newsletter-572"],"yoast_head":"<!-- This site is optimized with the Yoast SEO plugin v28.2 - https:\/\/yoast.com\/product\/yoast-seo-wordpress\/ -->\n<title>Navarra regula el alquiler de habitaciones<\/title>\n<meta name=\"description\" content=\"El r\u00e9gimen m\u00e1s protector es el dise\u00f1ado para las habitaciones que constituyen la vivienda habitual permanente del inquilino.\" \/>\n<meta name=\"robots\" content=\"index, follow, max-snippet:-1, max-image-preview:large, max-video-preview:-1\" \/>\n<link rel=\"canonical\" href=\"https:\/\/www.aquimicasa.net\/blog\/vivienda\/compraventa-de-viviendas\/navarra-regula-el-alquiler-de-habitaciones\/\" \/>\n<meta property=\"og:locale\" content=\"es_ES\" \/>\n<meta property=\"og:type\" content=\"article\" \/>\n<meta property=\"og:title\" content=\"Navarra regula el alquiler de habitaciones\" \/>\n<meta property=\"og:description\" content=\"El r\u00e9gimen m\u00e1s protector es el dise\u00f1ado para las habitaciones que constituyen la vivienda habitual permanente del inquilino.\" \/>\n<meta property=\"og:url\" content=\"https:\/\/www.aquimicasa.net\/blog\/vivienda\/compraventa-de-viviendas\/navarra-regula-el-alquiler-de-habitaciones\/\" \/>\n<meta property=\"og:site_name\" content=\"Blog de aquimicasa.net\" \/>\n<meta property=\"article:publisher\" content=\"https:\/\/www.facebook.com\/aquimicasa.net\" \/>\n<meta property=\"article:published_time\" content=\"2026-06-26T16:56:00+00:00\" \/>\n<meta property=\"article:modified_time\" content=\"2026-07-02T19:10:11+00:00\" \/>\n<meta property=\"og:image\" content=\"https:\/\/www.aquimicasa.net\/blog\/wp-content\/uploads\/Pamplona-imagen1-1.jpg\" \/>\n\t<meta property=\"og:image:width\" content=\"696\" \/>\n\t<meta property=\"og:image:height\" content=\"464\" \/>\n\t<meta property=\"og:image:type\" content=\"image\/jpeg\" \/>\n<meta name=\"author\" content=\"Eduardo Lizarraga\" \/>\n<meta name=\"twitter:label1\" content=\"Escrito por\" \/>\n\t<meta name=\"twitter:data1\" content=\"Eduardo Lizarraga\" \/>\n\t<meta name=\"twitter:label2\" content=\"Tiempo de lectura\" \/>\n\t<meta name=\"twitter:data2\" content=\"7 minutos\" \/>\n<script type=\"application\/ld+json\" class=\"yoast-schema-graph\">{\"@context\":\"https:\\\/\\\/schema.org\",\"@graph\":[{\"@type\":\"Article\",\"@id\":\"https:\\\/\\\/www.aquimicasa.net\\\/blog\\\/vivienda\\\/compraventa-de-viviendas\\\/navarra-regula-el-alquiler-de-habitaciones\\\/#article\",\"isPartOf\":{\"@id\":\"https:\\\/\\\/www.aquimicasa.net\\\/blog\\\/vivienda\\\/compraventa-de-viviendas\\\/navarra-regula-el-alquiler-de-habitaciones\\\/\"},\"author\":{\"name\":\"Eduardo Lizarraga\",\"@id\":\"https:\\\/\\\/www.aquimicasa.net\\\/blog\\\/#\\\/schema\\\/person\\\/2cdfa2605534583395c8d7ce1d6cac14\"},\"headline\":\"Navarra regula el alquiler de habitaciones\",\"datePublished\":\"2026-06-26T16:56:00+00:00\",\"dateModified\":\"2026-07-02T19:10:11+00:00\",\"mainEntityOfPage\":{\"@id\":\"https:\\\/\\\/www.aquimicasa.net\\\/blog\\\/vivienda\\\/compraventa-de-viviendas\\\/navarra-regula-el-alquiler-de-habitaciones\\\/\"},\"wordCount\":1692,\"publisher\":{\"@id\":\"https:\\\/\\\/www.aquimicasa.net\\\/blog\\\/#organization\"},\"image\":{\"@id\":\"https:\\\/\\\/www.aquimicasa.net\\\/blog\\\/vivienda\\\/compraventa-de-viviendas\\\/navarra-regula-el-alquiler-de-habitaciones\\\/#primaryimage\"},\"thumbnailUrl\":\"https:\\\/\\\/www.aquimicasa.net\\\/blog\\\/wp-content\\\/uploads\\\/Pamplona-imagen1-1.jpg\",\"keywords\":[\"newsletter 572\"],\"articleSection\":[\"Compra Venta\"],\"inLanguage\":\"es\"},{\"@type\":\"WebPage\",\"@id\":\"https:\\\/\\\/www.aquimicasa.net\\\/blog\\\/vivienda\\\/compraventa-de-viviendas\\\/navarra-regula-el-alquiler-de-habitaciones\\\/\",\"url\":\"https:\\\/\\\/www.aquimicasa.net\\\/blog\\\/vivienda\\\/compraventa-de-viviendas\\\/navarra-regula-el-alquiler-de-habitaciones\\\/\",\"name\":\"Navarra regula el alquiler de habitaciones\",\"isPartOf\":{\"@id\":\"https:\\\/\\\/www.aquimicasa.net\\\/blog\\\/#website\"},\"primaryImageOfPage\":{\"@id\":\"https:\\\/\\\/www.aquimicasa.net\\\/blog\\\/vivienda\\\/compraventa-de-viviendas\\\/navarra-regula-el-alquiler-de-habitaciones\\\/#primaryimage\"},\"image\":{\"@id\":\"https:\\\/\\\/www.aquimicasa.net\\\/blog\\\/vivienda\\\/compraventa-de-viviendas\\\/navarra-regula-el-alquiler-de-habitaciones\\\/#primaryimage\"},\"thumbnailUrl\":\"https:\\\/\\\/www.aquimicasa.net\\\/blog\\\/wp-content\\\/uploads\\\/Pamplona-imagen1-1.jpg\",\"datePublished\":\"2026-06-26T16:56:00+00:00\",\"dateModified\":\"2026-07-02T19:10:11+00:00\",\"description\":\"El r\u00e9gimen m\u00e1s protector es el dise\u00f1ado para las habitaciones que constituyen la vivienda habitual permanente del inquilino.\",\"breadcrumb\":{\"@id\":\"https:\\\/\\\/www.aquimicasa.net\\\/blog\\\/vivienda\\\/compraventa-de-viviendas\\\/navarra-regula-el-alquiler-de-habitaciones\\\/#breadcrumb\"},\"inLanguage\":\"es\",\"potentialAction\":[{\"@type\":\"ReadAction\",\"target\":[\"https:\\\/\\\/www.aquimicasa.net\\\/blog\\\/vivienda\\\/compraventa-de-viviendas\\\/navarra-regula-el-alquiler-de-habitaciones\\\/\"]}]},{\"@type\":\"ImageObject\",\"inLanguage\":\"es\",\"@id\":\"https:\\\/\\\/www.aquimicasa.net\\\/blog\\\/vivienda\\\/compraventa-de-viviendas\\\/navarra-regula-el-alquiler-de-habitaciones\\\/#primaryimage\",\"url\":\"https:\\\/\\\/www.aquimicasa.net\\\/blog\\\/wp-content\\\/uploads\\\/Pamplona-imagen1-1.jpg\",\"contentUrl\":\"https:\\\/\\\/www.aquimicasa.net\\\/blog\\\/wp-content\\\/uploads\\\/Pamplona-imagen1-1.jpg\",\"width\":696,\"height\":464,\"caption\":\"El Parlamento de Navarra regula el alquiler de habitaciones\"},{\"@type\":\"BreadcrumbList\",\"@id\":\"https:\\\/\\\/www.aquimicasa.net\\\/blog\\\/vivienda\\\/compraventa-de-viviendas\\\/navarra-regula-el-alquiler-de-habitaciones\\\/#breadcrumb\",\"itemListElement\":[{\"@type\":\"ListItem\",\"position\":1,\"name\":\"Portada\",\"item\":\"https:\\\/\\\/www.aquimicasa.net\\\/blog\\\/\"},{\"@type\":\"ListItem\",\"position\":2,\"name\":\"Navarra regula el alquiler de habitaciones\"}]},{\"@type\":\"WebSite\",\"@id\":\"https:\\\/\\\/www.aquimicasa.net\\\/blog\\\/#website\",\"url\":\"https:\\\/\\\/www.aquimicasa.net\\\/blog\\\/\",\"name\":\"Blog de aquimicasa.net\",\"description\":\"Noticias del Mundo Inmobiliario\",\"publisher\":{\"@id\":\"https:\\\/\\\/www.aquimicasa.net\\\/blog\\\/#organization\"},\"potentialAction\":[{\"@type\":\"SearchAction\",\"target\":{\"@type\":\"EntryPoint\",\"urlTemplate\":\"https:\\\/\\\/www.aquimicasa.net\\\/blog\\\/?s={search_term_string}\"},\"query-input\":{\"@type\":\"PropertyValueSpecification\",\"valueRequired\":true,\"valueName\":\"search_term_string\"}}],\"inLanguage\":\"es\"},{\"@type\":\"Organization\",\"@id\":\"https:\\\/\\\/www.aquimicasa.net\\\/blog\\\/#organization\",\"name\":\"Blog de aquimicasa.net\",\"url\":\"https:\\\/\\\/www.aquimicasa.net\\\/blog\\\/\",\"logo\":{\"@type\":\"ImageObject\",\"inLanguage\":\"es\",\"@id\":\"https:\\\/\\\/www.aquimicasa.net\\\/blog\\\/#\\\/schema\\\/logo\\\/image\\\/\",\"url\":\"https:\\\/\\\/www.aquimicasa.net\\\/blog\\\/wp-content\\\/uploads\\\/Logo-aquimicasa-1-e1528048213782.png\",\"contentUrl\":\"https:\\\/\\\/www.aquimicasa.net\\\/blog\\\/wp-content\\\/uploads\\\/Logo-aquimicasa-1-e1528048213782.png\",\"width\":225,\"height\":225,\"caption\":\"Blog de aquimicasa.net\"},\"image\":{\"@id\":\"https:\\\/\\\/www.aquimicasa.net\\\/blog\\\/#\\\/schema\\\/logo\\\/image\\\/\"},\"sameAs\":[\"https:\\\/\\\/www.facebook.com\\\/aquimicasa.net\",\"https:\\\/\\\/www.instagram.com\\\/\",\"https:\\\/\\\/x.com\\\/EduLizarragaD\",\"https:\\\/\\\/www.linkedin.com\\\/feed\\\/\"]},{\"@type\":\"Person\",\"@id\":\"https:\\\/\\\/www.aquimicasa.net\\\/blog\\\/#\\\/schema\\\/person\\\/2cdfa2605534583395c8d7ce1d6cac14\",\"name\":\"Eduardo Lizarraga\",\"image\":{\"@type\":\"ImageObject\",\"inLanguage\":\"es\",\"@id\":\"https:\\\/\\\/secure.gravatar.com\\\/avatar\\\/bdabe1eeeed97b65a9cb7de2edd624b07995f7e13abc5fead15961f745f908cc?s=96&d=mm&r=g\",\"url\":\"https:\\\/\\\/secure.gravatar.com\\\/avatar\\\/bdabe1eeeed97b65a9cb7de2edd624b07995f7e13abc5fead15961f745f908cc?s=96&d=mm&r=g\",\"contentUrl\":\"https:\\\/\\\/secure.gravatar.com\\\/avatar\\\/bdabe1eeeed97b65a9cb7de2edd624b07995f7e13abc5fead15961f745f908cc?s=96&d=mm&r=g\",\"caption\":\"Eduardo Lizarraga\"},\"description\":\"Periodista Econ\u00f3mico. Ha trabajado en diversos campos de la informaci\u00f3n. Corresponsal en conflictos, analista pol\u00edtico en Congreso y Senado, periodista del medio ambiente, editor, director editorial, director de comunicaci\u00f3n.... En estos momentos se ha especializado en el sector inmobiliario. Pero tambi\u00e9n es navegante y viajero, preocupado por la pobreza, el medio ambiente y por las actuaciones descontroladas del neoliberalismo empresarial y pol\u00edtico en todo el mundo. Los desahucios, la pobreza infantil y la falta de acceso a los suministros b\u00e1sicos son algunos de los grandes dramas de nuestra sociedad y que es preciso solucionar para hacerla m\u00e1s justa. CEO en www.aquimicasa.net\",\"sameAs\":[\"https:\\\/\\\/www.aquimicasa.net\\\/\"],\"url\":\"https:\\\/\\\/www.aquimicasa.net\\\/blog\\\/author\\\/eduardo\\\/\"}]}<\/script>\n<!-- \/ Yoast SEO plugin. -->","yoast_head_json":{"title":"Navarra regula el alquiler de habitaciones","description":"El r\u00e9gimen m\u00e1s protector es el dise\u00f1ado para las habitaciones que constituyen la vivienda habitual permanente del inquilino.","robots":{"index":"index","follow":"follow","max-snippet":"max-snippet:-1","max-image-preview":"max-image-preview:large","max-video-preview":"max-video-preview:-1"},"canonical":"https:\/\/www.aquimicasa.net\/blog\/vivienda\/compraventa-de-viviendas\/navarra-regula-el-alquiler-de-habitaciones\/","og_locale":"es_ES","og_type":"article","og_title":"Navarra regula el alquiler de habitaciones","og_description":"El r\u00e9gimen m\u00e1s protector es el dise\u00f1ado para las habitaciones que constituyen la vivienda habitual permanente del inquilino.","og_url":"https:\/\/www.aquimicasa.net\/blog\/vivienda\/compraventa-de-viviendas\/navarra-regula-el-alquiler-de-habitaciones\/","og_site_name":"Blog de aquimicasa.net","article_publisher":"https:\/\/www.facebook.com\/aquimicasa.net","article_published_time":"2026-06-26T16:56:00+00:00","article_modified_time":"2026-07-02T19:10:11+00:00","og_image":[{"width":696,"height":464,"url":"https:\/\/www.aquimicasa.net\/blog\/wp-content\/uploads\/Pamplona-imagen1-1.jpg","type":"image\/jpeg"}],"author":"Eduardo Lizarraga","twitter_misc":{"Escrito por":"Eduardo Lizarraga","Tiempo de lectura":"7 minutos"},"schema":{"@context":"https:\/\/schema.org","@graph":[{"@type":"Article","@id":"https:\/\/www.aquimicasa.net\/blog\/vivienda\/compraventa-de-viviendas\/navarra-regula-el-alquiler-de-habitaciones\/#article","isPartOf":{"@id":"https:\/\/www.aquimicasa.net\/blog\/vivienda\/compraventa-de-viviendas\/navarra-regula-el-alquiler-de-habitaciones\/"},"author":{"name":"Eduardo Lizarraga","@id":"https:\/\/www.aquimicasa.net\/blog\/#\/schema\/person\/2cdfa2605534583395c8d7ce1d6cac14"},"headline":"Navarra regula el alquiler de habitaciones","datePublished":"2026-06-26T16:56:00+00:00","dateModified":"2026-07-02T19:10:11+00:00","mainEntityOfPage":{"@id":"https:\/\/www.aquimicasa.net\/blog\/vivienda\/compraventa-de-viviendas\/navarra-regula-el-alquiler-de-habitaciones\/"},"wordCount":1692,"publisher":{"@id":"https:\/\/www.aquimicasa.net\/blog\/#organization"},"image":{"@id":"https:\/\/www.aquimicasa.net\/blog\/vivienda\/compraventa-de-viviendas\/navarra-regula-el-alquiler-de-habitaciones\/#primaryimage"},"thumbnailUrl":"https:\/\/www.aquimicasa.net\/blog\/wp-content\/uploads\/Pamplona-imagen1-1.jpg","keywords":["newsletter 572"],"articleSection":["Compra Venta"],"inLanguage":"es"},{"@type":"WebPage","@id":"https:\/\/www.aquimicasa.net\/blog\/vivienda\/compraventa-de-viviendas\/navarra-regula-el-alquiler-de-habitaciones\/","url":"https:\/\/www.aquimicasa.net\/blog\/vivienda\/compraventa-de-viviendas\/navarra-regula-el-alquiler-de-habitaciones\/","name":"Navarra regula el alquiler de habitaciones","isPartOf":{"@id":"https:\/\/www.aquimicasa.net\/blog\/#website"},"primaryImageOfPage":{"@id":"https:\/\/www.aquimicasa.net\/blog\/vivienda\/compraventa-de-viviendas\/navarra-regula-el-alquiler-de-habitaciones\/#primaryimage"},"image":{"@id":"https:\/\/www.aquimicasa.net\/blog\/vivienda\/compraventa-de-viviendas\/navarra-regula-el-alquiler-de-habitaciones\/#primaryimage"},"thumbnailUrl":"https:\/\/www.aquimicasa.net\/blog\/wp-content\/uploads\/Pamplona-imagen1-1.jpg","datePublished":"2026-06-26T16:56:00+00:00","dateModified":"2026-07-02T19:10:11+00:00","description":"El r\u00e9gimen m\u00e1s protector es el dise\u00f1ado para las habitaciones que constituyen la vivienda habitual permanente del inquilino.","breadcrumb":{"@id":"https:\/\/www.aquimicasa.net\/blog\/vivienda\/compraventa-de-viviendas\/navarra-regula-el-alquiler-de-habitaciones\/#breadcrumb"},"inLanguage":"es","potentialAction":[{"@type":"ReadAction","target":["https:\/\/www.aquimicasa.net\/blog\/vivienda\/compraventa-de-viviendas\/navarra-regula-el-alquiler-de-habitaciones\/"]}]},{"@type":"ImageObject","inLanguage":"es","@id":"https:\/\/www.aquimicasa.net\/blog\/vivienda\/compraventa-de-viviendas\/navarra-regula-el-alquiler-de-habitaciones\/#primaryimage","url":"https:\/\/www.aquimicasa.net\/blog\/wp-content\/uploads\/Pamplona-imagen1-1.jpg","contentUrl":"https:\/\/www.aquimicasa.net\/blog\/wp-content\/uploads\/Pamplona-imagen1-1.jpg","width":696,"height":464,"caption":"El Parlamento de Navarra regula el alquiler de habitaciones"},{"@type":"BreadcrumbList","@id":"https:\/\/www.aquimicasa.net\/blog\/vivienda\/compraventa-de-viviendas\/navarra-regula-el-alquiler-de-habitaciones\/#breadcrumb","itemListElement":[{"@type":"ListItem","position":1,"name":"Portada","item":"https:\/\/www.aquimicasa.net\/blog\/"},{"@type":"ListItem","position":2,"name":"Navarra regula el alquiler de habitaciones"}]},{"@type":"WebSite","@id":"https:\/\/www.aquimicasa.net\/blog\/#website","url":"https:\/\/www.aquimicasa.net\/blog\/","name":"Blog de aquimicasa.net","description":"Noticias del Mundo Inmobiliario","publisher":{"@id":"https:\/\/www.aquimicasa.net\/blog\/#organization"},"potentialAction":[{"@type":"SearchAction","target":{"@type":"EntryPoint","urlTemplate":"https:\/\/www.aquimicasa.net\/blog\/?s={search_term_string}"},"query-input":{"@type":"PropertyValueSpecification","valueRequired":true,"valueName":"search_term_string"}}],"inLanguage":"es"},{"@type":"Organization","@id":"https:\/\/www.aquimicasa.net\/blog\/#organization","name":"Blog de aquimicasa.net","url":"https:\/\/www.aquimicasa.net\/blog\/","logo":{"@type":"ImageObject","inLanguage":"es","@id":"https:\/\/www.aquimicasa.net\/blog\/#\/schema\/logo\/image\/","url":"https:\/\/www.aquimicasa.net\/blog\/wp-content\/uploads\/Logo-aquimicasa-1-e1528048213782.png","contentUrl":"https:\/\/www.aquimicasa.net\/blog\/wp-content\/uploads\/Logo-aquimicasa-1-e1528048213782.png","width":225,"height":225,"caption":"Blog de aquimicasa.net"},"image":{"@id":"https:\/\/www.aquimicasa.net\/blog\/#\/schema\/logo\/image\/"},"sameAs":["https:\/\/www.facebook.com\/aquimicasa.net","https:\/\/www.instagram.com\/","https:\/\/x.com\/EduLizarragaD","https:\/\/www.linkedin.com\/feed\/"]},{"@type":"Person","@id":"https:\/\/www.aquimicasa.net\/blog\/#\/schema\/person\/2cdfa2605534583395c8d7ce1d6cac14","name":"Eduardo Lizarraga","image":{"@type":"ImageObject","inLanguage":"es","@id":"https:\/\/secure.gravatar.com\/avatar\/bdabe1eeeed97b65a9cb7de2edd624b07995f7e13abc5fead15961f745f908cc?s=96&d=mm&r=g","url":"https:\/\/secure.gravatar.com\/avatar\/bdabe1eeeed97b65a9cb7de2edd624b07995f7e13abc5fead15961f745f908cc?s=96&d=mm&r=g","contentUrl":"https:\/\/secure.gravatar.com\/avatar\/bdabe1eeeed97b65a9cb7de2edd624b07995f7e13abc5fead15961f745f908cc?s=96&d=mm&r=g","caption":"Eduardo Lizarraga"},"description":"Periodista Econ\u00f3mico. Ha trabajado en diversos campos de la informaci\u00f3n. Corresponsal en conflictos, analista pol\u00edtico en Congreso y Senado, periodista del medio ambiente, editor, director editorial, director de comunicaci\u00f3n.... En estos momentos se ha especializado en el sector inmobiliario. Pero tambi\u00e9n es navegante y viajero, preocupado por la pobreza, el medio ambiente y por las actuaciones descontroladas del neoliberalismo empresarial y pol\u00edtico en todo el mundo. Los desahucios, la pobreza infantil y la falta de acceso a los suministros b\u00e1sicos son algunos de los grandes dramas de nuestra sociedad y que es preciso solucionar para hacerla m\u00e1s justa. CEO en www.aquimicasa.net","sameAs":["https:\/\/www.aquimicasa.net\/"],"url":"https:\/\/www.aquimicasa.net\/blog\/author\/eduardo\/"}]}},"jetpack_publicize_connections":[],"jetpack_featured_media_url":"https:\/\/www.aquimicasa.net\/blog\/wp-content\/uploads\/Pamplona-imagen1-1.jpg","jetpack_sharing_enabled":true,"jetpack_likes_enabled":true,"_links":{"self":[{"href":"https:\/\/www.aquimicasa.net\/blog\/wp-json\/wp\/v2\/posts\/56849","targetHints":{"allow":["GET"]}}],"collection":[{"href":"https:\/\/www.aquimicasa.net\/blog\/wp-json\/wp\/v2\/posts"}],"about":[{"href":"https:\/\/www.aquimicasa.net\/blog\/wp-json\/wp\/v2\/types\/post"}],"author":[{"embeddable":true,"href":"https:\/\/www.aquimicasa.net\/blog\/wp-json\/wp\/v2\/users\/3"}],"replies":[{"embeddable":true,"href":"https:\/\/www.aquimicasa.net\/blog\/wp-json\/wp\/v2\/comments?post=56849"}],"version-history":[{"count":4,"href":"https:\/\/www.aquimicasa.net\/blog\/wp-json\/wp\/v2\/posts\/56849\/revisions"}],"predecessor-version":[{"id":56941,"href":"https:\/\/www.aquimicasa.net\/blog\/wp-json\/wp\/v2\/posts\/56849\/revisions\/56941"}],"wp:featuredmedia":[{"embeddable":true,"href":"https:\/\/www.aquimicasa.net\/blog\/wp-json\/wp\/v2\/media\/56857"}],"wp:attachment":[{"href":"https:\/\/www.aquimicasa.net\/blog\/wp-json\/wp\/v2\/media?parent=56849"}],"wp:term":[{"taxonomy":"category","embeddable":true,"href":"https:\/\/www.aquimicasa.net\/blog\/wp-json\/wp\/v2\/categories?post=56849"},{"taxonomy":"post_tag","embeddable":true,"href":"https:\/\/www.aquimicasa.net\/blog\/wp-json\/wp\/v2\/tags?post=56849"}],"curies":[{"name":"wp","href":"https:\/\/api.w.org\/{rel}","templated":true}]}}