{"id":56874,"date":"2026-06-29T21:35:28","date_gmt":"2026-06-29T19:35:28","guid":{"rendered":"https:\/\/www.aquimicasa.net\/blog\/?p=56874"},"modified":"2026-06-29T21:40:10","modified_gmt":"2026-06-29T19:40:10","slug":"se-avanza-un-nuevo-decreto-ley-sobre-vivienda","status":"publish","type":"post","link":"https:\/\/www.aquimicasa.net\/blog\/administracion-y-gobierno\/consejo-de-ministros\/se-avanza-un-nuevo-decreto-ley-sobre-vivienda\/","title":{"rendered":"Se avanza un nuevo decreto ley sobre vivienda"},"content":{"rendered":"<div class=\"fusion-fullwidth fullwidth-box fusion-builder-row-1 fusion-flex-container nonhundred-percent-fullwidth non-hundred-percent-height-scrolling\" style=\"background-color: rgba(255,255,255,0);background-position: center center;background-repeat: no-repeat;border-width: 0px 0px 0px 0px;border-color:#eae9e9;border-style:solid;\" ><div class=\"fusion-builder-row fusion-row fusion-flex-align-items-flex-start\" style=\"max-width:1144px;margin-left: calc(-4% \/ 2 );margin-right: calc(-4% \/ 2 );\"><div class=\"fusion-layout-column fusion_builder_column fusion-builder-column-0 fusion_builder_column_1_1 1_1 fusion-flex-column\"><div class=\"fusion-column-wrapper fusion-flex-justify-content-flex-start fusion-content-layout-column\" style=\"background-position:left top;background-repeat:no-repeat;-webkit-background-size:cover;-moz-background-size:cover;-o-background-size:cover;background-size:cover;padding: 0px 0px 0px 0px;\"><div class=\"fusion-text fusion-text-1\"><h2 class=\"font-claude-response-body break-words whitespace-normal\"><strong>IVA del 21% a pisos tur\u00edsticos, regulaci\u00f3n del alquiler de temporada y posible pr\u00f3rroga de contratos<\/strong><\/h2>\n<p class=\"font-claude-response-body break-words whitespace-normal\">El Gobierno ha anunciado que a lo largo del mes de julio aprobar\u00e1 un nuevo decreto-ley con medidas sobre vivienda que, seg\u00fan la ministra portavoz Elma Saiz, ser\u00e1 \u00abamplio y transversal\u00bb y recoger\u00e1 propuestas que distintos grupos parlamentarios han respaldado a lo largo de la legislatura. El objetivo declarado es doble: que el texto pueda ser convalidado en el Congreso y que sirva de respuesta a lo que el propio Ejecutivo reconoce como la principal preocupaci\u00f3n de los ciudadanos.<\/p>\n<h2 class=\"font-claude-response-body break-words whitespace-normal\"><strong>Qu\u00e9 medidas incluir\u00e1 el decreto<\/strong><\/h2>\n<p class=\"font-claude-response-body break-words whitespace-normal\">El paquete de medidas confirmadas abarca varios frentes. En materia fiscal, la m\u00e1s llamativa es la <strong>subida del IVA aplicado a los pisos tur\u00edsticos hasta el 21%<\/strong>, igual\u00e1ndolos as\u00ed al tipo general que ya soporta cualquier otra actividad econ\u00f3mica. Es una medida que cuesta poco defender desde un punto de vista l\u00f3gico: si alguien alquila un piso como negocio, con sus plataformas, su gesti\u00f3n profesionalizada y sus tarifas por noche, no hay raz\u00f3n de peso para que tribute como si fuera un arrendamiento residencial. Que haya tardado tanto en llegar dice m\u00e1s del peso del lobby tur\u00edstico que de la complejidad t\u00e9cnica de la medida.<\/p>\n<p class=\"font-claude-response-body break-words whitespace-normal\">Tambi\u00e9n se incluye la <strong>regulaci\u00f3n de los alquileres de temporada y por habitaciones<\/strong>, una asignatura pendiente que llevaba a\u00f1os anunci\u00e1ndose mientras los propietarios encontraban en estas modalidades una v\u00eda de escape c\u00f3moda y m\u00e1s rentable que el alquiler tradicional. La l\u00f3gica era sencilla: si el alquiler residencial se regula o se complica, se salta al de temporada. Si el de temporada se regula, se pasa al por habitaciones. El decreto pretende cerrar ese circuito.<\/p>\n<p class=\"font-claude-response-body break-words whitespace-normal\">Para los propietarios que decidan bajar la renta de sus inmuebles, el texto contempla <strong>bonificaciones en el IRPF<\/strong>, un incentivo fiscal que el Gobierno presenta como alternativa a la regulaci\u00f3n directa de precios. Se completa el cuadro con la <strong>obligatoriedad de que los contratos de alquiler se formalicen por escrito<\/strong>, medida aparentemente obvia pero que en la pr\u00e1ctica busca combatir el fraude y la econom\u00eda sumergida en el mercado del arrendamiento.<\/p>\n<h2 class=\"font-claude-response-body break-words whitespace-normal\"><strong>La pr\u00f3rroga de alquileres: segunda oportunidad para una medida ya tumbada<\/strong><\/h2>\n<p class=\"font-claude-response-body break-words whitespace-normal\">La medida m\u00e1s pol\u00edticamente cargada del paquete es la <strong>posible pr\u00f3rroga de los contratos de alquiler<\/strong>, y lo es porque ya tiene historia reciente. Hace tres meses, el Gobierno aprob\u00f3 v\u00eda decreto una norma que congelaba los contratos pr\u00f3ximos a vencer y fijaba un tope del 2% para las actualizaciones anuales durante los dos ejercicios siguientes. En t\u00e9rminos pr\u00e1cticos, permit\u00eda a los inquilinos con contrato venciendo antes del 31 de diciembre de 2027 solicitar una pr\u00f3rroga autom\u00e1tica, lo que les garantizaba estabilidad en precio y permanencia. Los sindicatos de inquilinos calculan que casi <strong>tres millones de personas<\/strong> se encuentran actualmente en esa situaci\u00f3n.<\/p>\n<p class=\"font-claude-response-body break-words whitespace-normal\">El problema es que ese decreto fue tumbado en el Congreso con los votos de PP, Vox y Junts, lo que lo dej\u00f3 sin efecto. Ahora el Gobierno intenta colar la misma medida en un texto m\u00e1s amplio, con la esperanza de que la naturaleza \u00abtransversal\u00bb del decreto diluya la resistencia parlamentaria. La clave est\u00e1 en Junts, cuyo apoyo es imprescindible para la convalidaci\u00f3n y que en la anterior votaci\u00f3n se aline\u00f3 con la derecha. Que el Ejecutivo apueste de nuevo por esta medida sugiere que conf\u00eda en haber negociado algo, aunque por el momento no hay confirmaci\u00f3n p\u00fablica de ese acuerdo.<\/p>\n<h2 class=\"font-claude-response-body break-words whitespace-normal\"><strong>El reto del Congreso: \u00bftiene ya el s\u00ed de Junts?<\/strong><\/h2>\n<p class=\"font-claude-response-body break-words whitespace-normal\">Un decreto-ley entra en vigor en el momento en que el Consejo de Ministros lo aprueba, pero tiene un plazo de 30 d\u00edas para ser convalidado por mayor\u00eda simple en el Congreso. Si no lo consigue, pierde todo efecto. Es el mecanismo que ya us\u00f3 el Gobierno con la pr\u00f3rroga de alquileres y que acab\u00f3 en fracaso parlamentario.<\/p>\n<p class=\"font-claude-response-body break-words whitespace-normal\">Esta vez, el Ejecutivo dice que el texto incorporar\u00e1 medidas respaldadas por distintas fuerzas pol\u00edticas a lo largo de la legislatura, lo que en el lenguaje pol\u00edtico habitual significa que han hecho los deberes de buscar apoyos antes de publicar el anuncio. Si eso incluye o no el respaldo de Junts es la pregunta que quedar\u00e1 sin respuesta hasta que llegue la votaci\u00f3n. La ministra Saiz fue deliberadamente ambigua al respecto, lo que puede interpretarse de dos maneras: o el acuerdo no est\u00e1 cerrado, o est\u00e1 cerrado pero no conviene proclamarlo antes de tiempo.<\/p>\n<h2 class=\"font-claude-response-body break-words whitespace-normal\"><strong>Previsiones macroecon\u00f3micas y el camino hacia los Presupuestos de 2027<\/strong><\/h2>\n<p class=\"font-claude-response-body break-words whitespace-normal\">En paralelo al anuncio sobre vivienda, el Consejo de Ministros aprob\u00f3 el nuevo cuadro macroecon\u00f3mico para el periodo 2026-2029, un paso que el propio Gobierno califica de \u00abfundamental\u00bb para la presentaci\u00f3n de los Presupuestos Generales del Estado de 2027. La previsi\u00f3n de crecimiento del PIB para este a\u00f1o se ha revisado al alza cuatro d\u00e9cimas, pasando del 2,2% al 2,6%, situ\u00e1ndose por encima de las estimaciones del Banco de Espa\u00f1a (2,3%), la AIReF (2,4%), la Comisi\u00f3n Europea (2,4%) y el FMI (2,1%).<\/p>\n<p class=\"font-claude-response-body break-words whitespace-normal\">El optimismo gubernamental en las previsiones es una constante que los organismos independientes corrigen sistem\u00e1ticamente a la baja, aunque en esta ocasi\u00f3n la distancia con el consenso no es especialmente llamativa. M\u00e1s relevante es que la presentaci\u00f3n del cuadro macroecon\u00f3mico activa el siguiente paso de la tramitaci\u00f3n presupuestaria: la convocatoria del Consejo de Pol\u00edtica Fiscal y Financiera para negociar con las comunidades aut\u00f3nomas los objetivos de estabilidad y el reparto del d\u00e9ficit. Despu\u00e9s vendr\u00e1 la aprobaci\u00f3n del techo de gasto en Consejo de Ministros, su remisi\u00f3n a las Cortes y, ya en oto\u00f1o, la presentaci\u00f3n del proyecto de ley. Algunos socios del Gobierno, como el PNV, ya han advertido que si los presupuestos no salen adelante, toca convocar elecciones.<\/p>\n<\/div><\/div><style type=\"text\/css\">.fusion-body .fusion-builder-column-0{width:100% !important;margin-top : 0px;margin-bottom : 0px;}.fusion-builder-column-0 > .fusion-column-wrapper {padding-top : 0px !important;padding-right : 0px !important;margin-right : 1.92%;padding-bottom : 0px !important;padding-left : 0px !important;margin-left : 1.92%;}@media only screen and (max-width:1024px) {.fusion-body .fusion-builder-column-0{width:100% !important;}.fusion-builder-column-0 > .fusion-column-wrapper {margin-right : 1.92%;margin-left : 1.92%;}}@media only screen and (max-width:640px) {.fusion-body .fusion-builder-column-0{width:100% !important;}.fusion-builder-column-0 > .fusion-column-wrapper {margin-right : 1.92%;margin-left : 1.92%;}}<\/style><\/div><\/div><style type=\"text\/css\">.fusion-body .fusion-flex-container.fusion-builder-row-1{ padding-top : 0px;margin-top : 0px;padding-right : 0px;padding-bottom : 0px;margin-bottom : 0px;padding-left : 0px;}<\/style><\/div>\n","protected":false},"excerpt":{"rendered":"<p>El paquete de medidas confirmadas abarca varios frentes. En materia fiscal, la m\u00e1s llamativa es la subida del IVA aplicado a los pisos tur\u00edsticos hasta el 21%, igual\u00e1ndolos as\u00ed al tipo general que ya soporta cualquier otra actividad econ\u00f3mica. Es una medida que cuesta poco defender desde un punto de vista l\u00f3gico: si alguien alquila un piso como negocio, con sus plataformas, su gesti\u00f3n profesionalizada y sus tarifas por noche, no hay raz\u00f3n de peso para que tribute como si fuera un arrendamiento residencial.<\/p>\n","protected":false},"author":3,"featured_media":50883,"comment_status":"closed","ping_status":"closed","sticky":false,"template":"","format":"standard","meta":{"_jetpack_memberships_contains_paid_content":false,"footnotes":"","jetpack_publicize_message":"","jetpack_publicize_feature_enabled":true,"jetpack_social_post_already_shared":true,"jetpack_social_options":{"image_generator_settings":{"template":"highway","default_image_id":0,"font":"","enabled":false},"version":2}},"categories":[63],"tags":[8302],"class_list":["post-56874","post","type-post","status-publish","format-standard","has-post-thumbnail","hentry","category-consejo-de-ministros","tag-newsletter-572"],"yoast_head":"<!-- This site is optimized with the Yoast SEO plugin v28.2 - https:\/\/yoast.com\/product\/yoast-seo-wordpress\/ -->\n<title>Se avanza un nuevo decreto ley sobre vivienda<\/title>\n<meta name=\"description\" content=\"La medida m\u00e1s pol\u00edticamente cargada del paquete es la pr\u00f3rroga de los contratos de alquiler, y lo es porque ya tiene historia reciente.\" \/>\n<meta name=\"robots\" content=\"index, follow, max-snippet:-1, max-image-preview:large, max-video-preview:-1\" \/>\n<link rel=\"canonical\" href=\"https:\/\/www.aquimicasa.net\/blog\/administracion-y-gobierno\/consejo-de-ministros\/se-avanza-un-nuevo-decreto-ley-sobre-vivienda\/\" \/>\n<meta property=\"og:locale\" content=\"es_ES\" \/>\n<meta property=\"og:type\" content=\"article\" \/>\n<meta property=\"og:title\" content=\"Se avanza un nuevo decreto ley sobre vivienda\" \/>\n<meta property=\"og:description\" content=\"La medida m\u00e1s pol\u00edticamente cargada del paquete es la pr\u00f3rroga de los contratos de alquiler, y lo es porque ya tiene historia reciente.\" \/>\n<meta property=\"og:url\" content=\"https:\/\/www.aquimicasa.net\/blog\/administracion-y-gobierno\/consejo-de-ministros\/se-avanza-un-nuevo-decreto-ley-sobre-vivienda\/\" \/>\n<meta property=\"og:site_name\" content=\"Blog de aquimicasa.net\" \/>\n<meta property=\"article:publisher\" content=\"https:\/\/www.facebook.com\/aquimicasa.net\" \/>\n<meta property=\"article:published_time\" content=\"2026-06-29T19:35:28+00:00\" \/>\n<meta property=\"article:modified_time\" content=\"2026-06-29T19:40:10+00:00\" \/>\n<meta property=\"og:image\" content=\"https:\/\/www.aquimicasa.net\/blog\/wp-content\/uploads\/Congreso-de-los-diputados5.jpg\" \/>\n\t<meta property=\"og:image:width\" content=\"655\" \/>\n\t<meta property=\"og:image:height\" content=\"368\" \/>\n\t<meta property=\"og:image:type\" content=\"image\/jpeg\" \/>\n<meta name=\"author\" content=\"Eduardo Lizarraga\" \/>\n<meta name=\"twitter:label1\" content=\"Escrito por\" \/>\n\t<meta name=\"twitter:data1\" content=\"Eduardo Lizarraga\" \/>\n\t<meta name=\"twitter:label2\" content=\"Tiempo de lectura\" \/>\n\t<meta name=\"twitter:data2\" content=\"5 minutos\" \/>\n<script type=\"application\/ld+json\" class=\"yoast-schema-graph\">{\"@context\":\"https:\\\/\\\/schema.org\",\"@graph\":[{\"@type\":\"Article\",\"@id\":\"https:\\\/\\\/www.aquimicasa.net\\\/blog\\\/administracion-y-gobierno\\\/consejo-de-ministros\\\/se-avanza-un-nuevo-decreto-ley-sobre-vivienda\\\/#article\",\"isPartOf\":{\"@id\":\"https:\\\/\\\/www.aquimicasa.net\\\/blog\\\/administracion-y-gobierno\\\/consejo-de-ministros\\\/se-avanza-un-nuevo-decreto-ley-sobre-vivienda\\\/\"},\"author\":{\"name\":\"Eduardo Lizarraga\",\"@id\":\"https:\\\/\\\/www.aquimicasa.net\\\/blog\\\/#\\\/schema\\\/person\\\/2cdfa2605534583395c8d7ce1d6cac14\"},\"headline\":\"Se avanza un nuevo decreto ley sobre vivienda\",\"datePublished\":\"2026-06-29T19:35:28+00:00\",\"dateModified\":\"2026-06-29T19:40:10+00:00\",\"mainEntityOfPage\":{\"@id\":\"https:\\\/\\\/www.aquimicasa.net\\\/blog\\\/administracion-y-gobierno\\\/consejo-de-ministros\\\/se-avanza-un-nuevo-decreto-ley-sobre-vivienda\\\/\"},\"wordCount\":1245,\"publisher\":{\"@id\":\"https:\\\/\\\/www.aquimicasa.net\\\/blog\\\/#organization\"},\"image\":{\"@id\":\"https:\\\/\\\/www.aquimicasa.net\\\/blog\\\/administracion-y-gobierno\\\/consejo-de-ministros\\\/se-avanza-un-nuevo-decreto-ley-sobre-vivienda\\\/#primaryimage\"},\"thumbnailUrl\":\"https:\\\/\\\/www.aquimicasa.net\\\/blog\\\/wp-content\\\/uploads\\\/Congreso-de-los-diputados5.jpg\",\"keywords\":[\"newsletter 572\"],\"articleSection\":[\"Consejo de Ministros\"],\"inLanguage\":\"es\"},{\"@type\":\"WebPage\",\"@id\":\"https:\\\/\\\/www.aquimicasa.net\\\/blog\\\/administracion-y-gobierno\\\/consejo-de-ministros\\\/se-avanza-un-nuevo-decreto-ley-sobre-vivienda\\\/\",\"url\":\"https:\\\/\\\/www.aquimicasa.net\\\/blog\\\/administracion-y-gobierno\\\/consejo-de-ministros\\\/se-avanza-un-nuevo-decreto-ley-sobre-vivienda\\\/\",\"name\":\"Se avanza un nuevo decreto ley sobre vivienda\",\"isPartOf\":{\"@id\":\"https:\\\/\\\/www.aquimicasa.net\\\/blog\\\/#website\"},\"primaryImageOfPage\":{\"@id\":\"https:\\\/\\\/www.aquimicasa.net\\\/blog\\\/administracion-y-gobierno\\\/consejo-de-ministros\\\/se-avanza-un-nuevo-decreto-ley-sobre-vivienda\\\/#primaryimage\"},\"image\":{\"@id\":\"https:\\\/\\\/www.aquimicasa.net\\\/blog\\\/administracion-y-gobierno\\\/consejo-de-ministros\\\/se-avanza-un-nuevo-decreto-ley-sobre-vivienda\\\/#primaryimage\"},\"thumbnailUrl\":\"https:\\\/\\\/www.aquimicasa.net\\\/blog\\\/wp-content\\\/uploads\\\/Congreso-de-los-diputados5.jpg\",\"datePublished\":\"2026-06-29T19:35:28+00:00\",\"dateModified\":\"2026-06-29T19:40:10+00:00\",\"description\":\"La medida m\u00e1s pol\u00edticamente cargada del paquete es la pr\u00f3rroga de los contratos de alquiler, y lo es porque ya tiene historia reciente.\",\"breadcrumb\":{\"@id\":\"https:\\\/\\\/www.aquimicasa.net\\\/blog\\\/administracion-y-gobierno\\\/consejo-de-ministros\\\/se-avanza-un-nuevo-decreto-ley-sobre-vivienda\\\/#breadcrumb\"},\"inLanguage\":\"es\",\"potentialAction\":[{\"@type\":\"ReadAction\",\"target\":[\"https:\\\/\\\/www.aquimicasa.net\\\/blog\\\/administracion-y-gobierno\\\/consejo-de-ministros\\\/se-avanza-un-nuevo-decreto-ley-sobre-vivienda\\\/\"]}]},{\"@type\":\"ImageObject\",\"inLanguage\":\"es\",\"@id\":\"https:\\\/\\\/www.aquimicasa.net\\\/blog\\\/administracion-y-gobierno\\\/consejo-de-ministros\\\/se-avanza-un-nuevo-decreto-ley-sobre-vivienda\\\/#primaryimage\",\"url\":\"https:\\\/\\\/www.aquimicasa.net\\\/blog\\\/wp-content\\\/uploads\\\/Congreso-de-los-diputados5.jpg\",\"contentUrl\":\"https:\\\/\\\/www.aquimicasa.net\\\/blog\\\/wp-content\\\/uploads\\\/Congreso-de-los-diputados5.jpg\",\"width\":655,\"height\":368,\"caption\":\"Nueva aparici\u00f3n de la pr\u00f3rroga de los contratos de alquiler en el Congreso\"},{\"@type\":\"BreadcrumbList\",\"@id\":\"https:\\\/\\\/www.aquimicasa.net\\\/blog\\\/administracion-y-gobierno\\\/consejo-de-ministros\\\/se-avanza-un-nuevo-decreto-ley-sobre-vivienda\\\/#breadcrumb\",\"itemListElement\":[{\"@type\":\"ListItem\",\"position\":1,\"name\":\"Portada\",\"item\":\"https:\\\/\\\/www.aquimicasa.net\\\/blog\\\/\"},{\"@type\":\"ListItem\",\"position\":2,\"name\":\"Se avanza un nuevo decreto ley sobre vivienda\"}]},{\"@type\":\"WebSite\",\"@id\":\"https:\\\/\\\/www.aquimicasa.net\\\/blog\\\/#website\",\"url\":\"https:\\\/\\\/www.aquimicasa.net\\\/blog\\\/\",\"name\":\"Blog de aquimicasa.net\",\"description\":\"Noticias del Mundo Inmobiliario\",\"publisher\":{\"@id\":\"https:\\\/\\\/www.aquimicasa.net\\\/blog\\\/#organization\"},\"potentialAction\":[{\"@type\":\"SearchAction\",\"target\":{\"@type\":\"EntryPoint\",\"urlTemplate\":\"https:\\\/\\\/www.aquimicasa.net\\\/blog\\\/?s={search_term_string}\"},\"query-input\":{\"@type\":\"PropertyValueSpecification\",\"valueRequired\":true,\"valueName\":\"search_term_string\"}}],\"inLanguage\":\"es\"},{\"@type\":\"Organization\",\"@id\":\"https:\\\/\\\/www.aquimicasa.net\\\/blog\\\/#organization\",\"name\":\"Blog de aquimicasa.net\",\"url\":\"https:\\\/\\\/www.aquimicasa.net\\\/blog\\\/\",\"logo\":{\"@type\":\"ImageObject\",\"inLanguage\":\"es\",\"@id\":\"https:\\\/\\\/www.aquimicasa.net\\\/blog\\\/#\\\/schema\\\/logo\\\/image\\\/\",\"url\":\"https:\\\/\\\/www.aquimicasa.net\\\/blog\\\/wp-content\\\/uploads\\\/Logo-aquimicasa-1-e1528048213782.png\",\"contentUrl\":\"https:\\\/\\\/www.aquimicasa.net\\\/blog\\\/wp-content\\\/uploads\\\/Logo-aquimicasa-1-e1528048213782.png\",\"width\":225,\"height\":225,\"caption\":\"Blog de aquimicasa.net\"},\"image\":{\"@id\":\"https:\\\/\\\/www.aquimicasa.net\\\/blog\\\/#\\\/schema\\\/logo\\\/image\\\/\"},\"sameAs\":[\"https:\\\/\\\/www.facebook.com\\\/aquimicasa.net\",\"https:\\\/\\\/www.instagram.com\\\/\",\"https:\\\/\\\/x.com\\\/EduLizarragaD\",\"https:\\\/\\\/www.linkedin.com\\\/feed\\\/\"]},{\"@type\":\"Person\",\"@id\":\"https:\\\/\\\/www.aquimicasa.net\\\/blog\\\/#\\\/schema\\\/person\\\/2cdfa2605534583395c8d7ce1d6cac14\",\"name\":\"Eduardo Lizarraga\",\"image\":{\"@type\":\"ImageObject\",\"inLanguage\":\"es\",\"@id\":\"https:\\\/\\\/secure.gravatar.com\\\/avatar\\\/bdabe1eeeed97b65a9cb7de2edd624b07995f7e13abc5fead15961f745f908cc?s=96&d=mm&r=g\",\"url\":\"https:\\\/\\\/secure.gravatar.com\\\/avatar\\\/bdabe1eeeed97b65a9cb7de2edd624b07995f7e13abc5fead15961f745f908cc?s=96&d=mm&r=g\",\"contentUrl\":\"https:\\\/\\\/secure.gravatar.com\\\/avatar\\\/bdabe1eeeed97b65a9cb7de2edd624b07995f7e13abc5fead15961f745f908cc?s=96&d=mm&r=g\",\"caption\":\"Eduardo Lizarraga\"},\"description\":\"Periodista Econ\u00f3mico. Ha trabajado en diversos campos de la informaci\u00f3n. Corresponsal en conflictos, analista pol\u00edtico en Congreso y Senado, periodista del medio ambiente, editor, director editorial, director de comunicaci\u00f3n.... En estos momentos se ha especializado en el sector inmobiliario. Pero tambi\u00e9n es navegante y viajero, preocupado por la pobreza, el medio ambiente y por las actuaciones descontroladas del neoliberalismo empresarial y pol\u00edtico en todo el mundo. Los desahucios, la pobreza infantil y la falta de acceso a los suministros b\u00e1sicos son algunos de los grandes dramas de nuestra sociedad y que es preciso solucionar para hacerla m\u00e1s justa. CEO en www.aquimicasa.net\",\"sameAs\":[\"https:\\\/\\\/www.aquimicasa.net\\\/\"],\"url\":\"https:\\\/\\\/www.aquimicasa.net\\\/blog\\\/author\\\/eduardo\\\/\"}]}<\/script>\n<!-- \/ Yoast SEO plugin. -->","yoast_head_json":{"title":"Se avanza un nuevo decreto ley sobre vivienda","description":"La medida m\u00e1s pol\u00edticamente cargada del paquete es la pr\u00f3rroga de los contratos de alquiler, y lo es porque ya tiene historia reciente.","robots":{"index":"index","follow":"follow","max-snippet":"max-snippet:-1","max-image-preview":"max-image-preview:large","max-video-preview":"max-video-preview:-1"},"canonical":"https:\/\/www.aquimicasa.net\/blog\/administracion-y-gobierno\/consejo-de-ministros\/se-avanza-un-nuevo-decreto-ley-sobre-vivienda\/","og_locale":"es_ES","og_type":"article","og_title":"Se avanza un nuevo decreto ley sobre vivienda","og_description":"La medida m\u00e1s pol\u00edticamente cargada del paquete es la pr\u00f3rroga de los contratos de alquiler, y lo es porque ya tiene historia reciente.","og_url":"https:\/\/www.aquimicasa.net\/blog\/administracion-y-gobierno\/consejo-de-ministros\/se-avanza-un-nuevo-decreto-ley-sobre-vivienda\/","og_site_name":"Blog de aquimicasa.net","article_publisher":"https:\/\/www.facebook.com\/aquimicasa.net","article_published_time":"2026-06-29T19:35:28+00:00","article_modified_time":"2026-06-29T19:40:10+00:00","og_image":[{"width":655,"height":368,"url":"https:\/\/www.aquimicasa.net\/blog\/wp-content\/uploads\/Congreso-de-los-diputados5.jpg","type":"image\/jpeg"}],"author":"Eduardo Lizarraga","twitter_misc":{"Escrito por":"Eduardo Lizarraga","Tiempo de lectura":"5 minutos"},"schema":{"@context":"https:\/\/schema.org","@graph":[{"@type":"Article","@id":"https:\/\/www.aquimicasa.net\/blog\/administracion-y-gobierno\/consejo-de-ministros\/se-avanza-un-nuevo-decreto-ley-sobre-vivienda\/#article","isPartOf":{"@id":"https:\/\/www.aquimicasa.net\/blog\/administracion-y-gobierno\/consejo-de-ministros\/se-avanza-un-nuevo-decreto-ley-sobre-vivienda\/"},"author":{"name":"Eduardo Lizarraga","@id":"https:\/\/www.aquimicasa.net\/blog\/#\/schema\/person\/2cdfa2605534583395c8d7ce1d6cac14"},"headline":"Se avanza un nuevo decreto ley sobre vivienda","datePublished":"2026-06-29T19:35:28+00:00","dateModified":"2026-06-29T19:40:10+00:00","mainEntityOfPage":{"@id":"https:\/\/www.aquimicasa.net\/blog\/administracion-y-gobierno\/consejo-de-ministros\/se-avanza-un-nuevo-decreto-ley-sobre-vivienda\/"},"wordCount":1245,"publisher":{"@id":"https:\/\/www.aquimicasa.net\/blog\/#organization"},"image":{"@id":"https:\/\/www.aquimicasa.net\/blog\/administracion-y-gobierno\/consejo-de-ministros\/se-avanza-un-nuevo-decreto-ley-sobre-vivienda\/#primaryimage"},"thumbnailUrl":"https:\/\/www.aquimicasa.net\/blog\/wp-content\/uploads\/Congreso-de-los-diputados5.jpg","keywords":["newsletter 572"],"articleSection":["Consejo de Ministros"],"inLanguage":"es"},{"@type":"WebPage","@id":"https:\/\/www.aquimicasa.net\/blog\/administracion-y-gobierno\/consejo-de-ministros\/se-avanza-un-nuevo-decreto-ley-sobre-vivienda\/","url":"https:\/\/www.aquimicasa.net\/blog\/administracion-y-gobierno\/consejo-de-ministros\/se-avanza-un-nuevo-decreto-ley-sobre-vivienda\/","name":"Se avanza un nuevo decreto ley sobre vivienda","isPartOf":{"@id":"https:\/\/www.aquimicasa.net\/blog\/#website"},"primaryImageOfPage":{"@id":"https:\/\/www.aquimicasa.net\/blog\/administracion-y-gobierno\/consejo-de-ministros\/se-avanza-un-nuevo-decreto-ley-sobre-vivienda\/#primaryimage"},"image":{"@id":"https:\/\/www.aquimicasa.net\/blog\/administracion-y-gobierno\/consejo-de-ministros\/se-avanza-un-nuevo-decreto-ley-sobre-vivienda\/#primaryimage"},"thumbnailUrl":"https:\/\/www.aquimicasa.net\/blog\/wp-content\/uploads\/Congreso-de-los-diputados5.jpg","datePublished":"2026-06-29T19:35:28+00:00","dateModified":"2026-06-29T19:40:10+00:00","description":"La medida m\u00e1s pol\u00edticamente cargada del paquete es la pr\u00f3rroga de los contratos de alquiler, y lo es porque ya tiene historia reciente.","breadcrumb":{"@id":"https:\/\/www.aquimicasa.net\/blog\/administracion-y-gobierno\/consejo-de-ministros\/se-avanza-un-nuevo-decreto-ley-sobre-vivienda\/#breadcrumb"},"inLanguage":"es","potentialAction":[{"@type":"ReadAction","target":["https:\/\/www.aquimicasa.net\/blog\/administracion-y-gobierno\/consejo-de-ministros\/se-avanza-un-nuevo-decreto-ley-sobre-vivienda\/"]}]},{"@type":"ImageObject","inLanguage":"es","@id":"https:\/\/www.aquimicasa.net\/blog\/administracion-y-gobierno\/consejo-de-ministros\/se-avanza-un-nuevo-decreto-ley-sobre-vivienda\/#primaryimage","url":"https:\/\/www.aquimicasa.net\/blog\/wp-content\/uploads\/Congreso-de-los-diputados5.jpg","contentUrl":"https:\/\/www.aquimicasa.net\/blog\/wp-content\/uploads\/Congreso-de-los-diputados5.jpg","width":655,"height":368,"caption":"Nueva aparici\u00f3n de la pr\u00f3rroga de los contratos de alquiler en el Congreso"},{"@type":"BreadcrumbList","@id":"https:\/\/www.aquimicasa.net\/blog\/administracion-y-gobierno\/consejo-de-ministros\/se-avanza-un-nuevo-decreto-ley-sobre-vivienda\/#breadcrumb","itemListElement":[{"@type":"ListItem","position":1,"name":"Portada","item":"https:\/\/www.aquimicasa.net\/blog\/"},{"@type":"ListItem","position":2,"name":"Se avanza un nuevo decreto ley sobre vivienda"}]},{"@type":"WebSite","@id":"https:\/\/www.aquimicasa.net\/blog\/#website","url":"https:\/\/www.aquimicasa.net\/blog\/","name":"Blog de aquimicasa.net","description":"Noticias del Mundo Inmobiliario","publisher":{"@id":"https:\/\/www.aquimicasa.net\/blog\/#organization"},"potentialAction":[{"@type":"SearchAction","target":{"@type":"EntryPoint","urlTemplate":"https:\/\/www.aquimicasa.net\/blog\/?s={search_term_string}"},"query-input":{"@type":"PropertyValueSpecification","valueRequired":true,"valueName":"search_term_string"}}],"inLanguage":"es"},{"@type":"Organization","@id":"https:\/\/www.aquimicasa.net\/blog\/#organization","name":"Blog de aquimicasa.net","url":"https:\/\/www.aquimicasa.net\/blog\/","logo":{"@type":"ImageObject","inLanguage":"es","@id":"https:\/\/www.aquimicasa.net\/blog\/#\/schema\/logo\/image\/","url":"https:\/\/www.aquimicasa.net\/blog\/wp-content\/uploads\/Logo-aquimicasa-1-e1528048213782.png","contentUrl":"https:\/\/www.aquimicasa.net\/blog\/wp-content\/uploads\/Logo-aquimicasa-1-e1528048213782.png","width":225,"height":225,"caption":"Blog de aquimicasa.net"},"image":{"@id":"https:\/\/www.aquimicasa.net\/blog\/#\/schema\/logo\/image\/"},"sameAs":["https:\/\/www.facebook.com\/aquimicasa.net","https:\/\/www.instagram.com\/","https:\/\/x.com\/EduLizarragaD","https:\/\/www.linkedin.com\/feed\/"]},{"@type":"Person","@id":"https:\/\/www.aquimicasa.net\/blog\/#\/schema\/person\/2cdfa2605534583395c8d7ce1d6cac14","name":"Eduardo Lizarraga","image":{"@type":"ImageObject","inLanguage":"es","@id":"https:\/\/secure.gravatar.com\/avatar\/bdabe1eeeed97b65a9cb7de2edd624b07995f7e13abc5fead15961f745f908cc?s=96&d=mm&r=g","url":"https:\/\/secure.gravatar.com\/avatar\/bdabe1eeeed97b65a9cb7de2edd624b07995f7e13abc5fead15961f745f908cc?s=96&d=mm&r=g","contentUrl":"https:\/\/secure.gravatar.com\/avatar\/bdabe1eeeed97b65a9cb7de2edd624b07995f7e13abc5fead15961f745f908cc?s=96&d=mm&r=g","caption":"Eduardo Lizarraga"},"description":"Periodista Econ\u00f3mico. Ha trabajado en diversos campos de la informaci\u00f3n. Corresponsal en conflictos, analista pol\u00edtico en Congreso y Senado, periodista del medio ambiente, editor, director editorial, director de comunicaci\u00f3n.... En estos momentos se ha especializado en el sector inmobiliario. Pero tambi\u00e9n es navegante y viajero, preocupado por la pobreza, el medio ambiente y por las actuaciones descontroladas del neoliberalismo empresarial y pol\u00edtico en todo el mundo. Los desahucios, la pobreza infantil y la falta de acceso a los suministros b\u00e1sicos son algunos de los grandes dramas de nuestra sociedad y que es preciso solucionar para hacerla m\u00e1s justa. CEO en www.aquimicasa.net","sameAs":["https:\/\/www.aquimicasa.net\/"],"url":"https:\/\/www.aquimicasa.net\/blog\/author\/eduardo\/"}]}},"jetpack_publicize_connections":[],"jetpack_featured_media_url":"https:\/\/www.aquimicasa.net\/blog\/wp-content\/uploads\/Congreso-de-los-diputados5.jpg","jetpack_sharing_enabled":true,"jetpack_likes_enabled":true,"_links":{"self":[{"href":"https:\/\/www.aquimicasa.net\/blog\/wp-json\/wp\/v2\/posts\/56874","targetHints":{"allow":["GET"]}}],"collection":[{"href":"https:\/\/www.aquimicasa.net\/blog\/wp-json\/wp\/v2\/posts"}],"about":[{"href":"https:\/\/www.aquimicasa.net\/blog\/wp-json\/wp\/v2\/types\/post"}],"author":[{"embeddable":true,"href":"https:\/\/www.aquimicasa.net\/blog\/wp-json\/wp\/v2\/users\/3"}],"replies":[{"embeddable":true,"href":"https:\/\/www.aquimicasa.net\/blog\/wp-json\/wp\/v2\/comments?post=56874"}],"version-history":[{"count":4,"href":"https:\/\/www.aquimicasa.net\/blog\/wp-json\/wp\/v2\/posts\/56874\/revisions"}],"predecessor-version":[{"id":56883,"href":"https:\/\/www.aquimicasa.net\/blog\/wp-json\/wp\/v2\/posts\/56874\/revisions\/56883"}],"wp:featuredmedia":[{"embeddable":true,"href":"https:\/\/www.aquimicasa.net\/blog\/wp-json\/wp\/v2\/media\/50883"}],"wp:attachment":[{"href":"https:\/\/www.aquimicasa.net\/blog\/wp-json\/wp\/v2\/media?parent=56874"}],"wp:term":[{"taxonomy":"category","embeddable":true,"href":"https:\/\/www.aquimicasa.net\/blog\/wp-json\/wp\/v2\/categories?post=56874"},{"taxonomy":"post_tag","embeddable":true,"href":"https:\/\/www.aquimicasa.net\/blog\/wp-json\/wp\/v2\/tags?post=56874"}],"curies":[{"name":"wp","href":"https:\/\/api.w.org\/{rel}","templated":true}]}}