{"id":57339,"date":"2026-08-11T23:33:55","date_gmt":"2026-08-11T21:33:55","guid":{"rendered":"https:\/\/www.aquimicasa.net\/blog\/?p=57339"},"modified":"2026-08-11T23:38:56","modified_gmt":"2026-08-11T21:38:56","slug":"el-precio-de-la-vivienda-de-segunda-mano-sube-sin-pausa","status":"publish","type":"post","link":"https:\/\/www.aquimicasa.net\/blog\/vivienda\/compraventa-de-viviendas\/el-precio-de-la-vivienda-de-segunda-mano-sube-sin-pausa\/","title":{"rendered":"El precio de la vivienda de segunda mano sube sin pausa"},"content":{"rendered":"<div class=\"fusion-fullwidth fullwidth-box fusion-builder-row-1 fusion-flex-container nonhundred-percent-fullwidth non-hundred-percent-height-scrolling\" style=\"background-color: rgba(255,255,255,0);background-position: center center;background-repeat: no-repeat;border-width: 0px 0px 0px 0px;border-color:#eae9e9;border-style:solid;\" ><div class=\"fusion-builder-row fusion-row fusion-flex-align-items-flex-start\" style=\"max-width:1144px;margin-left: calc(-4% \/ 2 );margin-right: calc(-4% \/ 2 );\"><div class=\"fusion-layout-column fusion_builder_column fusion-builder-column-0 fusion_builder_column_1_1 1_1 fusion-flex-column\"><div class=\"fusion-column-wrapper fusion-flex-justify-content-flex-start fusion-content-layout-column\" style=\"background-position:left top;background-repeat:no-repeat;-webkit-background-size:cover;-moz-background-size:cover;-o-background-size:cover;background-size:cover;padding: 0px 0px 0px 0px;\"><div class=\"fusion-text fusion-text-1\"><div role=\"feed\" aria-label=\"Mensajes del chat\" aria-describedby=\"_r_bq_\" data-find-provider-scope=\"\">\n<div data-sizer-excess=\"0\" data-rocksteady-sizer=\"\">\n<div data-rs-index=\"3\" data-index=\"3\" data-last-message=\"true\">\n<div tabindex=\"0\" role=\"article\" aria-setsize=\"4\" aria-posinset=\"4\" aria-label=\"Mensaje 4 de 4\">\n<div data-test-render-count=\"1\">\n<div class=\"group group\/message-row\">\n<div class=\"contents\">\n<div class=\"group relative relative pb-&#091;var(--msg-assistant-pb,0.75rem)&#093;\" data-is-streaming=\"false\">\n<div class=\"font-claude-response relative leading-&#091;1.65rem&#093; &#091;&amp;_pre&gt; &lt;p&gt;div&#093;:bg-bg-000\/50 &#091;&amp;_pre&gt;div&#093;:border-0.5 &#091;&amp;_pre&gt;div&#093;:border-border-400 &#091;&amp;_.ignore-pre-bg&gt;div&#093;:bg-transparent &#091;&amp;_.standard-markdown_:is(p,blockquote,h1,h2,h3,h4,h5,h6)&#093;:pl-2 &#091;&amp;_.standard-markdown_:is(p,blockquote,ul,ol,h1,h2,h3,h4,h5,h6)&#093;:pr-8 &#091;&amp;_.progressive-markdown_:is(p,blockquote,h1,h2,h3,h4,h5,h6)&#093;:pl-2 &#091;&amp;_.progressive-markdown_:is(p,blockquote,ul,ol,h1,h2,h3,h4,h5,h6)&#093;:pr-8\">\n<div>\n<div class=\"standard-markdown grid-cols-1 grid &#091;&amp;_&gt; &lt;p&gt;_*&#093;:min-w-0 gap-3 &#091;&amp;_&gt;_*:last-child&#093;:mb-0 print:block print:&#091;&amp;_&gt;_*_+_*&#093;:mt-3 standard-markdown\">\n<h2 class=\"font-claude-response-body break-words whitespace-normal\" dir=\"ltr\"><strong>Subidas hist\u00f3ricas que Fotocasa e idealista confirman por separado<\/strong><\/h2>\n<p class=\"font-claude-response-body break-words whitespace-normal\" dir=\"ltr\">Cuando dos portales inmobiliarios que compiten entre s\u00ed y usan metodolog\u00edas distintas llegan a la misma conclusi\u00f3n, conviene prestar atenci\u00f3n. <strong>La vivienda de segunda mano en Espa\u00f1a experimenta subidas de precio imparables<\/strong>, y no hace falta escoger entre el \u00cdndice Inmobiliario Fotocasa o los registros de idealista para comprobarlo: ambos coinciden en que el mercado residencial vive un momento de tensi\u00f3n extrema, aunque cada uno mida la fiesta con su propio cron\u00f3metro. Fotocasa sit\u00faa el precio medio del segundo trimestre en <strong>3.133 euros por metro cuadrado<\/strong>, un 4% m\u00e1s que el trimestre anterior y un 17,2% m\u00e1s que hace un a\u00f1o, la <strong>mayor subida en 21 a\u00f1os<\/strong>. Idealista, por su parte, certifica en julio un precio de <strong>2.933 euros por metro cuadrado<\/strong>, con un incremento interanual del 13% y un nuevo m\u00e1ximo hist\u00f3rico. Las cifras no son id\u00e9nticas \u2014nunca lo son entre ambos portales\u2014, pero el mensaje de fondo es el mismo: comprar una vivienda usada en Espa\u00f1a es hoy m\u00e1s caro que en cualquier momento de las \u00faltimas dos d\u00e9cadas.<\/p>\n<h2 class=\"font-claude-response-body break-words whitespace-normal\" dir=\"ltr\"><strong>Una situaci\u00f3n que impulsa el alza de la segunda mano<\/strong><\/h2>\n<p class=\"font-claude-response-body break-words whitespace-normal\" dir=\"ltr\">La explicaci\u00f3n que ofrece Mar\u00eda Matos, directora de Estudios de Fotocasa, no sorprender\u00e1 a nadie que lleve tiempo siguiendo el mercado: <strong>una demanda muy activa choca contra una oferta insuficiente para absorberla<\/strong>. A eso se suman unas condiciones de financiaci\u00f3n que siguen siendo favorables y una presi\u00f3n demogr\u00e1fica concentrada en los mercados principales, un c\u00f3ctel que Matos describe como una \u00abintensidad alcista extraordinaria\u00bb. Lo llamativo no es tanto el diagn\u00f3stico \u2014conocido desde hace tiempo\u2014 como su aceleraci\u00f3n: en junio, <strong>catorce comunidades aut\u00f3nomas<\/strong> registraron subidas interanuales de dos d\u00edgitos seg\u00fan Fotocasa, frente a las once de 2025, las seis de 2024 o las siete de 2023. La curva no solo sube, sube cada vez m\u00e1s deprisa, y cada trimestre que pasa sin una respuesta estructural en materia de oferta ampl\u00eda la brecha de accesibilidad para buena parte de los hogares espa\u00f1oles.<\/p>\n<h2 class=\"font-claude-response-body break-words whitespace-normal\" dir=\"ltr\"><strong>Las subidas por comunidades aut\u00f3nomas: Murcia y Cantabria marcan el paso<\/strong><\/h2>\n<p class=\"font-claude-response-body break-words whitespace-normal\" dir=\"ltr\">Ambos portales coinciden en se\u00f1alar a las mismas comunidades como protagonistas del rally alcista, aunque con matices en el orden. Para Fotocasa, la Regi\u00f3n de Murcia lidera con un espectacular <strong>28% interanual<\/strong>, seguida de Cantabria (20%), Comunidad Valenciana (19,8%), Asturias (17%) y Andaluc\u00eda (16,9%). Idealista, en cambio, sit\u00faa a Cantabria en primer lugar con un <strong>18,2%<\/strong>, por delante de Castilla-La Mancha (16,1%), Asturias (15,4%), Arag\u00f3n (14,7%) y de nuevo Murcia (14,5%). La discrepancia en el orden importa menos que la coincidencia de fondo: <strong>son las comunidades del arco mediterr\u00e1neo y del norte peninsular las que est\u00e1n tirando del carro<\/strong>, mientras que autonom\u00edas tradicionalmente tensionadas como Baleares muestran, parad\u00f3jicamente, algunas de las subidas interanuales m\u00e1s moderadas del pa\u00eds \u20147,8% seg\u00fan Fotocasa, apenas un 5,3% seg\u00fan idealista\u2014, simplemente porque ya part\u00edan de niveles de precio tan altos que el margen de recorrido se estrecha.<\/p>\n<h2 class=\"font-claude-response-body break-words whitespace-normal\" dir=\"ltr\"><strong>Capitales m\u00e1s caras y m\u00e1s baratas: San Sebasti\u00e1n desbanca a Madrid<\/strong><\/h2>\n<p class=\"font-claude-response-body break-words whitespace-normal\" dir=\"ltr\">El podio de los precios m\u00e1s elevados tiene nombre propio y, esta vez, no es Madrid. Seg\u00fan idealista, <strong>San Sebasti\u00e1n se consolida como la capital m\u00e1s cara de Espa\u00f1a<\/strong>, con 6.590 euros por metro cuadrado, superando a Madrid (6.547 euros\/m2) y Barcelona (5.449 euros\/m2). A nivel auton\u00f3mico, Baleares y Madrid siguen siendo territorio vetado para la mayor\u00eda: ambas superan los 5.000 euros por metro cuadrado, con Baleares rozando ya los 5.600 euros\/m2 en los datos de idealista. En el extremo opuesto, Extremadura, Castilla-La Mancha y Castilla y Le\u00f3n mantienen precios muy por debajo de la media nacional, con provincias como Ciudad Real (854 euros\/m2) o Teruel (876 euros\/m2) como los \u00faltimos reductos de vivienda verdaderamente accesible. La curiosidad del mes la protagoniza Ourense, la \u00fanica provincia espa\u00f1ola que cerr\u00f3 julio con precios a la baja, un 5% menos, un dato tan anecd\u00f3tico como revelador de hasta qu\u00e9 punto la subida generalizada no deja casi excepciones.<\/p>\n<h2 class=\"font-claude-response-body break-words whitespace-normal\" dir=\"ltr\"><strong>La previsi\u00f3n para el resto del a\u00f1o<\/strong><\/h2>\n<p class=\"font-claude-response-body break-words whitespace-normal\" dir=\"ltr\">Con 49 de las 50 provincias en positivo y catorce comunidades aut\u00f3nomas con subidas de doble d\u00edgito, no hay demasiado margen para el optimismo de quienes esperan una tregua en el mercado de segunda mano. La tendencia que describen tanto Fotocasa como idealista no es la de un mercado que se enfr\u00eda, sino la de uno que <strong>acumula inercia trimestre tras trimestre<\/strong>, alimentado por una escasez de oferta que ning\u00fan plan de vivienda ha logrado revertir a corto plazo. Que dos fuentes con metodolog\u00edas e intereses comerciales distintos coincidan en el diagn\u00f3stico \u2014aunque difieran en las cifras exactas\u2014 deber\u00eda ser motivo suficiente para que la conversaci\u00f3n p\u00fablica deje de centrarse en si la subida es del 13% o del 17% y empiece a preguntarse, de una vez, por qu\u00e9 llevamos a\u00f1os observando el mismo fen\u00f3meno sin que las pol\u00edticas de vivienda logren alterar su trayectoria.<\/p>\n<\/div>\n<\/div>\n<\/div>\n<\/div>\n<\/div>\n<\/div>\n<\/div>\n<\/div>\n<\/div>\n<\/div>\n<\/div>\n<\/div><\/div><style type=\"text\/css\">.fusion-body .fusion-builder-column-0{width:100% !important;margin-top : 0px;margin-bottom : 0px;}.fusion-builder-column-0 > .fusion-column-wrapper {padding-top : 0px !important;padding-right : 0px !important;margin-right : 1.92%;padding-bottom : 0px !important;padding-left : 0px !important;margin-left : 1.92%;}@media only screen and (max-width:1024px) {.fusion-body .fusion-builder-column-0{width:100% !important;}.fusion-builder-column-0 > .fusion-column-wrapper {margin-right : 1.92%;margin-left : 1.92%;}}@media only screen and (max-width:640px) {.fusion-body .fusion-builder-column-0{width:100% !important;}.fusion-builder-column-0 > .fusion-column-wrapper {margin-right : 1.92%;margin-left : 1.92%;}}<\/style><\/div><\/div><style type=\"text\/css\">.fusion-body .fusion-flex-container.fusion-builder-row-1{ padding-top : 0px;margin-top : 0px;padding-right : 0px;padding-bottom : 0px;margin-bottom : 0px;padding-left : 0px;}<\/style><\/div>\n","protected":false},"excerpt":{"rendered":"<p>En el an\u00e1lisis provincial, 49 de las 50 provincias han cerrado julio con tasas interanuales positivas, con la \u00fanica excepci\u00f3n de Ourense, donde los precios se han contra\u00eddo un 5%. As\u00ed, Toledo ostenta la mayor subida provincial (20,5%), por delante de Val\u00e8ncia (18,4%), Cantabria (18,2%), Zaragoza (17,3%) y Sevilla (17,1%). Por su parte, la provincia de Barcelona ha subido un 12,1% y la Comunidad de Madrid un 8%.<\/p>\n","protected":false},"author":3,"featured_media":57402,"comment_status":"closed","ping_status":"closed","sticky":false,"template":"","format":"standard","meta":{"_jetpack_memberships_contains_paid_content":false,"footnotes":"","jetpack_publicize_message":"","jetpack_publicize_feature_enabled":true,"jetpack_social_post_already_shared":true,"jetpack_social_options":{"image_generator_settings":{"template":"highway","default_image_id":0,"font":"","enabled":false},"version":2}},"categories":[100],"tags":[8310],"class_list":["post-57339","post","type-post","status-publish","format-standard","has-post-thumbnail","hentry","category-compraventa-de-viviendas","tag-newsletter-578"],"yoast_head":"<!-- This site is optimized with the Yoast SEO plugin v28.2 - https:\/\/yoast.com\/product\/yoast-seo-wordpress\/ -->\n<title>El precio de la vivienda de segunda mano sube sin pausa<\/title>\n<meta name=\"description\" content=\"Comprar una vivienda usada en Espa\u00f1a es hoy m\u00e1s caro que en cualquier momento de las \u00faltimas dos d\u00e9cadas, sea cual sea el territorio.\" \/>\n<meta name=\"robots\" content=\"index, follow, max-snippet:-1, max-image-preview:large, max-video-preview:-1\" \/>\n<link rel=\"canonical\" href=\"https:\/\/www.aquimicasa.net\/blog\/vivienda\/compraventa-de-viviendas\/el-precio-de-la-vivienda-de-segunda-mano-sube-sin-pausa\/\" \/>\n<meta property=\"og:locale\" content=\"es_ES\" \/>\n<meta property=\"og:type\" content=\"article\" \/>\n<meta property=\"og:title\" content=\"El precio de la vivienda de segunda mano sube sin pausa\" \/>\n<meta property=\"og:description\" content=\"Comprar una vivienda usada en Espa\u00f1a es hoy m\u00e1s caro que en cualquier momento de las \u00faltimas dos d\u00e9cadas, sea cual sea el territorio.\" \/>\n<meta property=\"og:url\" content=\"https:\/\/www.aquimicasa.net\/blog\/vivienda\/compraventa-de-viviendas\/el-precio-de-la-vivienda-de-segunda-mano-sube-sin-pausa\/\" \/>\n<meta property=\"og:site_name\" content=\"Blog de aquimicasa.net\" \/>\n<meta property=\"article:publisher\" content=\"https:\/\/www.facebook.com\/aquimicasa.net\" \/>\n<meta property=\"article:published_time\" content=\"2026-08-11T21:33:55+00:00\" \/>\n<meta property=\"article:modified_time\" content=\"2026-08-11T21:38:56+00:00\" \/>\n<meta property=\"og:image\" content=\"https:\/\/www.aquimicasa.net\/blog\/wp-content\/uploads\/dinero-y-casa-5-e1751016806616-1-2.jpg\" \/>\n\t<meta property=\"og:image:width\" content=\"500\" \/>\n\t<meta property=\"og:image:height\" content=\"334\" \/>\n\t<meta property=\"og:image:type\" content=\"image\/jpeg\" \/>\n<meta name=\"author\" content=\"Eduardo Lizarraga\" \/>\n<meta name=\"twitter:label1\" content=\"Escrito por\" \/>\n\t<meta name=\"twitter:data1\" content=\"Eduardo Lizarraga\" \/>\n\t<meta name=\"twitter:label2\" content=\"Tiempo de lectura\" \/>\n\t<meta name=\"twitter:data2\" content=\"4 minutos\" \/>\n<script type=\"application\/ld+json\" class=\"yoast-schema-graph\">{\"@context\":\"https:\\\/\\\/schema.org\",\"@graph\":[{\"@type\":\"Article\",\"@id\":\"https:\\\/\\\/www.aquimicasa.net\\\/blog\\\/vivienda\\\/compraventa-de-viviendas\\\/el-precio-de-la-vivienda-de-segunda-mano-sube-sin-pausa\\\/#article\",\"isPartOf\":{\"@id\":\"https:\\\/\\\/www.aquimicasa.net\\\/blog\\\/vivienda\\\/compraventa-de-viviendas\\\/el-precio-de-la-vivienda-de-segunda-mano-sube-sin-pausa\\\/\"},\"author\":{\"name\":\"Eduardo Lizarraga\",\"@id\":\"https:\\\/\\\/www.aquimicasa.net\\\/blog\\\/#\\\/schema\\\/person\\\/2cdfa2605534583395c8d7ce1d6cac14\"},\"headline\":\"El precio de la vivienda de segunda mano sube sin pausa\",\"datePublished\":\"2026-08-11T21:33:55+00:00\",\"dateModified\":\"2026-08-11T21:38:56+00:00\",\"mainEntityOfPage\":{\"@id\":\"https:\\\/\\\/www.aquimicasa.net\\\/blog\\\/vivienda\\\/compraventa-de-viviendas\\\/el-precio-de-la-vivienda-de-segunda-mano-sube-sin-pausa\\\/\"},\"wordCount\":1098,\"publisher\":{\"@id\":\"https:\\\/\\\/www.aquimicasa.net\\\/blog\\\/#organization\"},\"image\":{\"@id\":\"https:\\\/\\\/www.aquimicasa.net\\\/blog\\\/vivienda\\\/compraventa-de-viviendas\\\/el-precio-de-la-vivienda-de-segunda-mano-sube-sin-pausa\\\/#primaryimage\"},\"thumbnailUrl\":\"https:\\\/\\\/www.aquimicasa.net\\\/blog\\\/wp-content\\\/uploads\\\/dinero-y-casa-5-e1751016806616-1-2.jpg\",\"keywords\":[\"newsletter 578\"],\"articleSection\":[\"Compra Venta\"],\"inLanguage\":\"es\"},{\"@type\":\"WebPage\",\"@id\":\"https:\\\/\\\/www.aquimicasa.net\\\/blog\\\/vivienda\\\/compraventa-de-viviendas\\\/el-precio-de-la-vivienda-de-segunda-mano-sube-sin-pausa\\\/\",\"url\":\"https:\\\/\\\/www.aquimicasa.net\\\/blog\\\/vivienda\\\/compraventa-de-viviendas\\\/el-precio-de-la-vivienda-de-segunda-mano-sube-sin-pausa\\\/\",\"name\":\"El precio de la vivienda de segunda mano sube sin pausa\",\"isPartOf\":{\"@id\":\"https:\\\/\\\/www.aquimicasa.net\\\/blog\\\/#website\"},\"primaryImageOfPage\":{\"@id\":\"https:\\\/\\\/www.aquimicasa.net\\\/blog\\\/vivienda\\\/compraventa-de-viviendas\\\/el-precio-de-la-vivienda-de-segunda-mano-sube-sin-pausa\\\/#primaryimage\"},\"image\":{\"@id\":\"https:\\\/\\\/www.aquimicasa.net\\\/blog\\\/vivienda\\\/compraventa-de-viviendas\\\/el-precio-de-la-vivienda-de-segunda-mano-sube-sin-pausa\\\/#primaryimage\"},\"thumbnailUrl\":\"https:\\\/\\\/www.aquimicasa.net\\\/blog\\\/wp-content\\\/uploads\\\/dinero-y-casa-5-e1751016806616-1-2.jpg\",\"datePublished\":\"2026-08-11T21:33:55+00:00\",\"dateModified\":\"2026-08-11T21:38:56+00:00\",\"description\":\"Comprar una vivienda usada en Espa\u00f1a es hoy m\u00e1s caro que en cualquier momento de las \u00faltimas dos d\u00e9cadas, sea cual sea el territorio.\",\"breadcrumb\":{\"@id\":\"https:\\\/\\\/www.aquimicasa.net\\\/blog\\\/vivienda\\\/compraventa-de-viviendas\\\/el-precio-de-la-vivienda-de-segunda-mano-sube-sin-pausa\\\/#breadcrumb\"},\"inLanguage\":\"es\",\"potentialAction\":[{\"@type\":\"ReadAction\",\"target\":[\"https:\\\/\\\/www.aquimicasa.net\\\/blog\\\/vivienda\\\/compraventa-de-viviendas\\\/el-precio-de-la-vivienda-de-segunda-mano-sube-sin-pausa\\\/\"]}]},{\"@type\":\"ImageObject\",\"inLanguage\":\"es\",\"@id\":\"https:\\\/\\\/www.aquimicasa.net\\\/blog\\\/vivienda\\\/compraventa-de-viviendas\\\/el-precio-de-la-vivienda-de-segunda-mano-sube-sin-pausa\\\/#primaryimage\",\"url\":\"https:\\\/\\\/www.aquimicasa.net\\\/blog\\\/wp-content\\\/uploads\\\/dinero-y-casa-5-e1751016806616-1-2.jpg\",\"contentUrl\":\"https:\\\/\\\/www.aquimicasa.net\\\/blog\\\/wp-content\\\/uploads\\\/dinero-y-casa-5-e1751016806616-1-2.jpg\",\"width\":500,\"height\":334,\"caption\":\"El precio de la vivienda contin\u00faa subiendo\"},{\"@type\":\"BreadcrumbList\",\"@id\":\"https:\\\/\\\/www.aquimicasa.net\\\/blog\\\/vivienda\\\/compraventa-de-viviendas\\\/el-precio-de-la-vivienda-de-segunda-mano-sube-sin-pausa\\\/#breadcrumb\",\"itemListElement\":[{\"@type\":\"ListItem\",\"position\":1,\"name\":\"Portada\",\"item\":\"https:\\\/\\\/www.aquimicasa.net\\\/blog\\\/\"},{\"@type\":\"ListItem\",\"position\":2,\"name\":\"El precio de la vivienda de segunda mano sube sin pausa\"}]},{\"@type\":\"WebSite\",\"@id\":\"https:\\\/\\\/www.aquimicasa.net\\\/blog\\\/#website\",\"url\":\"https:\\\/\\\/www.aquimicasa.net\\\/blog\\\/\",\"name\":\"Blog de aquimicasa.net\",\"description\":\"Noticias del Mundo Inmobiliario\",\"publisher\":{\"@id\":\"https:\\\/\\\/www.aquimicasa.net\\\/blog\\\/#organization\"},\"potentialAction\":[{\"@type\":\"SearchAction\",\"target\":{\"@type\":\"EntryPoint\",\"urlTemplate\":\"https:\\\/\\\/www.aquimicasa.net\\\/blog\\\/?s={search_term_string}\"},\"query-input\":{\"@type\":\"PropertyValueSpecification\",\"valueRequired\":true,\"valueName\":\"search_term_string\"}}],\"inLanguage\":\"es\"},{\"@type\":\"Organization\",\"@id\":\"https:\\\/\\\/www.aquimicasa.net\\\/blog\\\/#organization\",\"name\":\"Blog de aquimicasa.net\",\"url\":\"https:\\\/\\\/www.aquimicasa.net\\\/blog\\\/\",\"logo\":{\"@type\":\"ImageObject\",\"inLanguage\":\"es\",\"@id\":\"https:\\\/\\\/www.aquimicasa.net\\\/blog\\\/#\\\/schema\\\/logo\\\/image\\\/\",\"url\":\"https:\\\/\\\/www.aquimicasa.net\\\/blog\\\/wp-content\\\/uploads\\\/Logo-aquimicasa-1-e1528048213782.png\",\"contentUrl\":\"https:\\\/\\\/www.aquimicasa.net\\\/blog\\\/wp-content\\\/uploads\\\/Logo-aquimicasa-1-e1528048213782.png\",\"width\":225,\"height\":225,\"caption\":\"Blog de aquimicasa.net\"},\"image\":{\"@id\":\"https:\\\/\\\/www.aquimicasa.net\\\/blog\\\/#\\\/schema\\\/logo\\\/image\\\/\"},\"sameAs\":[\"https:\\\/\\\/www.facebook.com\\\/aquimicasa.net\",\"https:\\\/\\\/www.instagram.com\\\/\",\"https:\\\/\\\/x.com\\\/EduLizarragaD\",\"https:\\\/\\\/www.linkedin.com\\\/feed\\\/\"]},{\"@type\":\"Person\",\"@id\":\"https:\\\/\\\/www.aquimicasa.net\\\/blog\\\/#\\\/schema\\\/person\\\/2cdfa2605534583395c8d7ce1d6cac14\",\"name\":\"Eduardo Lizarraga\",\"image\":{\"@type\":\"ImageObject\",\"inLanguage\":\"es\",\"@id\":\"https:\\\/\\\/secure.gravatar.com\\\/avatar\\\/bdabe1eeeed97b65a9cb7de2edd624b07995f7e13abc5fead15961f745f908cc?s=96&d=mm&r=g\",\"url\":\"https:\\\/\\\/secure.gravatar.com\\\/avatar\\\/bdabe1eeeed97b65a9cb7de2edd624b07995f7e13abc5fead15961f745f908cc?s=96&d=mm&r=g\",\"contentUrl\":\"https:\\\/\\\/secure.gravatar.com\\\/avatar\\\/bdabe1eeeed97b65a9cb7de2edd624b07995f7e13abc5fead15961f745f908cc?s=96&d=mm&r=g\",\"caption\":\"Eduardo Lizarraga\"},\"description\":\"Periodista Econ\u00f3mico. Ha trabajado en diversos campos de la informaci\u00f3n. Corresponsal en conflictos, analista pol\u00edtico en Congreso y Senado, periodista del medio ambiente, editor, director editorial, director de comunicaci\u00f3n.... En estos momentos se ha especializado en el sector inmobiliario. Pero tambi\u00e9n es navegante y viajero, preocupado por la pobreza, el medio ambiente y por las actuaciones descontroladas del neoliberalismo empresarial y pol\u00edtico en todo el mundo. Los desahucios, la pobreza infantil y la falta de acceso a los suministros b\u00e1sicos son algunos de los grandes dramas de nuestra sociedad y que es preciso solucionar para hacerla m\u00e1s justa. CEO en www.aquimicasa.net\",\"sameAs\":[\"https:\\\/\\\/www.aquimicasa.net\\\/\"],\"url\":\"https:\\\/\\\/www.aquimicasa.net\\\/blog\\\/author\\\/eduardo\\\/\"}]}<\/script>\n<!-- \/ Yoast SEO plugin. -->","yoast_head_json":{"title":"El precio de la vivienda de segunda mano sube sin pausa","description":"Comprar una vivienda usada en Espa\u00f1a es hoy m\u00e1s caro que en cualquier momento de las \u00faltimas dos d\u00e9cadas, sea cual sea el territorio.","robots":{"index":"index","follow":"follow","max-snippet":"max-snippet:-1","max-image-preview":"max-image-preview:large","max-video-preview":"max-video-preview:-1"},"canonical":"https:\/\/www.aquimicasa.net\/blog\/vivienda\/compraventa-de-viviendas\/el-precio-de-la-vivienda-de-segunda-mano-sube-sin-pausa\/","og_locale":"es_ES","og_type":"article","og_title":"El precio de la vivienda de segunda mano sube sin pausa","og_description":"Comprar una vivienda usada en Espa\u00f1a es hoy m\u00e1s caro que en cualquier momento de las \u00faltimas dos d\u00e9cadas, sea cual sea el territorio.","og_url":"https:\/\/www.aquimicasa.net\/blog\/vivienda\/compraventa-de-viviendas\/el-precio-de-la-vivienda-de-segunda-mano-sube-sin-pausa\/","og_site_name":"Blog de aquimicasa.net","article_publisher":"https:\/\/www.facebook.com\/aquimicasa.net","article_published_time":"2026-08-11T21:33:55+00:00","article_modified_time":"2026-08-11T21:38:56+00:00","og_image":[{"width":500,"height":334,"url":"https:\/\/www.aquimicasa.net\/blog\/wp-content\/uploads\/dinero-y-casa-5-e1751016806616-1-2.jpg","type":"image\/jpeg"}],"author":"Eduardo Lizarraga","twitter_misc":{"Escrito por":"Eduardo Lizarraga","Tiempo de lectura":"4 minutos"},"schema":{"@context":"https:\/\/schema.org","@graph":[{"@type":"Article","@id":"https:\/\/www.aquimicasa.net\/blog\/vivienda\/compraventa-de-viviendas\/el-precio-de-la-vivienda-de-segunda-mano-sube-sin-pausa\/#article","isPartOf":{"@id":"https:\/\/www.aquimicasa.net\/blog\/vivienda\/compraventa-de-viviendas\/el-precio-de-la-vivienda-de-segunda-mano-sube-sin-pausa\/"},"author":{"name":"Eduardo Lizarraga","@id":"https:\/\/www.aquimicasa.net\/blog\/#\/schema\/person\/2cdfa2605534583395c8d7ce1d6cac14"},"headline":"El precio de la vivienda de segunda mano sube sin pausa","datePublished":"2026-08-11T21:33:55+00:00","dateModified":"2026-08-11T21:38:56+00:00","mainEntityOfPage":{"@id":"https:\/\/www.aquimicasa.net\/blog\/vivienda\/compraventa-de-viviendas\/el-precio-de-la-vivienda-de-segunda-mano-sube-sin-pausa\/"},"wordCount":1098,"publisher":{"@id":"https:\/\/www.aquimicasa.net\/blog\/#organization"},"image":{"@id":"https:\/\/www.aquimicasa.net\/blog\/vivienda\/compraventa-de-viviendas\/el-precio-de-la-vivienda-de-segunda-mano-sube-sin-pausa\/#primaryimage"},"thumbnailUrl":"https:\/\/www.aquimicasa.net\/blog\/wp-content\/uploads\/dinero-y-casa-5-e1751016806616-1-2.jpg","keywords":["newsletter 578"],"articleSection":["Compra Venta"],"inLanguage":"es"},{"@type":"WebPage","@id":"https:\/\/www.aquimicasa.net\/blog\/vivienda\/compraventa-de-viviendas\/el-precio-de-la-vivienda-de-segunda-mano-sube-sin-pausa\/","url":"https:\/\/www.aquimicasa.net\/blog\/vivienda\/compraventa-de-viviendas\/el-precio-de-la-vivienda-de-segunda-mano-sube-sin-pausa\/","name":"El precio de la vivienda de segunda mano sube sin pausa","isPartOf":{"@id":"https:\/\/www.aquimicasa.net\/blog\/#website"},"primaryImageOfPage":{"@id":"https:\/\/www.aquimicasa.net\/blog\/vivienda\/compraventa-de-viviendas\/el-precio-de-la-vivienda-de-segunda-mano-sube-sin-pausa\/#primaryimage"},"image":{"@id":"https:\/\/www.aquimicasa.net\/blog\/vivienda\/compraventa-de-viviendas\/el-precio-de-la-vivienda-de-segunda-mano-sube-sin-pausa\/#primaryimage"},"thumbnailUrl":"https:\/\/www.aquimicasa.net\/blog\/wp-content\/uploads\/dinero-y-casa-5-e1751016806616-1-2.jpg","datePublished":"2026-08-11T21:33:55+00:00","dateModified":"2026-08-11T21:38:56+00:00","description":"Comprar una vivienda usada en Espa\u00f1a es hoy m\u00e1s caro que en cualquier momento de las \u00faltimas dos d\u00e9cadas, sea cual sea el territorio.","breadcrumb":{"@id":"https:\/\/www.aquimicasa.net\/blog\/vivienda\/compraventa-de-viviendas\/el-precio-de-la-vivienda-de-segunda-mano-sube-sin-pausa\/#breadcrumb"},"inLanguage":"es","potentialAction":[{"@type":"ReadAction","target":["https:\/\/www.aquimicasa.net\/blog\/vivienda\/compraventa-de-viviendas\/el-precio-de-la-vivienda-de-segunda-mano-sube-sin-pausa\/"]}]},{"@type":"ImageObject","inLanguage":"es","@id":"https:\/\/www.aquimicasa.net\/blog\/vivienda\/compraventa-de-viviendas\/el-precio-de-la-vivienda-de-segunda-mano-sube-sin-pausa\/#primaryimage","url":"https:\/\/www.aquimicasa.net\/blog\/wp-content\/uploads\/dinero-y-casa-5-e1751016806616-1-2.jpg","contentUrl":"https:\/\/www.aquimicasa.net\/blog\/wp-content\/uploads\/dinero-y-casa-5-e1751016806616-1-2.jpg","width":500,"height":334,"caption":"El precio de la vivienda contin\u00faa subiendo"},{"@type":"BreadcrumbList","@id":"https:\/\/www.aquimicasa.net\/blog\/vivienda\/compraventa-de-viviendas\/el-precio-de-la-vivienda-de-segunda-mano-sube-sin-pausa\/#breadcrumb","itemListElement":[{"@type":"ListItem","position":1,"name":"Portada","item":"https:\/\/www.aquimicasa.net\/blog\/"},{"@type":"ListItem","position":2,"name":"El precio de la vivienda de segunda mano sube sin pausa"}]},{"@type":"WebSite","@id":"https:\/\/www.aquimicasa.net\/blog\/#website","url":"https:\/\/www.aquimicasa.net\/blog\/","name":"Blog de aquimicasa.net","description":"Noticias del Mundo Inmobiliario","publisher":{"@id":"https:\/\/www.aquimicasa.net\/blog\/#organization"},"potentialAction":[{"@type":"SearchAction","target":{"@type":"EntryPoint","urlTemplate":"https:\/\/www.aquimicasa.net\/blog\/?s={search_term_string}"},"query-input":{"@type":"PropertyValueSpecification","valueRequired":true,"valueName":"search_term_string"}}],"inLanguage":"es"},{"@type":"Organization","@id":"https:\/\/www.aquimicasa.net\/blog\/#organization","name":"Blog de aquimicasa.net","url":"https:\/\/www.aquimicasa.net\/blog\/","logo":{"@type":"ImageObject","inLanguage":"es","@id":"https:\/\/www.aquimicasa.net\/blog\/#\/schema\/logo\/image\/","url":"https:\/\/www.aquimicasa.net\/blog\/wp-content\/uploads\/Logo-aquimicasa-1-e1528048213782.png","contentUrl":"https:\/\/www.aquimicasa.net\/blog\/wp-content\/uploads\/Logo-aquimicasa-1-e1528048213782.png","width":225,"height":225,"caption":"Blog de aquimicasa.net"},"image":{"@id":"https:\/\/www.aquimicasa.net\/blog\/#\/schema\/logo\/image\/"},"sameAs":["https:\/\/www.facebook.com\/aquimicasa.net","https:\/\/www.instagram.com\/","https:\/\/x.com\/EduLizarragaD","https:\/\/www.linkedin.com\/feed\/"]},{"@type":"Person","@id":"https:\/\/www.aquimicasa.net\/blog\/#\/schema\/person\/2cdfa2605534583395c8d7ce1d6cac14","name":"Eduardo Lizarraga","image":{"@type":"ImageObject","inLanguage":"es","@id":"https:\/\/secure.gravatar.com\/avatar\/bdabe1eeeed97b65a9cb7de2edd624b07995f7e13abc5fead15961f745f908cc?s=96&d=mm&r=g","url":"https:\/\/secure.gravatar.com\/avatar\/bdabe1eeeed97b65a9cb7de2edd624b07995f7e13abc5fead15961f745f908cc?s=96&d=mm&r=g","contentUrl":"https:\/\/secure.gravatar.com\/avatar\/bdabe1eeeed97b65a9cb7de2edd624b07995f7e13abc5fead15961f745f908cc?s=96&d=mm&r=g","caption":"Eduardo Lizarraga"},"description":"Periodista Econ\u00f3mico. Ha trabajado en diversos campos de la informaci\u00f3n. Corresponsal en conflictos, analista pol\u00edtico en Congreso y Senado, periodista del medio ambiente, editor, director editorial, director de comunicaci\u00f3n.... En estos momentos se ha especializado en el sector inmobiliario. Pero tambi\u00e9n es navegante y viajero, preocupado por la pobreza, el medio ambiente y por las actuaciones descontroladas del neoliberalismo empresarial y pol\u00edtico en todo el mundo. Los desahucios, la pobreza infantil y la falta de acceso a los suministros b\u00e1sicos son algunos de los grandes dramas de nuestra sociedad y que es preciso solucionar para hacerla m\u00e1s justa. CEO en www.aquimicasa.net","sameAs":["https:\/\/www.aquimicasa.net\/"],"url":"https:\/\/www.aquimicasa.net\/blog\/author\/eduardo\/"}]}},"jetpack_publicize_connections":[],"jetpack_featured_media_url":"https:\/\/www.aquimicasa.net\/blog\/wp-content\/uploads\/dinero-y-casa-5-e1751016806616-1-2.jpg","jetpack_sharing_enabled":true,"jetpack_likes_enabled":true,"_links":{"self":[{"href":"https:\/\/www.aquimicasa.net\/blog\/wp-json\/wp\/v2\/posts\/57339","targetHints":{"allow":["GET"]}}],"collection":[{"href":"https:\/\/www.aquimicasa.net\/blog\/wp-json\/wp\/v2\/posts"}],"about":[{"href":"https:\/\/www.aquimicasa.net\/blog\/wp-json\/wp\/v2\/types\/post"}],"author":[{"embeddable":true,"href":"https:\/\/www.aquimicasa.net\/blog\/wp-json\/wp\/v2\/users\/3"}],"replies":[{"embeddable":true,"href":"https:\/\/www.aquimicasa.net\/blog\/wp-json\/wp\/v2\/comments?post=57339"}],"version-history":[{"count":3,"href":"https:\/\/www.aquimicasa.net\/blog\/wp-json\/wp\/v2\/posts\/57339\/revisions"}],"predecessor-version":[{"id":57404,"href":"https:\/\/www.aquimicasa.net\/blog\/wp-json\/wp\/v2\/posts\/57339\/revisions\/57404"}],"wp:featuredmedia":[{"embeddable":true,"href":"https:\/\/www.aquimicasa.net\/blog\/wp-json\/wp\/v2\/media\/57402"}],"wp:attachment":[{"href":"https:\/\/www.aquimicasa.net\/blog\/wp-json\/wp\/v2\/media?parent=57339"}],"wp:term":[{"taxonomy":"category","embeddable":true,"href":"https:\/\/www.aquimicasa.net\/blog\/wp-json\/wp\/v2\/categories?post=57339"},{"taxonomy":"post_tag","embeddable":true,"href":"https:\/\/www.aquimicasa.net\/blog\/wp-json\/wp\/v2\/tags?post=57339"}],"curies":[{"name":"wp","href":"https:\/\/api.w.org\/{rel}","templated":true}]}}