{"id":57407,"date":"2026-08-12T22:50:44","date_gmt":"2026-08-12T20:50:44","guid":{"rendered":"https:\/\/www.aquimicasa.net\/blog\/?p=57407"},"modified":"2026-08-12T22:50:44","modified_gmt":"2026-08-12T20:50:44","slug":"sareb-entregara-597-viviendas-en-baleares-para-alquiler-social","status":"publish","type":"post","link":"https:\/\/www.aquimicasa.net\/blog\/vivienda\/alquileres\/sareb-entregara-597-viviendas-en-baleares-para-alquiler-social\/","title":{"rendered":"Sareb entregar\u00e1 597 viviendas en Baleares para alquiler social"},"content":{"rendered":"<div class=\"fusion-fullwidth fullwidth-box fusion-builder-row-1 fusion-flex-container nonhundred-percent-fullwidth non-hundred-percent-height-scrolling\" style=\"background-color: rgba(255,255,255,0);background-position: center center;background-repeat: no-repeat;border-width: 0px 0px 0px 0px;border-color:#eae9e9;border-style:solid;\" ><div class=\"fusion-builder-row fusion-row fusion-flex-align-items-flex-start\" style=\"max-width:1144px;margin-left: calc(-4% \/ 2 );margin-right: calc(-4% \/ 2 );\"><div class=\"fusion-layout-column fusion_builder_column fusion-builder-column-0 fusion_builder_column_1_1 1_1 fusion-flex-column\"><div class=\"fusion-column-wrapper fusion-flex-justify-content-flex-start fusion-content-layout-column\" style=\"background-position:left top;background-repeat:no-repeat;-webkit-background-size:cover;-moz-background-size:cover;-o-background-size:cover;background-size:cover;padding: 0px 0px 0px 0px;\"><div class=\"fusion-text fusion-text-1\"><div class=\"header-standard header-classic single-header\">\n<div role=\"feed\" aria-label=\"Mensajes del chat\" aria-describedby=\"_r_bq_\" data-find-provider-scope=\"\">\n<div data-sizer-excess=\"0\" data-rocksteady-sizer=\"\">\n<div data-rs-index=\"13\" data-index=\"13\" data-last-message=\"true\">\n<div class=\"rounded-lg focus-visible:shadow-focus focus-visible:outline-hidden\" tabindex=\"0\" role=\"article\" aria-setsize=\"14\" aria-posinset=\"14\" aria-label=\"Mensaje 14 de 14\">\n<div data-test-render-count=\"1\">\n<div class=\"group group\/message-row\">\n<div class=\"contents\">\n<div class=\"group relative relative pb-&#091;var(--msg-assistant-pb,0.75rem)&#093;\" data-is-streaming=\"false\">\n<div class=\"font-claude-response relative leading-&#091;1.65rem&#093; &#091;&amp;_pre&gt; &lt;p&gt;div&#093;:bg-bg-000\/50 &#091;&amp;_pre&gt;div&#093;:border-0.5 &#091;&amp;_pre&gt;div&#093;:border-border-400 &#091;&amp;_.ignore-pre-bg&gt;div&#093;:bg-transparent &#091;&amp;_.standard-markdown_:is(p,blockquote,h1,h2,h3,h4,h5,h6)&#093;:pl-2 &#091;&amp;_.standard-markdown_:is(p,blockquote,ul,ol,h1,h2,h3,h4,h5,h6)&#093;:pr-8 &#091;&amp;_.progressive-markdown_:is(p,blockquote,h1,h2,h3,h4,h5,h6)&#093;:pl-2 &#091;&amp;_.progressive-markdown_:is(p,blockquote,ul,ol,h1,h2,h3,h4,h5,h6)&#093;:pr-8\">\n<div class=\"grid grid-rows-&#091;auto_auto&#093; min-w-0\">\n<div class=\"row-start-2 col-start-1 relative grid grid-rows-&#091;auto_auto&#093; isolate min-w-0\">\n<div class=\"row-start-1 col-start-1 relative z-&#091;2&#093; min-w-0\">\n<div class=\"standard-markdown grid-cols-1 grid &#091;&amp;_&gt; &lt;p&gt;_*&#093;:min-w-0 gap-3 &#091;&amp;_&gt;_*:last-child&#093;:mb-0 print:block print:&#091;&amp;_&gt;_*_+_*&#093;:mt-3 standard-markdown\">\n<p class=\"font-claude-response-body break-words whitespace-normal\" dir=\"ltr\">La Sociedad de Gesti\u00f3n de Activos Procedentes de la Reestructuraci\u00f3n Bancaria, m\u00e1s conocida como <strong>la Sareb<\/strong> o simplemente el banco malo, va a entregar 597 viviendas repartidas por toda Baleares a la Administraci\u00f3n General del Estado, que a su vez las pondr\u00e1 en manos de <strong>Casa 47<\/strong> para destinarlas a alquiler social y alquiler asequible. Lo cuenta \u00daltima Hora, y conviene detenerse en los detalles, porque no todo lo que rodea a esta operaci\u00f3n es tan sencillo como suena en el titular.<\/p>\n<p class=\"font-claude-response-body break-words whitespace-normal\" dir=\"ltr\">El traspaso arranc\u00f3 en 2025 y se prolongar\u00e1, seg\u00fan lo previsto, hasta que la propia Sareb complete su liquidaci\u00f3n, un proceso que en teor\u00eda deber\u00eda cerrarse en 2027, aunque en la pr\u00e1ctica todo apunta a que se alargar\u00e1 bastante m\u00e1s. La entidad, creada en 2012 tras el rescate bancario, fue durante a\u00f1os el vertedero ordenado donde entidades como Bankia, la Caixa o BMN \u2014esta \u00faltima fusionada previamente con Sa Nostra\u2014 depositaron sus activos t\u00f3xicos. Aquello cost\u00f3 a las arcas p\u00fablicas m\u00e1s de 50.000 millones de euros. Ahora, m\u00e1s de una d\u00e9cada despu\u00e9s, una parte de ese agujero se reconvierte en pol\u00edtica de vivienda.<\/p>\n<h2 class=\"font-claude-response-body break-words whitespace-normal\" dir=\"ltr\"><strong>La prioridad ser\u00e1 para las familias vulnerables<\/strong><\/h2>\n<p class=\"font-claude-response-body break-words whitespace-normal\" dir=\"ltr\">Del total de las 597 viviendas baleares, buena parte se destinar\u00e1 a <strong>alquiler social<\/strong> para familias en situaci\u00f3n de vulnerabilidad, con una renta que no podr\u00e1 superar el 30% de los ingresos de la unidad familiar. El resto ir\u00e1 a parar a <strong>alquiler asequible<\/strong>, pensado para quienes no est\u00e1n en riesgo de exclusi\u00f3n pero tampoco pueden asumir los precios del mercado libre, que en las Islas llevan a\u00f1os instalados en cifras que hacen sonre\u00edr con amargura a cualquiera que busque piso.<\/p>\n<p class=\"font-claude-response-body break-words whitespace-normal\" dir=\"ltr\">El president Prohens ya se encarg\u00f3 de dejar caer que estas viviendas no ser\u00e1n solo para quienes acumulan m\u00e1s de 15 a\u00f1os de empadronamiento en Baleares, una precisi\u00f3n que suena razonable sobre el papel pero que conviene vigilar de cerca. Porque una cosa es fijar criterios de vulnerabilidad econ\u00f3mica y otra bien distinta es que, en la pr\u00e1ctica, los requisitos de arraigo territorial acaben decidiendo qui\u00e9n entra y qui\u00e9n se queda fuera de una lista que, con toda seguridad, ser\u00e1 mucho m\u00e1s larga que las 597 viviendas disponibles.<\/p>\n<h2 class=\"font-claude-response-body break-words whitespace-normal\" dir=\"ltr\"><strong>\u00a0\u00bfQu\u00e9 es la Sareb y c\u00f3mo funciona?<\/strong><\/h2>\n<p class=\"font-claude-response-body break-words whitespace-normal\" dir=\"ltr\">Conviene recordar qu\u00e9 es exactamente la Sareb, porque el nombre suena a todos pero pocos saben c\u00f3mo funciona. Naci\u00f3 en 2012 como sociedad mixta, con capital mayoritariamente privado en sus primeros a\u00f1os, con el objetivo declarado de vender cuanto antes los activos heredados de la crisis para intentar recuperar la inversi\u00f3n. La creaci\u00f3n del banco malo fue, de hecho, una de las condiciones que impuso Bruselas a cambio del pr\u00e9stamo de m\u00e1s de 40.000 millones de euros con el que se rescat\u00f3 al sistema financiero espa\u00f1ol.<\/p>\n<p class=\"font-claude-response-body break-words whitespace-normal\" dir=\"ltr\">El giro lleg\u00f3 en 2022, cuando el Estado pas\u00f3 a controlar la mayor\u00eda del capital de la sociedad. A partir de ah\u00ed, la utilidad social empez\u00f3 a ganar peso frente al criterio puramente mercantil, y la Sareb sum\u00f3 entre sus objetivos la cesi\u00f3n de vivienda a las administraciones p\u00fablicas. El resultado, seg\u00fan el Ministerio de Vivienda, son ya m\u00e1s de 7.700 contratos de alquiler social firmados en toda Espa\u00f1a desde entonces. Una cifra que suena bien hasta que se compara con el tama\u00f1o real del problema habitacional en el pa\u00eds.<\/p>\n<h2 class=\"font-claude-response-body break-words whitespace-normal\" dir=\"ltr\"><strong>Un parque inmobiliario repartido por todas las islas<\/strong><\/h2>\n<p class=\"font-claude-response-body break-words whitespace-normal\" dir=\"ltr\">En Baleares, la Sareb ha llegado a gestionar cerca de un millar de viviendas desde su creaci\u00f3n y todav\u00eda conserva la titularidad de algo m\u00e1s de 400, a las que hay que sumar aquellas cuya situaci\u00f3n sigue pendiente de resoluci\u00f3n judicial. Con la nueva transferencia, el parque que acabar\u00e1 en manos de Casa 47 alcanzar\u00e1 las 597 viviendas, unas 160 m\u00e1s de las que la sociedad mantiene hoy en propiedad. Estar\u00e1n repartidas por municipios como Alar\u00f3, Alc\u00fadia, Manacor, Mah\u00f3n, sa Pobla o Santa Margalida, lo que en teor\u00eda deber\u00eda aliviar la presi\u00f3n en distintos puntos del territorio, aunque no est\u00e1 de m\u00e1s recordar que en toda Espa\u00f1a Casa 47 recibir\u00e1 de la Sareb unas 40.000 viviendas y 2.400 solares con capacidad para levantar otras 55.000, as\u00ed que la operaci\u00f3n balear es, en el fondo, una pieza peque\u00f1a dentro de un tablero mucho m\u00e1s grande.<\/p>\n<h2 class=\"font-claude-response-body break-words whitespace-normal\" dir=\"ltr\"><strong>Una gran parte para alquiler a familias vulnerables<\/strong><\/h2>\n<p class=\"font-claude-response-body break-words whitespace-normal\" dir=\"ltr\">El reparto entre alquiler social y asequible tendr\u00e1 que lidiar, adem\u00e1s, con la heterogeneidad de un parque que arrastra m\u00e1s de una d\u00e9cada de historia. Entre los activos de la Sareb en Baleares hay viviendas sin c\u00e9dula de habitabilidad, inmuebles ocupados, pisos con inquilinos ya instalados y hasta promociones que quedaron a medio construir cuando estall\u00f3 la crisis. La propia sociedad reconoce que algunos de estos casos presentan una complejidad especial por procesos judiciales todav\u00eda abiertos, incluidos contratos de alquiler que se han detectado como fraudulentos.<\/p>\n<p class=\"font-claude-response-body break-words whitespace-normal\" dir=\"ltr\">Con todo, la llegada de estas 597 viviendas al circuito del alquiler social y asequible supone que una parte de lo que el rescate bancario dej\u00f3 atr\u00e1s termine teniendo, por fin, un destino vinculado a las pol\u00edticas de vivienda en las Islas. Queda por ver si el proceso se gestiona con la agilidad que exige la emergencia habitacional balear o si, como suele ocurrir con este tipo de operaciones, la letra peque\u00f1a acaba retrasando lo que sobre el papel suena a buena noticia.<\/p>\n<\/div>\n<\/div>\n<\/div>\n<\/div>\n<\/div>\n<\/div>\n<\/div>\n<\/div>\n<\/div>\n<\/div>\n<\/div>\n<\/div>\n<\/div>\n<\/div>\n<\/div><\/div><style type=\"text\/css\">.fusion-body .fusion-builder-column-0{width:100% !important;margin-top : 0px;margin-bottom : 0px;}.fusion-builder-column-0 > .fusion-column-wrapper {padding-top : 0px !important;padding-right : 0px !important;margin-right : 1.92%;padding-bottom : 0px !important;padding-left : 0px !important;margin-left : 1.92%;}@media only screen and (max-width:1024px) {.fusion-body .fusion-builder-column-0{width:100% !important;}.fusion-builder-column-0 > .fusion-column-wrapper {margin-right : 1.92%;margin-left : 1.92%;}}@media only screen and (max-width:640px) {.fusion-body .fusion-builder-column-0{width:100% !important;}.fusion-builder-column-0 > .fusion-column-wrapper {margin-right : 1.92%;margin-left : 1.92%;}}<\/style><\/div><\/div><style type=\"text\/css\">.fusion-body .fusion-flex-container.fusion-builder-row-1{ padding-top : 0px;margin-top : 0px;padding-right : 0px;padding-bottom : 0px;margin-bottom : 0px;padding-left : 0px;}<\/style><\/div>\n","protected":false},"excerpt":{"rendered":"<p>El reparto entre alquiler social y asequible tendr\u00e1 que lidiar, adem\u00e1s, con la heterogeneidad de un parque que arrastra m\u00e1s de una d\u00e9cada de historia. Entre los activos de la Sareb en Baleares hay viviendas sin c\u00e9dula de habitabilidad, inmuebles ocupados, pisos con inquilinos ya instalados y hasta promociones que quedaron a medio construir cuando estall\u00f3 la crisis.<\/p>\n","protected":false},"author":3,"featured_media":52110,"comment_status":"closed","ping_status":"closed","sticky":false,"template":"","format":"standard","meta":{"_jetpack_memberships_contains_paid_content":false,"footnotes":"","jetpack_publicize_message":"","jetpack_publicize_feature_enabled":true,"jetpack_social_post_already_shared":true,"jetpack_social_options":{"image_generator_settings":{"template":"highway","default_image_id":0,"font":"","enabled":false},"version":2}},"categories":[120],"tags":[8310],"class_list":["post-57407","post","type-post","status-publish","format-standard","has-post-thumbnail","hentry","category-alquileres","tag-newsletter-578"],"yoast_head":"<!-- This site is optimized with the Yoast SEO plugin v28.2 - https:\/\/yoast.com\/product\/yoast-seo-wordpress\/ -->\n<title>Sareb entregar\u00e1 597 viviendas en Baleares para alquiler social<\/title>\n<meta name=\"description\" content=\"El parque que acabar\u00e1 en manos de Casa 47 alcanzar\u00e1 las 597 viviendas, unas 160 m\u00e1s de las que la sociedad mantiene hoy en propiedad.\" \/>\n<meta name=\"robots\" content=\"index, follow, max-snippet:-1, max-image-preview:large, max-video-preview:-1\" \/>\n<link rel=\"canonical\" href=\"https:\/\/www.aquimicasa.net\/blog\/vivienda\/alquileres\/sareb-entregara-597-viviendas-en-baleares-para-alquiler-social\/\" \/>\n<meta property=\"og:locale\" content=\"es_ES\" \/>\n<meta property=\"og:type\" content=\"article\" \/>\n<meta property=\"og:title\" content=\"Sareb entregar\u00e1 597 viviendas en Baleares para alquiler social\" \/>\n<meta property=\"og:description\" content=\"El parque que acabar\u00e1 en manos de Casa 47 alcanzar\u00e1 las 597 viviendas, unas 160 m\u00e1s de las que la sociedad mantiene hoy en propiedad.\" \/>\n<meta property=\"og:url\" content=\"https:\/\/www.aquimicasa.net\/blog\/vivienda\/alquileres\/sareb-entregara-597-viviendas-en-baleares-para-alquiler-social\/\" \/>\n<meta property=\"og:site_name\" content=\"Blog de aquimicasa.net\" \/>\n<meta property=\"article:publisher\" content=\"https:\/\/www.facebook.com\/aquimicasa.net\" \/>\n<meta property=\"article:published_time\" content=\"2026-08-12T20:50:44+00:00\" \/>\n<meta property=\"og:image\" content=\"https:\/\/www.aquimicasa.net\/blog\/wp-content\/uploads\/Sareb1-1.jpg\" \/>\n\t<meta property=\"og:image:width\" content=\"630\" \/>\n\t<meta property=\"og:image:height\" content=\"320\" \/>\n\t<meta property=\"og:image:type\" content=\"image\/jpeg\" \/>\n<meta name=\"author\" content=\"Eduardo Lizarraga\" \/>\n<meta name=\"twitter:label1\" content=\"Escrito por\" \/>\n\t<meta name=\"twitter:data1\" content=\"Eduardo Lizarraga\" \/>\n\t<meta name=\"twitter:label2\" content=\"Tiempo de lectura\" \/>\n\t<meta name=\"twitter:data2\" content=\"5 minutos\" \/>\n<script type=\"application\/ld+json\" class=\"yoast-schema-graph\">{\"@context\":\"https:\\\/\\\/schema.org\",\"@graph\":[{\"@type\":\"Article\",\"@id\":\"https:\\\/\\\/www.aquimicasa.net\\\/blog\\\/vivienda\\\/alquileres\\\/sareb-entregara-597-viviendas-en-baleares-para-alquiler-social\\\/#article\",\"isPartOf\":{\"@id\":\"https:\\\/\\\/www.aquimicasa.net\\\/blog\\\/vivienda\\\/alquileres\\\/sareb-entregara-597-viviendas-en-baleares-para-alquiler-social\\\/\"},\"author\":{\"name\":\"Eduardo Lizarraga\",\"@id\":\"https:\\\/\\\/www.aquimicasa.net\\\/blog\\\/#\\\/schema\\\/person\\\/2cdfa2605534583395c8d7ce1d6cac14\"},\"headline\":\"Sareb entregar\u00e1 597 viviendas en Baleares para alquiler social\",\"datePublished\":\"2026-08-12T20:50:44+00:00\",\"mainEntityOfPage\":{\"@id\":\"https:\\\/\\\/www.aquimicasa.net\\\/blog\\\/vivienda\\\/alquileres\\\/sareb-entregara-597-viviendas-en-baleares-para-alquiler-social\\\/\"},\"wordCount\":1171,\"publisher\":{\"@id\":\"https:\\\/\\\/www.aquimicasa.net\\\/blog\\\/#organization\"},\"image\":{\"@id\":\"https:\\\/\\\/www.aquimicasa.net\\\/blog\\\/vivienda\\\/alquileres\\\/sareb-entregara-597-viviendas-en-baleares-para-alquiler-social\\\/#primaryimage\"},\"thumbnailUrl\":\"https:\\\/\\\/www.aquimicasa.net\\\/blog\\\/wp-content\\\/uploads\\\/Sareb1-1.jpg\",\"keywords\":[\"newsletter 578\"],\"articleSection\":[\"Alquiler\"],\"inLanguage\":\"es\"},{\"@type\":\"WebPage\",\"@id\":\"https:\\\/\\\/www.aquimicasa.net\\\/blog\\\/vivienda\\\/alquileres\\\/sareb-entregara-597-viviendas-en-baleares-para-alquiler-social\\\/\",\"url\":\"https:\\\/\\\/www.aquimicasa.net\\\/blog\\\/vivienda\\\/alquileres\\\/sareb-entregara-597-viviendas-en-baleares-para-alquiler-social\\\/\",\"name\":\"Sareb entregar\u00e1 597 viviendas en Baleares para alquiler social\",\"isPartOf\":{\"@id\":\"https:\\\/\\\/www.aquimicasa.net\\\/blog\\\/#website\"},\"primaryImageOfPage\":{\"@id\":\"https:\\\/\\\/www.aquimicasa.net\\\/blog\\\/vivienda\\\/alquileres\\\/sareb-entregara-597-viviendas-en-baleares-para-alquiler-social\\\/#primaryimage\"},\"image\":{\"@id\":\"https:\\\/\\\/www.aquimicasa.net\\\/blog\\\/vivienda\\\/alquileres\\\/sareb-entregara-597-viviendas-en-baleares-para-alquiler-social\\\/#primaryimage\"},\"thumbnailUrl\":\"https:\\\/\\\/www.aquimicasa.net\\\/blog\\\/wp-content\\\/uploads\\\/Sareb1-1.jpg\",\"datePublished\":\"2026-08-12T20:50:44+00:00\",\"description\":\"El parque que acabar\u00e1 en manos de Casa 47 alcanzar\u00e1 las 597 viviendas, unas 160 m\u00e1s de las que la sociedad mantiene hoy en propiedad.\",\"breadcrumb\":{\"@id\":\"https:\\\/\\\/www.aquimicasa.net\\\/blog\\\/vivienda\\\/alquileres\\\/sareb-entregara-597-viviendas-en-baleares-para-alquiler-social\\\/#breadcrumb\"},\"inLanguage\":\"es\",\"potentialAction\":[{\"@type\":\"ReadAction\",\"target\":[\"https:\\\/\\\/www.aquimicasa.net\\\/blog\\\/vivienda\\\/alquileres\\\/sareb-entregara-597-viviendas-en-baleares-para-alquiler-social\\\/\"]}]},{\"@type\":\"ImageObject\",\"inLanguage\":\"es\",\"@id\":\"https:\\\/\\\/www.aquimicasa.net\\\/blog\\\/vivienda\\\/alquileres\\\/sareb-entregara-597-viviendas-en-baleares-para-alquiler-social\\\/#primaryimage\",\"url\":\"https:\\\/\\\/www.aquimicasa.net\\\/blog\\\/wp-content\\\/uploads\\\/Sareb1-1.jpg\",\"contentUrl\":\"https:\\\/\\\/www.aquimicasa.net\\\/blog\\\/wp-content\\\/uploads\\\/Sareb1-1.jpg\",\"width\":630,\"height\":320,\"caption\":\"Sareb entregar\u00e1 m\u00e1s de 500 viviendas en Palma\"},{\"@type\":\"BreadcrumbList\",\"@id\":\"https:\\\/\\\/www.aquimicasa.net\\\/blog\\\/vivienda\\\/alquileres\\\/sareb-entregara-597-viviendas-en-baleares-para-alquiler-social\\\/#breadcrumb\",\"itemListElement\":[{\"@type\":\"ListItem\",\"position\":1,\"name\":\"Portada\",\"item\":\"https:\\\/\\\/www.aquimicasa.net\\\/blog\\\/\"},{\"@type\":\"ListItem\",\"position\":2,\"name\":\"Sareb entregar\u00e1 597 viviendas en Baleares para alquiler social\"}]},{\"@type\":\"WebSite\",\"@id\":\"https:\\\/\\\/www.aquimicasa.net\\\/blog\\\/#website\",\"url\":\"https:\\\/\\\/www.aquimicasa.net\\\/blog\\\/\",\"name\":\"Blog de aquimicasa.net\",\"description\":\"Noticias del Mundo Inmobiliario\",\"publisher\":{\"@id\":\"https:\\\/\\\/www.aquimicasa.net\\\/blog\\\/#organization\"},\"potentialAction\":[{\"@type\":\"SearchAction\",\"target\":{\"@type\":\"EntryPoint\",\"urlTemplate\":\"https:\\\/\\\/www.aquimicasa.net\\\/blog\\\/?s={search_term_string}\"},\"query-input\":{\"@type\":\"PropertyValueSpecification\",\"valueRequired\":true,\"valueName\":\"search_term_string\"}}],\"inLanguage\":\"es\"},{\"@type\":\"Organization\",\"@id\":\"https:\\\/\\\/www.aquimicasa.net\\\/blog\\\/#organization\",\"name\":\"Blog de aquimicasa.net\",\"url\":\"https:\\\/\\\/www.aquimicasa.net\\\/blog\\\/\",\"logo\":{\"@type\":\"ImageObject\",\"inLanguage\":\"es\",\"@id\":\"https:\\\/\\\/www.aquimicasa.net\\\/blog\\\/#\\\/schema\\\/logo\\\/image\\\/\",\"url\":\"https:\\\/\\\/www.aquimicasa.net\\\/blog\\\/wp-content\\\/uploads\\\/Logo-aquimicasa-1-e1528048213782.png\",\"contentUrl\":\"https:\\\/\\\/www.aquimicasa.net\\\/blog\\\/wp-content\\\/uploads\\\/Logo-aquimicasa-1-e1528048213782.png\",\"width\":225,\"height\":225,\"caption\":\"Blog de aquimicasa.net\"},\"image\":{\"@id\":\"https:\\\/\\\/www.aquimicasa.net\\\/blog\\\/#\\\/schema\\\/logo\\\/image\\\/\"},\"sameAs\":[\"https:\\\/\\\/www.facebook.com\\\/aquimicasa.net\",\"https:\\\/\\\/www.instagram.com\\\/\",\"https:\\\/\\\/x.com\\\/EduLizarragaD\",\"https:\\\/\\\/www.linkedin.com\\\/feed\\\/\"]},{\"@type\":\"Person\",\"@id\":\"https:\\\/\\\/www.aquimicasa.net\\\/blog\\\/#\\\/schema\\\/person\\\/2cdfa2605534583395c8d7ce1d6cac14\",\"name\":\"Eduardo Lizarraga\",\"image\":{\"@type\":\"ImageObject\",\"inLanguage\":\"es\",\"@id\":\"https:\\\/\\\/secure.gravatar.com\\\/avatar\\\/bdabe1eeeed97b65a9cb7de2edd624b07995f7e13abc5fead15961f745f908cc?s=96&d=mm&r=g\",\"url\":\"https:\\\/\\\/secure.gravatar.com\\\/avatar\\\/bdabe1eeeed97b65a9cb7de2edd624b07995f7e13abc5fead15961f745f908cc?s=96&d=mm&r=g\",\"contentUrl\":\"https:\\\/\\\/secure.gravatar.com\\\/avatar\\\/bdabe1eeeed97b65a9cb7de2edd624b07995f7e13abc5fead15961f745f908cc?s=96&d=mm&r=g\",\"caption\":\"Eduardo Lizarraga\"},\"description\":\"Periodista Econ\u00f3mico. Ha trabajado en diversos campos de la informaci\u00f3n. Corresponsal en conflictos, analista pol\u00edtico en Congreso y Senado, periodista del medio ambiente, editor, director editorial, director de comunicaci\u00f3n.... En estos momentos se ha especializado en el sector inmobiliario. Pero tambi\u00e9n es navegante y viajero, preocupado por la pobreza, el medio ambiente y por las actuaciones descontroladas del neoliberalismo empresarial y pol\u00edtico en todo el mundo. Los desahucios, la pobreza infantil y la falta de acceso a los suministros b\u00e1sicos son algunos de los grandes dramas de nuestra sociedad y que es preciso solucionar para hacerla m\u00e1s justa. CEO en www.aquimicasa.net\",\"sameAs\":[\"https:\\\/\\\/www.aquimicasa.net\\\/\"],\"url\":\"https:\\\/\\\/www.aquimicasa.net\\\/blog\\\/author\\\/eduardo\\\/\"}]}<\/script>\n<!-- \/ Yoast SEO plugin. -->","yoast_head_json":{"title":"Sareb entregar\u00e1 597 viviendas en Baleares para alquiler social","description":"El parque que acabar\u00e1 en manos de Casa 47 alcanzar\u00e1 las 597 viviendas, unas 160 m\u00e1s de las que la sociedad mantiene hoy en propiedad.","robots":{"index":"index","follow":"follow","max-snippet":"max-snippet:-1","max-image-preview":"max-image-preview:large","max-video-preview":"max-video-preview:-1"},"canonical":"https:\/\/www.aquimicasa.net\/blog\/vivienda\/alquileres\/sareb-entregara-597-viviendas-en-baleares-para-alquiler-social\/","og_locale":"es_ES","og_type":"article","og_title":"Sareb entregar\u00e1 597 viviendas en Baleares para alquiler social","og_description":"El parque que acabar\u00e1 en manos de Casa 47 alcanzar\u00e1 las 597 viviendas, unas 160 m\u00e1s de las que la sociedad mantiene hoy en propiedad.","og_url":"https:\/\/www.aquimicasa.net\/blog\/vivienda\/alquileres\/sareb-entregara-597-viviendas-en-baleares-para-alquiler-social\/","og_site_name":"Blog de aquimicasa.net","article_publisher":"https:\/\/www.facebook.com\/aquimicasa.net","article_published_time":"2026-08-12T20:50:44+00:00","og_image":[{"width":630,"height":320,"url":"https:\/\/www.aquimicasa.net\/blog\/wp-content\/uploads\/Sareb1-1.jpg","type":"image\/jpeg"}],"author":"Eduardo Lizarraga","twitter_misc":{"Escrito por":"Eduardo Lizarraga","Tiempo de lectura":"5 minutos"},"schema":{"@context":"https:\/\/schema.org","@graph":[{"@type":"Article","@id":"https:\/\/www.aquimicasa.net\/blog\/vivienda\/alquileres\/sareb-entregara-597-viviendas-en-baleares-para-alquiler-social\/#article","isPartOf":{"@id":"https:\/\/www.aquimicasa.net\/blog\/vivienda\/alquileres\/sareb-entregara-597-viviendas-en-baleares-para-alquiler-social\/"},"author":{"name":"Eduardo Lizarraga","@id":"https:\/\/www.aquimicasa.net\/blog\/#\/schema\/person\/2cdfa2605534583395c8d7ce1d6cac14"},"headline":"Sareb entregar\u00e1 597 viviendas en Baleares para alquiler social","datePublished":"2026-08-12T20:50:44+00:00","mainEntityOfPage":{"@id":"https:\/\/www.aquimicasa.net\/blog\/vivienda\/alquileres\/sareb-entregara-597-viviendas-en-baleares-para-alquiler-social\/"},"wordCount":1171,"publisher":{"@id":"https:\/\/www.aquimicasa.net\/blog\/#organization"},"image":{"@id":"https:\/\/www.aquimicasa.net\/blog\/vivienda\/alquileres\/sareb-entregara-597-viviendas-en-baleares-para-alquiler-social\/#primaryimage"},"thumbnailUrl":"https:\/\/www.aquimicasa.net\/blog\/wp-content\/uploads\/Sareb1-1.jpg","keywords":["newsletter 578"],"articleSection":["Alquiler"],"inLanguage":"es"},{"@type":"WebPage","@id":"https:\/\/www.aquimicasa.net\/blog\/vivienda\/alquileres\/sareb-entregara-597-viviendas-en-baleares-para-alquiler-social\/","url":"https:\/\/www.aquimicasa.net\/blog\/vivienda\/alquileres\/sareb-entregara-597-viviendas-en-baleares-para-alquiler-social\/","name":"Sareb entregar\u00e1 597 viviendas en Baleares para alquiler social","isPartOf":{"@id":"https:\/\/www.aquimicasa.net\/blog\/#website"},"primaryImageOfPage":{"@id":"https:\/\/www.aquimicasa.net\/blog\/vivienda\/alquileres\/sareb-entregara-597-viviendas-en-baleares-para-alquiler-social\/#primaryimage"},"image":{"@id":"https:\/\/www.aquimicasa.net\/blog\/vivienda\/alquileres\/sareb-entregara-597-viviendas-en-baleares-para-alquiler-social\/#primaryimage"},"thumbnailUrl":"https:\/\/www.aquimicasa.net\/blog\/wp-content\/uploads\/Sareb1-1.jpg","datePublished":"2026-08-12T20:50:44+00:00","description":"El parque que acabar\u00e1 en manos de Casa 47 alcanzar\u00e1 las 597 viviendas, unas 160 m\u00e1s de las que la sociedad mantiene hoy en propiedad.","breadcrumb":{"@id":"https:\/\/www.aquimicasa.net\/blog\/vivienda\/alquileres\/sareb-entregara-597-viviendas-en-baleares-para-alquiler-social\/#breadcrumb"},"inLanguage":"es","potentialAction":[{"@type":"ReadAction","target":["https:\/\/www.aquimicasa.net\/blog\/vivienda\/alquileres\/sareb-entregara-597-viviendas-en-baleares-para-alquiler-social\/"]}]},{"@type":"ImageObject","inLanguage":"es","@id":"https:\/\/www.aquimicasa.net\/blog\/vivienda\/alquileres\/sareb-entregara-597-viviendas-en-baleares-para-alquiler-social\/#primaryimage","url":"https:\/\/www.aquimicasa.net\/blog\/wp-content\/uploads\/Sareb1-1.jpg","contentUrl":"https:\/\/www.aquimicasa.net\/blog\/wp-content\/uploads\/Sareb1-1.jpg","width":630,"height":320,"caption":"Sareb entregar\u00e1 m\u00e1s de 500 viviendas en Palma"},{"@type":"BreadcrumbList","@id":"https:\/\/www.aquimicasa.net\/blog\/vivienda\/alquileres\/sareb-entregara-597-viviendas-en-baleares-para-alquiler-social\/#breadcrumb","itemListElement":[{"@type":"ListItem","position":1,"name":"Portada","item":"https:\/\/www.aquimicasa.net\/blog\/"},{"@type":"ListItem","position":2,"name":"Sareb entregar\u00e1 597 viviendas en Baleares para alquiler social"}]},{"@type":"WebSite","@id":"https:\/\/www.aquimicasa.net\/blog\/#website","url":"https:\/\/www.aquimicasa.net\/blog\/","name":"Blog de aquimicasa.net","description":"Noticias del Mundo Inmobiliario","publisher":{"@id":"https:\/\/www.aquimicasa.net\/blog\/#organization"},"potentialAction":[{"@type":"SearchAction","target":{"@type":"EntryPoint","urlTemplate":"https:\/\/www.aquimicasa.net\/blog\/?s={search_term_string}"},"query-input":{"@type":"PropertyValueSpecification","valueRequired":true,"valueName":"search_term_string"}}],"inLanguage":"es"},{"@type":"Organization","@id":"https:\/\/www.aquimicasa.net\/blog\/#organization","name":"Blog de aquimicasa.net","url":"https:\/\/www.aquimicasa.net\/blog\/","logo":{"@type":"ImageObject","inLanguage":"es","@id":"https:\/\/www.aquimicasa.net\/blog\/#\/schema\/logo\/image\/","url":"https:\/\/www.aquimicasa.net\/blog\/wp-content\/uploads\/Logo-aquimicasa-1-e1528048213782.png","contentUrl":"https:\/\/www.aquimicasa.net\/blog\/wp-content\/uploads\/Logo-aquimicasa-1-e1528048213782.png","width":225,"height":225,"caption":"Blog de aquimicasa.net"},"image":{"@id":"https:\/\/www.aquimicasa.net\/blog\/#\/schema\/logo\/image\/"},"sameAs":["https:\/\/www.facebook.com\/aquimicasa.net","https:\/\/www.instagram.com\/","https:\/\/x.com\/EduLizarragaD","https:\/\/www.linkedin.com\/feed\/"]},{"@type":"Person","@id":"https:\/\/www.aquimicasa.net\/blog\/#\/schema\/person\/2cdfa2605534583395c8d7ce1d6cac14","name":"Eduardo Lizarraga","image":{"@type":"ImageObject","inLanguage":"es","@id":"https:\/\/secure.gravatar.com\/avatar\/bdabe1eeeed97b65a9cb7de2edd624b07995f7e13abc5fead15961f745f908cc?s=96&d=mm&r=g","url":"https:\/\/secure.gravatar.com\/avatar\/bdabe1eeeed97b65a9cb7de2edd624b07995f7e13abc5fead15961f745f908cc?s=96&d=mm&r=g","contentUrl":"https:\/\/secure.gravatar.com\/avatar\/bdabe1eeeed97b65a9cb7de2edd624b07995f7e13abc5fead15961f745f908cc?s=96&d=mm&r=g","caption":"Eduardo Lizarraga"},"description":"Periodista Econ\u00f3mico. Ha trabajado en diversos campos de la informaci\u00f3n. Corresponsal en conflictos, analista pol\u00edtico en Congreso y Senado, periodista del medio ambiente, editor, director editorial, director de comunicaci\u00f3n.... En estos momentos se ha especializado en el sector inmobiliario. Pero tambi\u00e9n es navegante y viajero, preocupado por la pobreza, el medio ambiente y por las actuaciones descontroladas del neoliberalismo empresarial y pol\u00edtico en todo el mundo. Los desahucios, la pobreza infantil y la falta de acceso a los suministros b\u00e1sicos son algunos de los grandes dramas de nuestra sociedad y que es preciso solucionar para hacerla m\u00e1s justa. CEO en www.aquimicasa.net","sameAs":["https:\/\/www.aquimicasa.net\/"],"url":"https:\/\/www.aquimicasa.net\/blog\/author\/eduardo\/"}]}},"jetpack_publicize_connections":[],"jetpack_featured_media_url":"https:\/\/www.aquimicasa.net\/blog\/wp-content\/uploads\/Sareb1-1.jpg","jetpack_sharing_enabled":true,"jetpack_likes_enabled":true,"_links":{"self":[{"href":"https:\/\/www.aquimicasa.net\/blog\/wp-json\/wp\/v2\/posts\/57407","targetHints":{"allow":["GET"]}}],"collection":[{"href":"https:\/\/www.aquimicasa.net\/blog\/wp-json\/wp\/v2\/posts"}],"about":[{"href":"https:\/\/www.aquimicasa.net\/blog\/wp-json\/wp\/v2\/types\/post"}],"author":[{"embeddable":true,"href":"https:\/\/www.aquimicasa.net\/blog\/wp-json\/wp\/v2\/users\/3"}],"replies":[{"embeddable":true,"href":"https:\/\/www.aquimicasa.net\/blog\/wp-json\/wp\/v2\/comments?post=57407"}],"version-history":[{"count":3,"href":"https:\/\/www.aquimicasa.net\/blog\/wp-json\/wp\/v2\/posts\/57407\/revisions"}],"predecessor-version":[{"id":57432,"href":"https:\/\/www.aquimicasa.net\/blog\/wp-json\/wp\/v2\/posts\/57407\/revisions\/57432"}],"wp:featuredmedia":[{"embeddable":true,"href":"https:\/\/www.aquimicasa.net\/blog\/wp-json\/wp\/v2\/media\/52110"}],"wp:attachment":[{"href":"https:\/\/www.aquimicasa.net\/blog\/wp-json\/wp\/v2\/media?parent=57407"}],"wp:term":[{"taxonomy":"category","embeddable":true,"href":"https:\/\/www.aquimicasa.net\/blog\/wp-json\/wp\/v2\/categories?post=57407"},{"taxonomy":"post_tag","embeddable":true,"href":"https:\/\/www.aquimicasa.net\/blog\/wp-json\/wp\/v2\/tags?post=57407"}],"curies":[{"name":"wp","href":"https:\/\/api.w.org\/{rel}","templated":true}]}}