{"id":57609,"date":"2026-08-31T21:48:34","date_gmt":"2026-08-31T19:48:34","guid":{"rendered":"https:\/\/www.aquimicasa.net\/blog\/?p=57609"},"modified":"2026-08-31T21:48:34","modified_gmt":"2026-08-31T19:48:34","slug":"la-compra-de-vivienda-por-parte-de-extranjeros-bate-records","status":"publish","type":"post","link":"https:\/\/www.aquimicasa.net\/blog\/vivienda\/compraventa-de-viviendas\/la-compra-de-vivienda-por-parte-de-extranjeros-bate-records\/","title":{"rendered":"La compra de vivienda por parte de extranjeros bate r\u00e9cords"},"content":{"rendered":"<div class=\"fusion-fullwidth fullwidth-box fusion-builder-row-1 fusion-flex-container nonhundred-percent-fullwidth non-hundred-percent-height-scrolling\" style=\"background-color: rgba(255,255,255,0);background-position: center center;background-repeat: no-repeat;border-width: 0px 0px 0px 0px;border-color:#eae9e9;border-style:solid;\" ><div class=\"fusion-builder-row fusion-row fusion-flex-align-items-flex-start\" style=\"max-width:1144px;margin-left: calc(-4% \/ 2 );margin-right: calc(-4% \/ 2 );\"><div class=\"fusion-layout-column fusion_builder_column fusion-builder-column-0 fusion_builder_column_1_1 1_1 fusion-flex-column\"><div class=\"fusion-column-wrapper fusion-flex-justify-content-flex-start fusion-content-layout-column\" style=\"background-position:left top;background-repeat:no-repeat;-webkit-background-size:cover;-moz-background-size:cover;-o-background-size:cover;background-size:cover;padding: 0px 0px 0px 0px;\"><div class=\"fusion-text fusion-text-1\"><h2 dir=\"ltr\"><strong>La compra inmobiliaria por extranjeros est\u00e1 cambiando el mapa inmobiliario espa\u00f1ol<\/strong><\/h2>\n<p dir=\"ltr\">La demanda extranjera ya no es un matiz dentro del mercado de la vivienda espa\u00f1ol: es uno de sus motores principales, y cada trimestre que pasa lo confirma con m\u00e1s contundencia. Los datos del segundo trimestre de 2026, elaborados por el Colegio de Registradores y analizados por Sonneil, dejan una foto que en otros a\u00f1os hubiera parecido exagerada: los compradores internacionales protagonizaron m\u00e1s de 26.800 compraventas entre abril y junio, un <strong>11% m\u00e1s que un a\u00f1o antes<\/strong>, y se hicieron con el <strong>15,98%<\/strong> de todas las operaciones de vivienda del pa\u00eds, el porcentaje m\u00e1s alto de toda la serie hist\u00f3rica. Hace justo un a\u00f1o esa cuota era del 14,10%. El avance no es casualidad ni un pico puntual: es una tendencia que lleva varios trimestres consolid\u00e1ndose.<\/p>\n<p dir=\"ltr\">Lo llamativo, y lo que da m\u00e1s para hablar, es el contraste con lo que ocurre entre los compradores nacionales. Mientras los extranjeros aceleran, los espa\u00f1oles frenan: sus compraventas cayeron cerca de un <strong>4%<\/strong>, desde unas 147.000 hasta apenas 141.100, dentro de un mercado que en conjunto retrocedi\u00f3 un 2,3% interanual, hasta las 167.934 operaciones. As\u00ed que no, no es que todo el mercado est\u00e9 en auge y los extranjeros simplemente acompa\u00f1en la fiesta. Es m\u00e1s bien lo contrario: el comprador extranjero est\u00e1 sosteniendo un mercado que, sin \u00e9l, mostrar\u00eda una foto bastante m\u00e1s gris.<\/p>\n<h2 dir=\"ltr\"><strong>M\u00e1s dinero, m\u00e1s presi\u00f3n sobre los precios<\/strong><\/h2>\n<p dir=\"ltr\">Aqu\u00ed conviene no andarse con pa\u00f1os calientes. Que la demanda extranjera crece justo cuando la nacional se contrae no es inocente, y menos cuando el precio medio de la vivienda ha alcanzado un m\u00e1ximo hist\u00f3rico de <strong>2.487 euros por metro cuadrado<\/strong>, un 9,2% m\u00e1s que hace un a\u00f1o. El comprador internacional suele llegar con m\u00e1s capacidad econ\u00f3mica, muchas veces con ahorros o ingresos generados fuera de Espa\u00f1a, y eso le permite asumir precios que a un comprador local, dependiente de un salario y una hipoteca al uso, le resultan cada vez m\u00e1s inaccesibles. En Baleares, por ejemplo, el esfuerzo hipotecario medio ya se come el <strong>55,8%<\/strong> del salario, frente al 34,3% de media nacional. Decir que esto no tiene relaci\u00f3n con la presi\u00f3n compradora extranjera en la isla ser\u00eda no querer ver lo evidente.<\/p>\n<p dir=\"ltr\">Ahora bien, hay que contar la pel\u00edcula completa. Esa misma demanda extranjera es la que est\u00e1 sosteniendo la facturaci\u00f3n de cientos de inmobiliarias en la Costa Blanca, la Costa del Sol o Baleares, zonas donde muchas agencias cumplen sus presupuestos anuales gracias, precisamente, a estos compradores. Tambi\u00e9n genera actividad para notar\u00edas, gestor\u00edas, reformas, mobiliario y una cadena de servicios que vive de estas operaciones. El impacto no es solo negativo, aunque tampoco haya que disfrazarlo de bendici\u00f3n sin matices.<\/p>\n<h2 dir=\"ltr\"><strong>Primera o segunda residencia: el reparto est\u00e1 cambiando<\/strong><\/h2>\n<p dir=\"ltr\">Uno de los datos m\u00e1s interesantes, y que suele pasar desapercibido, es que el crecimiento ya no viene solo del cl\u00e1sico comprador de casa de vacaciones. Las nacionalidades m\u00e1s asociadas a la segunda residencia crecieron un modesto 3,3%, mientras que el verdadero tir\u00f3n viene de extranjeros residentes que compran, sobre todo, primera vivienda: rumanos (<strong>+24%<\/strong>) y marroqu\u00edes (<strong>+20%<\/strong>) lideran ese impulso. En conjunto, las compras protagonizadas por nacionalidades sudamericanas se disparan un <strong>42%<\/strong>, un dato que empieza a notarse especialmente en Madrid, donde compradores latinoamericanos con alto poder adquisitivo est\u00e1n ganando peso en el segmento m\u00e1s caro del mercado y contribuyendo a ese ritmo casi fren\u00e9tico que vive la capital.<\/p>\n<h2 dir=\"ltr\"><strong>Alicante, a un paso de que la mitad del mercado sea extranjero<\/strong><\/h2>\n<p dir=\"ltr\">Si hay una provincia que resume esta tendencia, es Alicante. Con 5.710 compraventas extranjeras en el trimestre, el peso internacional alcanza ya el <strong>46,43%<\/strong> del mercado provincial, tres puntos m\u00e1s que hace un a\u00f1o. M\u00e1laga no se queda atr\u00e1s: 3.474 operaciones, un <strong>20,79%<\/strong> m\u00e1s, hasta el 37,01% del total. Por comunidades, Baleares (32,27%) y la Comunidad Valenciana (31,03%) encabezan el ranking, seguidas de Canarias (29,33%), Murcia (23,71%), Catalu\u00f1a (17,63%) y Andaluc\u00eda (15,95%).<\/p>\n<p dir=\"ltr\">En cuanto a nacionalidades, los neerlandeses (<strong>+20,2%<\/strong>, 1.830 viviendas) est\u00e1n a punto de arrebatar a los brit\u00e1nicos (1.843, apenas +0,7%) el liderazgo hist\u00f3rico. Alemania, Francia y Polonia tambi\u00e9n crecen; B\u00e9lgica, Rusia y Suecia, en cambio, retroceden.<\/p>\n<h2 dir=\"ltr\"><strong>\u00bfQu\u00e9 cabe esperar para el resto del a\u00f1o?<\/strong><\/h2>\n<p dir=\"ltr\">Con la oferta escasa y la demanda extranjera consolid\u00e1ndose como un componente estructural, como bien resume Andr\u00e9s Pedrera, CEO de Sonneil, todo apunta a que los precios seguir\u00e1n tensionados de cara al cierre de 2026, especialmente en las zonas costeras y en Madrid. El mercado nacional podr\u00eda seguir moder\u00e1ndose, pero dif\u00edcilmente lo har\u00e1 el capital extranjero, que ya no depende solo del turista jubilado de siempre, sino de un mosaico cada vez m\u00e1s amplio de nacionalidades, motivaciones y bolsillos.<\/p>\n<\/div><\/div><style type=\"text\/css\">.fusion-body .fusion-builder-column-0{width:100% !important;margin-top : 0px;margin-bottom : 0px;}.fusion-builder-column-0 > .fusion-column-wrapper {padding-top : 0px !important;padding-right : 0px !important;margin-right : 1.92%;padding-bottom : 0px !important;padding-left : 0px !important;margin-left : 1.92%;}@media only screen and (max-width:1024px) {.fusion-body .fusion-builder-column-0{width:100% !important;}.fusion-builder-column-0 > .fusion-column-wrapper {margin-right : 1.92%;margin-left : 1.92%;}}@media only screen and (max-width:640px) {.fusion-body .fusion-builder-column-0{width:100% !important;}.fusion-builder-column-0 > .fusion-column-wrapper {margin-right : 1.92%;margin-left : 1.92%;}}<\/style><\/div><\/div><style type=\"text\/css\">.fusion-body .fusion-flex-container.fusion-builder-row-1{ padding-top : 0px;margin-top : 0px;padding-right : 0px;padding-bottom : 0px;margin-bottom : 0px;padding-left : 0px;}<\/style><\/div>\n","protected":false},"excerpt":{"rendered":"<p>Si hay una provincia que resume esta tendencia, es Alicante. Con 5.710 compraventas extranjeras en el trimestre, el peso internacional alcanza ya el 46,43% del mercado provincial, tres puntos m\u00e1s que hace un a\u00f1o. M\u00e1laga no se queda atr\u00e1s: 3.474 operaciones, un 20,79% m\u00e1s, hasta el 37,01% del total. Por comunidades, Baleares (32,27%) y la Comunidad Valenciana (31,03%) encabezan el ranking, seguidas de Canarias (29,33%), Murcia (23,71%), Catalu\u00f1a (17,63%) y Andaluc\u00eda (15,95%).<\/p>\n","protected":false},"author":3,"featured_media":36619,"comment_status":"closed","ping_status":"closed","sticky":false,"template":"","format":"standard","meta":{"_jetpack_memberships_contains_paid_content":false,"footnotes":"","jetpack_publicize_message":"","jetpack_publicize_feature_enabled":true,"jetpack_social_post_already_shared":true,"jetpack_social_options":{"image_generator_settings":{"template":"highway","default_image_id":0,"font":"","enabled":false},"version":2}},"categories":[100],"tags":[8314],"class_list":["post-57609","post","type-post","status-publish","format-standard","has-post-thumbnail","hentry","category-compraventa-de-viviendas","tag-newsletter-581"],"yoast_head":"<!-- This site is optimized with the Yoast SEO plugin v28.2 - https:\/\/yoast.com\/product\/yoast-seo-wordpress\/ -->\n<title>La compra de vivienda por parte de extranjeros bate r\u00e9cords<\/title>\n<meta name=\"description\" content=\"Todo apunta a que los precios seguir\u00e1n tensionados de cara al cierre de 2026, especialmente en las zonas costeras y en Madrid.\" \/>\n<meta name=\"robots\" content=\"index, follow, max-snippet:-1, max-image-preview:large, max-video-preview:-1\" \/>\n<link rel=\"canonical\" href=\"https:\/\/www.aquimicasa.net\/blog\/vivienda\/compraventa-de-viviendas\/la-compra-de-vivienda-por-parte-de-extranjeros-bate-records\/\" \/>\n<meta property=\"og:locale\" content=\"es_ES\" \/>\n<meta property=\"og:type\" content=\"article\" \/>\n<meta property=\"og:title\" content=\"La compra de vivienda por parte de extranjeros bate r\u00e9cords\" \/>\n<meta property=\"og:description\" content=\"Todo apunta a que los precios seguir\u00e1n tensionados de cara al cierre de 2026, especialmente en las zonas costeras y en Madrid.\" \/>\n<meta property=\"og:url\" content=\"https:\/\/www.aquimicasa.net\/blog\/vivienda\/compraventa-de-viviendas\/la-compra-de-vivienda-por-parte-de-extranjeros-bate-records\/\" \/>\n<meta property=\"og:site_name\" content=\"Blog de aquimicasa.net\" \/>\n<meta property=\"article:publisher\" content=\"https:\/\/www.facebook.com\/aquimicasa.net\" \/>\n<meta property=\"article:published_time\" content=\"2026-08-31T19:48:34+00:00\" \/>\n<meta property=\"og:image\" content=\"https:\/\/www.aquimicasa.net\/blog\/wp-content\/uploads\/Banderas-de-Europa2-e1617095687330.jpg\" \/>\n\t<meta property=\"og:image:width\" content=\"400\" \/>\n\t<meta property=\"og:image:height\" content=\"332\" \/>\n\t<meta property=\"og:image:type\" content=\"image\/jpeg\" \/>\n<meta name=\"author\" content=\"Eduardo Lizarraga\" \/>\n<meta name=\"twitter:label1\" content=\"Escrito por\" \/>\n\t<meta name=\"twitter:data1\" content=\"Eduardo Lizarraga\" \/>\n\t<meta name=\"twitter:label2\" content=\"Tiempo de lectura\" \/>\n\t<meta name=\"twitter:data2\" content=\"4 minutos\" \/>\n<script type=\"application\/ld+json\" class=\"yoast-schema-graph\">{\"@context\":\"https:\\\/\\\/schema.org\",\"@graph\":[{\"@type\":\"Article\",\"@id\":\"https:\\\/\\\/www.aquimicasa.net\\\/blog\\\/vivienda\\\/compraventa-de-viviendas\\\/la-compra-de-vivienda-por-parte-de-extranjeros-bate-records\\\/#article\",\"isPartOf\":{\"@id\":\"https:\\\/\\\/www.aquimicasa.net\\\/blog\\\/vivienda\\\/compraventa-de-viviendas\\\/la-compra-de-vivienda-por-parte-de-extranjeros-bate-records\\\/\"},\"author\":{\"name\":\"Eduardo Lizarraga\",\"@id\":\"https:\\\/\\\/www.aquimicasa.net\\\/blog\\\/#\\\/schema\\\/person\\\/2cdfa2605534583395c8d7ce1d6cac14\"},\"headline\":\"La compra de vivienda por parte de extranjeros bate r\u00e9cords\",\"datePublished\":\"2026-08-31T19:48:34+00:00\",\"mainEntityOfPage\":{\"@id\":\"https:\\\/\\\/www.aquimicasa.net\\\/blog\\\/vivienda\\\/compraventa-de-viviendas\\\/la-compra-de-vivienda-por-parte-de-extranjeros-bate-records\\\/\"},\"wordCount\":1060,\"publisher\":{\"@id\":\"https:\\\/\\\/www.aquimicasa.net\\\/blog\\\/#organization\"},\"image\":{\"@id\":\"https:\\\/\\\/www.aquimicasa.net\\\/blog\\\/vivienda\\\/compraventa-de-viviendas\\\/la-compra-de-vivienda-por-parte-de-extranjeros-bate-records\\\/#primaryimage\"},\"thumbnailUrl\":\"https:\\\/\\\/www.aquimicasa.net\\\/blog\\\/wp-content\\\/uploads\\\/Banderas-de-Europa2-e1617095687330.jpg\",\"keywords\":[\"newsletter 581\"],\"articleSection\":[\"Compra Venta\"],\"inLanguage\":\"es\"},{\"@type\":\"WebPage\",\"@id\":\"https:\\\/\\\/www.aquimicasa.net\\\/blog\\\/vivienda\\\/compraventa-de-viviendas\\\/la-compra-de-vivienda-por-parte-de-extranjeros-bate-records\\\/\",\"url\":\"https:\\\/\\\/www.aquimicasa.net\\\/blog\\\/vivienda\\\/compraventa-de-viviendas\\\/la-compra-de-vivienda-por-parte-de-extranjeros-bate-records\\\/\",\"name\":\"La compra de vivienda por parte de extranjeros bate r\u00e9cords\",\"isPartOf\":{\"@id\":\"https:\\\/\\\/www.aquimicasa.net\\\/blog\\\/#website\"},\"primaryImageOfPage\":{\"@id\":\"https:\\\/\\\/www.aquimicasa.net\\\/blog\\\/vivienda\\\/compraventa-de-viviendas\\\/la-compra-de-vivienda-por-parte-de-extranjeros-bate-records\\\/#primaryimage\"},\"image\":{\"@id\":\"https:\\\/\\\/www.aquimicasa.net\\\/blog\\\/vivienda\\\/compraventa-de-viviendas\\\/la-compra-de-vivienda-por-parte-de-extranjeros-bate-records\\\/#primaryimage\"},\"thumbnailUrl\":\"https:\\\/\\\/www.aquimicasa.net\\\/blog\\\/wp-content\\\/uploads\\\/Banderas-de-Europa2-e1617095687330.jpg\",\"datePublished\":\"2026-08-31T19:48:34+00:00\",\"description\":\"Todo apunta a que los precios seguir\u00e1n tensionados de cara al cierre de 2026, especialmente en las zonas costeras y en Madrid.\",\"breadcrumb\":{\"@id\":\"https:\\\/\\\/www.aquimicasa.net\\\/blog\\\/vivienda\\\/compraventa-de-viviendas\\\/la-compra-de-vivienda-por-parte-de-extranjeros-bate-records\\\/#breadcrumb\"},\"inLanguage\":\"es\",\"potentialAction\":[{\"@type\":\"ReadAction\",\"target\":[\"https:\\\/\\\/www.aquimicasa.net\\\/blog\\\/vivienda\\\/compraventa-de-viviendas\\\/la-compra-de-vivienda-por-parte-de-extranjeros-bate-records\\\/\"]}]},{\"@type\":\"ImageObject\",\"inLanguage\":\"es\",\"@id\":\"https:\\\/\\\/www.aquimicasa.net\\\/blog\\\/vivienda\\\/compraventa-de-viviendas\\\/la-compra-de-vivienda-por-parte-de-extranjeros-bate-records\\\/#primaryimage\",\"url\":\"https:\\\/\\\/www.aquimicasa.net\\\/blog\\\/wp-content\\\/uploads\\\/Banderas-de-Europa2-e1617095687330.jpg\",\"contentUrl\":\"https:\\\/\\\/www.aquimicasa.net\\\/blog\\\/wp-content\\\/uploads\\\/Banderas-de-Europa2-e1617095687330.jpg\",\"width\":400,\"height\":332,\"caption\":\"SE incrementan las compraventas de vivienda por extranjeros\"},{\"@type\":\"BreadcrumbList\",\"@id\":\"https:\\\/\\\/www.aquimicasa.net\\\/blog\\\/vivienda\\\/compraventa-de-viviendas\\\/la-compra-de-vivienda-por-parte-de-extranjeros-bate-records\\\/#breadcrumb\",\"itemListElement\":[{\"@type\":\"ListItem\",\"position\":1,\"name\":\"Portada\",\"item\":\"https:\\\/\\\/www.aquimicasa.net\\\/blog\\\/\"},{\"@type\":\"ListItem\",\"position\":2,\"name\":\"La compra de vivienda por parte de extranjeros bate r\u00e9cords\"}]},{\"@type\":\"WebSite\",\"@id\":\"https:\\\/\\\/www.aquimicasa.net\\\/blog\\\/#website\",\"url\":\"https:\\\/\\\/www.aquimicasa.net\\\/blog\\\/\",\"name\":\"Blog de aquimicasa.net\",\"description\":\"Noticias del Mundo Inmobiliario\",\"publisher\":{\"@id\":\"https:\\\/\\\/www.aquimicasa.net\\\/blog\\\/#organization\"},\"potentialAction\":[{\"@type\":\"SearchAction\",\"target\":{\"@type\":\"EntryPoint\",\"urlTemplate\":\"https:\\\/\\\/www.aquimicasa.net\\\/blog\\\/?s={search_term_string}\"},\"query-input\":{\"@type\":\"PropertyValueSpecification\",\"valueRequired\":true,\"valueName\":\"search_term_string\"}}],\"inLanguage\":\"es\"},{\"@type\":\"Organization\",\"@id\":\"https:\\\/\\\/www.aquimicasa.net\\\/blog\\\/#organization\",\"name\":\"Blog de aquimicasa.net\",\"url\":\"https:\\\/\\\/www.aquimicasa.net\\\/blog\\\/\",\"logo\":{\"@type\":\"ImageObject\",\"inLanguage\":\"es\",\"@id\":\"https:\\\/\\\/www.aquimicasa.net\\\/blog\\\/#\\\/schema\\\/logo\\\/image\\\/\",\"url\":\"https:\\\/\\\/www.aquimicasa.net\\\/blog\\\/wp-content\\\/uploads\\\/Logo-aquimicasa-1-e1528048213782.png\",\"contentUrl\":\"https:\\\/\\\/www.aquimicasa.net\\\/blog\\\/wp-content\\\/uploads\\\/Logo-aquimicasa-1-e1528048213782.png\",\"width\":225,\"height\":225,\"caption\":\"Blog de aquimicasa.net\"},\"image\":{\"@id\":\"https:\\\/\\\/www.aquimicasa.net\\\/blog\\\/#\\\/schema\\\/logo\\\/image\\\/\"},\"sameAs\":[\"https:\\\/\\\/www.facebook.com\\\/aquimicasa.net\",\"https:\\\/\\\/www.instagram.com\\\/\",\"https:\\\/\\\/x.com\\\/EduLizarragaD\",\"https:\\\/\\\/www.linkedin.com\\\/feed\\\/\"]},{\"@type\":\"Person\",\"@id\":\"https:\\\/\\\/www.aquimicasa.net\\\/blog\\\/#\\\/schema\\\/person\\\/2cdfa2605534583395c8d7ce1d6cac14\",\"name\":\"Eduardo Lizarraga\",\"image\":{\"@type\":\"ImageObject\",\"inLanguage\":\"es\",\"@id\":\"https:\\\/\\\/secure.gravatar.com\\\/avatar\\\/bdabe1eeeed97b65a9cb7de2edd624b07995f7e13abc5fead15961f745f908cc?s=96&d=mm&r=g\",\"url\":\"https:\\\/\\\/secure.gravatar.com\\\/avatar\\\/bdabe1eeeed97b65a9cb7de2edd624b07995f7e13abc5fead15961f745f908cc?s=96&d=mm&r=g\",\"contentUrl\":\"https:\\\/\\\/secure.gravatar.com\\\/avatar\\\/bdabe1eeeed97b65a9cb7de2edd624b07995f7e13abc5fead15961f745f908cc?s=96&d=mm&r=g\",\"caption\":\"Eduardo Lizarraga\"},\"description\":\"Periodista Econ\u00f3mico. Ha trabajado en diversos campos de la informaci\u00f3n. Corresponsal en conflictos, analista pol\u00edtico en Congreso y Senado, periodista del medio ambiente, editor, director editorial, director de comunicaci\u00f3n.... En estos momentos se ha especializado en el sector inmobiliario. Pero tambi\u00e9n es navegante y viajero, preocupado por la pobreza, el medio ambiente y por las actuaciones descontroladas del neoliberalismo empresarial y pol\u00edtico en todo el mundo. Los desahucios, la pobreza infantil y la falta de acceso a los suministros b\u00e1sicos son algunos de los grandes dramas de nuestra sociedad y que es preciso solucionar para hacerla m\u00e1s justa. CEO en www.aquimicasa.net\",\"sameAs\":[\"https:\\\/\\\/www.aquimicasa.net\\\/\"],\"url\":\"https:\\\/\\\/www.aquimicasa.net\\\/blog\\\/author\\\/eduardo\\\/\"}]}<\/script>\n<!-- \/ Yoast SEO plugin. -->","yoast_head_json":{"title":"La compra de vivienda por parte de extranjeros bate r\u00e9cords","description":"Todo apunta a que los precios seguir\u00e1n tensionados de cara al cierre de 2026, especialmente en las zonas costeras y en Madrid.","robots":{"index":"index","follow":"follow","max-snippet":"max-snippet:-1","max-image-preview":"max-image-preview:large","max-video-preview":"max-video-preview:-1"},"canonical":"https:\/\/www.aquimicasa.net\/blog\/vivienda\/compraventa-de-viviendas\/la-compra-de-vivienda-por-parte-de-extranjeros-bate-records\/","og_locale":"es_ES","og_type":"article","og_title":"La compra de vivienda por parte de extranjeros bate r\u00e9cords","og_description":"Todo apunta a que los precios seguir\u00e1n tensionados de cara al cierre de 2026, especialmente en las zonas costeras y en Madrid.","og_url":"https:\/\/www.aquimicasa.net\/blog\/vivienda\/compraventa-de-viviendas\/la-compra-de-vivienda-por-parte-de-extranjeros-bate-records\/","og_site_name":"Blog de aquimicasa.net","article_publisher":"https:\/\/www.facebook.com\/aquimicasa.net","article_published_time":"2026-08-31T19:48:34+00:00","og_image":[{"width":400,"height":332,"url":"https:\/\/www.aquimicasa.net\/blog\/wp-content\/uploads\/Banderas-de-Europa2-e1617095687330.jpg","type":"image\/jpeg"}],"author":"Eduardo Lizarraga","twitter_misc":{"Escrito por":"Eduardo Lizarraga","Tiempo de lectura":"4 minutos"},"schema":{"@context":"https:\/\/schema.org","@graph":[{"@type":"Article","@id":"https:\/\/www.aquimicasa.net\/blog\/vivienda\/compraventa-de-viviendas\/la-compra-de-vivienda-por-parte-de-extranjeros-bate-records\/#article","isPartOf":{"@id":"https:\/\/www.aquimicasa.net\/blog\/vivienda\/compraventa-de-viviendas\/la-compra-de-vivienda-por-parte-de-extranjeros-bate-records\/"},"author":{"name":"Eduardo Lizarraga","@id":"https:\/\/www.aquimicasa.net\/blog\/#\/schema\/person\/2cdfa2605534583395c8d7ce1d6cac14"},"headline":"La compra de vivienda por parte de extranjeros bate r\u00e9cords","datePublished":"2026-08-31T19:48:34+00:00","mainEntityOfPage":{"@id":"https:\/\/www.aquimicasa.net\/blog\/vivienda\/compraventa-de-viviendas\/la-compra-de-vivienda-por-parte-de-extranjeros-bate-records\/"},"wordCount":1060,"publisher":{"@id":"https:\/\/www.aquimicasa.net\/blog\/#organization"},"image":{"@id":"https:\/\/www.aquimicasa.net\/blog\/vivienda\/compraventa-de-viviendas\/la-compra-de-vivienda-por-parte-de-extranjeros-bate-records\/#primaryimage"},"thumbnailUrl":"https:\/\/www.aquimicasa.net\/blog\/wp-content\/uploads\/Banderas-de-Europa2-e1617095687330.jpg","keywords":["newsletter 581"],"articleSection":["Compra Venta"],"inLanguage":"es"},{"@type":"WebPage","@id":"https:\/\/www.aquimicasa.net\/blog\/vivienda\/compraventa-de-viviendas\/la-compra-de-vivienda-por-parte-de-extranjeros-bate-records\/","url":"https:\/\/www.aquimicasa.net\/blog\/vivienda\/compraventa-de-viviendas\/la-compra-de-vivienda-por-parte-de-extranjeros-bate-records\/","name":"La compra de vivienda por parte de extranjeros bate r\u00e9cords","isPartOf":{"@id":"https:\/\/www.aquimicasa.net\/blog\/#website"},"primaryImageOfPage":{"@id":"https:\/\/www.aquimicasa.net\/blog\/vivienda\/compraventa-de-viviendas\/la-compra-de-vivienda-por-parte-de-extranjeros-bate-records\/#primaryimage"},"image":{"@id":"https:\/\/www.aquimicasa.net\/blog\/vivienda\/compraventa-de-viviendas\/la-compra-de-vivienda-por-parte-de-extranjeros-bate-records\/#primaryimage"},"thumbnailUrl":"https:\/\/www.aquimicasa.net\/blog\/wp-content\/uploads\/Banderas-de-Europa2-e1617095687330.jpg","datePublished":"2026-08-31T19:48:34+00:00","description":"Todo apunta a que los precios seguir\u00e1n tensionados de cara al cierre de 2026, especialmente en las zonas costeras y en Madrid.","breadcrumb":{"@id":"https:\/\/www.aquimicasa.net\/blog\/vivienda\/compraventa-de-viviendas\/la-compra-de-vivienda-por-parte-de-extranjeros-bate-records\/#breadcrumb"},"inLanguage":"es","potentialAction":[{"@type":"ReadAction","target":["https:\/\/www.aquimicasa.net\/blog\/vivienda\/compraventa-de-viviendas\/la-compra-de-vivienda-por-parte-de-extranjeros-bate-records\/"]}]},{"@type":"ImageObject","inLanguage":"es","@id":"https:\/\/www.aquimicasa.net\/blog\/vivienda\/compraventa-de-viviendas\/la-compra-de-vivienda-por-parte-de-extranjeros-bate-records\/#primaryimage","url":"https:\/\/www.aquimicasa.net\/blog\/wp-content\/uploads\/Banderas-de-Europa2-e1617095687330.jpg","contentUrl":"https:\/\/www.aquimicasa.net\/blog\/wp-content\/uploads\/Banderas-de-Europa2-e1617095687330.jpg","width":400,"height":332,"caption":"SE incrementan las compraventas de vivienda por extranjeros"},{"@type":"BreadcrumbList","@id":"https:\/\/www.aquimicasa.net\/blog\/vivienda\/compraventa-de-viviendas\/la-compra-de-vivienda-por-parte-de-extranjeros-bate-records\/#breadcrumb","itemListElement":[{"@type":"ListItem","position":1,"name":"Portada","item":"https:\/\/www.aquimicasa.net\/blog\/"},{"@type":"ListItem","position":2,"name":"La compra de vivienda por parte de extranjeros bate r\u00e9cords"}]},{"@type":"WebSite","@id":"https:\/\/www.aquimicasa.net\/blog\/#website","url":"https:\/\/www.aquimicasa.net\/blog\/","name":"Blog de aquimicasa.net","description":"Noticias del Mundo Inmobiliario","publisher":{"@id":"https:\/\/www.aquimicasa.net\/blog\/#organization"},"potentialAction":[{"@type":"SearchAction","target":{"@type":"EntryPoint","urlTemplate":"https:\/\/www.aquimicasa.net\/blog\/?s={search_term_string}"},"query-input":{"@type":"PropertyValueSpecification","valueRequired":true,"valueName":"search_term_string"}}],"inLanguage":"es"},{"@type":"Organization","@id":"https:\/\/www.aquimicasa.net\/blog\/#organization","name":"Blog de aquimicasa.net","url":"https:\/\/www.aquimicasa.net\/blog\/","logo":{"@type":"ImageObject","inLanguage":"es","@id":"https:\/\/www.aquimicasa.net\/blog\/#\/schema\/logo\/image\/","url":"https:\/\/www.aquimicasa.net\/blog\/wp-content\/uploads\/Logo-aquimicasa-1-e1528048213782.png","contentUrl":"https:\/\/www.aquimicasa.net\/blog\/wp-content\/uploads\/Logo-aquimicasa-1-e1528048213782.png","width":225,"height":225,"caption":"Blog de aquimicasa.net"},"image":{"@id":"https:\/\/www.aquimicasa.net\/blog\/#\/schema\/logo\/image\/"},"sameAs":["https:\/\/www.facebook.com\/aquimicasa.net","https:\/\/www.instagram.com\/","https:\/\/x.com\/EduLizarragaD","https:\/\/www.linkedin.com\/feed\/"]},{"@type":"Person","@id":"https:\/\/www.aquimicasa.net\/blog\/#\/schema\/person\/2cdfa2605534583395c8d7ce1d6cac14","name":"Eduardo Lizarraga","image":{"@type":"ImageObject","inLanguage":"es","@id":"https:\/\/secure.gravatar.com\/avatar\/bdabe1eeeed97b65a9cb7de2edd624b07995f7e13abc5fead15961f745f908cc?s=96&d=mm&r=g","url":"https:\/\/secure.gravatar.com\/avatar\/bdabe1eeeed97b65a9cb7de2edd624b07995f7e13abc5fead15961f745f908cc?s=96&d=mm&r=g","contentUrl":"https:\/\/secure.gravatar.com\/avatar\/bdabe1eeeed97b65a9cb7de2edd624b07995f7e13abc5fead15961f745f908cc?s=96&d=mm&r=g","caption":"Eduardo Lizarraga"},"description":"Periodista Econ\u00f3mico. Ha trabajado en diversos campos de la informaci\u00f3n. Corresponsal en conflictos, analista pol\u00edtico en Congreso y Senado, periodista del medio ambiente, editor, director editorial, director de comunicaci\u00f3n.... En estos momentos se ha especializado en el sector inmobiliario. Pero tambi\u00e9n es navegante y viajero, preocupado por la pobreza, el medio ambiente y por las actuaciones descontroladas del neoliberalismo empresarial y pol\u00edtico en todo el mundo. Los desahucios, la pobreza infantil y la falta de acceso a los suministros b\u00e1sicos son algunos de los grandes dramas de nuestra sociedad y que es preciso solucionar para hacerla m\u00e1s justa. CEO en www.aquimicasa.net","sameAs":["https:\/\/www.aquimicasa.net\/"],"url":"https:\/\/www.aquimicasa.net\/blog\/author\/eduardo\/"}]}},"jetpack_publicize_connections":[],"jetpack_featured_media_url":"https:\/\/www.aquimicasa.net\/blog\/wp-content\/uploads\/Banderas-de-Europa2-e1617095687330.jpg","jetpack_sharing_enabled":true,"jetpack_likes_enabled":true,"_links":{"self":[{"href":"https:\/\/www.aquimicasa.net\/blog\/wp-json\/wp\/v2\/posts\/57609","targetHints":{"allow":["GET"]}}],"collection":[{"href":"https:\/\/www.aquimicasa.net\/blog\/wp-json\/wp\/v2\/posts"}],"about":[{"href":"https:\/\/www.aquimicasa.net\/blog\/wp-json\/wp\/v2\/types\/post"}],"author":[{"embeddable":true,"href":"https:\/\/www.aquimicasa.net\/blog\/wp-json\/wp\/v2\/users\/3"}],"replies":[{"embeddable":true,"href":"https:\/\/www.aquimicasa.net\/blog\/wp-json\/wp\/v2\/comments?post=57609"}],"version-history":[{"count":2,"href":"https:\/\/www.aquimicasa.net\/blog\/wp-json\/wp\/v2\/posts\/57609\/revisions"}],"predecessor-version":[{"id":57613,"href":"https:\/\/www.aquimicasa.net\/blog\/wp-json\/wp\/v2\/posts\/57609\/revisions\/57613"}],"wp:featuredmedia":[{"embeddable":true,"href":"https:\/\/www.aquimicasa.net\/blog\/wp-json\/wp\/v2\/media\/36619"}],"wp:attachment":[{"href":"https:\/\/www.aquimicasa.net\/blog\/wp-json\/wp\/v2\/media?parent=57609"}],"wp:term":[{"taxonomy":"category","embeddable":true,"href":"https:\/\/www.aquimicasa.net\/blog\/wp-json\/wp\/v2\/categories?post=57609"},{"taxonomy":"post_tag","embeddable":true,"href":"https:\/\/www.aquimicasa.net\/blog\/wp-json\/wp\/v2\/tags?post=57609"}],"curies":[{"name":"wp","href":"https:\/\/api.w.org\/{rel}","templated":true}]}}