{"id":57611,"date":"2026-08-31T22:24:52","date_gmt":"2026-08-31T20:24:52","guid":{"rendered":"https:\/\/www.aquimicasa.net\/blog\/?p=57611"},"modified":"2026-08-31T22:24:52","modified_gmt":"2026-08-31T20:24:52","slug":"la-luz-vuelve-a-subir-en-agosto-y-el-gobierno-mira-hacia-otro-lado","status":"publish","type":"post","link":"https:\/\/www.aquimicasa.net\/blog\/consumo\/consumidores\/la-luz-vuelve-a-subir-en-agosto-y-el-gobierno-mira-hacia-otro-lado\/","title":{"rendered":"La luz vuelve a subir en agosto y el Gobierno mira hacia otro lado"},"content":{"rendered":"<div class=\"fusion-fullwidth fullwidth-box fusion-builder-row-1 fusion-flex-container nonhundred-percent-fullwidth non-hundred-percent-height-scrolling\" style=\"background-color: rgba(255,255,255,0);background-position: center center;background-repeat: no-repeat;border-width: 0px 0px 0px 0px;border-color:#eae9e9;border-style:solid;\" ><div class=\"fusion-builder-row fusion-row fusion-flex-align-items-flex-start\" style=\"max-width:1144px;margin-left: calc(-4% \/ 2 );margin-right: calc(-4% \/ 2 );\"><div class=\"fusion-layout-column fusion_builder_column fusion-builder-column-0 fusion_builder_column_1_1 1_1 fusion-flex-column\"><div class=\"fusion-column-wrapper fusion-flex-justify-content-flex-start fusion-content-layout-column\" style=\"background-position:left top;background-repeat:no-repeat;-webkit-background-size:cover;-moz-background-size:cover;-o-background-size:cover;background-size:cover;padding: 0px 0px 0px 0px;\"><div class=\"fusion-text fusion-text-1\"><p dir=\"ltr\">Las asociaciones de consumidores han vuelto a hacer sonar la alarma. La factura el\u00e9ctrica de los hogares acogidos al PVPC se ha encarecido de nuevo en agosto, y lo ha hecho justo en el mes en que el aire acondicionado dispara el consumo y las familias espa\u00f1olas menos margen tienen para absorber otro golpe a su econom\u00eda. Seg\u00fan los c\u00e1lculos de la Organizaci\u00f3n de Consumidores y Usuarios (OCU), el recibo de una familia media, con una potencia contratada de 4,6 kW y un consumo mensual de 292 kWh, ha subido un <strong>2,46%<\/strong> respecto a julio y alcanza ya los <strong>79,75 euros mensuales<\/strong>, frente a los 77,84 euros del mes anterior. La comparaci\u00f3n interanual es todav\u00eda m\u00e1s dura: un <strong>17,73%<\/strong> m\u00e1s que los 67,74 euros que costaba la luz en agosto del a\u00f1o pasado. FACUA, con un perfil de consumidor distinto (4,4 kW y 366 kWh mensuales), llega a una conclusi\u00f3n a\u00fan m\u00e1s alarmante: el recibo medio se sit\u00faa en <strong>96,65 euros<\/strong>, un <strong>19,8%<\/strong> m\u00e1s caro que hace un a\u00f1o y la factura de agosto m\u00e1s elevada desde 2022. Da igual qu\u00e9 metodolog\u00eda se use: la conclusi\u00f3n es la misma, y es mala noticia para cualquier bolsillo.<\/p>\n<h2 dir=\"ltr\"><strong>Por qu\u00e9 sube la luz: calor, gas y menos renovables firmando el mismo cheque<\/strong><\/h2>\n<p dir=\"ltr\">La explicaci\u00f3n oficial de esta escalada tiene varios nombres, y ninguno es nuevo. El precio del mercado mayorista ha vuelto a repuntar otro <strong>13%<\/strong>, hasta los 118,25 euros\/MWh, lo que convierte a este agosto en el segundo m\u00e1s caro de la serie hist\u00f3rica, solo por detr\u00e1s del agosto de 2022, en plena crisis energ\u00e9tica, cuando el precio lleg\u00f3 a dispararse hasta los 154,9 euros\/MWh. Detr\u00e1s de la subida hay una combinaci\u00f3n perfecta para que la factura no baje: el calor ha disparado el uso del aire acondicionado y la demanda ha sido claramente superior a la del a\u00f1o pasado, mientras que la e\u00f3lica y la nuclear han producido menos de lo habitual. La fotovoltaica ha aguantado el tipo durante las horas de sol, pero en cuanto el sol se pone entran en juego los ciclos combinados de gas, y el gas se ha encarecido con fuerza por la reactivaci\u00f3n de la crisis en Oriente Medio. El resultado es que, una vez m\u00e1s, la geopol\u00edtica internacional se cuela directamente en el recibo de la luz de cualquier hogar espa\u00f1ol, sin que nadie en Moncloa parezca tener un plan serio para amortiguarlo.<\/p>\n<h2 dir=\"ltr\"><strong>Las ayudas prometidas que nunca llegan<\/strong><\/h2>\n<p dir=\"ltr\">Y aqu\u00ed es donde el enfado de las asociaciones de consumidores se vuelve m\u00e1s que comprensible. El Real Decreto 18\/2026 contemplaba una rebaja del IVA y del Impuesto de Electricidad como medida anticrisis, pero esa rebaja <strong>no se va a aplicar<\/strong> a las facturas que se emitan en septiembre con los consumos de agosto. El motivo es de traca: la condici\u00f3n para activarla depend\u00eda de que el IPC de julio subiera al menos un 15% respecto al mismo mes del a\u00f1o anterior, y esa condici\u00f3n no se ha cumplido. Es decir, el Gobierno dise\u00f1\u00f3 una red de seguridad con un list\u00f3n tan alto que, con la luz disparada un mes tras otro, sigue sin activarse. OCU lo dice con toda la raz\u00f3n: estas medidas fiscales deber\u00edan tener continuidad y, sobre todo, deber\u00edan revisarse los requisitos para que sean realmente <strong>efectivas<\/strong>, no un anuncio que suena bien en rueda de prensa y no llega jam\u00e1s al recibo real de las familias.<\/p>\n<h2 dir=\"ltr\"><strong>Qu\u00e9 puede hacer un hogar para no pagar de m\u00e1s<\/strong><\/h2>\n<p dir=\"ltr\">Mientras se espera esa reacci\u00f3n pol\u00edtica, hay margen de maniobra individual, aunque sea limitado. FACUA calcula que los consumidores dom\u00e9sticos espa\u00f1oles pagan cerca de <strong>mil millones de euros de m\u00e1s cada a\u00f1o<\/strong> solo por tener contratada m\u00e1s potencia de la que realmente necesitan, as\u00ed que revisar y ajustar la potencia contratada es, probablemente, la medida m\u00e1s sencilla y con mayor impacto inmediato en la factura. OCU, por su parte, insiste en revisar las condiciones del contrato de suministro: quienes tienen tarifas indexadas son los m\u00e1s expuestos a esta volatilidad, y el PVPC tampoco es inmune, porque una parte de su precio ya se vincula a los mercados a plazo. La recomendaci\u00f3n es clara: comparar ofertas, desconfiar de tarifas que no garantizan el precio durante un periodo determinado y apostar por precios fijos durante al menos <strong>12 meses<\/strong>, mirando siempre el coste total de la factura y no solo el precio del kWh.<\/p>\n<h2 dir=\"ltr\"><strong>Un bono social que sigue sin llegar a quien lo necesita<\/strong><\/h2>\n<p dir=\"ltr\">Queda, adem\u00e1s, una asignatura pendiente que se repite a\u00f1o tras a\u00f1o: el bono social el\u00e9ctrico sigue sin llegar a la mayor\u00eda de sus beneficiarios potenciales. No es un problema de dise\u00f1o, sino de comunicaci\u00f3n: buena parte de los hogares que tendr\u00edan derecho a este descuento ni siquiera saben que existe, o creen err\u00f3neamente que no cumplen los requisitos. El Ministerio para la Transici\u00f3n Ecol\u00f3gica lleva a\u00f1os sin lanzar una campa\u00f1a de publicidad institucional a la altura del problema. FACUA va m\u00e1s all\u00e1 y pide medidas estructurales: sacar a la nuclear y la hidroel\u00e9ctrica del sistema marginalista para evitar los llamados \u00abbeneficios ca\u00eddos del cielo\u00bb, convertir en permanente el IVA reducido para la electricidad como suministro esencial, y compensar esa menor recaudaci\u00f3n gravando a quienes m\u00e1s ganan, no a quienes ya no llegan a fin de mes. Son medidas razonables, planteadas desde hace tiempo, y que siguen sin materializarse mientras los hogares espa\u00f1oles encajan mes tras mes un recibo que cada vez pesa m\u00e1s en su econom\u00eda, y que, de paso, encarece tambi\u00e9n los costes generales de un tejido productivo que tambi\u00e9n paga la luz.<\/p>\n<\/div><\/div><style type=\"text\/css\">.fusion-body .fusion-builder-column-0{width:100% !important;margin-top : 0px;margin-bottom : 0px;}.fusion-builder-column-0 > .fusion-column-wrapper {padding-top : 0px !important;padding-right : 0px !important;margin-right : 1.92%;padding-bottom : 0px !important;padding-left : 0px !important;margin-left : 1.92%;}@media only screen and (max-width:1024px) {.fusion-body .fusion-builder-column-0{width:100% !important;}.fusion-builder-column-0 > .fusion-column-wrapper {margin-right : 1.92%;margin-left : 1.92%;}}@media only screen and (max-width:640px) {.fusion-body .fusion-builder-column-0{width:100% !important;}.fusion-builder-column-0 > .fusion-column-wrapper {margin-right : 1.92%;margin-left : 1.92%;}}<\/style><\/div><\/div><style type=\"text\/css\">.fusion-body .fusion-flex-container.fusion-builder-row-1{ padding-top : 0px;margin-top : 0px;padding-right : 0px;padding-bottom : 0px;margin-bottom : 0px;padding-left : 0px;}<\/style><\/div>\n","protected":false},"excerpt":{"rendered":"<p>Mientras se espera esa reacci\u00f3n pol\u00edtica, hay margen de maniobra individual, aunque sea limitado. FACUA calcula que los consumidores dom\u00e9sticos espa\u00f1oles pagan cerca de mil millones de euros de m\u00e1s cada a\u00f1o solo por tener contratada m\u00e1s potencia de la que realmente necesitan, as\u00ed que revisar y ajustar la potencia contratada es, probablemente, la medida m\u00e1s sencilla y con mayor impacto inmediato en la factura.<\/p>\n","protected":false},"author":3,"featured_media":37608,"comment_status":"closed","ping_status":"closed","sticky":false,"template":"","format":"standard","meta":{"_jetpack_memberships_contains_paid_content":false,"footnotes":"","jetpack_publicize_message":"","jetpack_publicize_feature_enabled":true,"jetpack_social_post_already_shared":true,"jetpack_social_options":{"image_generator_settings":{"template":"highway","default_image_id":0,"font":"","enabled":false},"version":2}},"categories":[7512],"tags":[8314],"class_list":["post-57611","post","type-post","status-publish","format-standard","has-post-thumbnail","hentry","category-consumidores","tag-newsletter-581"],"yoast_head":"<!-- This site is optimized with the Yoast SEO plugin v28.2 - https:\/\/yoast.com\/product\/yoast-seo-wordpress\/ -->\n<title>La luz vuelve a subir en agosto y el Gobierno mira hacia otro lado<\/title>\n<meta name=\"description\" content=\"El recibo medio se sit\u00faa en 96,65 euros, un 19,8% m\u00e1s caro que hace un a\u00f1o y la factura de agosto m\u00e1s elevada desde 2022.\" \/>\n<meta name=\"robots\" content=\"index, follow, max-snippet:-1, max-image-preview:large, max-video-preview:-1\" \/>\n<link rel=\"canonical\" href=\"https:\/\/www.aquimicasa.net\/blog\/consumo\/consumidores\/la-luz-vuelve-a-subir-en-agosto-y-el-gobierno-mira-hacia-otro-lado\/\" \/>\n<meta property=\"og:locale\" content=\"es_ES\" \/>\n<meta property=\"og:type\" content=\"article\" \/>\n<meta property=\"og:title\" content=\"La luz vuelve a subir en agosto y el Gobierno mira hacia otro lado\" \/>\n<meta property=\"og:description\" content=\"El recibo medio se sit\u00faa en 96,65 euros, un 19,8% m\u00e1s caro que hace un a\u00f1o y la factura de agosto m\u00e1s elevada desde 2022.\" \/>\n<meta property=\"og:url\" content=\"https:\/\/www.aquimicasa.net\/blog\/consumo\/consumidores\/la-luz-vuelve-a-subir-en-agosto-y-el-gobierno-mira-hacia-otro-lado\/\" \/>\n<meta property=\"og:site_name\" content=\"Blog de aquimicasa.net\" \/>\n<meta property=\"article:publisher\" content=\"https:\/\/www.facebook.com\/aquimicasa.net\" \/>\n<meta property=\"article:published_time\" content=\"2026-08-31T20:24:52+00:00\" \/>\n<meta property=\"og:image\" content=\"https:\/\/www.aquimicasa.net\/blog\/wp-content\/uploads\/ahorrar-factura-luz1.jpg\" \/>\n\t<meta property=\"og:image:width\" content=\"600\" \/>\n\t<meta property=\"og:image:height\" content=\"400\" \/>\n\t<meta property=\"og:image:type\" content=\"image\/jpeg\" \/>\n<meta name=\"author\" content=\"Eduardo Lizarraga\" \/>\n<meta name=\"twitter:label1\" content=\"Escrito por\" \/>\n\t<meta name=\"twitter:data1\" content=\"Eduardo Lizarraga\" \/>\n\t<meta name=\"twitter:label2\" content=\"Tiempo de lectura\" \/>\n\t<meta name=\"twitter:data2\" content=\"5 minutos\" \/>\n<script type=\"application\/ld+json\" class=\"yoast-schema-graph\">{\"@context\":\"https:\\\/\\\/schema.org\",\"@graph\":[{\"@type\":\"Article\",\"@id\":\"https:\\\/\\\/www.aquimicasa.net\\\/blog\\\/consumo\\\/consumidores\\\/la-luz-vuelve-a-subir-en-agosto-y-el-gobierno-mira-hacia-otro-lado\\\/#article\",\"isPartOf\":{\"@id\":\"https:\\\/\\\/www.aquimicasa.net\\\/blog\\\/consumo\\\/consumidores\\\/la-luz-vuelve-a-subir-en-agosto-y-el-gobierno-mira-hacia-otro-lado\\\/\"},\"author\":{\"name\":\"Eduardo Lizarraga\",\"@id\":\"https:\\\/\\\/www.aquimicasa.net\\\/blog\\\/#\\\/schema\\\/person\\\/2cdfa2605534583395c8d7ce1d6cac14\"},\"headline\":\"La luz vuelve a subir en agosto y el Gobierno mira hacia otro lado\",\"datePublished\":\"2026-08-31T20:24:52+00:00\",\"mainEntityOfPage\":{\"@id\":\"https:\\\/\\\/www.aquimicasa.net\\\/blog\\\/consumo\\\/consumidores\\\/la-luz-vuelve-a-subir-en-agosto-y-el-gobierno-mira-hacia-otro-lado\\\/\"},\"wordCount\":1236,\"publisher\":{\"@id\":\"https:\\\/\\\/www.aquimicasa.net\\\/blog\\\/#organization\"},\"image\":{\"@id\":\"https:\\\/\\\/www.aquimicasa.net\\\/blog\\\/consumo\\\/consumidores\\\/la-luz-vuelve-a-subir-en-agosto-y-el-gobierno-mira-hacia-otro-lado\\\/#primaryimage\"},\"thumbnailUrl\":\"https:\\\/\\\/www.aquimicasa.net\\\/blog\\\/wp-content\\\/uploads\\\/ahorrar-factura-luz1.jpg\",\"keywords\":[\"newsletter 581\"],\"articleSection\":[\"Consumidores\"],\"inLanguage\":\"es\"},{\"@type\":\"WebPage\",\"@id\":\"https:\\\/\\\/www.aquimicasa.net\\\/blog\\\/consumo\\\/consumidores\\\/la-luz-vuelve-a-subir-en-agosto-y-el-gobierno-mira-hacia-otro-lado\\\/\",\"url\":\"https:\\\/\\\/www.aquimicasa.net\\\/blog\\\/consumo\\\/consumidores\\\/la-luz-vuelve-a-subir-en-agosto-y-el-gobierno-mira-hacia-otro-lado\\\/\",\"name\":\"La luz vuelve a subir en agosto y el Gobierno mira hacia otro lado\",\"isPartOf\":{\"@id\":\"https:\\\/\\\/www.aquimicasa.net\\\/blog\\\/#website\"},\"primaryImageOfPage\":{\"@id\":\"https:\\\/\\\/www.aquimicasa.net\\\/blog\\\/consumo\\\/consumidores\\\/la-luz-vuelve-a-subir-en-agosto-y-el-gobierno-mira-hacia-otro-lado\\\/#primaryimage\"},\"image\":{\"@id\":\"https:\\\/\\\/www.aquimicasa.net\\\/blog\\\/consumo\\\/consumidores\\\/la-luz-vuelve-a-subir-en-agosto-y-el-gobierno-mira-hacia-otro-lado\\\/#primaryimage\"},\"thumbnailUrl\":\"https:\\\/\\\/www.aquimicasa.net\\\/blog\\\/wp-content\\\/uploads\\\/ahorrar-factura-luz1.jpg\",\"datePublished\":\"2026-08-31T20:24:52+00:00\",\"description\":\"El recibo medio se sit\u00faa en 96,65 euros, un 19,8% m\u00e1s caro que hace un a\u00f1o y la factura de agosto m\u00e1s elevada desde 2022.\",\"breadcrumb\":{\"@id\":\"https:\\\/\\\/www.aquimicasa.net\\\/blog\\\/consumo\\\/consumidores\\\/la-luz-vuelve-a-subir-en-agosto-y-el-gobierno-mira-hacia-otro-lado\\\/#breadcrumb\"},\"inLanguage\":\"es\",\"potentialAction\":[{\"@type\":\"ReadAction\",\"target\":[\"https:\\\/\\\/www.aquimicasa.net\\\/blog\\\/consumo\\\/consumidores\\\/la-luz-vuelve-a-subir-en-agosto-y-el-gobierno-mira-hacia-otro-lado\\\/\"]}]},{\"@type\":\"ImageObject\",\"inLanguage\":\"es\",\"@id\":\"https:\\\/\\\/www.aquimicasa.net\\\/blog\\\/consumo\\\/consumidores\\\/la-luz-vuelve-a-subir-en-agosto-y-el-gobierno-mira-hacia-otro-lado\\\/#primaryimage\",\"url\":\"https:\\\/\\\/www.aquimicasa.net\\\/blog\\\/wp-content\\\/uploads\\\/ahorrar-factura-luz1.jpg\",\"contentUrl\":\"https:\\\/\\\/www.aquimicasa.net\\\/blog\\\/wp-content\\\/uploads\\\/ahorrar-factura-luz1.jpg\",\"width\":600,\"height\":400,\"caption\":\"\u00b4La factura de la luz sube de nuevo en agosto\"},{\"@type\":\"BreadcrumbList\",\"@id\":\"https:\\\/\\\/www.aquimicasa.net\\\/blog\\\/consumo\\\/consumidores\\\/la-luz-vuelve-a-subir-en-agosto-y-el-gobierno-mira-hacia-otro-lado\\\/#breadcrumb\",\"itemListElement\":[{\"@type\":\"ListItem\",\"position\":1,\"name\":\"Portada\",\"item\":\"https:\\\/\\\/www.aquimicasa.net\\\/blog\\\/\"},{\"@type\":\"ListItem\",\"position\":2,\"name\":\"La luz vuelve a subir en agosto y el Gobierno mira hacia otro lado\"}]},{\"@type\":\"WebSite\",\"@id\":\"https:\\\/\\\/www.aquimicasa.net\\\/blog\\\/#website\",\"url\":\"https:\\\/\\\/www.aquimicasa.net\\\/blog\\\/\",\"name\":\"Blog de aquimicasa.net\",\"description\":\"Noticias del Mundo Inmobiliario\",\"publisher\":{\"@id\":\"https:\\\/\\\/www.aquimicasa.net\\\/blog\\\/#organization\"},\"potentialAction\":[{\"@type\":\"SearchAction\",\"target\":{\"@type\":\"EntryPoint\",\"urlTemplate\":\"https:\\\/\\\/www.aquimicasa.net\\\/blog\\\/?s={search_term_string}\"},\"query-input\":{\"@type\":\"PropertyValueSpecification\",\"valueRequired\":true,\"valueName\":\"search_term_string\"}}],\"inLanguage\":\"es\"},{\"@type\":\"Organization\",\"@id\":\"https:\\\/\\\/www.aquimicasa.net\\\/blog\\\/#organization\",\"name\":\"Blog de aquimicasa.net\",\"url\":\"https:\\\/\\\/www.aquimicasa.net\\\/blog\\\/\",\"logo\":{\"@type\":\"ImageObject\",\"inLanguage\":\"es\",\"@id\":\"https:\\\/\\\/www.aquimicasa.net\\\/blog\\\/#\\\/schema\\\/logo\\\/image\\\/\",\"url\":\"https:\\\/\\\/www.aquimicasa.net\\\/blog\\\/wp-content\\\/uploads\\\/Logo-aquimicasa-1-e1528048213782.png\",\"contentUrl\":\"https:\\\/\\\/www.aquimicasa.net\\\/blog\\\/wp-content\\\/uploads\\\/Logo-aquimicasa-1-e1528048213782.png\",\"width\":225,\"height\":225,\"caption\":\"Blog de aquimicasa.net\"},\"image\":{\"@id\":\"https:\\\/\\\/www.aquimicasa.net\\\/blog\\\/#\\\/schema\\\/logo\\\/image\\\/\"},\"sameAs\":[\"https:\\\/\\\/www.facebook.com\\\/aquimicasa.net\",\"https:\\\/\\\/www.instagram.com\\\/\",\"https:\\\/\\\/x.com\\\/EduLizarragaD\",\"https:\\\/\\\/www.linkedin.com\\\/feed\\\/\"]},{\"@type\":\"Person\",\"@id\":\"https:\\\/\\\/www.aquimicasa.net\\\/blog\\\/#\\\/schema\\\/person\\\/2cdfa2605534583395c8d7ce1d6cac14\",\"name\":\"Eduardo Lizarraga\",\"image\":{\"@type\":\"ImageObject\",\"inLanguage\":\"es\",\"@id\":\"https:\\\/\\\/secure.gravatar.com\\\/avatar\\\/bdabe1eeeed97b65a9cb7de2edd624b07995f7e13abc5fead15961f745f908cc?s=96&d=mm&r=g\",\"url\":\"https:\\\/\\\/secure.gravatar.com\\\/avatar\\\/bdabe1eeeed97b65a9cb7de2edd624b07995f7e13abc5fead15961f745f908cc?s=96&d=mm&r=g\",\"contentUrl\":\"https:\\\/\\\/secure.gravatar.com\\\/avatar\\\/bdabe1eeeed97b65a9cb7de2edd624b07995f7e13abc5fead15961f745f908cc?s=96&d=mm&r=g\",\"caption\":\"Eduardo Lizarraga\"},\"description\":\"Periodista Econ\u00f3mico. Ha trabajado en diversos campos de la informaci\u00f3n. Corresponsal en conflictos, analista pol\u00edtico en Congreso y Senado, periodista del medio ambiente, editor, director editorial, director de comunicaci\u00f3n.... En estos momentos se ha especializado en el sector inmobiliario. Pero tambi\u00e9n es navegante y viajero, preocupado por la pobreza, el medio ambiente y por las actuaciones descontroladas del neoliberalismo empresarial y pol\u00edtico en todo el mundo. Los desahucios, la pobreza infantil y la falta de acceso a los suministros b\u00e1sicos son algunos de los grandes dramas de nuestra sociedad y que es preciso solucionar para hacerla m\u00e1s justa. CEO en www.aquimicasa.net\",\"sameAs\":[\"https:\\\/\\\/www.aquimicasa.net\\\/\"],\"url\":\"https:\\\/\\\/www.aquimicasa.net\\\/blog\\\/author\\\/eduardo\\\/\"}]}<\/script>\n<!-- \/ Yoast SEO plugin. -->","yoast_head_json":{"title":"La luz vuelve a subir en agosto y el Gobierno mira hacia otro lado","description":"El recibo medio se sit\u00faa en 96,65 euros, un 19,8% m\u00e1s caro que hace un a\u00f1o y la factura de agosto m\u00e1s elevada desde 2022.","robots":{"index":"index","follow":"follow","max-snippet":"max-snippet:-1","max-image-preview":"max-image-preview:large","max-video-preview":"max-video-preview:-1"},"canonical":"https:\/\/www.aquimicasa.net\/blog\/consumo\/consumidores\/la-luz-vuelve-a-subir-en-agosto-y-el-gobierno-mira-hacia-otro-lado\/","og_locale":"es_ES","og_type":"article","og_title":"La luz vuelve a subir en agosto y el Gobierno mira hacia otro lado","og_description":"El recibo medio se sit\u00faa en 96,65 euros, un 19,8% m\u00e1s caro que hace un a\u00f1o y la factura de agosto m\u00e1s elevada desde 2022.","og_url":"https:\/\/www.aquimicasa.net\/blog\/consumo\/consumidores\/la-luz-vuelve-a-subir-en-agosto-y-el-gobierno-mira-hacia-otro-lado\/","og_site_name":"Blog de aquimicasa.net","article_publisher":"https:\/\/www.facebook.com\/aquimicasa.net","article_published_time":"2026-08-31T20:24:52+00:00","og_image":[{"width":600,"height":400,"url":"https:\/\/www.aquimicasa.net\/blog\/wp-content\/uploads\/ahorrar-factura-luz1.jpg","type":"image\/jpeg"}],"author":"Eduardo Lizarraga","twitter_misc":{"Escrito por":"Eduardo Lizarraga","Tiempo de lectura":"5 minutos"},"schema":{"@context":"https:\/\/schema.org","@graph":[{"@type":"Article","@id":"https:\/\/www.aquimicasa.net\/blog\/consumo\/consumidores\/la-luz-vuelve-a-subir-en-agosto-y-el-gobierno-mira-hacia-otro-lado\/#article","isPartOf":{"@id":"https:\/\/www.aquimicasa.net\/blog\/consumo\/consumidores\/la-luz-vuelve-a-subir-en-agosto-y-el-gobierno-mira-hacia-otro-lado\/"},"author":{"name":"Eduardo Lizarraga","@id":"https:\/\/www.aquimicasa.net\/blog\/#\/schema\/person\/2cdfa2605534583395c8d7ce1d6cac14"},"headline":"La luz vuelve a subir en agosto y el Gobierno mira hacia otro lado","datePublished":"2026-08-31T20:24:52+00:00","mainEntityOfPage":{"@id":"https:\/\/www.aquimicasa.net\/blog\/consumo\/consumidores\/la-luz-vuelve-a-subir-en-agosto-y-el-gobierno-mira-hacia-otro-lado\/"},"wordCount":1236,"publisher":{"@id":"https:\/\/www.aquimicasa.net\/blog\/#organization"},"image":{"@id":"https:\/\/www.aquimicasa.net\/blog\/consumo\/consumidores\/la-luz-vuelve-a-subir-en-agosto-y-el-gobierno-mira-hacia-otro-lado\/#primaryimage"},"thumbnailUrl":"https:\/\/www.aquimicasa.net\/blog\/wp-content\/uploads\/ahorrar-factura-luz1.jpg","keywords":["newsletter 581"],"articleSection":["Consumidores"],"inLanguage":"es"},{"@type":"WebPage","@id":"https:\/\/www.aquimicasa.net\/blog\/consumo\/consumidores\/la-luz-vuelve-a-subir-en-agosto-y-el-gobierno-mira-hacia-otro-lado\/","url":"https:\/\/www.aquimicasa.net\/blog\/consumo\/consumidores\/la-luz-vuelve-a-subir-en-agosto-y-el-gobierno-mira-hacia-otro-lado\/","name":"La luz vuelve a subir en agosto y el Gobierno mira hacia otro lado","isPartOf":{"@id":"https:\/\/www.aquimicasa.net\/blog\/#website"},"primaryImageOfPage":{"@id":"https:\/\/www.aquimicasa.net\/blog\/consumo\/consumidores\/la-luz-vuelve-a-subir-en-agosto-y-el-gobierno-mira-hacia-otro-lado\/#primaryimage"},"image":{"@id":"https:\/\/www.aquimicasa.net\/blog\/consumo\/consumidores\/la-luz-vuelve-a-subir-en-agosto-y-el-gobierno-mira-hacia-otro-lado\/#primaryimage"},"thumbnailUrl":"https:\/\/www.aquimicasa.net\/blog\/wp-content\/uploads\/ahorrar-factura-luz1.jpg","datePublished":"2026-08-31T20:24:52+00:00","description":"El recibo medio se sit\u00faa en 96,65 euros, un 19,8% m\u00e1s caro que hace un a\u00f1o y la factura de agosto m\u00e1s elevada desde 2022.","breadcrumb":{"@id":"https:\/\/www.aquimicasa.net\/blog\/consumo\/consumidores\/la-luz-vuelve-a-subir-en-agosto-y-el-gobierno-mira-hacia-otro-lado\/#breadcrumb"},"inLanguage":"es","potentialAction":[{"@type":"ReadAction","target":["https:\/\/www.aquimicasa.net\/blog\/consumo\/consumidores\/la-luz-vuelve-a-subir-en-agosto-y-el-gobierno-mira-hacia-otro-lado\/"]}]},{"@type":"ImageObject","inLanguage":"es","@id":"https:\/\/www.aquimicasa.net\/blog\/consumo\/consumidores\/la-luz-vuelve-a-subir-en-agosto-y-el-gobierno-mira-hacia-otro-lado\/#primaryimage","url":"https:\/\/www.aquimicasa.net\/blog\/wp-content\/uploads\/ahorrar-factura-luz1.jpg","contentUrl":"https:\/\/www.aquimicasa.net\/blog\/wp-content\/uploads\/ahorrar-factura-luz1.jpg","width":600,"height":400,"caption":"\u00b4La factura de la luz sube de nuevo en agosto"},{"@type":"BreadcrumbList","@id":"https:\/\/www.aquimicasa.net\/blog\/consumo\/consumidores\/la-luz-vuelve-a-subir-en-agosto-y-el-gobierno-mira-hacia-otro-lado\/#breadcrumb","itemListElement":[{"@type":"ListItem","position":1,"name":"Portada","item":"https:\/\/www.aquimicasa.net\/blog\/"},{"@type":"ListItem","position":2,"name":"La luz vuelve a subir en agosto y el Gobierno mira hacia otro lado"}]},{"@type":"WebSite","@id":"https:\/\/www.aquimicasa.net\/blog\/#website","url":"https:\/\/www.aquimicasa.net\/blog\/","name":"Blog de aquimicasa.net","description":"Noticias del Mundo Inmobiliario","publisher":{"@id":"https:\/\/www.aquimicasa.net\/blog\/#organization"},"potentialAction":[{"@type":"SearchAction","target":{"@type":"EntryPoint","urlTemplate":"https:\/\/www.aquimicasa.net\/blog\/?s={search_term_string}"},"query-input":{"@type":"PropertyValueSpecification","valueRequired":true,"valueName":"search_term_string"}}],"inLanguage":"es"},{"@type":"Organization","@id":"https:\/\/www.aquimicasa.net\/blog\/#organization","name":"Blog de aquimicasa.net","url":"https:\/\/www.aquimicasa.net\/blog\/","logo":{"@type":"ImageObject","inLanguage":"es","@id":"https:\/\/www.aquimicasa.net\/blog\/#\/schema\/logo\/image\/","url":"https:\/\/www.aquimicasa.net\/blog\/wp-content\/uploads\/Logo-aquimicasa-1-e1528048213782.png","contentUrl":"https:\/\/www.aquimicasa.net\/blog\/wp-content\/uploads\/Logo-aquimicasa-1-e1528048213782.png","width":225,"height":225,"caption":"Blog de aquimicasa.net"},"image":{"@id":"https:\/\/www.aquimicasa.net\/blog\/#\/schema\/logo\/image\/"},"sameAs":["https:\/\/www.facebook.com\/aquimicasa.net","https:\/\/www.instagram.com\/","https:\/\/x.com\/EduLizarragaD","https:\/\/www.linkedin.com\/feed\/"]},{"@type":"Person","@id":"https:\/\/www.aquimicasa.net\/blog\/#\/schema\/person\/2cdfa2605534583395c8d7ce1d6cac14","name":"Eduardo Lizarraga","image":{"@type":"ImageObject","inLanguage":"es","@id":"https:\/\/secure.gravatar.com\/avatar\/bdabe1eeeed97b65a9cb7de2edd624b07995f7e13abc5fead15961f745f908cc?s=96&d=mm&r=g","url":"https:\/\/secure.gravatar.com\/avatar\/bdabe1eeeed97b65a9cb7de2edd624b07995f7e13abc5fead15961f745f908cc?s=96&d=mm&r=g","contentUrl":"https:\/\/secure.gravatar.com\/avatar\/bdabe1eeeed97b65a9cb7de2edd624b07995f7e13abc5fead15961f745f908cc?s=96&d=mm&r=g","caption":"Eduardo Lizarraga"},"description":"Periodista Econ\u00f3mico. Ha trabajado en diversos campos de la informaci\u00f3n. Corresponsal en conflictos, analista pol\u00edtico en Congreso y Senado, periodista del medio ambiente, editor, director editorial, director de comunicaci\u00f3n.... En estos momentos se ha especializado en el sector inmobiliario. Pero tambi\u00e9n es navegante y viajero, preocupado por la pobreza, el medio ambiente y por las actuaciones descontroladas del neoliberalismo empresarial y pol\u00edtico en todo el mundo. Los desahucios, la pobreza infantil y la falta de acceso a los suministros b\u00e1sicos son algunos de los grandes dramas de nuestra sociedad y que es preciso solucionar para hacerla m\u00e1s justa. CEO en www.aquimicasa.net","sameAs":["https:\/\/www.aquimicasa.net\/"],"url":"https:\/\/www.aquimicasa.net\/blog\/author\/eduardo\/"}]}},"jetpack_publicize_connections":[],"jetpack_featured_media_url":"https:\/\/www.aquimicasa.net\/blog\/wp-content\/uploads\/ahorrar-factura-luz1.jpg","jetpack_sharing_enabled":true,"jetpack_likes_enabled":true,"_links":{"self":[{"href":"https:\/\/www.aquimicasa.net\/blog\/wp-json\/wp\/v2\/posts\/57611","targetHints":{"allow":["GET"]}}],"collection":[{"href":"https:\/\/www.aquimicasa.net\/blog\/wp-json\/wp\/v2\/posts"}],"about":[{"href":"https:\/\/www.aquimicasa.net\/blog\/wp-json\/wp\/v2\/types\/post"}],"author":[{"embeddable":true,"href":"https:\/\/www.aquimicasa.net\/blog\/wp-json\/wp\/v2\/users\/3"}],"replies":[{"embeddable":true,"href":"https:\/\/www.aquimicasa.net\/blog\/wp-json\/wp\/v2\/comments?post=57611"}],"version-history":[{"count":2,"href":"https:\/\/www.aquimicasa.net\/blog\/wp-json\/wp\/v2\/posts\/57611\/revisions"}],"predecessor-version":[{"id":57614,"href":"https:\/\/www.aquimicasa.net\/blog\/wp-json\/wp\/v2\/posts\/57611\/revisions\/57614"}],"wp:featuredmedia":[{"embeddable":true,"href":"https:\/\/www.aquimicasa.net\/blog\/wp-json\/wp\/v2\/media\/37608"}],"wp:attachment":[{"href":"https:\/\/www.aquimicasa.net\/blog\/wp-json\/wp\/v2\/media?parent=57611"}],"wp:term":[{"taxonomy":"category","embeddable":true,"href":"https:\/\/www.aquimicasa.net\/blog\/wp-json\/wp\/v2\/categories?post=57611"},{"taxonomy":"post_tag","embeddable":true,"href":"https:\/\/www.aquimicasa.net\/blog\/wp-json\/wp\/v2\/tags?post=57611"}],"curies":[{"name":"wp","href":"https:\/\/api.w.org\/{rel}","templated":true}]}}