{"id":57616,"date":"2026-09-01T22:40:20","date_gmt":"2026-09-01T20:40:20","guid":{"rendered":"https:\/\/www.aquimicasa.net\/blog\/?p=57616"},"modified":"2026-09-01T22:40:20","modified_gmt":"2026-09-01T20:40:20","slug":"el-ipc-saquea-los-bolsillos-de-los-inquilinos-de-contrato-antiguo","status":"publish","type":"post","link":"https:\/\/www.aquimicasa.net\/blog\/vivienda\/compraventa-de-viviendas\/el-ipc-saquea-los-bolsillos-de-los-inquilinos-de-contrato-antiguo\/","title":{"rendered":"El IPC saquea los bolsillos de los inquilinos de contrato antiguo"},"content":{"rendered":"<div class=\"fusion-fullwidth fullwidth-box fusion-builder-row-1 fusion-flex-container nonhundred-percent-fullwidth non-hundred-percent-height-scrolling\" style=\"background-color: rgba(255,255,255,0);background-position: center center;background-repeat: no-repeat;border-width: 0px 0px 0px 0px;border-color:#eae9e9;border-style:solid;\" ><div class=\"fusion-builder-row fusion-row fusion-flex-align-items-flex-start\" style=\"max-width:1144px;margin-left: calc(-4% \/ 2 );margin-right: calc(-4% \/ 2 );\"><div class=\"fusion-layout-column fusion_builder_column fusion-builder-column-0 fusion_builder_column_1_1 1_1 fusion-flex-column\"><div class=\"fusion-column-wrapper fusion-flex-justify-content-flex-start fusion-content-layout-column\" style=\"background-position:left top;background-repeat:no-repeat;-webkit-background-size:cover;-moz-background-size:cover;-o-background-size:cover;background-size:cover;padding: 0px 0px 0px 0px;\"><div class=\"fusion-text fusion-text-1\"><h2 dir=\"ltr\"><strong>La inflaci\u00f3n de agosto dispara la brecha entre los alquileres atados al IPC y los protegidos por el IRAV<\/strong><\/h2>\n<p dir=\"ltr\">La inflaci\u00f3n vuelve a convertirse en una mala noticia para los inquilinos, aunque no para todos por igual. El IPC se ha disparado hasta el <strong>4,3%<\/strong> en agosto, siete d\u00e9cimas por encima del 3,6% de julio y el nivel m\u00e1s alto desde principios de 2023, seg\u00fan el dato adelantado del INE. La cifra tiene una derivada muy concreta sobre el mercado de la vivienda: miles de contratos de alquiler que todav\u00eda se actualizan con el IPC van a encarecerse de golpe, mientras que los firmados tras la Ley de Vivienda de 2023 apenas lo notar\u00e1n. Dos inquilinos con la misma renta, un desembolso completamente distinto seg\u00fan la fecha en la que firmaron. As\u00ed de arbitrario es, a estas alturas, el sistema.<\/p>\n<h2 dir=\"ltr\"><strong>La gasolina, la gran responsable del repunte<\/strong><\/h2>\n<p dir=\"ltr\">El encarecimiento no responde a una econom\u00eda recalentada, sino sobre todo a los carburantes, que este agosto suben frente a la ca\u00edda registrada hace un a\u00f1o, y en menor medida a los alimentos, que se abaratan menos que en 2025. De hecho, la inflaci\u00f3n subyacente, la que excluye energ\u00eda y alimentos frescos, baja una d\u00e9cima hasta el 2,9%, lo que deja claro que el problema es energ\u00e9tico y no estructural. Conviene recordar adem\u00e1s que el dato es provisional: el definitivo se conocer\u00e1 en septiembre y podr\u00eda matizar, al alza o a la baja, todos los c\u00e1lculos que siguen. Poco consuelo para quien tenga que renovar el contrato este mes con el dato de hoy en la mano.<\/p>\n<h2 dir=\"ltr\"><strong>No todos los alquileres juegan con las mismas reglas<\/strong><\/h2>\n<p dir=\"ltr\">La Ley de Arrendamientos Urbanos permite actualizar la renta cada anualidad siempre que el contrato incluya una cl\u00e1usula que lo prevea. El problema es que esa cl\u00e1usula no dice lo mismo seg\u00fan cu\u00e1ndo se firm\u00f3. Los contratos anteriores al 26 de mayo de 2023 suelen remitirse directamente al IPC, sin ning\u00fan tipo de amortiguador. Los posteriores a esa fecha, en cambio, tienen que ajustarse al nuevo <strong>\u00cdndice de Referencia para la Actualizaci\u00f3n de Arrendamientos de Vivienda (IRAV)<\/strong>, creado precisamente para evitar que un episodio de inflaci\u00f3n como el actual se traslade \u00edntegro al recibo del alquiler. El resultado es un mercado partido en dos, no por barrios ni por ciudades, sino por la fecha de la firma.<\/p>\n<h2 dir=\"ltr\"><strong>\u00a0Lo que cuesta en euros, que es lo que de verdad importa<\/strong><\/h2>\n<p dir=\"ltr\">El precio medio del alquiler en Espa\u00f1a se situ\u00f3 en 1.211 euros mensuales en el segundo trimestre, seg\u00fan el Observatorio del Alquiler. El IPC del 4,3% eleva esa cuota unos 52 euros al mes, 625 euros m\u00e1s al a\u00f1o. El \u00faltimo IRAV disponible, el 2,49% de julio, la sube unos 30 euros mensuales, 362 euros anuales. La diferencia en un alquiler medio ronda los 263 euros al a\u00f1o solo por el \u00edndice elegido, y crece con la renta: en un piso de 1.000 euros supera los 200 euros anuales; en uno de 1.500 euros, la actualizaci\u00f3n con IPC a\u00f1ade por s\u00ed sola 774 euros al a\u00f1o, muy por encima de los 700 euros de diferencia frente al IRAV. No es simb\u00f3lico: es un mes de renta extra escondido en la letra peque\u00f1a.<\/p>\n<h2 dir=\"ltr\"><strong>El IRAV se examina por primera vez en serio<\/strong><\/h2>\n<p dir=\"ltr\">El nuevo \u00edndice lleva utiliz\u00e1ndose desde 2025 y se calcula tomando el valor m\u00e1s bajo entre varias referencias, incluyendo el IPC general, la inflaci\u00f3n subyacente y una tasa ajustada con un componente de expectativas y un coeficiente moderador. Sobre el papel, es justo el mecanismo dise\u00f1ado para episodios como el de agosto. Antes de su llegada, el Gobierno tuvo que improvisar topes extraordinarios del 2% en 2022 y 2023 y del 3% en 2024, parches de urgencia que, esta vez, ya no existen como red de seguridad para los contratos antiguos. El IRAV se enfrenta ahora a su primera gran prueba de fuego con datos reales de inflaci\u00f3n alta, y de momento aguanta, aunque conviene no cantar victoria hasta ver varios meses seguidos de presi\u00f3n energ\u00e9tica.<\/p>\n<h2 dir=\"ltr\"><strong>\u00bfPuede el Gobierno hacer algo?<\/strong><\/h2>\n<p dir=\"ltr\">Sobre el papel, poco. El mecanismo permanente ya est\u00e1 en marcha y sustituye a los topes temporales, as\u00ed que un nuevo l\u00edmite de urgencia exigir\u00eda otro decreto extraordinario, con el desgaste pol\u00edtico que eso implica en plena batalla por la ampliaci\u00f3n de las zonas tensionadas y la ejecuci\u00f3n del Plan Estatal de Vivienda. Lo m\u00e1s probable es que el Ejecutivo se limite a observar y a repetir que el IRAV ya cumple su funci\u00f3n, mientras los inquilinos con contratos antiguos comprueban que la teor\u00eda y el recibo bancario no siempre coinciden.<\/p>\n<h2 dir=\"ltr\"><strong>Lo que puede pasar en los pr\u00f3ximos meses<\/strong><\/h2>\n<p dir=\"ltr\">Si la presi\u00f3n sobre los carburantes se mantiene, la brecha entre los alquileres protegidos y los que no lo est\u00e1n se va a notar cada vez m\u00e1s, justo en un mercado que ya bate r\u00e9cords por s\u00ed solo: la renta media sube un 4,85% interanual y el precio de oferta que analiza idealista marc\u00f3 en julio un m\u00e1ximo hist\u00f3rico de 15,3 euros por metro cuadrado, un 6,8% m\u00e1s que un a\u00f1o antes. En ese contexto, que la fecha de la firma decida qui\u00e9n paga 260, 700 o casi 800 euros m\u00e1s al a\u00f1o por el mismo piso no deber\u00eda ser un detalle menor, sino la prueba de que el mercado del alquiler en Espa\u00f1a sigue funcionando a dos velocidades.<\/p>\n<\/div><\/div><style type=\"text\/css\">.fusion-body .fusion-builder-column-0{width:100% !important;margin-top : 0px;margin-bottom : 0px;}.fusion-builder-column-0 > .fusion-column-wrapper {padding-top : 0px !important;padding-right : 0px !important;margin-right : 1.92%;padding-bottom : 0px !important;padding-left : 0px !important;margin-left : 1.92%;}@media only screen and (max-width:1024px) {.fusion-body .fusion-builder-column-0{width:100% !important;}.fusion-builder-column-0 > .fusion-column-wrapper {margin-right : 1.92%;margin-left : 1.92%;}}@media only screen and (max-width:640px) {.fusion-body .fusion-builder-column-0{width:100% !important;}.fusion-builder-column-0 > .fusion-column-wrapper {margin-right : 1.92%;margin-left : 1.92%;}}<\/style><\/div><\/div><style type=\"text\/css\">.fusion-body .fusion-flex-container.fusion-builder-row-1{ padding-top : 0px;margin-top : 0px;padding-right : 0px;padding-bottom : 0px;margin-bottom : 0px;padding-left : 0px;}<\/style><\/div>\n","protected":false},"excerpt":{"rendered":"<p>La Ley de Arrendamientos Urbanos permite actualizar la renta cada anualidad siempre que el contrato incluya una cl\u00e1usula que lo prevea. El problema es que esa cl\u00e1usula no dice lo mismo seg\u00fan cu\u00e1ndo se firm\u00f3. Los contratos anteriores al 26 de mayo de 2023 suelen remitirse directamente al IPC, sin ning\u00fan tipo de amortiguador.<\/p>\n","protected":false},"author":3,"featured_media":57135,"comment_status":"closed","ping_status":"closed","sticky":false,"template":"","format":"standard","meta":{"_jetpack_memberships_contains_paid_content":false,"footnotes":"","jetpack_publicize_message":"","jetpack_publicize_feature_enabled":true,"jetpack_social_post_already_shared":true,"jetpack_social_options":{"image_generator_settings":{"template":"highway","default_image_id":0,"font":"","enabled":false},"version":2}},"categories":[100],"tags":[8314],"class_list":["post-57616","post","type-post","status-publish","format-standard","has-post-thumbnail","hentry","category-compraventa-de-viviendas","tag-newsletter-581"],"yoast_head":"<!-- This site is optimized with the Yoast SEO plugin v28.2 - https:\/\/yoast.com\/product\/yoast-seo-wordpress\/ -->\n<title>El IPC saquea los bolsillos de los inquilinos de contrato antiguo<\/title>\n<meta name=\"description\" content=\"Miles de contratos de alquiler actualizados con el IPC van a encarecerse de golpe, mientras que los firmados con el IRAV apenas lo notar\u00e1n.\" \/>\n<meta name=\"robots\" content=\"index, follow, max-snippet:-1, max-image-preview:large, max-video-preview:-1\" \/>\n<link rel=\"canonical\" href=\"https:\/\/www.aquimicasa.net\/blog\/vivienda\/compraventa-de-viviendas\/el-ipc-saquea-los-bolsillos-de-los-inquilinos-de-contrato-antiguo\/\" \/>\n<meta property=\"og:locale\" content=\"es_ES\" \/>\n<meta property=\"og:type\" content=\"article\" \/>\n<meta property=\"og:title\" content=\"El IPC saquea los bolsillos de los inquilinos de contrato antiguo\" \/>\n<meta property=\"og:description\" content=\"Miles de contratos de alquiler actualizados con el IPC van a encarecerse de golpe, mientras que los firmados con el IRAV apenas lo notar\u00e1n.\" \/>\n<meta property=\"og:url\" content=\"https:\/\/www.aquimicasa.net\/blog\/vivienda\/compraventa-de-viviendas\/el-ipc-saquea-los-bolsillos-de-los-inquilinos-de-contrato-antiguo\/\" \/>\n<meta property=\"og:site_name\" content=\"Blog de aquimicasa.net\" \/>\n<meta property=\"article:publisher\" content=\"https:\/\/www.facebook.com\/aquimicasa.net\" \/>\n<meta property=\"article:published_time\" content=\"2026-09-01T20:40:20+00:00\" \/>\n<meta property=\"og:image\" content=\"https:\/\/www.aquimicasa.net\/blog\/wp-content\/uploads\/Alquileres2-2-2.jpeg\" \/>\n\t<meta property=\"og:image:width\" content=\"656\" \/>\n\t<meta property=\"og:image:height\" content=\"439\" \/>\n\t<meta property=\"og:image:type\" content=\"image\/jpeg\" \/>\n<meta name=\"author\" content=\"Eduardo Lizarraga\" \/>\n<meta name=\"twitter:label1\" content=\"Escrito por\" \/>\n\t<meta name=\"twitter:data1\" content=\"Eduardo Lizarraga\" \/>\n\t<meta name=\"twitter:label2\" content=\"Tiempo de lectura\" \/>\n\t<meta name=\"twitter:data2\" content=\"5 minutos\" \/>\n<script type=\"application\/ld+json\" class=\"yoast-schema-graph\">{\"@context\":\"https:\\\/\\\/schema.org\",\"@graph\":[{\"@type\":\"Article\",\"@id\":\"https:\\\/\\\/www.aquimicasa.net\\\/blog\\\/vivienda\\\/compraventa-de-viviendas\\\/el-ipc-saquea-los-bolsillos-de-los-inquilinos-de-contrato-antiguo\\\/#article\",\"isPartOf\":{\"@id\":\"https:\\\/\\\/www.aquimicasa.net\\\/blog\\\/vivienda\\\/compraventa-de-viviendas\\\/el-ipc-saquea-los-bolsillos-de-los-inquilinos-de-contrato-antiguo\\\/\"},\"author\":{\"name\":\"Eduardo Lizarraga\",\"@id\":\"https:\\\/\\\/www.aquimicasa.net\\\/blog\\\/#\\\/schema\\\/person\\\/2cdfa2605534583395c8d7ce1d6cac14\"},\"headline\":\"El IPC saquea los bolsillos de los inquilinos de contrato antiguo\",\"datePublished\":\"2026-09-01T20:40:20+00:00\",\"mainEntityOfPage\":{\"@id\":\"https:\\\/\\\/www.aquimicasa.net\\\/blog\\\/vivienda\\\/compraventa-de-viviendas\\\/el-ipc-saquea-los-bolsillos-de-los-inquilinos-de-contrato-antiguo\\\/\"},\"wordCount\":1173,\"publisher\":{\"@id\":\"https:\\\/\\\/www.aquimicasa.net\\\/blog\\\/#organization\"},\"image\":{\"@id\":\"https:\\\/\\\/www.aquimicasa.net\\\/blog\\\/vivienda\\\/compraventa-de-viviendas\\\/el-ipc-saquea-los-bolsillos-de-los-inquilinos-de-contrato-antiguo\\\/#primaryimage\"},\"thumbnailUrl\":\"https:\\\/\\\/www.aquimicasa.net\\\/blog\\\/wp-content\\\/uploads\\\/Alquileres2-2-2.jpeg\",\"keywords\":[\"newsletter 581\"],\"articleSection\":[\"Compra Venta\"],\"inLanguage\":\"es\"},{\"@type\":\"WebPage\",\"@id\":\"https:\\\/\\\/www.aquimicasa.net\\\/blog\\\/vivienda\\\/compraventa-de-viviendas\\\/el-ipc-saquea-los-bolsillos-de-los-inquilinos-de-contrato-antiguo\\\/\",\"url\":\"https:\\\/\\\/www.aquimicasa.net\\\/blog\\\/vivienda\\\/compraventa-de-viviendas\\\/el-ipc-saquea-los-bolsillos-de-los-inquilinos-de-contrato-antiguo\\\/\",\"name\":\"El IPC saquea los bolsillos de los inquilinos de contrato antiguo\",\"isPartOf\":{\"@id\":\"https:\\\/\\\/www.aquimicasa.net\\\/blog\\\/#website\"},\"primaryImageOfPage\":{\"@id\":\"https:\\\/\\\/www.aquimicasa.net\\\/blog\\\/vivienda\\\/compraventa-de-viviendas\\\/el-ipc-saquea-los-bolsillos-de-los-inquilinos-de-contrato-antiguo\\\/#primaryimage\"},\"image\":{\"@id\":\"https:\\\/\\\/www.aquimicasa.net\\\/blog\\\/vivienda\\\/compraventa-de-viviendas\\\/el-ipc-saquea-los-bolsillos-de-los-inquilinos-de-contrato-antiguo\\\/#primaryimage\"},\"thumbnailUrl\":\"https:\\\/\\\/www.aquimicasa.net\\\/blog\\\/wp-content\\\/uploads\\\/Alquileres2-2-2.jpeg\",\"datePublished\":\"2026-09-01T20:40:20+00:00\",\"description\":\"Miles de contratos de alquiler actualizados con el IPC van a encarecerse de golpe, mientras que los firmados con el IRAV apenas lo notar\u00e1n.\",\"breadcrumb\":{\"@id\":\"https:\\\/\\\/www.aquimicasa.net\\\/blog\\\/vivienda\\\/compraventa-de-viviendas\\\/el-ipc-saquea-los-bolsillos-de-los-inquilinos-de-contrato-antiguo\\\/#breadcrumb\"},\"inLanguage\":\"es\",\"potentialAction\":[{\"@type\":\"ReadAction\",\"target\":[\"https:\\\/\\\/www.aquimicasa.net\\\/blog\\\/vivienda\\\/compraventa-de-viviendas\\\/el-ipc-saquea-los-bolsillos-de-los-inquilinos-de-contrato-antiguo\\\/\"]}]},{\"@type\":\"ImageObject\",\"inLanguage\":\"es\",\"@id\":\"https:\\\/\\\/www.aquimicasa.net\\\/blog\\\/vivienda\\\/compraventa-de-viviendas\\\/el-ipc-saquea-los-bolsillos-de-los-inquilinos-de-contrato-antiguo\\\/#primaryimage\",\"url\":\"https:\\\/\\\/www.aquimicasa.net\\\/blog\\\/wp-content\\\/uploads\\\/Alquileres2-2-2.jpeg\",\"contentUrl\":\"https:\\\/\\\/www.aquimicasa.net\\\/blog\\\/wp-content\\\/uploads\\\/Alquileres2-2-2.jpeg\",\"width\":656,\"height\":439,\"caption\":\"La subida de la inflaci\u00f3n dispara los alquileres ligados al IPC\"},{\"@type\":\"BreadcrumbList\",\"@id\":\"https:\\\/\\\/www.aquimicasa.net\\\/blog\\\/vivienda\\\/compraventa-de-viviendas\\\/el-ipc-saquea-los-bolsillos-de-los-inquilinos-de-contrato-antiguo\\\/#breadcrumb\",\"itemListElement\":[{\"@type\":\"ListItem\",\"position\":1,\"name\":\"Portada\",\"item\":\"https:\\\/\\\/www.aquimicasa.net\\\/blog\\\/\"},{\"@type\":\"ListItem\",\"position\":2,\"name\":\"El IPC saquea los bolsillos de los inquilinos de contrato antiguo\"}]},{\"@type\":\"WebSite\",\"@id\":\"https:\\\/\\\/www.aquimicasa.net\\\/blog\\\/#website\",\"url\":\"https:\\\/\\\/www.aquimicasa.net\\\/blog\\\/\",\"name\":\"Blog de aquimicasa.net\",\"description\":\"Noticias del Mundo Inmobiliario\",\"publisher\":{\"@id\":\"https:\\\/\\\/www.aquimicasa.net\\\/blog\\\/#organization\"},\"potentialAction\":[{\"@type\":\"SearchAction\",\"target\":{\"@type\":\"EntryPoint\",\"urlTemplate\":\"https:\\\/\\\/www.aquimicasa.net\\\/blog\\\/?s={search_term_string}\"},\"query-input\":{\"@type\":\"PropertyValueSpecification\",\"valueRequired\":true,\"valueName\":\"search_term_string\"}}],\"inLanguage\":\"es\"},{\"@type\":\"Organization\",\"@id\":\"https:\\\/\\\/www.aquimicasa.net\\\/blog\\\/#organization\",\"name\":\"Blog de aquimicasa.net\",\"url\":\"https:\\\/\\\/www.aquimicasa.net\\\/blog\\\/\",\"logo\":{\"@type\":\"ImageObject\",\"inLanguage\":\"es\",\"@id\":\"https:\\\/\\\/www.aquimicasa.net\\\/blog\\\/#\\\/schema\\\/logo\\\/image\\\/\",\"url\":\"https:\\\/\\\/www.aquimicasa.net\\\/blog\\\/wp-content\\\/uploads\\\/Logo-aquimicasa-1-e1528048213782.png\",\"contentUrl\":\"https:\\\/\\\/www.aquimicasa.net\\\/blog\\\/wp-content\\\/uploads\\\/Logo-aquimicasa-1-e1528048213782.png\",\"width\":225,\"height\":225,\"caption\":\"Blog de aquimicasa.net\"},\"image\":{\"@id\":\"https:\\\/\\\/www.aquimicasa.net\\\/blog\\\/#\\\/schema\\\/logo\\\/image\\\/\"},\"sameAs\":[\"https:\\\/\\\/www.facebook.com\\\/aquimicasa.net\",\"https:\\\/\\\/www.instagram.com\\\/\",\"https:\\\/\\\/x.com\\\/EduLizarragaD\",\"https:\\\/\\\/www.linkedin.com\\\/feed\\\/\"]},{\"@type\":\"Person\",\"@id\":\"https:\\\/\\\/www.aquimicasa.net\\\/blog\\\/#\\\/schema\\\/person\\\/2cdfa2605534583395c8d7ce1d6cac14\",\"name\":\"Eduardo Lizarraga\",\"image\":{\"@type\":\"ImageObject\",\"inLanguage\":\"es\",\"@id\":\"https:\\\/\\\/secure.gravatar.com\\\/avatar\\\/bdabe1eeeed97b65a9cb7de2edd624b07995f7e13abc5fead15961f745f908cc?s=96&d=mm&r=g\",\"url\":\"https:\\\/\\\/secure.gravatar.com\\\/avatar\\\/bdabe1eeeed97b65a9cb7de2edd624b07995f7e13abc5fead15961f745f908cc?s=96&d=mm&r=g\",\"contentUrl\":\"https:\\\/\\\/secure.gravatar.com\\\/avatar\\\/bdabe1eeeed97b65a9cb7de2edd624b07995f7e13abc5fead15961f745f908cc?s=96&d=mm&r=g\",\"caption\":\"Eduardo Lizarraga\"},\"description\":\"Periodista Econ\u00f3mico. Ha trabajado en diversos campos de la informaci\u00f3n. Corresponsal en conflictos, analista pol\u00edtico en Congreso y Senado, periodista del medio ambiente, editor, director editorial, director de comunicaci\u00f3n.... En estos momentos se ha especializado en el sector inmobiliario. Pero tambi\u00e9n es navegante y viajero, preocupado por la pobreza, el medio ambiente y por las actuaciones descontroladas del neoliberalismo empresarial y pol\u00edtico en todo el mundo. Los desahucios, la pobreza infantil y la falta de acceso a los suministros b\u00e1sicos son algunos de los grandes dramas de nuestra sociedad y que es preciso solucionar para hacerla m\u00e1s justa. CEO en www.aquimicasa.net\",\"sameAs\":[\"https:\\\/\\\/www.aquimicasa.net\\\/\"],\"url\":\"https:\\\/\\\/www.aquimicasa.net\\\/blog\\\/author\\\/eduardo\\\/\"}]}<\/script>\n<!-- \/ Yoast SEO plugin. -->","yoast_head_json":{"title":"El IPC saquea los bolsillos de los inquilinos de contrato antiguo","description":"Miles de contratos de alquiler actualizados con el IPC van a encarecerse de golpe, mientras que los firmados con el IRAV apenas lo notar\u00e1n.","robots":{"index":"index","follow":"follow","max-snippet":"max-snippet:-1","max-image-preview":"max-image-preview:large","max-video-preview":"max-video-preview:-1"},"canonical":"https:\/\/www.aquimicasa.net\/blog\/vivienda\/compraventa-de-viviendas\/el-ipc-saquea-los-bolsillos-de-los-inquilinos-de-contrato-antiguo\/","og_locale":"es_ES","og_type":"article","og_title":"El IPC saquea los bolsillos de los inquilinos de contrato antiguo","og_description":"Miles de contratos de alquiler actualizados con el IPC van a encarecerse de golpe, mientras que los firmados con el IRAV apenas lo notar\u00e1n.","og_url":"https:\/\/www.aquimicasa.net\/blog\/vivienda\/compraventa-de-viviendas\/el-ipc-saquea-los-bolsillos-de-los-inquilinos-de-contrato-antiguo\/","og_site_name":"Blog de aquimicasa.net","article_publisher":"https:\/\/www.facebook.com\/aquimicasa.net","article_published_time":"2026-09-01T20:40:20+00:00","og_image":[{"width":656,"height":439,"url":"https:\/\/www.aquimicasa.net\/blog\/wp-content\/uploads\/Alquileres2-2-2.jpeg","type":"image\/jpeg"}],"author":"Eduardo Lizarraga","twitter_misc":{"Escrito por":"Eduardo Lizarraga","Tiempo de lectura":"5 minutos"},"schema":{"@context":"https:\/\/schema.org","@graph":[{"@type":"Article","@id":"https:\/\/www.aquimicasa.net\/blog\/vivienda\/compraventa-de-viviendas\/el-ipc-saquea-los-bolsillos-de-los-inquilinos-de-contrato-antiguo\/#article","isPartOf":{"@id":"https:\/\/www.aquimicasa.net\/blog\/vivienda\/compraventa-de-viviendas\/el-ipc-saquea-los-bolsillos-de-los-inquilinos-de-contrato-antiguo\/"},"author":{"name":"Eduardo Lizarraga","@id":"https:\/\/www.aquimicasa.net\/blog\/#\/schema\/person\/2cdfa2605534583395c8d7ce1d6cac14"},"headline":"El IPC saquea los bolsillos de los inquilinos de contrato antiguo","datePublished":"2026-09-01T20:40:20+00:00","mainEntityOfPage":{"@id":"https:\/\/www.aquimicasa.net\/blog\/vivienda\/compraventa-de-viviendas\/el-ipc-saquea-los-bolsillos-de-los-inquilinos-de-contrato-antiguo\/"},"wordCount":1173,"publisher":{"@id":"https:\/\/www.aquimicasa.net\/blog\/#organization"},"image":{"@id":"https:\/\/www.aquimicasa.net\/blog\/vivienda\/compraventa-de-viviendas\/el-ipc-saquea-los-bolsillos-de-los-inquilinos-de-contrato-antiguo\/#primaryimage"},"thumbnailUrl":"https:\/\/www.aquimicasa.net\/blog\/wp-content\/uploads\/Alquileres2-2-2.jpeg","keywords":["newsletter 581"],"articleSection":["Compra Venta"],"inLanguage":"es"},{"@type":"WebPage","@id":"https:\/\/www.aquimicasa.net\/blog\/vivienda\/compraventa-de-viviendas\/el-ipc-saquea-los-bolsillos-de-los-inquilinos-de-contrato-antiguo\/","url":"https:\/\/www.aquimicasa.net\/blog\/vivienda\/compraventa-de-viviendas\/el-ipc-saquea-los-bolsillos-de-los-inquilinos-de-contrato-antiguo\/","name":"El IPC saquea los bolsillos de los inquilinos de contrato antiguo","isPartOf":{"@id":"https:\/\/www.aquimicasa.net\/blog\/#website"},"primaryImageOfPage":{"@id":"https:\/\/www.aquimicasa.net\/blog\/vivienda\/compraventa-de-viviendas\/el-ipc-saquea-los-bolsillos-de-los-inquilinos-de-contrato-antiguo\/#primaryimage"},"image":{"@id":"https:\/\/www.aquimicasa.net\/blog\/vivienda\/compraventa-de-viviendas\/el-ipc-saquea-los-bolsillos-de-los-inquilinos-de-contrato-antiguo\/#primaryimage"},"thumbnailUrl":"https:\/\/www.aquimicasa.net\/blog\/wp-content\/uploads\/Alquileres2-2-2.jpeg","datePublished":"2026-09-01T20:40:20+00:00","description":"Miles de contratos de alquiler actualizados con el IPC van a encarecerse de golpe, mientras que los firmados con el IRAV apenas lo notar\u00e1n.","breadcrumb":{"@id":"https:\/\/www.aquimicasa.net\/blog\/vivienda\/compraventa-de-viviendas\/el-ipc-saquea-los-bolsillos-de-los-inquilinos-de-contrato-antiguo\/#breadcrumb"},"inLanguage":"es","potentialAction":[{"@type":"ReadAction","target":["https:\/\/www.aquimicasa.net\/blog\/vivienda\/compraventa-de-viviendas\/el-ipc-saquea-los-bolsillos-de-los-inquilinos-de-contrato-antiguo\/"]}]},{"@type":"ImageObject","inLanguage":"es","@id":"https:\/\/www.aquimicasa.net\/blog\/vivienda\/compraventa-de-viviendas\/el-ipc-saquea-los-bolsillos-de-los-inquilinos-de-contrato-antiguo\/#primaryimage","url":"https:\/\/www.aquimicasa.net\/blog\/wp-content\/uploads\/Alquileres2-2-2.jpeg","contentUrl":"https:\/\/www.aquimicasa.net\/blog\/wp-content\/uploads\/Alquileres2-2-2.jpeg","width":656,"height":439,"caption":"La subida de la inflaci\u00f3n dispara los alquileres ligados al IPC"},{"@type":"BreadcrumbList","@id":"https:\/\/www.aquimicasa.net\/blog\/vivienda\/compraventa-de-viviendas\/el-ipc-saquea-los-bolsillos-de-los-inquilinos-de-contrato-antiguo\/#breadcrumb","itemListElement":[{"@type":"ListItem","position":1,"name":"Portada","item":"https:\/\/www.aquimicasa.net\/blog\/"},{"@type":"ListItem","position":2,"name":"El IPC saquea los bolsillos de los inquilinos de contrato antiguo"}]},{"@type":"WebSite","@id":"https:\/\/www.aquimicasa.net\/blog\/#website","url":"https:\/\/www.aquimicasa.net\/blog\/","name":"Blog de aquimicasa.net","description":"Noticias del Mundo Inmobiliario","publisher":{"@id":"https:\/\/www.aquimicasa.net\/blog\/#organization"},"potentialAction":[{"@type":"SearchAction","target":{"@type":"EntryPoint","urlTemplate":"https:\/\/www.aquimicasa.net\/blog\/?s={search_term_string}"},"query-input":{"@type":"PropertyValueSpecification","valueRequired":true,"valueName":"search_term_string"}}],"inLanguage":"es"},{"@type":"Organization","@id":"https:\/\/www.aquimicasa.net\/blog\/#organization","name":"Blog de aquimicasa.net","url":"https:\/\/www.aquimicasa.net\/blog\/","logo":{"@type":"ImageObject","inLanguage":"es","@id":"https:\/\/www.aquimicasa.net\/blog\/#\/schema\/logo\/image\/","url":"https:\/\/www.aquimicasa.net\/blog\/wp-content\/uploads\/Logo-aquimicasa-1-e1528048213782.png","contentUrl":"https:\/\/www.aquimicasa.net\/blog\/wp-content\/uploads\/Logo-aquimicasa-1-e1528048213782.png","width":225,"height":225,"caption":"Blog de aquimicasa.net"},"image":{"@id":"https:\/\/www.aquimicasa.net\/blog\/#\/schema\/logo\/image\/"},"sameAs":["https:\/\/www.facebook.com\/aquimicasa.net","https:\/\/www.instagram.com\/","https:\/\/x.com\/EduLizarragaD","https:\/\/www.linkedin.com\/feed\/"]},{"@type":"Person","@id":"https:\/\/www.aquimicasa.net\/blog\/#\/schema\/person\/2cdfa2605534583395c8d7ce1d6cac14","name":"Eduardo Lizarraga","image":{"@type":"ImageObject","inLanguage":"es","@id":"https:\/\/secure.gravatar.com\/avatar\/bdabe1eeeed97b65a9cb7de2edd624b07995f7e13abc5fead15961f745f908cc?s=96&d=mm&r=g","url":"https:\/\/secure.gravatar.com\/avatar\/bdabe1eeeed97b65a9cb7de2edd624b07995f7e13abc5fead15961f745f908cc?s=96&d=mm&r=g","contentUrl":"https:\/\/secure.gravatar.com\/avatar\/bdabe1eeeed97b65a9cb7de2edd624b07995f7e13abc5fead15961f745f908cc?s=96&d=mm&r=g","caption":"Eduardo Lizarraga"},"description":"Periodista Econ\u00f3mico. Ha trabajado en diversos campos de la informaci\u00f3n. Corresponsal en conflictos, analista pol\u00edtico en Congreso y Senado, periodista del medio ambiente, editor, director editorial, director de comunicaci\u00f3n.... En estos momentos se ha especializado en el sector inmobiliario. Pero tambi\u00e9n es navegante y viajero, preocupado por la pobreza, el medio ambiente y por las actuaciones descontroladas del neoliberalismo empresarial y pol\u00edtico en todo el mundo. Los desahucios, la pobreza infantil y la falta de acceso a los suministros b\u00e1sicos son algunos de los grandes dramas de nuestra sociedad y que es preciso solucionar para hacerla m\u00e1s justa. CEO en www.aquimicasa.net","sameAs":["https:\/\/www.aquimicasa.net\/"],"url":"https:\/\/www.aquimicasa.net\/blog\/author\/eduardo\/"}]}},"jetpack_publicize_connections":[],"jetpack_featured_media_url":"https:\/\/www.aquimicasa.net\/blog\/wp-content\/uploads\/Alquileres2-2-2.jpeg","jetpack_sharing_enabled":true,"jetpack_likes_enabled":true,"_links":{"self":[{"href":"https:\/\/www.aquimicasa.net\/blog\/wp-json\/wp\/v2\/posts\/57616","targetHints":{"allow":["GET"]}}],"collection":[{"href":"https:\/\/www.aquimicasa.net\/blog\/wp-json\/wp\/v2\/posts"}],"about":[{"href":"https:\/\/www.aquimicasa.net\/blog\/wp-json\/wp\/v2\/types\/post"}],"author":[{"embeddable":true,"href":"https:\/\/www.aquimicasa.net\/blog\/wp-json\/wp\/v2\/users\/3"}],"replies":[{"embeddable":true,"href":"https:\/\/www.aquimicasa.net\/blog\/wp-json\/wp\/v2\/comments?post=57616"}],"version-history":[{"count":2,"href":"https:\/\/www.aquimicasa.net\/blog\/wp-json\/wp\/v2\/posts\/57616\/revisions"}],"predecessor-version":[{"id":57625,"href":"https:\/\/www.aquimicasa.net\/blog\/wp-json\/wp\/v2\/posts\/57616\/revisions\/57625"}],"wp:featuredmedia":[{"embeddable":true,"href":"https:\/\/www.aquimicasa.net\/blog\/wp-json\/wp\/v2\/media\/57135"}],"wp:attachment":[{"href":"https:\/\/www.aquimicasa.net\/blog\/wp-json\/wp\/v2\/media?parent=57616"}],"wp:term":[{"taxonomy":"category","embeddable":true,"href":"https:\/\/www.aquimicasa.net\/blog\/wp-json\/wp\/v2\/categories?post=57616"},{"taxonomy":"post_tag","embeddable":true,"href":"https:\/\/www.aquimicasa.net\/blog\/wp-json\/wp\/v2\/tags?post=57616"}],"curies":[{"name":"wp","href":"https:\/\/api.w.org\/{rel}","templated":true}]}}