{"id":57621,"date":"2026-09-01T21:21:00","date_gmt":"2026-09-01T19:21:00","guid":{"rendered":"https:\/\/www.aquimicasa.net\/blog\/?p=57621"},"modified":"2026-09-01T21:29:09","modified_gmt":"2026-09-01T19:29:09","slug":"adjudicacion-por-sorteo-de-viviendas-protegida-en-navarra","status":"publish","type":"post","link":"https:\/\/www.aquimicasa.net\/blog\/vivienda\/alquileres\/adjudicacion-por-sorteo-de-viviendas-protegida-en-navarra\/","title":{"rendered":"Adjudicaci\u00f3n por sorteo de viviendas protegida en Navarra"},"content":{"rendered":"<div class=\"fusion-fullwidth fullwidth-box fusion-builder-row-1 fusion-flex-container nonhundred-percent-fullwidth non-hundred-percent-height-scrolling\" style=\"background-color: rgba(255,255,255,0);background-position: center center;background-repeat: no-repeat;border-width: 0px 0px 0px 0px;border-color:#eae9e9;border-style:solid;\" ><div class=\"fusion-builder-row fusion-row fusion-flex-align-items-flex-start\" style=\"max-width:1144px;margin-left: calc(-4% \/ 2 );margin-right: calc(-4% \/ 2 );\"><div class=\"fusion-layout-column fusion_builder_column fusion-builder-column-0 fusion_builder_column_1_1 1_1 fusion-flex-column\"><div class=\"fusion-column-wrapper fusion-flex-justify-content-flex-start fusion-content-layout-column\" style=\"background-position:left top;background-repeat:no-repeat;-webkit-background-size:cover;-moz-background-size:cover;-o-background-size:cover;background-size:cover;padding: 0px 0px 0px 0px;\"><div class=\"fusion-text fusion-text-1\"><h2 dir=\"ltr\"><strong>As\u00ed puedes optar a las 137 viviendas de Tudela, Altsasu, Anso\u00e1in y Mutilva<\/strong><\/h2>\n<p dir=\"ltr\">El Gobierno de Navarra ha abierto este martes un nuevo procedimiento de adjudicaci\u00f3n de vivienda protegida que marca un antes y un despu\u00e9s en la forma de repartir un bien cada vez m\u00e1s escaso: por primera vez, las promociones de alquiler no se asignar\u00e1n por baremo, sino mediante sorteo p\u00fablico ante notario. En total hay <strong>137 viviendas<\/strong> en juego, <strong>40 en r\u00e9gimen de compra<\/strong> y <strong>97 en alquiler<\/strong>, y el simple hecho de que la administraci\u00f3n recurra a la suerte para repartirlas dice mucho del punto en el que est\u00e1 el acceso a la vivienda en Navarra: hay m\u00e1s demanda solvente que ladrillo protegido disponible, y el sorteo, m\u00e1s que una mejora de gesti\u00f3n, es tambi\u00e9n un s\u00edntoma.<\/p>\n<h2 dir=\"ltr\"><strong>\u00a0\u00bfCu\u00e1ntas viviendas se adjudican y d\u00f3nde est\u00e1n?<\/strong><\/h2>\n<p dir=\"ltr\">Las 40 viviendas de compra se ubican en Tudela, en la zona del pol\u00edgono industrial 2, con tipolog\u00edas de 2, 3 y 4 dormitorios. De ellas, 21 est\u00e1n reservadas para el tramo de renta baja y 14 para el tramo alto, mientras que las cinco restantes se destinan a personas con discapacidad, v\u00edctimas de terrorismo, v\u00edctimas de violencia de g\u00e9nero y familias numerosas.<\/p>\n<p dir=\"ltr\">El grueso del paquete, sin embargo, son las 97 viviendas de alquiler, repartidas entre tres municipios: <strong>21 en Altsasu\/Alsasua<\/strong> (promovidas por Nasuvinsa), <strong>6 en Anso\u00e1in\/Antsoain<\/strong> (promovidas por Orlan 2019) y <strong>70 en Mutilva<\/strong> (tambi\u00e9n de Nasuvinsa), con tipolog\u00edas que van de 1 a 4 dormitorios seg\u00fan la promoci\u00f3n. Que Mutilva concentre m\u00e1s de la mitad del alquiler adjudicado da una idea de d\u00f3nde est\u00e1 poniendo el foco la promoci\u00f3n p\u00fablica en el \u00e1rea de Pamplona, mientras que Tudela vuelve a quedarse, una vez m\u00e1s, solo con la parte de compra.<\/p>\n<h2 dir=\"ltr\"><strong>El plazo para inscribirse ya est\u00e1 abierto<\/strong><\/h2>\n<p dir=\"ltr\">Quien quiera optar a alguna de estas promociones tiene una ventana muy concreta: del <strong>1 al 10 de septiembre<\/strong>, de forma telem\u00e1tica, a trav\u00e9s de la ficha correspondiente en el cat\u00e1logo de tr\u00e1mites del Gobierno de Navarra. Es un plazo corto, apenas diez d\u00edas, lo que obliga a quien cumpla los requisitos a moverse con rapidez si no quiere quedarse fuera de la primera tanda de este nuevo modelo.<\/p>\n<h2 dir=\"ltr\"><strong>As\u00ed ser\u00e1 el sorteo del 22 de septiembre<\/strong><\/h2>\n<p dir=\"ltr\">El sorteo de las 97 viviendas de alquiler se celebrar\u00e1 el <strong>22 de septiembre<\/strong>, ser\u00e1 p\u00fablico, se har\u00e1 ante notario y podr\u00e1 seguirse en directo. Los resultados se conocer\u00e1n en los d\u00edas posteriores. No entrar\u00e1n todas las solicitudes en el mismo saco: los aspirantes de la reserva general se dividir\u00e1n en cuatro grupos seg\u00fan su edad y su empadronamiento en el municipio de la promoci\u00f3n \u2014j\u00f3venes de 35 a\u00f1os o menos y mayores de 60 empadronados; esos mismos tramos de edad sin empadronar; personas empadronadas; y el resto de solicitantes\u2014. Cada persona participar\u00e1 \u00fanicamente en el grupo que le corresponda y solo podr\u00e1 optar a las viviendas cuyo n\u00famero de dormitorios coincida con el que especific\u00f3 al inscribirse en el censo.<\/p>\n<p dir=\"ltr\">Conviene aclarar que no todo se deja en manos del azar: las reservas especiales para personas con discapacidad, v\u00edctimas de violencia de g\u00e9nero o de terrorismo y familias numerosas se mantienen fuera del sorteo y siguen adjudic\u00e1ndose por baremo, como hasta ahora.<\/p>\n<h2 dir=\"ltr\"><strong>Cambios en los requisitos de acceso que conviene no pasar por alto<\/strong><\/h2>\n<p dir=\"ltr\">Este nuevo procedimiento no solo cambia el m\u00e9todo de reparto, tambi\u00e9n toca las condiciones de entrada, y aqu\u00ed es donde conviene prestar atenci\u00f3n antes de lanzarse a solicitar nada. A partir de ahora se exigen <strong>5.000 euros de ingresos m\u00ednimos<\/strong> para acceder al alquiler protegido, <strong>19.000 euros<\/strong> para la compra de VPO y <strong>24.000 euros<\/strong> para la compra de VPT. Al mismo tiempo, se ha elevado hasta <strong>100.000 euros<\/strong> el l\u00edmite de ingresos procedentes de transmisiones patrimoniales que puede tener quien solicita. Tambi\u00e9n se ampl\u00eda la definici\u00f3n de unidad familiar, que ahora incluye a las parejas de hecho no formalizadas que convivan con hijos e hijas comunes, aunque no exista matrimonio ni pareja estable constituida.<\/p>\n<p dir=\"ltr\">Son ajustes con lectura doble. Por un lado, suavizan algunas barreras de entrada y reconocen realidades familiares que antes quedaban fuera del sistema. Por otro, el suelo de ingresos m\u00ednimos para el alquiler \u2014apenas 5.000 euros al a\u00f1o\u2014 deja claro hasta qu\u00e9 punto la vivienda protegida navarra sigue pensada para un perfil de solicitante muy concreto, y no despeja del todo la duda de si 97 viviendas de alquiler son, ni de lejos, suficientes para atender la demanda real que hay detr\u00e1s de este sorteo.<\/p>\n<p dir=\"ltr\">En cualquier caso, la novedad merece seguimiento: es la primera vez que Navarra conf\u00eda el reparto del alquiler protegido a la suerte y no al orden de una lista, y el resultado de esta primera experiencia \u2014tanto en participaci\u00f3n como en pol\u00e9mica\u2014 probablemente marcar\u00e1 si el modelo se repite en pr\u00f3ximas promociones.<\/p>\n<\/div><\/div><style type=\"text\/css\">.fusion-body .fusion-builder-column-0{width:100% !important;margin-top : 0px;margin-bottom : 0px;}.fusion-builder-column-0 > .fusion-column-wrapper {padding-top : 0px !important;padding-right : 0px !important;margin-right : 1.92%;padding-bottom : 0px !important;padding-left : 0px !important;margin-left : 1.92%;}@media only screen and (max-width:1024px) {.fusion-body .fusion-builder-column-0{width:100% !important;}.fusion-builder-column-0 > .fusion-column-wrapper {margin-right : 1.92%;margin-left : 1.92%;}}@media only screen and (max-width:640px) {.fusion-body .fusion-builder-column-0{width:100% !important;}.fusion-builder-column-0 > .fusion-column-wrapper {margin-right : 1.92%;margin-left : 1.92%;}}<\/style><\/div><\/div><style type=\"text\/css\">.fusion-body .fusion-flex-container.fusion-builder-row-1{ padding-top : 0px;margin-top : 0px;padding-right : 0px;padding-bottom : 0px;margin-bottom : 0px;padding-left : 0px;}<\/style><\/div>\n","protected":false},"excerpt":{"rendered":"<p>Este nuevo procedimiento no solo cambia el m\u00e9todo de reparto, tambi\u00e9n toca las condiciones de entrada, y aqu\u00ed es donde conviene prestar atenci\u00f3n antes de lanzarse a solicitar nada. A partir de ahora se exigen 5.000 euros de ingresos m\u00ednimos para acceder al alquiler protegido, 19.000 euros para la compra de VPO y 24.000 euros para la compra de VPT.<\/p>\n","protected":false},"author":3,"featured_media":39584,"comment_status":"closed","ping_status":"closed","sticky":false,"template":"","format":"standard","meta":{"_jetpack_memberships_contains_paid_content":false,"footnotes":"","jetpack_publicize_message":"","jetpack_publicize_feature_enabled":true,"jetpack_social_post_already_shared":true,"jetpack_social_options":{"image_generator_settings":{"template":"highway","default_image_id":0,"font":"","enabled":false},"version":2}},"categories":[120],"tags":[8314],"class_list":["post-57621","post","type-post","status-publish","format-standard","has-post-thumbnail","hentry","category-alquileres","tag-newsletter-581"],"yoast_head":"<!-- This site is optimized with the Yoast SEO plugin v28.2 - https:\/\/yoast.com\/product\/yoast-seo-wordpress\/ -->\n<title>Adjudicaci\u00f3n por sorteo de viviendas protegida en Navarra<\/title>\n<meta name=\"description\" content=\"Quien quiera optar a alguna de estas promociones tiene una ventana muy concreta: del 1 al 10 de septiembre, de forma telem\u00e1tica\" \/>\n<meta name=\"robots\" content=\"index, follow, max-snippet:-1, max-image-preview:large, max-video-preview:-1\" \/>\n<link rel=\"canonical\" href=\"https:\/\/www.aquimicasa.net\/blog\/vivienda\/alquileres\/adjudicacion-por-sorteo-de-viviendas-protegida-en-navarra\/\" \/>\n<meta property=\"og:locale\" content=\"es_ES\" \/>\n<meta property=\"og:type\" content=\"article\" \/>\n<meta property=\"og:title\" content=\"Adjudicaci\u00f3n por sorteo de viviendas protegida en Navarra\" \/>\n<meta property=\"og:description\" content=\"Quien quiera optar a alguna de estas promociones tiene una ventana muy concreta: del 1 al 10 de septiembre, de forma telem\u00e1tica\" \/>\n<meta property=\"og:url\" content=\"https:\/\/www.aquimicasa.net\/blog\/vivienda\/alquileres\/adjudicacion-por-sorteo-de-viviendas-protegida-en-navarra\/\" \/>\n<meta property=\"og:site_name\" content=\"Blog de aquimicasa.net\" \/>\n<meta property=\"article:publisher\" content=\"https:\/\/www.facebook.com\/aquimicasa.net\" \/>\n<meta property=\"article:published_time\" content=\"2026-09-01T19:21:00+00:00\" \/>\n<meta property=\"article:modified_time\" content=\"2026-09-01T19:29:09+00:00\" \/>\n<meta property=\"og:image\" content=\"https:\/\/www.aquimicasa.net\/blog\/wp-content\/uploads\/Tudela2.jpg\" \/>\n\t<meta property=\"og:image:width\" content=\"1024\" \/>\n\t<meta property=\"og:image:height\" content=\"575\" \/>\n\t<meta property=\"og:image:type\" content=\"image\/jpeg\" \/>\n<meta name=\"author\" content=\"Eduardo Lizarraga\" \/>\n<meta name=\"twitter:label1\" content=\"Escrito por\" \/>\n\t<meta name=\"twitter:data1\" content=\"Eduardo Lizarraga\" \/>\n\t<meta name=\"twitter:label2\" content=\"Tiempo de lectura\" \/>\n\t<meta name=\"twitter:data2\" content=\"4 minutos\" \/>\n<script type=\"application\/ld+json\" class=\"yoast-schema-graph\">{\"@context\":\"https:\\\/\\\/schema.org\",\"@graph\":[{\"@type\":\"Article\",\"@id\":\"https:\\\/\\\/www.aquimicasa.net\\\/blog\\\/vivienda\\\/alquileres\\\/adjudicacion-por-sorteo-de-viviendas-protegida-en-navarra\\\/#article\",\"isPartOf\":{\"@id\":\"https:\\\/\\\/www.aquimicasa.net\\\/blog\\\/vivienda\\\/alquileres\\\/adjudicacion-por-sorteo-de-viviendas-protegida-en-navarra\\\/\"},\"author\":{\"name\":\"Eduardo Lizarraga\",\"@id\":\"https:\\\/\\\/www.aquimicasa.net\\\/blog\\\/#\\\/schema\\\/person\\\/2cdfa2605534583395c8d7ce1d6cac14\"},\"headline\":\"Adjudicaci\u00f3n por sorteo de viviendas protegida en Navarra\",\"datePublished\":\"2026-09-01T19:21:00+00:00\",\"dateModified\":\"2026-09-01T19:29:09+00:00\",\"mainEntityOfPage\":{\"@id\":\"https:\\\/\\\/www.aquimicasa.net\\\/blog\\\/vivienda\\\/alquileres\\\/adjudicacion-por-sorteo-de-viviendas-protegida-en-navarra\\\/\"},\"wordCount\":1086,\"publisher\":{\"@id\":\"https:\\\/\\\/www.aquimicasa.net\\\/blog\\\/#organization\"},\"image\":{\"@id\":\"https:\\\/\\\/www.aquimicasa.net\\\/blog\\\/vivienda\\\/alquileres\\\/adjudicacion-por-sorteo-de-viviendas-protegida-en-navarra\\\/#primaryimage\"},\"thumbnailUrl\":\"https:\\\/\\\/www.aquimicasa.net\\\/blog\\\/wp-content\\\/uploads\\\/Tudela2.jpg\",\"keywords\":[\"newsletter 581\"],\"articleSection\":[\"Alquiler\"],\"inLanguage\":\"es\"},{\"@type\":\"WebPage\",\"@id\":\"https:\\\/\\\/www.aquimicasa.net\\\/blog\\\/vivienda\\\/alquileres\\\/adjudicacion-por-sorteo-de-viviendas-protegida-en-navarra\\\/\",\"url\":\"https:\\\/\\\/www.aquimicasa.net\\\/blog\\\/vivienda\\\/alquileres\\\/adjudicacion-por-sorteo-de-viviendas-protegida-en-navarra\\\/\",\"name\":\"Adjudicaci\u00f3n por sorteo de viviendas protegida en Navarra\",\"isPartOf\":{\"@id\":\"https:\\\/\\\/www.aquimicasa.net\\\/blog\\\/#website\"},\"primaryImageOfPage\":{\"@id\":\"https:\\\/\\\/www.aquimicasa.net\\\/blog\\\/vivienda\\\/alquileres\\\/adjudicacion-por-sorteo-de-viviendas-protegida-en-navarra\\\/#primaryimage\"},\"image\":{\"@id\":\"https:\\\/\\\/www.aquimicasa.net\\\/blog\\\/vivienda\\\/alquileres\\\/adjudicacion-por-sorteo-de-viviendas-protegida-en-navarra\\\/#primaryimage\"},\"thumbnailUrl\":\"https:\\\/\\\/www.aquimicasa.net\\\/blog\\\/wp-content\\\/uploads\\\/Tudela2.jpg\",\"datePublished\":\"2026-09-01T19:21:00+00:00\",\"dateModified\":\"2026-09-01T19:29:09+00:00\",\"description\":\"Quien quiera optar a alguna de estas promociones tiene una ventana muy concreta: del 1 al 10 de septiembre, de forma telem\u00e1tica\",\"breadcrumb\":{\"@id\":\"https:\\\/\\\/www.aquimicasa.net\\\/blog\\\/vivienda\\\/alquileres\\\/adjudicacion-por-sorteo-de-viviendas-protegida-en-navarra\\\/#breadcrumb\"},\"inLanguage\":\"es\",\"potentialAction\":[{\"@type\":\"ReadAction\",\"target\":[\"https:\\\/\\\/www.aquimicasa.net\\\/blog\\\/vivienda\\\/alquileres\\\/adjudicacion-por-sorteo-de-viviendas-protegida-en-navarra\\\/\"]}]},{\"@type\":\"ImageObject\",\"inLanguage\":\"es\",\"@id\":\"https:\\\/\\\/www.aquimicasa.net\\\/blog\\\/vivienda\\\/alquileres\\\/adjudicacion-por-sorteo-de-viviendas-protegida-en-navarra\\\/#primaryimage\",\"url\":\"https:\\\/\\\/www.aquimicasa.net\\\/blog\\\/wp-content\\\/uploads\\\/Tudela2.jpg\",\"contentUrl\":\"https:\\\/\\\/www.aquimicasa.net\\\/blog\\\/wp-content\\\/uploads\\\/Tudela2.jpg\",\"width\":1024,\"height\":575,\"caption\":\"Sorteo de vivienda en Navarra\"},{\"@type\":\"BreadcrumbList\",\"@id\":\"https:\\\/\\\/www.aquimicasa.net\\\/blog\\\/vivienda\\\/alquileres\\\/adjudicacion-por-sorteo-de-viviendas-protegida-en-navarra\\\/#breadcrumb\",\"itemListElement\":[{\"@type\":\"ListItem\",\"position\":1,\"name\":\"Portada\",\"item\":\"https:\\\/\\\/www.aquimicasa.net\\\/blog\\\/\"},{\"@type\":\"ListItem\",\"position\":2,\"name\":\"Adjudicaci\u00f3n por sorteo de viviendas protegida en Navarra\"}]},{\"@type\":\"WebSite\",\"@id\":\"https:\\\/\\\/www.aquimicasa.net\\\/blog\\\/#website\",\"url\":\"https:\\\/\\\/www.aquimicasa.net\\\/blog\\\/\",\"name\":\"Blog de aquimicasa.net\",\"description\":\"Noticias del Mundo Inmobiliario\",\"publisher\":{\"@id\":\"https:\\\/\\\/www.aquimicasa.net\\\/blog\\\/#organization\"},\"potentialAction\":[{\"@type\":\"SearchAction\",\"target\":{\"@type\":\"EntryPoint\",\"urlTemplate\":\"https:\\\/\\\/www.aquimicasa.net\\\/blog\\\/?s={search_term_string}\"},\"query-input\":{\"@type\":\"PropertyValueSpecification\",\"valueRequired\":true,\"valueName\":\"search_term_string\"}}],\"inLanguage\":\"es\"},{\"@type\":\"Organization\",\"@id\":\"https:\\\/\\\/www.aquimicasa.net\\\/blog\\\/#organization\",\"name\":\"Blog de aquimicasa.net\",\"url\":\"https:\\\/\\\/www.aquimicasa.net\\\/blog\\\/\",\"logo\":{\"@type\":\"ImageObject\",\"inLanguage\":\"es\",\"@id\":\"https:\\\/\\\/www.aquimicasa.net\\\/blog\\\/#\\\/schema\\\/logo\\\/image\\\/\",\"url\":\"https:\\\/\\\/www.aquimicasa.net\\\/blog\\\/wp-content\\\/uploads\\\/Logo-aquimicasa-1-e1528048213782.png\",\"contentUrl\":\"https:\\\/\\\/www.aquimicasa.net\\\/blog\\\/wp-content\\\/uploads\\\/Logo-aquimicasa-1-e1528048213782.png\",\"width\":225,\"height\":225,\"caption\":\"Blog de aquimicasa.net\"},\"image\":{\"@id\":\"https:\\\/\\\/www.aquimicasa.net\\\/blog\\\/#\\\/schema\\\/logo\\\/image\\\/\"},\"sameAs\":[\"https:\\\/\\\/www.facebook.com\\\/aquimicasa.net\",\"https:\\\/\\\/www.instagram.com\\\/\",\"https:\\\/\\\/x.com\\\/EduLizarragaD\",\"https:\\\/\\\/www.linkedin.com\\\/feed\\\/\"]},{\"@type\":\"Person\",\"@id\":\"https:\\\/\\\/www.aquimicasa.net\\\/blog\\\/#\\\/schema\\\/person\\\/2cdfa2605534583395c8d7ce1d6cac14\",\"name\":\"Eduardo Lizarraga\",\"image\":{\"@type\":\"ImageObject\",\"inLanguage\":\"es\",\"@id\":\"https:\\\/\\\/secure.gravatar.com\\\/avatar\\\/bdabe1eeeed97b65a9cb7de2edd624b07995f7e13abc5fead15961f745f908cc?s=96&d=mm&r=g\",\"url\":\"https:\\\/\\\/secure.gravatar.com\\\/avatar\\\/bdabe1eeeed97b65a9cb7de2edd624b07995f7e13abc5fead15961f745f908cc?s=96&d=mm&r=g\",\"contentUrl\":\"https:\\\/\\\/secure.gravatar.com\\\/avatar\\\/bdabe1eeeed97b65a9cb7de2edd624b07995f7e13abc5fead15961f745f908cc?s=96&d=mm&r=g\",\"caption\":\"Eduardo Lizarraga\"},\"description\":\"Periodista Econ\u00f3mico. Ha trabajado en diversos campos de la informaci\u00f3n. Corresponsal en conflictos, analista pol\u00edtico en Congreso y Senado, periodista del medio ambiente, editor, director editorial, director de comunicaci\u00f3n.... En estos momentos se ha especializado en el sector inmobiliario. Pero tambi\u00e9n es navegante y viajero, preocupado por la pobreza, el medio ambiente y por las actuaciones descontroladas del neoliberalismo empresarial y pol\u00edtico en todo el mundo. Los desahucios, la pobreza infantil y la falta de acceso a los suministros b\u00e1sicos son algunos de los grandes dramas de nuestra sociedad y que es preciso solucionar para hacerla m\u00e1s justa. CEO en www.aquimicasa.net\",\"sameAs\":[\"https:\\\/\\\/www.aquimicasa.net\\\/\"],\"url\":\"https:\\\/\\\/www.aquimicasa.net\\\/blog\\\/author\\\/eduardo\\\/\"}]}<\/script>\n<!-- \/ Yoast SEO plugin. -->","yoast_head_json":{"title":"Adjudicaci\u00f3n por sorteo de viviendas protegida en Navarra","description":"Quien quiera optar a alguna de estas promociones tiene una ventana muy concreta: del 1 al 10 de septiembre, de forma telem\u00e1tica","robots":{"index":"index","follow":"follow","max-snippet":"max-snippet:-1","max-image-preview":"max-image-preview:large","max-video-preview":"max-video-preview:-1"},"canonical":"https:\/\/www.aquimicasa.net\/blog\/vivienda\/alquileres\/adjudicacion-por-sorteo-de-viviendas-protegida-en-navarra\/","og_locale":"es_ES","og_type":"article","og_title":"Adjudicaci\u00f3n por sorteo de viviendas protegida en Navarra","og_description":"Quien quiera optar a alguna de estas promociones tiene una ventana muy concreta: del 1 al 10 de septiembre, de forma telem\u00e1tica","og_url":"https:\/\/www.aquimicasa.net\/blog\/vivienda\/alquileres\/adjudicacion-por-sorteo-de-viviendas-protegida-en-navarra\/","og_site_name":"Blog de aquimicasa.net","article_publisher":"https:\/\/www.facebook.com\/aquimicasa.net","article_published_time":"2026-09-01T19:21:00+00:00","article_modified_time":"2026-09-01T19:29:09+00:00","og_image":[{"width":1024,"height":575,"url":"https:\/\/www.aquimicasa.net\/blog\/wp-content\/uploads\/Tudela2.jpg","type":"image\/jpeg"}],"author":"Eduardo Lizarraga","twitter_misc":{"Escrito por":"Eduardo Lizarraga","Tiempo de lectura":"4 minutos"},"schema":{"@context":"https:\/\/schema.org","@graph":[{"@type":"Article","@id":"https:\/\/www.aquimicasa.net\/blog\/vivienda\/alquileres\/adjudicacion-por-sorteo-de-viviendas-protegida-en-navarra\/#article","isPartOf":{"@id":"https:\/\/www.aquimicasa.net\/blog\/vivienda\/alquileres\/adjudicacion-por-sorteo-de-viviendas-protegida-en-navarra\/"},"author":{"name":"Eduardo Lizarraga","@id":"https:\/\/www.aquimicasa.net\/blog\/#\/schema\/person\/2cdfa2605534583395c8d7ce1d6cac14"},"headline":"Adjudicaci\u00f3n por sorteo de viviendas protegida en Navarra","datePublished":"2026-09-01T19:21:00+00:00","dateModified":"2026-09-01T19:29:09+00:00","mainEntityOfPage":{"@id":"https:\/\/www.aquimicasa.net\/blog\/vivienda\/alquileres\/adjudicacion-por-sorteo-de-viviendas-protegida-en-navarra\/"},"wordCount":1086,"publisher":{"@id":"https:\/\/www.aquimicasa.net\/blog\/#organization"},"image":{"@id":"https:\/\/www.aquimicasa.net\/blog\/vivienda\/alquileres\/adjudicacion-por-sorteo-de-viviendas-protegida-en-navarra\/#primaryimage"},"thumbnailUrl":"https:\/\/www.aquimicasa.net\/blog\/wp-content\/uploads\/Tudela2.jpg","keywords":["newsletter 581"],"articleSection":["Alquiler"],"inLanguage":"es"},{"@type":"WebPage","@id":"https:\/\/www.aquimicasa.net\/blog\/vivienda\/alquileres\/adjudicacion-por-sorteo-de-viviendas-protegida-en-navarra\/","url":"https:\/\/www.aquimicasa.net\/blog\/vivienda\/alquileres\/adjudicacion-por-sorteo-de-viviendas-protegida-en-navarra\/","name":"Adjudicaci\u00f3n por sorteo de viviendas protegida en Navarra","isPartOf":{"@id":"https:\/\/www.aquimicasa.net\/blog\/#website"},"primaryImageOfPage":{"@id":"https:\/\/www.aquimicasa.net\/blog\/vivienda\/alquileres\/adjudicacion-por-sorteo-de-viviendas-protegida-en-navarra\/#primaryimage"},"image":{"@id":"https:\/\/www.aquimicasa.net\/blog\/vivienda\/alquileres\/adjudicacion-por-sorteo-de-viviendas-protegida-en-navarra\/#primaryimage"},"thumbnailUrl":"https:\/\/www.aquimicasa.net\/blog\/wp-content\/uploads\/Tudela2.jpg","datePublished":"2026-09-01T19:21:00+00:00","dateModified":"2026-09-01T19:29:09+00:00","description":"Quien quiera optar a alguna de estas promociones tiene una ventana muy concreta: del 1 al 10 de septiembre, de forma telem\u00e1tica","breadcrumb":{"@id":"https:\/\/www.aquimicasa.net\/blog\/vivienda\/alquileres\/adjudicacion-por-sorteo-de-viviendas-protegida-en-navarra\/#breadcrumb"},"inLanguage":"es","potentialAction":[{"@type":"ReadAction","target":["https:\/\/www.aquimicasa.net\/blog\/vivienda\/alquileres\/adjudicacion-por-sorteo-de-viviendas-protegida-en-navarra\/"]}]},{"@type":"ImageObject","inLanguage":"es","@id":"https:\/\/www.aquimicasa.net\/blog\/vivienda\/alquileres\/adjudicacion-por-sorteo-de-viviendas-protegida-en-navarra\/#primaryimage","url":"https:\/\/www.aquimicasa.net\/blog\/wp-content\/uploads\/Tudela2.jpg","contentUrl":"https:\/\/www.aquimicasa.net\/blog\/wp-content\/uploads\/Tudela2.jpg","width":1024,"height":575,"caption":"Sorteo de vivienda en Navarra"},{"@type":"BreadcrumbList","@id":"https:\/\/www.aquimicasa.net\/blog\/vivienda\/alquileres\/adjudicacion-por-sorteo-de-viviendas-protegida-en-navarra\/#breadcrumb","itemListElement":[{"@type":"ListItem","position":1,"name":"Portada","item":"https:\/\/www.aquimicasa.net\/blog\/"},{"@type":"ListItem","position":2,"name":"Adjudicaci\u00f3n por sorteo de viviendas protegida en Navarra"}]},{"@type":"WebSite","@id":"https:\/\/www.aquimicasa.net\/blog\/#website","url":"https:\/\/www.aquimicasa.net\/blog\/","name":"Blog de aquimicasa.net","description":"Noticias del Mundo Inmobiliario","publisher":{"@id":"https:\/\/www.aquimicasa.net\/blog\/#organization"},"potentialAction":[{"@type":"SearchAction","target":{"@type":"EntryPoint","urlTemplate":"https:\/\/www.aquimicasa.net\/blog\/?s={search_term_string}"},"query-input":{"@type":"PropertyValueSpecification","valueRequired":true,"valueName":"search_term_string"}}],"inLanguage":"es"},{"@type":"Organization","@id":"https:\/\/www.aquimicasa.net\/blog\/#organization","name":"Blog de aquimicasa.net","url":"https:\/\/www.aquimicasa.net\/blog\/","logo":{"@type":"ImageObject","inLanguage":"es","@id":"https:\/\/www.aquimicasa.net\/blog\/#\/schema\/logo\/image\/","url":"https:\/\/www.aquimicasa.net\/blog\/wp-content\/uploads\/Logo-aquimicasa-1-e1528048213782.png","contentUrl":"https:\/\/www.aquimicasa.net\/blog\/wp-content\/uploads\/Logo-aquimicasa-1-e1528048213782.png","width":225,"height":225,"caption":"Blog de aquimicasa.net"},"image":{"@id":"https:\/\/www.aquimicasa.net\/blog\/#\/schema\/logo\/image\/"},"sameAs":["https:\/\/www.facebook.com\/aquimicasa.net","https:\/\/www.instagram.com\/","https:\/\/x.com\/EduLizarragaD","https:\/\/www.linkedin.com\/feed\/"]},{"@type":"Person","@id":"https:\/\/www.aquimicasa.net\/blog\/#\/schema\/person\/2cdfa2605534583395c8d7ce1d6cac14","name":"Eduardo Lizarraga","image":{"@type":"ImageObject","inLanguage":"es","@id":"https:\/\/secure.gravatar.com\/avatar\/bdabe1eeeed97b65a9cb7de2edd624b07995f7e13abc5fead15961f745f908cc?s=96&d=mm&r=g","url":"https:\/\/secure.gravatar.com\/avatar\/bdabe1eeeed97b65a9cb7de2edd624b07995f7e13abc5fead15961f745f908cc?s=96&d=mm&r=g","contentUrl":"https:\/\/secure.gravatar.com\/avatar\/bdabe1eeeed97b65a9cb7de2edd624b07995f7e13abc5fead15961f745f908cc?s=96&d=mm&r=g","caption":"Eduardo Lizarraga"},"description":"Periodista Econ\u00f3mico. Ha trabajado en diversos campos de la informaci\u00f3n. Corresponsal en conflictos, analista pol\u00edtico en Congreso y Senado, periodista del medio ambiente, editor, director editorial, director de comunicaci\u00f3n.... En estos momentos se ha especializado en el sector inmobiliario. Pero tambi\u00e9n es navegante y viajero, preocupado por la pobreza, el medio ambiente y por las actuaciones descontroladas del neoliberalismo empresarial y pol\u00edtico en todo el mundo. Los desahucios, la pobreza infantil y la falta de acceso a los suministros b\u00e1sicos son algunos de los grandes dramas de nuestra sociedad y que es preciso solucionar para hacerla m\u00e1s justa. CEO en www.aquimicasa.net","sameAs":["https:\/\/www.aquimicasa.net\/"],"url":"https:\/\/www.aquimicasa.net\/blog\/author\/eduardo\/"}]}},"jetpack_publicize_connections":[],"jetpack_featured_media_url":"https:\/\/www.aquimicasa.net\/blog\/wp-content\/uploads\/Tudela2.jpg","jetpack_sharing_enabled":true,"jetpack_likes_enabled":true,"_links":{"self":[{"href":"https:\/\/www.aquimicasa.net\/blog\/wp-json\/wp\/v2\/posts\/57621","targetHints":{"allow":["GET"]}}],"collection":[{"href":"https:\/\/www.aquimicasa.net\/blog\/wp-json\/wp\/v2\/posts"}],"about":[{"href":"https:\/\/www.aquimicasa.net\/blog\/wp-json\/wp\/v2\/types\/post"}],"author":[{"embeddable":true,"href":"https:\/\/www.aquimicasa.net\/blog\/wp-json\/wp\/v2\/users\/3"}],"replies":[{"embeddable":true,"href":"https:\/\/www.aquimicasa.net\/blog\/wp-json\/wp\/v2\/comments?post=57621"}],"version-history":[{"count":3,"href":"https:\/\/www.aquimicasa.net\/blog\/wp-json\/wp\/v2\/posts\/57621\/revisions"}],"predecessor-version":[{"id":57624,"href":"https:\/\/www.aquimicasa.net\/blog\/wp-json\/wp\/v2\/posts\/57621\/revisions\/57624"}],"wp:featuredmedia":[{"embeddable":true,"href":"https:\/\/www.aquimicasa.net\/blog\/wp-json\/wp\/v2\/media\/39584"}],"wp:attachment":[{"href":"https:\/\/www.aquimicasa.net\/blog\/wp-json\/wp\/v2\/media?parent=57621"}],"wp:term":[{"taxonomy":"category","embeddable":true,"href":"https:\/\/www.aquimicasa.net\/blog\/wp-json\/wp\/v2\/categories?post=57621"},{"taxonomy":"post_tag","embeddable":true,"href":"https:\/\/www.aquimicasa.net\/blog\/wp-json\/wp\/v2\/tags?post=57621"}],"curies":[{"name":"wp","href":"https:\/\/api.w.org\/{rel}","templated":true}]}}