{"id":57626,"date":"2026-09-02T20:09:34","date_gmt":"2026-09-02T18:09:34","guid":{"rendered":"https:\/\/www.aquimicasa.net\/blog\/?p=57626"},"modified":"2026-09-02T20:09:34","modified_gmt":"2026-09-02T18:09:34","slug":"vivienda-destina-45-millones-a-residencias-de-estudiantes","status":"publish","type":"post","link":"https:\/\/www.aquimicasa.net\/blog\/vivienda\/compraventa-de-viviendas\/vivienda-destina-45-millones-a-residencias-de-estudiantes\/","title":{"rendered":"Vivienda destina 45 millones a residencias de estudiantes"},"content":{"rendered":"<div class=\"fusion-fullwidth fullwidth-box fusion-builder-row-1 fusion-flex-container nonhundred-percent-fullwidth non-hundred-percent-height-scrolling\" style=\"background-color: rgba(255,255,255,0);background-position: center center;background-repeat: no-repeat;border-width: 0px 0px 0px 0px;border-color:#eae9e9;border-style:solid;\" ><div class=\"fusion-builder-row fusion-row fusion-flex-align-items-flex-start\" style=\"max-width:1144px;margin-left: calc(-4% \/ 2 );margin-right: calc(-4% \/ 2 );\"><div class=\"fusion-layout-column fusion_builder_column fusion-builder-column-0 fusion_builder_column_1_1 1_1 fusion-flex-column\"><div class=\"fusion-column-wrapper fusion-flex-justify-content-flex-start fusion-content-layout-column\" style=\"background-position:left top;background-repeat:no-repeat;-webkit-background-size:cover;-moz-background-size:cover;-o-background-size:cover;background-size:cover;padding: 0px 0px 0px 0px;\"><div class=\"fusion-text fusion-text-1\"><p dir=\"ltr\">+El Ministerio de Vivienda y Agenda Urbana ha confirmado que destinar\u00e1 <strong>45 millones de euros<\/strong> a impulsar alojamientos asequibles para la comunidad universitaria, una decisi\u00f3n que llega en un momento en el que el negocio del alojamiento estudiantil se ha convertido en uno de los segmentos favoritos de los grandes fondos de inversi\u00f3n. La medida busca ampliar la oferta residencial disponible para estudiantes, personal docente e investigador, facilitar la movilidad acad\u00e9mica y aliviar la presi\u00f3n que sufren los mercados de alquiler en las ciudades con mayor peso universitario. El anuncio se ha producido tras una reuni\u00f3n mantenida este lunes entre la ministra <strong>Isabel Rodr\u00edguez<\/strong> y el presidente de la Conferencia de Rectores y Rectoras de las Universidades Espa\u00f1olas (CRUE) y rector de la Universidad de Castilla-La Mancha, <strong>Juli\u00e1n Garde L\u00f3pez-Brea<\/strong>, en la sede del departamento. El encuentro ha coincidido con la apertura del tr\u00e1mite de audiencia p\u00fablica del Real Decreto que regular\u00e1 las subvenciones a las entidades seleccionadas, un paso que llega despu\u00e9s de m\u00e1s de un a\u00f1o de negociaciones y trabajos previos.<\/p>\n<h2 dir=\"ltr\"><strong>Siete proyectos seleccionados en seis comunidades aut\u00f3nomas<\/strong><\/h2>\n<p dir=\"ltr\">La financiaci\u00f3n se repartir\u00e1 de forma directa entre <strong>siete entidades<\/strong> que ya cuentan con proyectos concretos y viabilidad para arrancar a corto plazo, lo que permitir\u00e1 crear <strong>1.525 alojamientos universitarios<\/strong> en una primera fase. La cartera aprobada refleja una notable diversidad territorial, con actuaciones en Castilla-La Mancha, Andaluc\u00eda, la Comunidad de Madrid, Catalu\u00f1a, Castilla y Le\u00f3n y la Comunidad Valenciana, la mayor\u00eda sobre suelo p\u00fablico o universitario ya disponible y urban\u00edsticamente consolidado. La Universidad Aut\u00f3noma de Madrid es la gran beneficiada, con <strong>13.365.000 euros<\/strong>, casi un tercio del total repartido. Le siguen la Universidad de Castilla-La Mancha, para su actuaci\u00f3n en Albacete, con <strong>8.197.200 euros<\/strong>; la Universidad Pablo de Olavide, en Sevilla, con <strong>6.504.300 euros<\/strong>; la Universidad de Burgos, con <strong>5.940.000 euros<\/strong>; la Universitat Jaume I de Castell\u00f3, con <strong>4.455.000 euros<\/strong>; la Universidad de Ja\u00e9n, con <strong>3.564.000 euros<\/strong>; y el Ayuntamiento de Lleida, con <strong>2.974.500 euros<\/strong>. Entre las siete partidas suman exactamente los 45 millones anunciados por el Ministerio.<\/p>\n<h2 dir=\"ltr\"><strong>Condiciones de precio asequible y servicios incluidos<\/strong><\/h2>\n<p dir=\"ltr\">Las promociones financiadas deber\u00e1n mantener su finalidad p\u00fablica y respetar unas condiciones de precio asequible que fijar\u00e1 el propio Ministerio en las resoluciones o convenios correspondientes, donde tambi\u00e9n se concretar\u00e1n las actuaciones y los plazos de ejecuci\u00f3n de cada proyecto. El precio m\u00e1ximo de cada plaza tendr\u00e1 que incluir servicios como la electricidad, el agua y la conexi\u00f3n wifi, de manera que la renta final quede realmente acotada y no se disparen despu\u00e9s los gastos asociados a la vivienda, algo que hoy encarece la factura de muchos estudiantes tanto como el propio alquiler.<\/p>\n<h2 dir=\"ltr\"><strong>El avance de los grandes fondos y la urgencia de una respuesta p\u00fablica<\/strong><\/h2>\n<p dir=\"ltr\">Conviene situar esta convocatoria en su contexto. La vivienda universitaria lleva ya varios a\u00f1os en el radar de fondos de inversi\u00f3n internacionales que han descubierto en las residencias de estudiantes un nicho de rentabilidad estable, poco sensible a los ciclos econ\u00f3micos y con una demanda que crece cada curso. Ese apetito inversor ha disparado la construcci\u00f3n de residencias privadas de gama alta en las grandes ciudades universitarias, pero tambi\u00e9n ha tensionado los precios de todo el parque residencial cercano a los campus, incluidas las habitaciones compartidas y los pisos de alquiler tradicional. El resultado es que estudiar fuera de casa se ha convertido en un privilegio cada vez menos al alcance de las familias con rentas medias y bajas, justo cuando la universidad deber\u00eda funcionar como un ascensor social y no como un filtro econ\u00f3mico a\u00f1adido. Frente a ese escenario, los 45 millones del Ministerio son una respuesta necesaria, aunque modesta si se compara con la magnitud del problema: basta con ver cu\u00e1ntas operaciones inmobiliarias privadas superan por s\u00ed solas esa cifra en una sola promoci\u00f3n para entender que el esfuerzo p\u00fablico tendr\u00e1 que crecer si de verdad se quiere frenar el encarecimiento de la vida universitaria. Que la Administraci\u00f3n recupere protagonismo en este segmento, movilizando suelo propio y fijando precios m\u00e1ximos, parece la \u00fanica v\u00eda realista de evitar que el alojamiento estudiantil termine como un activo financiero m\u00e1s, cada vez m\u00e1s alejado de su funci\u00f3n social.<\/p>\n<h2 dir=\"ltr\"><strong>Un encaje dentro del Plan Estatal de Vivienda 2026-2030<\/strong><\/h2>\n<p dir=\"ltr\">Estas ayudas directas se enmarcan en el protocolo interministerial firmado en octubre de 2024 entre los ministerios de Vivienda y Agenda Urbana, de Ciencia, Innovaci\u00f3n y Universidades, y de Econom\u00eda, Comercio y Empresa, cuyo objetivo era precisamente promover alojamientos asequibles en r\u00e9gimen de alquiler para la comunidad universitaria. Esa l\u00ednea de trabajo tiene ahora encaje directo en el <strong>Plan Estatal de Vivienda 2026-2030<\/strong>, que persigue, entre otros objetivos, fomentar la emancipaci\u00f3n juvenil y ampliar la oferta de vivienda asequible mediante la movilizaci\u00f3n de suelo p\u00fablico o institucional en colaboraci\u00f3n p\u00fablico-privada. El protocolo se configura as\u00ed como un instrumento sectorial que atiende a la vez varios objetivos: el acceso a la vivienda, la igualdad de oportunidades en la educaci\u00f3n superior, la movilidad estudiantil y la reducci\u00f3n de la presi\u00f3n sobre los mercados residenciales tensionados. Queda por ver si el ritmo de ejecuci\u00f3n acompa\u00f1a a la ambici\u00f3n del anuncio, algo que depender\u00e1 de que esta primera fase tenga continuidad con nuevas convocatorias en los pr\u00f3ximos cursos.<\/p>\n<\/div><\/div><style type=\"text\/css\">.fusion-body .fusion-builder-column-0{width:100% !important;margin-top : 0px;margin-bottom : 0px;}.fusion-builder-column-0 > .fusion-column-wrapper {padding-top : 0px !important;padding-right : 0px !important;margin-right : 1.92%;padding-bottom : 0px !important;padding-left : 0px !important;margin-left : 1.92%;}@media only screen and (max-width:1024px) {.fusion-body .fusion-builder-column-0{width:100% !important;}.fusion-builder-column-0 > .fusion-column-wrapper {margin-right : 1.92%;margin-left : 1.92%;}}@media only screen and (max-width:640px) {.fusion-body .fusion-builder-column-0{width:100% !important;}.fusion-builder-column-0 > .fusion-column-wrapper {margin-right : 1.92%;margin-left : 1.92%;}}<\/style><\/div><\/div><style type=\"text\/css\">.fusion-body .fusion-flex-container.fusion-builder-row-1{ padding-top : 0px;margin-top : 0px;padding-right : 0px;padding-bottom : 0px;margin-bottom : 0px;padding-left : 0px;}<\/style><\/div>\n","protected":false},"excerpt":{"rendered":"<p>Las promociones financiadas deber\u00e1n mantener su finalidad p\u00fablica y respetar unas condiciones de precio asequible que fijar\u00e1 el propio Ministerio en las resoluciones o convenios correspondientes, donde tambi\u00e9n se concretar\u00e1n las actuaciones y los plazos de ejecuci\u00f3n de cada proyecto. El precio m\u00e1ximo de cada plaza tendr\u00e1 que incluir servicios como la electricidad, el agua y la conexi\u00f3n wifi,<\/p>\n","protected":false},"author":3,"featured_media":57644,"comment_status":"closed","ping_status":"closed","sticky":false,"template":"","format":"standard","meta":{"_jetpack_memberships_contains_paid_content":false,"footnotes":"","jetpack_publicize_message":"","jetpack_publicize_feature_enabled":true,"jetpack_social_post_already_shared":true,"jetpack_social_options":{"image_generator_settings":{"template":"highway","default_image_id":0,"font":"","enabled":false},"version":2}},"categories":[100],"tags":[8314],"class_list":["post-57626","post","type-post","status-publish","format-standard","has-post-thumbnail","hentry","category-compraventa-de-viviendas","tag-newsletter-581"],"yoast_head":"<!-- This site is optimized with the Yoast SEO plugin v28.2 - https:\/\/yoast.com\/product\/yoast-seo-wordpress\/ -->\n<title>Vivienda destina 45 millones a residencias de estudiantes<\/title>\n<meta name=\"description\" content=\"La Administraci\u00f3n est\u00e1 a tiempo de evitar que el alojamiento estudiantil termine como un activo financiero m\u00e1s\" \/>\n<meta name=\"robots\" content=\"index, follow, max-snippet:-1, max-image-preview:large, max-video-preview:-1\" \/>\n<link rel=\"canonical\" href=\"https:\/\/www.aquimicasa.net\/blog\/vivienda\/compraventa-de-viviendas\/vivienda-destina-45-millones-a-residencias-de-estudiantes\/\" \/>\n<meta property=\"og:locale\" content=\"es_ES\" \/>\n<meta property=\"og:type\" content=\"article\" \/>\n<meta property=\"og:title\" content=\"Vivienda destina 45 millones a residencias de estudiantes\" \/>\n<meta property=\"og:description\" content=\"La Administraci\u00f3n est\u00e1 a tiempo de evitar que el alojamiento estudiantil termine como un activo financiero m\u00e1s\" \/>\n<meta property=\"og:url\" content=\"https:\/\/www.aquimicasa.net\/blog\/vivienda\/compraventa-de-viviendas\/vivienda-destina-45-millones-a-residencias-de-estudiantes\/\" \/>\n<meta property=\"og:site_name\" content=\"Blog de aquimicasa.net\" \/>\n<meta property=\"article:publisher\" content=\"https:\/\/www.facebook.com\/aquimicasa.net\" \/>\n<meta property=\"article:published_time\" content=\"2026-09-02T18:09:34+00:00\" \/>\n<meta property=\"og:image\" content=\"https:\/\/www.aquimicasa.net\/blog\/wp-content\/uploads\/Ministerio-Residencias-scaled.jpg\" \/>\n\t<meta property=\"og:image:width\" content=\"2560\" \/>\n\t<meta property=\"og:image:height\" content=\"1706\" \/>\n\t<meta property=\"og:image:type\" content=\"image\/jpeg\" \/>\n<meta name=\"author\" content=\"Eduardo Lizarraga\" \/>\n<meta name=\"twitter:label1\" content=\"Escrito por\" \/>\n\t<meta name=\"twitter:data1\" content=\"Eduardo Lizarraga\" \/>\n\t<meta name=\"twitter:label2\" content=\"Tiempo de lectura\" \/>\n\t<meta name=\"twitter:data2\" content=\"6 minutos\" \/>\n<script type=\"application\/ld+json\" class=\"yoast-schema-graph\">{\"@context\":\"https:\\\/\\\/schema.org\",\"@graph\":[{\"@type\":\"Article\",\"@id\":\"https:\\\/\\\/www.aquimicasa.net\\\/blog\\\/vivienda\\\/compraventa-de-viviendas\\\/vivienda-destina-45-millones-a-residencias-de-estudiantes\\\/#article\",\"isPartOf\":{\"@id\":\"https:\\\/\\\/www.aquimicasa.net\\\/blog\\\/vivienda\\\/compraventa-de-viviendas\\\/vivienda-destina-45-millones-a-residencias-de-estudiantes\\\/\"},\"author\":{\"name\":\"Eduardo Lizarraga\",\"@id\":\"https:\\\/\\\/www.aquimicasa.net\\\/blog\\\/#\\\/schema\\\/person\\\/2cdfa2605534583395c8d7ce1d6cac14\"},\"headline\":\"Vivienda destina 45 millones a residencias de estudiantes\",\"datePublished\":\"2026-09-02T18:09:34+00:00\",\"mainEntityOfPage\":{\"@id\":\"https:\\\/\\\/www.aquimicasa.net\\\/blog\\\/vivienda\\\/compraventa-de-viviendas\\\/vivienda-destina-45-millones-a-residencias-de-estudiantes\\\/\"},\"wordCount\":1163,\"publisher\":{\"@id\":\"https:\\\/\\\/www.aquimicasa.net\\\/blog\\\/#organization\"},\"image\":{\"@id\":\"https:\\\/\\\/www.aquimicasa.net\\\/blog\\\/vivienda\\\/compraventa-de-viviendas\\\/vivienda-destina-45-millones-a-residencias-de-estudiantes\\\/#primaryimage\"},\"thumbnailUrl\":\"https:\\\/\\\/www.aquimicasa.net\\\/blog\\\/wp-content\\\/uploads\\\/Ministerio-Residencias-scaled.jpg\",\"keywords\":[\"newsletter 581\"],\"articleSection\":[\"Compra Venta\"],\"inLanguage\":\"es\"},{\"@type\":\"WebPage\",\"@id\":\"https:\\\/\\\/www.aquimicasa.net\\\/blog\\\/vivienda\\\/compraventa-de-viviendas\\\/vivienda-destina-45-millones-a-residencias-de-estudiantes\\\/\",\"url\":\"https:\\\/\\\/www.aquimicasa.net\\\/blog\\\/vivienda\\\/compraventa-de-viviendas\\\/vivienda-destina-45-millones-a-residencias-de-estudiantes\\\/\",\"name\":\"Vivienda destina 45 millones a residencias de estudiantes\",\"isPartOf\":{\"@id\":\"https:\\\/\\\/www.aquimicasa.net\\\/blog\\\/#website\"},\"primaryImageOfPage\":{\"@id\":\"https:\\\/\\\/www.aquimicasa.net\\\/blog\\\/vivienda\\\/compraventa-de-viviendas\\\/vivienda-destina-45-millones-a-residencias-de-estudiantes\\\/#primaryimage\"},\"image\":{\"@id\":\"https:\\\/\\\/www.aquimicasa.net\\\/blog\\\/vivienda\\\/compraventa-de-viviendas\\\/vivienda-destina-45-millones-a-residencias-de-estudiantes\\\/#primaryimage\"},\"thumbnailUrl\":\"https:\\\/\\\/www.aquimicasa.net\\\/blog\\\/wp-content\\\/uploads\\\/Ministerio-Residencias-scaled.jpg\",\"datePublished\":\"2026-09-02T18:09:34+00:00\",\"description\":\"La Administraci\u00f3n est\u00e1 a tiempo de evitar que el alojamiento estudiantil termine como un activo financiero m\u00e1s\",\"breadcrumb\":{\"@id\":\"https:\\\/\\\/www.aquimicasa.net\\\/blog\\\/vivienda\\\/compraventa-de-viviendas\\\/vivienda-destina-45-millones-a-residencias-de-estudiantes\\\/#breadcrumb\"},\"inLanguage\":\"es\",\"potentialAction\":[{\"@type\":\"ReadAction\",\"target\":[\"https:\\\/\\\/www.aquimicasa.net\\\/blog\\\/vivienda\\\/compraventa-de-viviendas\\\/vivienda-destina-45-millones-a-residencias-de-estudiantes\\\/\"]}]},{\"@type\":\"ImageObject\",\"inLanguage\":\"es\",\"@id\":\"https:\\\/\\\/www.aquimicasa.net\\\/blog\\\/vivienda\\\/compraventa-de-viviendas\\\/vivienda-destina-45-millones-a-residencias-de-estudiantes\\\/#primaryimage\",\"url\":\"https:\\\/\\\/www.aquimicasa.net\\\/blog\\\/wp-content\\\/uploads\\\/Ministerio-Residencias-scaled.jpg\",\"contentUrl\":\"https:\\\/\\\/www.aquimicasa.net\\\/blog\\\/wp-content\\\/uploads\\\/Ministerio-Residencias-scaled.jpg\",\"width\":2560,\"height\":1706,\"caption\":\"El Ministerio de Vivienda destinar\u00e1 45 millones de euros a la comunidad universitaria\"},{\"@type\":\"BreadcrumbList\",\"@id\":\"https:\\\/\\\/www.aquimicasa.net\\\/blog\\\/vivienda\\\/compraventa-de-viviendas\\\/vivienda-destina-45-millones-a-residencias-de-estudiantes\\\/#breadcrumb\",\"itemListElement\":[{\"@type\":\"ListItem\",\"position\":1,\"name\":\"Portada\",\"item\":\"https:\\\/\\\/www.aquimicasa.net\\\/blog\\\/\"},{\"@type\":\"ListItem\",\"position\":2,\"name\":\"Vivienda destina 45 millones a residencias de estudiantes\"}]},{\"@type\":\"WebSite\",\"@id\":\"https:\\\/\\\/www.aquimicasa.net\\\/blog\\\/#website\",\"url\":\"https:\\\/\\\/www.aquimicasa.net\\\/blog\\\/\",\"name\":\"Blog de aquimicasa.net\",\"description\":\"Noticias del Mundo Inmobiliario\",\"publisher\":{\"@id\":\"https:\\\/\\\/www.aquimicasa.net\\\/blog\\\/#organization\"},\"potentialAction\":[{\"@type\":\"SearchAction\",\"target\":{\"@type\":\"EntryPoint\",\"urlTemplate\":\"https:\\\/\\\/www.aquimicasa.net\\\/blog\\\/?s={search_term_string}\"},\"query-input\":{\"@type\":\"PropertyValueSpecification\",\"valueRequired\":true,\"valueName\":\"search_term_string\"}}],\"inLanguage\":\"es\"},{\"@type\":\"Organization\",\"@id\":\"https:\\\/\\\/www.aquimicasa.net\\\/blog\\\/#organization\",\"name\":\"Blog de aquimicasa.net\",\"url\":\"https:\\\/\\\/www.aquimicasa.net\\\/blog\\\/\",\"logo\":{\"@type\":\"ImageObject\",\"inLanguage\":\"es\",\"@id\":\"https:\\\/\\\/www.aquimicasa.net\\\/blog\\\/#\\\/schema\\\/logo\\\/image\\\/\",\"url\":\"https:\\\/\\\/www.aquimicasa.net\\\/blog\\\/wp-content\\\/uploads\\\/Logo-aquimicasa-1-e1528048213782.png\",\"contentUrl\":\"https:\\\/\\\/www.aquimicasa.net\\\/blog\\\/wp-content\\\/uploads\\\/Logo-aquimicasa-1-e1528048213782.png\",\"width\":225,\"height\":225,\"caption\":\"Blog de aquimicasa.net\"},\"image\":{\"@id\":\"https:\\\/\\\/www.aquimicasa.net\\\/blog\\\/#\\\/schema\\\/logo\\\/image\\\/\"},\"sameAs\":[\"https:\\\/\\\/www.facebook.com\\\/aquimicasa.net\",\"https:\\\/\\\/www.instagram.com\\\/\",\"https:\\\/\\\/x.com\\\/EduLizarragaD\",\"https:\\\/\\\/www.linkedin.com\\\/feed\\\/\"]},{\"@type\":\"Person\",\"@id\":\"https:\\\/\\\/www.aquimicasa.net\\\/blog\\\/#\\\/schema\\\/person\\\/2cdfa2605534583395c8d7ce1d6cac14\",\"name\":\"Eduardo Lizarraga\",\"image\":{\"@type\":\"ImageObject\",\"inLanguage\":\"es\",\"@id\":\"https:\\\/\\\/secure.gravatar.com\\\/avatar\\\/bdabe1eeeed97b65a9cb7de2edd624b07995f7e13abc5fead15961f745f908cc?s=96&d=mm&r=g\",\"url\":\"https:\\\/\\\/secure.gravatar.com\\\/avatar\\\/bdabe1eeeed97b65a9cb7de2edd624b07995f7e13abc5fead15961f745f908cc?s=96&d=mm&r=g\",\"contentUrl\":\"https:\\\/\\\/secure.gravatar.com\\\/avatar\\\/bdabe1eeeed97b65a9cb7de2edd624b07995f7e13abc5fead15961f745f908cc?s=96&d=mm&r=g\",\"caption\":\"Eduardo Lizarraga\"},\"description\":\"Periodista Econ\u00f3mico. Ha trabajado en diversos campos de la informaci\u00f3n. Corresponsal en conflictos, analista pol\u00edtico en Congreso y Senado, periodista del medio ambiente, editor, director editorial, director de comunicaci\u00f3n.... En estos momentos se ha especializado en el sector inmobiliario. Pero tambi\u00e9n es navegante y viajero, preocupado por la pobreza, el medio ambiente y por las actuaciones descontroladas del neoliberalismo empresarial y pol\u00edtico en todo el mundo. Los desahucios, la pobreza infantil y la falta de acceso a los suministros b\u00e1sicos son algunos de los grandes dramas de nuestra sociedad y que es preciso solucionar para hacerla m\u00e1s justa. CEO en www.aquimicasa.net\",\"sameAs\":[\"https:\\\/\\\/www.aquimicasa.net\\\/\"],\"url\":\"https:\\\/\\\/www.aquimicasa.net\\\/blog\\\/author\\\/eduardo\\\/\"}]}<\/script>\n<!-- \/ Yoast SEO plugin. -->","yoast_head_json":{"title":"Vivienda destina 45 millones a residencias de estudiantes","description":"La Administraci\u00f3n est\u00e1 a tiempo de evitar que el alojamiento estudiantil termine como un activo financiero m\u00e1s","robots":{"index":"index","follow":"follow","max-snippet":"max-snippet:-1","max-image-preview":"max-image-preview:large","max-video-preview":"max-video-preview:-1"},"canonical":"https:\/\/www.aquimicasa.net\/blog\/vivienda\/compraventa-de-viviendas\/vivienda-destina-45-millones-a-residencias-de-estudiantes\/","og_locale":"es_ES","og_type":"article","og_title":"Vivienda destina 45 millones a residencias de estudiantes","og_description":"La Administraci\u00f3n est\u00e1 a tiempo de evitar que el alojamiento estudiantil termine como un activo financiero m\u00e1s","og_url":"https:\/\/www.aquimicasa.net\/blog\/vivienda\/compraventa-de-viviendas\/vivienda-destina-45-millones-a-residencias-de-estudiantes\/","og_site_name":"Blog de aquimicasa.net","article_publisher":"https:\/\/www.facebook.com\/aquimicasa.net","article_published_time":"2026-09-02T18:09:34+00:00","og_image":[{"width":2560,"height":1706,"url":"https:\/\/www.aquimicasa.net\/blog\/wp-content\/uploads\/Ministerio-Residencias-scaled.jpg","type":"image\/jpeg"}],"author":"Eduardo Lizarraga","twitter_misc":{"Escrito por":"Eduardo Lizarraga","Tiempo de lectura":"6 minutos"},"schema":{"@context":"https:\/\/schema.org","@graph":[{"@type":"Article","@id":"https:\/\/www.aquimicasa.net\/blog\/vivienda\/compraventa-de-viviendas\/vivienda-destina-45-millones-a-residencias-de-estudiantes\/#article","isPartOf":{"@id":"https:\/\/www.aquimicasa.net\/blog\/vivienda\/compraventa-de-viviendas\/vivienda-destina-45-millones-a-residencias-de-estudiantes\/"},"author":{"name":"Eduardo Lizarraga","@id":"https:\/\/www.aquimicasa.net\/blog\/#\/schema\/person\/2cdfa2605534583395c8d7ce1d6cac14"},"headline":"Vivienda destina 45 millones a residencias de estudiantes","datePublished":"2026-09-02T18:09:34+00:00","mainEntityOfPage":{"@id":"https:\/\/www.aquimicasa.net\/blog\/vivienda\/compraventa-de-viviendas\/vivienda-destina-45-millones-a-residencias-de-estudiantes\/"},"wordCount":1163,"publisher":{"@id":"https:\/\/www.aquimicasa.net\/blog\/#organization"},"image":{"@id":"https:\/\/www.aquimicasa.net\/blog\/vivienda\/compraventa-de-viviendas\/vivienda-destina-45-millones-a-residencias-de-estudiantes\/#primaryimage"},"thumbnailUrl":"https:\/\/www.aquimicasa.net\/blog\/wp-content\/uploads\/Ministerio-Residencias-scaled.jpg","keywords":["newsletter 581"],"articleSection":["Compra Venta"],"inLanguage":"es"},{"@type":"WebPage","@id":"https:\/\/www.aquimicasa.net\/blog\/vivienda\/compraventa-de-viviendas\/vivienda-destina-45-millones-a-residencias-de-estudiantes\/","url":"https:\/\/www.aquimicasa.net\/blog\/vivienda\/compraventa-de-viviendas\/vivienda-destina-45-millones-a-residencias-de-estudiantes\/","name":"Vivienda destina 45 millones a residencias de estudiantes","isPartOf":{"@id":"https:\/\/www.aquimicasa.net\/blog\/#website"},"primaryImageOfPage":{"@id":"https:\/\/www.aquimicasa.net\/blog\/vivienda\/compraventa-de-viviendas\/vivienda-destina-45-millones-a-residencias-de-estudiantes\/#primaryimage"},"image":{"@id":"https:\/\/www.aquimicasa.net\/blog\/vivienda\/compraventa-de-viviendas\/vivienda-destina-45-millones-a-residencias-de-estudiantes\/#primaryimage"},"thumbnailUrl":"https:\/\/www.aquimicasa.net\/blog\/wp-content\/uploads\/Ministerio-Residencias-scaled.jpg","datePublished":"2026-09-02T18:09:34+00:00","description":"La Administraci\u00f3n est\u00e1 a tiempo de evitar que el alojamiento estudiantil termine como un activo financiero m\u00e1s","breadcrumb":{"@id":"https:\/\/www.aquimicasa.net\/blog\/vivienda\/compraventa-de-viviendas\/vivienda-destina-45-millones-a-residencias-de-estudiantes\/#breadcrumb"},"inLanguage":"es","potentialAction":[{"@type":"ReadAction","target":["https:\/\/www.aquimicasa.net\/blog\/vivienda\/compraventa-de-viviendas\/vivienda-destina-45-millones-a-residencias-de-estudiantes\/"]}]},{"@type":"ImageObject","inLanguage":"es","@id":"https:\/\/www.aquimicasa.net\/blog\/vivienda\/compraventa-de-viviendas\/vivienda-destina-45-millones-a-residencias-de-estudiantes\/#primaryimage","url":"https:\/\/www.aquimicasa.net\/blog\/wp-content\/uploads\/Ministerio-Residencias-scaled.jpg","contentUrl":"https:\/\/www.aquimicasa.net\/blog\/wp-content\/uploads\/Ministerio-Residencias-scaled.jpg","width":2560,"height":1706,"caption":"El Ministerio de Vivienda destinar\u00e1 45 millones de euros a la comunidad universitaria"},{"@type":"BreadcrumbList","@id":"https:\/\/www.aquimicasa.net\/blog\/vivienda\/compraventa-de-viviendas\/vivienda-destina-45-millones-a-residencias-de-estudiantes\/#breadcrumb","itemListElement":[{"@type":"ListItem","position":1,"name":"Portada","item":"https:\/\/www.aquimicasa.net\/blog\/"},{"@type":"ListItem","position":2,"name":"Vivienda destina 45 millones a residencias de estudiantes"}]},{"@type":"WebSite","@id":"https:\/\/www.aquimicasa.net\/blog\/#website","url":"https:\/\/www.aquimicasa.net\/blog\/","name":"Blog de aquimicasa.net","description":"Noticias del Mundo Inmobiliario","publisher":{"@id":"https:\/\/www.aquimicasa.net\/blog\/#organization"},"potentialAction":[{"@type":"SearchAction","target":{"@type":"EntryPoint","urlTemplate":"https:\/\/www.aquimicasa.net\/blog\/?s={search_term_string}"},"query-input":{"@type":"PropertyValueSpecification","valueRequired":true,"valueName":"search_term_string"}}],"inLanguage":"es"},{"@type":"Organization","@id":"https:\/\/www.aquimicasa.net\/blog\/#organization","name":"Blog de aquimicasa.net","url":"https:\/\/www.aquimicasa.net\/blog\/","logo":{"@type":"ImageObject","inLanguage":"es","@id":"https:\/\/www.aquimicasa.net\/blog\/#\/schema\/logo\/image\/","url":"https:\/\/www.aquimicasa.net\/blog\/wp-content\/uploads\/Logo-aquimicasa-1-e1528048213782.png","contentUrl":"https:\/\/www.aquimicasa.net\/blog\/wp-content\/uploads\/Logo-aquimicasa-1-e1528048213782.png","width":225,"height":225,"caption":"Blog de aquimicasa.net"},"image":{"@id":"https:\/\/www.aquimicasa.net\/blog\/#\/schema\/logo\/image\/"},"sameAs":["https:\/\/www.facebook.com\/aquimicasa.net","https:\/\/www.instagram.com\/","https:\/\/x.com\/EduLizarragaD","https:\/\/www.linkedin.com\/feed\/"]},{"@type":"Person","@id":"https:\/\/www.aquimicasa.net\/blog\/#\/schema\/person\/2cdfa2605534583395c8d7ce1d6cac14","name":"Eduardo Lizarraga","image":{"@type":"ImageObject","inLanguage":"es","@id":"https:\/\/secure.gravatar.com\/avatar\/bdabe1eeeed97b65a9cb7de2edd624b07995f7e13abc5fead15961f745f908cc?s=96&d=mm&r=g","url":"https:\/\/secure.gravatar.com\/avatar\/bdabe1eeeed97b65a9cb7de2edd624b07995f7e13abc5fead15961f745f908cc?s=96&d=mm&r=g","contentUrl":"https:\/\/secure.gravatar.com\/avatar\/bdabe1eeeed97b65a9cb7de2edd624b07995f7e13abc5fead15961f745f908cc?s=96&d=mm&r=g","caption":"Eduardo Lizarraga"},"description":"Periodista Econ\u00f3mico. Ha trabajado en diversos campos de la informaci\u00f3n. Corresponsal en conflictos, analista pol\u00edtico en Congreso y Senado, periodista del medio ambiente, editor, director editorial, director de comunicaci\u00f3n.... En estos momentos se ha especializado en el sector inmobiliario. Pero tambi\u00e9n es navegante y viajero, preocupado por la pobreza, el medio ambiente y por las actuaciones descontroladas del neoliberalismo empresarial y pol\u00edtico en todo el mundo. Los desahucios, la pobreza infantil y la falta de acceso a los suministros b\u00e1sicos son algunos de los grandes dramas de nuestra sociedad y que es preciso solucionar para hacerla m\u00e1s justa. CEO en www.aquimicasa.net","sameAs":["https:\/\/www.aquimicasa.net\/"],"url":"https:\/\/www.aquimicasa.net\/blog\/author\/eduardo\/"}]}},"jetpack_publicize_connections":[],"jetpack_featured_media_url":"https:\/\/www.aquimicasa.net\/blog\/wp-content\/uploads\/Ministerio-Residencias-scaled.jpg","jetpack_sharing_enabled":true,"jetpack_likes_enabled":true,"_links":{"self":[{"href":"https:\/\/www.aquimicasa.net\/blog\/wp-json\/wp\/v2\/posts\/57626","targetHints":{"allow":["GET"]}}],"collection":[{"href":"https:\/\/www.aquimicasa.net\/blog\/wp-json\/wp\/v2\/posts"}],"about":[{"href":"https:\/\/www.aquimicasa.net\/blog\/wp-json\/wp\/v2\/types\/post"}],"author":[{"embeddable":true,"href":"https:\/\/www.aquimicasa.net\/blog\/wp-json\/wp\/v2\/users\/3"}],"replies":[{"embeddable":true,"href":"https:\/\/www.aquimicasa.net\/blog\/wp-json\/wp\/v2\/comments?post=57626"}],"version-history":[{"count":3,"href":"https:\/\/www.aquimicasa.net\/blog\/wp-json\/wp\/v2\/posts\/57626\/revisions"}],"predecessor-version":[{"id":57645,"href":"https:\/\/www.aquimicasa.net\/blog\/wp-json\/wp\/v2\/posts\/57626\/revisions\/57645"}],"wp:featuredmedia":[{"embeddable":true,"href":"https:\/\/www.aquimicasa.net\/blog\/wp-json\/wp\/v2\/media\/57644"}],"wp:attachment":[{"href":"https:\/\/www.aquimicasa.net\/blog\/wp-json\/wp\/v2\/media?parent=57626"}],"wp:term":[{"taxonomy":"category","embeddable":true,"href":"https:\/\/www.aquimicasa.net\/blog\/wp-json\/wp\/v2\/categories?post=57626"},{"taxonomy":"post_tag","embeddable":true,"href":"https:\/\/www.aquimicasa.net\/blog\/wp-json\/wp\/v2\/tags?post=57626"}],"curies":[{"name":"wp","href":"https:\/\/api.w.org\/{rel}","templated":true}]}}