{"id":57631,"date":"2026-09-02T19:08:01","date_gmt":"2026-09-02T17:08:01","guid":{"rendered":"https:\/\/www.aquimicasa.net\/blog\/?p=57631"},"modified":"2026-09-02T19:09:02","modified_gmt":"2026-09-02T17:09:02","slug":"espana-coloca-tres-destinos-en-el-top-10-del-lujo-costero-europeo","status":"publish","type":"post","link":"https:\/\/www.aquimicasa.net\/blog\/vivienda\/compraventa-de-viviendas\/espana-coloca-tres-destinos-en-el-top-10-del-lujo-costero-europeo\/","title":{"rendered":"Espa\u00f1a coloca tres destinos en el top 10 del lujo costero europeo"},"content":{"rendered":"<div class=\"fusion-fullwidth fullwidth-box fusion-builder-row-1 fusion-flex-container nonhundred-percent-fullwidth non-hundred-percent-height-scrolling\" style=\"background-color: rgba(255,255,255,0);background-position: center center;background-repeat: no-repeat;border-width: 0px 0px 0px 0px;border-color:#eae9e9;border-style:solid;\" ><div class=\"fusion-builder-row fusion-row fusion-flex-align-items-flex-start\" style=\"max-width:1144px;margin-left: calc(-4% \/ 2 );margin-right: calc(-4% \/ 2 );\"><div class=\"fusion-layout-column fusion_builder_column fusion-builder-column-0 fusion_builder_column_1_1 1_1 fusion-flex-column\"><div class=\"fusion-column-wrapper fusion-flex-justify-content-flex-start fusion-content-layout-column\" style=\"background-position:left top;background-repeat:no-repeat;-webkit-background-size:cover;-moz-background-size:cover;-o-background-size:cover;background-size:cover;padding: 0px 0px 0px 0px;\"><div class=\"fusion-text fusion-text-1\"><h2 dir=\"ltr\"><strong>Con la \u00faltima clasificaci\u00f3n Marbella ya vale m\u00e1s que Saint-Tropez<\/strong><\/h2>\n<p dir=\"ltr\">El mercado del lujo inmobiliario espa\u00f1ol no est\u00e1 para disimulos: 2026 se est\u00e1 cerrando como el a\u00f1o en que el litoral espa\u00f1ol termin\u00f3 de colarse entre los territorios m\u00e1s cotizados de Europa. El Ranking Waterfront 2026, elaborado por Engel &amp; V\u00f6lkers a partir de los precios de venta por metro cuadrado de las propiedades de lujo con acceso directo al mar que la firma tiene actualmente en cartera, sit\u00faa a Marbella como el segundo destino costero m\u00e1s caro del continente, con m\u00e1ximos de 62.000 euros por metro cuadrado. Solo Saint-Jean-Cap-Ferrat, en la Costa Azul francesa, la supera, y lo hace con una distancia todav\u00eda notable: 113.000 euros por metro cuadrado en sus propiedades m\u00e1s excepcionales.<\/p>\n<p dir=\"ltr\">Lo llamativo no es solo que Marbella se cuele en el podio europeo, sino a qui\u00e9n ha dejado atr\u00e1s por el camino. La ciudad malague\u00f1a supera ya a Saint-Tropez, ese enclave que durante d\u00e9cadas ha sido sin\u00f3nimo absoluto de glamour mediterr\u00e1neo y que ahora se conforma con la tercera posici\u00f3n, con 61.000 euros por metro cuadrado. Que una localidad de la Costa del Sol desbanque a Saint-Tropez dice bastante sobre hacia d\u00f3nde se est\u00e1 moviendo el dinero: patrimonios internacionales que ya no distinguen tanto entre la Riviera francesa y la espa\u00f1ola, y que valoran por igual clima, conexiones a\u00e9reas, seguridad jur\u00eddica y ese punto multicultural que Marbella lleva a\u00f1os cultivando. Cap d&#8217;Antibes, cuarta en la lista y tambi\u00e9n francesa, ronda los 50.000 euros por metro cuadrado, otra prueba de que la Costa Azul ya no es el \u00fanico referente indiscutible.<\/p>\n<p dir=\"ltr\">Espa\u00f1a, adem\u00e1s, no se conforma con Marbella. Mallorca ocupa la sexta posici\u00f3n, con Port d&#8217;Andratx sosteniendo el mercado residencial m\u00e1s exclusivo de la isla y precios que llegan a los 46.000 euros por metro cuadrado, pr\u00e1cticamente empatada con Porto Cervo, en la Costa Esmeralda sarda. E Ibiza cierra el tr\u00edo nacional en s\u00e9ptimo lugar, con 28.000 euros por metro cuadrado, un dato que confirma que la demanda ya no se limita a las zonas de ocio nocturno m\u00e1s reconocibles de la isla, sino que se reparte entre fincas privadas y tramos de costa m\u00e1s discretos, donde la privacidad pesa tanto o m\u00e1s que la fiesta.<\/p>\n<h2 dir=\"ltr\"><strong>Un ranking que retrata la escasez, no solo el lujo<\/strong><\/h2>\n<p dir=\"ltr\">Conviene entender qu\u00e9 mide exactamente este estudio. El Waterfront no es un \u00edndice generalista de vivienda, sino un term\u00f3metro muy concreto: los precios m\u00e1ximos de las propiedades de lujo en primera l\u00ednea de mar que Engel &amp; V\u00f6lkers gestiona en cada enclave. Y ese term\u00f3metro lleva tiempo marcando fiebre. Hans Lenz, director gerente de Engel &amp; V\u00f6lkers Mallorca Suroeste, lo resume sin rodeos: la vivienda con acceso directo al mar es \u00abun valor muy codiciado\u00bb para compradores internacionales que buscan privacidad, ubicaci\u00f3n \u00fanica y revalorizaci\u00f3n a largo plazo. Marie Claire Sangouard, al frente de la oficina de Costa Azul, a\u00f1ade que la oferta \u00absigue siendo muy limitada frente a una demanda internacional que se mantiene fuerte\u00bb. Traducido: hay poqu\u00edsimo suelo en primera l\u00ednea, las restricciones urban\u00edsticas y de protecci\u00f3n del litoral impiden que aparezca oferta nueva, y mientras tanto la cola de compradores con capacidad econ\u00f3mica ilimitada no deja de crecer. Esa combinaci\u00f3n, m\u00e1s que ninguna otra, es la que dispara los precios a\u00f1o tras a\u00f1o.<\/p>\n<p dir=\"ltr\">Y aqu\u00ed es donde conviene no perder la perspectiva: mientras el litoral de lujo bate r\u00e9cords, el resto del mercado inmobiliario espa\u00f1ol atraviesa un a\u00f1o de subidas generalizadas, con el precio medio de la vivienda encadenando incrementos interanuales que ya preocupan a quienes buscan una primera residencia lejos de cualquier fantas\u00eda de yate y jard\u00edn privado. La escalada del segmento premium no es un fen\u00f3meno aislado, sino la punta m\u00e1s visible de una tendencia que atraviesa todo el sector: menos oferta disponible, costes de construcci\u00f3n al alza y una demanda que no da tregua, ni en Marbella ni en el resto del pa\u00eds. Todo apunta a que 2026 cerrar\u00e1 con el precio de la vivienda todav\u00eda en ascenso, y el segmento de lujo litoral, blindado por su propia escasez estructural, seguir\u00e1 tirando del carro con subidas que probablemente se prolonguen bien entrado 2027.<\/p>\n<h2 dir=\"ltr\"><strong>El top 10 europeo del lujo frente al mar<\/strong><\/h2>\n<ol dir=\"ltr\">\n<li><strong>Saint-Jean-Cap-Ferrat<\/strong> (Francia): hasta 113.000 \u20ac\/m\u00b2<\/li>\n<li><strong>Marbella<\/strong> (Espa\u00f1a): hasta 62.000 \u20ac\/m\u00b2<\/li>\n<li><strong>Saint-Tropez<\/strong> (Francia): hasta 61.000 \u20ac\/m\u00b2<\/li>\n<li><strong>Cap d&#8217;Antibes<\/strong> (Francia): cerca de 50.000 \u20ac\/m\u00b2<\/li>\n<li><strong>Porto Cervo<\/strong> (Italia): hasta 47.000 \u20ac\/m\u00b2<\/li>\n<li><strong>Mallorca<\/strong> (Espa\u00f1a): hasta 46.000 \u20ac\/m\u00b2<\/li>\n<li><strong>Ibiza<\/strong> (Espa\u00f1a): hasta 28.000 \u20ac\/m\u00b2<\/li>\n<li><strong>Portofino<\/strong> (Italia): hasta 25.000 \u20ac\/m\u00b2<\/li>\n<li><strong>Quinta do Lago<\/strong> (Portugal): hasta 20.000 \u20ac\/m\u00b2<\/li>\n<li><strong>Mykonos<\/strong> (Grecia): hasta 17.000 \u20ac\/m\u00b2<\/li>\n<\/ol>\n<p dir=\"ltr\">Con tres plazas entre las diez primeras, Espa\u00f1a confirma que su litoral ya juega en la misma liga que la Costa Azul o la Costa Esmeralda, y lo hace escalando posiciones respecto a ediciones anteriores del ranking. La pregunta que queda en el aire, y que probablemente marcar\u00e1 el debate inmobiliario de los pr\u00f3ximos meses, es hasta qu\u00e9 punto esa escalada del lujo costero seguir\u00e1 siendo compatible con el acceso a la vivienda del resto de la poblaci\u00f3n en las mismas zonas donde se disparan estos precios.<\/p>\n<\/div><\/div><style type=\"text\/css\">.fusion-body .fusion-builder-column-0{width:100% !important;margin-top : 0px;margin-bottom : 0px;}.fusion-builder-column-0 > .fusion-column-wrapper {padding-top : 0px !important;padding-right : 0px !important;margin-right : 1.92%;padding-bottom : 0px !important;padding-left : 0px !important;margin-left : 1.92%;}@media only screen and (max-width:1024px) {.fusion-body .fusion-builder-column-0{width:100% !important;}.fusion-builder-column-0 > .fusion-column-wrapper {margin-right : 1.92%;margin-left : 1.92%;}}@media only screen and (max-width:640px) {.fusion-body .fusion-builder-column-0{width:100% !important;}.fusion-builder-column-0 > .fusion-column-wrapper {margin-right : 1.92%;margin-left : 1.92%;}}<\/style><\/div><\/div><style type=\"text\/css\">.fusion-body .fusion-flex-container.fusion-builder-row-1{ padding-top : 0px;margin-top : 0px;padding-right : 0px;padding-bottom : 0px;margin-bottom : 0px;padding-left : 0px;}<\/style><\/div>\n","protected":false},"excerpt":{"rendered":"<p>La escalada del segmento premium no es un fen\u00f3meno aislado, sino la punta m\u00e1s visible de una tendencia que atraviesa todo el sector: menos oferta disponible, costes de construcci\u00f3n al alza y una demanda que no da tregua, ni en Marbella ni en el resto del pa\u00eds. Todo apunta a que 2026 cerrar\u00e1 con el precio de la vivienda todav\u00eda en ascenso, y el segmento de lujo litoral, blindado por su propia escasez estructural, seguir\u00e1 tirando del carro con subidas que probablemente se prolonguen bien entrado 2027.<\/p>\n","protected":false},"author":3,"featured_media":10398,"comment_status":"closed","ping_status":"closed","sticky":false,"template":"","format":"standard","meta":{"_jetpack_memberships_contains_paid_content":false,"footnotes":"","jetpack_publicize_message":"","jetpack_publicize_feature_enabled":true,"jetpack_social_post_already_shared":true,"jetpack_social_options":{"image_generator_settings":{"template":"highway","default_image_id":0,"font":"","enabled":false},"version":2}},"categories":[100],"tags":[8314],"class_list":["post-57631","post","type-post","status-publish","format-standard","has-post-thumbnail","hentry","category-compraventa-de-viviendas","tag-newsletter-581"],"yoast_head":"<!-- This site is optimized with the Yoast SEO plugin v28.2 - https:\/\/yoast.com\/product\/yoast-seo-wordpress\/ -->\n<title>Espa\u00f1a coloca tres destinos en el top 10 del lujo costero europeo<\/title>\n<meta name=\"description\" content=\"El Waterfront no es un \u00edndice generalista, sino un term\u00f3metro de los precios m\u00e1ximos de las propiedades de lujo en primera l\u00ednea de mar\" \/>\n<meta name=\"robots\" content=\"index, follow, max-snippet:-1, max-image-preview:large, max-video-preview:-1\" \/>\n<link rel=\"canonical\" href=\"https:\/\/www.aquimicasa.net\/blog\/vivienda\/compraventa-de-viviendas\/espana-coloca-tres-destinos-en-el-top-10-del-lujo-costero-europeo\/\" \/>\n<meta property=\"og:locale\" content=\"es_ES\" \/>\n<meta property=\"og:type\" content=\"article\" \/>\n<meta property=\"og:title\" content=\"Espa\u00f1a coloca tres destinos en el top 10 del lujo costero europeo\" \/>\n<meta property=\"og:description\" content=\"El Waterfront no es un \u00edndice generalista, sino un term\u00f3metro de los precios m\u00e1ximos de las propiedades de lujo en primera l\u00ednea de mar\" \/>\n<meta property=\"og:url\" content=\"https:\/\/www.aquimicasa.net\/blog\/vivienda\/compraventa-de-viviendas\/espana-coloca-tres-destinos-en-el-top-10-del-lujo-costero-europeo\/\" \/>\n<meta property=\"og:site_name\" content=\"Blog de aquimicasa.net\" \/>\n<meta property=\"article:publisher\" content=\"https:\/\/www.facebook.com\/aquimicasa.net\" \/>\n<meta property=\"article:published_time\" content=\"2026-09-02T17:08:01+00:00\" \/>\n<meta property=\"article:modified_time\" content=\"2026-09-02T17:09:02+00:00\" \/>\n<meta property=\"og:image\" content=\"https:\/\/www.aquimicasa.net\/blog\/wp-content\/uploads\/video-marbella37-95578.jpg\" \/>\n\t<meta property=\"og:image:width\" content=\"800\" \/>\n\t<meta property=\"og:image:height\" content=\"600\" \/>\n\t<meta property=\"og:image:type\" content=\"image\/jpeg\" \/>\n<meta name=\"author\" content=\"Eduardo Lizarraga\" \/>\n<meta name=\"twitter:label1\" content=\"Escrito por\" \/>\n\t<meta name=\"twitter:data1\" content=\"Eduardo Lizarraga\" \/>\n\t<meta name=\"twitter:label2\" content=\"Tiempo de lectura\" \/>\n\t<meta name=\"twitter:data2\" content=\"5 minutos\" \/>\n<script type=\"application\/ld+json\" class=\"yoast-schema-graph\">{\"@context\":\"https:\\\/\\\/schema.org\",\"@graph\":[{\"@type\":\"Article\",\"@id\":\"https:\\\/\\\/www.aquimicasa.net\\\/blog\\\/vivienda\\\/compraventa-de-viviendas\\\/espana-coloca-tres-destinos-en-el-top-10-del-lujo-costero-europeo\\\/#article\",\"isPartOf\":{\"@id\":\"https:\\\/\\\/www.aquimicasa.net\\\/blog\\\/vivienda\\\/compraventa-de-viviendas\\\/espana-coloca-tres-destinos-en-el-top-10-del-lujo-costero-europeo\\\/\"},\"author\":{\"name\":\"Eduardo Lizarraga\",\"@id\":\"https:\\\/\\\/www.aquimicasa.net\\\/blog\\\/#\\\/schema\\\/person\\\/2cdfa2605534583395c8d7ce1d6cac14\"},\"headline\":\"Espa\u00f1a coloca tres destinos en el top 10 del lujo costero europeo\",\"datePublished\":\"2026-09-02T17:08:01+00:00\",\"dateModified\":\"2026-09-02T17:09:02+00:00\",\"mainEntityOfPage\":{\"@id\":\"https:\\\/\\\/www.aquimicasa.net\\\/blog\\\/vivienda\\\/compraventa-de-viviendas\\\/espana-coloca-tres-destinos-en-el-top-10-del-lujo-costero-europeo\\\/\"},\"wordCount\":1142,\"publisher\":{\"@id\":\"https:\\\/\\\/www.aquimicasa.net\\\/blog\\\/#organization\"},\"image\":{\"@id\":\"https:\\\/\\\/www.aquimicasa.net\\\/blog\\\/vivienda\\\/compraventa-de-viviendas\\\/espana-coloca-tres-destinos-en-el-top-10-del-lujo-costero-europeo\\\/#primaryimage\"},\"thumbnailUrl\":\"https:\\\/\\\/www.aquimicasa.net\\\/blog\\\/wp-content\\\/uploads\\\/video-marbella37-95578.jpg\",\"keywords\":[\"newsletter 581\"],\"articleSection\":[\"Compra Venta\"],\"inLanguage\":\"es\"},{\"@type\":\"WebPage\",\"@id\":\"https:\\\/\\\/www.aquimicasa.net\\\/blog\\\/vivienda\\\/compraventa-de-viviendas\\\/espana-coloca-tres-destinos-en-el-top-10-del-lujo-costero-europeo\\\/\",\"url\":\"https:\\\/\\\/www.aquimicasa.net\\\/blog\\\/vivienda\\\/compraventa-de-viviendas\\\/espana-coloca-tres-destinos-en-el-top-10-del-lujo-costero-europeo\\\/\",\"name\":\"Espa\u00f1a coloca tres destinos en el top 10 del lujo costero europeo\",\"isPartOf\":{\"@id\":\"https:\\\/\\\/www.aquimicasa.net\\\/blog\\\/#website\"},\"primaryImageOfPage\":{\"@id\":\"https:\\\/\\\/www.aquimicasa.net\\\/blog\\\/vivienda\\\/compraventa-de-viviendas\\\/espana-coloca-tres-destinos-en-el-top-10-del-lujo-costero-europeo\\\/#primaryimage\"},\"image\":{\"@id\":\"https:\\\/\\\/www.aquimicasa.net\\\/blog\\\/vivienda\\\/compraventa-de-viviendas\\\/espana-coloca-tres-destinos-en-el-top-10-del-lujo-costero-europeo\\\/#primaryimage\"},\"thumbnailUrl\":\"https:\\\/\\\/www.aquimicasa.net\\\/blog\\\/wp-content\\\/uploads\\\/video-marbella37-95578.jpg\",\"datePublished\":\"2026-09-02T17:08:01+00:00\",\"dateModified\":\"2026-09-02T17:09:02+00:00\",\"description\":\"El Waterfront no es un \u00edndice generalista, sino un term\u00f3metro de los precios m\u00e1ximos de las propiedades de lujo en primera l\u00ednea de mar\",\"breadcrumb\":{\"@id\":\"https:\\\/\\\/www.aquimicasa.net\\\/blog\\\/vivienda\\\/compraventa-de-viviendas\\\/espana-coloca-tres-destinos-en-el-top-10-del-lujo-costero-europeo\\\/#breadcrumb\"},\"inLanguage\":\"es\",\"potentialAction\":[{\"@type\":\"ReadAction\",\"target\":[\"https:\\\/\\\/www.aquimicasa.net\\\/blog\\\/vivienda\\\/compraventa-de-viviendas\\\/espana-coloca-tres-destinos-en-el-top-10-del-lujo-costero-europeo\\\/\"]}]},{\"@type\":\"ImageObject\",\"inLanguage\":\"es\",\"@id\":\"https:\\\/\\\/www.aquimicasa.net\\\/blog\\\/vivienda\\\/compraventa-de-viviendas\\\/espana-coloca-tres-destinos-en-el-top-10-del-lujo-costero-europeo\\\/#primaryimage\",\"url\":\"https:\\\/\\\/www.aquimicasa.net\\\/blog\\\/wp-content\\\/uploads\\\/video-marbella37-95578.jpg\",\"contentUrl\":\"https:\\\/\\\/www.aquimicasa.net\\\/blog\\\/wp-content\\\/uploads\\\/video-marbella37-95578.jpg\",\"width\":800,\"height\":600,\"caption\":\"Marbella en segunda posici\u00f3n del lujo costero europeo\"},{\"@type\":\"BreadcrumbList\",\"@id\":\"https:\\\/\\\/www.aquimicasa.net\\\/blog\\\/vivienda\\\/compraventa-de-viviendas\\\/espana-coloca-tres-destinos-en-el-top-10-del-lujo-costero-europeo\\\/#breadcrumb\",\"itemListElement\":[{\"@type\":\"ListItem\",\"position\":1,\"name\":\"Portada\",\"item\":\"https:\\\/\\\/www.aquimicasa.net\\\/blog\\\/\"},{\"@type\":\"ListItem\",\"position\":2,\"name\":\"Espa\u00f1a coloca tres destinos en el top 10 del lujo costero europeo\"}]},{\"@type\":\"WebSite\",\"@id\":\"https:\\\/\\\/www.aquimicasa.net\\\/blog\\\/#website\",\"url\":\"https:\\\/\\\/www.aquimicasa.net\\\/blog\\\/\",\"name\":\"Blog de aquimicasa.net\",\"description\":\"Noticias del Mundo Inmobiliario\",\"publisher\":{\"@id\":\"https:\\\/\\\/www.aquimicasa.net\\\/blog\\\/#organization\"},\"potentialAction\":[{\"@type\":\"SearchAction\",\"target\":{\"@type\":\"EntryPoint\",\"urlTemplate\":\"https:\\\/\\\/www.aquimicasa.net\\\/blog\\\/?s={search_term_string}\"},\"query-input\":{\"@type\":\"PropertyValueSpecification\",\"valueRequired\":true,\"valueName\":\"search_term_string\"}}],\"inLanguage\":\"es\"},{\"@type\":\"Organization\",\"@id\":\"https:\\\/\\\/www.aquimicasa.net\\\/blog\\\/#organization\",\"name\":\"Blog de aquimicasa.net\",\"url\":\"https:\\\/\\\/www.aquimicasa.net\\\/blog\\\/\",\"logo\":{\"@type\":\"ImageObject\",\"inLanguage\":\"es\",\"@id\":\"https:\\\/\\\/www.aquimicasa.net\\\/blog\\\/#\\\/schema\\\/logo\\\/image\\\/\",\"url\":\"https:\\\/\\\/www.aquimicasa.net\\\/blog\\\/wp-content\\\/uploads\\\/Logo-aquimicasa-1-e1528048213782.png\",\"contentUrl\":\"https:\\\/\\\/www.aquimicasa.net\\\/blog\\\/wp-content\\\/uploads\\\/Logo-aquimicasa-1-e1528048213782.png\",\"width\":225,\"height\":225,\"caption\":\"Blog de aquimicasa.net\"},\"image\":{\"@id\":\"https:\\\/\\\/www.aquimicasa.net\\\/blog\\\/#\\\/schema\\\/logo\\\/image\\\/\"},\"sameAs\":[\"https:\\\/\\\/www.facebook.com\\\/aquimicasa.net\",\"https:\\\/\\\/www.instagram.com\\\/\",\"https:\\\/\\\/x.com\\\/EduLizarragaD\",\"https:\\\/\\\/www.linkedin.com\\\/feed\\\/\"]},{\"@type\":\"Person\",\"@id\":\"https:\\\/\\\/www.aquimicasa.net\\\/blog\\\/#\\\/schema\\\/person\\\/2cdfa2605534583395c8d7ce1d6cac14\",\"name\":\"Eduardo Lizarraga\",\"image\":{\"@type\":\"ImageObject\",\"inLanguage\":\"es\",\"@id\":\"https:\\\/\\\/secure.gravatar.com\\\/avatar\\\/bdabe1eeeed97b65a9cb7de2edd624b07995f7e13abc5fead15961f745f908cc?s=96&d=mm&r=g\",\"url\":\"https:\\\/\\\/secure.gravatar.com\\\/avatar\\\/bdabe1eeeed97b65a9cb7de2edd624b07995f7e13abc5fead15961f745f908cc?s=96&d=mm&r=g\",\"contentUrl\":\"https:\\\/\\\/secure.gravatar.com\\\/avatar\\\/bdabe1eeeed97b65a9cb7de2edd624b07995f7e13abc5fead15961f745f908cc?s=96&d=mm&r=g\",\"caption\":\"Eduardo Lizarraga\"},\"description\":\"Periodista Econ\u00f3mico. Ha trabajado en diversos campos de la informaci\u00f3n. Corresponsal en conflictos, analista pol\u00edtico en Congreso y Senado, periodista del medio ambiente, editor, director editorial, director de comunicaci\u00f3n.... En estos momentos se ha especializado en el sector inmobiliario. Pero tambi\u00e9n es navegante y viajero, preocupado por la pobreza, el medio ambiente y por las actuaciones descontroladas del neoliberalismo empresarial y pol\u00edtico en todo el mundo. Los desahucios, la pobreza infantil y la falta de acceso a los suministros b\u00e1sicos son algunos de los grandes dramas de nuestra sociedad y que es preciso solucionar para hacerla m\u00e1s justa. CEO en www.aquimicasa.net\",\"sameAs\":[\"https:\\\/\\\/www.aquimicasa.net\\\/\"],\"url\":\"https:\\\/\\\/www.aquimicasa.net\\\/blog\\\/author\\\/eduardo\\\/\"}]}<\/script>\n<!-- \/ Yoast SEO plugin. -->","yoast_head_json":{"title":"Espa\u00f1a coloca tres destinos en el top 10 del lujo costero europeo","description":"El Waterfront no es un \u00edndice generalista, sino un term\u00f3metro de los precios m\u00e1ximos de las propiedades de lujo en primera l\u00ednea de mar","robots":{"index":"index","follow":"follow","max-snippet":"max-snippet:-1","max-image-preview":"max-image-preview:large","max-video-preview":"max-video-preview:-1"},"canonical":"https:\/\/www.aquimicasa.net\/blog\/vivienda\/compraventa-de-viviendas\/espana-coloca-tres-destinos-en-el-top-10-del-lujo-costero-europeo\/","og_locale":"es_ES","og_type":"article","og_title":"Espa\u00f1a coloca tres destinos en el top 10 del lujo costero europeo","og_description":"El Waterfront no es un \u00edndice generalista, sino un term\u00f3metro de los precios m\u00e1ximos de las propiedades de lujo en primera l\u00ednea de mar","og_url":"https:\/\/www.aquimicasa.net\/blog\/vivienda\/compraventa-de-viviendas\/espana-coloca-tres-destinos-en-el-top-10-del-lujo-costero-europeo\/","og_site_name":"Blog de aquimicasa.net","article_publisher":"https:\/\/www.facebook.com\/aquimicasa.net","article_published_time":"2026-09-02T17:08:01+00:00","article_modified_time":"2026-09-02T17:09:02+00:00","og_image":[{"width":800,"height":600,"url":"https:\/\/www.aquimicasa.net\/blog\/wp-content\/uploads\/video-marbella37-95578.jpg","type":"image\/jpeg"}],"author":"Eduardo Lizarraga","twitter_misc":{"Escrito por":"Eduardo Lizarraga","Tiempo de lectura":"5 minutos"},"schema":{"@context":"https:\/\/schema.org","@graph":[{"@type":"Article","@id":"https:\/\/www.aquimicasa.net\/blog\/vivienda\/compraventa-de-viviendas\/espana-coloca-tres-destinos-en-el-top-10-del-lujo-costero-europeo\/#article","isPartOf":{"@id":"https:\/\/www.aquimicasa.net\/blog\/vivienda\/compraventa-de-viviendas\/espana-coloca-tres-destinos-en-el-top-10-del-lujo-costero-europeo\/"},"author":{"name":"Eduardo Lizarraga","@id":"https:\/\/www.aquimicasa.net\/blog\/#\/schema\/person\/2cdfa2605534583395c8d7ce1d6cac14"},"headline":"Espa\u00f1a coloca tres destinos en el top 10 del lujo costero europeo","datePublished":"2026-09-02T17:08:01+00:00","dateModified":"2026-09-02T17:09:02+00:00","mainEntityOfPage":{"@id":"https:\/\/www.aquimicasa.net\/blog\/vivienda\/compraventa-de-viviendas\/espana-coloca-tres-destinos-en-el-top-10-del-lujo-costero-europeo\/"},"wordCount":1142,"publisher":{"@id":"https:\/\/www.aquimicasa.net\/blog\/#organization"},"image":{"@id":"https:\/\/www.aquimicasa.net\/blog\/vivienda\/compraventa-de-viviendas\/espana-coloca-tres-destinos-en-el-top-10-del-lujo-costero-europeo\/#primaryimage"},"thumbnailUrl":"https:\/\/www.aquimicasa.net\/blog\/wp-content\/uploads\/video-marbella37-95578.jpg","keywords":["newsletter 581"],"articleSection":["Compra Venta"],"inLanguage":"es"},{"@type":"WebPage","@id":"https:\/\/www.aquimicasa.net\/blog\/vivienda\/compraventa-de-viviendas\/espana-coloca-tres-destinos-en-el-top-10-del-lujo-costero-europeo\/","url":"https:\/\/www.aquimicasa.net\/blog\/vivienda\/compraventa-de-viviendas\/espana-coloca-tres-destinos-en-el-top-10-del-lujo-costero-europeo\/","name":"Espa\u00f1a coloca tres destinos en el top 10 del lujo costero europeo","isPartOf":{"@id":"https:\/\/www.aquimicasa.net\/blog\/#website"},"primaryImageOfPage":{"@id":"https:\/\/www.aquimicasa.net\/blog\/vivienda\/compraventa-de-viviendas\/espana-coloca-tres-destinos-en-el-top-10-del-lujo-costero-europeo\/#primaryimage"},"image":{"@id":"https:\/\/www.aquimicasa.net\/blog\/vivienda\/compraventa-de-viviendas\/espana-coloca-tres-destinos-en-el-top-10-del-lujo-costero-europeo\/#primaryimage"},"thumbnailUrl":"https:\/\/www.aquimicasa.net\/blog\/wp-content\/uploads\/video-marbella37-95578.jpg","datePublished":"2026-09-02T17:08:01+00:00","dateModified":"2026-09-02T17:09:02+00:00","description":"El Waterfront no es un \u00edndice generalista, sino un term\u00f3metro de los precios m\u00e1ximos de las propiedades de lujo en primera l\u00ednea de mar","breadcrumb":{"@id":"https:\/\/www.aquimicasa.net\/blog\/vivienda\/compraventa-de-viviendas\/espana-coloca-tres-destinos-en-el-top-10-del-lujo-costero-europeo\/#breadcrumb"},"inLanguage":"es","potentialAction":[{"@type":"ReadAction","target":["https:\/\/www.aquimicasa.net\/blog\/vivienda\/compraventa-de-viviendas\/espana-coloca-tres-destinos-en-el-top-10-del-lujo-costero-europeo\/"]}]},{"@type":"ImageObject","inLanguage":"es","@id":"https:\/\/www.aquimicasa.net\/blog\/vivienda\/compraventa-de-viviendas\/espana-coloca-tres-destinos-en-el-top-10-del-lujo-costero-europeo\/#primaryimage","url":"https:\/\/www.aquimicasa.net\/blog\/wp-content\/uploads\/video-marbella37-95578.jpg","contentUrl":"https:\/\/www.aquimicasa.net\/blog\/wp-content\/uploads\/video-marbella37-95578.jpg","width":800,"height":600,"caption":"Marbella en segunda posici\u00f3n del lujo costero europeo"},{"@type":"BreadcrumbList","@id":"https:\/\/www.aquimicasa.net\/blog\/vivienda\/compraventa-de-viviendas\/espana-coloca-tres-destinos-en-el-top-10-del-lujo-costero-europeo\/#breadcrumb","itemListElement":[{"@type":"ListItem","position":1,"name":"Portada","item":"https:\/\/www.aquimicasa.net\/blog\/"},{"@type":"ListItem","position":2,"name":"Espa\u00f1a coloca tres destinos en el top 10 del lujo costero europeo"}]},{"@type":"WebSite","@id":"https:\/\/www.aquimicasa.net\/blog\/#website","url":"https:\/\/www.aquimicasa.net\/blog\/","name":"Blog de aquimicasa.net","description":"Noticias del Mundo Inmobiliario","publisher":{"@id":"https:\/\/www.aquimicasa.net\/blog\/#organization"},"potentialAction":[{"@type":"SearchAction","target":{"@type":"EntryPoint","urlTemplate":"https:\/\/www.aquimicasa.net\/blog\/?s={search_term_string}"},"query-input":{"@type":"PropertyValueSpecification","valueRequired":true,"valueName":"search_term_string"}}],"inLanguage":"es"},{"@type":"Organization","@id":"https:\/\/www.aquimicasa.net\/blog\/#organization","name":"Blog de aquimicasa.net","url":"https:\/\/www.aquimicasa.net\/blog\/","logo":{"@type":"ImageObject","inLanguage":"es","@id":"https:\/\/www.aquimicasa.net\/blog\/#\/schema\/logo\/image\/","url":"https:\/\/www.aquimicasa.net\/blog\/wp-content\/uploads\/Logo-aquimicasa-1-e1528048213782.png","contentUrl":"https:\/\/www.aquimicasa.net\/blog\/wp-content\/uploads\/Logo-aquimicasa-1-e1528048213782.png","width":225,"height":225,"caption":"Blog de aquimicasa.net"},"image":{"@id":"https:\/\/www.aquimicasa.net\/blog\/#\/schema\/logo\/image\/"},"sameAs":["https:\/\/www.facebook.com\/aquimicasa.net","https:\/\/www.instagram.com\/","https:\/\/x.com\/EduLizarragaD","https:\/\/www.linkedin.com\/feed\/"]},{"@type":"Person","@id":"https:\/\/www.aquimicasa.net\/blog\/#\/schema\/person\/2cdfa2605534583395c8d7ce1d6cac14","name":"Eduardo Lizarraga","image":{"@type":"ImageObject","inLanguage":"es","@id":"https:\/\/secure.gravatar.com\/avatar\/bdabe1eeeed97b65a9cb7de2edd624b07995f7e13abc5fead15961f745f908cc?s=96&d=mm&r=g","url":"https:\/\/secure.gravatar.com\/avatar\/bdabe1eeeed97b65a9cb7de2edd624b07995f7e13abc5fead15961f745f908cc?s=96&d=mm&r=g","contentUrl":"https:\/\/secure.gravatar.com\/avatar\/bdabe1eeeed97b65a9cb7de2edd624b07995f7e13abc5fead15961f745f908cc?s=96&d=mm&r=g","caption":"Eduardo Lizarraga"},"description":"Periodista Econ\u00f3mico. Ha trabajado en diversos campos de la informaci\u00f3n. Corresponsal en conflictos, analista pol\u00edtico en Congreso y Senado, periodista del medio ambiente, editor, director editorial, director de comunicaci\u00f3n.... En estos momentos se ha especializado en el sector inmobiliario. Pero tambi\u00e9n es navegante y viajero, preocupado por la pobreza, el medio ambiente y por las actuaciones descontroladas del neoliberalismo empresarial y pol\u00edtico en todo el mundo. Los desahucios, la pobreza infantil y la falta de acceso a los suministros b\u00e1sicos son algunos de los grandes dramas de nuestra sociedad y que es preciso solucionar para hacerla m\u00e1s justa. CEO en www.aquimicasa.net","sameAs":["https:\/\/www.aquimicasa.net\/"],"url":"https:\/\/www.aquimicasa.net\/blog\/author\/eduardo\/"}]}},"jetpack_publicize_connections":[],"jetpack_featured_media_url":"https:\/\/www.aquimicasa.net\/blog\/wp-content\/uploads\/video-marbella37-95578.jpg","jetpack_sharing_enabled":true,"jetpack_likes_enabled":true,"_links":{"self":[{"href":"https:\/\/www.aquimicasa.net\/blog\/wp-json\/wp\/v2\/posts\/57631","targetHints":{"allow":["GET"]}}],"collection":[{"href":"https:\/\/www.aquimicasa.net\/blog\/wp-json\/wp\/v2\/posts"}],"about":[{"href":"https:\/\/www.aquimicasa.net\/blog\/wp-json\/wp\/v2\/types\/post"}],"author":[{"embeddable":true,"href":"https:\/\/www.aquimicasa.net\/blog\/wp-json\/wp\/v2\/users\/3"}],"replies":[{"embeddable":true,"href":"https:\/\/www.aquimicasa.net\/blog\/wp-json\/wp\/v2\/comments?post=57631"}],"version-history":[{"count":4,"href":"https:\/\/www.aquimicasa.net\/blog\/wp-json\/wp\/v2\/posts\/57631\/revisions"}],"predecessor-version":[{"id":57641,"href":"https:\/\/www.aquimicasa.net\/blog\/wp-json\/wp\/v2\/posts\/57631\/revisions\/57641"}],"wp:featuredmedia":[{"embeddable":true,"href":"https:\/\/www.aquimicasa.net\/blog\/wp-json\/wp\/v2\/media\/10398"}],"wp:attachment":[{"href":"https:\/\/www.aquimicasa.net\/blog\/wp-json\/wp\/v2\/media?parent=57631"}],"wp:term":[{"taxonomy":"category","embeddable":true,"href":"https:\/\/www.aquimicasa.net\/blog\/wp-json\/wp\/v2\/categories?post=57631"},{"taxonomy":"post_tag","embeddable":true,"href":"https:\/\/www.aquimicasa.net\/blog\/wp-json\/wp\/v2\/tags?post=57631"}],"curies":[{"name":"wp","href":"https:\/\/api.w.org\/{rel}","templated":true}]}}