{"id":57636,"date":"2026-09-03T23:18:53","date_gmt":"2026-09-03T21:18:53","guid":{"rendered":"https:\/\/www.aquimicasa.net\/blog\/?p=57636"},"modified":"2026-09-03T23:18:53","modified_gmt":"2026-09-03T21:18:53","slug":"vivienda-reparte-90-millones-entre-comunidades-tensionadas","status":"publish","type":"post","link":"https:\/\/www.aquimicasa.net\/blog\/vivienda\/compraventa-de-viviendas\/vivienda-reparte-90-millones-entre-comunidades-tensionadas\/","title":{"rendered":"Vivienda reparte 90 millones entre comunidades tensionadas"},"content":{"rendered":"<div class=\"fusion-fullwidth fullwidth-box fusion-builder-row-1 fusion-flex-container nonhundred-percent-fullwidth non-hundred-percent-height-scrolling\" style=\"background-color: rgba(255,255,255,0);background-position: center center;background-repeat: no-repeat;border-width: 0px 0px 0px 0px;border-color:#eae9e9;border-style:solid;\" ><div class=\"fusion-builder-row fusion-row fusion-flex-align-items-flex-start\" style=\"max-width:1144px;margin-left: calc(-4% \/ 2 );margin-right: calc(-4% \/ 2 );\"><div class=\"fusion-layout-column fusion_builder_column fusion-builder-column-0 fusion_builder_column_1_1 1_1 fusion-flex-column\"><div class=\"fusion-column-wrapper fusion-flex-justify-content-flex-start fusion-content-layout-column\" style=\"background-position:left top;background-repeat:no-repeat;-webkit-background-size:cover;-moz-background-size:cover;-o-background-size:cover;background-size:cover;padding: 0px 0px 0px 0px;\"><div class=\"fusion-text fusion-text-1\"><h2 dir=\"ltr\"><strong>\u00bfVa a suponer un alivio real o parche insuficiente?<\/strong><\/h2>\n<p dir=\"ltr\">El Ministerio de Vivienda y Agenda Urbana ha vuelto a poner sobre la mesa una de sus bazas favoritas para demostrar que la Ley por el Derecho a la Vivienda no se queda en un gesto simb\u00f3lico. La ministra <strong>Isabel Rodr\u00edguez<\/strong> ha anunciado que su departamento destinar\u00e1 <strong>90 millones de euros<\/strong> a las comunidades aut\u00f3nomas que han declarado zonas de mercado residencial tensionado, un dinero que llegar\u00e1 en forma de subvenciones directas a <strong>317 municipios<\/strong> repartidos entre Catalunya, Euskadi, Navarra, Galicia y Asturias. Es una noticia que conviene celebrar con matices, porque este Gobierno ha demostrado que anunciar fondos resulta mucho m\u00e1s sencillo que resolver, de una vez por todas, el problema estructural del acceso a un techo digno.<\/p>\n<p dir=\"ltr\">El borrador del real decreto que regula estas ayudas ha quedado sometido a audiencia e informaci\u00f3n p\u00fablica en la web del ministerio, tr\u00e1mite previo a su aprobaci\u00f3n por el Consejo de Ministros. Es, por tanto, una propuesta todav\u00eda en marcha, aunque el mensaje pol\u00edtico es rotundo: el Gobierno quiere dejar claro que <strong>premia<\/strong> a quienes han aplicado la ley, frente a quienes se han negado a declarar zonas tensionadas o han preferido judicializar la intervenci\u00f3n en el alquiler.<\/p>\n<h2 dir=\"ltr\"><strong>Promover vivienda p\u00fablica, el eje del programa<\/strong><\/h2>\n<p dir=\"ltr\">Isabel Rodr\u00edguez ha sido expl\u00edcita sobre el destino del dinero: <strong>construir m\u00e1s vivienda p\u00fablica<\/strong>, rehabilitar la existente para destinarla al alquiler asequible, adquirir suelo sobre el que edificar, y desarrollar y urbanizar nuevos terrenos. Las administraciones tambi\u00e9n podr\u00e1n comprar vivienda directamente, como ya hace el Gobierno con el programa <strong>Casa 47<\/strong>, que adquiere pisos privados para ofrecerlos despu\u00e9s en alquiler asequible. \u00abSe trata de comprar vivienda para la gente, no de comprarse los \u00e1ticos para las presidentas\u00bb, ha lanzado la ministra, dejando poco margen a la ambig\u00fcedad sobre a qui\u00e9n dirige sus reproches.<\/p>\n<p dir=\"ltr\">Es una apuesta razonable sobre el papel: Espa\u00f1a necesita ampliar un parque p\u00fablico de vivienda hoy a a\u00f1os luz de la media europea. El problema es de escala. Noventa millones repartidos entre cinco comunidades y m\u00e1s de trescientos municipios son una cantidad modesta frente a la crisis habitacional. Que el dinero se destine bien es condici\u00f3n necesaria, pero no suficiente, para que el impacto llegue a los precios que paga cada inquilino.<\/p>\n<h2 dir=\"ltr\"><strong>El ejemplo de Navarra<\/strong><\/h2>\n<p dir=\"ltr\">No es casual que la ministra eligiera Navarra para el anuncio, en una visita a Lekunberri a un complejo de Casa 47 destinado al alquiler asequible. Navarra es el escaparate favorito del Gobierno para defender que la contenci\u00f3n de precios funciona: <strong>21 municipios navarros<\/strong> aplican ya limitaciones al alquiler, con medio mill\u00f3n de personas protegidas y una bajada del <strong>5%<\/strong> en el precio medio durante el \u00faltimo trimestre. Son cifras que el ministerio repite con insistencia porque le convienen, aunque conviene tomarlas con prudencia: una comunidad peque\u00f1a, con un mercado muy concreto, no siempre es extrapolable al conjunto del pa\u00eds.<\/p>\n<h2 dir=\"ltr\"><strong>Congelar el alquiler, mirando por el inquilino<\/strong><\/h2>\n<p dir=\"ltr\">M\u00e1s all\u00e1 de las subvenciones, el fondo del mensaje de Rodr\u00edguez ha sido claramente ideol\u00f3gico, y se agradece la claridad. \u00abEn Espa\u00f1a existe una ley que permite congelar los precios del alquiler y los Gobiernos responsables que miran por su gente est\u00e1n congelando los alquileres\u00bb, ha defendido, en alusi\u00f3n a quienes han aplicado la normativa frente a quienes se han negado en redondo. La ministra insiste en que la ley \u00abest\u00e1 dando resultados\u00bb, citando a Catalunya, con varios meses consecutivos de contenci\u00f3n en las subidas, y cifra en m\u00e1s de <strong>9 millones de espa\u00f1oles<\/strong> los que hoy est\u00e1n protegidos por comunidades que han decidido intervenir el mercado. Es un argumento que conecta con miles de inquilinos que llevan a\u00f1os viendo c\u00f3mo sus rentas se disparan muy por encima de sus salarios, aunque conviene no olvidar que la fotograf\u00eda dista de ser homog\u00e9nea: la heterogeneidad territorial deja un mapa de la vivienda profundamente desigual seg\u00fan el c\u00f3digo postal de cada ciudadano.<\/p>\n<h2 dir=\"ltr\"><strong>El reparto de los 90 millones, con criterios ya conocidos<\/strong><\/h2>\n<p dir=\"ltr\">El ministerio ha mantenido los criterios de convocatorias anteriores, lo que aporta previsibilidad, aunque deja sin resolver si esa f\u00f3rmula es la m\u00e1s justa. El reparto pondera en un <strong>80%<\/strong> la poblaci\u00f3n residente en zonas tensionadas de cada comunidad y en un <strong>20%<\/strong> el porcentaje de hogares que dedican m\u00e1s del 40% de sus ingresos netos al alquiler. Con estas reglas, Catalunya se lleva la mayor parte, <strong>59,7 millones de euros<\/strong>, seguida de Euskadi con <strong>15,5 millones<\/strong>, Navarra con <strong>6,6 millones<\/strong>, Galicia con <strong>5,1 millones<\/strong> y Asturias con <strong>2,9 millones<\/strong>, con cargo al presupuesto del Ministerio de Vivienda de 2026.<\/p>\n<h2 dir=\"ltr\"><strong>Incrementar la oferta, el verdadero objetivo pendiente<\/strong><\/h2>\n<p dir=\"ltr\">Al final, todo el programa se resume en un prop\u00f3sito compartido por pr\u00e1cticamente cualquier an\u00e1lisis serio sobre el alquiler en Espa\u00f1a: <strong>incrementar la oferta de vivienda asequible<\/strong>. Estas subvenciones, amparadas en el art\u00edculo 18.5 de la ley por el derecho a la vivienda, financiar\u00e1n actuaciones ya contempladas en el Plan Estatal de Vivienda 2026-2030. El diagn\u00f3stico es correcto, pero conviene no olvidar que el propio Gobierno reconoce que su gran decreto de vivienda, mucho m\u00e1s ambicioso que este paquete de subvenciones, sigue <strong>sin los apoyos necesarios<\/strong> para prosperar en el Congreso. La ministra lo admite sin rodeos: el texto est\u00e1 listo desde julio, pero \u00abhoy por hoy\u00bb no hay n\u00famero suficiente para convalidarlo.<\/p>\n<p dir=\"ltr\">Rodr\u00edguez ha aprovechado adem\u00e1s para lanzar un dardo a las comunidades que, a su juicio, en lugar de acompa\u00f1ar las pol\u00edticas de vivienda del Gobierno central optan por \u00abboicotear\u00bb y \u00abllevarlo a los tribunales\u00bb, en referencia a los pisos tur\u00edsticos ilegales. Un reproche que retrata bien el pulso pol\u00edtico de fondo: mientras el Ejecutivo reparte millones y multiplica anuncios en comunidades afines, buena parte del mapa auton\u00f3mico sigue plantado en el no como estrategia. Y ah\u00ed, ni con 90 millones ni con cien, se resuelve nada mientras no haya voluntad compartida de intervenir en serio en un mercado que sigue expulsando a los inquilinos con menos recursos.<\/p>\n<\/div><\/div><style type=\"text\/css\">.fusion-body .fusion-builder-column-0{width:100% !important;margin-top : 0px;margin-bottom : 0px;}.fusion-builder-column-0 > .fusion-column-wrapper {padding-top : 0px !important;padding-right : 0px !important;margin-right : 1.92%;padding-bottom : 0px !important;padding-left : 0px !important;margin-left : 1.92%;}@media only screen and (max-width:1024px) {.fusion-body .fusion-builder-column-0{width:100% !important;}.fusion-builder-column-0 > .fusion-column-wrapper {margin-right : 1.92%;margin-left : 1.92%;}}@media only screen and (max-width:640px) {.fusion-body .fusion-builder-column-0{width:100% !important;}.fusion-builder-column-0 > .fusion-column-wrapper {margin-right : 1.92%;margin-left : 1.92%;}}<\/style><\/div><\/div><style type=\"text\/css\">.fusion-body .fusion-flex-container.fusion-builder-row-1{ padding-top : 0px;margin-top : 0px;padding-right : 0px;padding-bottom : 0px;margin-bottom : 0px;padding-left : 0px;}<\/style><\/div>\n","protected":false},"excerpt":{"rendered":"<p>Es una apuesta razonable sobre el papel: Espa\u00f1a necesita ampliar un parque p\u00fablico de vivienda hoy a a\u00f1os luz de la media europea. El problema es de escala. Noventa millones repartidos entre cinco comunidades y m\u00e1s de trescientos municipios son una cantidad modesta frente a la crisis habitacional. Que el dinero se destine bien es condici\u00f3n necesaria, pero no suficiente, para que el impacto llegue a los precios que paga cada inquilino.<\/p>\n","protected":false},"author":3,"featured_media":56847,"comment_status":"closed","ping_status":"closed","sticky":false,"template":"","format":"standard","meta":{"_jetpack_memberships_contains_paid_content":false,"footnotes":"","jetpack_publicize_message":"","jetpack_publicize_feature_enabled":true,"jetpack_social_post_already_shared":true,"jetpack_social_options":{"image_generator_settings":{"template":"highway","default_image_id":0,"font":"","enabled":false},"version":2}},"categories":[100],"tags":[8315],"class_list":["post-57636","post","type-post","status-publish","format-standard","has-post-thumbnail","hentry","category-compraventa-de-viviendas","tag-newsletter-582"],"yoast_head":"<!-- This site is optimized with the Yoast SEO plugin v28.2 - https:\/\/yoast.com\/product\/yoast-seo-wordpress\/ -->\n<title>Vivienda reparte 90 millones entre comunidades tensionadas<\/title>\n<meta name=\"description\" content=\"Noventa millones repartidos entre cinco comunidades y m\u00e1s de trescientos municipios son una cantidad modesta frente a la crisis habitacional.\" \/>\n<meta name=\"robots\" content=\"index, follow, max-snippet:-1, max-image-preview:large, max-video-preview:-1\" \/>\n<link rel=\"canonical\" href=\"https:\/\/www.aquimicasa.net\/blog\/vivienda\/compraventa-de-viviendas\/vivienda-reparte-90-millones-entre-comunidades-tensionadas\/\" \/>\n<meta property=\"og:locale\" content=\"es_ES\" \/>\n<meta property=\"og:type\" content=\"article\" \/>\n<meta property=\"og:title\" content=\"Vivienda reparte 90 millones entre comunidades tensionadas\" \/>\n<meta property=\"og:description\" content=\"Noventa millones repartidos entre cinco comunidades y m\u00e1s de trescientos municipios son una cantidad modesta frente a la crisis habitacional.\" \/>\n<meta property=\"og:url\" content=\"https:\/\/www.aquimicasa.net\/blog\/vivienda\/compraventa-de-viviendas\/vivienda-reparte-90-millones-entre-comunidades-tensionadas\/\" \/>\n<meta property=\"og:site_name\" content=\"Blog de aquimicasa.net\" \/>\n<meta property=\"article:publisher\" content=\"https:\/\/www.facebook.com\/aquimicasa.net\" \/>\n<meta property=\"article:published_time\" content=\"2026-09-03T21:18:53+00:00\" \/>\n<meta property=\"og:image\" content=\"https:\/\/www.aquimicasa.net\/blog\/wp-content\/uploads\/Alquileres3-1-e1782424024607.png\" \/>\n\t<meta property=\"og:image:width\" content=\"600\" \/>\n\t<meta property=\"og:image:height\" content=\"400\" \/>\n\t<meta property=\"og:image:type\" content=\"image\/png\" \/>\n<meta name=\"author\" content=\"Eduardo Lizarraga\" \/>\n<meta name=\"twitter:label1\" content=\"Escrito por\" \/>\n\t<meta name=\"twitter:data1\" content=\"Eduardo Lizarraga\" \/>\n\t<meta name=\"twitter:label2\" content=\"Tiempo de lectura\" \/>\n\t<meta name=\"twitter:data2\" content=\"8 minutos\" \/>\n<script type=\"application\/ld+json\" class=\"yoast-schema-graph\">{\"@context\":\"https:\\\/\\\/schema.org\",\"@graph\":[{\"@type\":\"Article\",\"@id\":\"https:\\\/\\\/www.aquimicasa.net\\\/blog\\\/vivienda\\\/compraventa-de-viviendas\\\/vivienda-reparte-90-millones-entre-comunidades-tensionadas\\\/#article\",\"isPartOf\":{\"@id\":\"https:\\\/\\\/www.aquimicasa.net\\\/blog\\\/vivienda\\\/compraventa-de-viviendas\\\/vivienda-reparte-90-millones-entre-comunidades-tensionadas\\\/\"},\"author\":{\"name\":\"Eduardo Lizarraga\",\"@id\":\"https:\\\/\\\/www.aquimicasa.net\\\/blog\\\/#\\\/schema\\\/person\\\/2cdfa2605534583395c8d7ce1d6cac14\"},\"headline\":\"Vivienda reparte 90 millones entre comunidades tensionadas\",\"datePublished\":\"2026-09-03T21:18:53+00:00\",\"mainEntityOfPage\":{\"@id\":\"https:\\\/\\\/www.aquimicasa.net\\\/blog\\\/vivienda\\\/compraventa-de-viviendas\\\/vivienda-reparte-90-millones-entre-comunidades-tensionadas\\\/\"},\"wordCount\":1278,\"publisher\":{\"@id\":\"https:\\\/\\\/www.aquimicasa.net\\\/blog\\\/#organization\"},\"image\":{\"@id\":\"https:\\\/\\\/www.aquimicasa.net\\\/blog\\\/vivienda\\\/compraventa-de-viviendas\\\/vivienda-reparte-90-millones-entre-comunidades-tensionadas\\\/#primaryimage\"},\"thumbnailUrl\":\"https:\\\/\\\/www.aquimicasa.net\\\/blog\\\/wp-content\\\/uploads\\\/Alquileres3-1-e1782424024607.png\",\"keywords\":[\"newsletter 582\"],\"articleSection\":[\"Compra Venta\"],\"inLanguage\":\"es\"},{\"@type\":\"WebPage\",\"@id\":\"https:\\\/\\\/www.aquimicasa.net\\\/blog\\\/vivienda\\\/compraventa-de-viviendas\\\/vivienda-reparte-90-millones-entre-comunidades-tensionadas\\\/\",\"url\":\"https:\\\/\\\/www.aquimicasa.net\\\/blog\\\/vivienda\\\/compraventa-de-viviendas\\\/vivienda-reparte-90-millones-entre-comunidades-tensionadas\\\/\",\"name\":\"Vivienda reparte 90 millones entre comunidades tensionadas\",\"isPartOf\":{\"@id\":\"https:\\\/\\\/www.aquimicasa.net\\\/blog\\\/#website\"},\"primaryImageOfPage\":{\"@id\":\"https:\\\/\\\/www.aquimicasa.net\\\/blog\\\/vivienda\\\/compraventa-de-viviendas\\\/vivienda-reparte-90-millones-entre-comunidades-tensionadas\\\/#primaryimage\"},\"image\":{\"@id\":\"https:\\\/\\\/www.aquimicasa.net\\\/blog\\\/vivienda\\\/compraventa-de-viviendas\\\/vivienda-reparte-90-millones-entre-comunidades-tensionadas\\\/#primaryimage\"},\"thumbnailUrl\":\"https:\\\/\\\/www.aquimicasa.net\\\/blog\\\/wp-content\\\/uploads\\\/Alquileres3-1-e1782424024607.png\",\"datePublished\":\"2026-09-03T21:18:53+00:00\",\"description\":\"Noventa millones repartidos entre cinco comunidades y m\u00e1s de trescientos municipios son una cantidad modesta frente a la crisis habitacional.\",\"breadcrumb\":{\"@id\":\"https:\\\/\\\/www.aquimicasa.net\\\/blog\\\/vivienda\\\/compraventa-de-viviendas\\\/vivienda-reparte-90-millones-entre-comunidades-tensionadas\\\/#breadcrumb\"},\"inLanguage\":\"es\",\"potentialAction\":[{\"@type\":\"ReadAction\",\"target\":[\"https:\\\/\\\/www.aquimicasa.net\\\/blog\\\/vivienda\\\/compraventa-de-viviendas\\\/vivienda-reparte-90-millones-entre-comunidades-tensionadas\\\/\"]}]},{\"@type\":\"ImageObject\",\"inLanguage\":\"es\",\"@id\":\"https:\\\/\\\/www.aquimicasa.net\\\/blog\\\/vivienda\\\/compraventa-de-viviendas\\\/vivienda-reparte-90-millones-entre-comunidades-tensionadas\\\/#primaryimage\",\"url\":\"https:\\\/\\\/www.aquimicasa.net\\\/blog\\\/wp-content\\\/uploads\\\/Alquileres3-1-e1782424024607.png\",\"contentUrl\":\"https:\\\/\\\/www.aquimicasa.net\\\/blog\\\/wp-content\\\/uploads\\\/Alquileres3-1-e1782424024607.png\",\"width\":600,\"height\":400,\"caption\":\"Nuevas zonas tensionadas\"},{\"@type\":\"BreadcrumbList\",\"@id\":\"https:\\\/\\\/www.aquimicasa.net\\\/blog\\\/vivienda\\\/compraventa-de-viviendas\\\/vivienda-reparte-90-millones-entre-comunidades-tensionadas\\\/#breadcrumb\",\"itemListElement\":[{\"@type\":\"ListItem\",\"position\":1,\"name\":\"Portada\",\"item\":\"https:\\\/\\\/www.aquimicasa.net\\\/blog\\\/\"},{\"@type\":\"ListItem\",\"position\":2,\"name\":\"Vivienda reparte 90 millones entre comunidades tensionadas\"}]},{\"@type\":\"WebSite\",\"@id\":\"https:\\\/\\\/www.aquimicasa.net\\\/blog\\\/#website\",\"url\":\"https:\\\/\\\/www.aquimicasa.net\\\/blog\\\/\",\"name\":\"Blog de aquimicasa.net\",\"description\":\"Noticias del Mundo Inmobiliario\",\"publisher\":{\"@id\":\"https:\\\/\\\/www.aquimicasa.net\\\/blog\\\/#organization\"},\"potentialAction\":[{\"@type\":\"SearchAction\",\"target\":{\"@type\":\"EntryPoint\",\"urlTemplate\":\"https:\\\/\\\/www.aquimicasa.net\\\/blog\\\/?s={search_term_string}\"},\"query-input\":{\"@type\":\"PropertyValueSpecification\",\"valueRequired\":true,\"valueName\":\"search_term_string\"}}],\"inLanguage\":\"es\"},{\"@type\":\"Organization\",\"@id\":\"https:\\\/\\\/www.aquimicasa.net\\\/blog\\\/#organization\",\"name\":\"Blog de aquimicasa.net\",\"url\":\"https:\\\/\\\/www.aquimicasa.net\\\/blog\\\/\",\"logo\":{\"@type\":\"ImageObject\",\"inLanguage\":\"es\",\"@id\":\"https:\\\/\\\/www.aquimicasa.net\\\/blog\\\/#\\\/schema\\\/logo\\\/image\\\/\",\"url\":\"https:\\\/\\\/www.aquimicasa.net\\\/blog\\\/wp-content\\\/uploads\\\/Logo-aquimicasa-1-e1528048213782.png\",\"contentUrl\":\"https:\\\/\\\/www.aquimicasa.net\\\/blog\\\/wp-content\\\/uploads\\\/Logo-aquimicasa-1-e1528048213782.png\",\"width\":225,\"height\":225,\"caption\":\"Blog de aquimicasa.net\"},\"image\":{\"@id\":\"https:\\\/\\\/www.aquimicasa.net\\\/blog\\\/#\\\/schema\\\/logo\\\/image\\\/\"},\"sameAs\":[\"https:\\\/\\\/www.facebook.com\\\/aquimicasa.net\",\"https:\\\/\\\/www.instagram.com\\\/\",\"https:\\\/\\\/x.com\\\/EduLizarragaD\",\"https:\\\/\\\/www.linkedin.com\\\/feed\\\/\"]},{\"@type\":\"Person\",\"@id\":\"https:\\\/\\\/www.aquimicasa.net\\\/blog\\\/#\\\/schema\\\/person\\\/2cdfa2605534583395c8d7ce1d6cac14\",\"name\":\"Eduardo Lizarraga\",\"image\":{\"@type\":\"ImageObject\",\"inLanguage\":\"es\",\"@id\":\"https:\\\/\\\/secure.gravatar.com\\\/avatar\\\/bdabe1eeeed97b65a9cb7de2edd624b07995f7e13abc5fead15961f745f908cc?s=96&d=mm&r=g\",\"url\":\"https:\\\/\\\/secure.gravatar.com\\\/avatar\\\/bdabe1eeeed97b65a9cb7de2edd624b07995f7e13abc5fead15961f745f908cc?s=96&d=mm&r=g\",\"contentUrl\":\"https:\\\/\\\/secure.gravatar.com\\\/avatar\\\/bdabe1eeeed97b65a9cb7de2edd624b07995f7e13abc5fead15961f745f908cc?s=96&d=mm&r=g\",\"caption\":\"Eduardo Lizarraga\"},\"description\":\"Periodista Econ\u00f3mico. Ha trabajado en diversos campos de la informaci\u00f3n. Corresponsal en conflictos, analista pol\u00edtico en Congreso y Senado, periodista del medio ambiente, editor, director editorial, director de comunicaci\u00f3n.... En estos momentos se ha especializado en el sector inmobiliario. Pero tambi\u00e9n es navegante y viajero, preocupado por la pobreza, el medio ambiente y por las actuaciones descontroladas del neoliberalismo empresarial y pol\u00edtico en todo el mundo. Los desahucios, la pobreza infantil y la falta de acceso a los suministros b\u00e1sicos son algunos de los grandes dramas de nuestra sociedad y que es preciso solucionar para hacerla m\u00e1s justa. CEO en www.aquimicasa.net\",\"sameAs\":[\"https:\\\/\\\/www.aquimicasa.net\\\/\"],\"url\":\"https:\\\/\\\/www.aquimicasa.net\\\/blog\\\/author\\\/eduardo\\\/\"}]}<\/script>\n<!-- \/ Yoast SEO plugin. -->","yoast_head_json":{"title":"Vivienda reparte 90 millones entre comunidades tensionadas","description":"Noventa millones repartidos entre cinco comunidades y m\u00e1s de trescientos municipios son una cantidad modesta frente a la crisis habitacional.","robots":{"index":"index","follow":"follow","max-snippet":"max-snippet:-1","max-image-preview":"max-image-preview:large","max-video-preview":"max-video-preview:-1"},"canonical":"https:\/\/www.aquimicasa.net\/blog\/vivienda\/compraventa-de-viviendas\/vivienda-reparte-90-millones-entre-comunidades-tensionadas\/","og_locale":"es_ES","og_type":"article","og_title":"Vivienda reparte 90 millones entre comunidades tensionadas","og_description":"Noventa millones repartidos entre cinco comunidades y m\u00e1s de trescientos municipios son una cantidad modesta frente a la crisis habitacional.","og_url":"https:\/\/www.aquimicasa.net\/blog\/vivienda\/compraventa-de-viviendas\/vivienda-reparte-90-millones-entre-comunidades-tensionadas\/","og_site_name":"Blog de aquimicasa.net","article_publisher":"https:\/\/www.facebook.com\/aquimicasa.net","article_published_time":"2026-09-03T21:18:53+00:00","og_image":[{"width":600,"height":400,"url":"https:\/\/www.aquimicasa.net\/blog\/wp-content\/uploads\/Alquileres3-1-e1782424024607.png","type":"image\/png"}],"author":"Eduardo Lizarraga","twitter_misc":{"Escrito por":"Eduardo Lizarraga","Tiempo de lectura":"8 minutos"},"schema":{"@context":"https:\/\/schema.org","@graph":[{"@type":"Article","@id":"https:\/\/www.aquimicasa.net\/blog\/vivienda\/compraventa-de-viviendas\/vivienda-reparte-90-millones-entre-comunidades-tensionadas\/#article","isPartOf":{"@id":"https:\/\/www.aquimicasa.net\/blog\/vivienda\/compraventa-de-viviendas\/vivienda-reparte-90-millones-entre-comunidades-tensionadas\/"},"author":{"name":"Eduardo Lizarraga","@id":"https:\/\/www.aquimicasa.net\/blog\/#\/schema\/person\/2cdfa2605534583395c8d7ce1d6cac14"},"headline":"Vivienda reparte 90 millones entre comunidades tensionadas","datePublished":"2026-09-03T21:18:53+00:00","mainEntityOfPage":{"@id":"https:\/\/www.aquimicasa.net\/blog\/vivienda\/compraventa-de-viviendas\/vivienda-reparte-90-millones-entre-comunidades-tensionadas\/"},"wordCount":1278,"publisher":{"@id":"https:\/\/www.aquimicasa.net\/blog\/#organization"},"image":{"@id":"https:\/\/www.aquimicasa.net\/blog\/vivienda\/compraventa-de-viviendas\/vivienda-reparte-90-millones-entre-comunidades-tensionadas\/#primaryimage"},"thumbnailUrl":"https:\/\/www.aquimicasa.net\/blog\/wp-content\/uploads\/Alquileres3-1-e1782424024607.png","keywords":["newsletter 582"],"articleSection":["Compra Venta"],"inLanguage":"es"},{"@type":"WebPage","@id":"https:\/\/www.aquimicasa.net\/blog\/vivienda\/compraventa-de-viviendas\/vivienda-reparte-90-millones-entre-comunidades-tensionadas\/","url":"https:\/\/www.aquimicasa.net\/blog\/vivienda\/compraventa-de-viviendas\/vivienda-reparte-90-millones-entre-comunidades-tensionadas\/","name":"Vivienda reparte 90 millones entre comunidades tensionadas","isPartOf":{"@id":"https:\/\/www.aquimicasa.net\/blog\/#website"},"primaryImageOfPage":{"@id":"https:\/\/www.aquimicasa.net\/blog\/vivienda\/compraventa-de-viviendas\/vivienda-reparte-90-millones-entre-comunidades-tensionadas\/#primaryimage"},"image":{"@id":"https:\/\/www.aquimicasa.net\/blog\/vivienda\/compraventa-de-viviendas\/vivienda-reparte-90-millones-entre-comunidades-tensionadas\/#primaryimage"},"thumbnailUrl":"https:\/\/www.aquimicasa.net\/blog\/wp-content\/uploads\/Alquileres3-1-e1782424024607.png","datePublished":"2026-09-03T21:18:53+00:00","description":"Noventa millones repartidos entre cinco comunidades y m\u00e1s de trescientos municipios son una cantidad modesta frente a la crisis habitacional.","breadcrumb":{"@id":"https:\/\/www.aquimicasa.net\/blog\/vivienda\/compraventa-de-viviendas\/vivienda-reparte-90-millones-entre-comunidades-tensionadas\/#breadcrumb"},"inLanguage":"es","potentialAction":[{"@type":"ReadAction","target":["https:\/\/www.aquimicasa.net\/blog\/vivienda\/compraventa-de-viviendas\/vivienda-reparte-90-millones-entre-comunidades-tensionadas\/"]}]},{"@type":"ImageObject","inLanguage":"es","@id":"https:\/\/www.aquimicasa.net\/blog\/vivienda\/compraventa-de-viviendas\/vivienda-reparte-90-millones-entre-comunidades-tensionadas\/#primaryimage","url":"https:\/\/www.aquimicasa.net\/blog\/wp-content\/uploads\/Alquileres3-1-e1782424024607.png","contentUrl":"https:\/\/www.aquimicasa.net\/blog\/wp-content\/uploads\/Alquileres3-1-e1782424024607.png","width":600,"height":400,"caption":"Nuevas zonas tensionadas"},{"@type":"BreadcrumbList","@id":"https:\/\/www.aquimicasa.net\/blog\/vivienda\/compraventa-de-viviendas\/vivienda-reparte-90-millones-entre-comunidades-tensionadas\/#breadcrumb","itemListElement":[{"@type":"ListItem","position":1,"name":"Portada","item":"https:\/\/www.aquimicasa.net\/blog\/"},{"@type":"ListItem","position":2,"name":"Vivienda reparte 90 millones entre comunidades tensionadas"}]},{"@type":"WebSite","@id":"https:\/\/www.aquimicasa.net\/blog\/#website","url":"https:\/\/www.aquimicasa.net\/blog\/","name":"Blog de aquimicasa.net","description":"Noticias del Mundo Inmobiliario","publisher":{"@id":"https:\/\/www.aquimicasa.net\/blog\/#organization"},"potentialAction":[{"@type":"SearchAction","target":{"@type":"EntryPoint","urlTemplate":"https:\/\/www.aquimicasa.net\/blog\/?s={search_term_string}"},"query-input":{"@type":"PropertyValueSpecification","valueRequired":true,"valueName":"search_term_string"}}],"inLanguage":"es"},{"@type":"Organization","@id":"https:\/\/www.aquimicasa.net\/blog\/#organization","name":"Blog de aquimicasa.net","url":"https:\/\/www.aquimicasa.net\/blog\/","logo":{"@type":"ImageObject","inLanguage":"es","@id":"https:\/\/www.aquimicasa.net\/blog\/#\/schema\/logo\/image\/","url":"https:\/\/www.aquimicasa.net\/blog\/wp-content\/uploads\/Logo-aquimicasa-1-e1528048213782.png","contentUrl":"https:\/\/www.aquimicasa.net\/blog\/wp-content\/uploads\/Logo-aquimicasa-1-e1528048213782.png","width":225,"height":225,"caption":"Blog de aquimicasa.net"},"image":{"@id":"https:\/\/www.aquimicasa.net\/blog\/#\/schema\/logo\/image\/"},"sameAs":["https:\/\/www.facebook.com\/aquimicasa.net","https:\/\/www.instagram.com\/","https:\/\/x.com\/EduLizarragaD","https:\/\/www.linkedin.com\/feed\/"]},{"@type":"Person","@id":"https:\/\/www.aquimicasa.net\/blog\/#\/schema\/person\/2cdfa2605534583395c8d7ce1d6cac14","name":"Eduardo Lizarraga","image":{"@type":"ImageObject","inLanguage":"es","@id":"https:\/\/secure.gravatar.com\/avatar\/bdabe1eeeed97b65a9cb7de2edd624b07995f7e13abc5fead15961f745f908cc?s=96&d=mm&r=g","url":"https:\/\/secure.gravatar.com\/avatar\/bdabe1eeeed97b65a9cb7de2edd624b07995f7e13abc5fead15961f745f908cc?s=96&d=mm&r=g","contentUrl":"https:\/\/secure.gravatar.com\/avatar\/bdabe1eeeed97b65a9cb7de2edd624b07995f7e13abc5fead15961f745f908cc?s=96&d=mm&r=g","caption":"Eduardo Lizarraga"},"description":"Periodista Econ\u00f3mico. Ha trabajado en diversos campos de la informaci\u00f3n. Corresponsal en conflictos, analista pol\u00edtico en Congreso y Senado, periodista del medio ambiente, editor, director editorial, director de comunicaci\u00f3n.... En estos momentos se ha especializado en el sector inmobiliario. Pero tambi\u00e9n es navegante y viajero, preocupado por la pobreza, el medio ambiente y por las actuaciones descontroladas del neoliberalismo empresarial y pol\u00edtico en todo el mundo. Los desahucios, la pobreza infantil y la falta de acceso a los suministros b\u00e1sicos son algunos de los grandes dramas de nuestra sociedad y que es preciso solucionar para hacerla m\u00e1s justa. CEO en www.aquimicasa.net","sameAs":["https:\/\/www.aquimicasa.net\/"],"url":"https:\/\/www.aquimicasa.net\/blog\/author\/eduardo\/"}]}},"jetpack_publicize_connections":[],"jetpack_featured_media_url":"https:\/\/www.aquimicasa.net\/blog\/wp-content\/uploads\/Alquileres3-1-e1782424024607.png","jetpack_sharing_enabled":true,"jetpack_likes_enabled":true,"_links":{"self":[{"href":"https:\/\/www.aquimicasa.net\/blog\/wp-json\/wp\/v2\/posts\/57636","targetHints":{"allow":["GET"]}}],"collection":[{"href":"https:\/\/www.aquimicasa.net\/blog\/wp-json\/wp\/v2\/posts"}],"about":[{"href":"https:\/\/www.aquimicasa.net\/blog\/wp-json\/wp\/v2\/types\/post"}],"author":[{"embeddable":true,"href":"https:\/\/www.aquimicasa.net\/blog\/wp-json\/wp\/v2\/users\/3"}],"replies":[{"embeddable":true,"href":"https:\/\/www.aquimicasa.net\/blog\/wp-json\/wp\/v2\/comments?post=57636"}],"version-history":[{"count":3,"href":"https:\/\/www.aquimicasa.net\/blog\/wp-json\/wp\/v2\/posts\/57636\/revisions"}],"predecessor-version":[{"id":57651,"href":"https:\/\/www.aquimicasa.net\/blog\/wp-json\/wp\/v2\/posts\/57636\/revisions\/57651"}],"wp:featuredmedia":[{"embeddable":true,"href":"https:\/\/www.aquimicasa.net\/blog\/wp-json\/wp\/v2\/media\/56847"}],"wp:attachment":[{"href":"https:\/\/www.aquimicasa.net\/blog\/wp-json\/wp\/v2\/media?parent=57636"}],"wp:term":[{"taxonomy":"category","embeddable":true,"href":"https:\/\/www.aquimicasa.net\/blog\/wp-json\/wp\/v2\/categories?post=57636"},{"taxonomy":"post_tag","embeddable":true,"href":"https:\/\/www.aquimicasa.net\/blog\/wp-json\/wp\/v2\/tags?post=57636"}],"curies":[{"name":"wp","href":"https:\/\/api.w.org\/{rel}","templated":true}]}}