{"id":57652,"date":"2026-09-04T21:37:02","date_gmt":"2026-09-04T19:37:02","guid":{"rendered":"https:\/\/www.aquimicasa.net\/blog\/?p=57652"},"modified":"2026-09-04T21:37:02","modified_gmt":"2026-09-04T19:37:02","slug":"paris-berlin-y-madrid-el-podio-europeo-que-nadie-queria-ganar-%f0%9f%8f%86%f0%9f%8f%9a%ef%b8%8f","status":"publish","type":"post","link":"https:\/\/www.aquimicasa.net\/blog\/vivienda\/compraventa-de-viviendas\/paris-berlin-y-madrid-el-podio-europeo-que-nadie-queria-ganar-%f0%9f%8f%86%f0%9f%8f%9a%ef%b8%8f\/","title":{"rendered":"Par\u00eds, Berl\u00edn y Madrid: el podio europeo que nadie quer\u00eda ganar"},"content":{"rendered":"<div class=\"fusion-fullwidth fullwidth-box fusion-builder-row-1 fusion-flex-container nonhundred-percent-fullwidth non-hundred-percent-height-scrolling\" style=\"background-color: rgba(255,255,255,0);background-position: center center;background-repeat: no-repeat;border-width: 0px 0px 0px 0px;border-color:#eae9e9;border-style:solid;\" ><div class=\"fusion-builder-row fusion-row fusion-flex-align-items-flex-start\" style=\"max-width:1144px;margin-left: calc(-4% \/ 2 );margin-right: calc(-4% \/ 2 );\"><div class=\"fusion-layout-column fusion_builder_column fusion-builder-column-0 fusion_builder_column_1_1 1_1 fusion-flex-column\"><div class=\"fusion-column-wrapper fusion-flex-justify-content-flex-start fusion-content-layout-column\" style=\"background-position:left top;background-repeat:no-repeat;-webkit-background-size:cover;-moz-background-size:cover;-o-background-size:cover;background-size:cover;padding: 0px 0px 0px 0px;\"><div class=\"fusion-text fusion-text-1\"><p dir=\"ltr\">\u00a0Hay podios que dan orgullo y podios que dan verg\u00fcenza ajena. El que acaban de subirse Par\u00eds, Berl\u00edn y Madrid pertenece claramente al segundo grupo: son, seg\u00fan el estudio continental m\u00e1s ambicioso hecho hasta la fecha sobre el tema, las zonas urbanas con la crisis de vivienda asequible m\u00e1s aguda de toda Europa. S\u00ed, esas mismas tres capitales que aparecen en todas las listas de \u00abmejores ciudades para vivir\u00bb, \u00abmejores ciudades para invertir\u00bb y \u00abmejores ciudades para el turismo urbano\u00bb tambi\u00e9n encabezan ahora, calladitas, la lista de \u00abmejores ciudades para no poder pagar un alquiler sin necesitar un aval, un rescate familiar y una novena de suplicio a Santa Rita\u00bb.<\/p>\n<p dir=\"ltr\">La iron\u00eda es tan gruesa que casi se puede cortar en lonchas: las capitales que todo el mundo quiere visitar, mudarse o invertir en ellas son, precisamente, las que est\u00e1n expulsando a su propia poblaci\u00f3n. Bienvenidos al genocidio inmobiliario silencioso de la Europa del bienestar.<\/p>\n<h2 dir=\"ltr\"><strong>El estudio que le ha puesto n\u00fameros al desastre<\/strong><\/h2>\n<p dir=\"ltr\">No hablamos de una intuici\u00f3n ni de un titular sacado de contexto para generar clics (para eso ya estamos nosotros, tranquilos). Hablamos de un estudio publicado en <em>Journal of Maps<\/em> el pasado 3 de septiembre de 2026, liderado por la investigadora <strong>Franziska Sielker<\/strong> de la <strong>TU Wien<\/strong> (Universidad T\u00e9cnica de Viena), que ha analizado nada menos que <strong>22 millones de anuncios inmobiliarios<\/strong> en m\u00e1s de <strong>30 pa\u00edses europeos<\/strong>. No es una encuesta a cien personas en una cafeter\u00eda de Bruselas: es big data aplicado a la miseria habitacional, y los resultados son para enmarcarlos y colgarlos en el despacho de cualquier ministro de Vivienda que a\u00fan crea que esto se arregla solo.<\/p>\n<p dir=\"ltr\">Las cifras, para quien necesite sentarse antes de leerlas: el <strong>44%<\/strong> de la poblaci\u00f3n urbana europea vive en zonas donde un ingreso medio solo permite comprar una vivienda de menos de <strong>50 metros cuadrados<\/strong>. El <strong>39%<\/strong> de los europeos ni siquiera puede permitirse <em>alquilar<\/em> esos 50 metros cuadrados. Y m\u00e1s del <strong>70%<\/strong> vive en regiones donde, con una hipoteca a 30 a\u00f1os y un sueldo medio, el techo m\u00e1ximo de compra son 75 metros cuadrados. Traducido al rom\u00e1n paladino: media Europa est\u00e1 condenada a vivir en zapatilleros de lujo o a no vivir en propiedad jam\u00e1s.<\/p>\n<p dir=\"ltr\">La propia Sielker lo resume con la sobriedad acad\u00e9mica que a nosotros nos falta: el estudio revela \u00abfocos de inaccesibilidad marcadamente agudos\u00bb que exigen soluciones urgentes de pol\u00edtica de vivienda. Nosotros lo resumir\u00edamos de otra forma, pero esto es un medio serio, as\u00ed que seguimos.<\/p>\n<h2 dir=\"ltr\"><strong>Madrid, la ni\u00f1a bonita que cobra por serlo<\/strong><\/h2>\n<p dir=\"ltr\">Empecemos por casa, que para eso somos de aqu\u00ed y el masoquismo tambi\u00e9n es un deporte nacional. Madrid ha cerrado julio de 2026 con un alquiler medio de <strong>23,2 \u20ac\/m\u00b2<\/strong> en la capital y <strong>21,4 \u20ac\/m\u00b2<\/strong> en toda la regi\u00f3n, la cifra m\u00e1s alta jam\u00e1s registrada y un <strong>6,6% m\u00e1s<\/strong> que hace un a\u00f1o. Para quien prefiera n\u00fameros redondos y sustos concretos: un piso est\u00e1ndar de 80 m\u00b2 en Madrid cuesta ya de media <strong>1.856 euros al mes<\/strong>. Eso es, aproximadamente, lo que gana un trabajador medio antes de que Hacienda, la Seguridad Social y el casero se pongan de acuerdo para dejarle cuatro duros para comer.<\/p>\n<p dir=\"ltr\">Y no crean que la compra ofrece refugio: el precio de segunda mano ha subido un <strong>12,3%<\/strong> interanual hasta los <strong>5.455 \u20ac\/m\u00b2<\/strong>, lo que sit\u00faa un piso de 80 metros en <strong>436.406 euros<\/strong>, unos 47.732 euros m\u00e1s caro que hace justo un a\u00f1o. En el distrito de Salamanca ya se superan los <strong>10.000 \u20ac\/m\u00b2<\/strong>, una cifra que hace que comprar all\u00ed sea, literalmente, m\u00e1s una operaci\u00f3n burs\u00e1til que una decisi\u00f3n vital. Y lo m\u00e1s sangrante: la subida se ha extendido a distritos del sur hist\u00f3ricamente asequibles, con incrementos cercanos al <strong>30%<\/strong>. La periferia ya no es refugio; es la \u00faltima trinchera antes de mudarse a otra provincia.<\/p>\n<h2 dir=\"ltr\"><strong>Berl\u00edn, cuando el mito del alquiler barato se hace pedazos<\/strong><\/h2>\n<p dir=\"ltr\">Durante a\u00f1os, Berl\u00edn fue el chiste recurrente de cualquier madrile\u00f1o o parisino hastiado: \u00abm\u00fadate a Berl\u00edn, all\u00ed el alquiler es una broma\u00bb. Pues bien, la broma se ha acabado. El Mietspiegel (\u00edndice oficial de alquileres) de 2026 sit\u00faa la renta media en <strong>7,71 \u20ac\/m\u00b2<\/strong>, un <strong>6,9%<\/strong> m\u00e1s que en 2024, cuando la media era de 7,21 \u20ac\/m\u00b2. Y si miramos la media aritm\u00e9tica en lugar de la mediana, la cosa se pone m\u00e1s fea todav\u00eda: <strong>8,32 \u20ac\/m\u00b2<\/strong>, frente a los 5,33 \u20ac\/m\u00b2 de 2013. Es decir, en poco m\u00e1s de una d\u00e9cada el alquiler berlin\u00e9s se ha disparado un 56%, y eso contando con toda la regulaci\u00f3n que la ciudad presume de tener.<\/p>\n<p dir=\"ltr\">Porque ah\u00ed est\u00e1 la trampa: la vivienda nueva (posterior a 2014) escapa a buena parte del control de rentas y ya se anuncia hasta a <strong>28 \u20ac\/m\u00b2<\/strong>, una cifra que hace parecer barato el Madrid m\u00e1s gentrificado. El sindicato de inquilinos alem\u00e1n (Mieterverein) lo ha descrito sin anestesia como el resultado de una \u00abregulaci\u00f3n insuficientemente consecuente\u00bb, mientras algunos colectivos activistas ya no llaman al documento oficial \u00abMietspiegel\u00bb (\u00edndice de alquileres) sino \u00abMieterh\u00f6hungsspiegel\u00bb: el \u00edndice de las subidas. Cuando hasta el nombre oficial se convierte en un chiste amargo, alguien deber\u00eda estar tomando notas en alg\u00fan ministerio.<\/p>\n<h2 dir=\"ltr\"><strong>Par\u00eds, el experimento que tira la toalla justo cuando m\u00e1s falta hace<\/strong><\/h2>\n<p dir=\"ltr\">Si Madrid presume de ausencia total de topes reales y Berl\u00edn de una regulaci\u00f3n que hace aguas por las costuras, Par\u00eds ten\u00eda, sobre el papel, el arma m\u00e1s afilada: el famoso <em>encadrement des loyers<\/em> (encuadre de los alquileres), un mecanismo que limita legalmente cu\u00e1nto puede cobrar un propietario seg\u00fan zona y caracter\u00edsticas del piso. Pues bien, justo cuando el resto de Europa mira a Par\u00eds como ejemplo de intervencionismo razonable, el propio dispositivo se enfrenta en 2026 a su posible fin, entre debates legales sobre su continuidad, indemnizaciones y recursos judiciales de propietarios que llevan a\u00f1os tratando de tumbarlo en los tribunales.<\/p>\n<p dir=\"ltr\">Es decir: la ciudad que mejor hab\u00eda plantado cara al mercado libre y salvaje del alquiler est\u00e1 a punto de quedarse sin su principal herramienta justo en el momento en que el propio estudio de la TU Wien la se\u00f1ala como una de las zonas m\u00e1s afectadas de todo el continente. Si esto fuera una serie de Netflix, el cr\u00edtico de turno dir\u00eda que el guion es previsible. Como es la vida real, solo podemos decir que es de traca.<\/p>\n<h2 dir=\"ltr\">No est\u00e1n solas: el resto de Europa tambi\u00e9n se ahoga<\/h2>\n<p dir=\"ltr\">Que quede claro que Par\u00eds, Berl\u00edn y Madrid no son una anomal\u00eda aislada, sino la cresta m\u00e1s visible de una ola mucho m\u00e1s amplia. El estudio se\u00f1ala tambi\u00e9n a <strong>Portugal, Polonia y los Pa\u00edses Bajos<\/strong> como mercados \u00abaltamente inaccesibles\u00bb, y apunta directamente a las regiones costeras y alpinas dependientes del turismo, donde la proliferaci\u00f3n de segundas residencias y alquiler vacacional ha terminado por expulsar a la poblaci\u00f3n local de sus propios pueblos. Es el mismo patr\u00f3n que llevamos a\u00f1os documentando aqu\u00ed, semana tras semana: turistificaci\u00f3n, inversi\u00f3n especulativa y una oferta de vivienda que crece a un ritmo tan lento que ya casi da verg\u00fcenza compararlo con la demanda.<\/p>\n<p dir=\"ltr\">La diferencia es que ahora tenemos 22 millones de anuncios inmobiliarios y una universidad t\u00e9cnica austriaca confirmando, con metodolog\u00eda y revisi\u00f3n por pares, lo que cualquier inquilino de Lavapi\u00e9s, Neuk\u00f6lln o Belleville lleva a\u00f1os sabiendo por experiencia propia: que el mercado no se va a arreglar solo, y que cuanto m\u00e1s tardan las administraciones en admitirlo, m\u00e1s caro sale el rescate.<\/p>\n<h2 dir=\"ltr\"><strong>\u00bfY ahora qu\u00e9? Bruselas mira, Espa\u00f1a legisla (a su ritmo)<\/strong><\/h2>\n<p dir=\"ltr\">La buena noticia, si es que existe, es que la Comisi\u00f3n Europea ha abierto una consulta p\u00fablica para recabar medidas que alivien la presi\u00f3n del mercado de la vivienda en toda la Uni\u00f3n. La mala noticia es que, mientras Bruselas consulta, aqu\u00ed seguimos gestionando el d\u00eda a d\u00eda entre el Plan Estatal de Vivienda 2026-2030, una Ley de Vivienda cuya aplicaci\u00f3n real var\u00eda seg\u00fan a qu\u00e9 comunidad aut\u00f3noma le preguntes, y una batalla permanente sobre la ratificaci\u00f3n de decretos de zonas tensionadas que a estas alturas ya podr\u00eda tener su propia temporada de serie documental.<\/p>\n<p dir=\"ltr\">Mientras tanto, el Eur\u00edbor sigue marcando el ritmo de las hipotecas, el Banco de Espa\u00f1a avisa trimestre tras trimestre de la brecha entre oferta y demanda, y los ayuntamientos de las tres capitales protagonistas de este reportaje siguen aprobando licencias de obra a un ritmo que ni de lejos compensa lo que hace falta. Se puede legislar mucho y construir poco, y el resultado, como estamos viendo, es exactamente este.<\/p>\n<h2 dir=\"ltr\"><strong>E<\/strong><strong>l chiste que ya no tiene gracia<\/strong><\/h2>\n<p dir=\"ltr\">Al final, la fotograf\u00eda es tan simple como inc\u00f3moda: las tres ciudades que Europa ense\u00f1a con orgullo en sus postales, sus rankings de calidad de vida y sus campa\u00f1as de atracci\u00f3n de talento internacional son, en la pr\u00e1ctica, las que m\u00e1s est\u00e1n fallando a la gente que ya vive all\u00ed. Se puede vender muy bien una ciudad hacia fuera mientras por dentro se vac\u00eda de residentes que ya no pueden pagarla. Es un modelo de negocio brillante para quien tiene el piso en propiedad y una condena silenciosa para quien solo tiene una n\u00f3mina y ganas de un techo digno.<\/p>\n<p dir=\"ltr\">As\u00ed que la pr\u00f3xima vez que alguien diga aquello de \u00abes que Madrid (o Berl\u00edn, o Par\u00eds) est\u00e1 muy solicitado, por eso los precios suben\u00bb, recu\u00e9rdenle amablemente que \u00absolicitado\u00bb y \u00abhabitable\u00bb no son sin\u00f3nimos, y que un podio en el que nadie quiere subir al p\u00f3dium tampoco es, precisamente, un triunfo del que presumir.<\/p>\n<\/div><\/div><style type=\"text\/css\">.fusion-body .fusion-builder-column-0{width:100% !important;margin-top : 0px;margin-bottom : 0px;}.fusion-builder-column-0 > .fusion-column-wrapper {padding-top : 0px !important;padding-right : 0px !important;margin-right : 1.92%;padding-bottom : 0px !important;padding-left : 0px !important;margin-left : 1.92%;}@media only screen and (max-width:1024px) {.fusion-body .fusion-builder-column-0{width:100% !important;}.fusion-builder-column-0 > .fusion-column-wrapper {margin-right : 1.92%;margin-left : 1.92%;}}@media only screen and (max-width:640px) {.fusion-body .fusion-builder-column-0{width:100% !important;}.fusion-builder-column-0 > .fusion-column-wrapper {margin-right : 1.92%;margin-left : 1.92%;}}<\/style><\/div><\/div><style type=\"text\/css\">.fusion-body .fusion-flex-container.fusion-builder-row-1{ padding-top : 0px;margin-top : 0px;padding-right : 0px;padding-bottom : 0px;margin-bottom : 0px;padding-left : 0px;}<\/style><\/div>\n","protected":false},"excerpt":{"rendered":"<p>La buena noticia, si es que existe, es que la Comisi\u00f3n Europea ha abierto una consulta p\u00fablica para recabar medidas que alivien la presi\u00f3n del mercado de la vivienda en toda la Uni\u00f3n. La mala noticia es que, mientras Bruselas consulta, aqu\u00ed seguimos gestionando el d\u00eda a d\u00eda entre el Plan Estatal de Vivienda 2026-2030, una Ley de Vivienda cuya aplicaci\u00f3n real var\u00eda seg\u00fan a qu\u00e9 comunidad aut\u00f3noma le preguntes, y una batalla permanente sobre la ratificaci\u00f3n de decretos de zonas tensionadas que a estas alturas ya podr\u00eda tener su propia temporada de serie documental.<\/p>\n","protected":false},"author":3,"featured_media":48623,"comment_status":"closed","ping_status":"closed","sticky":false,"template":"","format":"standard","meta":{"_jetpack_memberships_contains_paid_content":false,"footnotes":"","jetpack_publicize_message":"","jetpack_publicize_feature_enabled":true,"jetpack_social_post_already_shared":true,"jetpack_social_options":{"image_generator_settings":{"template":"highway","default_image_id":0,"font":"","enabled":false},"version":2}},"categories":[100],"tags":[8315],"class_list":["post-57652","post","type-post","status-publish","format-standard","has-post-thumbnail","hentry","category-compraventa-de-viviendas","tag-newsletter-582"],"yoast_head":"<!-- This site is optimized with the Yoast SEO plugin v28.2 - https:\/\/yoast.com\/product\/yoast-seo-wordpress\/ -->\n<title>Par\u00eds, Berl\u00edn y Madrid: el podio europeo que nadie quer\u00eda ganar<\/title>\n<meta name=\"description\" content=\"Las capitales que todo el mundo quiere visitar, mudarse o invertir en ellas son, precisamente, las que est\u00e1n expulsando a su propia poblaci\u00f3n.\" \/>\n<meta name=\"robots\" content=\"index, follow, max-snippet:-1, max-image-preview:large, max-video-preview:-1\" \/>\n<link rel=\"canonical\" href=\"https:\/\/www.aquimicasa.net\/blog\/vivienda\/compraventa-de-viviendas\/paris-berlin-y-madrid-el-podio-europeo-que-nadie-queria-ganar-\ud83c\udfc6\ud83c\udfda\ufe0f\/\" \/>\n<meta property=\"og:locale\" content=\"es_ES\" \/>\n<meta property=\"og:type\" content=\"article\" \/>\n<meta property=\"og:title\" content=\"Par\u00eds, Berl\u00edn y Madrid: el podio europeo que nadie quer\u00eda ganar\" \/>\n<meta property=\"og:description\" content=\"Las capitales que todo el mundo quiere visitar, mudarse o invertir en ellas son, precisamente, las que est\u00e1n expulsando a su propia poblaci\u00f3n.\" \/>\n<meta property=\"og:url\" content=\"https:\/\/www.aquimicasa.net\/blog\/vivienda\/compraventa-de-viviendas\/paris-berlin-y-madrid-el-podio-europeo-que-nadie-queria-ganar-\ud83c\udfc6\ud83c\udfda\ufe0f\/\" \/>\n<meta property=\"og:site_name\" content=\"Blog de aquimicasa.net\" \/>\n<meta property=\"article:publisher\" content=\"https:\/\/www.facebook.com\/aquimicasa.net\" \/>\n<meta property=\"article:published_time\" content=\"2026-09-04T19:37:02+00:00\" \/>\n<meta property=\"og:image\" content=\"https:\/\/www.aquimicasa.net\/blog\/wp-content\/uploads\/Madrid3-4.jpg\" \/>\n\t<meta property=\"og:image:width\" content=\"1260\" \/>\n\t<meta property=\"og:image:height\" content=\"685\" \/>\n\t<meta property=\"og:image:type\" content=\"image\/jpeg\" \/>\n<meta name=\"author\" content=\"Eduardo Lizarraga\" \/>\n<meta name=\"twitter:label1\" content=\"Escrito por\" \/>\n\t<meta name=\"twitter:data1\" content=\"Eduardo Lizarraga\" \/>\n\t<meta name=\"twitter:label2\" content=\"Tiempo de lectura\" \/>\n\t<meta name=\"twitter:data2\" content=\"8 minutos\" \/>\n<script type=\"application\/ld+json\" class=\"yoast-schema-graph\">{\"@context\":\"https:\\\/\\\/schema.org\",\"@graph\":[{\"@type\":\"Article\",\"@id\":\"https:\\\/\\\/www.aquimicasa.net\\\/blog\\\/vivienda\\\/compraventa-de-viviendas\\\/paris-berlin-y-madrid-el-podio-europeo-que-nadie-queria-ganar-%f0%9f%8f%86%f0%9f%8f%9a%ef%b8%8f\\\/#article\",\"isPartOf\":{\"@id\":\"https:\\\/\\\/www.aquimicasa.net\\\/blog\\\/vivienda\\\/compraventa-de-viviendas\\\/paris-berlin-y-madrid-el-podio-europeo-que-nadie-queria-ganar-%f0%9f%8f%86%f0%9f%8f%9a%ef%b8%8f\\\/\"},\"author\":{\"name\":\"Eduardo Lizarraga\",\"@id\":\"https:\\\/\\\/www.aquimicasa.net\\\/blog\\\/#\\\/schema\\\/person\\\/2cdfa2605534583395c8d7ce1d6cac14\"},\"headline\":\"Par\u00eds, Berl\u00edn y Madrid: el podio europeo que nadie quer\u00eda ganar\",\"datePublished\":\"2026-09-04T19:37:02+00:00\",\"mainEntityOfPage\":{\"@id\":\"https:\\\/\\\/www.aquimicasa.net\\\/blog\\\/vivienda\\\/compraventa-de-viviendas\\\/paris-berlin-y-madrid-el-podio-europeo-que-nadie-queria-ganar-%f0%9f%8f%86%f0%9f%8f%9a%ef%b8%8f\\\/\"},\"wordCount\":1922,\"publisher\":{\"@id\":\"https:\\\/\\\/www.aquimicasa.net\\\/blog\\\/#organization\"},\"image\":{\"@id\":\"https:\\\/\\\/www.aquimicasa.net\\\/blog\\\/vivienda\\\/compraventa-de-viviendas\\\/paris-berlin-y-madrid-el-podio-europeo-que-nadie-queria-ganar-%f0%9f%8f%86%f0%9f%8f%9a%ef%b8%8f\\\/#primaryimage\"},\"thumbnailUrl\":\"https:\\\/\\\/www.aquimicasa.net\\\/blog\\\/wp-content\\\/uploads\\\/Madrid3-4.jpg\",\"keywords\":[\"newsletter 582\"],\"articleSection\":[\"Compra Venta\"],\"inLanguage\":\"es\"},{\"@type\":\"WebPage\",\"@id\":\"https:\\\/\\\/www.aquimicasa.net\\\/blog\\\/vivienda\\\/compraventa-de-viviendas\\\/paris-berlin-y-madrid-el-podio-europeo-que-nadie-queria-ganar-%f0%9f%8f%86%f0%9f%8f%9a%ef%b8%8f\\\/\",\"url\":\"https:\\\/\\\/www.aquimicasa.net\\\/blog\\\/vivienda\\\/compraventa-de-viviendas\\\/paris-berlin-y-madrid-el-podio-europeo-que-nadie-queria-ganar-%f0%9f%8f%86%f0%9f%8f%9a%ef%b8%8f\\\/\",\"name\":\"Par\u00eds, Berl\u00edn y Madrid: el podio europeo que nadie quer\u00eda ganar\",\"isPartOf\":{\"@id\":\"https:\\\/\\\/www.aquimicasa.net\\\/blog\\\/#website\"},\"primaryImageOfPage\":{\"@id\":\"https:\\\/\\\/www.aquimicasa.net\\\/blog\\\/vivienda\\\/compraventa-de-viviendas\\\/paris-berlin-y-madrid-el-podio-europeo-que-nadie-queria-ganar-%f0%9f%8f%86%f0%9f%8f%9a%ef%b8%8f\\\/#primaryimage\"},\"image\":{\"@id\":\"https:\\\/\\\/www.aquimicasa.net\\\/blog\\\/vivienda\\\/compraventa-de-viviendas\\\/paris-berlin-y-madrid-el-podio-europeo-que-nadie-queria-ganar-%f0%9f%8f%86%f0%9f%8f%9a%ef%b8%8f\\\/#primaryimage\"},\"thumbnailUrl\":\"https:\\\/\\\/www.aquimicasa.net\\\/blog\\\/wp-content\\\/uploads\\\/Madrid3-4.jpg\",\"datePublished\":\"2026-09-04T19:37:02+00:00\",\"description\":\"Las capitales que todo el mundo quiere visitar, mudarse o invertir en ellas son, precisamente, las que est\u00e1n expulsando a su propia poblaci\u00f3n.\",\"breadcrumb\":{\"@id\":\"https:\\\/\\\/www.aquimicasa.net\\\/blog\\\/vivienda\\\/compraventa-de-viviendas\\\/paris-berlin-y-madrid-el-podio-europeo-que-nadie-queria-ganar-%f0%9f%8f%86%f0%9f%8f%9a%ef%b8%8f\\\/#breadcrumb\"},\"inLanguage\":\"es\",\"potentialAction\":[{\"@type\":\"ReadAction\",\"target\":[\"https:\\\/\\\/www.aquimicasa.net\\\/blog\\\/vivienda\\\/compraventa-de-viviendas\\\/paris-berlin-y-madrid-el-podio-europeo-que-nadie-queria-ganar-%f0%9f%8f%86%f0%9f%8f%9a%ef%b8%8f\\\/\"]}]},{\"@type\":\"ImageObject\",\"inLanguage\":\"es\",\"@id\":\"https:\\\/\\\/www.aquimicasa.net\\\/blog\\\/vivienda\\\/compraventa-de-viviendas\\\/paris-berlin-y-madrid-el-podio-europeo-que-nadie-queria-ganar-%f0%9f%8f%86%f0%9f%8f%9a%ef%b8%8f\\\/#primaryimage\",\"url\":\"https:\\\/\\\/www.aquimicasa.net\\\/blog\\\/wp-content\\\/uploads\\\/Madrid3-4.jpg\",\"contentUrl\":\"https:\\\/\\\/www.aquimicasa.net\\\/blog\\\/wp-content\\\/uploads\\\/Madrid3-4.jpg\",\"width\":1260,\"height\":685,\"caption\":\"Las ciudades siguen subiendo sus precios\"},{\"@type\":\"BreadcrumbList\",\"@id\":\"https:\\\/\\\/www.aquimicasa.net\\\/blog\\\/vivienda\\\/compraventa-de-viviendas\\\/paris-berlin-y-madrid-el-podio-europeo-que-nadie-queria-ganar-%f0%9f%8f%86%f0%9f%8f%9a%ef%b8%8f\\\/#breadcrumb\",\"itemListElement\":[{\"@type\":\"ListItem\",\"position\":1,\"name\":\"Portada\",\"item\":\"https:\\\/\\\/www.aquimicasa.net\\\/blog\\\/\"},{\"@type\":\"ListItem\",\"position\":2,\"name\":\"Par\u00eds, Berl\u00edn y Madrid: el podio europeo que nadie quer\u00eda ganar\"}]},{\"@type\":\"WebSite\",\"@id\":\"https:\\\/\\\/www.aquimicasa.net\\\/blog\\\/#website\",\"url\":\"https:\\\/\\\/www.aquimicasa.net\\\/blog\\\/\",\"name\":\"Blog de aquimicasa.net\",\"description\":\"Noticias del Mundo Inmobiliario\",\"publisher\":{\"@id\":\"https:\\\/\\\/www.aquimicasa.net\\\/blog\\\/#organization\"},\"potentialAction\":[{\"@type\":\"SearchAction\",\"target\":{\"@type\":\"EntryPoint\",\"urlTemplate\":\"https:\\\/\\\/www.aquimicasa.net\\\/blog\\\/?s={search_term_string}\"},\"query-input\":{\"@type\":\"PropertyValueSpecification\",\"valueRequired\":true,\"valueName\":\"search_term_string\"}}],\"inLanguage\":\"es\"},{\"@type\":\"Organization\",\"@id\":\"https:\\\/\\\/www.aquimicasa.net\\\/blog\\\/#organization\",\"name\":\"Blog de aquimicasa.net\",\"url\":\"https:\\\/\\\/www.aquimicasa.net\\\/blog\\\/\",\"logo\":{\"@type\":\"ImageObject\",\"inLanguage\":\"es\",\"@id\":\"https:\\\/\\\/www.aquimicasa.net\\\/blog\\\/#\\\/schema\\\/logo\\\/image\\\/\",\"url\":\"https:\\\/\\\/www.aquimicasa.net\\\/blog\\\/wp-content\\\/uploads\\\/Logo-aquimicasa-1-e1528048213782.png\",\"contentUrl\":\"https:\\\/\\\/www.aquimicasa.net\\\/blog\\\/wp-content\\\/uploads\\\/Logo-aquimicasa-1-e1528048213782.png\",\"width\":225,\"height\":225,\"caption\":\"Blog de aquimicasa.net\"},\"image\":{\"@id\":\"https:\\\/\\\/www.aquimicasa.net\\\/blog\\\/#\\\/schema\\\/logo\\\/image\\\/\"},\"sameAs\":[\"https:\\\/\\\/www.facebook.com\\\/aquimicasa.net\",\"https:\\\/\\\/www.instagram.com\\\/\",\"https:\\\/\\\/x.com\\\/EduLizarragaD\",\"https:\\\/\\\/www.linkedin.com\\\/feed\\\/\"]},{\"@type\":\"Person\",\"@id\":\"https:\\\/\\\/www.aquimicasa.net\\\/blog\\\/#\\\/schema\\\/person\\\/2cdfa2605534583395c8d7ce1d6cac14\",\"name\":\"Eduardo Lizarraga\",\"image\":{\"@type\":\"ImageObject\",\"inLanguage\":\"es\",\"@id\":\"https:\\\/\\\/secure.gravatar.com\\\/avatar\\\/bdabe1eeeed97b65a9cb7de2edd624b07995f7e13abc5fead15961f745f908cc?s=96&d=mm&r=g\",\"url\":\"https:\\\/\\\/secure.gravatar.com\\\/avatar\\\/bdabe1eeeed97b65a9cb7de2edd624b07995f7e13abc5fead15961f745f908cc?s=96&d=mm&r=g\",\"contentUrl\":\"https:\\\/\\\/secure.gravatar.com\\\/avatar\\\/bdabe1eeeed97b65a9cb7de2edd624b07995f7e13abc5fead15961f745f908cc?s=96&d=mm&r=g\",\"caption\":\"Eduardo Lizarraga\"},\"description\":\"Periodista Econ\u00f3mico. Ha trabajado en diversos campos de la informaci\u00f3n. Corresponsal en conflictos, analista pol\u00edtico en Congreso y Senado, periodista del medio ambiente, editor, director editorial, director de comunicaci\u00f3n.... En estos momentos se ha especializado en el sector inmobiliario. Pero tambi\u00e9n es navegante y viajero, preocupado por la pobreza, el medio ambiente y por las actuaciones descontroladas del neoliberalismo empresarial y pol\u00edtico en todo el mundo. Los desahucios, la pobreza infantil y la falta de acceso a los suministros b\u00e1sicos son algunos de los grandes dramas de nuestra sociedad y que es preciso solucionar para hacerla m\u00e1s justa. CEO en www.aquimicasa.net\",\"sameAs\":[\"https:\\\/\\\/www.aquimicasa.net\\\/\"],\"url\":\"https:\\\/\\\/www.aquimicasa.net\\\/blog\\\/author\\\/eduardo\\\/\"}]}<\/script>\n<!-- \/ Yoast SEO plugin. -->","yoast_head_json":{"title":"Par\u00eds, Berl\u00edn y Madrid: el podio europeo que nadie quer\u00eda ganar","description":"Las capitales que todo el mundo quiere visitar, mudarse o invertir en ellas son, precisamente, las que est\u00e1n expulsando a su propia poblaci\u00f3n.","robots":{"index":"index","follow":"follow","max-snippet":"max-snippet:-1","max-image-preview":"max-image-preview:large","max-video-preview":"max-video-preview:-1"},"canonical":"https:\/\/www.aquimicasa.net\/blog\/vivienda\/compraventa-de-viviendas\/paris-berlin-y-madrid-el-podio-europeo-que-nadie-queria-ganar-\ud83c\udfc6\ud83c\udfda\ufe0f\/","og_locale":"es_ES","og_type":"article","og_title":"Par\u00eds, Berl\u00edn y Madrid: el podio europeo que nadie quer\u00eda ganar","og_description":"Las capitales que todo el mundo quiere visitar, mudarse o invertir en ellas son, precisamente, las que est\u00e1n expulsando a su propia poblaci\u00f3n.","og_url":"https:\/\/www.aquimicasa.net\/blog\/vivienda\/compraventa-de-viviendas\/paris-berlin-y-madrid-el-podio-europeo-que-nadie-queria-ganar-\ud83c\udfc6\ud83c\udfda\ufe0f\/","og_site_name":"Blog de aquimicasa.net","article_publisher":"https:\/\/www.facebook.com\/aquimicasa.net","article_published_time":"2026-09-04T19:37:02+00:00","og_image":[{"width":1260,"height":685,"url":"https:\/\/www.aquimicasa.net\/blog\/wp-content\/uploads\/Madrid3-4.jpg","type":"image\/jpeg"}],"author":"Eduardo Lizarraga","twitter_misc":{"Escrito por":"Eduardo Lizarraga","Tiempo de lectura":"8 minutos"},"schema":{"@context":"https:\/\/schema.org","@graph":[{"@type":"Article","@id":"https:\/\/www.aquimicasa.net\/blog\/vivienda\/compraventa-de-viviendas\/paris-berlin-y-madrid-el-podio-europeo-que-nadie-queria-ganar-%f0%9f%8f%86%f0%9f%8f%9a%ef%b8%8f\/#article","isPartOf":{"@id":"https:\/\/www.aquimicasa.net\/blog\/vivienda\/compraventa-de-viviendas\/paris-berlin-y-madrid-el-podio-europeo-que-nadie-queria-ganar-%f0%9f%8f%86%f0%9f%8f%9a%ef%b8%8f\/"},"author":{"name":"Eduardo Lizarraga","@id":"https:\/\/www.aquimicasa.net\/blog\/#\/schema\/person\/2cdfa2605534583395c8d7ce1d6cac14"},"headline":"Par\u00eds, Berl\u00edn y Madrid: el podio europeo que nadie quer\u00eda ganar","datePublished":"2026-09-04T19:37:02+00:00","mainEntityOfPage":{"@id":"https:\/\/www.aquimicasa.net\/blog\/vivienda\/compraventa-de-viviendas\/paris-berlin-y-madrid-el-podio-europeo-que-nadie-queria-ganar-%f0%9f%8f%86%f0%9f%8f%9a%ef%b8%8f\/"},"wordCount":1922,"publisher":{"@id":"https:\/\/www.aquimicasa.net\/blog\/#organization"},"image":{"@id":"https:\/\/www.aquimicasa.net\/blog\/vivienda\/compraventa-de-viviendas\/paris-berlin-y-madrid-el-podio-europeo-que-nadie-queria-ganar-%f0%9f%8f%86%f0%9f%8f%9a%ef%b8%8f\/#primaryimage"},"thumbnailUrl":"https:\/\/www.aquimicasa.net\/blog\/wp-content\/uploads\/Madrid3-4.jpg","keywords":["newsletter 582"],"articleSection":["Compra Venta"],"inLanguage":"es"},{"@type":"WebPage","@id":"https:\/\/www.aquimicasa.net\/blog\/vivienda\/compraventa-de-viviendas\/paris-berlin-y-madrid-el-podio-europeo-que-nadie-queria-ganar-%f0%9f%8f%86%f0%9f%8f%9a%ef%b8%8f\/","url":"https:\/\/www.aquimicasa.net\/blog\/vivienda\/compraventa-de-viviendas\/paris-berlin-y-madrid-el-podio-europeo-que-nadie-queria-ganar-%f0%9f%8f%86%f0%9f%8f%9a%ef%b8%8f\/","name":"Par\u00eds, Berl\u00edn y Madrid: el podio europeo que nadie quer\u00eda ganar","isPartOf":{"@id":"https:\/\/www.aquimicasa.net\/blog\/#website"},"primaryImageOfPage":{"@id":"https:\/\/www.aquimicasa.net\/blog\/vivienda\/compraventa-de-viviendas\/paris-berlin-y-madrid-el-podio-europeo-que-nadie-queria-ganar-%f0%9f%8f%86%f0%9f%8f%9a%ef%b8%8f\/#primaryimage"},"image":{"@id":"https:\/\/www.aquimicasa.net\/blog\/vivienda\/compraventa-de-viviendas\/paris-berlin-y-madrid-el-podio-europeo-que-nadie-queria-ganar-%f0%9f%8f%86%f0%9f%8f%9a%ef%b8%8f\/#primaryimage"},"thumbnailUrl":"https:\/\/www.aquimicasa.net\/blog\/wp-content\/uploads\/Madrid3-4.jpg","datePublished":"2026-09-04T19:37:02+00:00","description":"Las capitales que todo el mundo quiere visitar, mudarse o invertir en ellas son, precisamente, las que est\u00e1n expulsando a su propia poblaci\u00f3n.","breadcrumb":{"@id":"https:\/\/www.aquimicasa.net\/blog\/vivienda\/compraventa-de-viviendas\/paris-berlin-y-madrid-el-podio-europeo-que-nadie-queria-ganar-%f0%9f%8f%86%f0%9f%8f%9a%ef%b8%8f\/#breadcrumb"},"inLanguage":"es","potentialAction":[{"@type":"ReadAction","target":["https:\/\/www.aquimicasa.net\/blog\/vivienda\/compraventa-de-viviendas\/paris-berlin-y-madrid-el-podio-europeo-que-nadie-queria-ganar-%f0%9f%8f%86%f0%9f%8f%9a%ef%b8%8f\/"]}]},{"@type":"ImageObject","inLanguage":"es","@id":"https:\/\/www.aquimicasa.net\/blog\/vivienda\/compraventa-de-viviendas\/paris-berlin-y-madrid-el-podio-europeo-que-nadie-queria-ganar-%f0%9f%8f%86%f0%9f%8f%9a%ef%b8%8f\/#primaryimage","url":"https:\/\/www.aquimicasa.net\/blog\/wp-content\/uploads\/Madrid3-4.jpg","contentUrl":"https:\/\/www.aquimicasa.net\/blog\/wp-content\/uploads\/Madrid3-4.jpg","width":1260,"height":685,"caption":"Las ciudades siguen subiendo sus precios"},{"@type":"BreadcrumbList","@id":"https:\/\/www.aquimicasa.net\/blog\/vivienda\/compraventa-de-viviendas\/paris-berlin-y-madrid-el-podio-europeo-que-nadie-queria-ganar-%f0%9f%8f%86%f0%9f%8f%9a%ef%b8%8f\/#breadcrumb","itemListElement":[{"@type":"ListItem","position":1,"name":"Portada","item":"https:\/\/www.aquimicasa.net\/blog\/"},{"@type":"ListItem","position":2,"name":"Par\u00eds, Berl\u00edn y Madrid: el podio europeo que nadie quer\u00eda ganar"}]},{"@type":"WebSite","@id":"https:\/\/www.aquimicasa.net\/blog\/#website","url":"https:\/\/www.aquimicasa.net\/blog\/","name":"Blog de aquimicasa.net","description":"Noticias del Mundo Inmobiliario","publisher":{"@id":"https:\/\/www.aquimicasa.net\/blog\/#organization"},"potentialAction":[{"@type":"SearchAction","target":{"@type":"EntryPoint","urlTemplate":"https:\/\/www.aquimicasa.net\/blog\/?s={search_term_string}"},"query-input":{"@type":"PropertyValueSpecification","valueRequired":true,"valueName":"search_term_string"}}],"inLanguage":"es"},{"@type":"Organization","@id":"https:\/\/www.aquimicasa.net\/blog\/#organization","name":"Blog de aquimicasa.net","url":"https:\/\/www.aquimicasa.net\/blog\/","logo":{"@type":"ImageObject","inLanguage":"es","@id":"https:\/\/www.aquimicasa.net\/blog\/#\/schema\/logo\/image\/","url":"https:\/\/www.aquimicasa.net\/blog\/wp-content\/uploads\/Logo-aquimicasa-1-e1528048213782.png","contentUrl":"https:\/\/www.aquimicasa.net\/blog\/wp-content\/uploads\/Logo-aquimicasa-1-e1528048213782.png","width":225,"height":225,"caption":"Blog de aquimicasa.net"},"image":{"@id":"https:\/\/www.aquimicasa.net\/blog\/#\/schema\/logo\/image\/"},"sameAs":["https:\/\/www.facebook.com\/aquimicasa.net","https:\/\/www.instagram.com\/","https:\/\/x.com\/EduLizarragaD","https:\/\/www.linkedin.com\/feed\/"]},{"@type":"Person","@id":"https:\/\/www.aquimicasa.net\/blog\/#\/schema\/person\/2cdfa2605534583395c8d7ce1d6cac14","name":"Eduardo Lizarraga","image":{"@type":"ImageObject","inLanguage":"es","@id":"https:\/\/secure.gravatar.com\/avatar\/bdabe1eeeed97b65a9cb7de2edd624b07995f7e13abc5fead15961f745f908cc?s=96&d=mm&r=g","url":"https:\/\/secure.gravatar.com\/avatar\/bdabe1eeeed97b65a9cb7de2edd624b07995f7e13abc5fead15961f745f908cc?s=96&d=mm&r=g","contentUrl":"https:\/\/secure.gravatar.com\/avatar\/bdabe1eeeed97b65a9cb7de2edd624b07995f7e13abc5fead15961f745f908cc?s=96&d=mm&r=g","caption":"Eduardo Lizarraga"},"description":"Periodista Econ\u00f3mico. Ha trabajado en diversos campos de la informaci\u00f3n. Corresponsal en conflictos, analista pol\u00edtico en Congreso y Senado, periodista del medio ambiente, editor, director editorial, director de comunicaci\u00f3n.... En estos momentos se ha especializado en el sector inmobiliario. Pero tambi\u00e9n es navegante y viajero, preocupado por la pobreza, el medio ambiente y por las actuaciones descontroladas del neoliberalismo empresarial y pol\u00edtico en todo el mundo. Los desahucios, la pobreza infantil y la falta de acceso a los suministros b\u00e1sicos son algunos de los grandes dramas de nuestra sociedad y que es preciso solucionar para hacerla m\u00e1s justa. CEO en www.aquimicasa.net","sameAs":["https:\/\/www.aquimicasa.net\/"],"url":"https:\/\/www.aquimicasa.net\/blog\/author\/eduardo\/"}]}},"jetpack_publicize_connections":[],"jetpack_featured_media_url":"https:\/\/www.aquimicasa.net\/blog\/wp-content\/uploads\/Madrid3-4.jpg","jetpack_sharing_enabled":true,"jetpack_likes_enabled":true,"_links":{"self":[{"href":"https:\/\/www.aquimicasa.net\/blog\/wp-json\/wp\/v2\/posts\/57652","targetHints":{"allow":["GET"]}}],"collection":[{"href":"https:\/\/www.aquimicasa.net\/blog\/wp-json\/wp\/v2\/posts"}],"about":[{"href":"https:\/\/www.aquimicasa.net\/blog\/wp-json\/wp\/v2\/types\/post"}],"author":[{"embeddable":true,"href":"https:\/\/www.aquimicasa.net\/blog\/wp-json\/wp\/v2\/users\/3"}],"replies":[{"embeddable":true,"href":"https:\/\/www.aquimicasa.net\/blog\/wp-json\/wp\/v2\/comments?post=57652"}],"version-history":[{"count":2,"href":"https:\/\/www.aquimicasa.net\/blog\/wp-json\/wp\/v2\/posts\/57652\/revisions"}],"predecessor-version":[{"id":57654,"href":"https:\/\/www.aquimicasa.net\/blog\/wp-json\/wp\/v2\/posts\/57652\/revisions\/57654"}],"wp:featuredmedia":[{"embeddable":true,"href":"https:\/\/www.aquimicasa.net\/blog\/wp-json\/wp\/v2\/media\/48623"}],"wp:attachment":[{"href":"https:\/\/www.aquimicasa.net\/blog\/wp-json\/wp\/v2\/media?parent=57652"}],"wp:term":[{"taxonomy":"category","embeddable":true,"href":"https:\/\/www.aquimicasa.net\/blog\/wp-json\/wp\/v2\/categories?post=57652"},{"taxonomy":"post_tag","embeddable":true,"href":"https:\/\/www.aquimicasa.net\/blog\/wp-json\/wp\/v2\/tags?post=57652"}],"curies":[{"name":"wp","href":"https:\/\/api.w.org\/{rel}","templated":true}]}}