{"id":57655,"date":"2026-09-05T11:44:56","date_gmt":"2026-09-05T09:44:56","guid":{"rendered":"https:\/\/www.aquimicasa.net\/blog\/?p=57655"},"modified":"2026-09-05T11:44:56","modified_gmt":"2026-09-05T09:44:56","slug":"amenabar-aterriza-con-612-vpo-en-el-centro-de-sevilla","status":"publish","type":"post","link":"https:\/\/www.aquimicasa.net\/blog\/vivienda\/construccion-de-viviendas\/amenabar-aterriza-con-612-vpo-en-el-centro-de-sevilla\/","title":{"rendered":"Amenabar aterriza con 612 VPO en el centro de Sevilla"},"content":{"rendered":"<div class=\"fusion-fullwidth fullwidth-box fusion-builder-row-1 fusion-flex-container nonhundred-percent-fullwidth non-hundred-percent-height-scrolling\" style=\"background-color: rgba(255,255,255,0);background-position: center center;background-repeat: no-repeat;border-width: 0px 0px 0px 0px;border-color:#eae9e9;border-style:solid;\" ><div class=\"fusion-builder-row fusion-row fusion-flex-align-items-flex-start\" style=\"max-width:1144px;margin-left: calc(-4% \/ 2 );margin-right: calc(-4% \/ 2 );\"><div class=\"fusion-layout-column fusion_builder_column fusion-builder-column-0 fusion_builder_column_1_1 1_1 fusion-flex-column\"><div class=\"fusion-column-wrapper fusion-flex-justify-content-flex-start fusion-content-layout-column\" style=\"background-position:left top;background-repeat:no-repeat;-webkit-background-size:cover;-moz-background-size:cover;-o-background-size:cover;background-size:cover;padding: 0px 0px 0px 0px;\"><div class=\"fusion-text fusion-text-1\"><h2 dir=\"ltr\"><strong>La vivienda protegida como negocio de escala<\/strong><\/h2>\n<p dir=\"ltr\">La promotora donostiarra <strong>Amenabar<\/strong> ha formalizado la compra de la parcela RMA-5 en el \u00e1mbito de la Cruz del Campo, en Sevilla, por <strong>27 millones de euros<\/strong>, donde levantar\u00e1 <strong>612 viviendas de protecci\u00f3n oficial<\/strong> de dos y tres dormitorios. El proyecto, con una inversi\u00f3n total que rozar\u00e1 los <strong>130 millones de euros<\/strong>, se enmarca en la venta de suelo p\u00fablico que el Ayuntamiento hispalense cerr\u00f3 el pasado abril, y llega con fecha de entrega prevista para <strong>2028<\/strong>. Que una compa\u00f1\u00eda vasca cruce media pen\u00ednsula para construir VPO en el centro de una capital andaluza no es casualidad: es la prueba de que la vivienda protegida, lejos de ser el pariente pobre del negocio inmobiliario, se ha convertido en el segmento donde las grandes promotoras est\u00e1n concentrando su crecimiento, con la seguridad de la demanda garantizada y el respaldo institucional que rara vez ofrece la vivienda libre en un mercado tan err\u00e1tico como el actual.<\/p>\n<h2 dir=\"ltr\"><strong>Una promoci\u00f3n con amplias dotaciones (que en realidad eran el criterio de puntuaci\u00f3n)<\/strong><\/h2>\n<p dir=\"ltr\">El pliego de la Gerencia de Urbanismo sevillana premiaba a los proyectos que incorporasen dotaciones comunitarias generosas, y <strong>Amenabar<\/strong> no se ha quedado corta: la promoci\u00f3n sumar\u00e1 una <strong>piscina de 500 metros cuadrados<\/strong>, una <strong>zona deportiva de 400 metros cuadrados<\/strong> y <strong>seis locales comunitarios<\/strong> que superan los <strong>1.500 metros cuadrados<\/strong>. La compa\u00f1\u00eda asegura que su propuesta no solo cumpl\u00eda la superficie m\u00e1xima exigida, sino que la superaba. Conviene no perder de vista, sin embargo, que estas dotaciones no nacen de una vocaci\u00f3n filantr\u00f3pica: son, ante todo, el criterio que decid\u00eda la adjudicaci\u00f3n del concurso p\u00fablico. Que el resultado beneficie a los futuros vecinos es una buena noticia, pero conviene llamar a las cosas por su nombre: aqu\u00ed se ha competido por puntos, no por generosidad.<\/p>\n<h2 dir=\"ltr\"><strong>612 viviendas protegidas en pleno centro de Sevilla<\/strong><\/h2>\n<p dir=\"ltr\">El dato central de la operaci\u00f3n son las <strong>612 viviendas VPO en r\u00e9gimen de venta<\/strong> que se levantar\u00e1n en la Cruz del Campo, uno de los barrios donde el Consistorio sevillano ha concentrado buena parte de su estrategia de vivienda asequible. La parcela RMA-5, con una edificabilidad de <strong>56.107 metros cuadrados<\/strong>, era la mayor de las ocho que el Ayuntamiento sac\u00f3 a la venta en abril, cinco de ellas destinadas a protecci\u00f3n oficial. La operaci\u00f3n no fue precisamente pac\u00edfica: el grupo socialista intent\u00f3 frenarla en el Consejo de Gobierno, votando en contra de los solares de renta libre y absteni\u00e9ndose en los de VPO. Que la venta de suelo p\u00fablico municipal despierte ese nivel de fricci\u00f3n pol\u00edtica dice bastante sobre lo que est\u00e1 en juego cuando una ciudad decide monetizar su patrimonio de suelo para intentar resolver, de paso, un problema de acceso a la vivienda que lleva a\u00f1os sin soluci\u00f3n estructural.<\/p>\n<h2 dir=\"ltr\"><strong>Dos y tres dormitorios, garaje y trastero: la tipolog\u00eda de las viviendas<\/strong><\/h2>\n<p dir=\"ltr\">El proyecto contempla exclusivamente viviendas de <strong>dos y tres dormitorios<\/strong>, todas con <strong>garaje y trastero<\/strong> incluidos, siguiendo los est\u00e1ndares de calidad, confort y dise\u00f1o que la promotora aplica tambi\u00e9n a su vivienda libre. Es una tipolog\u00eda pensada para familias, coherente con el perfil de demanda que suele acceder a la VPO, aunque tambi\u00e9n evidencia una ausencia llamativa: ni una sola referencia a viviendas de un dormitorio, el formato que more necesitar\u00edan j\u00f3venes que se emancipan solos o personas mayores que buscan reducir su vivienda. Una vez m\u00e1s, el dise\u00f1o de la oferta protegida parece calcado al de la vivienda libre convencional, en lugar de responder a la diversidad real de quienes hoy m\u00e1s dificultades tienen para acceder a un piso.<\/p>\n<h2 dir=\"ltr\"><strong>Amenabar se encargar\u00e1 de las adjudicaciones, con Emvisesa de por medio<\/strong><\/h2>\n<p dir=\"ltr\">La gesti\u00f3n de las adjudicaciones recaer\u00e1 sobre <strong>Amenabar<\/strong>, que trabajar\u00e1 con el listado de candidatos facilitado por <strong>Emvisesa<\/strong>, la empresa municipal de vivienda, y seguir\u00e1 los criterios de la Ordenanza Municipal de Vivienda Protegida de Sevilla. Si al final del proceso quedasen viviendas sin asignar, la promotora podr\u00e1 adjudicarlas libremente, siempre que los interesados cumplan los requisitos de la ordenanza. Conviene recordar, para quien est\u00e9 pensando en optar a una de estas viviendas, que el paso previo casi obligado es estar inscrito en el Registro de Demandantes de Emvisesa: sin ese tr\u00e1mite, ni siquiera se entra en la conversaci\u00f3n.<\/p>\n<h2 dir=\"ltr\"><strong>Otras promociones de Amenabar: una cartera que no para de crecer<\/strong><\/h2>\n<p dir=\"ltr\">Esta operaci\u00f3n se suma a una cartera ya notable de la promotora en el entorno sevillano: las <strong>232 viviendas libres de Jardines de Cruz del Campo<\/strong>, en construcci\u00f3n y con entrega prevista para 2027; las <strong>330 viviendas de Jardines de Entren\u00facleos<\/strong> en Dos Hermanas; y una promoci\u00f3n reci\u00e9n lanzada de <strong>114 viviendas en Mairena del Aljarafe<\/strong>. En conjunto, <strong>Amenabar<\/strong> eleva su cartera en la provincia hasta las <strong>1.288 viviendas<\/strong>, y a nivel andaluz prev\u00e9 entregar <strong>3.290<\/strong>, de las cuales un <strong>60%<\/strong> corresponder\u00e1 a reg\u00edmenes protegidos o de precio asequible. Son cifras que retratan una estrategia deliberada: aprovechar el tir\u00f3n de la vivienda protegida como motor de crecimiento en un mercado, el andaluz, donde la falta de oferta asequible sigue siendo el principal obst\u00e1culo para miles de familias.<\/p>\n<\/div><\/div><style type=\"text\/css\">.fusion-body .fusion-builder-column-0{width:100% !important;margin-top : 0px;margin-bottom : 0px;}.fusion-builder-column-0 > .fusion-column-wrapper {padding-top : 0px !important;padding-right : 0px !important;margin-right : 1.92%;padding-bottom : 0px !important;padding-left : 0px !important;margin-left : 1.92%;}@media only screen and (max-width:1024px) {.fusion-body .fusion-builder-column-0{width:100% !important;}.fusion-builder-column-0 > .fusion-column-wrapper {margin-right : 1.92%;margin-left : 1.92%;}}@media only screen and (max-width:640px) {.fusion-body .fusion-builder-column-0{width:100% !important;}.fusion-builder-column-0 > .fusion-column-wrapper {margin-right : 1.92%;margin-left : 1.92%;}}<\/style><\/div><\/div><style type=\"text\/css\">.fusion-body .fusion-flex-container.fusion-builder-row-1{ padding-top : 0px;margin-top : 0px;padding-right : 0px;padding-bottom : 0px;margin-bottom : 0px;padding-left : 0px;}<\/style><\/div>\n","protected":false},"excerpt":{"rendered":"<p>Que una compa\u00f1\u00eda vasca cruce media pen\u00ednsula para construir VPO en el centro de una capital andaluza no es casualidad: es la prueba de que la vivienda protegida, lejos de ser el pariente pobre del negocio inmobiliario, se ha convertido en el segmento donde las grandes promotoras est\u00e1n concentrando su crecimiento, con la seguridad de la demanda garantizada y el respaldo institucional que rara vez ofrece la vivienda libre en un mercado tan err\u00e1tico como el actual.<\/p>\n","protected":false},"author":3,"featured_media":57657,"comment_status":"closed","ping_status":"closed","sticky":false,"template":"","format":"standard","meta":{"_jetpack_memberships_contains_paid_content":false,"footnotes":"","jetpack_publicize_message":"","jetpack_publicize_feature_enabled":true,"jetpack_social_post_already_shared":true,"jetpack_social_options":{"image_generator_settings":{"template":"highway","default_image_id":0,"font":"","enabled":false},"version":2}},"categories":[96],"tags":[8315],"class_list":["post-57655","post","type-post","status-publish","format-standard","has-post-thumbnail","hentry","category-construccion-de-viviendas","tag-newsletter-582"],"yoast_head":"<!-- This site is optimized with the Yoast SEO plugin v28.2 - https:\/\/yoast.com\/product\/yoast-seo-wordpress\/ -->\n<title>Amenabar aterriza con 612 VPO en el centro de Sevilla<\/title>\n<meta name=\"description\" content=\"La gesti\u00f3n de las adjudicaciones recaer\u00e1 sobre Amenabar, que trabajar\u00e1 con el listado de candidatos facilitado por Emvisesa,\" \/>\n<meta name=\"robots\" content=\"index, follow, max-snippet:-1, max-image-preview:large, max-video-preview:-1\" \/>\n<link rel=\"canonical\" href=\"https:\/\/www.aquimicasa.net\/blog\/vivienda\/construccion-de-viviendas\/amenabar-aterriza-con-612-vpo-en-el-centro-de-sevilla\/\" \/>\n<meta property=\"og:locale\" content=\"es_ES\" \/>\n<meta property=\"og:type\" content=\"article\" \/>\n<meta property=\"og:title\" content=\"Amenabar aterriza con 612 VPO en el centro de Sevilla\" \/>\n<meta property=\"og:description\" content=\"La gesti\u00f3n de las adjudicaciones recaer\u00e1 sobre Amenabar, que trabajar\u00e1 con el listado de candidatos facilitado por Emvisesa,\" \/>\n<meta property=\"og:url\" content=\"https:\/\/www.aquimicasa.net\/blog\/vivienda\/construccion-de-viviendas\/amenabar-aterriza-con-612-vpo-en-el-centro-de-sevilla\/\" \/>\n<meta property=\"og:site_name\" content=\"Blog de aquimicasa.net\" \/>\n<meta property=\"article:publisher\" content=\"https:\/\/www.facebook.com\/aquimicasa.net\" \/>\n<meta property=\"article:published_time\" content=\"2026-09-05T09:44:56+00:00\" \/>\n<meta property=\"og:image\" content=\"https:\/\/www.aquimicasa.net\/blog\/wp-content\/uploads\/Amenabar.jpg\" \/>\n\t<meta property=\"og:image:width\" content=\"2000\" \/>\n\t<meta property=\"og:image:height\" content=\"958\" \/>\n\t<meta property=\"og:image:type\" content=\"image\/jpeg\" \/>\n<meta name=\"author\" content=\"Eduardo Lizarraga\" \/>\n<meta name=\"twitter:label1\" content=\"Escrito por\" \/>\n\t<meta name=\"twitter:data1\" content=\"Eduardo Lizarraga\" \/>\n\t<meta name=\"twitter:label2\" content=\"Tiempo de lectura\" \/>\n\t<meta name=\"twitter:data2\" content=\"5 minutos\" \/>\n<script type=\"application\/ld+json\" class=\"yoast-schema-graph\">{\"@context\":\"https:\\\/\\\/schema.org\",\"@graph\":[{\"@type\":\"Article\",\"@id\":\"https:\\\/\\\/www.aquimicasa.net\\\/blog\\\/vivienda\\\/construccion-de-viviendas\\\/amenabar-aterriza-con-612-vpo-en-el-centro-de-sevilla\\\/#article\",\"isPartOf\":{\"@id\":\"https:\\\/\\\/www.aquimicasa.net\\\/blog\\\/vivienda\\\/construccion-de-viviendas\\\/amenabar-aterriza-con-612-vpo-en-el-centro-de-sevilla\\\/\"},\"author\":{\"name\":\"Eduardo Lizarraga\",\"@id\":\"https:\\\/\\\/www.aquimicasa.net\\\/blog\\\/#\\\/schema\\\/person\\\/2cdfa2605534583395c8d7ce1d6cac14\"},\"headline\":\"Amenabar aterriza con 612 VPO en el centro de Sevilla\",\"datePublished\":\"2026-09-05T09:44:56+00:00\",\"mainEntityOfPage\":{\"@id\":\"https:\\\/\\\/www.aquimicasa.net\\\/blog\\\/vivienda\\\/construccion-de-viviendas\\\/amenabar-aterriza-con-612-vpo-en-el-centro-de-sevilla\\\/\"},\"wordCount\":1122,\"publisher\":{\"@id\":\"https:\\\/\\\/www.aquimicasa.net\\\/blog\\\/#organization\"},\"image\":{\"@id\":\"https:\\\/\\\/www.aquimicasa.net\\\/blog\\\/vivienda\\\/construccion-de-viviendas\\\/amenabar-aterriza-con-612-vpo-en-el-centro-de-sevilla\\\/#primaryimage\"},\"thumbnailUrl\":\"https:\\\/\\\/www.aquimicasa.net\\\/blog\\\/wp-content\\\/uploads\\\/Amenabar.jpg\",\"keywords\":[\"newsletter 582\"],\"articleSection\":[\"Obra Nueva\"],\"inLanguage\":\"es\"},{\"@type\":\"WebPage\",\"@id\":\"https:\\\/\\\/www.aquimicasa.net\\\/blog\\\/vivienda\\\/construccion-de-viviendas\\\/amenabar-aterriza-con-612-vpo-en-el-centro-de-sevilla\\\/\",\"url\":\"https:\\\/\\\/www.aquimicasa.net\\\/blog\\\/vivienda\\\/construccion-de-viviendas\\\/amenabar-aterriza-con-612-vpo-en-el-centro-de-sevilla\\\/\",\"name\":\"Amenabar aterriza con 612 VPO en el centro de Sevilla\",\"isPartOf\":{\"@id\":\"https:\\\/\\\/www.aquimicasa.net\\\/blog\\\/#website\"},\"primaryImageOfPage\":{\"@id\":\"https:\\\/\\\/www.aquimicasa.net\\\/blog\\\/vivienda\\\/construccion-de-viviendas\\\/amenabar-aterriza-con-612-vpo-en-el-centro-de-sevilla\\\/#primaryimage\"},\"image\":{\"@id\":\"https:\\\/\\\/www.aquimicasa.net\\\/blog\\\/vivienda\\\/construccion-de-viviendas\\\/amenabar-aterriza-con-612-vpo-en-el-centro-de-sevilla\\\/#primaryimage\"},\"thumbnailUrl\":\"https:\\\/\\\/www.aquimicasa.net\\\/blog\\\/wp-content\\\/uploads\\\/Amenabar.jpg\",\"datePublished\":\"2026-09-05T09:44:56+00:00\",\"description\":\"La gesti\u00f3n de las adjudicaciones recaer\u00e1 sobre Amenabar, que trabajar\u00e1 con el listado de candidatos facilitado por Emvisesa,\",\"breadcrumb\":{\"@id\":\"https:\\\/\\\/www.aquimicasa.net\\\/blog\\\/vivienda\\\/construccion-de-viviendas\\\/amenabar-aterriza-con-612-vpo-en-el-centro-de-sevilla\\\/#breadcrumb\"},\"inLanguage\":\"es\",\"potentialAction\":[{\"@type\":\"ReadAction\",\"target\":[\"https:\\\/\\\/www.aquimicasa.net\\\/blog\\\/vivienda\\\/construccion-de-viviendas\\\/amenabar-aterriza-con-612-vpo-en-el-centro-de-sevilla\\\/\"]}]},{\"@type\":\"ImageObject\",\"inLanguage\":\"es\",\"@id\":\"https:\\\/\\\/www.aquimicasa.net\\\/blog\\\/vivienda\\\/construccion-de-viviendas\\\/amenabar-aterriza-con-612-vpo-en-el-centro-de-sevilla\\\/#primaryimage\",\"url\":\"https:\\\/\\\/www.aquimicasa.net\\\/blog\\\/wp-content\\\/uploads\\\/Amenabar.jpg\",\"contentUrl\":\"https:\\\/\\\/www.aquimicasa.net\\\/blog\\\/wp-content\\\/uploads\\\/Amenabar.jpg\",\"width\":2000,\"height\":958,\"caption\":\"Amenabar construir\u00e1 612 viviendas VPO en Sevilla\"},{\"@type\":\"BreadcrumbList\",\"@id\":\"https:\\\/\\\/www.aquimicasa.net\\\/blog\\\/vivienda\\\/construccion-de-viviendas\\\/amenabar-aterriza-con-612-vpo-en-el-centro-de-sevilla\\\/#breadcrumb\",\"itemListElement\":[{\"@type\":\"ListItem\",\"position\":1,\"name\":\"Portada\",\"item\":\"https:\\\/\\\/www.aquimicasa.net\\\/blog\\\/\"},{\"@type\":\"ListItem\",\"position\":2,\"name\":\"Amenabar aterriza con 612 VPO en el centro de Sevilla\"}]},{\"@type\":\"WebSite\",\"@id\":\"https:\\\/\\\/www.aquimicasa.net\\\/blog\\\/#website\",\"url\":\"https:\\\/\\\/www.aquimicasa.net\\\/blog\\\/\",\"name\":\"Blog de aquimicasa.net\",\"description\":\"Noticias del Mundo Inmobiliario\",\"publisher\":{\"@id\":\"https:\\\/\\\/www.aquimicasa.net\\\/blog\\\/#organization\"},\"potentialAction\":[{\"@type\":\"SearchAction\",\"target\":{\"@type\":\"EntryPoint\",\"urlTemplate\":\"https:\\\/\\\/www.aquimicasa.net\\\/blog\\\/?s={search_term_string}\"},\"query-input\":{\"@type\":\"PropertyValueSpecification\",\"valueRequired\":true,\"valueName\":\"search_term_string\"}}],\"inLanguage\":\"es\"},{\"@type\":\"Organization\",\"@id\":\"https:\\\/\\\/www.aquimicasa.net\\\/blog\\\/#organization\",\"name\":\"Blog de aquimicasa.net\",\"url\":\"https:\\\/\\\/www.aquimicasa.net\\\/blog\\\/\",\"logo\":{\"@type\":\"ImageObject\",\"inLanguage\":\"es\",\"@id\":\"https:\\\/\\\/www.aquimicasa.net\\\/blog\\\/#\\\/schema\\\/logo\\\/image\\\/\",\"url\":\"https:\\\/\\\/www.aquimicasa.net\\\/blog\\\/wp-content\\\/uploads\\\/Logo-aquimicasa-1-e1528048213782.png\",\"contentUrl\":\"https:\\\/\\\/www.aquimicasa.net\\\/blog\\\/wp-content\\\/uploads\\\/Logo-aquimicasa-1-e1528048213782.png\",\"width\":225,\"height\":225,\"caption\":\"Blog de aquimicasa.net\"},\"image\":{\"@id\":\"https:\\\/\\\/www.aquimicasa.net\\\/blog\\\/#\\\/schema\\\/logo\\\/image\\\/\"},\"sameAs\":[\"https:\\\/\\\/www.facebook.com\\\/aquimicasa.net\",\"https:\\\/\\\/www.instagram.com\\\/\",\"https:\\\/\\\/x.com\\\/EduLizarragaD\",\"https:\\\/\\\/www.linkedin.com\\\/feed\\\/\"]},{\"@type\":\"Person\",\"@id\":\"https:\\\/\\\/www.aquimicasa.net\\\/blog\\\/#\\\/schema\\\/person\\\/2cdfa2605534583395c8d7ce1d6cac14\",\"name\":\"Eduardo Lizarraga\",\"image\":{\"@type\":\"ImageObject\",\"inLanguage\":\"es\",\"@id\":\"https:\\\/\\\/secure.gravatar.com\\\/avatar\\\/bdabe1eeeed97b65a9cb7de2edd624b07995f7e13abc5fead15961f745f908cc?s=96&d=mm&r=g\",\"url\":\"https:\\\/\\\/secure.gravatar.com\\\/avatar\\\/bdabe1eeeed97b65a9cb7de2edd624b07995f7e13abc5fead15961f745f908cc?s=96&d=mm&r=g\",\"contentUrl\":\"https:\\\/\\\/secure.gravatar.com\\\/avatar\\\/bdabe1eeeed97b65a9cb7de2edd624b07995f7e13abc5fead15961f745f908cc?s=96&d=mm&r=g\",\"caption\":\"Eduardo Lizarraga\"},\"description\":\"Periodista Econ\u00f3mico. Ha trabajado en diversos campos de la informaci\u00f3n. Corresponsal en conflictos, analista pol\u00edtico en Congreso y Senado, periodista del medio ambiente, editor, director editorial, director de comunicaci\u00f3n.... En estos momentos se ha especializado en el sector inmobiliario. Pero tambi\u00e9n es navegante y viajero, preocupado por la pobreza, el medio ambiente y por las actuaciones descontroladas del neoliberalismo empresarial y pol\u00edtico en todo el mundo. Los desahucios, la pobreza infantil y la falta de acceso a los suministros b\u00e1sicos son algunos de los grandes dramas de nuestra sociedad y que es preciso solucionar para hacerla m\u00e1s justa. CEO en www.aquimicasa.net\",\"sameAs\":[\"https:\\\/\\\/www.aquimicasa.net\\\/\"],\"url\":\"https:\\\/\\\/www.aquimicasa.net\\\/blog\\\/author\\\/eduardo\\\/\"}]}<\/script>\n<!-- \/ Yoast SEO plugin. -->","yoast_head_json":{"title":"Amenabar aterriza con 612 VPO en el centro de Sevilla","description":"La gesti\u00f3n de las adjudicaciones recaer\u00e1 sobre Amenabar, que trabajar\u00e1 con el listado de candidatos facilitado por Emvisesa,","robots":{"index":"index","follow":"follow","max-snippet":"max-snippet:-1","max-image-preview":"max-image-preview:large","max-video-preview":"max-video-preview:-1"},"canonical":"https:\/\/www.aquimicasa.net\/blog\/vivienda\/construccion-de-viviendas\/amenabar-aterriza-con-612-vpo-en-el-centro-de-sevilla\/","og_locale":"es_ES","og_type":"article","og_title":"Amenabar aterriza con 612 VPO en el centro de Sevilla","og_description":"La gesti\u00f3n de las adjudicaciones recaer\u00e1 sobre Amenabar, que trabajar\u00e1 con el listado de candidatos facilitado por Emvisesa,","og_url":"https:\/\/www.aquimicasa.net\/blog\/vivienda\/construccion-de-viviendas\/amenabar-aterriza-con-612-vpo-en-el-centro-de-sevilla\/","og_site_name":"Blog de aquimicasa.net","article_publisher":"https:\/\/www.facebook.com\/aquimicasa.net","article_published_time":"2026-09-05T09:44:56+00:00","og_image":[{"width":2000,"height":958,"url":"https:\/\/www.aquimicasa.net\/blog\/wp-content\/uploads\/Amenabar.jpg","type":"image\/jpeg"}],"author":"Eduardo Lizarraga","twitter_misc":{"Escrito por":"Eduardo Lizarraga","Tiempo de lectura":"5 minutos"},"schema":{"@context":"https:\/\/schema.org","@graph":[{"@type":"Article","@id":"https:\/\/www.aquimicasa.net\/blog\/vivienda\/construccion-de-viviendas\/amenabar-aterriza-con-612-vpo-en-el-centro-de-sevilla\/#article","isPartOf":{"@id":"https:\/\/www.aquimicasa.net\/blog\/vivienda\/construccion-de-viviendas\/amenabar-aterriza-con-612-vpo-en-el-centro-de-sevilla\/"},"author":{"name":"Eduardo Lizarraga","@id":"https:\/\/www.aquimicasa.net\/blog\/#\/schema\/person\/2cdfa2605534583395c8d7ce1d6cac14"},"headline":"Amenabar aterriza con 612 VPO en el centro de Sevilla","datePublished":"2026-09-05T09:44:56+00:00","mainEntityOfPage":{"@id":"https:\/\/www.aquimicasa.net\/blog\/vivienda\/construccion-de-viviendas\/amenabar-aterriza-con-612-vpo-en-el-centro-de-sevilla\/"},"wordCount":1122,"publisher":{"@id":"https:\/\/www.aquimicasa.net\/blog\/#organization"},"image":{"@id":"https:\/\/www.aquimicasa.net\/blog\/vivienda\/construccion-de-viviendas\/amenabar-aterriza-con-612-vpo-en-el-centro-de-sevilla\/#primaryimage"},"thumbnailUrl":"https:\/\/www.aquimicasa.net\/blog\/wp-content\/uploads\/Amenabar.jpg","keywords":["newsletter 582"],"articleSection":["Obra Nueva"],"inLanguage":"es"},{"@type":"WebPage","@id":"https:\/\/www.aquimicasa.net\/blog\/vivienda\/construccion-de-viviendas\/amenabar-aterriza-con-612-vpo-en-el-centro-de-sevilla\/","url":"https:\/\/www.aquimicasa.net\/blog\/vivienda\/construccion-de-viviendas\/amenabar-aterriza-con-612-vpo-en-el-centro-de-sevilla\/","name":"Amenabar aterriza con 612 VPO en el centro de Sevilla","isPartOf":{"@id":"https:\/\/www.aquimicasa.net\/blog\/#website"},"primaryImageOfPage":{"@id":"https:\/\/www.aquimicasa.net\/blog\/vivienda\/construccion-de-viviendas\/amenabar-aterriza-con-612-vpo-en-el-centro-de-sevilla\/#primaryimage"},"image":{"@id":"https:\/\/www.aquimicasa.net\/blog\/vivienda\/construccion-de-viviendas\/amenabar-aterriza-con-612-vpo-en-el-centro-de-sevilla\/#primaryimage"},"thumbnailUrl":"https:\/\/www.aquimicasa.net\/blog\/wp-content\/uploads\/Amenabar.jpg","datePublished":"2026-09-05T09:44:56+00:00","description":"La gesti\u00f3n de las adjudicaciones recaer\u00e1 sobre Amenabar, que trabajar\u00e1 con el listado de candidatos facilitado por Emvisesa,","breadcrumb":{"@id":"https:\/\/www.aquimicasa.net\/blog\/vivienda\/construccion-de-viviendas\/amenabar-aterriza-con-612-vpo-en-el-centro-de-sevilla\/#breadcrumb"},"inLanguage":"es","potentialAction":[{"@type":"ReadAction","target":["https:\/\/www.aquimicasa.net\/blog\/vivienda\/construccion-de-viviendas\/amenabar-aterriza-con-612-vpo-en-el-centro-de-sevilla\/"]}]},{"@type":"ImageObject","inLanguage":"es","@id":"https:\/\/www.aquimicasa.net\/blog\/vivienda\/construccion-de-viviendas\/amenabar-aterriza-con-612-vpo-en-el-centro-de-sevilla\/#primaryimage","url":"https:\/\/www.aquimicasa.net\/blog\/wp-content\/uploads\/Amenabar.jpg","contentUrl":"https:\/\/www.aquimicasa.net\/blog\/wp-content\/uploads\/Amenabar.jpg","width":2000,"height":958,"caption":"Amenabar construir\u00e1 612 viviendas VPO en Sevilla"},{"@type":"BreadcrumbList","@id":"https:\/\/www.aquimicasa.net\/blog\/vivienda\/construccion-de-viviendas\/amenabar-aterriza-con-612-vpo-en-el-centro-de-sevilla\/#breadcrumb","itemListElement":[{"@type":"ListItem","position":1,"name":"Portada","item":"https:\/\/www.aquimicasa.net\/blog\/"},{"@type":"ListItem","position":2,"name":"Amenabar aterriza con 612 VPO en el centro de Sevilla"}]},{"@type":"WebSite","@id":"https:\/\/www.aquimicasa.net\/blog\/#website","url":"https:\/\/www.aquimicasa.net\/blog\/","name":"Blog de aquimicasa.net","description":"Noticias del Mundo Inmobiliario","publisher":{"@id":"https:\/\/www.aquimicasa.net\/blog\/#organization"},"potentialAction":[{"@type":"SearchAction","target":{"@type":"EntryPoint","urlTemplate":"https:\/\/www.aquimicasa.net\/blog\/?s={search_term_string}"},"query-input":{"@type":"PropertyValueSpecification","valueRequired":true,"valueName":"search_term_string"}}],"inLanguage":"es"},{"@type":"Organization","@id":"https:\/\/www.aquimicasa.net\/blog\/#organization","name":"Blog de aquimicasa.net","url":"https:\/\/www.aquimicasa.net\/blog\/","logo":{"@type":"ImageObject","inLanguage":"es","@id":"https:\/\/www.aquimicasa.net\/blog\/#\/schema\/logo\/image\/","url":"https:\/\/www.aquimicasa.net\/blog\/wp-content\/uploads\/Logo-aquimicasa-1-e1528048213782.png","contentUrl":"https:\/\/www.aquimicasa.net\/blog\/wp-content\/uploads\/Logo-aquimicasa-1-e1528048213782.png","width":225,"height":225,"caption":"Blog de aquimicasa.net"},"image":{"@id":"https:\/\/www.aquimicasa.net\/blog\/#\/schema\/logo\/image\/"},"sameAs":["https:\/\/www.facebook.com\/aquimicasa.net","https:\/\/www.instagram.com\/","https:\/\/x.com\/EduLizarragaD","https:\/\/www.linkedin.com\/feed\/"]},{"@type":"Person","@id":"https:\/\/www.aquimicasa.net\/blog\/#\/schema\/person\/2cdfa2605534583395c8d7ce1d6cac14","name":"Eduardo Lizarraga","image":{"@type":"ImageObject","inLanguage":"es","@id":"https:\/\/secure.gravatar.com\/avatar\/bdabe1eeeed97b65a9cb7de2edd624b07995f7e13abc5fead15961f745f908cc?s=96&d=mm&r=g","url":"https:\/\/secure.gravatar.com\/avatar\/bdabe1eeeed97b65a9cb7de2edd624b07995f7e13abc5fead15961f745f908cc?s=96&d=mm&r=g","contentUrl":"https:\/\/secure.gravatar.com\/avatar\/bdabe1eeeed97b65a9cb7de2edd624b07995f7e13abc5fead15961f745f908cc?s=96&d=mm&r=g","caption":"Eduardo Lizarraga"},"description":"Periodista Econ\u00f3mico. Ha trabajado en diversos campos de la informaci\u00f3n. Corresponsal en conflictos, analista pol\u00edtico en Congreso y Senado, periodista del medio ambiente, editor, director editorial, director de comunicaci\u00f3n.... En estos momentos se ha especializado en el sector inmobiliario. Pero tambi\u00e9n es navegante y viajero, preocupado por la pobreza, el medio ambiente y por las actuaciones descontroladas del neoliberalismo empresarial y pol\u00edtico en todo el mundo. Los desahucios, la pobreza infantil y la falta de acceso a los suministros b\u00e1sicos son algunos de los grandes dramas de nuestra sociedad y que es preciso solucionar para hacerla m\u00e1s justa. CEO en www.aquimicasa.net","sameAs":["https:\/\/www.aquimicasa.net\/"],"url":"https:\/\/www.aquimicasa.net\/blog\/author\/eduardo\/"}]}},"jetpack_publicize_connections":[],"jetpack_featured_media_url":"https:\/\/www.aquimicasa.net\/blog\/wp-content\/uploads\/Amenabar.jpg","jetpack_sharing_enabled":true,"jetpack_likes_enabled":true,"_links":{"self":[{"href":"https:\/\/www.aquimicasa.net\/blog\/wp-json\/wp\/v2\/posts\/57655","targetHints":{"allow":["GET"]}}],"collection":[{"href":"https:\/\/www.aquimicasa.net\/blog\/wp-json\/wp\/v2\/posts"}],"about":[{"href":"https:\/\/www.aquimicasa.net\/blog\/wp-json\/wp\/v2\/types\/post"}],"author":[{"embeddable":true,"href":"https:\/\/www.aquimicasa.net\/blog\/wp-json\/wp\/v2\/users\/3"}],"replies":[{"embeddable":true,"href":"https:\/\/www.aquimicasa.net\/blog\/wp-json\/wp\/v2\/comments?post=57655"}],"version-history":[{"count":2,"href":"https:\/\/www.aquimicasa.net\/blog\/wp-json\/wp\/v2\/posts\/57655\/revisions"}],"predecessor-version":[{"id":57658,"href":"https:\/\/www.aquimicasa.net\/blog\/wp-json\/wp\/v2\/posts\/57655\/revisions\/57658"}],"wp:featuredmedia":[{"embeddable":true,"href":"https:\/\/www.aquimicasa.net\/blog\/wp-json\/wp\/v2\/media\/57657"}],"wp:attachment":[{"href":"https:\/\/www.aquimicasa.net\/blog\/wp-json\/wp\/v2\/media?parent=57655"}],"wp:term":[{"taxonomy":"category","embeddable":true,"href":"https:\/\/www.aquimicasa.net\/blog\/wp-json\/wp\/v2\/categories?post=57655"},{"taxonomy":"post_tag","embeddable":true,"href":"https:\/\/www.aquimicasa.net\/blog\/wp-json\/wp\/v2\/tags?post=57655"}],"curies":[{"name":"wp","href":"https:\/\/api.w.org\/{rel}","templated":true}]}}