{"id":7199,"date":"2015-01-18T07:18:14","date_gmt":"2015-01-18T07:18:14","guid":{"rendered":"http:\/\/www.pisosenventadeparticulares.com\/blog\/?p=7199"},"modified":"2020-04-02T18:44:28","modified_gmt":"2020-04-02T16:44:28","slug":"monago-se-le-rebelan-los-desahuciados","status":"publish","type":"post","link":"https:\/\/www.aquimicasa.net\/blog\/vivienda\/desahucio\/monago-se-le-rebelan-los-desahuciados\/","title":{"rendered":"A Monago, de la Junta de Extremadura, se le rebelan los desahuciados"},"content":{"rendered":"<p>Al Presidente de la Junta de Extremadura, Jos\u00e9 Antonio Monago, le aparecen inquilinos a su puerta, en concreto familias que han sido desahuciadas en Extremadura han decidido hacer saber a su \u00abmandatario\u00bb la situaci\u00f3n en la que se encuentran de esta forma. Juliana y Antonio, de 55 y 58 a\u00f1os, se han sumado esta noche a la pernoctaci\u00f3n en la puerta de la lujosa Urbanizaci\u00f3n de chal\u00e9s Los Altos de la Ca\u00f1ada, donde vive el presidente de la Junta de Extremadura, Jos\u00e9 Antonio Monago.<\/p>\n<p>Tanto ellos como Isabel Rodr\u00edguez, que permanece all\u00ed desde hace ya tres d\u00edas, son familias afectadas por los desahucios de vivienda. Isabel es madre de dos hijos de 13 y 12 a\u00f1os, ha sido v\u00edctima de violencia de g\u00e9nero y en este momento no tiene ning\u00fan tipo de ingreso. Su desahucio se consum\u00f3 ayer. es otra de las injusticias que asolan Espa\u00f1a ante la complicidad del Gobierno del PP, que s\u00f3lo se preocupa de los intereses de los bancos y grandes empresas.<\/p>\n<p>La nueva familia que se incorpora a la protesta ante la puerta de Monago est\u00e1 compuesta por 6 miembros. Juliana y Antonio son una pareja que ha trabajado toda la vida en el campo como jornaleros. Antonio ha sido durante muchos a\u00f1os tractorista y ha realizado todo tipo de faenas agr\u00edcolas. Son naturales de La Roca de la Sierra y se trasladaron a Montijo hace unos a\u00f1os. Tras el desahucio, la familia ha tenido que repartirse. Un hijo de 20 a\u00f1os ha sido recogido por los padres de su novia. Una hija de 25 a\u00f1os, junto con su beb\u00e9 de 6 meses, ha sido recogida por los abuelos en La Roca de la Sierra; all\u00ed, madre e hija, tienen que dormir en el comedor. Por \u00faltimo, la pareja, junto a un hijo de 18 a\u00f1os, se han instalado en el trastero comunitario del bloque de donde han sido desahuciados. <\/p>\n<p>El piso donde viv\u00edan es de alquiler privado. Pagaban 320 euros pero desde hace unos meses no pod\u00edan hacer frente a los recibos. Los \u00fanicos ingresos que ten\u00eda Antonio eran los 426 euros del subsidio y, cuando se le termin\u00f3, le qued\u00f3 la renta b\u00e1sica de inserci\u00f3n que la Junta de Extremadura dej\u00f3 de abonarles en el mes de octubre. La hija, madre soltera, tambi\u00e9n ha solicitado la renta b\u00e1sica de inserci\u00f3n, pero la Junta de Extremadura tampoco se la est\u00e1 pagando. Ese mismo mes de octubre, cuando dejan de percibir los magros ingresos que recib\u00edan, el d\u00eda 13, es cuando la familia es desalojada del domicilio.<\/p>\n<p>Donde viven ahora, en el trastero comunitario, las ratas se pasean como por su casa. Ahuyentarlas o matarlas es una de las tareas que tiene el perro de la casa. No tienen agua y van a por ella a la fuente de la plaza de Montijo. Juliana, con un nudo en la garganta, cuenta que hace tres meses que no se duchan porque no tienen donde. Se asean en los servicios del Ayuntamiento. No son \u00e9stas todas las desdichas que ahora acampa a la puerta de Monago, Juliana est\u00e1 enferma de asma y no tiene dinero siquiera para pagarse las medicinas.<\/p>\n<p>\u00c9sta es la recuperaci\u00f3n de Rajoy. \u00c9ste es el milagro econ\u00f3mico de Monago. Miles de familias obreras, desahuciadas de sus casas, hundidas en la miseria, tratadas como criminales. Este Gobierno es indigno y todo lo que est\u00e1n haciendo contra los m\u00e1s d\u00e9biles y desfavorecidos se les va a volver en contra.  Alg\u00fan d\u00eda se sentar\u00e1n en un banquillo para responder por sus delitos contra el pueblo, por provocar a sabiendas hambre, enfermedades y muerte.<\/p>\n","protected":false},"excerpt":{"rendered":"<p>Al Presidente de la Junta de Extremadura, Jos\u00e9 Antonio Monago, [&hellip;]<\/p>\n","protected":false},"author":3,"featured_media":0,"comment_status":"open","ping_status":"open","sticky":false,"template":"","format":"standard","meta":{"_jetpack_memberships_contains_paid_content":false,"footnotes":"","jetpack_publicize_message":"","jetpack_publicize_feature_enabled":true,"jetpack_social_post_already_shared":false,"jetpack_social_options":{"image_generator_settings":{"template":"highway","default_image_id":0,"font":"","enabled":false},"version":2}},"categories":[7512,25,104,7564,7565,28],"tags":[818,1146,1147],"class_list":["post-7199","post","type-post","status-publish","format-standard","hentry","category-consumidores","category-desahucio","category-leyes","category-noticias-economia","category-noticias-mercado-inmobiliario","category-plataforma-de-afectados-por-la-hipoteca","tag-extremadura","tag-jose-antonio-monago","tag-junta-de-extremadura"],"yoast_head":"<!-- This site is optimized with the Yoast SEO plugin v28.2 - https:\/\/yoast.com\/product\/yoast-seo-wordpress\/ -->\n<title>A Monago, de la Junta de Extremadura, se le rebelan los desahuciados<\/title>\n<meta name=\"description\" content=\"A Monago, Presidente de la Junta de Extremadura, le aparecen inquilinos a su puerta, en concreto familias que han sido desahuciadas en Extremadura\" \/>\n<meta name=\"robots\" content=\"index, follow, max-snippet:-1, max-image-preview:large, max-video-preview:-1\" \/>\n<link rel=\"canonical\" href=\"https:\/\/www.aquimicasa.net\/blog\/vivienda\/desahucio\/monago-se-le-rebelan-los-desahuciados\/\" \/>\n<meta property=\"og:locale\" content=\"es_ES\" \/>\n<meta property=\"og:type\" content=\"article\" \/>\n<meta property=\"og:title\" content=\"A Monago, de la Junta de Extremadura, se le rebelan los desahuciados\" \/>\n<meta property=\"og:description\" content=\"A Monago, Presidente de la Junta de Extremadura, le aparecen inquilinos a su puerta, en concreto familias que han sido desahuciadas en Extremadura\" \/>\n<meta property=\"og:url\" content=\"https:\/\/www.aquimicasa.net\/blog\/vivienda\/desahucio\/monago-se-le-rebelan-los-desahuciados\/\" \/>\n<meta property=\"og:site_name\" content=\"Blog de aquimicasa.net\" \/>\n<meta property=\"article:publisher\" content=\"https:\/\/www.facebook.com\/aquimicasa.net\" \/>\n<meta property=\"article:published_time\" content=\"2015-01-18T07:18:14+00:00\" \/>\n<meta property=\"article:modified_time\" content=\"2020-04-02T16:44:28+00:00\" \/>\n<meta name=\"author\" content=\"Eduardo Lizarraga\" \/>\n<meta name=\"twitter:label1\" content=\"Escrito por\" \/>\n\t<meta name=\"twitter:data1\" content=\"Eduardo Lizarraga\" \/>\n\t<meta name=\"twitter:label2\" content=\"Tiempo de lectura\" \/>\n\t<meta name=\"twitter:data2\" content=\"3 minutos\" \/>\n<script type=\"application\/ld+json\" class=\"yoast-schema-graph\">{\"@context\":\"https:\\\/\\\/schema.org\",\"@graph\":[{\"@type\":\"Article\",\"@id\":\"https:\\\/\\\/www.aquimicasa.net\\\/blog\\\/vivienda\\\/desahucio\\\/monago-se-le-rebelan-los-desahuciados\\\/#article\",\"isPartOf\":{\"@id\":\"https:\\\/\\\/www.aquimicasa.net\\\/blog\\\/vivienda\\\/desahucio\\\/monago-se-le-rebelan-los-desahuciados\\\/\"},\"author\":{\"name\":\"Eduardo Lizarraga\",\"@id\":\"https:\\\/\\\/www.aquimicasa.net\\\/blog\\\/#\\\/schema\\\/person\\\/2cdfa2605534583395c8d7ce1d6cac14\"},\"headline\":\"A Monago, de la Junta de Extremadura, se le rebelan los desahuciados\",\"datePublished\":\"2015-01-18T07:18:14+00:00\",\"dateModified\":\"2020-04-02T16:44:28+00:00\",\"mainEntityOfPage\":{\"@id\":\"https:\\\/\\\/www.aquimicasa.net\\\/blog\\\/vivienda\\\/desahucio\\\/monago-se-le-rebelan-los-desahuciados\\\/\"},\"wordCount\":635,\"commentCount\":0,\"publisher\":{\"@id\":\"https:\\\/\\\/www.aquimicasa.net\\\/blog\\\/#organization\"},\"keywords\":[\"Extremadura\",\"Jos\u00e9 Antonio Monago\",\"Junta de Extremadura\"],\"articleSection\":[\"Consumidores\",\"Desahucios\",\"Leyes\",\"Noticias Econom\u00eda\",\"Noticias Mercado Inmobiliario\",\"Plataforma de Afectados por la Hipoteca\"],\"inLanguage\":\"es\",\"potentialAction\":[{\"@type\":\"CommentAction\",\"name\":\"Comment\",\"target\":[\"https:\\\/\\\/www.aquimicasa.net\\\/blog\\\/vivienda\\\/desahucio\\\/monago-se-le-rebelan-los-desahuciados\\\/#respond\"]}]},{\"@type\":\"WebPage\",\"@id\":\"https:\\\/\\\/www.aquimicasa.net\\\/blog\\\/vivienda\\\/desahucio\\\/monago-se-le-rebelan-los-desahuciados\\\/\",\"url\":\"https:\\\/\\\/www.aquimicasa.net\\\/blog\\\/vivienda\\\/desahucio\\\/monago-se-le-rebelan-los-desahuciados\\\/\",\"name\":\"A Monago, de la Junta de Extremadura, se le rebelan los desahuciados\",\"isPartOf\":{\"@id\":\"https:\\\/\\\/www.aquimicasa.net\\\/blog\\\/#website\"},\"datePublished\":\"2015-01-18T07:18:14+00:00\",\"dateModified\":\"2020-04-02T16:44:28+00:00\",\"description\":\"A Monago, Presidente de la Junta de Extremadura, le aparecen inquilinos a su puerta, en concreto familias que han sido desahuciadas en Extremadura\",\"breadcrumb\":{\"@id\":\"https:\\\/\\\/www.aquimicasa.net\\\/blog\\\/vivienda\\\/desahucio\\\/monago-se-le-rebelan-los-desahuciados\\\/#breadcrumb\"},\"inLanguage\":\"es\",\"potentialAction\":[{\"@type\":\"ReadAction\",\"target\":[\"https:\\\/\\\/www.aquimicasa.net\\\/blog\\\/vivienda\\\/desahucio\\\/monago-se-le-rebelan-los-desahuciados\\\/\"]}]},{\"@type\":\"BreadcrumbList\",\"@id\":\"https:\\\/\\\/www.aquimicasa.net\\\/blog\\\/vivienda\\\/desahucio\\\/monago-se-le-rebelan-los-desahuciados\\\/#breadcrumb\",\"itemListElement\":[{\"@type\":\"ListItem\",\"position\":1,\"name\":\"Portada\",\"item\":\"https:\\\/\\\/www.aquimicasa.net\\\/blog\\\/\"},{\"@type\":\"ListItem\",\"position\":2,\"name\":\"A Monago, de la Junta de Extremadura, se le rebelan los desahuciados\"}]},{\"@type\":\"WebSite\",\"@id\":\"https:\\\/\\\/www.aquimicasa.net\\\/blog\\\/#website\",\"url\":\"https:\\\/\\\/www.aquimicasa.net\\\/blog\\\/\",\"name\":\"Blog de aquimicasa.net\",\"description\":\"Noticias del Mundo Inmobiliario\",\"publisher\":{\"@id\":\"https:\\\/\\\/www.aquimicasa.net\\\/blog\\\/#organization\"},\"potentialAction\":[{\"@type\":\"SearchAction\",\"target\":{\"@type\":\"EntryPoint\",\"urlTemplate\":\"https:\\\/\\\/www.aquimicasa.net\\\/blog\\\/?s={search_term_string}\"},\"query-input\":{\"@type\":\"PropertyValueSpecification\",\"valueRequired\":true,\"valueName\":\"search_term_string\"}}],\"inLanguage\":\"es\"},{\"@type\":\"Organization\",\"@id\":\"https:\\\/\\\/www.aquimicasa.net\\\/blog\\\/#organization\",\"name\":\"Blog de aquimicasa.net\",\"url\":\"https:\\\/\\\/www.aquimicasa.net\\\/blog\\\/\",\"logo\":{\"@type\":\"ImageObject\",\"inLanguage\":\"es\",\"@id\":\"https:\\\/\\\/www.aquimicasa.net\\\/blog\\\/#\\\/schema\\\/logo\\\/image\\\/\",\"url\":\"https:\\\/\\\/www.aquimicasa.net\\\/blog\\\/wp-content\\\/uploads\\\/Logo-aquimicasa-1-e1528048213782.png\",\"contentUrl\":\"https:\\\/\\\/www.aquimicasa.net\\\/blog\\\/wp-content\\\/uploads\\\/Logo-aquimicasa-1-e1528048213782.png\",\"width\":225,\"height\":225,\"caption\":\"Blog de aquimicasa.net\"},\"image\":{\"@id\":\"https:\\\/\\\/www.aquimicasa.net\\\/blog\\\/#\\\/schema\\\/logo\\\/image\\\/\"},\"sameAs\":[\"https:\\\/\\\/www.facebook.com\\\/aquimicasa.net\",\"https:\\\/\\\/www.instagram.com\\\/\",\"https:\\\/\\\/x.com\\\/EduLizarragaD\",\"https:\\\/\\\/www.linkedin.com\\\/feed\\\/\"]},{\"@type\":\"Person\",\"@id\":\"https:\\\/\\\/www.aquimicasa.net\\\/blog\\\/#\\\/schema\\\/person\\\/2cdfa2605534583395c8d7ce1d6cac14\",\"name\":\"Eduardo Lizarraga\",\"image\":{\"@type\":\"ImageObject\",\"inLanguage\":\"es\",\"@id\":\"https:\\\/\\\/secure.gravatar.com\\\/avatar\\\/bdabe1eeeed97b65a9cb7de2edd624b07995f7e13abc5fead15961f745f908cc?s=96&d=mm&r=g\",\"url\":\"https:\\\/\\\/secure.gravatar.com\\\/avatar\\\/bdabe1eeeed97b65a9cb7de2edd624b07995f7e13abc5fead15961f745f908cc?s=96&d=mm&r=g\",\"contentUrl\":\"https:\\\/\\\/secure.gravatar.com\\\/avatar\\\/bdabe1eeeed97b65a9cb7de2edd624b07995f7e13abc5fead15961f745f908cc?s=96&d=mm&r=g\",\"caption\":\"Eduardo Lizarraga\"},\"description\":\"Periodista Econ\u00f3mico. Ha trabajado en diversos campos de la informaci\u00f3n. Corresponsal en conflictos, analista pol\u00edtico en Congreso y Senado, periodista del medio ambiente, editor, director editorial, director de comunicaci\u00f3n.... En estos momentos se ha especializado en el sector inmobiliario. Pero tambi\u00e9n es navegante y viajero, preocupado por la pobreza, el medio ambiente y por las actuaciones descontroladas del neoliberalismo empresarial y pol\u00edtico en todo el mundo. Los desahucios, la pobreza infantil y la falta de acceso a los suministros b\u00e1sicos son algunos de los grandes dramas de nuestra sociedad y que es preciso solucionar para hacerla m\u00e1s justa. CEO en www.aquimicasa.net\",\"sameAs\":[\"https:\\\/\\\/www.aquimicasa.net\\\/\"],\"url\":\"https:\\\/\\\/www.aquimicasa.net\\\/blog\\\/author\\\/eduardo\\\/\"}]}<\/script>\n<!-- \/ Yoast SEO plugin. -->","yoast_head_json":{"title":"A Monago, de la Junta de Extremadura, se le rebelan los desahuciados","description":"A Monago, Presidente de la Junta de Extremadura, le aparecen inquilinos a su puerta, en concreto familias que han sido desahuciadas en Extremadura","robots":{"index":"index","follow":"follow","max-snippet":"max-snippet:-1","max-image-preview":"max-image-preview:large","max-video-preview":"max-video-preview:-1"},"canonical":"https:\/\/www.aquimicasa.net\/blog\/vivienda\/desahucio\/monago-se-le-rebelan-los-desahuciados\/","og_locale":"es_ES","og_type":"article","og_title":"A Monago, de la Junta de Extremadura, se le rebelan los desahuciados","og_description":"A Monago, Presidente de la Junta de Extremadura, le aparecen inquilinos a su puerta, en concreto familias que han sido desahuciadas en Extremadura","og_url":"https:\/\/www.aquimicasa.net\/blog\/vivienda\/desahucio\/monago-se-le-rebelan-los-desahuciados\/","og_site_name":"Blog de aquimicasa.net","article_publisher":"https:\/\/www.facebook.com\/aquimicasa.net","article_published_time":"2015-01-18T07:18:14+00:00","article_modified_time":"2020-04-02T16:44:28+00:00","author":"Eduardo Lizarraga","twitter_misc":{"Escrito por":"Eduardo Lizarraga","Tiempo de lectura":"3 minutos"},"schema":{"@context":"https:\/\/schema.org","@graph":[{"@type":"Article","@id":"https:\/\/www.aquimicasa.net\/blog\/vivienda\/desahucio\/monago-se-le-rebelan-los-desahuciados\/#article","isPartOf":{"@id":"https:\/\/www.aquimicasa.net\/blog\/vivienda\/desahucio\/monago-se-le-rebelan-los-desahuciados\/"},"author":{"name":"Eduardo Lizarraga","@id":"https:\/\/www.aquimicasa.net\/blog\/#\/schema\/person\/2cdfa2605534583395c8d7ce1d6cac14"},"headline":"A Monago, de la Junta de Extremadura, se le rebelan los desahuciados","datePublished":"2015-01-18T07:18:14+00:00","dateModified":"2020-04-02T16:44:28+00:00","mainEntityOfPage":{"@id":"https:\/\/www.aquimicasa.net\/blog\/vivienda\/desahucio\/monago-se-le-rebelan-los-desahuciados\/"},"wordCount":635,"commentCount":0,"publisher":{"@id":"https:\/\/www.aquimicasa.net\/blog\/#organization"},"keywords":["Extremadura","Jos\u00e9 Antonio Monago","Junta de Extremadura"],"articleSection":["Consumidores","Desahucios","Leyes","Noticias Econom\u00eda","Noticias Mercado Inmobiliario","Plataforma de Afectados por la Hipoteca"],"inLanguage":"es","potentialAction":[{"@type":"CommentAction","name":"Comment","target":["https:\/\/www.aquimicasa.net\/blog\/vivienda\/desahucio\/monago-se-le-rebelan-los-desahuciados\/#respond"]}]},{"@type":"WebPage","@id":"https:\/\/www.aquimicasa.net\/blog\/vivienda\/desahucio\/monago-se-le-rebelan-los-desahuciados\/","url":"https:\/\/www.aquimicasa.net\/blog\/vivienda\/desahucio\/monago-se-le-rebelan-los-desahuciados\/","name":"A Monago, de la Junta de Extremadura, se le rebelan los desahuciados","isPartOf":{"@id":"https:\/\/www.aquimicasa.net\/blog\/#website"},"datePublished":"2015-01-18T07:18:14+00:00","dateModified":"2020-04-02T16:44:28+00:00","description":"A Monago, Presidente de la Junta de Extremadura, le aparecen inquilinos a su puerta, en concreto familias que han sido desahuciadas en Extremadura","breadcrumb":{"@id":"https:\/\/www.aquimicasa.net\/blog\/vivienda\/desahucio\/monago-se-le-rebelan-los-desahuciados\/#breadcrumb"},"inLanguage":"es","potentialAction":[{"@type":"ReadAction","target":["https:\/\/www.aquimicasa.net\/blog\/vivienda\/desahucio\/monago-se-le-rebelan-los-desahuciados\/"]}]},{"@type":"BreadcrumbList","@id":"https:\/\/www.aquimicasa.net\/blog\/vivienda\/desahucio\/monago-se-le-rebelan-los-desahuciados\/#breadcrumb","itemListElement":[{"@type":"ListItem","position":1,"name":"Portada","item":"https:\/\/www.aquimicasa.net\/blog\/"},{"@type":"ListItem","position":2,"name":"A Monago, de la Junta de Extremadura, se le rebelan los desahuciados"}]},{"@type":"WebSite","@id":"https:\/\/www.aquimicasa.net\/blog\/#website","url":"https:\/\/www.aquimicasa.net\/blog\/","name":"Blog de aquimicasa.net","description":"Noticias del Mundo Inmobiliario","publisher":{"@id":"https:\/\/www.aquimicasa.net\/blog\/#organization"},"potentialAction":[{"@type":"SearchAction","target":{"@type":"EntryPoint","urlTemplate":"https:\/\/www.aquimicasa.net\/blog\/?s={search_term_string}"},"query-input":{"@type":"PropertyValueSpecification","valueRequired":true,"valueName":"search_term_string"}}],"inLanguage":"es"},{"@type":"Organization","@id":"https:\/\/www.aquimicasa.net\/blog\/#organization","name":"Blog de aquimicasa.net","url":"https:\/\/www.aquimicasa.net\/blog\/","logo":{"@type":"ImageObject","inLanguage":"es","@id":"https:\/\/www.aquimicasa.net\/blog\/#\/schema\/logo\/image\/","url":"https:\/\/www.aquimicasa.net\/blog\/wp-content\/uploads\/Logo-aquimicasa-1-e1528048213782.png","contentUrl":"https:\/\/www.aquimicasa.net\/blog\/wp-content\/uploads\/Logo-aquimicasa-1-e1528048213782.png","width":225,"height":225,"caption":"Blog de aquimicasa.net"},"image":{"@id":"https:\/\/www.aquimicasa.net\/blog\/#\/schema\/logo\/image\/"},"sameAs":["https:\/\/www.facebook.com\/aquimicasa.net","https:\/\/www.instagram.com\/","https:\/\/x.com\/EduLizarragaD","https:\/\/www.linkedin.com\/feed\/"]},{"@type":"Person","@id":"https:\/\/www.aquimicasa.net\/blog\/#\/schema\/person\/2cdfa2605534583395c8d7ce1d6cac14","name":"Eduardo Lizarraga","image":{"@type":"ImageObject","inLanguage":"es","@id":"https:\/\/secure.gravatar.com\/avatar\/bdabe1eeeed97b65a9cb7de2edd624b07995f7e13abc5fead15961f745f908cc?s=96&d=mm&r=g","url":"https:\/\/secure.gravatar.com\/avatar\/bdabe1eeeed97b65a9cb7de2edd624b07995f7e13abc5fead15961f745f908cc?s=96&d=mm&r=g","contentUrl":"https:\/\/secure.gravatar.com\/avatar\/bdabe1eeeed97b65a9cb7de2edd624b07995f7e13abc5fead15961f745f908cc?s=96&d=mm&r=g","caption":"Eduardo Lizarraga"},"description":"Periodista Econ\u00f3mico. Ha trabajado en diversos campos de la informaci\u00f3n. Corresponsal en conflictos, analista pol\u00edtico en Congreso y Senado, periodista del medio ambiente, editor, director editorial, director de comunicaci\u00f3n.... En estos momentos se ha especializado en el sector inmobiliario. Pero tambi\u00e9n es navegante y viajero, preocupado por la pobreza, el medio ambiente y por las actuaciones descontroladas del neoliberalismo empresarial y pol\u00edtico en todo el mundo. Los desahucios, la pobreza infantil y la falta de acceso a los suministros b\u00e1sicos son algunos de los grandes dramas de nuestra sociedad y que es preciso solucionar para hacerla m\u00e1s justa. CEO en www.aquimicasa.net","sameAs":["https:\/\/www.aquimicasa.net\/"],"url":"https:\/\/www.aquimicasa.net\/blog\/author\/eduardo\/"}]}},"jetpack_publicize_connections":[],"jetpack_featured_media_url":"","jetpack_sharing_enabled":true,"jetpack_likes_enabled":true,"_links":{"self":[{"href":"https:\/\/www.aquimicasa.net\/blog\/wp-json\/wp\/v2\/posts\/7199","targetHints":{"allow":["GET"]}}],"collection":[{"href":"https:\/\/www.aquimicasa.net\/blog\/wp-json\/wp\/v2\/posts"}],"about":[{"href":"https:\/\/www.aquimicasa.net\/blog\/wp-json\/wp\/v2\/types\/post"}],"author":[{"embeddable":true,"href":"https:\/\/www.aquimicasa.net\/blog\/wp-json\/wp\/v2\/users\/3"}],"replies":[{"embeddable":true,"href":"https:\/\/www.aquimicasa.net\/blog\/wp-json\/wp\/v2\/comments?post=7199"}],"version-history":[{"count":1,"href":"https:\/\/www.aquimicasa.net\/blog\/wp-json\/wp\/v2\/posts\/7199\/revisions"}],"predecessor-version":[{"id":29943,"href":"https:\/\/www.aquimicasa.net\/blog\/wp-json\/wp\/v2\/posts\/7199\/revisions\/29943"}],"wp:attachment":[{"href":"https:\/\/www.aquimicasa.net\/blog\/wp-json\/wp\/v2\/media?parent=7199"}],"wp:term":[{"taxonomy":"category","embeddable":true,"href":"https:\/\/www.aquimicasa.net\/blog\/wp-json\/wp\/v2\/categories?post=7199"},{"taxonomy":"post_tag","embeddable":true,"href":"https:\/\/www.aquimicasa.net\/blog\/wp-json\/wp\/v2\/tags?post=7199"}],"curies":[{"name":"wp","href":"https:\/\/api.w.org\/{rel}","templated":true}]}}