{"id":721,"date":"2013-04-25T22:09:21","date_gmt":"2013-04-25T22:09:21","guid":{"rendered":"http:\/\/haciadelante.es\/?p=721"},"modified":"2020-04-02T18:04:58","modified_gmt":"2020-04-02T16:04:58","slug":"el-precio-de-la-vivienda-debera-bajar-un-8","status":"publish","type":"post","link":"https:\/\/www.aquimicasa.net\/blog\/economia\/credito-hipotecario\/el-precio-de-la-vivienda-debera-bajar-un-8\/","title":{"rendered":"El precio de la vivienda deber\u00e1 bajar un 8%"},"content":{"rendered":"<p>El precio de la vivienda en Espa\u00f1a seguir\u00e1 cayendo y deber\u00e1 bajar como m\u00ednimo un 8% m\u00e1s a sumar a la bajada del 35% que se acumula desde que se alcanzaran m\u00e1ximos en el a\u00f1o 2007. El banco suizo UBS ha elaborado un pormenorizado informe para\u00a0 sus clientes \u2018vip\u2019 sobre la situaci\u00f3n econ\u00f3mica espa\u00f1ola y posibilidades de inversi\u00f3n en nuestro pa\u00eds en el que se augura que los precios de la vivienda en Espa\u00f1a caer\u00e1n hasta niveles de 1989, es decir a niveles de hace 25 a\u00f1os.<\/p>\n<p>&nbsp;<\/p>\n<p>El banco suizo se\u00f1ala que el aumento del paro no solo impide la creaci\u00f3n de nuevos hogares, sino que incluso los destruye, porque por un lado miles de inmigrantes retornan a sus pa\u00edses de origen o se van a otros pa\u00edses europeos (por primera vez desde que hay padr\u00f3n Espa\u00f1a perdi\u00f3 habitantes el a\u00f1o pasado). Adem\u00e1s la emigraci\u00f3n de espa\u00f1oles por la crisis para buscar trabajo en otros pa\u00edses hunde la creaci\u00f3n de nuevos hogares. A esto hay que sumar que el stock de viviendas vac\u00edas y a la venta no para de crecer, a pesar de que la construcci\u00f3n se ha frenado en seco. Aumenta el parque de viviendas a la venta por las ejecuciones hipotecarias de la banca. UBS estima que en Espa\u00f1a hay un stock de 650.000 viviendas sin vender.<\/p>\n<p>&nbsp;<\/p>\n<p>El otro factor que provocar\u00e1 que los precios sigan descendiendo es el cerrojazo al cr\u00e9dito por parte de los bancos. Gran parte de la banca espa\u00f1ola (las antiguas cajas de ahorro) tuvieron que ser rescatadas por la Uni\u00f3n Europea para hacer frente al agujero que ten\u00edan precisamente por conceder cr\u00e9ditos a inmobiliarias y particulares de manera desmedida. Antes de volver a dar cr\u00e9dito deben sanearse, y UBS estima que los bancos espa\u00f1oles denegar\u00e1n cr\u00e9ditos por importe de 200.000 millones de euros. Todo ello dificultar\u00e1 que crezca la demanda y adem\u00e1s los inversores esperan a que el banco malo (Sareb) creado por el Gobierno empiece a vender las 82.000 viviendas que ha asumido procedentes de bancos rescatados.<\/p>\n<p>&nbsp;<\/p>\n<p>UBS se\u00f1ala en su estudio sobre Espa\u00f1a. que no se puede descartar una ca\u00edda superior al 8%, y concluye que el precio de la vivienda retroceder\u00e1 a niveles de 2.003 en t\u00e9rminos nominales y a precios de 1989 en t\u00e9rminos reales.<\/p>\n<p>&nbsp;<\/p>\n<p>Frente a los pron\u00f3sticos del Gobierno de que el a\u00f1o que viene la econom\u00eda espa\u00f1ola crecer\u00e1, el banco suizo se\u00f1ala que seguir\u00e1 en recesi\u00f3n al menos dos a\u00f1os m\u00e1s por el desbocado crecimiento de la deuda p\u00fablica, la ca\u00edda de la demanda interna, el paro, la falta de cr\u00e9dito y el desplome del sector inmobiliario. UBS sostiene que el pago de las pensiones y las prestaciones por desempleo obligar\u00e1n al Gobierno a realizar un mayor recorte del gasto, porque solo en pagar los intereses de la deuda que tiene Espa\u00f1a se van 34.000 millones este a\u00f1o, un 3,2% del PIB.<\/p>\n<p>&nbsp;<\/p>\n<p>UBS da por seguro que Espa\u00f1a no cumplir\u00e1 los objetivos de d\u00e9ficit ni este a\u00f1o ni el que viene a no ser que el Gobierno tome medidas dr\u00e1sticas, como suprimir de nuevo la extra de Navidad a todos los funcionarios p\u00fablicos y despedir a 450.000 funcionarios.<\/p>\n","protected":false},"excerpt":{"rendered":"<p>El precio de la vivienda en Espa\u00f1a seguir\u00e1 cayendo y [&hellip;]<\/p>\n","protected":false},"author":3,"featured_media":0,"comment_status":"open","ping_status":"open","sticky":false,"template":"","format":"standard","meta":{"_jetpack_memberships_contains_paid_content":false,"footnotes":"","jetpack_publicize_message":"","jetpack_publicize_feature_enabled":true,"jetpack_social_post_already_shared":false,"jetpack_social_options":{"image_generator_settings":{"template":"highway","default_image_id":0,"font":"","enabled":false},"version":2}},"categories":[46,100,43,96],"tags":[192],"class_list":["post-721","post","type-post","status-publish","format-standard","hentry","category-bancos","category-compraventa-de-viviendas","category-credito-hipotecario","category-construccion-de-viviendas","tag-usb"],"yoast_head":"<!-- This site is optimized with the Yoast SEO plugin v28.2 - https:\/\/yoast.com\/product\/yoast-seo-wordpress\/ -->\n<title>El precio de la vivienda deber\u00e1 bajar un 8% - Blog de aquimicasa.net<\/title>\n<meta name=\"robots\" content=\"index, follow, max-snippet:-1, max-image-preview:large, max-video-preview:-1\" \/>\n<link rel=\"canonical\" href=\"https:\/\/www.aquimicasa.net\/blog\/economia\/credito-hipotecario\/el-precio-de-la-vivienda-debera-bajar-un-8\/\" \/>\n<meta property=\"og:locale\" content=\"es_ES\" \/>\n<meta property=\"og:type\" content=\"article\" \/>\n<meta property=\"og:title\" content=\"El precio de la vivienda deber\u00e1 bajar un 8% - Blog de aquimicasa.net\" \/>\n<meta property=\"og:description\" content=\"El precio de la vivienda en Espa\u00f1a seguir\u00e1 cayendo y [&hellip;]\" \/>\n<meta property=\"og:url\" content=\"https:\/\/www.aquimicasa.net\/blog\/economia\/credito-hipotecario\/el-precio-de-la-vivienda-debera-bajar-un-8\/\" \/>\n<meta property=\"og:site_name\" content=\"Blog de aquimicasa.net\" \/>\n<meta property=\"article:publisher\" content=\"https:\/\/www.facebook.com\/aquimicasa.net\" \/>\n<meta property=\"article:published_time\" content=\"2013-04-25T22:09:21+00:00\" \/>\n<meta property=\"article:modified_time\" content=\"2020-04-02T16:04:58+00:00\" \/>\n<meta name=\"author\" content=\"Eduardo Lizarraga\" \/>\n<meta name=\"twitter:label1\" content=\"Escrito por\" \/>\n\t<meta name=\"twitter:data1\" content=\"Eduardo Lizarraga\" \/>\n\t<meta name=\"twitter:label2\" content=\"Tiempo de lectura\" \/>\n\t<meta name=\"twitter:data2\" content=\"3 minutos\" \/>\n<script type=\"application\/ld+json\" class=\"yoast-schema-graph\">{\"@context\":\"https:\\\/\\\/schema.org\",\"@graph\":[{\"@type\":\"Article\",\"@id\":\"https:\\\/\\\/www.aquimicasa.net\\\/blog\\\/economia\\\/credito-hipotecario\\\/el-precio-de-la-vivienda-debera-bajar-un-8\\\/#article\",\"isPartOf\":{\"@id\":\"https:\\\/\\\/www.aquimicasa.net\\\/blog\\\/economia\\\/credito-hipotecario\\\/el-precio-de-la-vivienda-debera-bajar-un-8\\\/\"},\"author\":{\"name\":\"Eduardo Lizarraga\",\"@id\":\"https:\\\/\\\/www.aquimicasa.net\\\/blog\\\/#\\\/schema\\\/person\\\/2cdfa2605534583395c8d7ce1d6cac14\"},\"headline\":\"El precio de la vivienda deber\u00e1 bajar un 8%\",\"datePublished\":\"2013-04-25T22:09:21+00:00\",\"dateModified\":\"2020-04-02T16:04:58+00:00\",\"mainEntityOfPage\":{\"@id\":\"https:\\\/\\\/www.aquimicasa.net\\\/blog\\\/economia\\\/credito-hipotecario\\\/el-precio-de-la-vivienda-debera-bajar-un-8\\\/\"},\"wordCount\":584,\"commentCount\":0,\"publisher\":{\"@id\":\"https:\\\/\\\/www.aquimicasa.net\\\/blog\\\/#organization\"},\"keywords\":[\"USB\"],\"articleSection\":[\"Bancos\",\"Compra Venta\",\"Cr\u00e9dito hipotecario\",\"Obra Nueva\"],\"inLanguage\":\"es\",\"potentialAction\":[{\"@type\":\"CommentAction\",\"name\":\"Comment\",\"target\":[\"https:\\\/\\\/www.aquimicasa.net\\\/blog\\\/economia\\\/credito-hipotecario\\\/el-precio-de-la-vivienda-debera-bajar-un-8\\\/#respond\"]}]},{\"@type\":\"WebPage\",\"@id\":\"https:\\\/\\\/www.aquimicasa.net\\\/blog\\\/economia\\\/credito-hipotecario\\\/el-precio-de-la-vivienda-debera-bajar-un-8\\\/\",\"url\":\"https:\\\/\\\/www.aquimicasa.net\\\/blog\\\/economia\\\/credito-hipotecario\\\/el-precio-de-la-vivienda-debera-bajar-un-8\\\/\",\"name\":\"El precio de la vivienda deber\u00e1 bajar un 8% - Blog de aquimicasa.net\",\"isPartOf\":{\"@id\":\"https:\\\/\\\/www.aquimicasa.net\\\/blog\\\/#website\"},\"datePublished\":\"2013-04-25T22:09:21+00:00\",\"dateModified\":\"2020-04-02T16:04:58+00:00\",\"breadcrumb\":{\"@id\":\"https:\\\/\\\/www.aquimicasa.net\\\/blog\\\/economia\\\/credito-hipotecario\\\/el-precio-de-la-vivienda-debera-bajar-un-8\\\/#breadcrumb\"},\"inLanguage\":\"es\",\"potentialAction\":[{\"@type\":\"ReadAction\",\"target\":[\"https:\\\/\\\/www.aquimicasa.net\\\/blog\\\/economia\\\/credito-hipotecario\\\/el-precio-de-la-vivienda-debera-bajar-un-8\\\/\"]}]},{\"@type\":\"BreadcrumbList\",\"@id\":\"https:\\\/\\\/www.aquimicasa.net\\\/blog\\\/economia\\\/credito-hipotecario\\\/el-precio-de-la-vivienda-debera-bajar-un-8\\\/#breadcrumb\",\"itemListElement\":[{\"@type\":\"ListItem\",\"position\":1,\"name\":\"Portada\",\"item\":\"https:\\\/\\\/www.aquimicasa.net\\\/blog\\\/\"},{\"@type\":\"ListItem\",\"position\":2,\"name\":\"El precio de la vivienda deber\u00e1 bajar un 8%\"}]},{\"@type\":\"WebSite\",\"@id\":\"https:\\\/\\\/www.aquimicasa.net\\\/blog\\\/#website\",\"url\":\"https:\\\/\\\/www.aquimicasa.net\\\/blog\\\/\",\"name\":\"Blog de aquimicasa.net\",\"description\":\"Noticias del Mundo Inmobiliario\",\"publisher\":{\"@id\":\"https:\\\/\\\/www.aquimicasa.net\\\/blog\\\/#organization\"},\"potentialAction\":[{\"@type\":\"SearchAction\",\"target\":{\"@type\":\"EntryPoint\",\"urlTemplate\":\"https:\\\/\\\/www.aquimicasa.net\\\/blog\\\/?s={search_term_string}\"},\"query-input\":{\"@type\":\"PropertyValueSpecification\",\"valueRequired\":true,\"valueName\":\"search_term_string\"}}],\"inLanguage\":\"es\"},{\"@type\":\"Organization\",\"@id\":\"https:\\\/\\\/www.aquimicasa.net\\\/blog\\\/#organization\",\"name\":\"Blog de aquimicasa.net\",\"url\":\"https:\\\/\\\/www.aquimicasa.net\\\/blog\\\/\",\"logo\":{\"@type\":\"ImageObject\",\"inLanguage\":\"es\",\"@id\":\"https:\\\/\\\/www.aquimicasa.net\\\/blog\\\/#\\\/schema\\\/logo\\\/image\\\/\",\"url\":\"https:\\\/\\\/www.aquimicasa.net\\\/blog\\\/wp-content\\\/uploads\\\/Logo-aquimicasa-1-e1528048213782.png\",\"contentUrl\":\"https:\\\/\\\/www.aquimicasa.net\\\/blog\\\/wp-content\\\/uploads\\\/Logo-aquimicasa-1-e1528048213782.png\",\"width\":225,\"height\":225,\"caption\":\"Blog de aquimicasa.net\"},\"image\":{\"@id\":\"https:\\\/\\\/www.aquimicasa.net\\\/blog\\\/#\\\/schema\\\/logo\\\/image\\\/\"},\"sameAs\":[\"https:\\\/\\\/www.facebook.com\\\/aquimicasa.net\",\"https:\\\/\\\/www.instagram.com\\\/\",\"https:\\\/\\\/x.com\\\/EduLizarragaD\",\"https:\\\/\\\/www.linkedin.com\\\/feed\\\/\"]},{\"@type\":\"Person\",\"@id\":\"https:\\\/\\\/www.aquimicasa.net\\\/blog\\\/#\\\/schema\\\/person\\\/2cdfa2605534583395c8d7ce1d6cac14\",\"name\":\"Eduardo Lizarraga\",\"image\":{\"@type\":\"ImageObject\",\"inLanguage\":\"es\",\"@id\":\"https:\\\/\\\/secure.gravatar.com\\\/avatar\\\/bdabe1eeeed97b65a9cb7de2edd624b07995f7e13abc5fead15961f745f908cc?s=96&d=mm&r=g\",\"url\":\"https:\\\/\\\/secure.gravatar.com\\\/avatar\\\/bdabe1eeeed97b65a9cb7de2edd624b07995f7e13abc5fead15961f745f908cc?s=96&d=mm&r=g\",\"contentUrl\":\"https:\\\/\\\/secure.gravatar.com\\\/avatar\\\/bdabe1eeeed97b65a9cb7de2edd624b07995f7e13abc5fead15961f745f908cc?s=96&d=mm&r=g\",\"caption\":\"Eduardo Lizarraga\"},\"description\":\"Periodista Econ\u00f3mico. Ha trabajado en diversos campos de la informaci\u00f3n. Corresponsal en conflictos, analista pol\u00edtico en Congreso y Senado, periodista del medio ambiente, editor, director editorial, director de comunicaci\u00f3n.... En estos momentos se ha especializado en el sector inmobiliario. Pero tambi\u00e9n es navegante y viajero, preocupado por la pobreza, el medio ambiente y por las actuaciones descontroladas del neoliberalismo empresarial y pol\u00edtico en todo el mundo. Los desahucios, la pobreza infantil y la falta de acceso a los suministros b\u00e1sicos son algunos de los grandes dramas de nuestra sociedad y que es preciso solucionar para hacerla m\u00e1s justa. CEO en www.aquimicasa.net\",\"sameAs\":[\"https:\\\/\\\/www.aquimicasa.net\\\/\"],\"url\":\"https:\\\/\\\/www.aquimicasa.net\\\/blog\\\/author\\\/eduardo\\\/\"}]}<\/script>\n<!-- \/ Yoast SEO plugin. -->","yoast_head_json":{"title":"El precio de la vivienda deber\u00e1 bajar un 8% - Blog de aquimicasa.net","robots":{"index":"index","follow":"follow","max-snippet":"max-snippet:-1","max-image-preview":"max-image-preview:large","max-video-preview":"max-video-preview:-1"},"canonical":"https:\/\/www.aquimicasa.net\/blog\/economia\/credito-hipotecario\/el-precio-de-la-vivienda-debera-bajar-un-8\/","og_locale":"es_ES","og_type":"article","og_title":"El precio de la vivienda deber\u00e1 bajar un 8% - Blog de aquimicasa.net","og_description":"El precio de la vivienda en Espa\u00f1a seguir\u00e1 cayendo y [&hellip;]","og_url":"https:\/\/www.aquimicasa.net\/blog\/economia\/credito-hipotecario\/el-precio-de-la-vivienda-debera-bajar-un-8\/","og_site_name":"Blog de aquimicasa.net","article_publisher":"https:\/\/www.facebook.com\/aquimicasa.net","article_published_time":"2013-04-25T22:09:21+00:00","article_modified_time":"2020-04-02T16:04:58+00:00","author":"Eduardo Lizarraga","twitter_misc":{"Escrito por":"Eduardo Lizarraga","Tiempo de lectura":"3 minutos"},"schema":{"@context":"https:\/\/schema.org","@graph":[{"@type":"Article","@id":"https:\/\/www.aquimicasa.net\/blog\/economia\/credito-hipotecario\/el-precio-de-la-vivienda-debera-bajar-un-8\/#article","isPartOf":{"@id":"https:\/\/www.aquimicasa.net\/blog\/economia\/credito-hipotecario\/el-precio-de-la-vivienda-debera-bajar-un-8\/"},"author":{"name":"Eduardo Lizarraga","@id":"https:\/\/www.aquimicasa.net\/blog\/#\/schema\/person\/2cdfa2605534583395c8d7ce1d6cac14"},"headline":"El precio de la vivienda deber\u00e1 bajar un 8%","datePublished":"2013-04-25T22:09:21+00:00","dateModified":"2020-04-02T16:04:58+00:00","mainEntityOfPage":{"@id":"https:\/\/www.aquimicasa.net\/blog\/economia\/credito-hipotecario\/el-precio-de-la-vivienda-debera-bajar-un-8\/"},"wordCount":584,"commentCount":0,"publisher":{"@id":"https:\/\/www.aquimicasa.net\/blog\/#organization"},"keywords":["USB"],"articleSection":["Bancos","Compra Venta","Cr\u00e9dito hipotecario","Obra Nueva"],"inLanguage":"es","potentialAction":[{"@type":"CommentAction","name":"Comment","target":["https:\/\/www.aquimicasa.net\/blog\/economia\/credito-hipotecario\/el-precio-de-la-vivienda-debera-bajar-un-8\/#respond"]}]},{"@type":"WebPage","@id":"https:\/\/www.aquimicasa.net\/blog\/economia\/credito-hipotecario\/el-precio-de-la-vivienda-debera-bajar-un-8\/","url":"https:\/\/www.aquimicasa.net\/blog\/economia\/credito-hipotecario\/el-precio-de-la-vivienda-debera-bajar-un-8\/","name":"El precio de la vivienda deber\u00e1 bajar un 8% - Blog de aquimicasa.net","isPartOf":{"@id":"https:\/\/www.aquimicasa.net\/blog\/#website"},"datePublished":"2013-04-25T22:09:21+00:00","dateModified":"2020-04-02T16:04:58+00:00","breadcrumb":{"@id":"https:\/\/www.aquimicasa.net\/blog\/economia\/credito-hipotecario\/el-precio-de-la-vivienda-debera-bajar-un-8\/#breadcrumb"},"inLanguage":"es","potentialAction":[{"@type":"ReadAction","target":["https:\/\/www.aquimicasa.net\/blog\/economia\/credito-hipotecario\/el-precio-de-la-vivienda-debera-bajar-un-8\/"]}]},{"@type":"BreadcrumbList","@id":"https:\/\/www.aquimicasa.net\/blog\/economia\/credito-hipotecario\/el-precio-de-la-vivienda-debera-bajar-un-8\/#breadcrumb","itemListElement":[{"@type":"ListItem","position":1,"name":"Portada","item":"https:\/\/www.aquimicasa.net\/blog\/"},{"@type":"ListItem","position":2,"name":"El precio de la vivienda deber\u00e1 bajar un 8%"}]},{"@type":"WebSite","@id":"https:\/\/www.aquimicasa.net\/blog\/#website","url":"https:\/\/www.aquimicasa.net\/blog\/","name":"Blog de aquimicasa.net","description":"Noticias del Mundo Inmobiliario","publisher":{"@id":"https:\/\/www.aquimicasa.net\/blog\/#organization"},"potentialAction":[{"@type":"SearchAction","target":{"@type":"EntryPoint","urlTemplate":"https:\/\/www.aquimicasa.net\/blog\/?s={search_term_string}"},"query-input":{"@type":"PropertyValueSpecification","valueRequired":true,"valueName":"search_term_string"}}],"inLanguage":"es"},{"@type":"Organization","@id":"https:\/\/www.aquimicasa.net\/blog\/#organization","name":"Blog de aquimicasa.net","url":"https:\/\/www.aquimicasa.net\/blog\/","logo":{"@type":"ImageObject","inLanguage":"es","@id":"https:\/\/www.aquimicasa.net\/blog\/#\/schema\/logo\/image\/","url":"https:\/\/www.aquimicasa.net\/blog\/wp-content\/uploads\/Logo-aquimicasa-1-e1528048213782.png","contentUrl":"https:\/\/www.aquimicasa.net\/blog\/wp-content\/uploads\/Logo-aquimicasa-1-e1528048213782.png","width":225,"height":225,"caption":"Blog de aquimicasa.net"},"image":{"@id":"https:\/\/www.aquimicasa.net\/blog\/#\/schema\/logo\/image\/"},"sameAs":["https:\/\/www.facebook.com\/aquimicasa.net","https:\/\/www.instagram.com\/","https:\/\/x.com\/EduLizarragaD","https:\/\/www.linkedin.com\/feed\/"]},{"@type":"Person","@id":"https:\/\/www.aquimicasa.net\/blog\/#\/schema\/person\/2cdfa2605534583395c8d7ce1d6cac14","name":"Eduardo Lizarraga","image":{"@type":"ImageObject","inLanguage":"es","@id":"https:\/\/secure.gravatar.com\/avatar\/bdabe1eeeed97b65a9cb7de2edd624b07995f7e13abc5fead15961f745f908cc?s=96&d=mm&r=g","url":"https:\/\/secure.gravatar.com\/avatar\/bdabe1eeeed97b65a9cb7de2edd624b07995f7e13abc5fead15961f745f908cc?s=96&d=mm&r=g","contentUrl":"https:\/\/secure.gravatar.com\/avatar\/bdabe1eeeed97b65a9cb7de2edd624b07995f7e13abc5fead15961f745f908cc?s=96&d=mm&r=g","caption":"Eduardo Lizarraga"},"description":"Periodista Econ\u00f3mico. Ha trabajado en diversos campos de la informaci\u00f3n. Corresponsal en conflictos, analista pol\u00edtico en Congreso y Senado, periodista del medio ambiente, editor, director editorial, director de comunicaci\u00f3n.... En estos momentos se ha especializado en el sector inmobiliario. Pero tambi\u00e9n es navegante y viajero, preocupado por la pobreza, el medio ambiente y por las actuaciones descontroladas del neoliberalismo empresarial y pol\u00edtico en todo el mundo. Los desahucios, la pobreza infantil y la falta de acceso a los suministros b\u00e1sicos son algunos de los grandes dramas de nuestra sociedad y que es preciso solucionar para hacerla m\u00e1s justa. CEO en www.aquimicasa.net","sameAs":["https:\/\/www.aquimicasa.net\/"],"url":"https:\/\/www.aquimicasa.net\/blog\/author\/eduardo\/"}]}},"jetpack_publicize_connections":[],"jetpack_featured_media_url":"","jetpack_sharing_enabled":true,"jetpack_likes_enabled":true,"_links":{"self":[{"href":"https:\/\/www.aquimicasa.net\/blog\/wp-json\/wp\/v2\/posts\/721","targetHints":{"allow":["GET"]}}],"collection":[{"href":"https:\/\/www.aquimicasa.net\/blog\/wp-json\/wp\/v2\/posts"}],"about":[{"href":"https:\/\/www.aquimicasa.net\/blog\/wp-json\/wp\/v2\/types\/post"}],"author":[{"embeddable":true,"href":"https:\/\/www.aquimicasa.net\/blog\/wp-json\/wp\/v2\/users\/3"}],"replies":[{"embeddable":true,"href":"https:\/\/www.aquimicasa.net\/blog\/wp-json\/wp\/v2\/comments?post=721"}],"version-history":[{"count":3,"href":"https:\/\/www.aquimicasa.net\/blog\/wp-json\/wp\/v2\/posts\/721\/revisions"}],"predecessor-version":[{"id":30827,"href":"https:\/\/www.aquimicasa.net\/blog\/wp-json\/wp\/v2\/posts\/721\/revisions\/30827"}],"wp:attachment":[{"href":"https:\/\/www.aquimicasa.net\/blog\/wp-json\/wp\/v2\/media?parent=721"}],"wp:term":[{"taxonomy":"category","embeddable":true,"href":"https:\/\/www.aquimicasa.net\/blog\/wp-json\/wp\/v2\/categories?post=721"},{"taxonomy":"post_tag","embeddable":true,"href":"https:\/\/www.aquimicasa.net\/blog\/wp-json\/wp\/v2\/tags?post=721"}],"curies":[{"name":"wp","href":"https:\/\/api.w.org\/{rel}","templated":true}]}}