{"id":9313,"date":"2015-10-10T16:32:57","date_gmt":"2015-10-10T16:32:57","guid":{"rendered":"http:\/\/www.aquimicasa.com\/blog\/?p=9313"},"modified":"2020-04-02T18:31:00","modified_gmt":"2020-04-02T16:31:00","slug":"el-partido-popular-protegiendo-los-suyos","status":"publish","type":"post","link":"https:\/\/www.aquimicasa.net\/blog\/vivienda\/noticias-mercado-inmobiliario\/el-partido-popular-protegiendo-los-suyos\/","title":{"rendered":"El PP intenta tumbar la ILP aprobada por la Generalitat"},"content":{"rendered":"<p>El gobierno del PP ha comunicado por carta a la Generalitat que considera discutible la constitucionalidad de algunos de los art\u00edculos de la Ley 24\/2015 de 29 de julio, de medidas urgentes para afrontar la emergencia en el \u00e1mbito de la vivienda y la pobreza energ\u00e9tica. Por este motivo, el PP ha pedido una comisi\u00f3n bilateral Estado-Generalitat en la que tratar esta situaci\u00f3n. El plazo oficial para presentar un recurso de inconstitucionalidad en el Tribunal Constitucional finaliza el pr\u00f3ximo 6 de noviembre. Si se acuerda la creaci\u00f3n de la comisi\u00f3n bilateral, el plazo se ampliar\u00e1 autom\u00e1ticamente hasta el 5 de mayo de 2016.<\/p>\n<p>El mismo gobierno de la Generalitat lo ha confirmado al grupo promotor de la Ley 24\/2015, que es el resultado de la aprobaci\u00f3n el pasado mes de julio de la Iniciativa Legislativa Popular (ILP) de Medidas urgentes para hacer frente a la Emergencia Habitacional y la Pobreza Energ\u00e9tica. La ley ha sido impulsada por la PAH, la APE y el Observatorio DESC.<\/p>\n<p>Adem\u00e1s <strong>el Tribunal Constitucional acaba de ha admitir a tr\u00e1mite el recurso del gobierno del PP<\/strong> contra la \u00faltima modificaci\u00f3n del C\u00f3digo de Consumo que preve\u00eda, entre otras cosas, mecanismos de protecci\u00f3n de las personas consumidoras en materia de cr\u00e9ditos y pr\u00e9stamos hipotecarios y medidas contra la pobreza energ\u00e9tica. Esto significa que, ahora mismo, la \u00fanica ley en vigor que plantea medidas de protecci\u00f3n y garant\u00eda de acceso a los suministros b\u00e1sicos es la Ley 24\/2015.<\/p>\n<p>Desde el grupo promotor se est\u00e1 plenamente seguro de la constitucionalidad de la Ley 24\/2015 y de la necesidad de su vigencia para detener la emergencia habitacional. La norma fue avalada por los juristas del Parlament y aprobada por casi unanimidad (solo con las abstenciones del PP y Ciudadanos en algunos art\u00edculos). Los promotores est\u00e1n convencidos de la necesidad de una ley que se reclamaba desde hace m\u00e1s de 6 a\u00f1os y que aporta herramientas imprescindibles para detener la emergencia habitacional,. Esta situaci\u00f3n, como acaba de asegurar la Euroc\u00e1mara, es uno de los problemas que m\u00e1s afecta a la mayor\u00eda de la poblaci\u00f3n y que ha generado una alarma social muy importante. Hecho que explica el apoyo mayoritario de la poblaci\u00f3n y de todos los sectores profesionales implicados en esta ley.<\/p>\n<p>En el escrito que el gobierno del PP ha dirigido a la Generalitat, se habla de <strong>posible inconstitucionalidad de pr\u00e1cticamente todos los art\u00edculos<\/strong>, a excepci\u00f3n de algunos pocos. As\u00ed pues, se cuestionan las medidas contra el sobreendeudamiento, el alquiler social obligatorio para detener los desahucios de grandes tenedores, las medidas contra los cortes de suministros, la garant\u00eda de acceso a los servicios b\u00e1sicos y la cesi\u00f3n de vivienda vac\u00eda para aumentar el parque de alquiler social. Para el PP tan solo habr\u00eda que salvar las ayudas y las garant\u00edas p\u00fablicas para detener los desahucios de peque\u00f1os tenedores. Es decir el Partido Popular sigue con su defensa a ultranza de los bancos y las compa\u00f1\u00edas el\u00e9ctricas en contra de los derechos esenciales de la mayor\u00eda.<\/p>\n<p>Esto significa que el gobierno de Mariano Rajoy cuestiona pr\u00e1cticamente la totalidad de las herramientas que la ley 24\/2015 ha puesto sobre la mesa para obligar a los bancos y a las empresas suministradoras a asumir sus responsabilidades ante los efectos m\u00e1s dram\u00e1ticos de la crisis. Muchas de estas medidas las aval\u00f3 el mismo PP catal\u00e1n en la votaci\u00f3n de la ley el pasado mes de julio.<\/p>\n<p>En opini\u00f3n de los grupos promotores de la Ley, la carta que ha escrito el gobierno del PP, <strong>la han dictado y redactado en realidad la banca y las empresas suministradoras<\/strong>. Y dice que tiene pruebas para demostrarlo, ya que en los \u00faltimos d\u00edas han recibido varias filtraciones de entidades financieras de que el gobierno del PP dar\u00eda este paso.<\/p>\n<p>La Ley 24\/2015 plantea medidas reales y efectivas para acabar con los desahucios y los cortes de suministro y plantea obligaciones para sus responsables. Muchas otras comunidades aut\u00f3nomas se est\u00e1n inspirando en la iniciativa catalana para sacar adelante leyes similares que garanticen los derechos m\u00e1s b\u00e1sicos de la poblaci\u00f3n, ya sea a trav\u00e9s de iniciativas legislativas populares o por iniciativa de los propios gobiernos auton\u00f3micos. Como por ejemplo Murcia, Baleares, Valencia, Andaluc\u00eda o Madrid, entre otros.<\/p>\n<p>Para la PAH, defender el derecho a la vivienda digna significa aplicar y consolidar esta nueva Ley como algo irreversible e imprescindible. Por este motivo asegura que va a continuar trabajando y exigiendo su aplicaci\u00f3n, instando a los ayuntamientos y a la Generalitat para que contin\u00faen desplegando los recursos que hagan falta para su aplicaci\u00f3n efectiva.<\/p>\n<p>Los grupos promotores de la Ley advierten al PP que saben que no es la primera vez que intentan cargarse una ILP, como pas\u00f3 en el Congreso con la mayor\u00eda del Partido Popular, o cualquier intento de modificar las <strong>leyes criminales que permiten a bancos y suministradoras seguir haciendo negocio<\/strong>, a costa del sufrimiento de la mayor\u00eda de la poblaci\u00f3n.<\/p>\n<p>Ha quedado claro para la PAH, el Oservatorio DESC y la APE que el PP, la banca y las empresas suministradoras intentan una vez m\u00e1s no asumir sus responsabilidades en la protecci\u00f3n de los derechos m\u00e1s esenciales de las personas. <strong>Y advierten al Partido Popular<\/strong> que van a tomar medidas al respecto.  <\/p>\n","protected":false},"excerpt":{"rendered":"<p>El gobierno del PP ha comunicado por carta a la [&hellip;]<\/p>\n","protected":false},"author":3,"featured_media":0,"comment_status":"open","ping_status":"open","sticky":false,"template":"","format":"standard","meta":{"_jetpack_memberships_contains_paid_content":false,"footnotes":"","jetpack_publicize_message":"","jetpack_publicize_feature_enabled":true,"jetpack_social_post_already_shared":false,"jetpack_social_options":{"image_generator_settings":{"template":"highway","default_image_id":0,"font":"","enabled":false},"version":2}},"categories":[7565],"tags":[1109,1524,576,963,1523,1522,678],"class_list":["post-9313","post","type-post","status-publish","format-standard","hentry","category-noticias-mercado-inmobiliario","tag-ape","tag-emergencia-habitacional-pobreza-energetica","tag-generalitat","tag-observatorio-desc","tag-parlament","tag-partido-ppular","tag-rajoy"],"yoast_head":"<!-- This site is optimized with the Yoast SEO plugin v28.2 - https:\/\/yoast.com\/product\/yoast-seo-wordpress\/ -->\n<title>El PP intenta tumbar la ILP aprobada por la Generalitat<\/title>\n<meta name=\"description\" content=\"El gobierno del PP ha comunicado a la Generalitat que considera discutible la constitucionalidad de algunos de los art\u00edculos de la ILP aprobada.\" \/>\n<meta name=\"robots\" content=\"index, follow, max-snippet:-1, max-image-preview:large, max-video-preview:-1\" \/>\n<link rel=\"canonical\" href=\"https:\/\/www.aquimicasa.net\/blog\/vivienda\/noticias-mercado-inmobiliario\/el-partido-popular-protegiendo-los-suyos\/\" \/>\n<meta property=\"og:locale\" content=\"es_ES\" \/>\n<meta property=\"og:type\" content=\"article\" \/>\n<meta property=\"og:title\" content=\"El PP intenta tumbar la ILP aprobada por la Generalitat\" \/>\n<meta property=\"og:description\" content=\"El gobierno del PP ha comunicado a la Generalitat que considera discutible la constitucionalidad de algunos de los art\u00edculos de la ILP aprobada.\" \/>\n<meta property=\"og:url\" content=\"https:\/\/www.aquimicasa.net\/blog\/vivienda\/noticias-mercado-inmobiliario\/el-partido-popular-protegiendo-los-suyos\/\" \/>\n<meta property=\"og:site_name\" content=\"Blog de aquimicasa.net\" \/>\n<meta property=\"article:publisher\" content=\"https:\/\/www.facebook.com\/aquimicasa.net\" \/>\n<meta property=\"article:published_time\" content=\"2015-10-10T16:32:57+00:00\" \/>\n<meta property=\"article:modified_time\" content=\"2020-04-02T16:31:00+00:00\" \/>\n<meta name=\"author\" content=\"Eduardo Lizarraga\" \/>\n<meta name=\"twitter:label1\" content=\"Escrito por\" \/>\n\t<meta name=\"twitter:data1\" content=\"Eduardo Lizarraga\" \/>\n\t<meta name=\"twitter:label2\" content=\"Tiempo de lectura\" \/>\n\t<meta name=\"twitter:data2\" content=\"5 minutos\" \/>\n<script type=\"application\/ld+json\" class=\"yoast-schema-graph\">{\"@context\":\"https:\\\/\\\/schema.org\",\"@graph\":[{\"@type\":\"Article\",\"@id\":\"https:\\\/\\\/www.aquimicasa.net\\\/blog\\\/vivienda\\\/noticias-mercado-inmobiliario\\\/el-partido-popular-protegiendo-los-suyos\\\/#article\",\"isPartOf\":{\"@id\":\"https:\\\/\\\/www.aquimicasa.net\\\/blog\\\/vivienda\\\/noticias-mercado-inmobiliario\\\/el-partido-popular-protegiendo-los-suyos\\\/\"},\"author\":{\"name\":\"Eduardo Lizarraga\",\"@id\":\"https:\\\/\\\/www.aquimicasa.net\\\/blog\\\/#\\\/schema\\\/person\\\/2cdfa2605534583395c8d7ce1d6cac14\"},\"headline\":\"El PP intenta tumbar la ILP aprobada por la Generalitat\",\"datePublished\":\"2015-10-10T16:32:57+00:00\",\"dateModified\":\"2020-04-02T16:31:00+00:00\",\"mainEntityOfPage\":{\"@id\":\"https:\\\/\\\/www.aquimicasa.net\\\/blog\\\/vivienda\\\/noticias-mercado-inmobiliario\\\/el-partido-popular-protegiendo-los-suyos\\\/\"},\"wordCount\":937,\"commentCount\":0,\"publisher\":{\"@id\":\"https:\\\/\\\/www.aquimicasa.net\\\/blog\\\/#organization\"},\"keywords\":[\"APE\",\"Emergencia Habitacional. Pobreza Energ\u00e9tica\",\"Generalitat\",\"Observatorio DESC\",\"Parlament\",\"Partido Ppular\",\"Rajoy\"],\"articleSection\":[\"Noticias Mercado Inmobiliario\"],\"inLanguage\":\"es\",\"potentialAction\":[{\"@type\":\"CommentAction\",\"name\":\"Comment\",\"target\":[\"https:\\\/\\\/www.aquimicasa.net\\\/blog\\\/vivienda\\\/noticias-mercado-inmobiliario\\\/el-partido-popular-protegiendo-los-suyos\\\/#respond\"]}]},{\"@type\":\"WebPage\",\"@id\":\"https:\\\/\\\/www.aquimicasa.net\\\/blog\\\/vivienda\\\/noticias-mercado-inmobiliario\\\/el-partido-popular-protegiendo-los-suyos\\\/\",\"url\":\"https:\\\/\\\/www.aquimicasa.net\\\/blog\\\/vivienda\\\/noticias-mercado-inmobiliario\\\/el-partido-popular-protegiendo-los-suyos\\\/\",\"name\":\"El PP intenta tumbar la ILP aprobada por la Generalitat\",\"isPartOf\":{\"@id\":\"https:\\\/\\\/www.aquimicasa.net\\\/blog\\\/#website\"},\"datePublished\":\"2015-10-10T16:32:57+00:00\",\"dateModified\":\"2020-04-02T16:31:00+00:00\",\"description\":\"El gobierno del PP ha comunicado a la Generalitat que considera discutible la constitucionalidad de algunos de los art\u00edculos de la ILP aprobada.\",\"breadcrumb\":{\"@id\":\"https:\\\/\\\/www.aquimicasa.net\\\/blog\\\/vivienda\\\/noticias-mercado-inmobiliario\\\/el-partido-popular-protegiendo-los-suyos\\\/#breadcrumb\"},\"inLanguage\":\"es\",\"potentialAction\":[{\"@type\":\"ReadAction\",\"target\":[\"https:\\\/\\\/www.aquimicasa.net\\\/blog\\\/vivienda\\\/noticias-mercado-inmobiliario\\\/el-partido-popular-protegiendo-los-suyos\\\/\"]}]},{\"@type\":\"BreadcrumbList\",\"@id\":\"https:\\\/\\\/www.aquimicasa.net\\\/blog\\\/vivienda\\\/noticias-mercado-inmobiliario\\\/el-partido-popular-protegiendo-los-suyos\\\/#breadcrumb\",\"itemListElement\":[{\"@type\":\"ListItem\",\"position\":1,\"name\":\"Portada\",\"item\":\"https:\\\/\\\/www.aquimicasa.net\\\/blog\\\/\"},{\"@type\":\"ListItem\",\"position\":2,\"name\":\"El PP intenta tumbar la ILP aprobada por la Generalitat\"}]},{\"@type\":\"WebSite\",\"@id\":\"https:\\\/\\\/www.aquimicasa.net\\\/blog\\\/#website\",\"url\":\"https:\\\/\\\/www.aquimicasa.net\\\/blog\\\/\",\"name\":\"Blog de aquimicasa.net\",\"description\":\"Noticias del Mundo Inmobiliario\",\"publisher\":{\"@id\":\"https:\\\/\\\/www.aquimicasa.net\\\/blog\\\/#organization\"},\"potentialAction\":[{\"@type\":\"SearchAction\",\"target\":{\"@type\":\"EntryPoint\",\"urlTemplate\":\"https:\\\/\\\/www.aquimicasa.net\\\/blog\\\/?s={search_term_string}\"},\"query-input\":{\"@type\":\"PropertyValueSpecification\",\"valueRequired\":true,\"valueName\":\"search_term_string\"}}],\"inLanguage\":\"es\"},{\"@type\":\"Organization\",\"@id\":\"https:\\\/\\\/www.aquimicasa.net\\\/blog\\\/#organization\",\"name\":\"Blog de aquimicasa.net\",\"url\":\"https:\\\/\\\/www.aquimicasa.net\\\/blog\\\/\",\"logo\":{\"@type\":\"ImageObject\",\"inLanguage\":\"es\",\"@id\":\"https:\\\/\\\/www.aquimicasa.net\\\/blog\\\/#\\\/schema\\\/logo\\\/image\\\/\",\"url\":\"https:\\\/\\\/www.aquimicasa.net\\\/blog\\\/wp-content\\\/uploads\\\/Logo-aquimicasa-1-e1528048213782.png\",\"contentUrl\":\"https:\\\/\\\/www.aquimicasa.net\\\/blog\\\/wp-content\\\/uploads\\\/Logo-aquimicasa-1-e1528048213782.png\",\"width\":225,\"height\":225,\"caption\":\"Blog de aquimicasa.net\"},\"image\":{\"@id\":\"https:\\\/\\\/www.aquimicasa.net\\\/blog\\\/#\\\/schema\\\/logo\\\/image\\\/\"},\"sameAs\":[\"https:\\\/\\\/www.facebook.com\\\/aquimicasa.net\",\"https:\\\/\\\/www.instagram.com\\\/\",\"https:\\\/\\\/x.com\\\/EduLizarragaD\",\"https:\\\/\\\/www.linkedin.com\\\/feed\\\/\"]},{\"@type\":\"Person\",\"@id\":\"https:\\\/\\\/www.aquimicasa.net\\\/blog\\\/#\\\/schema\\\/person\\\/2cdfa2605534583395c8d7ce1d6cac14\",\"name\":\"Eduardo Lizarraga\",\"image\":{\"@type\":\"ImageObject\",\"inLanguage\":\"es\",\"@id\":\"https:\\\/\\\/secure.gravatar.com\\\/avatar\\\/bdabe1eeeed97b65a9cb7de2edd624b07995f7e13abc5fead15961f745f908cc?s=96&d=mm&r=g\",\"url\":\"https:\\\/\\\/secure.gravatar.com\\\/avatar\\\/bdabe1eeeed97b65a9cb7de2edd624b07995f7e13abc5fead15961f745f908cc?s=96&d=mm&r=g\",\"contentUrl\":\"https:\\\/\\\/secure.gravatar.com\\\/avatar\\\/bdabe1eeeed97b65a9cb7de2edd624b07995f7e13abc5fead15961f745f908cc?s=96&d=mm&r=g\",\"caption\":\"Eduardo Lizarraga\"},\"description\":\"Periodista Econ\u00f3mico. Ha trabajado en diversos campos de la informaci\u00f3n. Corresponsal en conflictos, analista pol\u00edtico en Congreso y Senado, periodista del medio ambiente, editor, director editorial, director de comunicaci\u00f3n.... En estos momentos se ha especializado en el sector inmobiliario. Pero tambi\u00e9n es navegante y viajero, preocupado por la pobreza, el medio ambiente y por las actuaciones descontroladas del neoliberalismo empresarial y pol\u00edtico en todo el mundo. Los desahucios, la pobreza infantil y la falta de acceso a los suministros b\u00e1sicos son algunos de los grandes dramas de nuestra sociedad y que es preciso solucionar para hacerla m\u00e1s justa. CEO en www.aquimicasa.net\",\"sameAs\":[\"https:\\\/\\\/www.aquimicasa.net\\\/\"],\"url\":\"https:\\\/\\\/www.aquimicasa.net\\\/blog\\\/author\\\/eduardo\\\/\"}]}<\/script>\n<!-- \/ Yoast SEO plugin. -->","yoast_head_json":{"title":"El PP intenta tumbar la ILP aprobada por la Generalitat","description":"El gobierno del PP ha comunicado a la Generalitat que considera discutible la constitucionalidad de algunos de los art\u00edculos de la ILP aprobada.","robots":{"index":"index","follow":"follow","max-snippet":"max-snippet:-1","max-image-preview":"max-image-preview:large","max-video-preview":"max-video-preview:-1"},"canonical":"https:\/\/www.aquimicasa.net\/blog\/vivienda\/noticias-mercado-inmobiliario\/el-partido-popular-protegiendo-los-suyos\/","og_locale":"es_ES","og_type":"article","og_title":"El PP intenta tumbar la ILP aprobada por la Generalitat","og_description":"El gobierno del PP ha comunicado a la Generalitat que considera discutible la constitucionalidad de algunos de los art\u00edculos de la ILP aprobada.","og_url":"https:\/\/www.aquimicasa.net\/blog\/vivienda\/noticias-mercado-inmobiliario\/el-partido-popular-protegiendo-los-suyos\/","og_site_name":"Blog de aquimicasa.net","article_publisher":"https:\/\/www.facebook.com\/aquimicasa.net","article_published_time":"2015-10-10T16:32:57+00:00","article_modified_time":"2020-04-02T16:31:00+00:00","author":"Eduardo Lizarraga","twitter_misc":{"Escrito por":"Eduardo Lizarraga","Tiempo de lectura":"5 minutos"},"schema":{"@context":"https:\/\/schema.org","@graph":[{"@type":"Article","@id":"https:\/\/www.aquimicasa.net\/blog\/vivienda\/noticias-mercado-inmobiliario\/el-partido-popular-protegiendo-los-suyos\/#article","isPartOf":{"@id":"https:\/\/www.aquimicasa.net\/blog\/vivienda\/noticias-mercado-inmobiliario\/el-partido-popular-protegiendo-los-suyos\/"},"author":{"name":"Eduardo Lizarraga","@id":"https:\/\/www.aquimicasa.net\/blog\/#\/schema\/person\/2cdfa2605534583395c8d7ce1d6cac14"},"headline":"El PP intenta tumbar la ILP aprobada por la Generalitat","datePublished":"2015-10-10T16:32:57+00:00","dateModified":"2020-04-02T16:31:00+00:00","mainEntityOfPage":{"@id":"https:\/\/www.aquimicasa.net\/blog\/vivienda\/noticias-mercado-inmobiliario\/el-partido-popular-protegiendo-los-suyos\/"},"wordCount":937,"commentCount":0,"publisher":{"@id":"https:\/\/www.aquimicasa.net\/blog\/#organization"},"keywords":["APE","Emergencia Habitacional. Pobreza Energ\u00e9tica","Generalitat","Observatorio DESC","Parlament","Partido Ppular","Rajoy"],"articleSection":["Noticias Mercado Inmobiliario"],"inLanguage":"es","potentialAction":[{"@type":"CommentAction","name":"Comment","target":["https:\/\/www.aquimicasa.net\/blog\/vivienda\/noticias-mercado-inmobiliario\/el-partido-popular-protegiendo-los-suyos\/#respond"]}]},{"@type":"WebPage","@id":"https:\/\/www.aquimicasa.net\/blog\/vivienda\/noticias-mercado-inmobiliario\/el-partido-popular-protegiendo-los-suyos\/","url":"https:\/\/www.aquimicasa.net\/blog\/vivienda\/noticias-mercado-inmobiliario\/el-partido-popular-protegiendo-los-suyos\/","name":"El PP intenta tumbar la ILP aprobada por la Generalitat","isPartOf":{"@id":"https:\/\/www.aquimicasa.net\/blog\/#website"},"datePublished":"2015-10-10T16:32:57+00:00","dateModified":"2020-04-02T16:31:00+00:00","description":"El gobierno del PP ha comunicado a la Generalitat que considera discutible la constitucionalidad de algunos de los art\u00edculos de la ILP aprobada.","breadcrumb":{"@id":"https:\/\/www.aquimicasa.net\/blog\/vivienda\/noticias-mercado-inmobiliario\/el-partido-popular-protegiendo-los-suyos\/#breadcrumb"},"inLanguage":"es","potentialAction":[{"@type":"ReadAction","target":["https:\/\/www.aquimicasa.net\/blog\/vivienda\/noticias-mercado-inmobiliario\/el-partido-popular-protegiendo-los-suyos\/"]}]},{"@type":"BreadcrumbList","@id":"https:\/\/www.aquimicasa.net\/blog\/vivienda\/noticias-mercado-inmobiliario\/el-partido-popular-protegiendo-los-suyos\/#breadcrumb","itemListElement":[{"@type":"ListItem","position":1,"name":"Portada","item":"https:\/\/www.aquimicasa.net\/blog\/"},{"@type":"ListItem","position":2,"name":"El PP intenta tumbar la ILP aprobada por la Generalitat"}]},{"@type":"WebSite","@id":"https:\/\/www.aquimicasa.net\/blog\/#website","url":"https:\/\/www.aquimicasa.net\/blog\/","name":"Blog de aquimicasa.net","description":"Noticias del Mundo Inmobiliario","publisher":{"@id":"https:\/\/www.aquimicasa.net\/blog\/#organization"},"potentialAction":[{"@type":"SearchAction","target":{"@type":"EntryPoint","urlTemplate":"https:\/\/www.aquimicasa.net\/blog\/?s={search_term_string}"},"query-input":{"@type":"PropertyValueSpecification","valueRequired":true,"valueName":"search_term_string"}}],"inLanguage":"es"},{"@type":"Organization","@id":"https:\/\/www.aquimicasa.net\/blog\/#organization","name":"Blog de aquimicasa.net","url":"https:\/\/www.aquimicasa.net\/blog\/","logo":{"@type":"ImageObject","inLanguage":"es","@id":"https:\/\/www.aquimicasa.net\/blog\/#\/schema\/logo\/image\/","url":"https:\/\/www.aquimicasa.net\/blog\/wp-content\/uploads\/Logo-aquimicasa-1-e1528048213782.png","contentUrl":"https:\/\/www.aquimicasa.net\/blog\/wp-content\/uploads\/Logo-aquimicasa-1-e1528048213782.png","width":225,"height":225,"caption":"Blog de aquimicasa.net"},"image":{"@id":"https:\/\/www.aquimicasa.net\/blog\/#\/schema\/logo\/image\/"},"sameAs":["https:\/\/www.facebook.com\/aquimicasa.net","https:\/\/www.instagram.com\/","https:\/\/x.com\/EduLizarragaD","https:\/\/www.linkedin.com\/feed\/"]},{"@type":"Person","@id":"https:\/\/www.aquimicasa.net\/blog\/#\/schema\/person\/2cdfa2605534583395c8d7ce1d6cac14","name":"Eduardo Lizarraga","image":{"@type":"ImageObject","inLanguage":"es","@id":"https:\/\/secure.gravatar.com\/avatar\/bdabe1eeeed97b65a9cb7de2edd624b07995f7e13abc5fead15961f745f908cc?s=96&d=mm&r=g","url":"https:\/\/secure.gravatar.com\/avatar\/bdabe1eeeed97b65a9cb7de2edd624b07995f7e13abc5fead15961f745f908cc?s=96&d=mm&r=g","contentUrl":"https:\/\/secure.gravatar.com\/avatar\/bdabe1eeeed97b65a9cb7de2edd624b07995f7e13abc5fead15961f745f908cc?s=96&d=mm&r=g","caption":"Eduardo Lizarraga"},"description":"Periodista Econ\u00f3mico. Ha trabajado en diversos campos de la informaci\u00f3n. Corresponsal en conflictos, analista pol\u00edtico en Congreso y Senado, periodista del medio ambiente, editor, director editorial, director de comunicaci\u00f3n.... En estos momentos se ha especializado en el sector inmobiliario. Pero tambi\u00e9n es navegante y viajero, preocupado por la pobreza, el medio ambiente y por las actuaciones descontroladas del neoliberalismo empresarial y pol\u00edtico en todo el mundo. Los desahucios, la pobreza infantil y la falta de acceso a los suministros b\u00e1sicos son algunos de los grandes dramas de nuestra sociedad y que es preciso solucionar para hacerla m\u00e1s justa. CEO en www.aquimicasa.net","sameAs":["https:\/\/www.aquimicasa.net\/"],"url":"https:\/\/www.aquimicasa.net\/blog\/author\/eduardo\/"}]}},"jetpack_publicize_connections":[],"jetpack_featured_media_url":"","jetpack_sharing_enabled":true,"jetpack_likes_enabled":true,"_links":{"self":[{"href":"https:\/\/www.aquimicasa.net\/blog\/wp-json\/wp\/v2\/posts\/9313","targetHints":{"allow":["GET"]}}],"collection":[{"href":"https:\/\/www.aquimicasa.net\/blog\/wp-json\/wp\/v2\/posts"}],"about":[{"href":"https:\/\/www.aquimicasa.net\/blog\/wp-json\/wp\/v2\/types\/post"}],"author":[{"embeddable":true,"href":"https:\/\/www.aquimicasa.net\/blog\/wp-json\/wp\/v2\/users\/3"}],"replies":[{"embeddable":true,"href":"https:\/\/www.aquimicasa.net\/blog\/wp-json\/wp\/v2\/comments?post=9313"}],"version-history":[{"count":1,"href":"https:\/\/www.aquimicasa.net\/blog\/wp-json\/wp\/v2\/posts\/9313\/revisions"}],"predecessor-version":[{"id":29740,"href":"https:\/\/www.aquimicasa.net\/blog\/wp-json\/wp\/v2\/posts\/9313\/revisions\/29740"}],"wp:attachment":[{"href":"https:\/\/www.aquimicasa.net\/blog\/wp-json\/wp\/v2\/media?parent=9313"}],"wp:term":[{"taxonomy":"category","embeddable":true,"href":"https:\/\/www.aquimicasa.net\/blog\/wp-json\/wp\/v2\/categories?post=9313"},{"taxonomy":"post_tag","embeddable":true,"href":"https:\/\/www.aquimicasa.net\/blog\/wp-json\/wp\/v2\/tags?post=9313"}],"curies":[{"name":"wp","href":"https:\/\/api.w.org\/{rel}","templated":true}]}}