{"id":9847,"date":"2015-12-09T22:14:12","date_gmt":"2015-12-09T22:14:12","guid":{"rendered":"https:\/\/www.aquimicasa.net\/blog\/?p=9847"},"modified":"2020-04-02T18:30:54","modified_gmt":"2020-04-02T16:30:54","slug":"la-pah-sale-la-calle","status":"publish","type":"post","link":"https:\/\/www.aquimicasa.net\/blog\/vivienda\/noticias-mercado-inmobiliario\/la-pah-sale-la-calle\/","title":{"rendered":"Los partidos pol\u00edticos ante la PAH y el derecho a la vivienda"},"content":{"rendered":"<p>El pasado jueves 3 de diciembre empez\u00f3 la campa\u00f1a electoral a las elecciones generales del 20D. La Plataforma de Afectados por la Hipoteca (PAH) lanz\u00f3 su campa\u00f1a propia para marcar la carrera electoral el pasado mes de septiembre. En  dos semanas hay elecciones generales y <strong>todos los partidos defiende su opci\u00f3n<\/strong> como la mejor para la ciudadan\u00eda. Despu\u00e9s de 6 a\u00f1os de desahucios,  podr\u00eda suceder un cambio de Gobierno que garantizara, de una vez por todas, el  derecho a la vivienda en Espa\u00f1a. <\/p>\n<p>La PAH lanza la \u00faltima fase de esta campa\u00f1a: <strong>la de salir a la calle<\/strong>. Y adem\u00e1s anuncia una acci\u00f3n sorpresa final  para el \u00faltimo d\u00eda antes de las elecciones, el 19 de diciembre, en plena jornada de reflexi\u00f3n. Esta acci\u00f3n se enmarca en la campa\u00f1a #Las5delaPAH, con la que se han puesto sobre la mesa cinco medidas de m\u00ednimos que resolver\u00edan la emergencia habitacional en la que Espa\u00f1a se encuentra.<\/p>\n<p>1. <strong>Daci\u00f3n en Pago Retroactiva<\/strong><br \/>\n2. Alquiler Asequible<br \/>\n3. Stop Desahucios<br \/>\n4. Vivienda Social<br \/>\n5. <strong>Suministros Garantizados<\/strong><\/p>\n<p>Estas 5 demandas de m\u00ednimos, son las que la PAH est\u00e1 planteando a los partidos pol\u00edticos desde el primer momento, exigi\u00e9ndoles un posicionamiento claro sobre \u00ablas 5 de la PAH\u00bb y qu\u00e9 medidas plantean en su programa para abordarlas. Tanto Podemos como IU han comunicado a la plataforma que se encontraban en sinton\u00eda con las cinco exigencias, que a d\u00eda de hoy recogen en sus programas electorales.<\/p>\n<p>Sin embargo, y a pesar del sentido com\u00fan de la que parten \u00ablas cinco\u00bb, no todas las respuestas por parte de los partidos fueron positivas:<\/p>\n<p>\u00b7         El Partido Popular,no ha respondido y su \u00fanica reacci\u00f3n p\u00fablica a las demandas de la PAH han sido las ejecuciones hipotecarias y desahucios de los \u00faltimos a\u00f1os, y su negativa constante a cambiar las leyes, bloqueando la ILP estatal y tratando de tumbar la Ley 24\/2015 de Catalu\u00f1a por supuesta inconstitucionalidad. <\/p>\n<p>\u00b7         Ciudadanos se posiciono tajantemente en contra de la retroactividad de la daci\u00f3n en pago, lo que supone dejar a 400.000 familias que ya han sido desahuciadas desde 2009 con deudas impagables de por vida. La \u00fanica medida que plantea el partido para ampliar el parque p\u00fablico de vivienda es la compra de inmuebles a la banca, es decir, contin\u00faan con la l\u00f3gica del PP y PSOE de seguir regalando dinero p\u00fablico a las instituciones financieras.<\/p>\n<p>\u00b7         PSOE, solo asume una de las demandas: la daci\u00f3n en pago retroactiva. En el resto de puntos tiene una postura como Ciudadanos o PP, es decir, que la vivienda vac\u00eda, pagada con dinero p\u00fablico por el rescate bancario, siga siendo objeto de especulaci\u00f3n y en ning\u00fan momento apuestan por movilizarla para que cumpla su funci\u00f3n social. <\/p>\n<p>El Partido Popular, Ciudadanos y PSOE coinciden en su base: ninguno de los tres partidos se atreve a co-responsabilizar a la banca y las suministradoras para poner sus recursos y paliar la emergencia habitacional. Su \u00fanico objetivo, de nuevo, es gobernar para los mismos actores del IBEX35, responsables de la burbuja inmobiliaria y la crisis. Partido Popular, Ciudadanos y PSOE son los partidos de los desahucios, las deudas impagables y la vivienda vac\u00eda, son los partidos que mantienen los privilegios de la banca y las suministradoras en detrimento de los derechos de la ciudadan\u00eda.<\/p>\n<p>La plataforma aspira a que con el pr\u00f3ximo Gobierno se legisle de una vez por todas una ley de medidas urgentes para afrontar la emergencia en el \u00e1mbito de la vivienda y la pobreza energ\u00e9tica en el estado Espa\u00f1ol, porque solo falta voluntad pol\u00edtica para que sea real. En Catalunya ha sido posible y ahora debe extenderse para todo el resto del estado. Porque hay vidas en juego y  los derechos de todas son innegociables.<\/p>\n","protected":false},"excerpt":{"rendered":"<p>El pasado jueves 3 de diciembre empez\u00f3 la campa\u00f1a electoral [&hellip;]<\/p>\n","protected":false},"author":3,"featured_media":0,"comment_status":"open","ping_status":"open","sticky":false,"template":"","format":"standard","meta":{"_jetpack_memberships_contains_paid_content":false,"footnotes":"","jetpack_publicize_message":"","jetpack_publicize_feature_enabled":true,"jetpack_social_post_already_shared":false,"jetpack_social_options":{"image_generator_settings":{"template":"highway","default_image_id":0,"font":"","enabled":false},"version":2}},"categories":[7565],"tags":[33,1670,1671,728,399],"class_list":["post-9847","post","type-post","status-publish","format-standard","hentry","category-noticias-mercado-inmobiliario","tag-dacion-en-pago-2","tag-elecciones-generales","tag-las-cinco","tag-partidos-politicos","tag-retroactividad"],"yoast_head":"<!-- This site is optimized with the Yoast SEO plugin v28.2 - https:\/\/yoast.com\/product\/yoast-seo-wordpress\/ -->\n<title>Los partidos pol\u00edticos ante la PAH y el derecho a la vivienda<\/title>\n<meta name=\"description\" content=\"En dos semanas hay elecciones generales y todos los partidos defiende su opci\u00f3n como la mejor para la ciudadan\u00eda\" \/>\n<meta name=\"robots\" content=\"index, follow, max-snippet:-1, max-image-preview:large, max-video-preview:-1\" \/>\n<link rel=\"canonical\" href=\"https:\/\/www.aquimicasa.net\/blog\/vivienda\/noticias-mercado-inmobiliario\/la-pah-sale-la-calle\/\" \/>\n<meta property=\"og:locale\" content=\"es_ES\" \/>\n<meta property=\"og:type\" content=\"article\" \/>\n<meta property=\"og:title\" content=\"Los partidos pol\u00edticos ante la PAH y el derecho a la vivienda\" \/>\n<meta property=\"og:description\" content=\"En dos semanas hay elecciones generales y todos los partidos defiende su opci\u00f3n como la mejor para la ciudadan\u00eda\" \/>\n<meta property=\"og:url\" content=\"https:\/\/www.aquimicasa.net\/blog\/vivienda\/noticias-mercado-inmobiliario\/la-pah-sale-la-calle\/\" \/>\n<meta property=\"og:site_name\" content=\"Blog de aquimicasa.net\" \/>\n<meta property=\"article:publisher\" content=\"https:\/\/www.facebook.com\/aquimicasa.net\" \/>\n<meta property=\"article:published_time\" content=\"2015-12-09T22:14:12+00:00\" \/>\n<meta property=\"article:modified_time\" content=\"2020-04-02T16:30:54+00:00\" \/>\n<meta name=\"author\" content=\"Eduardo Lizarraga\" \/>\n<meta name=\"twitter:label1\" content=\"Escrito por\" \/>\n\t<meta name=\"twitter:data1\" content=\"Eduardo Lizarraga\" \/>\n\t<meta name=\"twitter:label2\" content=\"Tiempo de lectura\" \/>\n\t<meta name=\"twitter:data2\" content=\"3 minutos\" \/>\n<script type=\"application\/ld+json\" class=\"yoast-schema-graph\">{\"@context\":\"https:\\\/\\\/schema.org\",\"@graph\":[{\"@type\":\"Article\",\"@id\":\"https:\\\/\\\/www.aquimicasa.net\\\/blog\\\/vivienda\\\/noticias-mercado-inmobiliario\\\/la-pah-sale-la-calle\\\/#article\",\"isPartOf\":{\"@id\":\"https:\\\/\\\/www.aquimicasa.net\\\/blog\\\/vivienda\\\/noticias-mercado-inmobiliario\\\/la-pah-sale-la-calle\\\/\"},\"author\":{\"name\":\"Eduardo Lizarraga\",\"@id\":\"https:\\\/\\\/www.aquimicasa.net\\\/blog\\\/#\\\/schema\\\/person\\\/2cdfa2605534583395c8d7ce1d6cac14\"},\"headline\":\"Los partidos pol\u00edticos ante la PAH y el derecho a la vivienda\",\"datePublished\":\"2015-12-09T22:14:12+00:00\",\"dateModified\":\"2020-04-02T16:30:54+00:00\",\"mainEntityOfPage\":{\"@id\":\"https:\\\/\\\/www.aquimicasa.net\\\/blog\\\/vivienda\\\/noticias-mercado-inmobiliario\\\/la-pah-sale-la-calle\\\/\"},\"wordCount\":662,\"commentCount\":0,\"publisher\":{\"@id\":\"https:\\\/\\\/www.aquimicasa.net\\\/blog\\\/#organization\"},\"keywords\":[\"daci\u00f3n en pago\",\"elecciones generales\",\"las cinco\",\"partidos pol\u00edticos\",\"retroactividad\"],\"articleSection\":[\"Noticias Mercado Inmobiliario\"],\"inLanguage\":\"es\",\"potentialAction\":[{\"@type\":\"CommentAction\",\"name\":\"Comment\",\"target\":[\"https:\\\/\\\/www.aquimicasa.net\\\/blog\\\/vivienda\\\/noticias-mercado-inmobiliario\\\/la-pah-sale-la-calle\\\/#respond\"]}]},{\"@type\":\"WebPage\",\"@id\":\"https:\\\/\\\/www.aquimicasa.net\\\/blog\\\/vivienda\\\/noticias-mercado-inmobiliario\\\/la-pah-sale-la-calle\\\/\",\"url\":\"https:\\\/\\\/www.aquimicasa.net\\\/blog\\\/vivienda\\\/noticias-mercado-inmobiliario\\\/la-pah-sale-la-calle\\\/\",\"name\":\"Los partidos pol\u00edticos ante la PAH y el derecho a la vivienda\",\"isPartOf\":{\"@id\":\"https:\\\/\\\/www.aquimicasa.net\\\/blog\\\/#website\"},\"datePublished\":\"2015-12-09T22:14:12+00:00\",\"dateModified\":\"2020-04-02T16:30:54+00:00\",\"description\":\"En dos semanas hay elecciones generales y todos los partidos defiende su opci\u00f3n como la mejor para la ciudadan\u00eda\",\"breadcrumb\":{\"@id\":\"https:\\\/\\\/www.aquimicasa.net\\\/blog\\\/vivienda\\\/noticias-mercado-inmobiliario\\\/la-pah-sale-la-calle\\\/#breadcrumb\"},\"inLanguage\":\"es\",\"potentialAction\":[{\"@type\":\"ReadAction\",\"target\":[\"https:\\\/\\\/www.aquimicasa.net\\\/blog\\\/vivienda\\\/noticias-mercado-inmobiliario\\\/la-pah-sale-la-calle\\\/\"]}]},{\"@type\":\"BreadcrumbList\",\"@id\":\"https:\\\/\\\/www.aquimicasa.net\\\/blog\\\/vivienda\\\/noticias-mercado-inmobiliario\\\/la-pah-sale-la-calle\\\/#breadcrumb\",\"itemListElement\":[{\"@type\":\"ListItem\",\"position\":1,\"name\":\"Portada\",\"item\":\"https:\\\/\\\/www.aquimicasa.net\\\/blog\\\/\"},{\"@type\":\"ListItem\",\"position\":2,\"name\":\"Los partidos pol\u00edticos ante la PAH y el derecho a la vivienda\"}]},{\"@type\":\"WebSite\",\"@id\":\"https:\\\/\\\/www.aquimicasa.net\\\/blog\\\/#website\",\"url\":\"https:\\\/\\\/www.aquimicasa.net\\\/blog\\\/\",\"name\":\"Blog de aquimicasa.net\",\"description\":\"Noticias del Mundo Inmobiliario\",\"publisher\":{\"@id\":\"https:\\\/\\\/www.aquimicasa.net\\\/blog\\\/#organization\"},\"potentialAction\":[{\"@type\":\"SearchAction\",\"target\":{\"@type\":\"EntryPoint\",\"urlTemplate\":\"https:\\\/\\\/www.aquimicasa.net\\\/blog\\\/?s={search_term_string}\"},\"query-input\":{\"@type\":\"PropertyValueSpecification\",\"valueRequired\":true,\"valueName\":\"search_term_string\"}}],\"inLanguage\":\"es\"},{\"@type\":\"Organization\",\"@id\":\"https:\\\/\\\/www.aquimicasa.net\\\/blog\\\/#organization\",\"name\":\"Blog de aquimicasa.net\",\"url\":\"https:\\\/\\\/www.aquimicasa.net\\\/blog\\\/\",\"logo\":{\"@type\":\"ImageObject\",\"inLanguage\":\"es\",\"@id\":\"https:\\\/\\\/www.aquimicasa.net\\\/blog\\\/#\\\/schema\\\/logo\\\/image\\\/\",\"url\":\"https:\\\/\\\/www.aquimicasa.net\\\/blog\\\/wp-content\\\/uploads\\\/Logo-aquimicasa-1-e1528048213782.png\",\"contentUrl\":\"https:\\\/\\\/www.aquimicasa.net\\\/blog\\\/wp-content\\\/uploads\\\/Logo-aquimicasa-1-e1528048213782.png\",\"width\":225,\"height\":225,\"caption\":\"Blog de aquimicasa.net\"},\"image\":{\"@id\":\"https:\\\/\\\/www.aquimicasa.net\\\/blog\\\/#\\\/schema\\\/logo\\\/image\\\/\"},\"sameAs\":[\"https:\\\/\\\/www.facebook.com\\\/aquimicasa.net\",\"https:\\\/\\\/www.instagram.com\\\/\",\"https:\\\/\\\/x.com\\\/EduLizarragaD\",\"https:\\\/\\\/www.linkedin.com\\\/feed\\\/\"]},{\"@type\":\"Person\",\"@id\":\"https:\\\/\\\/www.aquimicasa.net\\\/blog\\\/#\\\/schema\\\/person\\\/2cdfa2605534583395c8d7ce1d6cac14\",\"name\":\"Eduardo Lizarraga\",\"image\":{\"@type\":\"ImageObject\",\"inLanguage\":\"es\",\"@id\":\"https:\\\/\\\/secure.gravatar.com\\\/avatar\\\/bdabe1eeeed97b65a9cb7de2edd624b07995f7e13abc5fead15961f745f908cc?s=96&d=mm&r=g\",\"url\":\"https:\\\/\\\/secure.gravatar.com\\\/avatar\\\/bdabe1eeeed97b65a9cb7de2edd624b07995f7e13abc5fead15961f745f908cc?s=96&d=mm&r=g\",\"contentUrl\":\"https:\\\/\\\/secure.gravatar.com\\\/avatar\\\/bdabe1eeeed97b65a9cb7de2edd624b07995f7e13abc5fead15961f745f908cc?s=96&d=mm&r=g\",\"caption\":\"Eduardo Lizarraga\"},\"description\":\"Periodista Econ\u00f3mico. Ha trabajado en diversos campos de la informaci\u00f3n. Corresponsal en conflictos, analista pol\u00edtico en Congreso y Senado, periodista del medio ambiente, editor, director editorial, director de comunicaci\u00f3n.... En estos momentos se ha especializado en el sector inmobiliario. Pero tambi\u00e9n es navegante y viajero, preocupado por la pobreza, el medio ambiente y por las actuaciones descontroladas del neoliberalismo empresarial y pol\u00edtico en todo el mundo. Los desahucios, la pobreza infantil y la falta de acceso a los suministros b\u00e1sicos son algunos de los grandes dramas de nuestra sociedad y que es preciso solucionar para hacerla m\u00e1s justa. CEO en www.aquimicasa.net\",\"sameAs\":[\"https:\\\/\\\/www.aquimicasa.net\\\/\"],\"url\":\"https:\\\/\\\/www.aquimicasa.net\\\/blog\\\/author\\\/eduardo\\\/\"}]}<\/script>\n<!-- \/ Yoast SEO plugin. -->","yoast_head_json":{"title":"Los partidos pol\u00edticos ante la PAH y el derecho a la vivienda","description":"En dos semanas hay elecciones generales y todos los partidos defiende su opci\u00f3n como la mejor para la ciudadan\u00eda","robots":{"index":"index","follow":"follow","max-snippet":"max-snippet:-1","max-image-preview":"max-image-preview:large","max-video-preview":"max-video-preview:-1"},"canonical":"https:\/\/www.aquimicasa.net\/blog\/vivienda\/noticias-mercado-inmobiliario\/la-pah-sale-la-calle\/","og_locale":"es_ES","og_type":"article","og_title":"Los partidos pol\u00edticos ante la PAH y el derecho a la vivienda","og_description":"En dos semanas hay elecciones generales y todos los partidos defiende su opci\u00f3n como la mejor para la ciudadan\u00eda","og_url":"https:\/\/www.aquimicasa.net\/blog\/vivienda\/noticias-mercado-inmobiliario\/la-pah-sale-la-calle\/","og_site_name":"Blog de aquimicasa.net","article_publisher":"https:\/\/www.facebook.com\/aquimicasa.net","article_published_time":"2015-12-09T22:14:12+00:00","article_modified_time":"2020-04-02T16:30:54+00:00","author":"Eduardo Lizarraga","twitter_misc":{"Escrito por":"Eduardo Lizarraga","Tiempo de lectura":"3 minutos"},"schema":{"@context":"https:\/\/schema.org","@graph":[{"@type":"Article","@id":"https:\/\/www.aquimicasa.net\/blog\/vivienda\/noticias-mercado-inmobiliario\/la-pah-sale-la-calle\/#article","isPartOf":{"@id":"https:\/\/www.aquimicasa.net\/blog\/vivienda\/noticias-mercado-inmobiliario\/la-pah-sale-la-calle\/"},"author":{"name":"Eduardo Lizarraga","@id":"https:\/\/www.aquimicasa.net\/blog\/#\/schema\/person\/2cdfa2605534583395c8d7ce1d6cac14"},"headline":"Los partidos pol\u00edticos ante la PAH y el derecho a la vivienda","datePublished":"2015-12-09T22:14:12+00:00","dateModified":"2020-04-02T16:30:54+00:00","mainEntityOfPage":{"@id":"https:\/\/www.aquimicasa.net\/blog\/vivienda\/noticias-mercado-inmobiliario\/la-pah-sale-la-calle\/"},"wordCount":662,"commentCount":0,"publisher":{"@id":"https:\/\/www.aquimicasa.net\/blog\/#organization"},"keywords":["daci\u00f3n en pago","elecciones generales","las cinco","partidos pol\u00edticos","retroactividad"],"articleSection":["Noticias Mercado Inmobiliario"],"inLanguage":"es","potentialAction":[{"@type":"CommentAction","name":"Comment","target":["https:\/\/www.aquimicasa.net\/blog\/vivienda\/noticias-mercado-inmobiliario\/la-pah-sale-la-calle\/#respond"]}]},{"@type":"WebPage","@id":"https:\/\/www.aquimicasa.net\/blog\/vivienda\/noticias-mercado-inmobiliario\/la-pah-sale-la-calle\/","url":"https:\/\/www.aquimicasa.net\/blog\/vivienda\/noticias-mercado-inmobiliario\/la-pah-sale-la-calle\/","name":"Los partidos pol\u00edticos ante la PAH y el derecho a la vivienda","isPartOf":{"@id":"https:\/\/www.aquimicasa.net\/blog\/#website"},"datePublished":"2015-12-09T22:14:12+00:00","dateModified":"2020-04-02T16:30:54+00:00","description":"En dos semanas hay elecciones generales y todos los partidos defiende su opci\u00f3n como la mejor para la ciudadan\u00eda","breadcrumb":{"@id":"https:\/\/www.aquimicasa.net\/blog\/vivienda\/noticias-mercado-inmobiliario\/la-pah-sale-la-calle\/#breadcrumb"},"inLanguage":"es","potentialAction":[{"@type":"ReadAction","target":["https:\/\/www.aquimicasa.net\/blog\/vivienda\/noticias-mercado-inmobiliario\/la-pah-sale-la-calle\/"]}]},{"@type":"BreadcrumbList","@id":"https:\/\/www.aquimicasa.net\/blog\/vivienda\/noticias-mercado-inmobiliario\/la-pah-sale-la-calle\/#breadcrumb","itemListElement":[{"@type":"ListItem","position":1,"name":"Portada","item":"https:\/\/www.aquimicasa.net\/blog\/"},{"@type":"ListItem","position":2,"name":"Los partidos pol\u00edticos ante la PAH y el derecho a la vivienda"}]},{"@type":"WebSite","@id":"https:\/\/www.aquimicasa.net\/blog\/#website","url":"https:\/\/www.aquimicasa.net\/blog\/","name":"Blog de aquimicasa.net","description":"Noticias del Mundo Inmobiliario","publisher":{"@id":"https:\/\/www.aquimicasa.net\/blog\/#organization"},"potentialAction":[{"@type":"SearchAction","target":{"@type":"EntryPoint","urlTemplate":"https:\/\/www.aquimicasa.net\/blog\/?s={search_term_string}"},"query-input":{"@type":"PropertyValueSpecification","valueRequired":true,"valueName":"search_term_string"}}],"inLanguage":"es"},{"@type":"Organization","@id":"https:\/\/www.aquimicasa.net\/blog\/#organization","name":"Blog de aquimicasa.net","url":"https:\/\/www.aquimicasa.net\/blog\/","logo":{"@type":"ImageObject","inLanguage":"es","@id":"https:\/\/www.aquimicasa.net\/blog\/#\/schema\/logo\/image\/","url":"https:\/\/www.aquimicasa.net\/blog\/wp-content\/uploads\/Logo-aquimicasa-1-e1528048213782.png","contentUrl":"https:\/\/www.aquimicasa.net\/blog\/wp-content\/uploads\/Logo-aquimicasa-1-e1528048213782.png","width":225,"height":225,"caption":"Blog de aquimicasa.net"},"image":{"@id":"https:\/\/www.aquimicasa.net\/blog\/#\/schema\/logo\/image\/"},"sameAs":["https:\/\/www.facebook.com\/aquimicasa.net","https:\/\/www.instagram.com\/","https:\/\/x.com\/EduLizarragaD","https:\/\/www.linkedin.com\/feed\/"]},{"@type":"Person","@id":"https:\/\/www.aquimicasa.net\/blog\/#\/schema\/person\/2cdfa2605534583395c8d7ce1d6cac14","name":"Eduardo Lizarraga","image":{"@type":"ImageObject","inLanguage":"es","@id":"https:\/\/secure.gravatar.com\/avatar\/bdabe1eeeed97b65a9cb7de2edd624b07995f7e13abc5fead15961f745f908cc?s=96&d=mm&r=g","url":"https:\/\/secure.gravatar.com\/avatar\/bdabe1eeeed97b65a9cb7de2edd624b07995f7e13abc5fead15961f745f908cc?s=96&d=mm&r=g","contentUrl":"https:\/\/secure.gravatar.com\/avatar\/bdabe1eeeed97b65a9cb7de2edd624b07995f7e13abc5fead15961f745f908cc?s=96&d=mm&r=g","caption":"Eduardo Lizarraga"},"description":"Periodista Econ\u00f3mico. Ha trabajado en diversos campos de la informaci\u00f3n. Corresponsal en conflictos, analista pol\u00edtico en Congreso y Senado, periodista del medio ambiente, editor, director editorial, director de comunicaci\u00f3n.... En estos momentos se ha especializado en el sector inmobiliario. Pero tambi\u00e9n es navegante y viajero, preocupado por la pobreza, el medio ambiente y por las actuaciones descontroladas del neoliberalismo empresarial y pol\u00edtico en todo el mundo. Los desahucios, la pobreza infantil y la falta de acceso a los suministros b\u00e1sicos son algunos de los grandes dramas de nuestra sociedad y que es preciso solucionar para hacerla m\u00e1s justa. CEO en www.aquimicasa.net","sameAs":["https:\/\/www.aquimicasa.net\/"],"url":"https:\/\/www.aquimicasa.net\/blog\/author\/eduardo\/"}]}},"jetpack_publicize_connections":[],"jetpack_featured_media_url":"","jetpack_sharing_enabled":true,"jetpack_likes_enabled":true,"_links":{"self":[{"href":"https:\/\/www.aquimicasa.net\/blog\/wp-json\/wp\/v2\/posts\/9847","targetHints":{"allow":["GET"]}}],"collection":[{"href":"https:\/\/www.aquimicasa.net\/blog\/wp-json\/wp\/v2\/posts"}],"about":[{"href":"https:\/\/www.aquimicasa.net\/blog\/wp-json\/wp\/v2\/types\/post"}],"author":[{"embeddable":true,"href":"https:\/\/www.aquimicasa.net\/blog\/wp-json\/wp\/v2\/users\/3"}],"replies":[{"embeddable":true,"href":"https:\/\/www.aquimicasa.net\/blog\/wp-json\/wp\/v2\/comments?post=9847"}],"version-history":[{"count":2,"href":"https:\/\/www.aquimicasa.net\/blog\/wp-json\/wp\/v2\/posts\/9847\/revisions"}],"predecessor-version":[{"id":29674,"href":"https:\/\/www.aquimicasa.net\/blog\/wp-json\/wp\/v2\/posts\/9847\/revisions\/29674"}],"wp:attachment":[{"href":"https:\/\/www.aquimicasa.net\/blog\/wp-json\/wp\/v2\/media?parent=9847"}],"wp:term":[{"taxonomy":"category","embeddable":true,"href":"https:\/\/www.aquimicasa.net\/blog\/wp-json\/wp\/v2\/categories?post=9847"},{"taxonomy":"post_tag","embeddable":true,"href":"https:\/\/www.aquimicasa.net\/blog\/wp-json\/wp\/v2\/tags?post=9847"}],"curies":[{"name":"wp","href":"https:\/\/api.w.org\/{rel}","templated":true}]}}